{"id":170479,"date":"2026-05-26T12:36:05","date_gmt":"2026-05-26T10:36:05","guid":{"rendered":"https:\/\/www.bellunopress.it\/?p=170479"},"modified":"2026-05-26T14:40:39","modified_gmt":"2026-05-26T12:40:39","slug":"levoluzione-delle-residenze-assistite-dal-concetto-di-degenza-a-quello-di-dimora","status":"publish","type":"post","link":"https:\/\/www.bellunopress.it\/fr\/2026\/05\/26\/levoluzione-delle-residenze-assistite-dal-concetto-di-degenza-a-quello-di-dimora\/","title":{"rendered":"L\u2019evoluzione delle residenze assistite: dal concetto di degenza a quello di dimora"},"content":{"rendered":"<p>Negli ultimi decenni, il modo di intendere le <strong>strutture per anziani<\/strong> \u00e8 cambiato profondamente, allontanandosi finalmente da quell\u2019immagine di luoghi freddi e puramente ospedalieri che li caratterizzava in passato. Se un tempo la priorit\u00e0 era quasi solo la sicurezza medica, oggi l\u2019<strong>attenzione si \u00e8 spostata sulla persona<\/strong>, sul suo <strong>comfort<\/strong> e sulla <strong>possibilit\u00e0<\/strong> di sentirsi davvero a casa anche in una nuova realt\u00e0.<\/p>\n<p>Si \u00e8 capito che invecchiare bene non significa solo curare le patologie, ma nutrire il <strong>benessere mentale<\/strong> e lo <strong>spirito in un ambiente accogliente<\/strong>. In questo panorama cos\u00ec attento ai bisogni individuali, tra le migliori RSA spicca <a href=\"https:\/\/anniazzurri.it\/\"><strong>Anni Azzurri<\/strong><\/a> con molte sedi in tutta Italia, una realt\u00e0 che ha saputo trasformare l&#8217;assistenza in un&#8217;esperienza di vita quotidiana serena, dove la qualit\u00e0 del tempo trascorso \u00e8 importante quanto la terapia medica.<\/p>\n<h2>Il nuovo volto dell\u2019accoglienza: socialit\u00e0 e ambienti su misura<\/h2>\n<p>Il benessere di un ospite passa attraverso la <strong>qualit\u00e0 degli ambienti<\/strong> e la <strong>ricchezza degli stimoli<\/strong> <strong>sociali<\/strong>. Le strutture attuali non forniscono solo una camera, ma progettano spazi comuni che favoriscano l&#8217;incontro, cercando di riprodurre il calore di una casa privata.<\/p>\n<p>Gli arredi, l&#8217;illuminazione e l&#8217;organizzazione dei tempi sono studiati per <strong>stimolare l&#8217;autonomia<\/strong> e il <strong>senso di appartenenza<\/strong> dell&#8217;anziano. Accanto alla cura estetica, il supporto psicologico e le attivit\u00e0 ricreative hanno assunto un ruolo centrale: non sono semplici passatempi, ma percorsi terapeutici volti a <strong>contrastare l&#8217;isolamento<\/strong> e a mantenere <strong>attive le funzioni cognitive<\/strong>.<\/p>\n<p>La socialit\u00e0 diventa quindi lo strumento principale per restituire all&#8217;anziano un ruolo attivo, permettendogli di tessere relazioni e sentirsi parte di una comunit\u00e0 viva.<\/p>\n<h2>L\u2019assistenza multidisciplinare come chiave della qualit\u00e0<\/h2>\n<p>Il vero salto di qualit\u00e0 nell&#8217;assistenza moderna si vede quando <strong>diverse figure professionali<\/strong> smettono di lavorare per compartimenti stagni e iniziano a <strong>collaborare<\/strong> davvero. Nelle strutture pi\u00f9 all\u2019avanguardia, medici, infermieri, fisioterapisti ed educatori non si limitano a svolgere il proprio compito tecnico, ma si consultano per <strong>costruire un progetto<\/strong> che rispetti la storia e le abitudini di ogni ospite.<\/p>\n<p>Non si guarda pi\u00f9 solo alla cartella clinica, ma si cerca di capire cosa renda serena la giornata di quella specifica persona, dai suoi desideri alle sue piccole routine. \u00c8 proprio questa attenzione al dettaglio relazionale e alla flessibilit\u00e0 che fa la differenza: la <strong>terapia medica<\/strong> rimane fondamentale, ma \u00e8 la <strong>capacit\u00e0 di ascolto<\/strong> e la <strong>cura del rapporto umano<\/strong> a trasformare un servizio standardizzato in un supporto che protegge davvero la dignit\u00e0 dell&#8217;anziano.<\/p>\n<h2>Le RSA come luoghi di vita e di progetto<\/h2>\n<p>Considerare oggi una residenza sanitaria assistenziale solo come un luogo di cura sarebbe riduttivo. Queste strutture si sono trasformate in <strong>spazi orientati alla qualit\u00e0 della vita<\/strong>, dove ogni ospite \u00e8 incoraggiato a perseguire un proprio progetto di esistenza.<\/p>\n<p>L&#8217;<strong>integrazione con il territorio <\/strong>e la promozione di <strong>eventi culturali<\/strong> dimostrano come la terza et\u00e0 possa essere ancora ricca di significato. Quando una struttura coniuga l&#8217;eccellenza medica con un&#8217;attenzione familiare, il passaggio dalla propria abitazione alla residenza non \u00e8 vissuto come una perdita, ma come l&#8217;ingresso in una <strong>nuova fase protetta<\/strong>.<\/p>\n<p>Il futuro delle RSA risiede nella capacit\u00e0 di bilanciare la sicurezza clinica con il calore umano, garantendo a ogni individuo il diritto di vivere con pienezza e rispetto.<\/p>","protected":false},"excerpt":{"rendered":"<p>Negli ultimi decenni, il modo di intendere le strutture per anziani \u00e8 cambiato profondamente, allontanandosi finalmente da quell\u2019immagine di luoghi freddi e puramente ospedalieri che li caratterizzava in passato. Se un tempo la priorit\u00e0 era quasi solo la sicurezza medica, oggi l\u2019attenzione si \u00e8 spostata sulla persona, sul suo comfort e sulla possibilit\u00e0 di sentirsi [&hellip;]<\/p>\n","protected":false},"author":2,"featured_media":170480,"comment_status":"closed","ping_status":"open","sticky":false,"template":"","format":"standard","meta":{"footnotes":""},"categories":[17],"tags":[],"class_list":["post-170479","post","type-post","status-publish","format-standard","has-post-thumbnail","category-sanita"],"yoast_head":"<!-- This site is optimized with the Yoast SEO plugin v28.4 - https:\/\/yoast.com\/product\/yoast-seo-wordpress\/ -->\n<title>L\u2019evoluzione delle residenze assistite: dal concetto di degenza a quello di dimora - Bellunopress - Dolomiti<\/title>\n<meta name=\"robots\" content=\"index, follow, max-snippet:-1, max-image-preview:large, max-video-preview:-1\" \/>\n<link rel=\"canonical\" href=\"https:\/\/www.bellunopress.it\/fr\/2026\/05\/26\/levoluzione-delle-residenze-assistite-dal-concetto-di-degenza-a-quello-di-dimora\/\" \/>\n<meta property=\"og:locale\" content=\"fr_FR\" \/>\n<meta property=\"og:type\" content=\"article\" \/>\n<meta property=\"og:title\" content=\"L\u2019evoluzione delle residenze assistite: dal concetto di degenza a quello di dimora - Bellunopress - Dolomiti\" \/>\n<meta property=\"og:description\" content=\"Negli ultimi decenni, il modo di intendere le strutture per anziani \u00e8 cambiato profondamente, allontanandosi finalmente da quell\u2019immagine di luoghi freddi e puramente ospedalieri che li caratterizzava in passato. Se un tempo la priorit\u00e0 era quasi solo la sicurezza medica, oggi l\u2019attenzione si \u00e8 spostata sulla persona, sul suo comfort e sulla possibilit\u00e0 di sentirsi [&hellip;]\" \/>\n<meta property=\"og:url\" content=\"https:\/\/www.bellunopress.it\/fr\/2026\/05\/26\/levoluzione-delle-residenze-assistite-dal-concetto-di-degenza-a-quello-di-dimora\/\" \/>\n<meta property=\"og:site_name\" content=\"Bellunopress - Dolomiti\" \/>\n<meta property=\"article:publisher\" content=\"https:\/\/www.facebook.com\/profile.php?id=100008943462799\" \/>\n<meta property=\"article:published_time\" content=\"2026-05-26T10:36:05+00:00\" \/>\n<meta property=\"article:modified_time\" content=\"2026-05-26T12:40:39+00:00\" \/>\n<meta property=\"og:image\" content=\"https:\/\/www.bellunopress.it\/wp-content\/uploads\/2026\/05\/residenze-assistite-rsa.jpg\" \/>\n\t<meta property=\"og:image:width\" content=\"420\" \/>\n\t<meta property=\"og:image:height\" content=\"288\" \/>\n\t<meta property=\"og:image:type\" content=\"image\/jpeg\" \/>\n<meta name=\"author\" content=\"redazione\" \/>\n<meta name=\"twitter:card\" content=\"summary_large_image\" \/>\n<meta name=\"twitter:creator\" content=\"@bellunopress\" \/>\n<meta name=\"twitter:site\" content=\"@bellunopress\" \/>\n<meta name=\"twitter:label1\" content=\"Written by\" \/>\n\t<meta name=\"twitter:data1\" content=\"redazione\" \/>\n\t<meta name=\"twitter:label2\" content=\"Est. reading time\" \/>\n\t<meta name=\"twitter:data2\" content=\"3 minutes\" \/>\n<script type=\"application\/ld+json\" class=\"yoast-schema-graph\">{\"@context\":\"https:\\\/\\\/schema.org\",\"@graph\":[{\"@type\":\"Article\",\"@id\":\"https:\\\/\\\/www.bellunopress.it\\\/2026\\\/05\\\/26\\\/levoluzione-delle-residenze-assistite-dal-concetto-di-degenza-a-quello-di-dimora\\\/#article\",\"isPartOf\":{\"@id\":\"https:\\\/\\\/www.bellunopress.it\\\/2026\\\/05\\\/26\\\/levoluzione-delle-residenze-assistite-dal-concetto-di-degenza-a-quello-di-dimora\\\/\"},\"author\":{\"name\":\"redazione\",\"@id\":\"https:\\\/\\\/www.bellunopress.it\\\/#\\\/schema\\\/person\\\/79bb06722b37ece1c03d3e94beb30d73\"},\"headline\":\"L\u2019evoluzione delle residenze assistite: dal concetto di degenza a quello di dimora\",\"datePublished\":\"2026-05-26T10:36:05+00:00\",\"dateModified\":\"2026-05-26T12:40:39+00:00\",\"mainEntityOfPage\":{\"@id\":\"https:\\\/\\\/www.bellunopress.it\\\/2026\\\/05\\\/26\\\/levoluzione-delle-residenze-assistite-dal-concetto-di-degenza-a-quello-di-dimora\\\/\"},\"wordCount\":549,\"publisher\":{\"@id\":\"https:\\\/\\\/www.bellunopress.it\\\/#organization\"},\"image\":{\"@id\":\"https:\\\/\\\/www.bellunopress.it\\\/2026\\\/05\\\/26\\\/levoluzione-delle-residenze-assistite-dal-concetto-di-degenza-a-quello-di-dimora\\\/#primaryimage\"},\"thumbnailUrl\":\"https:\\\/\\\/www.bellunopress.it\\\/wp-content\\\/uploads\\\/2026\\\/05\\\/residenze-assistite-rsa.jpg\",\"articleSection\":[\"Sanit\u00e0 Medicina\"],\"inLanguage\":\"fr-FR\"},{\"@type\":\"WebPage\",\"@id\":\"https:\\\/\\\/www.bellunopress.it\\\/2026\\\/05\\\/26\\\/levoluzione-delle-residenze-assistite-dal-concetto-di-degenza-a-quello-di-dimora\\\/\",\"url\":\"https:\\\/\\\/www.bellunopress.it\\\/2026\\\/05\\\/26\\\/levoluzione-delle-residenze-assistite-dal-concetto-di-degenza-a-quello-di-dimora\\\/\",\"name\":\"L\u2019evoluzione delle residenze assistite: dal concetto di degenza a quello di dimora - Bellunopress - Dolomiti\",\"isPartOf\":{\"@id\":\"https:\\\/\\\/www.bellunopress.it\\\/#website\"},\"primaryImageOfPage\":{\"@id\":\"https:\\\/\\\/www.bellunopress.it\\\/2026\\\/05\\\/26\\\/levoluzione-delle-residenze-assistite-dal-concetto-di-degenza-a-quello-di-dimora\\\/#primaryimage\"},\"image\":{\"@id\":\"https:\\\/\\\/www.bellunopress.it\\\/2026\\\/05\\\/26\\\/levoluzione-delle-residenze-assistite-dal-concetto-di-degenza-a-quello-di-dimora\\\/#primaryimage\"},\"thumbnailUrl\":\"https:\\\/\\\/www.bellunopress.it\\\/wp-content\\\/uploads\\\/2026\\\/05\\\/residenze-assistite-rsa.jpg\",\"datePublished\":\"2026-05-26T10:36:05+00:00\",\"dateModified\":\"2026-05-26T12:40:39+00:00\",\"breadcrumb\":{\"@id\":\"https:\\\/\\\/www.bellunopress.it\\\/2026\\\/05\\\/26\\\/levoluzione-delle-residenze-assistite-dal-concetto-di-degenza-a-quello-di-dimora\\\/#breadcrumb\"},\"inLanguage\":\"fr-FR\",\"potentialAction\":[{\"@type\":\"ReadAction\",\"target\":[\"https:\\\/\\\/www.bellunopress.it\\\/2026\\\/05\\\/26\\\/levoluzione-delle-residenze-assistite-dal-concetto-di-degenza-a-quello-di-dimora\\\/\"]}]},{\"@type\":\"ImageObject\",\"inLanguage\":\"fr-FR\",\"@id\":\"https:\\\/\\\/www.bellunopress.it\\\/2026\\\/05\\\/26\\\/levoluzione-delle-residenze-assistite-dal-concetto-di-degenza-a-quello-di-dimora\\\/#primaryimage\",\"url\":\"https:\\\/\\\/www.bellunopress.it\\\/wp-content\\\/uploads\\\/2026\\\/05\\\/residenze-assistite-rsa.jpg\",\"contentUrl\":\"https:\\\/\\\/www.bellunopress.it\\\/wp-content\\\/uploads\\\/2026\\\/05\\\/residenze-assistite-rsa.jpg\",\"width\":420,\"height\":288},{\"@type\":\"BreadcrumbList\",\"@id\":\"https:\\\/\\\/www.bellunopress.it\\\/2026\\\/05\\\/26\\\/levoluzione-delle-residenze-assistite-dal-concetto-di-degenza-a-quello-di-dimora\\\/#breadcrumb\",\"itemListElement\":[{\"@type\":\"ListItem\",\"position\":1,\"name\":\"Home\",\"item\":\"https:\\\/\\\/www.bellunopress.it\\\/\"},{\"@type\":\"ListItem\",\"position\":2,\"name\":\"L\u2019evoluzione delle residenze assistite: dal concetto di degenza a quello di dimora\"}]},{\"@type\":\"WebSite\",\"@id\":\"https:\\\/\\\/www.bellunopress.it\\\/#website\",\"url\":\"https:\\\/\\\/www.bellunopress.it\\\/\",\"name\":\"Bellunopress - Dolomiti\",\"description\":\"e-mail: redazione@bellunopress.it\",\"publisher\":{\"@id\":\"https:\\\/\\\/www.bellunopress.it\\\/#organization\"},\"potentialAction\":[{\"@type\":\"SearchAction\",\"target\":{\"@type\":\"EntryPoint\",\"urlTemplate\":\"https:\\\/\\\/www.bellunopress.it\\\/?s={search_term_string}\"},\"query-input\":{\"@type\":\"PropertyValueSpecification\",\"valueRequired\":true,\"valueName\":\"search_term_string\"}}],\"inLanguage\":\"fr-FR\"},{\"@type\":\"Organization\",\"@id\":\"https:\\\/\\\/www.bellunopress.it\\\/#organization\",\"name\":\"Bellunopress\",\"url\":\"https:\\\/\\\/www.bellunopress.it\\\/\",\"logo\":{\"@type\":\"ImageObject\",\"inLanguage\":\"fr-FR\",\"@id\":\"https:\\\/\\\/www.bellunopress.it\\\/#\\\/schema\\\/logo\\\/image\\\/\",\"url\":\"https:\\\/\\\/www.bellunopress.it\\\/wp-content\\\/uploads\\\/2011\\\/05\\\/cropped-logo-bellunopress-.jpg\",\"contentUrl\":\"https:\\\/\\\/www.bellunopress.it\\\/wp-content\\\/uploads\\\/2011\\\/05\\\/cropped-logo-bellunopress-.jpg\",\"width\":512,\"height\":512,\"caption\":\"Bellunopress\"},\"image\":{\"@id\":\"https:\\\/\\\/www.bellunopress.it\\\/#\\\/schema\\\/logo\\\/image\\\/\"},\"sameAs\":[\"https:\\\/\\\/www.facebook.com\\\/profile.php?id=100008943462799\",\"https:\\\/\\\/x.com\\\/bellunopress\",\"https:\\\/\\\/www.linkedin.com\\\/hp\\\/?dnr=JBzUWaJfMUw8vbXJJ2tVW5-I3jZKvC4wsoxE&amp;amp;amp;amp;amp;amp;trk=nav_responsive_tab_home\",\"https:\\\/\\\/www.youtube.com\\\/channel\\\/UCxL0wu1uN0_3_7hGG0306cw\"]},{\"@type\":\"Person\",\"@id\":\"https:\\\/\\\/www.bellunopress.it\\\/#\\\/schema\\\/person\\\/79bb06722b37ece1c03d3e94beb30d73\",\"name\":\"redazione\",\"image\":{\"@type\":\"ImageObject\",\"inLanguage\":\"fr-FR\",\"@id\":\"https:\\\/\\\/secure.gravatar.com\\\/avatar\\\/37d968a2e67a6fd04c169c4bdef102d0bc5d31b2546345219e348575eb80e9a0?s=96&d=mm&r=g\",\"url\":\"https:\\\/\\\/secure.gravatar.com\\\/avatar\\\/37d968a2e67a6fd04c169c4bdef102d0bc5d31b2546345219e348575eb80e9a0?s=96&d=mm&r=g\",\"contentUrl\":\"https:\\\/\\\/secure.gravatar.com\\\/avatar\\\/37d968a2e67a6fd04c169c4bdef102d0bc5d31b2546345219e348575eb80e9a0?s=96&d=mm&r=g\",\"caption\":\"redazione\"},\"sameAs\":[\"http:\\\/\\\/www.bellunopress.it\",\"https:\\\/\\\/x.com\\\/bellunopress\"],\"url\":\"https:\\\/\\\/www.bellunopress.it\\\/fr\\\/author\\\/redazione\\\/\"}]}<\/script>\n<!-- \/ Yoast SEO plugin. -->","yoast_head_json":{"title":"L\u2019evoluzione delle residenze assistite: dal concetto di degenza a quello di dimora - Bellunopress - Dolomiti","robots":{"index":"index","follow":"follow","max-snippet":"max-snippet:-1","max-image-preview":"max-image-preview:large","max-video-preview":"max-video-preview:-1"},"canonical":"https:\/\/www.bellunopress.it\/fr\/2026\/05\/26\/levoluzione-delle-residenze-assistite-dal-concetto-di-degenza-a-quello-di-dimora\/","og_locale":"fr_FR","og_type":"article","og_title":"L\u2019evoluzione delle residenze assistite: dal concetto di degenza a quello di dimora - Bellunopress - Dolomiti","og_description":"Negli ultimi decenni, il modo di intendere le strutture per anziani \u00e8 cambiato profondamente, allontanandosi finalmente da quell\u2019immagine di luoghi freddi e puramente ospedalieri che li caratterizzava in passato. Se un tempo la priorit\u00e0 era quasi solo la sicurezza medica, oggi l\u2019attenzione si \u00e8 spostata sulla persona, sul suo comfort e sulla possibilit\u00e0 di sentirsi [&hellip;]","og_url":"https:\/\/www.bellunopress.it\/fr\/2026\/05\/26\/levoluzione-delle-residenze-assistite-dal-concetto-di-degenza-a-quello-di-dimora\/","og_site_name":"Bellunopress - Dolomiti","article_publisher":"https:\/\/www.facebook.com\/profile.php?id=100008943462799","article_published_time":"2026-05-26T10:36:05+00:00","article_modified_time":"2026-05-26T12:40:39+00:00","og_image":[{"width":420,"height":288,"url":"https:\/\/www.bellunopress.it\/wp-content\/uploads\/2026\/05\/residenze-assistite-rsa.jpg","type":"image\/jpeg"}],"author":"redazione","twitter_card":"summary_large_image","twitter_creator":"@bellunopress","twitter_site":"@bellunopress","twitter_misc":{"Written by":"redazione","Est. reading time":"3 minutes"},"schema":{"@context":"https:\/\/schema.org","@graph":[{"@type":"Article","@id":"https:\/\/www.bellunopress.it\/2026\/05\/26\/levoluzione-delle-residenze-assistite-dal-concetto-di-degenza-a-quello-di-dimora\/#article","isPartOf":{"@id":"https:\/\/www.bellunopress.it\/2026\/05\/26\/levoluzione-delle-residenze-assistite-dal-concetto-di-degenza-a-quello-di-dimora\/"},"author":{"name":"redazione","@id":"https:\/\/www.bellunopress.it\/#\/schema\/person\/79bb06722b37ece1c03d3e94beb30d73"},"headline":"L\u2019evoluzione delle residenze assistite: dal concetto di degenza a quello di dimora","datePublished":"2026-05-26T10:36:05+00:00","dateModified":"2026-05-26T12:40:39+00:00","mainEntityOfPage":{"@id":"https:\/\/www.bellunopress.it\/2026\/05\/26\/levoluzione-delle-residenze-assistite-dal-concetto-di-degenza-a-quello-di-dimora\/"},"wordCount":549,"publisher":{"@id":"https:\/\/www.bellunopress.it\/#organization"},"image":{"@id":"https:\/\/www.bellunopress.it\/2026\/05\/26\/levoluzione-delle-residenze-assistite-dal-concetto-di-degenza-a-quello-di-dimora\/#primaryimage"},"thumbnailUrl":"https:\/\/www.bellunopress.it\/wp-content\/uploads\/2026\/05\/residenze-assistite-rsa.jpg","articleSection":["Sanit\u00e0 Medicina"],"inLanguage":"fr-FR"},{"@type":"WebPage","@id":"https:\/\/www.bellunopress.it\/2026\/05\/26\/levoluzione-delle-residenze-assistite-dal-concetto-di-degenza-a-quello-di-dimora\/","url":"https:\/\/www.bellunopress.it\/2026\/05\/26\/levoluzione-delle-residenze-assistite-dal-concetto-di-degenza-a-quello-di-dimora\/","name":"L\u2019evoluzione delle residenze assistite: dal concetto di degenza a quello di dimora - Bellunopress - Dolomiti","isPartOf":{"@id":"https:\/\/www.bellunopress.it\/#website"},"primaryImageOfPage":{"@id":"https:\/\/www.bellunopress.it\/2026\/05\/26\/levoluzione-delle-residenze-assistite-dal-concetto-di-degenza-a-quello-di-dimora\/#primaryimage"},"image":{"@id":"https:\/\/www.bellunopress.it\/2026\/05\/26\/levoluzione-delle-residenze-assistite-dal-concetto-di-degenza-a-quello-di-dimora\/#primaryimage"},"thumbnailUrl":"https:\/\/www.bellunopress.it\/wp-content\/uploads\/2026\/05\/residenze-assistite-rsa.jpg","datePublished":"2026-05-26T10:36:05+00:00","dateModified":"2026-05-26T12:40:39+00:00","breadcrumb":{"@id":"https:\/\/www.bellunopress.it\/2026\/05\/26\/levoluzione-delle-residenze-assistite-dal-concetto-di-degenza-a-quello-di-dimora\/#breadcrumb"},"inLanguage":"fr-FR","potentialAction":[{"@type":"ReadAction","target":["https:\/\/www.bellunopress.it\/2026\/05\/26\/levoluzione-delle-residenze-assistite-dal-concetto-di-degenza-a-quello-di-dimora\/"]}]},{"@type":"ImageObject","inLanguage":"fr-FR","@id":"https:\/\/www.bellunopress.it\/2026\/05\/26\/levoluzione-delle-residenze-assistite-dal-concetto-di-degenza-a-quello-di-dimora\/#primaryimage","url":"https:\/\/www.bellunopress.it\/wp-content\/uploads\/2026\/05\/residenze-assistite-rsa.jpg","contentUrl":"https:\/\/www.bellunopress.it\/wp-content\/uploads\/2026\/05\/residenze-assistite-rsa.jpg","width":420,"height":288},{"@type":"BreadcrumbList","@id":"https:\/\/www.bellunopress.it\/2026\/05\/26\/levoluzione-delle-residenze-assistite-dal-concetto-di-degenza-a-quello-di-dimora\/#breadcrumb","itemListElement":[{"@type":"ListItem","position":1,"name":"Home","item":"https:\/\/www.bellunopress.it\/"},{"@type":"ListItem","position":2,"name":"L\u2019evoluzione delle residenze assistite: dal concetto di degenza a quello di dimora"}]},{"@type":"WebSite","@id":"https:\/\/www.bellunopress.it\/#website","url":"https:\/\/www.bellunopress.it\/","name":"Bellunopress - Dolomiti","description":"e-mail: redazione@bellunopress.it","publisher":{"@id":"https:\/\/www.bellunopress.it\/#organization"},"potentialAction":[{"@type":"SearchAction","target":{"@type":"EntryPoint","urlTemplate":"https:\/\/www.bellunopress.it\/?s={search_term_string}"},"query-input":{"@type":"PropertyValueSpecification","valueRequired":true,"valueName":"search_term_string"}}],"inLanguage":"fr-FR"},{"@type":"Organization","@id":"https:\/\/www.bellunopress.it\/#organization","name":"Bellunopress","url":"https:\/\/www.bellunopress.it\/","logo":{"@type":"ImageObject","inLanguage":"fr-FR","@id":"https:\/\/www.bellunopress.it\/#\/schema\/logo\/image\/","url":"https:\/\/www.bellunopress.it\/wp-content\/uploads\/2011\/05\/cropped-logo-bellunopress-.jpg","contentUrl":"https:\/\/www.bellunopress.it\/wp-content\/uploads\/2011\/05\/cropped-logo-bellunopress-.jpg","width":512,"height":512,"caption":"Bellunopress"},"image":{"@id":"https:\/\/www.bellunopress.it\/#\/schema\/logo\/image\/"},"sameAs":["https:\/\/www.facebook.com\/profile.php?id=100008943462799","https:\/\/x.com\/bellunopress","https:\/\/www.linkedin.com\/hp\/?dnr=JBzUWaJfMUw8vbXJJ2tVW5-I3jZKvC4wsoxE&amp;amp;amp;amp;amp;amp;trk=nav_responsive_tab_home","https:\/\/www.youtube.com\/channel\/UCxL0wu1uN0_3_7hGG0306cw"]},{"@type":"Person","@id":"https:\/\/www.bellunopress.it\/#\/schema\/person\/79bb06722b37ece1c03d3e94beb30d73","name":"r\u00e9daction","image":{"@type":"ImageObject","inLanguage":"fr-FR","@id":"https:\/\/secure.gravatar.com\/avatar\/37d968a2e67a6fd04c169c4bdef102d0bc5d31b2546345219e348575eb80e9a0?s=96&d=mm&r=g","url":"https:\/\/secure.gravatar.com\/avatar\/37d968a2e67a6fd04c169c4bdef102d0bc5d31b2546345219e348575eb80e9a0?s=96&d=mm&r=g","contentUrl":"https:\/\/secure.gravatar.com\/avatar\/37d968a2e67a6fd04c169c4bdef102d0bc5d31b2546345219e348575eb80e9a0?s=96&d=mm&r=g","caption":"redazione"},"sameAs":["http:\/\/www.bellunopress.it","https:\/\/x.com\/bellunopress"],"url":"https:\/\/www.bellunopress.it\/fr\/author\/redazione\/"}]}},"_links":{"self":[{"href":"https:\/\/www.bellunopress.it\/fr\/wp-json\/wp\/v2\/posts\/170479","targetHints":{"allow":["GET"]}}],"collection":[{"href":"https:\/\/www.bellunopress.it\/fr\/wp-json\/wp\/v2\/posts"}],"about":[{"href":"https:\/\/www.bellunopress.it\/fr\/wp-json\/wp\/v2\/types\/post"}],"author":[{"embeddable":true,"href":"https:\/\/www.bellunopress.it\/fr\/wp-json\/wp\/v2\/users\/2"}],"replies":[{"embeddable":true,"href":"https:\/\/www.bellunopress.it\/fr\/wp-json\/wp\/v2\/comments?post=170479"}],"version-history":[{"count":1,"href":"https:\/\/www.bellunopress.it\/fr\/wp-json\/wp\/v2\/posts\/170479\/revisions"}],"predecessor-version":[{"id":170481,"href":"https:\/\/www.bellunopress.it\/fr\/wp-json\/wp\/v2\/posts\/170479\/revisions\/170481"}],"wp:featuredmedia":[{"embeddable":true,"href":"https:\/\/www.bellunopress.it\/fr\/wp-json\/wp\/v2\/media\/170480"}],"wp:attachment":[{"href":"https:\/\/www.bellunopress.it\/fr\/wp-json\/wp\/v2\/media?parent=170479"}],"wp:term":[{"taxonomy":"category","embeddable":true,"href":"https:\/\/www.bellunopress.it\/fr\/wp-json\/wp\/v2\/categories?post=170479"},{"taxonomy":"post_tag","embeddable":true,"href":"https:\/\/www.bellunopress.it\/fr\/wp-json\/wp\/v2\/tags?post=170479"}],"curies":[{"name":"wp","href":"https:\/\/api.w.org\/{rel}","templated":true}]}}