{"id":170477,"date":"2026-05-26T14:29:22","date_gmt":"2026-05-26T12:29:22","guid":{"rendered":"https:\/\/www.bellunopress.it\/?p=170477"},"modified":"2026-05-26T14:29:22","modified_gmt":"2026-05-26T12:29:22","slug":"longarone-il-cordoglio-per-la-morte-di-marcello-mazzucco","status":"publish","type":"post","link":"https:\/\/www.bellunopress.it\/fr\/2026\/05\/26\/longarone-il-cordoglio-per-la-morte-di-marcello-mazzucco\/","title":{"rendered":"Longarone, il cordoglio per la morte di Marcello Mazzucco"},"content":{"rendered":"<p>\u201cLongarone da oggi \u00e8 un po\u2019 pi\u00f9 sola, perch\u00e9 perde uno degli uomini della rinascita, che \u00e8 stato al centro della ricostruzione post Vajont. Una figura che ha dato tanto per la comunit\u00e0 e che si \u00e8 spesa per il paese\u201d.<\/p>\n<p>Cos\u00ec il sindaco Roberto Padrin, in una nota di cordoglio per la scomparsa di Marcello Mazzucco, gi\u00e0 dipendente comunale, candidato sindaco a Castellavazzo e a Erto e Casso, cittadino onorario di Urussanga e anima del gemellaggio con la localit\u00e0 brasiliana, che ha promosso nel 1991.<\/p>\n<p>\u201cMarcello aveva subito come tanti Longaronesi la tragedia del Vajont, ma sapeva trasmettere quel sorriso di chi pur senza dimenticare ha saputo ricostruire la propria vita e collaborare alla ricostituzione dell\u2019esistenza di una comunit\u00e0 uscita distrutta dal 9 ottobre 1963. Era sempre un piacere vederlo girare in centro a Longarone, ultimamente con un deambulatore perch\u00e9 faceva fatica a muoversi: aveva una parola di incoraggiamento per il sindaco, un entusiasmo particolare per le vicende del paese. Perdiamo un uomo buono e appassionato di Longarone, ma ci rester\u00e0 per sempre il suo esempio di resilienza umana e gentile\u201d.<br \/>\nLascia la moglie Giancarla e le figlie Anna, Lisa e Silva.<\/p>","protected":false},"excerpt":{"rendered":"<p>\u201cLongarone da oggi \u00e8 un po\u2019 pi\u00f9 sola, perch\u00e9 perde uno degli uomini della rinascita, che \u00e8 stato al centro della ricostruzione post Vajont. Una figura che ha dato tanto per la comunit\u00e0 e che si \u00e8 spesa per il paese\u201d. Cos\u00ec il sindaco Roberto Padrin, in una nota di cordoglio per la scomparsa di [&hellip;]<\/p>\n","protected":false},"author":2,"featured_media":119261,"comment_status":"closed","ping_status":"open","sticky":false,"template":"","format":"standard","meta":{"footnotes":""},"categories":[5],"tags":[],"class_list":["post-170477","post","type-post","status-publish","format-standard","has-post-thumbnail","category-cronaca"],"yoast_head":"<!-- This site is optimized with the Yoast SEO plugin v28.4 - https:\/\/yoast.com\/product\/yoast-seo-wordpress\/ -->\n<title>Longarone, il cordoglio per la morte di Marcello Mazzucco - Bellunopress - Dolomiti<\/title>\n<meta name=\"robots\" content=\"index, follow, max-snippet:-1, max-image-preview:large, max-video-preview:-1\" \/>\n<link rel=\"canonical\" href=\"https:\/\/www.bellunopress.it\/fr\/2026\/05\/26\/longarone-il-cordoglio-per-la-morte-di-marcello-mazzucco\/\" \/>\n<meta property=\"og:locale\" content=\"fr_FR\" \/>\n<meta property=\"og:type\" content=\"article\" \/>\n<meta property=\"og:title\" content=\"Longarone, il cordoglio per la morte di Marcello Mazzucco - Bellunopress - Dolomiti\" \/>\n<meta property=\"og:description\" content=\"\u201cLongarone da oggi \u00e8 un po\u2019 pi\u00f9 sola, perch\u00e9 perde uno degli uomini della rinascita, che \u00e8 stato al centro della ricostruzione post Vajont. Una figura che ha dato tanto per la comunit\u00e0 e che si \u00e8 spesa per il paese\u201d. Cos\u00ec il sindaco Roberto Padrin, in una nota di cordoglio per la scomparsa di [&hellip;]\" \/>\n<meta property=\"og:url\" content=\"https:\/\/www.bellunopress.it\/fr\/2026\/05\/26\/longarone-il-cordoglio-per-la-morte-di-marcello-mazzucco\/\" \/>\n<meta property=\"og:site_name\" content=\"Bellunopress - Dolomiti\" \/>\n<meta property=\"article:publisher\" content=\"https:\/\/www.facebook.com\/profile.php?id=100008943462799\" \/>\n<meta property=\"article:published_time\" content=\"2026-05-26T12:29:22+00:00\" \/>\n<meta property=\"og:image\" content=\"https:\/\/www.bellunopress.it\/wp-content\/uploads\/2020\/11\/lutto_edited.jpg\" \/>\n\t<meta property=\"og:image:width\" content=\"800\" \/>\n\t<meta property=\"og:image:height\" content=\"445\" \/>\n\t<meta property=\"og:image:type\" content=\"image\/jpeg\" \/>\n<meta name=\"author\" content=\"redazione\" \/>\n<meta name=\"twitter:card\" content=\"summary_large_image\" \/>\n<meta name=\"twitter:creator\" content=\"@bellunopress\" \/>\n<meta name=\"twitter:site\" content=\"@bellunopress\" \/>\n<meta name=\"twitter:label1\" content=\"\u00c9crit par\" \/>\n\t<meta name=\"twitter:data1\" content=\"redazione\" \/>\n\t<meta name=\"twitter:label2\" content=\"Dur\u00e9e de lecture estim\u00e9e\" \/>\n\t<meta name=\"twitter:data2\" content=\"2 minutes\" \/>\n<script type=\"application\/ld+json\" class=\"yoast-schema-graph\">{\"@context\":\"https:\\\/\\\/schema.org\",\"@graph\":[{\"@type\":\"Article\",\"@id\":\"https:\\\/\\\/www.bellunopress.it\\\/2026\\\/05\\\/26\\\/longarone-il-cordoglio-per-la-morte-di-marcello-mazzucco\\\/#article\",\"isPartOf\":{\"@id\":\"https:\\\/\\\/www.bellunopress.it\\\/2026\\\/05\\\/26\\\/longarone-il-cordoglio-per-la-morte-di-marcello-mazzucco\\\/\"},\"author\":{\"name\":\"redazione\",\"@id\":\"https:\\\/\\\/www.bellunopress.it\\\/#\\\/schema\\\/person\\\/79bb06722b37ece1c03d3e94beb30d73\"},\"headline\":\"Longarone, il cordoglio per la morte di Marcello Mazzucco\",\"datePublished\":\"2026-05-26T12:29:22+00:00\",\"mainEntityOfPage\":{\"@id\":\"https:\\\/\\\/www.bellunopress.it\\\/2026\\\/05\\\/26\\\/longarone-il-cordoglio-per-la-morte-di-marcello-mazzucco\\\/\"},\"wordCount\":197,\"publisher\":{\"@id\":\"https:\\\/\\\/www.bellunopress.it\\\/#organization\"},\"image\":{\"@id\":\"https:\\\/\\\/www.bellunopress.it\\\/2026\\\/05\\\/26\\\/longarone-il-cordoglio-per-la-morte-di-marcello-mazzucco\\\/#primaryimage\"},\"thumbnailUrl\":\"https:\\\/\\\/www.bellunopress.it\\\/wp-content\\\/uploads\\\/2020\\\/11\\\/lutto_edited.jpg\",\"articleSection\":[\"Cronaca\\\/Politica\"],\"inLanguage\":\"fr-FR\"},{\"@type\":\"WebPage\",\"@id\":\"https:\\\/\\\/www.bellunopress.it\\\/2026\\\/05\\\/26\\\/longarone-il-cordoglio-per-la-morte-di-marcello-mazzucco\\\/\",\"url\":\"https:\\\/\\\/www.bellunopress.it\\\/2026\\\/05\\\/26\\\/longarone-il-cordoglio-per-la-morte-di-marcello-mazzucco\\\/\",\"name\":\"Longarone, il cordoglio per la morte di Marcello Mazzucco - Bellunopress - Dolomiti\",\"isPartOf\":{\"@id\":\"https:\\\/\\\/www.bellunopress.it\\\/#website\"},\"primaryImageOfPage\":{\"@id\":\"https:\\\/\\\/www.bellunopress.it\\\/2026\\\/05\\\/26\\\/longarone-il-cordoglio-per-la-morte-di-marcello-mazzucco\\\/#primaryimage\"},\"image\":{\"@id\":\"https:\\\/\\\/www.bellunopress.it\\\/2026\\\/05\\\/26\\\/longarone-il-cordoglio-per-la-morte-di-marcello-mazzucco\\\/#primaryimage\"},\"thumbnailUrl\":\"https:\\\/\\\/www.bellunopress.it\\\/wp-content\\\/uploads\\\/2020\\\/11\\\/lutto_edited.jpg\",\"datePublished\":\"2026-05-26T12:29:22+00:00\",\"breadcrumb\":{\"@id\":\"https:\\\/\\\/www.bellunopress.it\\\/2026\\\/05\\\/26\\\/longarone-il-cordoglio-per-la-morte-di-marcello-mazzucco\\\/#breadcrumb\"},\"inLanguage\":\"fr-FR\",\"potentialAction\":[{\"@type\":\"ReadAction\",\"target\":[\"https:\\\/\\\/www.bellunopress.it\\\/2026\\\/05\\\/26\\\/longarone-il-cordoglio-per-la-morte-di-marcello-mazzucco\\\/\"]}]},{\"@type\":\"ImageObject\",\"inLanguage\":\"fr-FR\",\"@id\":\"https:\\\/\\\/www.bellunopress.it\\\/2026\\\/05\\\/26\\\/longarone-il-cordoglio-per-la-morte-di-marcello-mazzucco\\\/#primaryimage\",\"url\":\"https:\\\/\\\/www.bellunopress.it\\\/wp-content\\\/uploads\\\/2020\\\/11\\\/lutto_edited.jpg\",\"contentUrl\":\"https:\\\/\\\/www.bellunopress.it\\\/wp-content\\\/uploads\\\/2020\\\/11\\\/lutto_edited.jpg\",\"width\":800,\"height\":445},{\"@type\":\"BreadcrumbList\",\"@id\":\"https:\\\/\\\/www.bellunopress.it\\\/2026\\\/05\\\/26\\\/longarone-il-cordoglio-per-la-morte-di-marcello-mazzucco\\\/#breadcrumb\",\"itemListElement\":[{\"@type\":\"ListItem\",\"position\":1,\"name\":\"Home\",\"item\":\"https:\\\/\\\/www.bellunopress.it\\\/\"},{\"@type\":\"ListItem\",\"position\":2,\"name\":\"Longarone, il cordoglio per la morte di Marcello Mazzucco\"}]},{\"@type\":\"WebSite\",\"@id\":\"https:\\\/\\\/www.bellunopress.it\\\/#website\",\"url\":\"https:\\\/\\\/www.bellunopress.it\\\/\",\"name\":\"Bellunopress - Dolomiti\",\"description\":\"e-mail: redazione@bellunopress.it\",\"publisher\":{\"@id\":\"https:\\\/\\\/www.bellunopress.it\\\/#organization\"},\"potentialAction\":[{\"@type\":\"SearchAction\",\"target\":{\"@type\":\"EntryPoint\",\"urlTemplate\":\"https:\\\/\\\/www.bellunopress.it\\\/?s={search_term_string}\"},\"query-input\":{\"@type\":\"PropertyValueSpecification\",\"valueRequired\":true,\"valueName\":\"search_term_string\"}}],\"inLanguage\":\"fr-FR\"},{\"@type\":\"Organization\",\"@id\":\"https:\\\/\\\/www.bellunopress.it\\\/#organization\",\"name\":\"Bellunopress\",\"url\":\"https:\\\/\\\/www.bellunopress.it\\\/\",\"logo\":{\"@type\":\"ImageObject\",\"inLanguage\":\"fr-FR\",\"@id\":\"https:\\\/\\\/www.bellunopress.it\\\/#\\\/schema\\\/logo\\\/image\\\/\",\"url\":\"https:\\\/\\\/www.bellunopress.it\\\/wp-content\\\/uploads\\\/2011\\\/05\\\/cropped-logo-bellunopress-.jpg\",\"contentUrl\":\"https:\\\/\\\/www.bellunopress.it\\\/wp-content\\\/uploads\\\/2011\\\/05\\\/cropped-logo-bellunopress-.jpg\",\"width\":512,\"height\":512,\"caption\":\"Bellunopress\"},\"image\":{\"@id\":\"https:\\\/\\\/www.bellunopress.it\\\/#\\\/schema\\\/logo\\\/image\\\/\"},\"sameAs\":[\"https:\\\/\\\/www.facebook.com\\\/profile.php?id=100008943462799\",\"https:\\\/\\\/x.com\\\/bellunopress\",\"https:\\\/\\\/www.linkedin.com\\\/hp\\\/?dnr=JBzUWaJfMUw8vbXJJ2tVW5-I3jZKvC4wsoxE&amp;amp;amp;amp;amp;amp;trk=nav_responsive_tab_home\",\"https:\\\/\\\/www.youtube.com\\\/channel\\\/UCxL0wu1uN0_3_7hGG0306cw\"]},{\"@type\":\"Person\",\"@id\":\"https:\\\/\\\/www.bellunopress.it\\\/#\\\/schema\\\/person\\\/79bb06722b37ece1c03d3e94beb30d73\",\"name\":\"redazione\",\"image\":{\"@type\":\"ImageObject\",\"inLanguage\":\"fr-FR\",\"@id\":\"https:\\\/\\\/secure.gravatar.com\\\/avatar\\\/37d968a2e67a6fd04c169c4bdef102d0bc5d31b2546345219e348575eb80e9a0?s=96&d=mm&r=g\",\"url\":\"https:\\\/\\\/secure.gravatar.com\\\/avatar\\\/37d968a2e67a6fd04c169c4bdef102d0bc5d31b2546345219e348575eb80e9a0?s=96&d=mm&r=g\",\"contentUrl\":\"https:\\\/\\\/secure.gravatar.com\\\/avatar\\\/37d968a2e67a6fd04c169c4bdef102d0bc5d31b2546345219e348575eb80e9a0?s=96&d=mm&r=g\",\"caption\":\"redazione\"},\"sameAs\":[\"http:\\\/\\\/www.bellunopress.it\",\"https:\\\/\\\/x.com\\\/bellunopress\"],\"url\":\"https:\\\/\\\/www.bellunopress.it\\\/fr\\\/author\\\/redazione\\\/\"}]}<\/script>\n<!-- \/ Yoast SEO plugin. -->","yoast_head_json":{"title":"Longarone, il cordoglio per la morte di Marcello Mazzucco - Bellunopress - Dolomiti","robots":{"index":"index","follow":"follow","max-snippet":"max-snippet:-1","max-image-preview":"max-image-preview:large","max-video-preview":"max-video-preview:-1"},"canonical":"https:\/\/www.bellunopress.it\/fr\/2026\/05\/26\/longarone-il-cordoglio-per-la-morte-di-marcello-mazzucco\/","og_locale":"fr_FR","og_type":"article","og_title":"Longarone, il cordoglio per la morte di Marcello Mazzucco - Bellunopress - Dolomiti","og_description":"\u201cLongarone da oggi \u00e8 un po\u2019 pi\u00f9 sola, perch\u00e9 perde uno degli uomini della rinascita, che \u00e8 stato al centro della ricostruzione post Vajont. Una figura che ha dato tanto per la comunit\u00e0 e che si \u00e8 spesa per il paese\u201d. Cos\u00ec il sindaco Roberto Padrin, in una nota di cordoglio per la scomparsa di [&hellip;]","og_url":"https:\/\/www.bellunopress.it\/fr\/2026\/05\/26\/longarone-il-cordoglio-per-la-morte-di-marcello-mazzucco\/","og_site_name":"Bellunopress - Dolomiti","article_publisher":"https:\/\/www.facebook.com\/profile.php?id=100008943462799","article_published_time":"2026-05-26T12:29:22+00:00","og_image":[{"width":800,"height":445,"url":"https:\/\/www.bellunopress.it\/wp-content\/uploads\/2020\/11\/lutto_edited.jpg","type":"image\/jpeg"}],"author":"redazione","twitter_card":"summary_large_image","twitter_creator":"@bellunopress","twitter_site":"@bellunopress","twitter_misc":{"\u00c9crit par":"redazione","Dur\u00e9e de lecture estim\u00e9e":"2 minutes"},"schema":{"@context":"https:\/\/schema.org","@graph":[{"@type":"Article","@id":"https:\/\/www.bellunopress.it\/2026\/05\/26\/longarone-il-cordoglio-per-la-morte-di-marcello-mazzucco\/#article","isPartOf":{"@id":"https:\/\/www.bellunopress.it\/2026\/05\/26\/longarone-il-cordoglio-per-la-morte-di-marcello-mazzucco\/"},"author":{"name":"redazione","@id":"https:\/\/www.bellunopress.it\/#\/schema\/person\/79bb06722b37ece1c03d3e94beb30d73"},"headline":"Longarone, il cordoglio per la morte di Marcello Mazzucco","datePublished":"2026-05-26T12:29:22+00:00","mainEntityOfPage":{"@id":"https:\/\/www.bellunopress.it\/2026\/05\/26\/longarone-il-cordoglio-per-la-morte-di-marcello-mazzucco\/"},"wordCount":197,"publisher":{"@id":"https:\/\/www.bellunopress.it\/#organization"},"image":{"@id":"https:\/\/www.bellunopress.it\/2026\/05\/26\/longarone-il-cordoglio-per-la-morte-di-marcello-mazzucco\/#primaryimage"},"thumbnailUrl":"https:\/\/www.bellunopress.it\/wp-content\/uploads\/2020\/11\/lutto_edited.jpg","articleSection":["Cronaca\/Politica"],"inLanguage":"fr-FR"},{"@type":"WebPage","@id":"https:\/\/www.bellunopress.it\/2026\/05\/26\/longarone-il-cordoglio-per-la-morte-di-marcello-mazzucco\/","url":"https:\/\/www.bellunopress.it\/2026\/05\/26\/longarone-il-cordoglio-per-la-morte-di-marcello-mazzucco\/","name":"Longarone, il cordoglio per la morte di Marcello Mazzucco - Bellunopress - Dolomiti","isPartOf":{"@id":"https:\/\/www.bellunopress.it\/#website"},"primaryImageOfPage":{"@id":"https:\/\/www.bellunopress.it\/2026\/05\/26\/longarone-il-cordoglio-per-la-morte-di-marcello-mazzucco\/#primaryimage"},"image":{"@id":"https:\/\/www.bellunopress.it\/2026\/05\/26\/longarone-il-cordoglio-per-la-morte-di-marcello-mazzucco\/#primaryimage"},"thumbnailUrl":"https:\/\/www.bellunopress.it\/wp-content\/uploads\/2020\/11\/lutto_edited.jpg","datePublished":"2026-05-26T12:29:22+00:00","breadcrumb":{"@id":"https:\/\/www.bellunopress.it\/2026\/05\/26\/longarone-il-cordoglio-per-la-morte-di-marcello-mazzucco\/#breadcrumb"},"inLanguage":"fr-FR","potentialAction":[{"@type":"ReadAction","target":["https:\/\/www.bellunopress.it\/2026\/05\/26\/longarone-il-cordoglio-per-la-morte-di-marcello-mazzucco\/"]}]},{"@type":"ImageObject","inLanguage":"fr-FR","@id":"https:\/\/www.bellunopress.it\/2026\/05\/26\/longarone-il-cordoglio-per-la-morte-di-marcello-mazzucco\/#primaryimage","url":"https:\/\/www.bellunopress.it\/wp-content\/uploads\/2020\/11\/lutto_edited.jpg","contentUrl":"https:\/\/www.bellunopress.it\/wp-content\/uploads\/2020\/11\/lutto_edited.jpg","width":800,"height":445},{"@type":"BreadcrumbList","@id":"https:\/\/www.bellunopress.it\/2026\/05\/26\/longarone-il-cordoglio-per-la-morte-di-marcello-mazzucco\/#breadcrumb","itemListElement":[{"@type":"ListItem","position":1,"name":"Home","item":"https:\/\/www.bellunopress.it\/"},{"@type":"ListItem","position":2,"name":"Longarone, il cordoglio per la morte di Marcello Mazzucco"}]},{"@type":"WebSite","@id":"https:\/\/www.bellunopress.it\/#website","url":"https:\/\/www.bellunopress.it\/","name":"Bellunopress - Dolomiti","description":"e-mail: redazione@bellunopress.it","publisher":{"@id":"https:\/\/www.bellunopress.it\/#organization"},"potentialAction":[{"@type":"SearchAction","target":{"@type":"EntryPoint","urlTemplate":"https:\/\/www.bellunopress.it\/?s={search_term_string}"},"query-input":{"@type":"PropertyValueSpecification","valueRequired":true,"valueName":"search_term_string"}}],"inLanguage":"fr-FR"},{"@type":"Organization","@id":"https:\/\/www.bellunopress.it\/#organization","name":"Bellunopress","url":"https:\/\/www.bellunopress.it\/","logo":{"@type":"ImageObject","inLanguage":"fr-FR","@id":"https:\/\/www.bellunopress.it\/#\/schema\/logo\/image\/","url":"https:\/\/www.bellunopress.it\/wp-content\/uploads\/2011\/05\/cropped-logo-bellunopress-.jpg","contentUrl":"https:\/\/www.bellunopress.it\/wp-content\/uploads\/2011\/05\/cropped-logo-bellunopress-.jpg","width":512,"height":512,"caption":"Bellunopress"},"image":{"@id":"https:\/\/www.bellunopress.it\/#\/schema\/logo\/image\/"},"sameAs":["https:\/\/www.facebook.com\/profile.php?id=100008943462799","https:\/\/x.com\/bellunopress","https:\/\/www.linkedin.com\/hp\/?dnr=JBzUWaJfMUw8vbXJJ2tVW5-I3jZKvC4wsoxE&amp;amp;amp;amp;amp;amp;trk=nav_responsive_tab_home","https:\/\/www.youtube.com\/channel\/UCxL0wu1uN0_3_7hGG0306cw"]},{"@type":"Person","@id":"https:\/\/www.bellunopress.it\/#\/schema\/person\/79bb06722b37ece1c03d3e94beb30d73","name":"r\u00e9daction","image":{"@type":"ImageObject","inLanguage":"fr-FR","@id":"https:\/\/secure.gravatar.com\/avatar\/37d968a2e67a6fd04c169c4bdef102d0bc5d31b2546345219e348575eb80e9a0?s=96&d=mm&r=g","url":"https:\/\/secure.gravatar.com\/avatar\/37d968a2e67a6fd04c169c4bdef102d0bc5d31b2546345219e348575eb80e9a0?s=96&d=mm&r=g","contentUrl":"https:\/\/secure.gravatar.com\/avatar\/37d968a2e67a6fd04c169c4bdef102d0bc5d31b2546345219e348575eb80e9a0?s=96&d=mm&r=g","caption":"redazione"},"sameAs":["http:\/\/www.bellunopress.it","https:\/\/x.com\/bellunopress"],"url":"https:\/\/www.bellunopress.it\/fr\/author\/redazione\/"}]}},"_links":{"self":[{"href":"https:\/\/www.bellunopress.it\/fr\/wp-json\/wp\/v2\/posts\/170477","targetHints":{"allow":["GET"]}}],"collection":[{"href":"https:\/\/www.bellunopress.it\/fr\/wp-json\/wp\/v2\/posts"}],"about":[{"href":"https:\/\/www.bellunopress.it\/fr\/wp-json\/wp\/v2\/types\/post"}],"author":[{"embeddable":true,"href":"https:\/\/www.bellunopress.it\/fr\/wp-json\/wp\/v2\/users\/2"}],"replies":[{"embeddable":true,"href":"https:\/\/www.bellunopress.it\/fr\/wp-json\/wp\/v2\/comments?post=170477"}],"version-history":[{"count":1,"href":"https:\/\/www.bellunopress.it\/fr\/wp-json\/wp\/v2\/posts\/170477\/revisions"}],"predecessor-version":[{"id":170478,"href":"https:\/\/www.bellunopress.it\/fr\/wp-json\/wp\/v2\/posts\/170477\/revisions\/170478"}],"wp:featuredmedia":[{"embeddable":true,"href":"https:\/\/www.bellunopress.it\/fr\/wp-json\/wp\/v2\/media\/119261"}],"wp:attachment":[{"href":"https:\/\/www.bellunopress.it\/fr\/wp-json\/wp\/v2\/media?parent=170477"}],"wp:term":[{"taxonomy":"category","embeddable":true,"href":"https:\/\/www.bellunopress.it\/fr\/wp-json\/wp\/v2\/categories?post=170477"},{"taxonomy":"post_tag","embeddable":true,"href":"https:\/\/www.bellunopress.it\/fr\/wp-json\/wp\/v2\/tags?post=170477"}],"curies":[{"name":"wp","href":"https:\/\/api.w.org\/{rel}","templated":true}]}}