{"id":170474,"date":"2026-05-26T12:25:08","date_gmt":"2026-05-26T10:25:08","guid":{"rendered":"https:\/\/www.bellunopress.it\/?p=170474"},"modified":"2026-05-26T12:25:08","modified_gmt":"2026-05-26T10:25:08","slug":"il-giro-e-nel-vivo-venerdi-la-19ma-tappa-si-decide-ad-alleghe-ai-piani-di-pezze","status":"publish","type":"post","link":"https:\/\/www.bellunopress.it\/fr\/2026\/05\/26\/il-giro-e-nel-vivo-venerdi-la-19ma-tappa-si-decide-ad-alleghe-ai-piani-di-pezze\/","title":{"rendered":"Il Giro \u00e8 nel vivo: venerd\u00ec la 19ma tappa si decide ad Alleghe, ai Piani di Pezz\u00e8"},"content":{"rendered":"<p><strong>Tanti gli eventi: gioved\u00ec 28 studenti ai Piani di Pezz\u00e8 per l\u2019Alleghe Summer Eco Tour<\/strong><\/p>\n<p><strong>Dalle 18.30 a Caprile divertimento targato Aspettando la Notte Rosa con Pink Ice Party e la Notte Rosa Pink Power<\/strong><\/p>\n<p><strong>Venerd\u00ec 29 ai Piani di Pezz\u00e8 festa e tanto altro dalla mattina, in attesa del Giro d\u2019Italia<\/strong><\/p>\n<p>La settimana conclusiva del 109\u00b0 Giro d\u2019Italia \u00e8 arrivata! La Corsa Rosa \u00e8 nel suo vivo, ma corridori e tifosi rivolgono il proprio sguardo alla 19.a tappa di venerd\u00ec, per 151 km e 5.000 metri di dislivello che culmineranno ad Alleghe, all\u2019atteso traguardo ai Piani di Pezz\u00e8, Montagna Pantani di questa edizione. La tappa si preannuncia determinante per le sorti della Maglia Rosa e non solo, con le emozioni e l\u2019adrenalina rosa pronte a invadere Alleghe, che nel mentre propone altri imperdibili eventi a tema sul territorio.<\/p>\n<p>Dopo lo spettacolo teatrale e musicale \u201cW la fuga\u201d firmato dal giornalista sportivo Marco Pastonesi e dal musicista Alessandro D\u2019Alessandro, l\u2019entusiasmo non si ferma, con tanto divertimento per tutti tra Caprile e Alleghe a partire da gioved\u00ec: dalle ore 10 gli studenti locali saliranno in quota, proprio ai Piani di Pezz\u00e8, per una mattinata dedicata all\u2019educazione ambientale con l\u2019\u201cAlleghe Summer Eco Tour\u201d. Gli alunni entreranno nel \u201cvillaggio Ecology\u201d, mettendosi alla prova e divertendosi in laboratori dinamici, quiz e giochi interattivi guidati da esperti, unendo l&#8217;entusiasmo per il Giro alla coscienza green, in un appuntamento proposto da Alleghe Funivie Spa in collaborazione con il Comune di Alleghe ed Ecology on Tour. Sempre gioved\u00ec, presso la Palestra Comunale E. Fontana a Caprile di Alleghe la vigilia si accender\u00e0 con la Notte Rosa. Il divertimento scatta alle ore 18:30 con il Pink Ice Party firmato Alleghe Hockey che vedr\u00e0 l\u2019apertura dei chioschi enogastronomici e il warm-up curato dal DJ set di Radio Piterpan. Il piatto forte andr\u00e0 in scena alle 21:30 con lo spettacolo tutto al femminile \u201cPiterpan Pink Power\u201d, dove DJ e vocalist sprigioneranno tutta la loro energia contagiosa, tra animazione live e spettacolari show visivi.<\/p>\n<p>Venerd\u00ec 29 l\u2019arrivo dei corridori ai Piani di Pezz\u00e8 \u00e8 previsto poco dopo le 17. La tanto attesa giornata si apre dalle ore 10 con l\u2019Alleghe Summer Eco Tour ai Piani di Pezz\u00e8, questa volta aperto al pubblico per l\u2019intera giornata, con accesso libero e attivit\u00e0 rivolte a tutti tra momenti di formazione, giochi ed esperienze interattive.<\/p>\n<p>Ai Piani di Pezz\u00e8 il fermento per l\u2019arrivo della carovana rosa sar\u00e0 alle stelle, e cos\u00ec dalle 10 alle 18 la grande festa per il Giro godr\u00e0 anche dello speciale Piterpan Radio Truck, la postazione mobile che oltre ad offrire intrattenimento con DJ set e tanto altro, trasmetter\u00e0 l\u2019intera diretta della tappa attraverso il proprio maxischermo integrato. Tutti i rifugi della zona saranno aperti e lo sar\u00e0 anche la cabinovia Alleghe-Piani di Pezz\u00e8, disponibile gioved\u00ec dalle 8:00 alle 17:00 e venerd\u00ec, giorno della tappa, dalle 8:00 alle 20:00. La S.R. 203 Agordina chiuder\u00e0 al mattino la parte inferiore tra Ponte Mas e Agordo, indicativamente dalle 10.30 alle 13.40, e alle porte di Alleghe in direzione Caprile dalle ore 14:00 circa fino al termine della corsa.<\/p>\n<p>Per info sulla viabilit\u00e0 e le zone adibite ai parcheggi in zona Alleghe \u00e8 possibile consultare il link:\u00a0<a href=\"https:\/\/alleghe-dolomiti.it\/IT\/p26-Giro-d-Italia-19a-Tappa\" target=\"_blank\" rel=\"noopener noreferrer\">https:\/\/alleghe-dolomiti.it\/IT\/p26-Giro-d-Italia-19a-Tappa<\/a>.<\/p>\n<p>Nel frattempo il Giro d\u2019Italia \u00e8 giunto alla 15.a tappa, con i 157 km da Voghera a Milano che hanno visto trionfare il 29enne norvegese Fredrik Dversnes Lavik dopo una fuga sorprendente che ha preceduto Mirco Maestri e Martin Marcellusi. Il danese Jonas Vingegaard ha conservato senza problemi la maglia rosa, dopo averla conquistata nella tappa precedente (Aosta-Pila) ai danni del portoghese Afonso Eul\u00e1lio, capace di vestirla per 9 giorni. Con la settimana decisiva ci si prepara a vivere un finale elettrizzante, e il traguardo ai Piani di Pezz\u00e8 sar\u00e0 un tassello fondamentale per coronare i sogni di gloria della Carovana Rosa.<\/p>","protected":false},"excerpt":{"rendered":"<p>Tanti gli eventi: gioved\u00ec 28 studenti ai Piani di Pezz\u00e8 per l\u2019Alleghe Summer Eco Tour Dalle 18.30 a Caprile divertimento targato Aspettando la Notte Rosa con Pink Ice Party e la Notte Rosa Pink Power Venerd\u00ec 29 ai Piani di Pezz\u00e8 festa e tanto altro dalla mattina, in attesa del Giro d\u2019Italia La settimana conclusiva [&hellip;]<\/p>\n","protected":false},"author":2,"featured_media":170475,"comment_status":"closed","ping_status":"open","sticky":false,"template":"","format":"standard","meta":{"footnotes":""},"categories":[25,4],"tags":[],"class_list":["post-170474","post","type-post","status-publish","format-standard","has-post-thumbnail","category-pausa-caffe","category-sport"],"yoast_head":"<!-- This site is optimized with the Yoast SEO plugin v28.4 - https:\/\/yoast.com\/product\/yoast-seo-wordpress\/ -->\n<title>Il Giro \u00e8 nel vivo: venerd\u00ec la 19ma tappa si decide ad Alleghe, ai Piani di Pezz\u00e8 - Bellunopress - Dolomiti<\/title>\n<meta name=\"robots\" content=\"index, follow, max-snippet:-1, max-image-preview:large, max-video-preview:-1\" \/>\n<link rel=\"canonical\" href=\"https:\/\/www.bellunopress.it\/fr\/2026\/05\/26\/il-giro-e-nel-vivo-venerdi-la-19ma-tappa-si-decide-ad-alleghe-ai-piani-di-pezze\/\" \/>\n<meta property=\"og:locale\" content=\"fr_FR\" \/>\n<meta property=\"og:type\" content=\"article\" \/>\n<meta property=\"og:title\" content=\"Il Giro \u00e8 nel vivo: venerd\u00ec la 19ma tappa si decide ad Alleghe, ai Piani di Pezz\u00e8 - Bellunopress - Dolomiti\" \/>\n<meta property=\"og:description\" content=\"Tanti gli eventi: gioved\u00ec 28 studenti ai Piani di Pezz\u00e8 per l\u2019Alleghe Summer Eco Tour Dalle 18.30 a Caprile divertimento targato Aspettando la Notte Rosa con Pink Ice Party e la Notte Rosa Pink Power Venerd\u00ec 29 ai Piani di Pezz\u00e8 festa e tanto altro dalla mattina, in attesa del Giro d\u2019Italia La settimana conclusiva [&hellip;]\" \/>\n<meta property=\"og:url\" content=\"https:\/\/www.bellunopress.it\/fr\/2026\/05\/26\/il-giro-e-nel-vivo-venerdi-la-19ma-tappa-si-decide-ad-alleghe-ai-piani-di-pezze\/\" \/>\n<meta property=\"og:site_name\" content=\"Bellunopress - Dolomiti\" \/>\n<meta property=\"article:publisher\" content=\"https:\/\/www.facebook.com\/profile.php?id=100008943462799\" \/>\n<meta property=\"article:published_time\" content=\"2026-05-26T10:25:08+00:00\" \/>\n<meta property=\"og:image\" content=\"https:\/\/www.bellunopress.it\/wp-content\/uploads\/2026\/05\/Alleghe-19-tappa-Giro.jpg\" \/>\n\t<meta property=\"og:image:width\" content=\"800\" \/>\n\t<meta property=\"og:image:height\" content=\"139\" \/>\n\t<meta property=\"og:image:type\" content=\"image\/jpeg\" \/>\n<meta name=\"author\" content=\"redazione\" \/>\n<meta name=\"twitter:card\" content=\"summary_large_image\" \/>\n<meta name=\"twitter:creator\" content=\"@bellunopress\" \/>\n<meta name=\"twitter:site\" content=\"@bellunopress\" \/>\n<meta name=\"twitter:label1\" content=\"Written by\" \/>\n\t<meta name=\"twitter:data1\" content=\"redazione\" \/>\n\t<meta name=\"twitter:label2\" content=\"Est. reading time\" \/>\n\t<meta name=\"twitter:data2\" content=\"4 minutes\" \/>\n<script type=\"application\/ld+json\" class=\"yoast-schema-graph\">{\"@context\":\"https:\\\/\\\/schema.org\",\"@graph\":[{\"@type\":\"Article\",\"@id\":\"https:\\\/\\\/www.bellunopress.it\\\/2026\\\/05\\\/26\\\/il-giro-e-nel-vivo-venerdi-la-19ma-tappa-si-decide-ad-alleghe-ai-piani-di-pezze\\\/#article\",\"isPartOf\":{\"@id\":\"https:\\\/\\\/www.bellunopress.it\\\/2026\\\/05\\\/26\\\/il-giro-e-nel-vivo-venerdi-la-19ma-tappa-si-decide-ad-alleghe-ai-piani-di-pezze\\\/\"},\"author\":{\"name\":\"redazione\",\"@id\":\"https:\\\/\\\/www.bellunopress.it\\\/#\\\/schema\\\/person\\\/79bb06722b37ece1c03d3e94beb30d73\"},\"headline\":\"Il Giro \u00e8 nel vivo: venerd\u00ec la 19ma tappa si decide ad Alleghe, ai Piani di Pezz\u00e8\",\"datePublished\":\"2026-05-26T10:25:08+00:00\",\"mainEntityOfPage\":{\"@id\":\"https:\\\/\\\/www.bellunopress.it\\\/2026\\\/05\\\/26\\\/il-giro-e-nel-vivo-venerdi-la-19ma-tappa-si-decide-ad-alleghe-ai-piani-di-pezze\\\/\"},\"wordCount\":648,\"publisher\":{\"@id\":\"https:\\\/\\\/www.bellunopress.it\\\/#organization\"},\"image\":{\"@id\":\"https:\\\/\\\/www.bellunopress.it\\\/2026\\\/05\\\/26\\\/il-giro-e-nel-vivo-venerdi-la-19ma-tappa-si-decide-ad-alleghe-ai-piani-di-pezze\\\/#primaryimage\"},\"thumbnailUrl\":\"https:\\\/\\\/www.bellunopress.it\\\/wp-content\\\/uploads\\\/2026\\\/05\\\/Alleghe-19-tappa-Giro.jpg\",\"articleSection\":[\"Pausa Caff\u00e8\",\"Sport, tempo libero\"],\"inLanguage\":\"fr-FR\"},{\"@type\":\"WebPage\",\"@id\":\"https:\\\/\\\/www.bellunopress.it\\\/2026\\\/05\\\/26\\\/il-giro-e-nel-vivo-venerdi-la-19ma-tappa-si-decide-ad-alleghe-ai-piani-di-pezze\\\/\",\"url\":\"https:\\\/\\\/www.bellunopress.it\\\/2026\\\/05\\\/26\\\/il-giro-e-nel-vivo-venerdi-la-19ma-tappa-si-decide-ad-alleghe-ai-piani-di-pezze\\\/\",\"name\":\"Il Giro \u00e8 nel vivo: venerd\u00ec la 19ma tappa si decide ad Alleghe, ai Piani di Pezz\u00e8 - Bellunopress - Dolomiti\",\"isPartOf\":{\"@id\":\"https:\\\/\\\/www.bellunopress.it\\\/#website\"},\"primaryImageOfPage\":{\"@id\":\"https:\\\/\\\/www.bellunopress.it\\\/2026\\\/05\\\/26\\\/il-giro-e-nel-vivo-venerdi-la-19ma-tappa-si-decide-ad-alleghe-ai-piani-di-pezze\\\/#primaryimage\"},\"image\":{\"@id\":\"https:\\\/\\\/www.bellunopress.it\\\/2026\\\/05\\\/26\\\/il-giro-e-nel-vivo-venerdi-la-19ma-tappa-si-decide-ad-alleghe-ai-piani-di-pezze\\\/#primaryimage\"},\"thumbnailUrl\":\"https:\\\/\\\/www.bellunopress.it\\\/wp-content\\\/uploads\\\/2026\\\/05\\\/Alleghe-19-tappa-Giro.jpg\",\"datePublished\":\"2026-05-26T10:25:08+00:00\",\"breadcrumb\":{\"@id\":\"https:\\\/\\\/www.bellunopress.it\\\/2026\\\/05\\\/26\\\/il-giro-e-nel-vivo-venerdi-la-19ma-tappa-si-decide-ad-alleghe-ai-piani-di-pezze\\\/#breadcrumb\"},\"inLanguage\":\"fr-FR\",\"potentialAction\":[{\"@type\":\"ReadAction\",\"target\":[\"https:\\\/\\\/www.bellunopress.it\\\/2026\\\/05\\\/26\\\/il-giro-e-nel-vivo-venerdi-la-19ma-tappa-si-decide-ad-alleghe-ai-piani-di-pezze\\\/\"]}]},{\"@type\":\"ImageObject\",\"inLanguage\":\"fr-FR\",\"@id\":\"https:\\\/\\\/www.bellunopress.it\\\/2026\\\/05\\\/26\\\/il-giro-e-nel-vivo-venerdi-la-19ma-tappa-si-decide-ad-alleghe-ai-piani-di-pezze\\\/#primaryimage\",\"url\":\"https:\\\/\\\/www.bellunopress.it\\\/wp-content\\\/uploads\\\/2026\\\/05\\\/Alleghe-19-tappa-Giro.jpg\",\"contentUrl\":\"https:\\\/\\\/www.bellunopress.it\\\/wp-content\\\/uploads\\\/2026\\\/05\\\/Alleghe-19-tappa-Giro.jpg\",\"width\":800,\"height\":139},{\"@type\":\"BreadcrumbList\",\"@id\":\"https:\\\/\\\/www.bellunopress.it\\\/2026\\\/05\\\/26\\\/il-giro-e-nel-vivo-venerdi-la-19ma-tappa-si-decide-ad-alleghe-ai-piani-di-pezze\\\/#breadcrumb\",\"itemListElement\":[{\"@type\":\"ListItem\",\"position\":1,\"name\":\"Home\",\"item\":\"https:\\\/\\\/www.bellunopress.it\\\/\"},{\"@type\":\"ListItem\",\"position\":2,\"name\":\"Il Giro \u00e8 nel vivo: venerd\u00ec la 19ma tappa si decide ad Alleghe, ai Piani di Pezz\u00e8\"}]},{\"@type\":\"WebSite\",\"@id\":\"https:\\\/\\\/www.bellunopress.it\\\/#website\",\"url\":\"https:\\\/\\\/www.bellunopress.it\\\/\",\"name\":\"Bellunopress - Dolomiti\",\"description\":\"e-mail: redazione@bellunopress.it\",\"publisher\":{\"@id\":\"https:\\\/\\\/www.bellunopress.it\\\/#organization\"},\"potentialAction\":[{\"@type\":\"SearchAction\",\"target\":{\"@type\":\"EntryPoint\",\"urlTemplate\":\"https:\\\/\\\/www.bellunopress.it\\\/?s={search_term_string}\"},\"query-input\":{\"@type\":\"PropertyValueSpecification\",\"valueRequired\":true,\"valueName\":\"search_term_string\"}}],\"inLanguage\":\"fr-FR\"},{\"@type\":\"Organization\",\"@id\":\"https:\\\/\\\/www.bellunopress.it\\\/#organization\",\"name\":\"Bellunopress\",\"url\":\"https:\\\/\\\/www.bellunopress.it\\\/\",\"logo\":{\"@type\":\"ImageObject\",\"inLanguage\":\"fr-FR\",\"@id\":\"https:\\\/\\\/www.bellunopress.it\\\/#\\\/schema\\\/logo\\\/image\\\/\",\"url\":\"https:\\\/\\\/www.bellunopress.it\\\/wp-content\\\/uploads\\\/2011\\\/05\\\/cropped-logo-bellunopress-.jpg\",\"contentUrl\":\"https:\\\/\\\/www.bellunopress.it\\\/wp-content\\\/uploads\\\/2011\\\/05\\\/cropped-logo-bellunopress-.jpg\",\"width\":512,\"height\":512,\"caption\":\"Bellunopress\"},\"image\":{\"@id\":\"https:\\\/\\\/www.bellunopress.it\\\/#\\\/schema\\\/logo\\\/image\\\/\"},\"sameAs\":[\"https:\\\/\\\/www.facebook.com\\\/profile.php?id=100008943462799\",\"https:\\\/\\\/x.com\\\/bellunopress\",\"https:\\\/\\\/www.linkedin.com\\\/hp\\\/?dnr=JBzUWaJfMUw8vbXJJ2tVW5-I3jZKvC4wsoxE&amp;amp;amp;amp;amp;amp;trk=nav_responsive_tab_home\",\"https:\\\/\\\/www.youtube.com\\\/channel\\\/UCxL0wu1uN0_3_7hGG0306cw\"]},{\"@type\":\"Person\",\"@id\":\"https:\\\/\\\/www.bellunopress.it\\\/#\\\/schema\\\/person\\\/79bb06722b37ece1c03d3e94beb30d73\",\"name\":\"redazione\",\"image\":{\"@type\":\"ImageObject\",\"inLanguage\":\"fr-FR\",\"@id\":\"https:\\\/\\\/secure.gravatar.com\\\/avatar\\\/37d968a2e67a6fd04c169c4bdef102d0bc5d31b2546345219e348575eb80e9a0?s=96&d=mm&r=g\",\"url\":\"https:\\\/\\\/secure.gravatar.com\\\/avatar\\\/37d968a2e67a6fd04c169c4bdef102d0bc5d31b2546345219e348575eb80e9a0?s=96&d=mm&r=g\",\"contentUrl\":\"https:\\\/\\\/secure.gravatar.com\\\/avatar\\\/37d968a2e67a6fd04c169c4bdef102d0bc5d31b2546345219e348575eb80e9a0?s=96&d=mm&r=g\",\"caption\":\"redazione\"},\"sameAs\":[\"http:\\\/\\\/www.bellunopress.it\",\"https:\\\/\\\/x.com\\\/bellunopress\"],\"url\":\"https:\\\/\\\/www.bellunopress.it\\\/fr\\\/author\\\/redazione\\\/\"}]}<\/script>\n<!-- \/ Yoast SEO plugin. -->","yoast_head_json":{"title":"Il Giro \u00e8 nel vivo: venerd\u00ec la 19ma tappa si decide ad Alleghe, ai Piani di Pezz\u00e8 - Bellunopress - Dolomiti","robots":{"index":"index","follow":"follow","max-snippet":"max-snippet:-1","max-image-preview":"max-image-preview:large","max-video-preview":"max-video-preview:-1"},"canonical":"https:\/\/www.bellunopress.it\/fr\/2026\/05\/26\/il-giro-e-nel-vivo-venerdi-la-19ma-tappa-si-decide-ad-alleghe-ai-piani-di-pezze\/","og_locale":"fr_FR","og_type":"article","og_title":"Il Giro \u00e8 nel vivo: venerd\u00ec la 19ma tappa si decide ad Alleghe, ai Piani di Pezz\u00e8 - Bellunopress - Dolomiti","og_description":"Tanti gli eventi: gioved\u00ec 28 studenti ai Piani di Pezz\u00e8 per l\u2019Alleghe Summer Eco Tour Dalle 18.30 a Caprile divertimento targato Aspettando la Notte Rosa con Pink Ice Party e la Notte Rosa Pink Power Venerd\u00ec 29 ai Piani di Pezz\u00e8 festa e tanto altro dalla mattina, in attesa del Giro d\u2019Italia La settimana conclusiva [&hellip;]","og_url":"https:\/\/www.bellunopress.it\/fr\/2026\/05\/26\/il-giro-e-nel-vivo-venerdi-la-19ma-tappa-si-decide-ad-alleghe-ai-piani-di-pezze\/","og_site_name":"Bellunopress - Dolomiti","article_publisher":"https:\/\/www.facebook.com\/profile.php?id=100008943462799","article_published_time":"2026-05-26T10:25:08+00:00","og_image":[{"width":800,"height":139,"url":"https:\/\/www.bellunopress.it\/wp-content\/uploads\/2026\/05\/Alleghe-19-tappa-Giro.jpg","type":"image\/jpeg"}],"author":"redazione","twitter_card":"summary_large_image","twitter_creator":"@bellunopress","twitter_site":"@bellunopress","twitter_misc":{"Written by":"redazione","Est. reading time":"4 minutes"},"schema":{"@context":"https:\/\/schema.org","@graph":[{"@type":"Article","@id":"https:\/\/www.bellunopress.it\/2026\/05\/26\/il-giro-e-nel-vivo-venerdi-la-19ma-tappa-si-decide-ad-alleghe-ai-piani-di-pezze\/#article","isPartOf":{"@id":"https:\/\/www.bellunopress.it\/2026\/05\/26\/il-giro-e-nel-vivo-venerdi-la-19ma-tappa-si-decide-ad-alleghe-ai-piani-di-pezze\/"},"author":{"name":"redazione","@id":"https:\/\/www.bellunopress.it\/#\/schema\/person\/79bb06722b37ece1c03d3e94beb30d73"},"headline":"Il Giro \u00e8 nel vivo: venerd\u00ec la 19ma tappa si decide ad Alleghe, ai Piani di Pezz\u00e8","datePublished":"2026-05-26T10:25:08+00:00","mainEntityOfPage":{"@id":"https:\/\/www.bellunopress.it\/2026\/05\/26\/il-giro-e-nel-vivo-venerdi-la-19ma-tappa-si-decide-ad-alleghe-ai-piani-di-pezze\/"},"wordCount":648,"publisher":{"@id":"https:\/\/www.bellunopress.it\/#organization"},"image":{"@id":"https:\/\/www.bellunopress.it\/2026\/05\/26\/il-giro-e-nel-vivo-venerdi-la-19ma-tappa-si-decide-ad-alleghe-ai-piani-di-pezze\/#primaryimage"},"thumbnailUrl":"https:\/\/www.bellunopress.it\/wp-content\/uploads\/2026\/05\/Alleghe-19-tappa-Giro.jpg","articleSection":["Pausa Caff\u00e8","Sport, tempo libero"],"inLanguage":"fr-FR"},{"@type":"WebPage","@id":"https:\/\/www.bellunopress.it\/2026\/05\/26\/il-giro-e-nel-vivo-venerdi-la-19ma-tappa-si-decide-ad-alleghe-ai-piani-di-pezze\/","url":"https:\/\/www.bellunopress.it\/2026\/05\/26\/il-giro-e-nel-vivo-venerdi-la-19ma-tappa-si-decide-ad-alleghe-ai-piani-di-pezze\/","name":"Il Giro \u00e8 nel vivo: venerd\u00ec la 19ma tappa si decide ad Alleghe, ai Piani di Pezz\u00e8 - Bellunopress - Dolomiti","isPartOf":{"@id":"https:\/\/www.bellunopress.it\/#website"},"primaryImageOfPage":{"@id":"https:\/\/www.bellunopress.it\/2026\/05\/26\/il-giro-e-nel-vivo-venerdi-la-19ma-tappa-si-decide-ad-alleghe-ai-piani-di-pezze\/#primaryimage"},"image":{"@id":"https:\/\/www.bellunopress.it\/2026\/05\/26\/il-giro-e-nel-vivo-venerdi-la-19ma-tappa-si-decide-ad-alleghe-ai-piani-di-pezze\/#primaryimage"},"thumbnailUrl":"https:\/\/www.bellunopress.it\/wp-content\/uploads\/2026\/05\/Alleghe-19-tappa-Giro.jpg","datePublished":"2026-05-26T10:25:08+00:00","breadcrumb":{"@id":"https:\/\/www.bellunopress.it\/2026\/05\/26\/il-giro-e-nel-vivo-venerdi-la-19ma-tappa-si-decide-ad-alleghe-ai-piani-di-pezze\/#breadcrumb"},"inLanguage":"fr-FR","potentialAction":[{"@type":"ReadAction","target":["https:\/\/www.bellunopress.it\/2026\/05\/26\/il-giro-e-nel-vivo-venerdi-la-19ma-tappa-si-decide-ad-alleghe-ai-piani-di-pezze\/"]}]},{"@type":"ImageObject","inLanguage":"fr-FR","@id":"https:\/\/www.bellunopress.it\/2026\/05\/26\/il-giro-e-nel-vivo-venerdi-la-19ma-tappa-si-decide-ad-alleghe-ai-piani-di-pezze\/#primaryimage","url":"https:\/\/www.bellunopress.it\/wp-content\/uploads\/2026\/05\/Alleghe-19-tappa-Giro.jpg","contentUrl":"https:\/\/www.bellunopress.it\/wp-content\/uploads\/2026\/05\/Alleghe-19-tappa-Giro.jpg","width":800,"height":139},{"@type":"BreadcrumbList","@id":"https:\/\/www.bellunopress.it\/2026\/05\/26\/il-giro-e-nel-vivo-venerdi-la-19ma-tappa-si-decide-ad-alleghe-ai-piani-di-pezze\/#breadcrumb","itemListElement":[{"@type":"ListItem","position":1,"name":"Home","item":"https:\/\/www.bellunopress.it\/"},{"@type":"ListItem","position":2,"name":"Il Giro \u00e8 nel vivo: venerd\u00ec la 19ma tappa si decide ad Alleghe, ai Piani di Pezz\u00e8"}]},{"@type":"WebSite","@id":"https:\/\/www.bellunopress.it\/#website","url":"https:\/\/www.bellunopress.it\/","name":"Bellunopress - Dolomiti","description":"e-mail: redazione@bellunopress.it","publisher":{"@id":"https:\/\/www.bellunopress.it\/#organization"},"potentialAction":[{"@type":"SearchAction","target":{"@type":"EntryPoint","urlTemplate":"https:\/\/www.bellunopress.it\/?s={search_term_string}"},"query-input":{"@type":"PropertyValueSpecification","valueRequired":true,"valueName":"search_term_string"}}],"inLanguage":"fr-FR"},{"@type":"Organization","@id":"https:\/\/www.bellunopress.it\/#organization","name":"Bellunopress","url":"https:\/\/www.bellunopress.it\/","logo":{"@type":"ImageObject","inLanguage":"fr-FR","@id":"https:\/\/www.bellunopress.it\/#\/schema\/logo\/image\/","url":"https:\/\/www.bellunopress.it\/wp-content\/uploads\/2011\/05\/cropped-logo-bellunopress-.jpg","contentUrl":"https:\/\/www.bellunopress.it\/wp-content\/uploads\/2011\/05\/cropped-logo-bellunopress-.jpg","width":512,"height":512,"caption":"Bellunopress"},"image":{"@id":"https:\/\/www.bellunopress.it\/#\/schema\/logo\/image\/"},"sameAs":["https:\/\/www.facebook.com\/profile.php?id=100008943462799","https:\/\/x.com\/bellunopress","https:\/\/www.linkedin.com\/hp\/?dnr=JBzUWaJfMUw8vbXJJ2tVW5-I3jZKvC4wsoxE&amp;amp;amp;amp;amp;amp;trk=nav_responsive_tab_home","https:\/\/www.youtube.com\/channel\/UCxL0wu1uN0_3_7hGG0306cw"]},{"@type":"Person","@id":"https:\/\/www.bellunopress.it\/#\/schema\/person\/79bb06722b37ece1c03d3e94beb30d73","name":"r\u00e9daction","image":{"@type":"ImageObject","inLanguage":"fr-FR","@id":"https:\/\/secure.gravatar.com\/avatar\/37d968a2e67a6fd04c169c4bdef102d0bc5d31b2546345219e348575eb80e9a0?s=96&d=mm&r=g","url":"https:\/\/secure.gravatar.com\/avatar\/37d968a2e67a6fd04c169c4bdef102d0bc5d31b2546345219e348575eb80e9a0?s=96&d=mm&r=g","contentUrl":"https:\/\/secure.gravatar.com\/avatar\/37d968a2e67a6fd04c169c4bdef102d0bc5d31b2546345219e348575eb80e9a0?s=96&d=mm&r=g","caption":"redazione"},"sameAs":["http:\/\/www.bellunopress.it","https:\/\/x.com\/bellunopress"],"url":"https:\/\/www.bellunopress.it\/fr\/author\/redazione\/"}]}},"_links":{"self":[{"href":"https:\/\/www.bellunopress.it\/fr\/wp-json\/wp\/v2\/posts\/170474","targetHints":{"allow":["GET"]}}],"collection":[{"href":"https:\/\/www.bellunopress.it\/fr\/wp-json\/wp\/v2\/posts"}],"about":[{"href":"https:\/\/www.bellunopress.it\/fr\/wp-json\/wp\/v2\/types\/post"}],"author":[{"embeddable":true,"href":"https:\/\/www.bellunopress.it\/fr\/wp-json\/wp\/v2\/users\/2"}],"replies":[{"embeddable":true,"href":"https:\/\/www.bellunopress.it\/fr\/wp-json\/wp\/v2\/comments?post=170474"}],"version-history":[{"count":1,"href":"https:\/\/www.bellunopress.it\/fr\/wp-json\/wp\/v2\/posts\/170474\/revisions"}],"predecessor-version":[{"id":170476,"href":"https:\/\/www.bellunopress.it\/fr\/wp-json\/wp\/v2\/posts\/170474\/revisions\/170476"}],"wp:featuredmedia":[{"embeddable":true,"href":"https:\/\/www.bellunopress.it\/fr\/wp-json\/wp\/v2\/media\/170475"}],"wp:attachment":[{"href":"https:\/\/www.bellunopress.it\/fr\/wp-json\/wp\/v2\/media?parent=170474"}],"wp:term":[{"taxonomy":"category","embeddable":true,"href":"https:\/\/www.bellunopress.it\/fr\/wp-json\/wp\/v2\/categories?post=170474"},{"taxonomy":"post_tag","embeddable":true,"href":"https:\/\/www.bellunopress.it\/fr\/wp-json\/wp\/v2\/tags?post=170474"}],"curies":[{"name":"wp","href":"https:\/\/api.w.org\/{rel}","templated":true}]}}