{"id":170453,"date":"2026-05-25T18:52:09","date_gmt":"2026-05-25T16:52:09","guid":{"rendered":"https:\/\/www.bellunopress.it\/?p=170453"},"modified":"2026-05-25T18:52:09","modified_gmt":"2026-05-25T16:52:09","slug":"nessun-candidato-a-vodo-di-cadore-nominato-commissario-prefettezio-la-dottoressa-rossella-caruso","status":"publish","type":"post","link":"https:\/\/www.bellunopress.it\/fr\/2026\/05\/25\/nessun-candidato-a-vodo-di-cadore-nominato-commissario-prefettezio-la-dottoressa-rossella-caruso\/","title":{"rendered":"Nessun candidato a Vodo di Cadore: nominato Commissario prefettezio la dottoressa Rossella Caruso"},"content":{"rendered":"<h6 data-path-to-node=\"7\">Belluno, 25\/05\/2026 &#8211; Scenario inedito e istituzionalmente delicato per il Comune di Vodo di Cadore. Alla scadenza dei termini perentori stabiliti dalla legge, nessuna lista di candidati alla carica di sindaco e di consigliere comunale \u00e8 stata presentata per il rinnovo degli organi democratici. Un vuoto politico assoluto che ha fatto scattare l&#8217;immediato e necessario intervento della Prefettura di Belluno.<\/h6>\n<p data-path-to-node=\"9\">In assenza di compagini elettorali pronte a sfidarsi alle urne, si \u00e8 concretizzata l\u2019ipotesi giuridica prevista dall&#8217;articolo 85, terzo comma, del D.P.R. 16 maggio 1960, n. 570. Di conseguenza, al fine di garantire la continuit\u00e0 e la regolarit\u00e0 dell&#8217;azione amministrativa dell&#8217;ente locale, il Prefetto ha provveduto in data odierna alla nomina di un Commissario prefettizio.<\/p>\n<p data-path-to-node=\"10\">L&#8217;incarico di guidare il Comune cadorino \u00e8 stato affidato alla dottoressa\u00a0Rossella Caruso, viceprefetto aggiunto in servizio alla Prefettura di Belluno. La dottoressa Caruso assumer\u00e0 da subito la gestione provvisoria dell&#8217;ente, mantenendo le redini del municipio fino a quando la compagine amministrativa non potr\u00e0 essere rinnovata attraverso nuove elezioni, che si terranno in occasione del primo turno elettorale utile.<\/p>\n<p data-path-to-node=\"12\">La scelta della Prefettura \u00e8 ricaduta su un profilo di solida esperienza e profonda conoscenza della macchina dello Stato e della pubblica amministrazione. Laureata in giurisprudenza, la dr.ssa Rossella Caruso ricopre attualmente ruoli di primissimo piano a livello provinciale: \u00e8 infatti l&#8217;attuale Capo di Gabinetto\u00a0della Prefettura di Belluno e dirige l\u2019Area V, l&#8217;ufficio cruciale dedicato a <i data-path-to-node=\"12\" data-index-in-node=\"394\">&#8220;Protezione civile, difesa civile e coordinamento del soccorso pubblico&#8221;<\/i>, una delega di fondamentale importanza per la sicurezza e la gestione di un territorio montano.<\/p>\n<p data-path-to-node=\"13\">La sua \u00e8 un\u2019esperienza amministrativa trasversale e poliedrica. In passato, sempre all&#8217;interno della Prefettura bellunese, la dr.ssa Caruso ha guidato con successo altri settori chiave, tra cui l\u2019Area IV (<i data-path-to-node=\"13\" data-index-in-node=\"205\">&#8220;Tutela dei Diritti Civili, Cittadinanza e Immigrazione&#8221;<\/i>) e l\u2019Area III (<i data-path-to-node=\"13\" data-index-in-node=\"277\">&#8220;Sistema Sanzionatorio Amministrativo, Affari Legali, Contenzioso e Rappresentanza in Giudizio&#8221;<\/i>). E nel 2021 era stata Sub Commissario, con funzioni Vicarie, per la gestione del Comune di Voltago Agordino.<\/p>\n<p data-path-to-node=\"14\">Sar\u00e0 quindi un funzionario dello Stato dalle spiccate competenze giuridiche e gestionali a traghettare la comunit\u00e0 di Vodo di Cadore in questa complessa fase di transizione, assicurando ai cittadini la piena efficienza dei servizi comunali in attesa che la parola possa tornare, non appena possibile, al corpo elettorale.<\/p>","protected":false},"excerpt":{"rendered":"<p>Belluno, 25\/05\/2026 &#8211; Scenario inedito e istituzionalmente delicato per il Comune di Vodo di Cadore. Alla scadenza dei termini perentori stabiliti dalla legge, nessuna lista di candidati alla carica di sindaco e di consigliere comunale \u00e8 stata presentata per il rinnovo degli organi democratici. Un vuoto politico assoluto che ha fatto scattare l&#8217;immediato e necessario [&hellip;]<\/p>\n","protected":false},"author":2,"featured_media":170454,"comment_status":"closed","ping_status":"open","sticky":false,"template":"","format":"standard","meta":{"footnotes":""},"categories":[26,8],"tags":[],"class_list":["post-170453","post","type-post","status-publish","format-standard","has-post-thumbnail","category-prima-pagina","category-societa-istituzioni"],"yoast_head":"<!-- This site is optimized with the Yoast SEO plugin v28.4 - https:\/\/yoast.com\/product\/yoast-seo-wordpress\/ -->\n<title>Nessun candidato a Vodo di Cadore: nominato Commissario prefettezio la dottoressa Rossella Caruso - Bellunopress - Dolomiti<\/title>\n<meta name=\"robots\" content=\"index, follow, max-snippet:-1, max-image-preview:large, max-video-preview:-1\" \/>\n<link rel=\"canonical\" href=\"https:\/\/www.bellunopress.it\/fr\/2026\/05\/25\/nessun-candidato-a-vodo-di-cadore-nominato-commissario-prefettezio-la-dottoressa-rossella-caruso\/\" \/>\n<meta property=\"og:locale\" content=\"fr_FR\" \/>\n<meta property=\"og:type\" content=\"article\" \/>\n<meta property=\"og:title\" content=\"Nessun candidato a Vodo di Cadore: nominato Commissario prefettezio la dottoressa Rossella Caruso - Bellunopress - Dolomiti\" \/>\n<meta property=\"og:description\" content=\"Belluno, 25\/05\/2026 &#8211; Scenario inedito e istituzionalmente delicato per il Comune di Vodo di Cadore. Alla scadenza dei termini perentori stabiliti dalla legge, nessuna lista di candidati alla carica di sindaco e di consigliere comunale \u00e8 stata presentata per il rinnovo degli organi democratici. Un vuoto politico assoluto che ha fatto scattare l&#8217;immediato e necessario [&hellip;]\" \/>\n<meta property=\"og:url\" content=\"https:\/\/www.bellunopress.it\/fr\/2026\/05\/25\/nessun-candidato-a-vodo-di-cadore-nominato-commissario-prefettezio-la-dottoressa-rossella-caruso\/\" \/>\n<meta property=\"og:site_name\" content=\"Bellunopress - Dolomiti\" \/>\n<meta property=\"article:publisher\" content=\"https:\/\/www.facebook.com\/profile.php?id=100008943462799\" \/>\n<meta property=\"article:published_time\" content=\"2026-05-25T16:52:09+00:00\" \/>\n<meta property=\"og:image\" content=\"https:\/\/www.bellunopress.it\/wp-content\/uploads\/2026\/05\/Rossella-Caruso-commissario-prefettizio-Vodo-di-Cad.jpg\" \/>\n\t<meta property=\"og:image:width\" content=\"457\" \/>\n\t<meta property=\"og:image:height\" content=\"500\" \/>\n\t<meta property=\"og:image:type\" content=\"image\/jpeg\" \/>\n<meta name=\"author\" content=\"redazione\" \/>\n<meta name=\"twitter:card\" content=\"summary_large_image\" \/>\n<meta name=\"twitter:creator\" content=\"@bellunopress\" \/>\n<meta name=\"twitter:site\" content=\"@bellunopress\" \/>\n<meta name=\"twitter:label1\" content=\"\u00c9crit par\" \/>\n\t<meta name=\"twitter:data1\" content=\"redazione\" \/>\n\t<meta name=\"twitter:label2\" content=\"Dur\u00e9e de lecture estim\u00e9e\" \/>\n\t<meta name=\"twitter:data2\" content=\"3 minutes\" \/>\n<script type=\"application\/ld+json\" class=\"yoast-schema-graph\">{\"@context\":\"https:\\\/\\\/schema.org\",\"@graph\":[{\"@type\":\"Article\",\"@id\":\"https:\\\/\\\/www.bellunopress.it\\\/2026\\\/05\\\/25\\\/nessun-candidato-a-vodo-di-cadore-nominato-commissario-prefettezio-la-dottoressa-rossella-caruso\\\/#article\",\"isPartOf\":{\"@id\":\"https:\\\/\\\/www.bellunopress.it\\\/2026\\\/05\\\/25\\\/nessun-candidato-a-vodo-di-cadore-nominato-commissario-prefettezio-la-dottoressa-rossella-caruso\\\/\"},\"author\":{\"name\":\"redazione\",\"@id\":\"https:\\\/\\\/www.bellunopress.it\\\/#\\\/schema\\\/person\\\/79bb06722b37ece1c03d3e94beb30d73\"},\"headline\":\"Nessun candidato a Vodo di Cadore: nominato Commissario prefettezio la dottoressa Rossella Caruso\",\"datePublished\":\"2026-05-25T16:52:09+00:00\",\"mainEntityOfPage\":{\"@id\":\"https:\\\/\\\/www.bellunopress.it\\\/2026\\\/05\\\/25\\\/nessun-candidato-a-vodo-di-cadore-nominato-commissario-prefettezio-la-dottoressa-rossella-caruso\\\/\"},\"wordCount\":389,\"publisher\":{\"@id\":\"https:\\\/\\\/www.bellunopress.it\\\/#organization\"},\"image\":{\"@id\":\"https:\\\/\\\/www.bellunopress.it\\\/2026\\\/05\\\/25\\\/nessun-candidato-a-vodo-di-cadore-nominato-commissario-prefettezio-la-dottoressa-rossella-caruso\\\/#primaryimage\"},\"thumbnailUrl\":\"https:\\\/\\\/www.bellunopress.it\\\/wp-content\\\/uploads\\\/2026\\\/05\\\/Rossella-Caruso-commissario-prefettizio-Vodo-di-Cad.jpg\",\"articleSection\":[\"Prima Pagina\",\"Societ\u00e0, Associazioni, Istituzioni\"],\"inLanguage\":\"fr-FR\"},{\"@type\":\"WebPage\",\"@id\":\"https:\\\/\\\/www.bellunopress.it\\\/2026\\\/05\\\/25\\\/nessun-candidato-a-vodo-di-cadore-nominato-commissario-prefettezio-la-dottoressa-rossella-caruso\\\/\",\"url\":\"https:\\\/\\\/www.bellunopress.it\\\/2026\\\/05\\\/25\\\/nessun-candidato-a-vodo-di-cadore-nominato-commissario-prefettezio-la-dottoressa-rossella-caruso\\\/\",\"name\":\"Nessun candidato a Vodo di Cadore: nominato Commissario prefettezio la dottoressa Rossella Caruso - Bellunopress - Dolomiti\",\"isPartOf\":{\"@id\":\"https:\\\/\\\/www.bellunopress.it\\\/#website\"},\"primaryImageOfPage\":{\"@id\":\"https:\\\/\\\/www.bellunopress.it\\\/2026\\\/05\\\/25\\\/nessun-candidato-a-vodo-di-cadore-nominato-commissario-prefettezio-la-dottoressa-rossella-caruso\\\/#primaryimage\"},\"image\":{\"@id\":\"https:\\\/\\\/www.bellunopress.it\\\/2026\\\/05\\\/25\\\/nessun-candidato-a-vodo-di-cadore-nominato-commissario-prefettezio-la-dottoressa-rossella-caruso\\\/#primaryimage\"},\"thumbnailUrl\":\"https:\\\/\\\/www.bellunopress.it\\\/wp-content\\\/uploads\\\/2026\\\/05\\\/Rossella-Caruso-commissario-prefettizio-Vodo-di-Cad.jpg\",\"datePublished\":\"2026-05-25T16:52:09+00:00\",\"breadcrumb\":{\"@id\":\"https:\\\/\\\/www.bellunopress.it\\\/2026\\\/05\\\/25\\\/nessun-candidato-a-vodo-di-cadore-nominato-commissario-prefettezio-la-dottoressa-rossella-caruso\\\/#breadcrumb\"},\"inLanguage\":\"fr-FR\",\"potentialAction\":[{\"@type\":\"ReadAction\",\"target\":[\"https:\\\/\\\/www.bellunopress.it\\\/2026\\\/05\\\/25\\\/nessun-candidato-a-vodo-di-cadore-nominato-commissario-prefettezio-la-dottoressa-rossella-caruso\\\/\"]}]},{\"@type\":\"ImageObject\",\"inLanguage\":\"fr-FR\",\"@id\":\"https:\\\/\\\/www.bellunopress.it\\\/2026\\\/05\\\/25\\\/nessun-candidato-a-vodo-di-cadore-nominato-commissario-prefettezio-la-dottoressa-rossella-caruso\\\/#primaryimage\",\"url\":\"https:\\\/\\\/www.bellunopress.it\\\/wp-content\\\/uploads\\\/2026\\\/05\\\/Rossella-Caruso-commissario-prefettizio-Vodo-di-Cad.jpg\",\"contentUrl\":\"https:\\\/\\\/www.bellunopress.it\\\/wp-content\\\/uploads\\\/2026\\\/05\\\/Rossella-Caruso-commissario-prefettizio-Vodo-di-Cad.jpg\",\"width\":457,\"height\":500,\"caption\":\"Rossella Caruso, Commissario prefettizio al Comune di Vodo di Cadore\"},{\"@type\":\"BreadcrumbList\",\"@id\":\"https:\\\/\\\/www.bellunopress.it\\\/2026\\\/05\\\/25\\\/nessun-candidato-a-vodo-di-cadore-nominato-commissario-prefettezio-la-dottoressa-rossella-caruso\\\/#breadcrumb\",\"itemListElement\":[{\"@type\":\"ListItem\",\"position\":1,\"name\":\"Home\",\"item\":\"https:\\\/\\\/www.bellunopress.it\\\/\"},{\"@type\":\"ListItem\",\"position\":2,\"name\":\"Nessun candidato a Vodo di Cadore: nominato Commissario prefettezio la dottoressa Rossella Caruso\"}]},{\"@type\":\"WebSite\",\"@id\":\"https:\\\/\\\/www.bellunopress.it\\\/#website\",\"url\":\"https:\\\/\\\/www.bellunopress.it\\\/\",\"name\":\"Bellunopress - Dolomiti\",\"description\":\"e-mail: redazione@bellunopress.it\",\"publisher\":{\"@id\":\"https:\\\/\\\/www.bellunopress.it\\\/#organization\"},\"potentialAction\":[{\"@type\":\"SearchAction\",\"target\":{\"@type\":\"EntryPoint\",\"urlTemplate\":\"https:\\\/\\\/www.bellunopress.it\\\/?s={search_term_string}\"},\"query-input\":{\"@type\":\"PropertyValueSpecification\",\"valueRequired\":true,\"valueName\":\"search_term_string\"}}],\"inLanguage\":\"fr-FR\"},{\"@type\":\"Organization\",\"@id\":\"https:\\\/\\\/www.bellunopress.it\\\/#organization\",\"name\":\"Bellunopress\",\"url\":\"https:\\\/\\\/www.bellunopress.it\\\/\",\"logo\":{\"@type\":\"ImageObject\",\"inLanguage\":\"fr-FR\",\"@id\":\"https:\\\/\\\/www.bellunopress.it\\\/#\\\/schema\\\/logo\\\/image\\\/\",\"url\":\"https:\\\/\\\/www.bellunopress.it\\\/wp-content\\\/uploads\\\/2011\\\/05\\\/cropped-logo-bellunopress-.jpg\",\"contentUrl\":\"https:\\\/\\\/www.bellunopress.it\\\/wp-content\\\/uploads\\\/2011\\\/05\\\/cropped-logo-bellunopress-.jpg\",\"width\":512,\"height\":512,\"caption\":\"Bellunopress\"},\"image\":{\"@id\":\"https:\\\/\\\/www.bellunopress.it\\\/#\\\/schema\\\/logo\\\/image\\\/\"},\"sameAs\":[\"https:\\\/\\\/www.facebook.com\\\/profile.php?id=100008943462799\",\"https:\\\/\\\/x.com\\\/bellunopress\",\"https:\\\/\\\/www.linkedin.com\\\/hp\\\/?dnr=JBzUWaJfMUw8vbXJJ2tVW5-I3jZKvC4wsoxE&amp;amp;amp;amp;amp;amp;trk=nav_responsive_tab_home\",\"https:\\\/\\\/www.youtube.com\\\/channel\\\/UCxL0wu1uN0_3_7hGG0306cw\"]},{\"@type\":\"Person\",\"@id\":\"https:\\\/\\\/www.bellunopress.it\\\/#\\\/schema\\\/person\\\/79bb06722b37ece1c03d3e94beb30d73\",\"name\":\"redazione\",\"image\":{\"@type\":\"ImageObject\",\"inLanguage\":\"fr-FR\",\"@id\":\"https:\\\/\\\/secure.gravatar.com\\\/avatar\\\/37d968a2e67a6fd04c169c4bdef102d0bc5d31b2546345219e348575eb80e9a0?s=96&d=mm&r=g\",\"url\":\"https:\\\/\\\/secure.gravatar.com\\\/avatar\\\/37d968a2e67a6fd04c169c4bdef102d0bc5d31b2546345219e348575eb80e9a0?s=96&d=mm&r=g\",\"contentUrl\":\"https:\\\/\\\/secure.gravatar.com\\\/avatar\\\/37d968a2e67a6fd04c169c4bdef102d0bc5d31b2546345219e348575eb80e9a0?s=96&d=mm&r=g\",\"caption\":\"redazione\"},\"sameAs\":[\"http:\\\/\\\/www.bellunopress.it\",\"https:\\\/\\\/x.com\\\/bellunopress\"],\"url\":\"https:\\\/\\\/www.bellunopress.it\\\/fr\\\/author\\\/redazione\\\/\"}]}<\/script>\n<!-- \/ Yoast SEO plugin. -->","yoast_head_json":{"title":"Nessun candidato a Vodo di Cadore: nominato Commissario prefettezio la dottoressa Rossella Caruso - Bellunopress - Dolomiti","robots":{"index":"index","follow":"follow","max-snippet":"max-snippet:-1","max-image-preview":"max-image-preview:large","max-video-preview":"max-video-preview:-1"},"canonical":"https:\/\/www.bellunopress.it\/fr\/2026\/05\/25\/nessun-candidato-a-vodo-di-cadore-nominato-commissario-prefettezio-la-dottoressa-rossella-caruso\/","og_locale":"fr_FR","og_type":"article","og_title":"Nessun candidato a Vodo di Cadore: nominato Commissario prefettezio la dottoressa Rossella Caruso - Bellunopress - Dolomiti","og_description":"Belluno, 25\/05\/2026 &#8211; Scenario inedito e istituzionalmente delicato per il Comune di Vodo di Cadore. Alla scadenza dei termini perentori stabiliti dalla legge, nessuna lista di candidati alla carica di sindaco e di consigliere comunale \u00e8 stata presentata per il rinnovo degli organi democratici. Un vuoto politico assoluto che ha fatto scattare l&#8217;immediato e necessario [&hellip;]","og_url":"https:\/\/www.bellunopress.it\/fr\/2026\/05\/25\/nessun-candidato-a-vodo-di-cadore-nominato-commissario-prefettezio-la-dottoressa-rossella-caruso\/","og_site_name":"Bellunopress - Dolomiti","article_publisher":"https:\/\/www.facebook.com\/profile.php?id=100008943462799","article_published_time":"2026-05-25T16:52:09+00:00","og_image":[{"width":457,"height":500,"url":"https:\/\/www.bellunopress.it\/wp-content\/uploads\/2026\/05\/Rossella-Caruso-commissario-prefettizio-Vodo-di-Cad.jpg","type":"image\/jpeg"}],"author":"redazione","twitter_card":"summary_large_image","twitter_creator":"@bellunopress","twitter_site":"@bellunopress","twitter_misc":{"\u00c9crit par":"redazione","Dur\u00e9e de lecture estim\u00e9e":"3 minutes"},"schema":{"@context":"https:\/\/schema.org","@graph":[{"@type":"Article","@id":"https:\/\/www.bellunopress.it\/2026\/05\/25\/nessun-candidato-a-vodo-di-cadore-nominato-commissario-prefettezio-la-dottoressa-rossella-caruso\/#article","isPartOf":{"@id":"https:\/\/www.bellunopress.it\/2026\/05\/25\/nessun-candidato-a-vodo-di-cadore-nominato-commissario-prefettezio-la-dottoressa-rossella-caruso\/"},"author":{"name":"redazione","@id":"https:\/\/www.bellunopress.it\/#\/schema\/person\/79bb06722b37ece1c03d3e94beb30d73"},"headline":"Nessun candidato a Vodo di Cadore: nominato Commissario prefettezio la dottoressa Rossella Caruso","datePublished":"2026-05-25T16:52:09+00:00","mainEntityOfPage":{"@id":"https:\/\/www.bellunopress.it\/2026\/05\/25\/nessun-candidato-a-vodo-di-cadore-nominato-commissario-prefettezio-la-dottoressa-rossella-caruso\/"},"wordCount":389,"publisher":{"@id":"https:\/\/www.bellunopress.it\/#organization"},"image":{"@id":"https:\/\/www.bellunopress.it\/2026\/05\/25\/nessun-candidato-a-vodo-di-cadore-nominato-commissario-prefettezio-la-dottoressa-rossella-caruso\/#primaryimage"},"thumbnailUrl":"https:\/\/www.bellunopress.it\/wp-content\/uploads\/2026\/05\/Rossella-Caruso-commissario-prefettizio-Vodo-di-Cad.jpg","articleSection":["Prima Pagina","Societ\u00e0, Associazioni, Istituzioni"],"inLanguage":"fr-FR"},{"@type":"WebPage","@id":"https:\/\/www.bellunopress.it\/2026\/05\/25\/nessun-candidato-a-vodo-di-cadore-nominato-commissario-prefettezio-la-dottoressa-rossella-caruso\/","url":"https:\/\/www.bellunopress.it\/2026\/05\/25\/nessun-candidato-a-vodo-di-cadore-nominato-commissario-prefettezio-la-dottoressa-rossella-caruso\/","name":"Nessun candidato a Vodo di Cadore: nominato Commissario prefettezio la dottoressa Rossella Caruso - Bellunopress - Dolomiti","isPartOf":{"@id":"https:\/\/www.bellunopress.it\/#website"},"primaryImageOfPage":{"@id":"https:\/\/www.bellunopress.it\/2026\/05\/25\/nessun-candidato-a-vodo-di-cadore-nominato-commissario-prefettezio-la-dottoressa-rossella-caruso\/#primaryimage"},"image":{"@id":"https:\/\/www.bellunopress.it\/2026\/05\/25\/nessun-candidato-a-vodo-di-cadore-nominato-commissario-prefettezio-la-dottoressa-rossella-caruso\/#primaryimage"},"thumbnailUrl":"https:\/\/www.bellunopress.it\/wp-content\/uploads\/2026\/05\/Rossella-Caruso-commissario-prefettizio-Vodo-di-Cad.jpg","datePublished":"2026-05-25T16:52:09+00:00","breadcrumb":{"@id":"https:\/\/www.bellunopress.it\/2026\/05\/25\/nessun-candidato-a-vodo-di-cadore-nominato-commissario-prefettezio-la-dottoressa-rossella-caruso\/#breadcrumb"},"inLanguage":"fr-FR","potentialAction":[{"@type":"ReadAction","target":["https:\/\/www.bellunopress.it\/2026\/05\/25\/nessun-candidato-a-vodo-di-cadore-nominato-commissario-prefettezio-la-dottoressa-rossella-caruso\/"]}]},{"@type":"ImageObject","inLanguage":"fr-FR","@id":"https:\/\/www.bellunopress.it\/2026\/05\/25\/nessun-candidato-a-vodo-di-cadore-nominato-commissario-prefettezio-la-dottoressa-rossella-caruso\/#primaryimage","url":"https:\/\/www.bellunopress.it\/wp-content\/uploads\/2026\/05\/Rossella-Caruso-commissario-prefettizio-Vodo-di-Cad.jpg","contentUrl":"https:\/\/www.bellunopress.it\/wp-content\/uploads\/2026\/05\/Rossella-Caruso-commissario-prefettizio-Vodo-di-Cad.jpg","width":457,"height":500,"caption":"Rossella Caruso, Commissario prefettizio al Comune di Vodo di Cadore"},{"@type":"BreadcrumbList","@id":"https:\/\/www.bellunopress.it\/2026\/05\/25\/nessun-candidato-a-vodo-di-cadore-nominato-commissario-prefettezio-la-dottoressa-rossella-caruso\/#breadcrumb","itemListElement":[{"@type":"ListItem","position":1,"name":"Home","item":"https:\/\/www.bellunopress.it\/"},{"@type":"ListItem","position":2,"name":"Nessun candidato a Vodo di Cadore: nominato Commissario prefettezio la dottoressa Rossella Caruso"}]},{"@type":"WebSite","@id":"https:\/\/www.bellunopress.it\/#website","url":"https:\/\/www.bellunopress.it\/","name":"Bellunopress - Dolomiti","description":"e-mail: redazione@bellunopress.it","publisher":{"@id":"https:\/\/www.bellunopress.it\/#organization"},"potentialAction":[{"@type":"SearchAction","target":{"@type":"EntryPoint","urlTemplate":"https:\/\/www.bellunopress.it\/?s={search_term_string}"},"query-input":{"@type":"PropertyValueSpecification","valueRequired":true,"valueName":"search_term_string"}}],"inLanguage":"fr-FR"},{"@type":"Organization","@id":"https:\/\/www.bellunopress.it\/#organization","name":"Bellunopress","url":"https:\/\/www.bellunopress.it\/","logo":{"@type":"ImageObject","inLanguage":"fr-FR","@id":"https:\/\/www.bellunopress.it\/#\/schema\/logo\/image\/","url":"https:\/\/www.bellunopress.it\/wp-content\/uploads\/2011\/05\/cropped-logo-bellunopress-.jpg","contentUrl":"https:\/\/www.bellunopress.it\/wp-content\/uploads\/2011\/05\/cropped-logo-bellunopress-.jpg","width":512,"height":512,"caption":"Bellunopress"},"image":{"@id":"https:\/\/www.bellunopress.it\/#\/schema\/logo\/image\/"},"sameAs":["https:\/\/www.facebook.com\/profile.php?id=100008943462799","https:\/\/x.com\/bellunopress","https:\/\/www.linkedin.com\/hp\/?dnr=JBzUWaJfMUw8vbXJJ2tVW5-I3jZKvC4wsoxE&amp;amp;amp;amp;amp;amp;trk=nav_responsive_tab_home","https:\/\/www.youtube.com\/channel\/UCxL0wu1uN0_3_7hGG0306cw"]},{"@type":"Person","@id":"https:\/\/www.bellunopress.it\/#\/schema\/person\/79bb06722b37ece1c03d3e94beb30d73","name":"r\u00e9daction","image":{"@type":"ImageObject","inLanguage":"fr-FR","@id":"https:\/\/secure.gravatar.com\/avatar\/37d968a2e67a6fd04c169c4bdef102d0bc5d31b2546345219e348575eb80e9a0?s=96&d=mm&r=g","url":"https:\/\/secure.gravatar.com\/avatar\/37d968a2e67a6fd04c169c4bdef102d0bc5d31b2546345219e348575eb80e9a0?s=96&d=mm&r=g","contentUrl":"https:\/\/secure.gravatar.com\/avatar\/37d968a2e67a6fd04c169c4bdef102d0bc5d31b2546345219e348575eb80e9a0?s=96&d=mm&r=g","caption":"redazione"},"sameAs":["http:\/\/www.bellunopress.it","https:\/\/x.com\/bellunopress"],"url":"https:\/\/www.bellunopress.it\/fr\/author\/redazione\/"}]}},"_links":{"self":[{"href":"https:\/\/www.bellunopress.it\/fr\/wp-json\/wp\/v2\/posts\/170453","targetHints":{"allow":["GET"]}}],"collection":[{"href":"https:\/\/www.bellunopress.it\/fr\/wp-json\/wp\/v2\/posts"}],"about":[{"href":"https:\/\/www.bellunopress.it\/fr\/wp-json\/wp\/v2\/types\/post"}],"author":[{"embeddable":true,"href":"https:\/\/www.bellunopress.it\/fr\/wp-json\/wp\/v2\/users\/2"}],"replies":[{"embeddable":true,"href":"https:\/\/www.bellunopress.it\/fr\/wp-json\/wp\/v2\/comments?post=170453"}],"version-history":[{"count":1,"href":"https:\/\/www.bellunopress.it\/fr\/wp-json\/wp\/v2\/posts\/170453\/revisions"}],"predecessor-version":[{"id":170455,"href":"https:\/\/www.bellunopress.it\/fr\/wp-json\/wp\/v2\/posts\/170453\/revisions\/170455"}],"wp:featuredmedia":[{"embeddable":true,"href":"https:\/\/www.bellunopress.it\/fr\/wp-json\/wp\/v2\/media\/170454"}],"wp:attachment":[{"href":"https:\/\/www.bellunopress.it\/fr\/wp-json\/wp\/v2\/media?parent=170453"}],"wp:term":[{"taxonomy":"category","embeddable":true,"href":"https:\/\/www.bellunopress.it\/fr\/wp-json\/wp\/v2\/categories?post=170453"},{"taxonomy":"post_tag","embeddable":true,"href":"https:\/\/www.bellunopress.it\/fr\/wp-json\/wp\/v2\/tags?post=170453"}],"curies":[{"name":"wp","href":"https:\/\/api.w.org\/{rel}","templated":true}]}}