{"id":170451,"date":"2026-05-25T16:00:55","date_gmt":"2026-05-25T14:00:55","guid":{"rendered":"https:\/\/www.bellunopress.it\/?p=170451"},"modified":"2026-05-25T16:00:55","modified_gmt":"2026-05-25T14:00:55","slug":"insediato-il-nuovo-consiglio-delle-autonomie-locali-del-veneto-gianluca-dal-borgo-eletto-alla-vicepresidenza","status":"publish","type":"post","link":"https:\/\/www.bellunopress.it\/fr\/2026\/05\/25\/insediato-il-nuovo-consiglio-delle-autonomie-locali-del-veneto-gianluca-dal-borgo-eletto-alla-vicepresidenza\/","title":{"rendered":"Insediato il nuovo Consiglio delle Autonomie locali del Veneto, Gianluca Dal Borgo eletto alla vicepresidenza\u00a0"},"content":{"rendered":"<p>Venezia, 25 maggio 2026\u00a0 &#8211;\u00a0&#8220;Le migliori decisioni regionali nascono dall&#8217;ascolto di chi ogni giorno amministra i territori e risponde alle necessit\u00e0 delle comunit\u00e0. \u00c8 questo il valore del Consiglio delle Autonomie locali e il senso pi\u00f9 profondo della delega agli Enti locali: trasformare l&#8217;esperienza dei sindaci e degli amministratori in politiche pi\u00f9 efficaci, vicine ai cittadini e realmente applicabili&#8221;.<\/p>\n<p>Con queste parole l&#8217;assessore regionale agli Enti locali, Marco Zecchinato, commenta interviene in occasione dell&#8217;insediamento, oggi a Palazzo Ferro Fini, del nuovo Consiglio delle Autonomie locali (CAL) della XII legislatura, organismo previsto dalla Costituzione e istituito in Veneto con la legge regionale n. 31 del 2017.<\/p>\n<p>&#8220;Il CAL \u00e8 il luogo in cui la Regione si confronta con Comuni, Province, Citt\u00e0 metropolitana, Unioni di Comuni \u2013 prosegue l&#8217;assessore \u2013. Attorno a questo tavolo siedono amministratori che conoscono da vicino le esigenze delle famiglie, delle imprese e delle comunit\u00e0 locali: un patrimonio di competenze indispensabile per migliorare il lavoro legislativo e amministrativo della Regione&#8221;.<\/p>\n<p>Nel corso della seduta sono state rinnovate le cariche dell&#8217;organismo: Enrico De Peron \u00e8 stato riconfermato presidente del CAL con 17 voti favorevoli su 18 votanti; Gianluca Dal Borgo \u00e8 stato eletto vicepresidente all&#8217;unanimit\u00e0 e Carla Giacomazzi \u00e8 stata nominata segretario con voto unanime.<\/p>\n<p>&#8220;Rafforzare il dialogo con gli enti locali significa rendere pi\u00f9 forte l&#8217;intero Veneto \u2013 conclude l&#8217;assessore \u2013. Le autonomie locali sono il primo presidio istituzionale per i cittadini e il loro contributo sar\u00e0 decisivo per costruire risposte alle sfide dei prossimi anni&#8221;.<\/p>","protected":false},"excerpt":{"rendered":"<p>Venezia, 25 maggio 2026\u00a0 &#8211;\u00a0&#8220;Le migliori decisioni regionali nascono dall&#8217;ascolto di chi ogni giorno amministra i territori e risponde alle necessit\u00e0 delle comunit\u00e0. \u00c8 questo il valore del Consiglio delle Autonomie locali e il senso pi\u00f9 profondo della delega agli Enti locali: trasformare l&#8217;esperienza dei sindaci e degli amministratori in politiche pi\u00f9 efficaci, vicine ai [&hellip;]<\/p>\n","protected":false},"author":2,"featured_media":135256,"comment_status":"closed","ping_status":"open","sticky":false,"template":"","format":"standard","meta":{"footnotes":""},"categories":[5],"tags":[],"class_list":["post-170451","post","type-post","status-publish","format-standard","has-post-thumbnail","category-cronaca"],"yoast_head":"<!-- This site is optimized with the Yoast SEO plugin v28.4 - https:\/\/yoast.com\/product\/yoast-seo-wordpress\/ -->\n<title>Insediato il nuovo Consiglio delle Autonomie locali del Veneto, Gianluca Dal Borgo eletto alla vicepresidenza\u00a0 - Bellunopress - Dolomiti<\/title>\n<meta name=\"robots\" content=\"index, follow, max-snippet:-1, max-image-preview:large, max-video-preview:-1\" \/>\n<link rel=\"canonical\" href=\"https:\/\/www.bellunopress.it\/fr\/2026\/05\/25\/insediato-il-nuovo-consiglio-delle-autonomie-locali-del-veneto-gianluca-dal-borgo-eletto-alla-vicepresidenza\/\" \/>\n<meta property=\"og:locale\" content=\"fr_FR\" \/>\n<meta property=\"og:type\" content=\"article\" \/>\n<meta property=\"og:title\" content=\"Insediato il nuovo Consiglio delle Autonomie locali del Veneto, Gianluca Dal Borgo eletto alla vicepresidenza\u00a0 - Bellunopress - Dolomiti\" \/>\n<meta property=\"og:description\" content=\"Venezia, 25 maggio 2026\u00a0 &#8211;\u00a0&#8220;Le migliori decisioni regionali nascono dall&#8217;ascolto di chi ogni giorno amministra i territori e risponde alle necessit\u00e0 delle comunit\u00e0. \u00c8 questo il valore del Consiglio delle Autonomie locali e il senso pi\u00f9 profondo della delega agli Enti locali: trasformare l&#8217;esperienza dei sindaci e degli amministratori in politiche pi\u00f9 efficaci, vicine ai [&hellip;]\" \/>\n<meta property=\"og:url\" content=\"https:\/\/www.bellunopress.it\/fr\/2026\/05\/25\/insediato-il-nuovo-consiglio-delle-autonomie-locali-del-veneto-gianluca-dal-borgo-eletto-alla-vicepresidenza\/\" \/>\n<meta property=\"og:site_name\" content=\"Bellunopress - Dolomiti\" \/>\n<meta property=\"article:publisher\" content=\"https:\/\/www.facebook.com\/profile.php?id=100008943462799\" \/>\n<meta property=\"article:published_time\" content=\"2026-05-25T14:00:55+00:00\" \/>\n<meta property=\"og:image\" content=\"https:\/\/www.bellunopress.it\/wp-content\/uploads\/2022\/07\/Gianluca-Dal-Borgo-sindaco-Chies-dAlpago_edited.jpg\" \/>\n\t<meta property=\"og:image:width\" content=\"1000\" \/>\n\t<meta property=\"og:image:height\" content=\"659\" \/>\n\t<meta property=\"og:image:type\" content=\"image\/jpeg\" \/>\n<meta name=\"author\" content=\"redazione\" \/>\n<meta name=\"twitter:card\" content=\"summary_large_image\" \/>\n<meta name=\"twitter:creator\" content=\"@bellunopress\" \/>\n<meta name=\"twitter:site\" content=\"@bellunopress\" \/>\n<meta name=\"twitter:label1\" content=\"Written by\" \/>\n\t<meta name=\"twitter:data1\" content=\"redazione\" \/>\n\t<meta name=\"twitter:label2\" content=\"Est. reading time\" \/>\n\t<meta name=\"twitter:data2\" content=\"2 minutes\" \/>\n<script type=\"application\/ld+json\" class=\"yoast-schema-graph\">{\"@context\":\"https:\\\/\\\/schema.org\",\"@graph\":[{\"@type\":\"Article\",\"@id\":\"https:\\\/\\\/www.bellunopress.it\\\/2026\\\/05\\\/25\\\/insediato-il-nuovo-consiglio-delle-autonomie-locali-del-veneto-gianluca-dal-borgo-eletto-alla-vicepresidenza\\\/#article\",\"isPartOf\":{\"@id\":\"https:\\\/\\\/www.bellunopress.it\\\/2026\\\/05\\\/25\\\/insediato-il-nuovo-consiglio-delle-autonomie-locali-del-veneto-gianluca-dal-borgo-eletto-alla-vicepresidenza\\\/\"},\"author\":{\"name\":\"redazione\",\"@id\":\"https:\\\/\\\/www.bellunopress.it\\\/#\\\/schema\\\/person\\\/79bb06722b37ece1c03d3e94beb30d73\"},\"headline\":\"Insediato il nuovo Consiglio delle Autonomie locali del Veneto, Gianluca Dal Borgo eletto alla vicepresidenza\u00a0\",\"datePublished\":\"2026-05-25T14:00:55+00:00\",\"mainEntityOfPage\":{\"@id\":\"https:\\\/\\\/www.bellunopress.it\\\/2026\\\/05\\\/25\\\/insediato-il-nuovo-consiglio-delle-autonomie-locali-del-veneto-gianluca-dal-borgo-eletto-alla-vicepresidenza\\\/\"},\"wordCount\":258,\"publisher\":{\"@id\":\"https:\\\/\\\/www.bellunopress.it\\\/#organization\"},\"image\":{\"@id\":\"https:\\\/\\\/www.bellunopress.it\\\/2026\\\/05\\\/25\\\/insediato-il-nuovo-consiglio-delle-autonomie-locali-del-veneto-gianluca-dal-borgo-eletto-alla-vicepresidenza\\\/#primaryimage\"},\"thumbnailUrl\":\"https:\\\/\\\/www.bellunopress.it\\\/wp-content\\\/uploads\\\/2022\\\/07\\\/Gianluca-Dal-Borgo-sindaco-Chies-dAlpago_edited.jpg\",\"articleSection\":[\"Cronaca\\\/Politica\"],\"inLanguage\":\"fr-FR\"},{\"@type\":\"WebPage\",\"@id\":\"https:\\\/\\\/www.bellunopress.it\\\/2026\\\/05\\\/25\\\/insediato-il-nuovo-consiglio-delle-autonomie-locali-del-veneto-gianluca-dal-borgo-eletto-alla-vicepresidenza\\\/\",\"url\":\"https:\\\/\\\/www.bellunopress.it\\\/2026\\\/05\\\/25\\\/insediato-il-nuovo-consiglio-delle-autonomie-locali-del-veneto-gianluca-dal-borgo-eletto-alla-vicepresidenza\\\/\",\"name\":\"Insediato il nuovo Consiglio delle Autonomie locali del Veneto, Gianluca Dal Borgo eletto alla vicepresidenza\u00a0 - Bellunopress - Dolomiti\",\"isPartOf\":{\"@id\":\"https:\\\/\\\/www.bellunopress.it\\\/#website\"},\"primaryImageOfPage\":{\"@id\":\"https:\\\/\\\/www.bellunopress.it\\\/2026\\\/05\\\/25\\\/insediato-il-nuovo-consiglio-delle-autonomie-locali-del-veneto-gianluca-dal-borgo-eletto-alla-vicepresidenza\\\/#primaryimage\"},\"image\":{\"@id\":\"https:\\\/\\\/www.bellunopress.it\\\/2026\\\/05\\\/25\\\/insediato-il-nuovo-consiglio-delle-autonomie-locali-del-veneto-gianluca-dal-borgo-eletto-alla-vicepresidenza\\\/#primaryimage\"},\"thumbnailUrl\":\"https:\\\/\\\/www.bellunopress.it\\\/wp-content\\\/uploads\\\/2022\\\/07\\\/Gianluca-Dal-Borgo-sindaco-Chies-dAlpago_edited.jpg\",\"datePublished\":\"2026-05-25T14:00:55+00:00\",\"breadcrumb\":{\"@id\":\"https:\\\/\\\/www.bellunopress.it\\\/2026\\\/05\\\/25\\\/insediato-il-nuovo-consiglio-delle-autonomie-locali-del-veneto-gianluca-dal-borgo-eletto-alla-vicepresidenza\\\/#breadcrumb\"},\"inLanguage\":\"fr-FR\",\"potentialAction\":[{\"@type\":\"ReadAction\",\"target\":[\"https:\\\/\\\/www.bellunopress.it\\\/2026\\\/05\\\/25\\\/insediato-il-nuovo-consiglio-delle-autonomie-locali-del-veneto-gianluca-dal-borgo-eletto-alla-vicepresidenza\\\/\"]}]},{\"@type\":\"ImageObject\",\"inLanguage\":\"fr-FR\",\"@id\":\"https:\\\/\\\/www.bellunopress.it\\\/2026\\\/05\\\/25\\\/insediato-il-nuovo-consiglio-delle-autonomie-locali-del-veneto-gianluca-dal-borgo-eletto-alla-vicepresidenza\\\/#primaryimage\",\"url\":\"https:\\\/\\\/www.bellunopress.it\\\/wp-content\\\/uploads\\\/2022\\\/07\\\/Gianluca-Dal-Borgo-sindaco-Chies-dAlpago_edited.jpg\",\"contentUrl\":\"https:\\\/\\\/www.bellunopress.it\\\/wp-content\\\/uploads\\\/2022\\\/07\\\/Gianluca-Dal-Borgo-sindaco-Chies-dAlpago_edited.jpg\",\"width\":1000,\"height\":659,\"caption\":\"Gianluca Dal Borgo, sindaco di Chies d'Alpago\"},{\"@type\":\"BreadcrumbList\",\"@id\":\"https:\\\/\\\/www.bellunopress.it\\\/2026\\\/05\\\/25\\\/insediato-il-nuovo-consiglio-delle-autonomie-locali-del-veneto-gianluca-dal-borgo-eletto-alla-vicepresidenza\\\/#breadcrumb\",\"itemListElement\":[{\"@type\":\"ListItem\",\"position\":1,\"name\":\"Home\",\"item\":\"https:\\\/\\\/www.bellunopress.it\\\/\"},{\"@type\":\"ListItem\",\"position\":2,\"name\":\"Insediato il nuovo Consiglio delle Autonomie locali del Veneto, Gianluca Dal Borgo eletto alla vicepresidenza\u00a0\"}]},{\"@type\":\"WebSite\",\"@id\":\"https:\\\/\\\/www.bellunopress.it\\\/#website\",\"url\":\"https:\\\/\\\/www.bellunopress.it\\\/\",\"name\":\"Bellunopress - Dolomiti\",\"description\":\"e-mail: redazione@bellunopress.it\",\"publisher\":{\"@id\":\"https:\\\/\\\/www.bellunopress.it\\\/#organization\"},\"potentialAction\":[{\"@type\":\"SearchAction\",\"target\":{\"@type\":\"EntryPoint\",\"urlTemplate\":\"https:\\\/\\\/www.bellunopress.it\\\/?s={search_term_string}\"},\"query-input\":{\"@type\":\"PropertyValueSpecification\",\"valueRequired\":true,\"valueName\":\"search_term_string\"}}],\"inLanguage\":\"fr-FR\"},{\"@type\":\"Organization\",\"@id\":\"https:\\\/\\\/www.bellunopress.it\\\/#organization\",\"name\":\"Bellunopress\",\"url\":\"https:\\\/\\\/www.bellunopress.it\\\/\",\"logo\":{\"@type\":\"ImageObject\",\"inLanguage\":\"fr-FR\",\"@id\":\"https:\\\/\\\/www.bellunopress.it\\\/#\\\/schema\\\/logo\\\/image\\\/\",\"url\":\"https:\\\/\\\/www.bellunopress.it\\\/wp-content\\\/uploads\\\/2011\\\/05\\\/cropped-logo-bellunopress-.jpg\",\"contentUrl\":\"https:\\\/\\\/www.bellunopress.it\\\/wp-content\\\/uploads\\\/2011\\\/05\\\/cropped-logo-bellunopress-.jpg\",\"width\":512,\"height\":512,\"caption\":\"Bellunopress\"},\"image\":{\"@id\":\"https:\\\/\\\/www.bellunopress.it\\\/#\\\/schema\\\/logo\\\/image\\\/\"},\"sameAs\":[\"https:\\\/\\\/www.facebook.com\\\/profile.php?id=100008943462799\",\"https:\\\/\\\/x.com\\\/bellunopress\",\"https:\\\/\\\/www.linkedin.com\\\/hp\\\/?dnr=JBzUWaJfMUw8vbXJJ2tVW5-I3jZKvC4wsoxE&amp;amp;amp;amp;amp;amp;trk=nav_responsive_tab_home\",\"https:\\\/\\\/www.youtube.com\\\/channel\\\/UCxL0wu1uN0_3_7hGG0306cw\"]},{\"@type\":\"Person\",\"@id\":\"https:\\\/\\\/www.bellunopress.it\\\/#\\\/schema\\\/person\\\/79bb06722b37ece1c03d3e94beb30d73\",\"name\":\"redazione\",\"image\":{\"@type\":\"ImageObject\",\"inLanguage\":\"fr-FR\",\"@id\":\"https:\\\/\\\/secure.gravatar.com\\\/avatar\\\/37d968a2e67a6fd04c169c4bdef102d0bc5d31b2546345219e348575eb80e9a0?s=96&d=mm&r=g\",\"url\":\"https:\\\/\\\/secure.gravatar.com\\\/avatar\\\/37d968a2e67a6fd04c169c4bdef102d0bc5d31b2546345219e348575eb80e9a0?s=96&d=mm&r=g\",\"contentUrl\":\"https:\\\/\\\/secure.gravatar.com\\\/avatar\\\/37d968a2e67a6fd04c169c4bdef102d0bc5d31b2546345219e348575eb80e9a0?s=96&d=mm&r=g\",\"caption\":\"redazione\"},\"sameAs\":[\"http:\\\/\\\/www.bellunopress.it\",\"https:\\\/\\\/x.com\\\/bellunopress\"],\"url\":\"https:\\\/\\\/www.bellunopress.it\\\/fr\\\/author\\\/redazione\\\/\"}]}<\/script>\n<!-- \/ Yoast SEO plugin. -->","yoast_head_json":{"title":"Insediato il nuovo Consiglio delle Autonomie locali del Veneto, Gianluca Dal Borgo eletto alla vicepresidenza\u00a0 - Bellunopress - Dolomiti","robots":{"index":"index","follow":"follow","max-snippet":"max-snippet:-1","max-image-preview":"max-image-preview:large","max-video-preview":"max-video-preview:-1"},"canonical":"https:\/\/www.bellunopress.it\/fr\/2026\/05\/25\/insediato-il-nuovo-consiglio-delle-autonomie-locali-del-veneto-gianluca-dal-borgo-eletto-alla-vicepresidenza\/","og_locale":"fr_FR","og_type":"article","og_title":"Insediato il nuovo Consiglio delle Autonomie locali del Veneto, Gianluca Dal Borgo eletto alla vicepresidenza\u00a0 - Bellunopress - Dolomiti","og_description":"Venezia, 25 maggio 2026\u00a0 &#8211;\u00a0&#8220;Le migliori decisioni regionali nascono dall&#8217;ascolto di chi ogni giorno amministra i territori e risponde alle necessit\u00e0 delle comunit\u00e0. \u00c8 questo il valore del Consiglio delle Autonomie locali e il senso pi\u00f9 profondo della delega agli Enti locali: trasformare l&#8217;esperienza dei sindaci e degli amministratori in politiche pi\u00f9 efficaci, vicine ai [&hellip;]","og_url":"https:\/\/www.bellunopress.it\/fr\/2026\/05\/25\/insediato-il-nuovo-consiglio-delle-autonomie-locali-del-veneto-gianluca-dal-borgo-eletto-alla-vicepresidenza\/","og_site_name":"Bellunopress - Dolomiti","article_publisher":"https:\/\/www.facebook.com\/profile.php?id=100008943462799","article_published_time":"2026-05-25T14:00:55+00:00","og_image":[{"width":1000,"height":659,"url":"https:\/\/www.bellunopress.it\/wp-content\/uploads\/2022\/07\/Gianluca-Dal-Borgo-sindaco-Chies-dAlpago_edited.jpg","type":"image\/jpeg"}],"author":"redazione","twitter_card":"summary_large_image","twitter_creator":"@bellunopress","twitter_site":"@bellunopress","twitter_misc":{"Written by":"redazione","Est. reading time":"2 minutes"},"schema":{"@context":"https:\/\/schema.org","@graph":[{"@type":"Article","@id":"https:\/\/www.bellunopress.it\/2026\/05\/25\/insediato-il-nuovo-consiglio-delle-autonomie-locali-del-veneto-gianluca-dal-borgo-eletto-alla-vicepresidenza\/#article","isPartOf":{"@id":"https:\/\/www.bellunopress.it\/2026\/05\/25\/insediato-il-nuovo-consiglio-delle-autonomie-locali-del-veneto-gianluca-dal-borgo-eletto-alla-vicepresidenza\/"},"author":{"name":"redazione","@id":"https:\/\/www.bellunopress.it\/#\/schema\/person\/79bb06722b37ece1c03d3e94beb30d73"},"headline":"Insediato il nuovo Consiglio delle Autonomie locali del Veneto, Gianluca Dal Borgo eletto alla vicepresidenza\u00a0","datePublished":"2026-05-25T14:00:55+00:00","mainEntityOfPage":{"@id":"https:\/\/www.bellunopress.it\/2026\/05\/25\/insediato-il-nuovo-consiglio-delle-autonomie-locali-del-veneto-gianluca-dal-borgo-eletto-alla-vicepresidenza\/"},"wordCount":258,"publisher":{"@id":"https:\/\/www.bellunopress.it\/#organization"},"image":{"@id":"https:\/\/www.bellunopress.it\/2026\/05\/25\/insediato-il-nuovo-consiglio-delle-autonomie-locali-del-veneto-gianluca-dal-borgo-eletto-alla-vicepresidenza\/#primaryimage"},"thumbnailUrl":"https:\/\/www.bellunopress.it\/wp-content\/uploads\/2022\/07\/Gianluca-Dal-Borgo-sindaco-Chies-dAlpago_edited.jpg","articleSection":["Cronaca\/Politica"],"inLanguage":"fr-FR"},{"@type":"WebPage","@id":"https:\/\/www.bellunopress.it\/2026\/05\/25\/insediato-il-nuovo-consiglio-delle-autonomie-locali-del-veneto-gianluca-dal-borgo-eletto-alla-vicepresidenza\/","url":"https:\/\/www.bellunopress.it\/2026\/05\/25\/insediato-il-nuovo-consiglio-delle-autonomie-locali-del-veneto-gianluca-dal-borgo-eletto-alla-vicepresidenza\/","name":"Insediato il nuovo Consiglio delle Autonomie locali del Veneto, Gianluca Dal Borgo eletto alla vicepresidenza\u00a0 - Bellunopress - Dolomiti","isPartOf":{"@id":"https:\/\/www.bellunopress.it\/#website"},"primaryImageOfPage":{"@id":"https:\/\/www.bellunopress.it\/2026\/05\/25\/insediato-il-nuovo-consiglio-delle-autonomie-locali-del-veneto-gianluca-dal-borgo-eletto-alla-vicepresidenza\/#primaryimage"},"image":{"@id":"https:\/\/www.bellunopress.it\/2026\/05\/25\/insediato-il-nuovo-consiglio-delle-autonomie-locali-del-veneto-gianluca-dal-borgo-eletto-alla-vicepresidenza\/#primaryimage"},"thumbnailUrl":"https:\/\/www.bellunopress.it\/wp-content\/uploads\/2022\/07\/Gianluca-Dal-Borgo-sindaco-Chies-dAlpago_edited.jpg","datePublished":"2026-05-25T14:00:55+00:00","breadcrumb":{"@id":"https:\/\/www.bellunopress.it\/2026\/05\/25\/insediato-il-nuovo-consiglio-delle-autonomie-locali-del-veneto-gianluca-dal-borgo-eletto-alla-vicepresidenza\/#breadcrumb"},"inLanguage":"fr-FR","potentialAction":[{"@type":"ReadAction","target":["https:\/\/www.bellunopress.it\/2026\/05\/25\/insediato-il-nuovo-consiglio-delle-autonomie-locali-del-veneto-gianluca-dal-borgo-eletto-alla-vicepresidenza\/"]}]},{"@type":"ImageObject","inLanguage":"fr-FR","@id":"https:\/\/www.bellunopress.it\/2026\/05\/25\/insediato-il-nuovo-consiglio-delle-autonomie-locali-del-veneto-gianluca-dal-borgo-eletto-alla-vicepresidenza\/#primaryimage","url":"https:\/\/www.bellunopress.it\/wp-content\/uploads\/2022\/07\/Gianluca-Dal-Borgo-sindaco-Chies-dAlpago_edited.jpg","contentUrl":"https:\/\/www.bellunopress.it\/wp-content\/uploads\/2022\/07\/Gianluca-Dal-Borgo-sindaco-Chies-dAlpago_edited.jpg","width":1000,"height":659,"caption":"Gianluca Dal Borgo, sindaco di Chies d'Alpago"},{"@type":"BreadcrumbList","@id":"https:\/\/www.bellunopress.it\/2026\/05\/25\/insediato-il-nuovo-consiglio-delle-autonomie-locali-del-veneto-gianluca-dal-borgo-eletto-alla-vicepresidenza\/#breadcrumb","itemListElement":[{"@type":"ListItem","position":1,"name":"Home","item":"https:\/\/www.bellunopress.it\/"},{"@type":"ListItem","position":2,"name":"Insediato il nuovo Consiglio delle Autonomie locali del Veneto, Gianluca Dal Borgo eletto alla vicepresidenza\u00a0"}]},{"@type":"WebSite","@id":"https:\/\/www.bellunopress.it\/#website","url":"https:\/\/www.bellunopress.it\/","name":"Bellunopress - Dolomiti","description":"e-mail: redazione@bellunopress.it","publisher":{"@id":"https:\/\/www.bellunopress.it\/#organization"},"potentialAction":[{"@type":"SearchAction","target":{"@type":"EntryPoint","urlTemplate":"https:\/\/www.bellunopress.it\/?s={search_term_string}"},"query-input":{"@type":"PropertyValueSpecification","valueRequired":true,"valueName":"search_term_string"}}],"inLanguage":"fr-FR"},{"@type":"Organization","@id":"https:\/\/www.bellunopress.it\/#organization","name":"Bellunopress","url":"https:\/\/www.bellunopress.it\/","logo":{"@type":"ImageObject","inLanguage":"fr-FR","@id":"https:\/\/www.bellunopress.it\/#\/schema\/logo\/image\/","url":"https:\/\/www.bellunopress.it\/wp-content\/uploads\/2011\/05\/cropped-logo-bellunopress-.jpg","contentUrl":"https:\/\/www.bellunopress.it\/wp-content\/uploads\/2011\/05\/cropped-logo-bellunopress-.jpg","width":512,"height":512,"caption":"Bellunopress"},"image":{"@id":"https:\/\/www.bellunopress.it\/#\/schema\/logo\/image\/"},"sameAs":["https:\/\/www.facebook.com\/profile.php?id=100008943462799","https:\/\/x.com\/bellunopress","https:\/\/www.linkedin.com\/hp\/?dnr=JBzUWaJfMUw8vbXJJ2tVW5-I3jZKvC4wsoxE&amp;amp;amp;amp;amp;amp;trk=nav_responsive_tab_home","https:\/\/www.youtube.com\/channel\/UCxL0wu1uN0_3_7hGG0306cw"]},{"@type":"Person","@id":"https:\/\/www.bellunopress.it\/#\/schema\/person\/79bb06722b37ece1c03d3e94beb30d73","name":"r\u00e9daction","image":{"@type":"ImageObject","inLanguage":"fr-FR","@id":"https:\/\/secure.gravatar.com\/avatar\/37d968a2e67a6fd04c169c4bdef102d0bc5d31b2546345219e348575eb80e9a0?s=96&d=mm&r=g","url":"https:\/\/secure.gravatar.com\/avatar\/37d968a2e67a6fd04c169c4bdef102d0bc5d31b2546345219e348575eb80e9a0?s=96&d=mm&r=g","contentUrl":"https:\/\/secure.gravatar.com\/avatar\/37d968a2e67a6fd04c169c4bdef102d0bc5d31b2546345219e348575eb80e9a0?s=96&d=mm&r=g","caption":"redazione"},"sameAs":["http:\/\/www.bellunopress.it","https:\/\/x.com\/bellunopress"],"url":"https:\/\/www.bellunopress.it\/fr\/author\/redazione\/"}]}},"_links":{"self":[{"href":"https:\/\/www.bellunopress.it\/fr\/wp-json\/wp\/v2\/posts\/170451","targetHints":{"allow":["GET"]}}],"collection":[{"href":"https:\/\/www.bellunopress.it\/fr\/wp-json\/wp\/v2\/posts"}],"about":[{"href":"https:\/\/www.bellunopress.it\/fr\/wp-json\/wp\/v2\/types\/post"}],"author":[{"embeddable":true,"href":"https:\/\/www.bellunopress.it\/fr\/wp-json\/wp\/v2\/users\/2"}],"replies":[{"embeddable":true,"href":"https:\/\/www.bellunopress.it\/fr\/wp-json\/wp\/v2\/comments?post=170451"}],"version-history":[{"count":1,"href":"https:\/\/www.bellunopress.it\/fr\/wp-json\/wp\/v2\/posts\/170451\/revisions"}],"predecessor-version":[{"id":170452,"href":"https:\/\/www.bellunopress.it\/fr\/wp-json\/wp\/v2\/posts\/170451\/revisions\/170452"}],"wp:featuredmedia":[{"embeddable":true,"href":"https:\/\/www.bellunopress.it\/fr\/wp-json\/wp\/v2\/media\/135256"}],"wp:attachment":[{"href":"https:\/\/www.bellunopress.it\/fr\/wp-json\/wp\/v2\/media?parent=170451"}],"wp:term":[{"taxonomy":"category","embeddable":true,"href":"https:\/\/www.bellunopress.it\/fr\/wp-json\/wp\/v2\/categories?post=170451"},{"taxonomy":"post_tag","embeddable":true,"href":"https:\/\/www.bellunopress.it\/fr\/wp-json\/wp\/v2\/tags?post=170451"}],"curies":[{"name":"wp","href":"https:\/\/api.w.org\/{rel}","templated":true}]}}