{"id":170447,"date":"2026-05-25T15:20:04","date_gmt":"2026-05-25T13:20:04","guid":{"rendered":"https:\/\/www.bellunopress.it\/?p=170447"},"modified":"2026-05-25T15:24:34","modified_gmt":"2026-05-25T13:24:34","slug":"il-tar-respinge-il-ricorso-per-via-feltre-il-progetto-di-riqualificazione-puo-proseguire","status":"publish","type":"post","link":"https:\/\/www.bellunopress.it\/fr\/2026\/05\/25\/il-tar-respinge-il-ricorso-per-via-feltre-il-progetto-di-riqualificazione-puo-proseguire\/","title":{"rendered":"Il Tar respinge il ricorso di via Feltre: il progetto di riqualificazione pu\u00f2 proseguire"},"content":{"rendered":"<p>I lavori in via Feltre proseguiranno come da progetto. Il Tribunale Amministrativo Regionale per il Veneto ha infatti respinto l&#8217;istanza cautelare presentata da Italia Nostra e Onda Veneto contro il progetto di riqualificazione di via Feltre, consentendo al Comune di Belluno di proseguire con l&#8217;intervento gi\u00e0 avviato. L&#8217;ordinanza, pur inserendosi nella fase cautelare del giudizio, affronta nel merito le principali contestazioni sollevate e ne esclude la fondatezza, riconoscendo la correttezza del percorso amministrativo seguito dal Comune e la solidit\u00e0 delle valutazioni tecniche che hanno portato alla definizione del progetto. Il Comune di Belluno si \u00e8 costituito in giudizio rappresentato e difeso dall&#8217;avvocato civico Paolo Vignola.<\/p>\n<p><strong>Il sindaco di Belluno Oscar De Pellegrin<\/strong><br \/>\n\u201cAccolgo con soddisfazione questa decisione &#8211; dichiara il sindaco Oscar De Pellegrin -. Soddisfazione perch\u00e9 il Tar riconosce la correttezza del lavoro svolto dagli uffici comunali e dei percorsi di approfondimento tecnico che hanno accompagnato il progetto. Si tratta di un intervento nel quale ho sempre creduto fin dall&#8217;inizio e sul quale ho riflettuto a lungo, confrontandomi con i progettisti per individuare la soluzione migliore per affrontare problematiche che via Feltre si porta dietro da molti anni.<br \/>\nUn ringraziamento va anche al cittadino che ha scelto di investire risorse importanti per la realizzazione di quest&#8217;opera, offrendo alla Citt\u00e0 un&#8217;opportunit\u00e0 significativa di riqualificazione senza oneri per la collettivit\u00e0. Ero convinto della bont\u00e0 del progetto perch\u00e9 nasce dall&#8217;analisi di criticit\u00e0 reali e dall&#8217;obiettivo di migliorare concretamente la vivibilit\u00e0 di uno degli ingressi principali di Belluno, la sicurezza dei pedoni, l&#8217;accessibilit\u00e0 degli spazi pubblici e la fruibilit\u00e0 delle attivit\u00e0 economiche presenti lungo l&#8217;asse viario.<br \/>\nLe diverse opinioni espresse in questi mesi rappresentano comunque un segno di attenzione verso la Citt\u00e0 e il suo futuro e meritano rispetto. Proprio per questo ho sempre cercato di affrontare il confronto con seriet\u00e0 e trasparenza. L&#8217;ordinanza affronta in maniera puntuale le principali questioni sollevate e conferma che le scelte sono state assunte sulla base di valutazioni tecniche approfondite e di un percorso amministrativo corretto.<br \/>\nIl pronunciamento del Tribunale permette ora di proseguire con serenit\u00e0. Continuer\u00f2 a farlo mantenendo aperto il confronto con la comunit\u00e0 e perseguendo l&#8217;obiettivo di una Belluno sempre pi\u00f9 vivibile, sicura e attenta alla qualit\u00e0 dei propri spazi pubblici. Anche il verde continuer\u00e0 ad avere un ruolo centrale: il progetto non punta a eliminarlo ma, come ho sempre sostenuto, a garantirgli condizioni migliori di crescita e di sviluppo nel tempo, attraverso una nuova sistemazione che consenta alle alberature di vivere in modo pi\u00f9 sano e duraturo rispetto alla situazione attuale\u201d.<\/p>\n<p><strong>Il provvedimento del Tribunale Amministrativo Regionale<\/strong><br \/>\nNel provvedimento, il Tar affronta anzitutto la questione relativa al mancato coinvolgimento della Soprintendenza, rilevando come gli interventi previsti in prossimit\u00e0 di Villa Prosdocimi non siano attualmente compresi nel progetto esecutivo e restino comunque subordinati al completamento della procedura di acquisizione delle aree interessate da parte del Comune e all&#8217;ottenimento delle necessarie autorizzazioni.<br \/>\nIl Tribunale esclude inoltre la presenza di un vincolo storico ex lege sull&#8217;attuale assetto di via Feltre e sulle alberature esistenti, osservando che la sistemazione della strada e la piantumazione dei tigli risalgono alla met\u00e0 degli anni Sessanta e non rientrano pertanto nella disciplina richiamata nel ricorso.<\/p>\n<p>Particolarmente significativa \u00e8 la valutazione dedicata all&#8217;istruttoria tecnica che ha accompagnato il progetto. L&#8217;ordinanza richiama infatti le relazioni e gli studi acquisiti dal Comune e ritiene ragionevole la scelta di procedere con una riqualificazione complessiva dell&#8217;asse viario, finalizzata a risolvere criticit\u00e0 stratificatesi nel tempo e a garantire una nuova sistemazione del verde urbano pi\u00f9 adeguata alle caratteristiche del sito.<br \/>\nIl Tar evidenzia anche come il progetto non preveda l&#8217;eliminazione del verde, ma una sua complessiva riorganizzazione attraverso nuove alberature e soluzioni progettuali pensate per assicurare migliori condizioni di sviluppo e una maggiore sostenibilit\u00e0 nel lungo periodo.<\/p>\n<p>&nbsp;<\/p>","protected":false},"excerpt":{"rendered":"<p>I lavori in via Feltre proseguiranno come da progetto. Il Tribunale Amministrativo Regionale per il Veneto ha infatti respinto l&#8217;istanza cautelare presentata da Italia Nostra e Onda Veneto contro il progetto di riqualificazione di via Feltre, consentendo al Comune di Belluno di proseguire con l&#8217;intervento gi\u00e0 avviato. L&#8217;ordinanza, pur inserendosi nella fase cautelare del giudizio, [&hellip;]<\/p>\n","protected":false},"author":2,"featured_media":169659,"comment_status":"closed","ping_status":"open","sticky":false,"template":"","format":"standard","meta":{"footnotes":""},"categories":[5,26],"tags":[],"class_list":["post-170447","post","type-post","status-publish","format-standard","has-post-thumbnail","category-cronaca","category-prima-pagina"],"yoast_head":"<!-- This site is optimized with the Yoast SEO plugin v28.4 - https:\/\/yoast.com\/product\/yoast-seo-wordpress\/ -->\n<title>Il Tar respinge il ricorso di via Feltre: il progetto di riqualificazione pu\u00f2 proseguire - Bellunopress - Dolomiti<\/title>\n<meta name=\"robots\" content=\"index, follow, max-snippet:-1, max-image-preview:large, max-video-preview:-1\" \/>\n<link rel=\"canonical\" href=\"https:\/\/www.bellunopress.it\/fr\/2026\/05\/25\/il-tar-respinge-il-ricorso-per-via-feltre-il-progetto-di-riqualificazione-puo-proseguire\/\" \/>\n<meta property=\"og:locale\" content=\"fr_FR\" \/>\n<meta property=\"og:type\" content=\"article\" \/>\n<meta property=\"og:title\" content=\"Il Tar respinge il ricorso di via Feltre: il progetto di riqualificazione pu\u00f2 proseguire - Bellunopress - Dolomiti\" \/>\n<meta property=\"og:description\" content=\"I lavori in via Feltre proseguiranno come da progetto. Il Tribunale Amministrativo Regionale per il Veneto ha infatti respinto l&#8217;istanza cautelare presentata da Italia Nostra e Onda Veneto contro il progetto di riqualificazione di via Feltre, consentendo al Comune di Belluno di proseguire con l&#8217;intervento gi\u00e0 avviato. L&#8217;ordinanza, pur inserendosi nella fase cautelare del giudizio, [&hellip;]\" \/>\n<meta property=\"og:url\" content=\"https:\/\/www.bellunopress.it\/fr\/2026\/05\/25\/il-tar-respinge-il-ricorso-per-via-feltre-il-progetto-di-riqualificazione-puo-proseguire\/\" \/>\n<meta property=\"og:site_name\" content=\"Bellunopress - Dolomiti\" \/>\n<meta property=\"article:publisher\" content=\"https:\/\/www.facebook.com\/profile.php?id=100008943462799\" \/>\n<meta property=\"article:published_time\" content=\"2026-05-25T13:20:04+00:00\" \/>\n<meta property=\"article:modified_time\" content=\"2026-05-25T13:24:34+00:00\" \/>\n<meta property=\"og:image\" content=\"https:\/\/www.bellunopress.it\/wp-content\/uploads\/2026\/05\/via-Feltre-dopo-taglio-alberi.jpg\" \/>\n\t<meta property=\"og:image:width\" content=\"500\" \/>\n\t<meta property=\"og:image:height\" content=\"356\" \/>\n\t<meta property=\"og:image:type\" content=\"image\/jpeg\" \/>\n<meta name=\"author\" content=\"redazione\" \/>\n<meta name=\"twitter:card\" content=\"summary_large_image\" \/>\n<meta name=\"twitter:creator\" content=\"@bellunopress\" \/>\n<meta name=\"twitter:site\" content=\"@bellunopress\" \/>\n<meta name=\"twitter:label1\" content=\"Written by\" \/>\n\t<meta name=\"twitter:data1\" content=\"redazione\" \/>\n\t<meta name=\"twitter:label2\" content=\"Est. reading time\" \/>\n\t<meta name=\"twitter:data2\" content=\"4 minutes\" \/>\n<script type=\"application\/ld+json\" class=\"yoast-schema-graph\">{\"@context\":\"https:\\\/\\\/schema.org\",\"@graph\":[{\"@type\":\"Article\",\"@id\":\"https:\\\/\\\/www.bellunopress.it\\\/2026\\\/05\\\/25\\\/il-tar-respinge-il-ricorso-per-via-feltre-il-progetto-di-riqualificazione-puo-proseguire\\\/#article\",\"isPartOf\":{\"@id\":\"https:\\\/\\\/www.bellunopress.it\\\/2026\\\/05\\\/25\\\/il-tar-respinge-il-ricorso-per-via-feltre-il-progetto-di-riqualificazione-puo-proseguire\\\/\"},\"author\":{\"name\":\"redazione\",\"@id\":\"https:\\\/\\\/www.bellunopress.it\\\/#\\\/schema\\\/person\\\/79bb06722b37ece1c03d3e94beb30d73\"},\"headline\":\"Il Tar respinge il ricorso di via Feltre: il progetto di riqualificazione pu\u00f2 proseguire\",\"datePublished\":\"2026-05-25T13:20:04+00:00\",\"dateModified\":\"2026-05-25T13:24:34+00:00\",\"mainEntityOfPage\":{\"@id\":\"https:\\\/\\\/www.bellunopress.it\\\/2026\\\/05\\\/25\\\/il-tar-respinge-il-ricorso-per-via-feltre-il-progetto-di-riqualificazione-puo-proseguire\\\/\"},\"wordCount\":652,\"publisher\":{\"@id\":\"https:\\\/\\\/www.bellunopress.it\\\/#organization\"},\"image\":{\"@id\":\"https:\\\/\\\/www.bellunopress.it\\\/2026\\\/05\\\/25\\\/il-tar-respinge-il-ricorso-per-via-feltre-il-progetto-di-riqualificazione-puo-proseguire\\\/#primaryimage\"},\"thumbnailUrl\":\"https:\\\/\\\/www.bellunopress.it\\\/wp-content\\\/uploads\\\/2026\\\/05\\\/via-Feltre-dopo-taglio-alberi.jpg\",\"articleSection\":[\"Cronaca\\\/Politica\",\"Prima Pagina\"],\"inLanguage\":\"fr-FR\"},{\"@type\":\"WebPage\",\"@id\":\"https:\\\/\\\/www.bellunopress.it\\\/2026\\\/05\\\/25\\\/il-tar-respinge-il-ricorso-per-via-feltre-il-progetto-di-riqualificazione-puo-proseguire\\\/\",\"url\":\"https:\\\/\\\/www.bellunopress.it\\\/2026\\\/05\\\/25\\\/il-tar-respinge-il-ricorso-per-via-feltre-il-progetto-di-riqualificazione-puo-proseguire\\\/\",\"name\":\"Il Tar respinge il ricorso di via Feltre: il progetto di riqualificazione pu\u00f2 proseguire - Bellunopress - Dolomiti\",\"isPartOf\":{\"@id\":\"https:\\\/\\\/www.bellunopress.it\\\/#website\"},\"primaryImageOfPage\":{\"@id\":\"https:\\\/\\\/www.bellunopress.it\\\/2026\\\/05\\\/25\\\/il-tar-respinge-il-ricorso-per-via-feltre-il-progetto-di-riqualificazione-puo-proseguire\\\/#primaryimage\"},\"image\":{\"@id\":\"https:\\\/\\\/www.bellunopress.it\\\/2026\\\/05\\\/25\\\/il-tar-respinge-il-ricorso-per-via-feltre-il-progetto-di-riqualificazione-puo-proseguire\\\/#primaryimage\"},\"thumbnailUrl\":\"https:\\\/\\\/www.bellunopress.it\\\/wp-content\\\/uploads\\\/2026\\\/05\\\/via-Feltre-dopo-taglio-alberi.jpg\",\"datePublished\":\"2026-05-25T13:20:04+00:00\",\"dateModified\":\"2026-05-25T13:24:34+00:00\",\"breadcrumb\":{\"@id\":\"https:\\\/\\\/www.bellunopress.it\\\/2026\\\/05\\\/25\\\/il-tar-respinge-il-ricorso-per-via-feltre-il-progetto-di-riqualificazione-puo-proseguire\\\/#breadcrumb\"},\"inLanguage\":\"fr-FR\",\"potentialAction\":[{\"@type\":\"ReadAction\",\"target\":[\"https:\\\/\\\/www.bellunopress.it\\\/2026\\\/05\\\/25\\\/il-tar-respinge-il-ricorso-per-via-feltre-il-progetto-di-riqualificazione-puo-proseguire\\\/\"]}]},{\"@type\":\"ImageObject\",\"inLanguage\":\"fr-FR\",\"@id\":\"https:\\\/\\\/www.bellunopress.it\\\/2026\\\/05\\\/25\\\/il-tar-respinge-il-ricorso-per-via-feltre-il-progetto-di-riqualificazione-puo-proseguire\\\/#primaryimage\",\"url\":\"https:\\\/\\\/www.bellunopress.it\\\/wp-content\\\/uploads\\\/2026\\\/05\\\/via-Feltre-dopo-taglio-alberi.jpg\",\"contentUrl\":\"https:\\\/\\\/www.bellunopress.it\\\/wp-content\\\/uploads\\\/2026\\\/05\\\/via-Feltre-dopo-taglio-alberi.jpg\",\"width\":500,\"height\":356,\"caption\":\"Belluno, via Feltre dopo il taglio degli alberi\"},{\"@type\":\"BreadcrumbList\",\"@id\":\"https:\\\/\\\/www.bellunopress.it\\\/2026\\\/05\\\/25\\\/il-tar-respinge-il-ricorso-per-via-feltre-il-progetto-di-riqualificazione-puo-proseguire\\\/#breadcrumb\",\"itemListElement\":[{\"@type\":\"ListItem\",\"position\":1,\"name\":\"Home\",\"item\":\"https:\\\/\\\/www.bellunopress.it\\\/\"},{\"@type\":\"ListItem\",\"position\":2,\"name\":\"Il Tar respinge il ricorso di via Feltre: il progetto di riqualificazione pu\u00f2 proseguire\"}]},{\"@type\":\"WebSite\",\"@id\":\"https:\\\/\\\/www.bellunopress.it\\\/#website\",\"url\":\"https:\\\/\\\/www.bellunopress.it\\\/\",\"name\":\"Bellunopress - Dolomiti\",\"description\":\"e-mail: redazione@bellunopress.it\",\"publisher\":{\"@id\":\"https:\\\/\\\/www.bellunopress.it\\\/#organization\"},\"potentialAction\":[{\"@type\":\"SearchAction\",\"target\":{\"@type\":\"EntryPoint\",\"urlTemplate\":\"https:\\\/\\\/www.bellunopress.it\\\/?s={search_term_string}\"},\"query-input\":{\"@type\":\"PropertyValueSpecification\",\"valueRequired\":true,\"valueName\":\"search_term_string\"}}],\"inLanguage\":\"fr-FR\"},{\"@type\":\"Organization\",\"@id\":\"https:\\\/\\\/www.bellunopress.it\\\/#organization\",\"name\":\"Bellunopress\",\"url\":\"https:\\\/\\\/www.bellunopress.it\\\/\",\"logo\":{\"@type\":\"ImageObject\",\"inLanguage\":\"fr-FR\",\"@id\":\"https:\\\/\\\/www.bellunopress.it\\\/#\\\/schema\\\/logo\\\/image\\\/\",\"url\":\"https:\\\/\\\/www.bellunopress.it\\\/wp-content\\\/uploads\\\/2011\\\/05\\\/cropped-logo-bellunopress-.jpg\",\"contentUrl\":\"https:\\\/\\\/www.bellunopress.it\\\/wp-content\\\/uploads\\\/2011\\\/05\\\/cropped-logo-bellunopress-.jpg\",\"width\":512,\"height\":512,\"caption\":\"Bellunopress\"},\"image\":{\"@id\":\"https:\\\/\\\/www.bellunopress.it\\\/#\\\/schema\\\/logo\\\/image\\\/\"},\"sameAs\":[\"https:\\\/\\\/www.facebook.com\\\/profile.php?id=100008943462799\",\"https:\\\/\\\/x.com\\\/bellunopress\",\"https:\\\/\\\/www.linkedin.com\\\/hp\\\/?dnr=JBzUWaJfMUw8vbXJJ2tVW5-I3jZKvC4wsoxE&amp;amp;amp;amp;amp;amp;trk=nav_responsive_tab_home\",\"https:\\\/\\\/www.youtube.com\\\/channel\\\/UCxL0wu1uN0_3_7hGG0306cw\"]},{\"@type\":\"Person\",\"@id\":\"https:\\\/\\\/www.bellunopress.it\\\/#\\\/schema\\\/person\\\/79bb06722b37ece1c03d3e94beb30d73\",\"name\":\"redazione\",\"image\":{\"@type\":\"ImageObject\",\"inLanguage\":\"fr-FR\",\"@id\":\"https:\\\/\\\/secure.gravatar.com\\\/avatar\\\/37d968a2e67a6fd04c169c4bdef102d0bc5d31b2546345219e348575eb80e9a0?s=96&d=mm&r=g\",\"url\":\"https:\\\/\\\/secure.gravatar.com\\\/avatar\\\/37d968a2e67a6fd04c169c4bdef102d0bc5d31b2546345219e348575eb80e9a0?s=96&d=mm&r=g\",\"contentUrl\":\"https:\\\/\\\/secure.gravatar.com\\\/avatar\\\/37d968a2e67a6fd04c169c4bdef102d0bc5d31b2546345219e348575eb80e9a0?s=96&d=mm&r=g\",\"caption\":\"redazione\"},\"sameAs\":[\"http:\\\/\\\/www.bellunopress.it\",\"https:\\\/\\\/x.com\\\/bellunopress\"],\"url\":\"https:\\\/\\\/www.bellunopress.it\\\/fr\\\/author\\\/redazione\\\/\"}]}<\/script>\n<!-- \/ Yoast SEO plugin. -->","yoast_head_json":{"title":"Il Tar respinge il ricorso di via Feltre: il progetto di riqualificazione pu\u00f2 proseguire - Bellunopress - Dolomiti","robots":{"index":"index","follow":"follow","max-snippet":"max-snippet:-1","max-image-preview":"max-image-preview:large","max-video-preview":"max-video-preview:-1"},"canonical":"https:\/\/www.bellunopress.it\/fr\/2026\/05\/25\/il-tar-respinge-il-ricorso-per-via-feltre-il-progetto-di-riqualificazione-puo-proseguire\/","og_locale":"fr_FR","og_type":"article","og_title":"Il Tar respinge il ricorso di via Feltre: il progetto di riqualificazione pu\u00f2 proseguire - Bellunopress - Dolomiti","og_description":"I lavori in via Feltre proseguiranno come da progetto. Il Tribunale Amministrativo Regionale per il Veneto ha infatti respinto l&#8217;istanza cautelare presentata da Italia Nostra e Onda Veneto contro il progetto di riqualificazione di via Feltre, consentendo al Comune di Belluno di proseguire con l&#8217;intervento gi\u00e0 avviato. L&#8217;ordinanza, pur inserendosi nella fase cautelare del giudizio, [&hellip;]","og_url":"https:\/\/www.bellunopress.it\/fr\/2026\/05\/25\/il-tar-respinge-il-ricorso-per-via-feltre-il-progetto-di-riqualificazione-puo-proseguire\/","og_site_name":"Bellunopress - Dolomiti","article_publisher":"https:\/\/www.facebook.com\/profile.php?id=100008943462799","article_published_time":"2026-05-25T13:20:04+00:00","article_modified_time":"2026-05-25T13:24:34+00:00","og_image":[{"width":500,"height":356,"url":"https:\/\/www.bellunopress.it\/wp-content\/uploads\/2026\/05\/via-Feltre-dopo-taglio-alberi.jpg","type":"image\/jpeg"}],"author":"redazione","twitter_card":"summary_large_image","twitter_creator":"@bellunopress","twitter_site":"@bellunopress","twitter_misc":{"Written by":"redazione","Est. reading time":"4 minutes"},"schema":{"@context":"https:\/\/schema.org","@graph":[{"@type":"Article","@id":"https:\/\/www.bellunopress.it\/2026\/05\/25\/il-tar-respinge-il-ricorso-per-via-feltre-il-progetto-di-riqualificazione-puo-proseguire\/#article","isPartOf":{"@id":"https:\/\/www.bellunopress.it\/2026\/05\/25\/il-tar-respinge-il-ricorso-per-via-feltre-il-progetto-di-riqualificazione-puo-proseguire\/"},"author":{"name":"redazione","@id":"https:\/\/www.bellunopress.it\/#\/schema\/person\/79bb06722b37ece1c03d3e94beb30d73"},"headline":"Il Tar respinge il ricorso di via Feltre: il progetto di riqualificazione pu\u00f2 proseguire","datePublished":"2026-05-25T13:20:04+00:00","dateModified":"2026-05-25T13:24:34+00:00","mainEntityOfPage":{"@id":"https:\/\/www.bellunopress.it\/2026\/05\/25\/il-tar-respinge-il-ricorso-per-via-feltre-il-progetto-di-riqualificazione-puo-proseguire\/"},"wordCount":652,"publisher":{"@id":"https:\/\/www.bellunopress.it\/#organization"},"image":{"@id":"https:\/\/www.bellunopress.it\/2026\/05\/25\/il-tar-respinge-il-ricorso-per-via-feltre-il-progetto-di-riqualificazione-puo-proseguire\/#primaryimage"},"thumbnailUrl":"https:\/\/www.bellunopress.it\/wp-content\/uploads\/2026\/05\/via-Feltre-dopo-taglio-alberi.jpg","articleSection":["Cronaca\/Politica","Prima Pagina"],"inLanguage":"fr-FR"},{"@type":"WebPage","@id":"https:\/\/www.bellunopress.it\/2026\/05\/25\/il-tar-respinge-il-ricorso-per-via-feltre-il-progetto-di-riqualificazione-puo-proseguire\/","url":"https:\/\/www.bellunopress.it\/2026\/05\/25\/il-tar-respinge-il-ricorso-per-via-feltre-il-progetto-di-riqualificazione-puo-proseguire\/","name":"Il Tar respinge il ricorso di via Feltre: il progetto di riqualificazione pu\u00f2 proseguire - Bellunopress - Dolomiti","isPartOf":{"@id":"https:\/\/www.bellunopress.it\/#website"},"primaryImageOfPage":{"@id":"https:\/\/www.bellunopress.it\/2026\/05\/25\/il-tar-respinge-il-ricorso-per-via-feltre-il-progetto-di-riqualificazione-puo-proseguire\/#primaryimage"},"image":{"@id":"https:\/\/www.bellunopress.it\/2026\/05\/25\/il-tar-respinge-il-ricorso-per-via-feltre-il-progetto-di-riqualificazione-puo-proseguire\/#primaryimage"},"thumbnailUrl":"https:\/\/www.bellunopress.it\/wp-content\/uploads\/2026\/05\/via-Feltre-dopo-taglio-alberi.jpg","datePublished":"2026-05-25T13:20:04+00:00","dateModified":"2026-05-25T13:24:34+00:00","breadcrumb":{"@id":"https:\/\/www.bellunopress.it\/2026\/05\/25\/il-tar-respinge-il-ricorso-per-via-feltre-il-progetto-di-riqualificazione-puo-proseguire\/#breadcrumb"},"inLanguage":"fr-FR","potentialAction":[{"@type":"ReadAction","target":["https:\/\/www.bellunopress.it\/2026\/05\/25\/il-tar-respinge-il-ricorso-per-via-feltre-il-progetto-di-riqualificazione-puo-proseguire\/"]}]},{"@type":"ImageObject","inLanguage":"fr-FR","@id":"https:\/\/www.bellunopress.it\/2026\/05\/25\/il-tar-respinge-il-ricorso-per-via-feltre-il-progetto-di-riqualificazione-puo-proseguire\/#primaryimage","url":"https:\/\/www.bellunopress.it\/wp-content\/uploads\/2026\/05\/via-Feltre-dopo-taglio-alberi.jpg","contentUrl":"https:\/\/www.bellunopress.it\/wp-content\/uploads\/2026\/05\/via-Feltre-dopo-taglio-alberi.jpg","width":500,"height":356,"caption":"Belluno, via Feltre dopo il taglio degli alberi"},{"@type":"BreadcrumbList","@id":"https:\/\/www.bellunopress.it\/2026\/05\/25\/il-tar-respinge-il-ricorso-per-via-feltre-il-progetto-di-riqualificazione-puo-proseguire\/#breadcrumb","itemListElement":[{"@type":"ListItem","position":1,"name":"Home","item":"https:\/\/www.bellunopress.it\/"},{"@type":"ListItem","position":2,"name":"Il Tar respinge il ricorso di via Feltre: il progetto di riqualificazione pu\u00f2 proseguire"}]},{"@type":"WebSite","@id":"https:\/\/www.bellunopress.it\/#website","url":"https:\/\/www.bellunopress.it\/","name":"Bellunopress - Dolomiti","description":"e-mail: redazione@bellunopress.it","publisher":{"@id":"https:\/\/www.bellunopress.it\/#organization"},"potentialAction":[{"@type":"SearchAction","target":{"@type":"EntryPoint","urlTemplate":"https:\/\/www.bellunopress.it\/?s={search_term_string}"},"query-input":{"@type":"PropertyValueSpecification","valueRequired":true,"valueName":"search_term_string"}}],"inLanguage":"fr-FR"},{"@type":"Organization","@id":"https:\/\/www.bellunopress.it\/#organization","name":"Bellunopress","url":"https:\/\/www.bellunopress.it\/","logo":{"@type":"ImageObject","inLanguage":"fr-FR","@id":"https:\/\/www.bellunopress.it\/#\/schema\/logo\/image\/","url":"https:\/\/www.bellunopress.it\/wp-content\/uploads\/2011\/05\/cropped-logo-bellunopress-.jpg","contentUrl":"https:\/\/www.bellunopress.it\/wp-content\/uploads\/2011\/05\/cropped-logo-bellunopress-.jpg","width":512,"height":512,"caption":"Bellunopress"},"image":{"@id":"https:\/\/www.bellunopress.it\/#\/schema\/logo\/image\/"},"sameAs":["https:\/\/www.facebook.com\/profile.php?id=100008943462799","https:\/\/x.com\/bellunopress","https:\/\/www.linkedin.com\/hp\/?dnr=JBzUWaJfMUw8vbXJJ2tVW5-I3jZKvC4wsoxE&amp;amp;amp;amp;amp;amp;trk=nav_responsive_tab_home","https:\/\/www.youtube.com\/channel\/UCxL0wu1uN0_3_7hGG0306cw"]},{"@type":"Person","@id":"https:\/\/www.bellunopress.it\/#\/schema\/person\/79bb06722b37ece1c03d3e94beb30d73","name":"r\u00e9daction","image":{"@type":"ImageObject","inLanguage":"fr-FR","@id":"https:\/\/secure.gravatar.com\/avatar\/37d968a2e67a6fd04c169c4bdef102d0bc5d31b2546345219e348575eb80e9a0?s=96&d=mm&r=g","url":"https:\/\/secure.gravatar.com\/avatar\/37d968a2e67a6fd04c169c4bdef102d0bc5d31b2546345219e348575eb80e9a0?s=96&d=mm&r=g","contentUrl":"https:\/\/secure.gravatar.com\/avatar\/37d968a2e67a6fd04c169c4bdef102d0bc5d31b2546345219e348575eb80e9a0?s=96&d=mm&r=g","caption":"redazione"},"sameAs":["http:\/\/www.bellunopress.it","https:\/\/x.com\/bellunopress"],"url":"https:\/\/www.bellunopress.it\/fr\/author\/redazione\/"}]}},"_links":{"self":[{"href":"https:\/\/www.bellunopress.it\/fr\/wp-json\/wp\/v2\/posts\/170447","targetHints":{"allow":["GET"]}}],"collection":[{"href":"https:\/\/www.bellunopress.it\/fr\/wp-json\/wp\/v2\/posts"}],"about":[{"href":"https:\/\/www.bellunopress.it\/fr\/wp-json\/wp\/v2\/types\/post"}],"author":[{"embeddable":true,"href":"https:\/\/www.bellunopress.it\/fr\/wp-json\/wp\/v2\/users\/2"}],"replies":[{"embeddable":true,"href":"https:\/\/www.bellunopress.it\/fr\/wp-json\/wp\/v2\/comments?post=170447"}],"version-history":[{"count":3,"href":"https:\/\/www.bellunopress.it\/fr\/wp-json\/wp\/v2\/posts\/170447\/revisions"}],"predecessor-version":[{"id":170450,"href":"https:\/\/www.bellunopress.it\/fr\/wp-json\/wp\/v2\/posts\/170447\/revisions\/170450"}],"wp:featuredmedia":[{"embeddable":true,"href":"https:\/\/www.bellunopress.it\/fr\/wp-json\/wp\/v2\/media\/169659"}],"wp:attachment":[{"href":"https:\/\/www.bellunopress.it\/fr\/wp-json\/wp\/v2\/media?parent=170447"}],"wp:term":[{"taxonomy":"category","embeddable":true,"href":"https:\/\/www.bellunopress.it\/fr\/wp-json\/wp\/v2\/categories?post=170447"},{"taxonomy":"post_tag","embeddable":true,"href":"https:\/\/www.bellunopress.it\/fr\/wp-json\/wp\/v2\/tags?post=170447"}],"curies":[{"name":"wp","href":"https:\/\/api.w.org\/{rel}","templated":true}]}}