{"id":170440,"date":"2026-05-25T14:57:08","date_gmt":"2026-05-25T12:57:08","guid":{"rendered":"https:\/\/www.bellunopress.it\/?p=170440"},"modified":"2026-05-25T14:58:15","modified_gmt":"2026-05-25T12:58:15","slug":"larte-incontra-lo-sport-mercoledi-al-mvc-store-di-caupo-solinas-e-dellagnola-per-celebrare-il-giro-ditalia","status":"publish","type":"post","link":"https:\/\/www.bellunopress.it\/fr\/2026\/05\/25\/larte-incontra-lo-sport-mercoledi-al-mvc-store-di-caupo-solinas-e-dellagnola-per-celebrare-il-giro-ditalia\/","title":{"rendered":"L&#8217;arte incontra lo sport: mercoled\u00ec al MVC Store di Caupo Solinas e Dell&#8217;Agnola per celebrare il Giro d&#8217;Italia"},"content":{"rendered":"<p data-path-to-node=\"3\">Feltre \u2013 Quando lo sport incontra l\u2019arte, il risultato \u00e8 un\u2019esperienza esistenziale che va oltre la semplice competizione. In occasione del passaggio del Giro d\u2019Italia, il MVC Store di Caupo (Feltre) si conferma ancora una volta un polo non solo tecnico, ma culturale, ospitando un evento che celebra gli ottant&#8217;anni di storia delle Manifatture Valcismon.<\/p>\n<p data-path-to-node=\"4\">L\u2019appuntamento \u00e8 fissato per mercoled\u00ec 27 maggio alle ore 18:30. Protagonista sar\u00e0 il sodalizio tra due giganti della creativit\u00e0 bellunese: lo scultore Max Solinas e l&#8217;alpinista, fotografo e regista Manrico Dell\u2019Agnola.<\/p>\n<p data-path-to-node=\"6\">Al centro della serata lo svelamento dell\u2019opera <b data-path-to-node=\"6\" data-index-in-node=\"48\">&#8220;<\/b>Energia (x) Etica&#8221;. Con un\u2019ispirazione dichiaratamente futurista, la scultura di Solinas non si limita a celebrare il dinamismo e la velocit\u00e0 del mezzo a due ruote. Al contrario, la bicicletta viene elevata a baluardo di un\u2019etica necessaria: un invito alla lentezza, alla riflessione e a un\u2019immersione totale e sostenibile nella natura.<\/p>\n<blockquote data-path-to-node=\"7\">\n<h6 style=\"text-align: left;\" data-path-to-node=\"7,0\"><i data-path-to-node=\"7,0\" data-index-in-node=\"0\">&#8220;La scultura insegna l\u2019arte del togliere per arrivare alla giusta dimensione, alla severa verit\u00e0, all\u2019equilibrio e alla bellezza&#8221;<\/i> \u2013 spiega Max Solinas \u2013 <i data-path-to-node=\"7,0\" data-index-in-node=\"153\">&#8220;Esattamente come accade nella vita&#8221;<\/i>.<\/h6>\n<\/blockquote>\n<p data-path-to-node=\"9\">L\u2019evento non sar\u00e0 solo statico. Ad anticipare lo svelamento della scultura, il pubblico potr\u00e0 assistere a una testimonianza filmica curata da Manrico Dell\u2019Agnola. Il regista e fotografo ha documentato il &#8220;divenire&#8221; dell&#8217;opera, catturando quei significati profondi e inediti che spesso sfuggono all&#8217;occhio del semplice spettatore.<\/p>\n<p data-path-to-node=\"10\">Non \u00e8 la prima volta che i due artisti collaborano: l&#8217;occhio di Dell\u2019Agnola \u00e8 ormai il tramite ufficiale per trasformare la creazione materica di Solinas in un\u2019esperienza multimediale capace di coinvolgere emotivamente il presente.<\/p>\n<p data-path-to-node=\"12\">L&#8217;evento si inserisce nel quadro dei festeggiamenti per l&#8217;ottantesimo genetliaco della Manifatture Valcismon, l&#8217;azienda che ha fatto della performance sportiva e del design un marchio di fabbrica globale. Scegliere l\u2019arte per omaggiare il Giro d\u2019Italia sottolinea la filosofia dell\u2019hub di Caupo: uno spazio dove la fatica dei pedali si fonde con la bellezza del pensiero.<\/p>\n<p data-path-to-node=\"14\">L&#8217;APPUNTAMENTO<\/p>\n<ul data-path-to-node=\"15\">\n<li>\n<p data-path-to-node=\"15,0,0\">Dove: MVC Store, Caupo di Feltre<\/p>\n<\/li>\n<li>\n<p data-path-to-node=\"15,1,0\">Quando: Mercoled\u00ec 27 maggio, ore 18:30<\/p>\n<\/li>\n<li>\n<p data-path-to-node=\"15,2,0\">Cosa: Inaugurazione dell&#8217;opera &#8220;ENERGIA (x) ETICA&#8221; e proiezione cinematografica.<\/p>\n<\/li>\n<\/ul>","protected":false},"excerpt":{"rendered":"<p>Feltre \u2013 Quando lo sport incontra l\u2019arte, il risultato \u00e8 un\u2019esperienza esistenziale che va oltre la semplice competizione. In occasione del passaggio del Giro d\u2019Italia, il MVC Store di Caupo (Feltre) si conferma ancora una volta un polo non solo tecnico, ma culturale, ospitando un evento che celebra gli ottant&#8217;anni di storia delle Manifatture Valcismon. [&hellip;]<\/p>\n","protected":false},"author":2,"featured_media":170441,"comment_status":"closed","ping_status":"open","sticky":false,"template":"","format":"standard","meta":{"footnotes":""},"categories":[27,25],"tags":[],"class_list":["post-170440","post","type-post","status-publish","format-standard","has-post-thumbnail","category-appuntamenti","category-pausa-caffe"],"yoast_head":"<!-- This site is optimized with the Yoast SEO plugin v28.4 - https:\/\/yoast.com\/product\/yoast-seo-wordpress\/ -->\n<title>L&#039;arte incontra lo sport: mercoled\u00ec al MVC Store di Caupo Solinas e Dell&#039;Agnola per celebrare il Giro d&#039;Italia - Bellunopress - Dolomiti<\/title>\n<meta name=\"robots\" content=\"index, follow, max-snippet:-1, max-image-preview:large, max-video-preview:-1\" \/>\n<link rel=\"canonical\" href=\"https:\/\/www.bellunopress.it\/fr\/2026\/05\/25\/larte-incontra-lo-sport-mercoledi-al-mvc-store-di-caupo-solinas-e-dellagnola-per-celebrare-il-giro-ditalia\/\" \/>\n<meta property=\"og:locale\" content=\"fr_FR\" \/>\n<meta property=\"og:type\" content=\"article\" \/>\n<meta property=\"og:title\" content=\"L&#039;arte incontra lo sport: mercoled\u00ec al MVC Store di Caupo Solinas e Dell&#039;Agnola per celebrare il Giro d&#039;Italia - Bellunopress - Dolomiti\" \/>\n<meta property=\"og:description\" content=\"Feltre \u2013 Quando lo sport incontra l\u2019arte, il risultato \u00e8 un\u2019esperienza esistenziale che va oltre la semplice competizione. In occasione del passaggio del Giro d\u2019Italia, il MVC Store di Caupo (Feltre) si conferma ancora una volta un polo non solo tecnico, ma culturale, ospitando un evento che celebra gli ottant&#8217;anni di storia delle Manifatture Valcismon. [&hellip;]\" \/>\n<meta property=\"og:url\" content=\"https:\/\/www.bellunopress.it\/fr\/2026\/05\/25\/larte-incontra-lo-sport-mercoledi-al-mvc-store-di-caupo-solinas-e-dellagnola-per-celebrare-il-giro-ditalia\/\" \/>\n<meta property=\"og:site_name\" content=\"Bellunopress - Dolomiti\" \/>\n<meta property=\"article:publisher\" content=\"https:\/\/www.facebook.com\/profile.php?id=100008943462799\" \/>\n<meta property=\"article:published_time\" content=\"2026-05-25T12:57:08+00:00\" \/>\n<meta property=\"article:modified_time\" content=\"2026-05-25T12:58:15+00:00\" \/>\n<meta property=\"og:image\" content=\"https:\/\/www.bellunopress.it\/wp-content\/uploads\/2026\/05\/Max-Solinas-e-Manrico-DellAgnola.jpeg\" \/>\n\t<meta property=\"og:image:width\" content=\"362\" \/>\n\t<meta property=\"og:image:height\" content=\"500\" \/>\n\t<meta property=\"og:image:type\" content=\"image\/jpeg\" \/>\n<meta name=\"author\" content=\"redazione\" \/>\n<meta name=\"twitter:card\" content=\"summary_large_image\" \/>\n<meta name=\"twitter:creator\" content=\"@bellunopress\" \/>\n<meta name=\"twitter:site\" content=\"@bellunopress\" \/>\n<meta name=\"twitter:label1\" content=\"Written by\" \/>\n\t<meta name=\"twitter:data1\" content=\"redazione\" \/>\n\t<meta name=\"twitter:label2\" content=\"Est. reading time\" \/>\n\t<meta name=\"twitter:data2\" content=\"2 minutes\" \/>\n<script type=\"application\/ld+json\" class=\"yoast-schema-graph\">{\"@context\":\"https:\\\/\\\/schema.org\",\"@graph\":[{\"@type\":\"Article\",\"@id\":\"https:\\\/\\\/www.bellunopress.it\\\/2026\\\/05\\\/25\\\/larte-incontra-lo-sport-mercoledi-al-mvc-store-di-caupo-solinas-e-dellagnola-per-celebrare-il-giro-ditalia\\\/#article\",\"isPartOf\":{\"@id\":\"https:\\\/\\\/www.bellunopress.it\\\/2026\\\/05\\\/25\\\/larte-incontra-lo-sport-mercoledi-al-mvc-store-di-caupo-solinas-e-dellagnola-per-celebrare-il-giro-ditalia\\\/\"},\"author\":{\"name\":\"redazione\",\"@id\":\"https:\\\/\\\/www.bellunopress.it\\\/#\\\/schema\\\/person\\\/79bb06722b37ece1c03d3e94beb30d73\"},\"headline\":\"L&#8217;arte incontra lo sport: mercoled\u00ec al MVC Store di Caupo Solinas e Dell&#8217;Agnola per celebrare il Giro d&#8217;Italia\",\"datePublished\":\"2026-05-25T12:57:08+00:00\",\"dateModified\":\"2026-05-25T12:58:15+00:00\",\"mainEntityOfPage\":{\"@id\":\"https:\\\/\\\/www.bellunopress.it\\\/2026\\\/05\\\/25\\\/larte-incontra-lo-sport-mercoledi-al-mvc-store-di-caupo-solinas-e-dellagnola-per-celebrare-il-giro-ditalia\\\/\"},\"wordCount\":366,\"publisher\":{\"@id\":\"https:\\\/\\\/www.bellunopress.it\\\/#organization\"},\"image\":{\"@id\":\"https:\\\/\\\/www.bellunopress.it\\\/2026\\\/05\\\/25\\\/larte-incontra-lo-sport-mercoledi-al-mvc-store-di-caupo-solinas-e-dellagnola-per-celebrare-il-giro-ditalia\\\/#primaryimage\"},\"thumbnailUrl\":\"https:\\\/\\\/www.bellunopress.it\\\/wp-content\\\/uploads\\\/2026\\\/05\\\/Max-Solinas-e-Manrico-DellAgnola.jpeg\",\"articleSection\":[\"Appuntamenti, Eventi\",\"Pausa Caff\u00e8\"],\"inLanguage\":\"fr-FR\"},{\"@type\":\"WebPage\",\"@id\":\"https:\\\/\\\/www.bellunopress.it\\\/2026\\\/05\\\/25\\\/larte-incontra-lo-sport-mercoledi-al-mvc-store-di-caupo-solinas-e-dellagnola-per-celebrare-il-giro-ditalia\\\/\",\"url\":\"https:\\\/\\\/www.bellunopress.it\\\/2026\\\/05\\\/25\\\/larte-incontra-lo-sport-mercoledi-al-mvc-store-di-caupo-solinas-e-dellagnola-per-celebrare-il-giro-ditalia\\\/\",\"name\":\"L'arte incontra lo sport: mercoled\u00ec al MVC Store di Caupo Solinas e Dell'Agnola per celebrare il Giro d'Italia - Bellunopress - Dolomiti\",\"isPartOf\":{\"@id\":\"https:\\\/\\\/www.bellunopress.it\\\/#website\"},\"primaryImageOfPage\":{\"@id\":\"https:\\\/\\\/www.bellunopress.it\\\/2026\\\/05\\\/25\\\/larte-incontra-lo-sport-mercoledi-al-mvc-store-di-caupo-solinas-e-dellagnola-per-celebrare-il-giro-ditalia\\\/#primaryimage\"},\"image\":{\"@id\":\"https:\\\/\\\/www.bellunopress.it\\\/2026\\\/05\\\/25\\\/larte-incontra-lo-sport-mercoledi-al-mvc-store-di-caupo-solinas-e-dellagnola-per-celebrare-il-giro-ditalia\\\/#primaryimage\"},\"thumbnailUrl\":\"https:\\\/\\\/www.bellunopress.it\\\/wp-content\\\/uploads\\\/2026\\\/05\\\/Max-Solinas-e-Manrico-DellAgnola.jpeg\",\"datePublished\":\"2026-05-25T12:57:08+00:00\",\"dateModified\":\"2026-05-25T12:58:15+00:00\",\"breadcrumb\":{\"@id\":\"https:\\\/\\\/www.bellunopress.it\\\/2026\\\/05\\\/25\\\/larte-incontra-lo-sport-mercoledi-al-mvc-store-di-caupo-solinas-e-dellagnola-per-celebrare-il-giro-ditalia\\\/#breadcrumb\"},\"inLanguage\":\"fr-FR\",\"potentialAction\":[{\"@type\":\"ReadAction\",\"target\":[\"https:\\\/\\\/www.bellunopress.it\\\/2026\\\/05\\\/25\\\/larte-incontra-lo-sport-mercoledi-al-mvc-store-di-caupo-solinas-e-dellagnola-per-celebrare-il-giro-ditalia\\\/\"]}]},{\"@type\":\"ImageObject\",\"inLanguage\":\"fr-FR\",\"@id\":\"https:\\\/\\\/www.bellunopress.it\\\/2026\\\/05\\\/25\\\/larte-incontra-lo-sport-mercoledi-al-mvc-store-di-caupo-solinas-e-dellagnola-per-celebrare-il-giro-ditalia\\\/#primaryimage\",\"url\":\"https:\\\/\\\/www.bellunopress.it\\\/wp-content\\\/uploads\\\/2026\\\/05\\\/Max-Solinas-e-Manrico-DellAgnola.jpeg\",\"contentUrl\":\"https:\\\/\\\/www.bellunopress.it\\\/wp-content\\\/uploads\\\/2026\\\/05\\\/Max-Solinas-e-Manrico-DellAgnola.jpeg\",\"width\":362,\"height\":500},{\"@type\":\"BreadcrumbList\",\"@id\":\"https:\\\/\\\/www.bellunopress.it\\\/2026\\\/05\\\/25\\\/larte-incontra-lo-sport-mercoledi-al-mvc-store-di-caupo-solinas-e-dellagnola-per-celebrare-il-giro-ditalia\\\/#breadcrumb\",\"itemListElement\":[{\"@type\":\"ListItem\",\"position\":1,\"name\":\"Home\",\"item\":\"https:\\\/\\\/www.bellunopress.it\\\/\"},{\"@type\":\"ListItem\",\"position\":2,\"name\":\"L&#8217;arte incontra lo sport: mercoled\u00ec al MVC Store di Caupo Solinas e Dell&#8217;Agnola per celebrare il Giro d&#8217;Italia\"}]},{\"@type\":\"WebSite\",\"@id\":\"https:\\\/\\\/www.bellunopress.it\\\/#website\",\"url\":\"https:\\\/\\\/www.bellunopress.it\\\/\",\"name\":\"Bellunopress - Dolomiti\",\"description\":\"e-mail: redazione@bellunopress.it\",\"publisher\":{\"@id\":\"https:\\\/\\\/www.bellunopress.it\\\/#organization\"},\"potentialAction\":[{\"@type\":\"SearchAction\",\"target\":{\"@type\":\"EntryPoint\",\"urlTemplate\":\"https:\\\/\\\/www.bellunopress.it\\\/?s={search_term_string}\"},\"query-input\":{\"@type\":\"PropertyValueSpecification\",\"valueRequired\":true,\"valueName\":\"search_term_string\"}}],\"inLanguage\":\"fr-FR\"},{\"@type\":\"Organization\",\"@id\":\"https:\\\/\\\/www.bellunopress.it\\\/#organization\",\"name\":\"Bellunopress\",\"url\":\"https:\\\/\\\/www.bellunopress.it\\\/\",\"logo\":{\"@type\":\"ImageObject\",\"inLanguage\":\"fr-FR\",\"@id\":\"https:\\\/\\\/www.bellunopress.it\\\/#\\\/schema\\\/logo\\\/image\\\/\",\"url\":\"https:\\\/\\\/www.bellunopress.it\\\/wp-content\\\/uploads\\\/2011\\\/05\\\/cropped-logo-bellunopress-.jpg\",\"contentUrl\":\"https:\\\/\\\/www.bellunopress.it\\\/wp-content\\\/uploads\\\/2011\\\/05\\\/cropped-logo-bellunopress-.jpg\",\"width\":512,\"height\":512,\"caption\":\"Bellunopress\"},\"image\":{\"@id\":\"https:\\\/\\\/www.bellunopress.it\\\/#\\\/schema\\\/logo\\\/image\\\/\"},\"sameAs\":[\"https:\\\/\\\/www.facebook.com\\\/profile.php?id=100008943462799\",\"https:\\\/\\\/x.com\\\/bellunopress\",\"https:\\\/\\\/www.linkedin.com\\\/hp\\\/?dnr=JBzUWaJfMUw8vbXJJ2tVW5-I3jZKvC4wsoxE&amp;amp;amp;amp;amp;amp;trk=nav_responsive_tab_home\",\"https:\\\/\\\/www.youtube.com\\\/channel\\\/UCxL0wu1uN0_3_7hGG0306cw\"]},{\"@type\":\"Person\",\"@id\":\"https:\\\/\\\/www.bellunopress.it\\\/#\\\/schema\\\/person\\\/79bb06722b37ece1c03d3e94beb30d73\",\"name\":\"redazione\",\"image\":{\"@type\":\"ImageObject\",\"inLanguage\":\"fr-FR\",\"@id\":\"https:\\\/\\\/secure.gravatar.com\\\/avatar\\\/37d968a2e67a6fd04c169c4bdef102d0bc5d31b2546345219e348575eb80e9a0?s=96&d=mm&r=g\",\"url\":\"https:\\\/\\\/secure.gravatar.com\\\/avatar\\\/37d968a2e67a6fd04c169c4bdef102d0bc5d31b2546345219e348575eb80e9a0?s=96&d=mm&r=g\",\"contentUrl\":\"https:\\\/\\\/secure.gravatar.com\\\/avatar\\\/37d968a2e67a6fd04c169c4bdef102d0bc5d31b2546345219e348575eb80e9a0?s=96&d=mm&r=g\",\"caption\":\"redazione\"},\"sameAs\":[\"http:\\\/\\\/www.bellunopress.it\",\"https:\\\/\\\/x.com\\\/bellunopress\"],\"url\":\"https:\\\/\\\/www.bellunopress.it\\\/fr\\\/author\\\/redazione\\\/\"}]}<\/script>\n<!-- \/ Yoast SEO plugin. -->","yoast_head_json":{"title":"L'arte incontra lo sport: mercoled\u00ec al MVC Store di Caupo Solinas e Dell'Agnola per celebrare il Giro d'Italia - Bellunopress - Dolomiti","robots":{"index":"index","follow":"follow","max-snippet":"max-snippet:-1","max-image-preview":"max-image-preview:large","max-video-preview":"max-video-preview:-1"},"canonical":"https:\/\/www.bellunopress.it\/fr\/2026\/05\/25\/larte-incontra-lo-sport-mercoledi-al-mvc-store-di-caupo-solinas-e-dellagnola-per-celebrare-il-giro-ditalia\/","og_locale":"fr_FR","og_type":"article","og_title":"L'arte incontra lo sport: mercoled\u00ec al MVC Store di Caupo Solinas e Dell'Agnola per celebrare il Giro d'Italia - Bellunopress - Dolomiti","og_description":"Feltre \u2013 Quando lo sport incontra l\u2019arte, il risultato \u00e8 un\u2019esperienza esistenziale che va oltre la semplice competizione. In occasione del passaggio del Giro d\u2019Italia, il MVC Store di Caupo (Feltre) si conferma ancora una volta un polo non solo tecnico, ma culturale, ospitando un evento che celebra gli ottant&#8217;anni di storia delle Manifatture Valcismon. [&hellip;]","og_url":"https:\/\/www.bellunopress.it\/fr\/2026\/05\/25\/larte-incontra-lo-sport-mercoledi-al-mvc-store-di-caupo-solinas-e-dellagnola-per-celebrare-il-giro-ditalia\/","og_site_name":"Bellunopress - Dolomiti","article_publisher":"https:\/\/www.facebook.com\/profile.php?id=100008943462799","article_published_time":"2026-05-25T12:57:08+00:00","article_modified_time":"2026-05-25T12:58:15+00:00","og_image":[{"width":362,"height":500,"url":"https:\/\/www.bellunopress.it\/wp-content\/uploads\/2026\/05\/Max-Solinas-e-Manrico-DellAgnola.jpeg","type":"image\/jpeg"}],"author":"redazione","twitter_card":"summary_large_image","twitter_creator":"@bellunopress","twitter_site":"@bellunopress","twitter_misc":{"Written by":"redazione","Est. reading time":"2 minutes"},"schema":{"@context":"https:\/\/schema.org","@graph":[{"@type":"Article","@id":"https:\/\/www.bellunopress.it\/2026\/05\/25\/larte-incontra-lo-sport-mercoledi-al-mvc-store-di-caupo-solinas-e-dellagnola-per-celebrare-il-giro-ditalia\/#article","isPartOf":{"@id":"https:\/\/www.bellunopress.it\/2026\/05\/25\/larte-incontra-lo-sport-mercoledi-al-mvc-store-di-caupo-solinas-e-dellagnola-per-celebrare-il-giro-ditalia\/"},"author":{"name":"redazione","@id":"https:\/\/www.bellunopress.it\/#\/schema\/person\/79bb06722b37ece1c03d3e94beb30d73"},"headline":"L&#8217;arte incontra lo sport: mercoled\u00ec al MVC Store di Caupo Solinas e Dell&#8217;Agnola per celebrare il Giro d&#8217;Italia","datePublished":"2026-05-25T12:57:08+00:00","dateModified":"2026-05-25T12:58:15+00:00","mainEntityOfPage":{"@id":"https:\/\/www.bellunopress.it\/2026\/05\/25\/larte-incontra-lo-sport-mercoledi-al-mvc-store-di-caupo-solinas-e-dellagnola-per-celebrare-il-giro-ditalia\/"},"wordCount":366,"publisher":{"@id":"https:\/\/www.bellunopress.it\/#organization"},"image":{"@id":"https:\/\/www.bellunopress.it\/2026\/05\/25\/larte-incontra-lo-sport-mercoledi-al-mvc-store-di-caupo-solinas-e-dellagnola-per-celebrare-il-giro-ditalia\/#primaryimage"},"thumbnailUrl":"https:\/\/www.bellunopress.it\/wp-content\/uploads\/2026\/05\/Max-Solinas-e-Manrico-DellAgnola.jpeg","articleSection":["Appuntamenti, Eventi","Pausa Caff\u00e8"],"inLanguage":"fr-FR"},{"@type":"WebPage","@id":"https:\/\/www.bellunopress.it\/2026\/05\/25\/larte-incontra-lo-sport-mercoledi-al-mvc-store-di-caupo-solinas-e-dellagnola-per-celebrare-il-giro-ditalia\/","url":"https:\/\/www.bellunopress.it\/2026\/05\/25\/larte-incontra-lo-sport-mercoledi-al-mvc-store-di-caupo-solinas-e-dellagnola-per-celebrare-il-giro-ditalia\/","name":"L'arte incontra lo sport: mercoled\u00ec al MVC Store di Caupo Solinas e Dell'Agnola per celebrare il Giro d'Italia - Bellunopress - Dolomiti","isPartOf":{"@id":"https:\/\/www.bellunopress.it\/#website"},"primaryImageOfPage":{"@id":"https:\/\/www.bellunopress.it\/2026\/05\/25\/larte-incontra-lo-sport-mercoledi-al-mvc-store-di-caupo-solinas-e-dellagnola-per-celebrare-il-giro-ditalia\/#primaryimage"},"image":{"@id":"https:\/\/www.bellunopress.it\/2026\/05\/25\/larte-incontra-lo-sport-mercoledi-al-mvc-store-di-caupo-solinas-e-dellagnola-per-celebrare-il-giro-ditalia\/#primaryimage"},"thumbnailUrl":"https:\/\/www.bellunopress.it\/wp-content\/uploads\/2026\/05\/Max-Solinas-e-Manrico-DellAgnola.jpeg","datePublished":"2026-05-25T12:57:08+00:00","dateModified":"2026-05-25T12:58:15+00:00","breadcrumb":{"@id":"https:\/\/www.bellunopress.it\/2026\/05\/25\/larte-incontra-lo-sport-mercoledi-al-mvc-store-di-caupo-solinas-e-dellagnola-per-celebrare-il-giro-ditalia\/#breadcrumb"},"inLanguage":"fr-FR","potentialAction":[{"@type":"ReadAction","target":["https:\/\/www.bellunopress.it\/2026\/05\/25\/larte-incontra-lo-sport-mercoledi-al-mvc-store-di-caupo-solinas-e-dellagnola-per-celebrare-il-giro-ditalia\/"]}]},{"@type":"ImageObject","inLanguage":"fr-FR","@id":"https:\/\/www.bellunopress.it\/2026\/05\/25\/larte-incontra-lo-sport-mercoledi-al-mvc-store-di-caupo-solinas-e-dellagnola-per-celebrare-il-giro-ditalia\/#primaryimage","url":"https:\/\/www.bellunopress.it\/wp-content\/uploads\/2026\/05\/Max-Solinas-e-Manrico-DellAgnola.jpeg","contentUrl":"https:\/\/www.bellunopress.it\/wp-content\/uploads\/2026\/05\/Max-Solinas-e-Manrico-DellAgnola.jpeg","width":362,"height":500},{"@type":"BreadcrumbList","@id":"https:\/\/www.bellunopress.it\/2026\/05\/25\/larte-incontra-lo-sport-mercoledi-al-mvc-store-di-caupo-solinas-e-dellagnola-per-celebrare-il-giro-ditalia\/#breadcrumb","itemListElement":[{"@type":"ListItem","position":1,"name":"Home","item":"https:\/\/www.bellunopress.it\/"},{"@type":"ListItem","position":2,"name":"L&#8217;arte incontra lo sport: mercoled\u00ec al MVC Store di Caupo Solinas e Dell&#8217;Agnola per celebrare il Giro d&#8217;Italia"}]},{"@type":"WebSite","@id":"https:\/\/www.bellunopress.it\/#website","url":"https:\/\/www.bellunopress.it\/","name":"Bellunopress - Dolomiti","description":"e-mail: redazione@bellunopress.it","publisher":{"@id":"https:\/\/www.bellunopress.it\/#organization"},"potentialAction":[{"@type":"SearchAction","target":{"@type":"EntryPoint","urlTemplate":"https:\/\/www.bellunopress.it\/?s={search_term_string}"},"query-input":{"@type":"PropertyValueSpecification","valueRequired":true,"valueName":"search_term_string"}}],"inLanguage":"fr-FR"},{"@type":"Organization","@id":"https:\/\/www.bellunopress.it\/#organization","name":"Bellunopress","url":"https:\/\/www.bellunopress.it\/","logo":{"@type":"ImageObject","inLanguage":"fr-FR","@id":"https:\/\/www.bellunopress.it\/#\/schema\/logo\/image\/","url":"https:\/\/www.bellunopress.it\/wp-content\/uploads\/2011\/05\/cropped-logo-bellunopress-.jpg","contentUrl":"https:\/\/www.bellunopress.it\/wp-content\/uploads\/2011\/05\/cropped-logo-bellunopress-.jpg","width":512,"height":512,"caption":"Bellunopress"},"image":{"@id":"https:\/\/www.bellunopress.it\/#\/schema\/logo\/image\/"},"sameAs":["https:\/\/www.facebook.com\/profile.php?id=100008943462799","https:\/\/x.com\/bellunopress","https:\/\/www.linkedin.com\/hp\/?dnr=JBzUWaJfMUw8vbXJJ2tVW5-I3jZKvC4wsoxE&amp;amp;amp;amp;amp;amp;trk=nav_responsive_tab_home","https:\/\/www.youtube.com\/channel\/UCxL0wu1uN0_3_7hGG0306cw"]},{"@type":"Person","@id":"https:\/\/www.bellunopress.it\/#\/schema\/person\/79bb06722b37ece1c03d3e94beb30d73","name":"r\u00e9daction","image":{"@type":"ImageObject","inLanguage":"fr-FR","@id":"https:\/\/secure.gravatar.com\/avatar\/37d968a2e67a6fd04c169c4bdef102d0bc5d31b2546345219e348575eb80e9a0?s=96&d=mm&r=g","url":"https:\/\/secure.gravatar.com\/avatar\/37d968a2e67a6fd04c169c4bdef102d0bc5d31b2546345219e348575eb80e9a0?s=96&d=mm&r=g","contentUrl":"https:\/\/secure.gravatar.com\/avatar\/37d968a2e67a6fd04c169c4bdef102d0bc5d31b2546345219e348575eb80e9a0?s=96&d=mm&r=g","caption":"redazione"},"sameAs":["http:\/\/www.bellunopress.it","https:\/\/x.com\/bellunopress"],"url":"https:\/\/www.bellunopress.it\/fr\/author\/redazione\/"}]}},"_links":{"self":[{"href":"https:\/\/www.bellunopress.it\/fr\/wp-json\/wp\/v2\/posts\/170440","targetHints":{"allow":["GET"]}}],"collection":[{"href":"https:\/\/www.bellunopress.it\/fr\/wp-json\/wp\/v2\/posts"}],"about":[{"href":"https:\/\/www.bellunopress.it\/fr\/wp-json\/wp\/v2\/types\/post"}],"author":[{"embeddable":true,"href":"https:\/\/www.bellunopress.it\/fr\/wp-json\/wp\/v2\/users\/2"}],"replies":[{"embeddable":true,"href":"https:\/\/www.bellunopress.it\/fr\/wp-json\/wp\/v2\/comments?post=170440"}],"version-history":[{"count":2,"href":"https:\/\/www.bellunopress.it\/fr\/wp-json\/wp\/v2\/posts\/170440\/revisions"}],"predecessor-version":[{"id":170443,"href":"https:\/\/www.bellunopress.it\/fr\/wp-json\/wp\/v2\/posts\/170440\/revisions\/170443"}],"wp:featuredmedia":[{"embeddable":true,"href":"https:\/\/www.bellunopress.it\/fr\/wp-json\/wp\/v2\/media\/170441"}],"wp:attachment":[{"href":"https:\/\/www.bellunopress.it\/fr\/wp-json\/wp\/v2\/media?parent=170440"}],"wp:term":[{"taxonomy":"category","embeddable":true,"href":"https:\/\/www.bellunopress.it\/fr\/wp-json\/wp\/v2\/categories?post=170440"},{"taxonomy":"post_tag","embeddable":true,"href":"https:\/\/www.bellunopress.it\/fr\/wp-json\/wp\/v2\/tags?post=170440"}],"curies":[{"name":"wp","href":"https:\/\/api.w.org\/{rel}","templated":true}]}}