{"id":170426,"date":"2026-05-25T05:33:21","date_gmt":"2026-05-25T03:33:21","guid":{"rendered":"https:\/\/www.bellunopress.it\/?p=170426"},"modified":"2026-05-25T05:33:21","modified_gmt":"2026-05-25T03:33:21","slug":"i-giovani-di-polis-futura-a-confronto-sulla-costituzione-un-viaggio-nelle-radici-della-democrazia","status":"publish","type":"post","link":"https:\/\/www.bellunopress.it\/fr\/2026\/05\/25\/i-giovani-di-polis-futura-a-confronto-sulla-costituzione-un-viaggio-nelle-radici-della-democrazia\/","title":{"rendered":"I giovani di Polis Futura a confronto sulla Costituzione: un viaggio nelle radici della democrazia"},"content":{"rendered":"<div dir=\"auto\">Belluno &#8211; Le radici della nostra democrazia tornano al centro del dibattito cittadino grazie all&#8217;iniziativa dei giovani di Polis Futura. <strong>Sabato 30 maggio, a partire dalle ore 18:00, la Sala Luciani del Centro Giovanni XXIII (in Piazza Piloni 11 a Belluno) ospiter\u00e0 un incontro pubblico dal titolo: &#8220;L&#8217;Assemblea Costituente e le culture politiche: i valori costituzionali &#8220;.<\/strong><\/div>\n<div dir=\"auto\"><\/div>\n<div dir=\"auto\">L&#8217;evento si propone come un viaggio retrospettivo e analitico sulla nascita della Repubblica Italiana, a 80 anni dal voto del Referendum del 2 giugno 1946 e dal voto dell&#8217;Assemblea Costituente, esplorando le diverse anime ideologiche che, nel secondo dopoguerra, seppero convergere nella stesura della Carta Costituzionale. Un&#8217;occasione preziosa per la cittadinanza bellunese per riappropriarsi della<\/div>\n<div dir=\"auto\">&#8220;cosa pubblica&#8221;, ricordando che la Costituzione non \u00e8 un semplice pezzo di carta, ma un organismo vivo che richiede cura, conoscenza e rispetto.<\/div>\n<div dir=\"auto\"><\/div>\n<div dir=\"auto\"><strong>Il programma degli interventi<\/strong><\/div>\n<div dir=\"auto\"><\/div>\n<div dir=\"auto\">L&#8217;incontro vedr\u00e0 alternarsi diversi relatori, ognuno focalizzato su un pilastro specifico della storia e del pensiero politico italiano:<\/div>\n<div dir=\"auto\"><\/div>\n<div dir=\"auto\">\u2022Luigi Filippo Daniele: Il Presidente dell&#8217;associazione Polis Futura aprir\u00e0 i lavori approfondendo il delicato passaggio del Referendum del 2 giugno 1946, l&#8217;Assemblea Costituente e l&#8217;era dei governi De Gasperi.<\/div>\n<div dir=\"auto\"><\/div>\n<div dir=\"auto\">\u2022Mariachiara Roldo: Uno sguardo necessario e doveroso sul contributo femminile, con un focus sulle 21 donne Costituenti e l&#8217;ottenimento del suffragio universale.<\/div>\n<div dir=\"auto\"><\/div>\n<div dir=\"auto\">\u2022Matteo Mul\u00e8: Il Vicepresidente di Polis Futura analizzer\u00e0 l&#8217;impatto e l&#8217;eredit\u00e0 della cultura politica socialista.<\/div>\n<div dir=\"auto\"><\/div>\n<div dir=\"auto\">\u2022Giulio Dal Molin: Un&#8217;analisi dedicata alla cultura cattolica e al suo ruolo di mediazione e valore nel testo costituzionale.<\/div>\n<div dir=\"auto\"><\/div>\n<div dir=\"auto\">\u2022Andrea Soppelsa: Chiuder\u00e0 il cerchio delle grandi tradizioni politiche con un intervento sulla cultura comunista.<\/div>\n<div dir=\"auto\"><\/div>\n<div dir=\"auto\">Un &#8220;vademecum&#8221; per approfondire<\/div>\n<div dir=\"auto\"><\/div>\n<div dir=\"auto\">Per chi desiderasse approfondire i temi trattati, durante la serata sar\u00e0 possibile acquistare \u2014 al prezzo simbolico di 5 euro \u2014 un piccolo libricino curato dall&#8217;associazione Polis Futura. Il volume raccoglie una sintesi delle culture politiche esposte, ponendosi come un utile strumento di memoria storica per la cittadinanza.<\/div>\n<div dir=\"auto\"><\/div>\n<div dir=\"auto\">Sottolinea il presidente Luigi Filippo Daniele: \u00a0&#8220;La Costituzione ed i suoi principi sono stati redatti da uomini e donne, quando esistevano ancora veri organi politici di rappresentanza e partecipazione democratica, dell&#8217;arco costituzionale antifascista nato dalla Resistenza. \u00c8 grazie al coraggio di quegli uomini e di quelle donne se oggi abbiamo la possibilit\u00e0 di esercitare i nostri diritti e i doveri, \u00e8 grazie a chi ha scritto la Carta Costituzionale pi\u00f9 bella del mondo se possiamo essere qui a parlare di Democrazia, Uguaglianza, Libert\u00e0, Stato di diritto, separazione dei poteri.&#8221;<\/div>\n<div dir=\"auto\"><\/div>\n<div dir=\"auto\">L&#8217;appuntamento \u00e8 dunque per sabato 30 maggio, un&#8217;occasione imperdibile per riflettere insieme sul valore e l&#8217;attualit\u00e0 della nostra Costituzione.<\/div>\n<div dir=\"auto\"><\/div>\n<div dir=\"auto\">\u00a0Per prenotare un posto:\u00a0<a href=\"https:\/\/www.eventbrite.it\/e\/80-anni-dallassemblea-costituente-tickets-1989318093970\" target=\"_blank\" rel=\"noopener noreferrer\">https:\/\/www.eventbrite.it\/e\/80-anni-dallassemblea-costituente-tickets-1989318093970<\/a><\/div>\n<div dir=\"auto\"><\/div>\n<div dir=\"auto\">Per maggiori informazioni, visitare\u00a0<a href=\"http:\/\/www.polisfutura.com\/\" target=\"_blank\" rel=\"noopener noreferrer\">www.polisfutura.com<\/a>.<\/div>","protected":false},"excerpt":{"rendered":"<p>Belluno &#8211; Le radici della nostra democrazia tornano al centro del dibattito cittadino grazie all&#8217;iniziativa dei giovani di Polis Futura. Sabato 30 maggio, a partire dalle ore 18:00, la Sala Luciani del Centro Giovanni XXIII (in Piazza Piloni 11 a Belluno) ospiter\u00e0 un incontro pubblico dal titolo: &#8220;L&#8217;Assemblea Costituente e le culture politiche: i valori [&hellip;]<\/p>\n","protected":false},"author":2,"featured_media":170427,"comment_status":"closed","ping_status":"open","sticky":false,"template":"","format":"standard","meta":{"footnotes":""},"categories":[27,25],"tags":[],"class_list":["post-170426","post","type-post","status-publish","format-standard","has-post-thumbnail","category-appuntamenti","category-pausa-caffe"],"yoast_head":"<!-- This site is optimized with the Yoast SEO plugin v28.4 - https:\/\/yoast.com\/product\/yoast-seo-wordpress\/ -->\n<title>I giovani di Polis Futura a confronto sulla Costituzione: un viaggio nelle radici della democrazia - Bellunopress - Dolomiti<\/title>\n<meta name=\"robots\" content=\"index, follow, max-snippet:-1, max-image-preview:large, max-video-preview:-1\" \/>\n<link rel=\"canonical\" href=\"https:\/\/www.bellunopress.it\/fr\/2026\/05\/25\/i-giovani-di-polis-futura-a-confronto-sulla-costituzione-un-viaggio-nelle-radici-della-democrazia\/\" \/>\n<meta property=\"og:locale\" content=\"fr_FR\" \/>\n<meta property=\"og:type\" content=\"article\" \/>\n<meta property=\"og:title\" content=\"I giovani di Polis Futura a confronto sulla Costituzione: un viaggio nelle radici della democrazia - Bellunopress - Dolomiti\" \/>\n<meta property=\"og:description\" content=\"Belluno &#8211; Le radici della nostra democrazia tornano al centro del dibattito cittadino grazie all&#8217;iniziativa dei giovani di Polis Futura. Sabato 30 maggio, a partire dalle ore 18:00, la Sala Luciani del Centro Giovanni XXIII (in Piazza Piloni 11 a Belluno) ospiter\u00e0 un incontro pubblico dal titolo: &#8220;L&#8217;Assemblea Costituente e le culture politiche: i valori [&hellip;]\" \/>\n<meta property=\"og:url\" content=\"https:\/\/www.bellunopress.it\/fr\/2026\/05\/25\/i-giovani-di-polis-futura-a-confronto-sulla-costituzione-un-viaggio-nelle-radici-della-democrazia\/\" \/>\n<meta property=\"og:site_name\" content=\"Bellunopress - Dolomiti\" \/>\n<meta property=\"article:publisher\" content=\"https:\/\/www.facebook.com\/profile.php?id=100008943462799\" \/>\n<meta property=\"article:published_time\" content=\"2026-05-25T03:33:21+00:00\" \/>\n<meta property=\"og:image\" content=\"https:\/\/www.bellunopress.it\/wp-content\/uploads\/2026\/05\/polis-futura.jpg\" \/>\n\t<meta property=\"og:image:width\" content=\"500\" \/>\n\t<meta property=\"og:image:height\" content=\"500\" \/>\n\t<meta property=\"og:image:type\" content=\"image\/jpeg\" \/>\n<meta name=\"author\" content=\"redazione\" \/>\n<meta name=\"twitter:card\" content=\"summary_large_image\" \/>\n<meta name=\"twitter:creator\" content=\"@bellunopress\" \/>\n<meta name=\"twitter:site\" content=\"@bellunopress\" \/>\n<meta name=\"twitter:label1\" content=\"\u00c9crit par\" \/>\n\t<meta name=\"twitter:data1\" content=\"redazione\" \/>\n\t<meta name=\"twitter:label2\" content=\"Dur\u00e9e de lecture estim\u00e9e\" \/>\n\t<meta name=\"twitter:data2\" content=\"3 minutes\" \/>\n<script type=\"application\/ld+json\" class=\"yoast-schema-graph\">{\"@context\":\"https:\\\/\\\/schema.org\",\"@graph\":[{\"@type\":\"Article\",\"@id\":\"https:\\\/\\\/www.bellunopress.it\\\/2026\\\/05\\\/25\\\/i-giovani-di-polis-futura-a-confronto-sulla-costituzione-un-viaggio-nelle-radici-della-democrazia\\\/#article\",\"isPartOf\":{\"@id\":\"https:\\\/\\\/www.bellunopress.it\\\/2026\\\/05\\\/25\\\/i-giovani-di-polis-futura-a-confronto-sulla-costituzione-un-viaggio-nelle-radici-della-democrazia\\\/\"},\"author\":{\"name\":\"redazione\",\"@id\":\"https:\\\/\\\/www.bellunopress.it\\\/#\\\/schema\\\/person\\\/79bb06722b37ece1c03d3e94beb30d73\"},\"headline\":\"I giovani di Polis Futura a confronto sulla Costituzione: un viaggio nelle radici della democrazia\",\"datePublished\":\"2026-05-25T03:33:21+00:00\",\"mainEntityOfPage\":{\"@id\":\"https:\\\/\\\/www.bellunopress.it\\\/2026\\\/05\\\/25\\\/i-giovani-di-polis-futura-a-confronto-sulla-costituzione-un-viaggio-nelle-radici-della-democrazia\\\/\"},\"wordCount\":449,\"publisher\":{\"@id\":\"https:\\\/\\\/www.bellunopress.it\\\/#organization\"},\"image\":{\"@id\":\"https:\\\/\\\/www.bellunopress.it\\\/2026\\\/05\\\/25\\\/i-giovani-di-polis-futura-a-confronto-sulla-costituzione-un-viaggio-nelle-radici-della-democrazia\\\/#primaryimage\"},\"thumbnailUrl\":\"https:\\\/\\\/www.bellunopress.it\\\/wp-content\\\/uploads\\\/2026\\\/05\\\/polis-futura.jpg\",\"articleSection\":[\"Appuntamenti, Eventi\",\"Pausa Caff\u00e8\"],\"inLanguage\":\"fr-FR\"},{\"@type\":\"WebPage\",\"@id\":\"https:\\\/\\\/www.bellunopress.it\\\/2026\\\/05\\\/25\\\/i-giovani-di-polis-futura-a-confronto-sulla-costituzione-un-viaggio-nelle-radici-della-democrazia\\\/\",\"url\":\"https:\\\/\\\/www.bellunopress.it\\\/2026\\\/05\\\/25\\\/i-giovani-di-polis-futura-a-confronto-sulla-costituzione-un-viaggio-nelle-radici-della-democrazia\\\/\",\"name\":\"I giovani di Polis Futura a confronto sulla Costituzione: un viaggio nelle radici della democrazia - Bellunopress - Dolomiti\",\"isPartOf\":{\"@id\":\"https:\\\/\\\/www.bellunopress.it\\\/#website\"},\"primaryImageOfPage\":{\"@id\":\"https:\\\/\\\/www.bellunopress.it\\\/2026\\\/05\\\/25\\\/i-giovani-di-polis-futura-a-confronto-sulla-costituzione-un-viaggio-nelle-radici-della-democrazia\\\/#primaryimage\"},\"image\":{\"@id\":\"https:\\\/\\\/www.bellunopress.it\\\/2026\\\/05\\\/25\\\/i-giovani-di-polis-futura-a-confronto-sulla-costituzione-un-viaggio-nelle-radici-della-democrazia\\\/#primaryimage\"},\"thumbnailUrl\":\"https:\\\/\\\/www.bellunopress.it\\\/wp-content\\\/uploads\\\/2026\\\/05\\\/polis-futura.jpg\",\"datePublished\":\"2026-05-25T03:33:21+00:00\",\"breadcrumb\":{\"@id\":\"https:\\\/\\\/www.bellunopress.it\\\/2026\\\/05\\\/25\\\/i-giovani-di-polis-futura-a-confronto-sulla-costituzione-un-viaggio-nelle-radici-della-democrazia\\\/#breadcrumb\"},\"inLanguage\":\"fr-FR\",\"potentialAction\":[{\"@type\":\"ReadAction\",\"target\":[\"https:\\\/\\\/www.bellunopress.it\\\/2026\\\/05\\\/25\\\/i-giovani-di-polis-futura-a-confronto-sulla-costituzione-un-viaggio-nelle-radici-della-democrazia\\\/\"]}]},{\"@type\":\"ImageObject\",\"inLanguage\":\"fr-FR\",\"@id\":\"https:\\\/\\\/www.bellunopress.it\\\/2026\\\/05\\\/25\\\/i-giovani-di-polis-futura-a-confronto-sulla-costituzione-un-viaggio-nelle-radici-della-democrazia\\\/#primaryimage\",\"url\":\"https:\\\/\\\/www.bellunopress.it\\\/wp-content\\\/uploads\\\/2026\\\/05\\\/polis-futura.jpg\",\"contentUrl\":\"https:\\\/\\\/www.bellunopress.it\\\/wp-content\\\/uploads\\\/2026\\\/05\\\/polis-futura.jpg\",\"width\":500,\"height\":500},{\"@type\":\"BreadcrumbList\",\"@id\":\"https:\\\/\\\/www.bellunopress.it\\\/2026\\\/05\\\/25\\\/i-giovani-di-polis-futura-a-confronto-sulla-costituzione-un-viaggio-nelle-radici-della-democrazia\\\/#breadcrumb\",\"itemListElement\":[{\"@type\":\"ListItem\",\"position\":1,\"name\":\"Home\",\"item\":\"https:\\\/\\\/www.bellunopress.it\\\/\"},{\"@type\":\"ListItem\",\"position\":2,\"name\":\"I giovani di Polis Futura a confronto sulla Costituzione: un viaggio nelle radici della democrazia\"}]},{\"@type\":\"WebSite\",\"@id\":\"https:\\\/\\\/www.bellunopress.it\\\/#website\",\"url\":\"https:\\\/\\\/www.bellunopress.it\\\/\",\"name\":\"Bellunopress - Dolomiti\",\"description\":\"e-mail: redazione@bellunopress.it\",\"publisher\":{\"@id\":\"https:\\\/\\\/www.bellunopress.it\\\/#organization\"},\"potentialAction\":[{\"@type\":\"SearchAction\",\"target\":{\"@type\":\"EntryPoint\",\"urlTemplate\":\"https:\\\/\\\/www.bellunopress.it\\\/?s={search_term_string}\"},\"query-input\":{\"@type\":\"PropertyValueSpecification\",\"valueRequired\":true,\"valueName\":\"search_term_string\"}}],\"inLanguage\":\"fr-FR\"},{\"@type\":\"Organization\",\"@id\":\"https:\\\/\\\/www.bellunopress.it\\\/#organization\",\"name\":\"Bellunopress\",\"url\":\"https:\\\/\\\/www.bellunopress.it\\\/\",\"logo\":{\"@type\":\"ImageObject\",\"inLanguage\":\"fr-FR\",\"@id\":\"https:\\\/\\\/www.bellunopress.it\\\/#\\\/schema\\\/logo\\\/image\\\/\",\"url\":\"https:\\\/\\\/www.bellunopress.it\\\/wp-content\\\/uploads\\\/2011\\\/05\\\/cropped-logo-bellunopress-.jpg\",\"contentUrl\":\"https:\\\/\\\/www.bellunopress.it\\\/wp-content\\\/uploads\\\/2011\\\/05\\\/cropped-logo-bellunopress-.jpg\",\"width\":512,\"height\":512,\"caption\":\"Bellunopress\"},\"image\":{\"@id\":\"https:\\\/\\\/www.bellunopress.it\\\/#\\\/schema\\\/logo\\\/image\\\/\"},\"sameAs\":[\"https:\\\/\\\/www.facebook.com\\\/profile.php?id=100008943462799\",\"https:\\\/\\\/x.com\\\/bellunopress\",\"https:\\\/\\\/www.linkedin.com\\\/hp\\\/?dnr=JBzUWaJfMUw8vbXJJ2tVW5-I3jZKvC4wsoxE&amp;amp;amp;amp;amp;amp;trk=nav_responsive_tab_home\",\"https:\\\/\\\/www.youtube.com\\\/channel\\\/UCxL0wu1uN0_3_7hGG0306cw\"]},{\"@type\":\"Person\",\"@id\":\"https:\\\/\\\/www.bellunopress.it\\\/#\\\/schema\\\/person\\\/79bb06722b37ece1c03d3e94beb30d73\",\"name\":\"redazione\",\"image\":{\"@type\":\"ImageObject\",\"inLanguage\":\"fr-FR\",\"@id\":\"https:\\\/\\\/secure.gravatar.com\\\/avatar\\\/37d968a2e67a6fd04c169c4bdef102d0bc5d31b2546345219e348575eb80e9a0?s=96&d=mm&r=g\",\"url\":\"https:\\\/\\\/secure.gravatar.com\\\/avatar\\\/37d968a2e67a6fd04c169c4bdef102d0bc5d31b2546345219e348575eb80e9a0?s=96&d=mm&r=g\",\"contentUrl\":\"https:\\\/\\\/secure.gravatar.com\\\/avatar\\\/37d968a2e67a6fd04c169c4bdef102d0bc5d31b2546345219e348575eb80e9a0?s=96&d=mm&r=g\",\"caption\":\"redazione\"},\"sameAs\":[\"http:\\\/\\\/www.bellunopress.it\",\"https:\\\/\\\/x.com\\\/bellunopress\"],\"url\":\"https:\\\/\\\/www.bellunopress.it\\\/fr\\\/author\\\/redazione\\\/\"}]}<\/script>\n<!-- \/ Yoast SEO plugin. -->","yoast_head_json":{"title":"I giovani di Polis Futura a confronto sulla Costituzione: un viaggio nelle radici della democrazia - Bellunopress - Dolomiti","robots":{"index":"index","follow":"follow","max-snippet":"max-snippet:-1","max-image-preview":"max-image-preview:large","max-video-preview":"max-video-preview:-1"},"canonical":"https:\/\/www.bellunopress.it\/fr\/2026\/05\/25\/i-giovani-di-polis-futura-a-confronto-sulla-costituzione-un-viaggio-nelle-radici-della-democrazia\/","og_locale":"fr_FR","og_type":"article","og_title":"I giovani di Polis Futura a confronto sulla Costituzione: un viaggio nelle radici della democrazia - Bellunopress - Dolomiti","og_description":"Belluno &#8211; Le radici della nostra democrazia tornano al centro del dibattito cittadino grazie all&#8217;iniziativa dei giovani di Polis Futura. Sabato 30 maggio, a partire dalle ore 18:00, la Sala Luciani del Centro Giovanni XXIII (in Piazza Piloni 11 a Belluno) ospiter\u00e0 un incontro pubblico dal titolo: &#8220;L&#8217;Assemblea Costituente e le culture politiche: i valori [&hellip;]","og_url":"https:\/\/www.bellunopress.it\/fr\/2026\/05\/25\/i-giovani-di-polis-futura-a-confronto-sulla-costituzione-un-viaggio-nelle-radici-della-democrazia\/","og_site_name":"Bellunopress - Dolomiti","article_publisher":"https:\/\/www.facebook.com\/profile.php?id=100008943462799","article_published_time":"2026-05-25T03:33:21+00:00","og_image":[{"width":500,"height":500,"url":"https:\/\/www.bellunopress.it\/wp-content\/uploads\/2026\/05\/polis-futura.jpg","type":"image\/jpeg"}],"author":"redazione","twitter_card":"summary_large_image","twitter_creator":"@bellunopress","twitter_site":"@bellunopress","twitter_misc":{"\u00c9crit par":"redazione","Dur\u00e9e de lecture estim\u00e9e":"3 minutes"},"schema":{"@context":"https:\/\/schema.org","@graph":[{"@type":"Article","@id":"https:\/\/www.bellunopress.it\/2026\/05\/25\/i-giovani-di-polis-futura-a-confronto-sulla-costituzione-un-viaggio-nelle-radici-della-democrazia\/#article","isPartOf":{"@id":"https:\/\/www.bellunopress.it\/2026\/05\/25\/i-giovani-di-polis-futura-a-confronto-sulla-costituzione-un-viaggio-nelle-radici-della-democrazia\/"},"author":{"name":"redazione","@id":"https:\/\/www.bellunopress.it\/#\/schema\/person\/79bb06722b37ece1c03d3e94beb30d73"},"headline":"I giovani di Polis Futura a confronto sulla Costituzione: un viaggio nelle radici della democrazia","datePublished":"2026-05-25T03:33:21+00:00","mainEntityOfPage":{"@id":"https:\/\/www.bellunopress.it\/2026\/05\/25\/i-giovani-di-polis-futura-a-confronto-sulla-costituzione-un-viaggio-nelle-radici-della-democrazia\/"},"wordCount":449,"publisher":{"@id":"https:\/\/www.bellunopress.it\/#organization"},"image":{"@id":"https:\/\/www.bellunopress.it\/2026\/05\/25\/i-giovani-di-polis-futura-a-confronto-sulla-costituzione-un-viaggio-nelle-radici-della-democrazia\/#primaryimage"},"thumbnailUrl":"https:\/\/www.bellunopress.it\/wp-content\/uploads\/2026\/05\/polis-futura.jpg","articleSection":["Appuntamenti, Eventi","Pausa Caff\u00e8"],"inLanguage":"fr-FR"},{"@type":"WebPage","@id":"https:\/\/www.bellunopress.it\/2026\/05\/25\/i-giovani-di-polis-futura-a-confronto-sulla-costituzione-un-viaggio-nelle-radici-della-democrazia\/","url":"https:\/\/www.bellunopress.it\/2026\/05\/25\/i-giovani-di-polis-futura-a-confronto-sulla-costituzione-un-viaggio-nelle-radici-della-democrazia\/","name":"I giovani di Polis Futura a confronto sulla Costituzione: un viaggio nelle radici della democrazia - Bellunopress - Dolomiti","isPartOf":{"@id":"https:\/\/www.bellunopress.it\/#website"},"primaryImageOfPage":{"@id":"https:\/\/www.bellunopress.it\/2026\/05\/25\/i-giovani-di-polis-futura-a-confronto-sulla-costituzione-un-viaggio-nelle-radici-della-democrazia\/#primaryimage"},"image":{"@id":"https:\/\/www.bellunopress.it\/2026\/05\/25\/i-giovani-di-polis-futura-a-confronto-sulla-costituzione-un-viaggio-nelle-radici-della-democrazia\/#primaryimage"},"thumbnailUrl":"https:\/\/www.bellunopress.it\/wp-content\/uploads\/2026\/05\/polis-futura.jpg","datePublished":"2026-05-25T03:33:21+00:00","breadcrumb":{"@id":"https:\/\/www.bellunopress.it\/2026\/05\/25\/i-giovani-di-polis-futura-a-confronto-sulla-costituzione-un-viaggio-nelle-radici-della-democrazia\/#breadcrumb"},"inLanguage":"fr-FR","potentialAction":[{"@type":"ReadAction","target":["https:\/\/www.bellunopress.it\/2026\/05\/25\/i-giovani-di-polis-futura-a-confronto-sulla-costituzione-un-viaggio-nelle-radici-della-democrazia\/"]}]},{"@type":"ImageObject","inLanguage":"fr-FR","@id":"https:\/\/www.bellunopress.it\/2026\/05\/25\/i-giovani-di-polis-futura-a-confronto-sulla-costituzione-un-viaggio-nelle-radici-della-democrazia\/#primaryimage","url":"https:\/\/www.bellunopress.it\/wp-content\/uploads\/2026\/05\/polis-futura.jpg","contentUrl":"https:\/\/www.bellunopress.it\/wp-content\/uploads\/2026\/05\/polis-futura.jpg","width":500,"height":500},{"@type":"BreadcrumbList","@id":"https:\/\/www.bellunopress.it\/2026\/05\/25\/i-giovani-di-polis-futura-a-confronto-sulla-costituzione-un-viaggio-nelle-radici-della-democrazia\/#breadcrumb","itemListElement":[{"@type":"ListItem","position":1,"name":"Home","item":"https:\/\/www.bellunopress.it\/"},{"@type":"ListItem","position":2,"name":"I giovani di Polis Futura a confronto sulla Costituzione: un viaggio nelle radici della democrazia"}]},{"@type":"WebSite","@id":"https:\/\/www.bellunopress.it\/#website","url":"https:\/\/www.bellunopress.it\/","name":"Bellunopress - Dolomiti","description":"e-mail: redazione@bellunopress.it","publisher":{"@id":"https:\/\/www.bellunopress.it\/#organization"},"potentialAction":[{"@type":"SearchAction","target":{"@type":"EntryPoint","urlTemplate":"https:\/\/www.bellunopress.it\/?s={search_term_string}"},"query-input":{"@type":"PropertyValueSpecification","valueRequired":true,"valueName":"search_term_string"}}],"inLanguage":"fr-FR"},{"@type":"Organization","@id":"https:\/\/www.bellunopress.it\/#organization","name":"Bellunopress","url":"https:\/\/www.bellunopress.it\/","logo":{"@type":"ImageObject","inLanguage":"fr-FR","@id":"https:\/\/www.bellunopress.it\/#\/schema\/logo\/image\/","url":"https:\/\/www.bellunopress.it\/wp-content\/uploads\/2011\/05\/cropped-logo-bellunopress-.jpg","contentUrl":"https:\/\/www.bellunopress.it\/wp-content\/uploads\/2011\/05\/cropped-logo-bellunopress-.jpg","width":512,"height":512,"caption":"Bellunopress"},"image":{"@id":"https:\/\/www.bellunopress.it\/#\/schema\/logo\/image\/"},"sameAs":["https:\/\/www.facebook.com\/profile.php?id=100008943462799","https:\/\/x.com\/bellunopress","https:\/\/www.linkedin.com\/hp\/?dnr=JBzUWaJfMUw8vbXJJ2tVW5-I3jZKvC4wsoxE&amp;amp;amp;amp;amp;amp;trk=nav_responsive_tab_home","https:\/\/www.youtube.com\/channel\/UCxL0wu1uN0_3_7hGG0306cw"]},{"@type":"Person","@id":"https:\/\/www.bellunopress.it\/#\/schema\/person\/79bb06722b37ece1c03d3e94beb30d73","name":"r\u00e9daction","image":{"@type":"ImageObject","inLanguage":"fr-FR","@id":"https:\/\/secure.gravatar.com\/avatar\/37d968a2e67a6fd04c169c4bdef102d0bc5d31b2546345219e348575eb80e9a0?s=96&d=mm&r=g","url":"https:\/\/secure.gravatar.com\/avatar\/37d968a2e67a6fd04c169c4bdef102d0bc5d31b2546345219e348575eb80e9a0?s=96&d=mm&r=g","contentUrl":"https:\/\/secure.gravatar.com\/avatar\/37d968a2e67a6fd04c169c4bdef102d0bc5d31b2546345219e348575eb80e9a0?s=96&d=mm&r=g","caption":"redazione"},"sameAs":["http:\/\/www.bellunopress.it","https:\/\/x.com\/bellunopress"],"url":"https:\/\/www.bellunopress.it\/fr\/author\/redazione\/"}]}},"_links":{"self":[{"href":"https:\/\/www.bellunopress.it\/fr\/wp-json\/wp\/v2\/posts\/170426","targetHints":{"allow":["GET"]}}],"collection":[{"href":"https:\/\/www.bellunopress.it\/fr\/wp-json\/wp\/v2\/posts"}],"about":[{"href":"https:\/\/www.bellunopress.it\/fr\/wp-json\/wp\/v2\/types\/post"}],"author":[{"embeddable":true,"href":"https:\/\/www.bellunopress.it\/fr\/wp-json\/wp\/v2\/users\/2"}],"replies":[{"embeddable":true,"href":"https:\/\/www.bellunopress.it\/fr\/wp-json\/wp\/v2\/comments?post=170426"}],"version-history":[{"count":1,"href":"https:\/\/www.bellunopress.it\/fr\/wp-json\/wp\/v2\/posts\/170426\/revisions"}],"predecessor-version":[{"id":170428,"href":"https:\/\/www.bellunopress.it\/fr\/wp-json\/wp\/v2\/posts\/170426\/revisions\/170428"}],"wp:featuredmedia":[{"embeddable":true,"href":"https:\/\/www.bellunopress.it\/fr\/wp-json\/wp\/v2\/media\/170427"}],"wp:attachment":[{"href":"https:\/\/www.bellunopress.it\/fr\/wp-json\/wp\/v2\/media?parent=170426"}],"wp:term":[{"taxonomy":"category","embeddable":true,"href":"https:\/\/www.bellunopress.it\/fr\/wp-json\/wp\/v2\/categories?post=170426"},{"taxonomy":"post_tag","embeddable":true,"href":"https:\/\/www.bellunopress.it\/fr\/wp-json\/wp\/v2\/tags?post=170426"}],"curies":[{"name":"wp","href":"https:\/\/api.w.org\/{rel}","templated":true}]}}