{"id":170424,"date":"2026-05-24T21:16:59","date_gmt":"2026-05-24T19:16:59","guid":{"rendered":"https:\/\/www.bellunopress.it\/?p=170424"},"modified":"2026-05-24T21:16:59","modified_gmt":"2026-05-24T19:16:59","slug":"giro-ditalia-2026-feltre-entra-nella-settimana-rosa","status":"publish","type":"post","link":"https:\/\/www.bellunopress.it\/fr\/2026\/05\/24\/giro-ditalia-2026-feltre-entra-nella-settimana-rosa\/","title":{"rendered":"Giro d\u2019Italia 2026, Feltre entra nella Settimana Rosa"},"content":{"rendered":"<p><strong>Eventi, ospiti e grande attesa verso la partenza della Feltre &#8211; Alleghe (Piani di Pezz\u00e8) del 29 maggio<\/strong><\/p>\n<p><em>Feltre, 24 maggio 2026 <\/em>&#8211; La settimana pi\u00f9 attesa sta per cominciare. Feltre e il Bellunese entrano ufficialmente nella \u201cSettimana Rosa\u201d, il lungo conto alla rovescia verso la diciannovesima tappa del Giro d\u2019Italia 2026, in programma <strong>venerd\u00ec 29 maggio con partenza da Feltre e arrivo ad Alleghe \u2013 Piani di Pezz\u00e8 dopo 151 chilometri interamente bellunesi<\/strong>, attraversando alcuni dei passi che hanno scritto la leggenda della corsa rosa.<\/p>\n<p>Non sar\u00e0 soltanto la settimana che precede il Giro: sar\u00e0 soprattutto la settimana della festa e degli incontri che accompagneranno il territorio verso questo appuntamento sportivo.<\/p>\n<p><strong>LA SETTIMANA ROSA CON LA STRADA DEL GIRO<\/strong><br \/>\nAd aprire il calendario sar\u00e0 la serata di<strong> luned\u00ec 25 maggio alle ore 20 presso la Biblioteca Comunale di Arsi\u00e8,<\/strong> con un ospite speciale: <strong>Gilberto \u201cGibo\u201d Simoni,<\/strong> straordinario scalatore e vincitore del Giro d\u2019Italia nel 2001 e nel 2003. L\u2019incontro, dal titolo <strong>\u201cVincere ed ispirare<\/strong>\u201d, racconter\u00e0 la storia sportiva e umana di uno dei grandi protagonisti del ciclismo italiano. Alla serata parteciperanno anche Firmino Lira di GS Fonzaso e Manifattura Valcismon con l\u2019esposizione di storiche maglie da ciclismo.<\/p>\n<p><strong>Marted\u00ec 26 maggio alle ore 20 il Centro Culturale di Santa Giustina<\/strong> ospiter\u00e0 invece <strong>\u201cRestart = Ripartire\u201d<\/strong>, un appuntamento dedicato al valore dello sport come strumento di inclusione, crescita personale e ripartenza, con testimonianze e riflessioni sul ruolo sociale dell\u2019attivit\u00e0 sportiva. Presenti per Restart Sport Accademy il Presidente Pierino Dainese e due atleti di handbike, il campione nazionale handbike Marco Toffanin e il campione italiano ultra Cycling 24 ore Yari Poli. Con loro, anche l\u2019Associazione ASSI Onlus con il presidente Davide Giozzet e l\u2019atleta paralimpico &#8211; Sindaco di Belluno &#8211; Oscar De Pellegrin.<\/p>\n<p><strong>Mercoled\u00ec 27 maggio il percorso della \u201cStrada del Giro\u201d far\u00e0 tappa a Setteville<\/strong>, presso il Centro Culturale di Quero, con una serata interamente dedicata al mondo gravel. Ospite speciale sar\u00e0 l\u2019ex professionista Daniel Oss, volto amatissimo del ciclismo italiano e profondo conoscitore di questo nuovo modo di vivere la bicicletta. Insieme a lui interverranno Paolo Cancian di Valbelluna Gravel ASD e Gregorio Rech di GR Bike, che porter\u00e0 anche una bicicletta gravel per approfondirne caratteristiche tecniche e meccaniche.<\/p>\n<p><strong>LA NOTTE ROSA A FELTRE<br \/>\n<\/strong>Ma il cuore della settimana sar\u00e0 <strong>gioved\u00ec 28 maggio con \u201cFeltre in Rosa\u201d, la grande Notte Rosa <\/strong>che trasformer\u00e0 il centro storico in un palcoscenico diffuso di musica, spettacolo, sport e convivialit\u00e0.<br \/>\nDalle ore 17 il centro citt\u00e0 si animer\u00e0 con aperitivi, negozi aperti, musica, intrattenimento e animazione, creando un\u2019atmosfera di festa in attesa dell\u2019arrivo del Giro. Dalle 19.30 in Piazza Maggiore prender\u00e0 il via il grande evento istituzionale con la suggestiva sfilata del Palio di Feltre, la partecipazione degli studenti di ENAIP Veneto Feltre, la presentazione ufficiale della tappa e l\u2019arrivo dell\u2019ospite d\u2019eccezione Peter Sagan. La serata proseguir\u00e0 con il Radio Company Party ENERGIA 90, musica live e stand gastronomici.La Notte Rosa rappresenter\u00e0 il momento simbolico in cui Feltre abbraccer\u00e0 il Giro d\u2019Italia, celebrando il territorio, la propria comunit\u00e0 e la passione per uno degli eventi sportivi pi\u00f9 amati al mondo.<\/p>\n<p><strong>IL GIORNO DI TAPPA<br \/>\n<\/strong><strong>Venerd\u00ec 29 maggio arriver\u00e0 il grande giorno della partenza<\/strong>. Fin dalle prime ore del mattino il centro cittadino si vestir\u00e0 di rosa accogliendo tifosi, famiglie e visitatori in un\u2019atmosfera unica. <strong>Dalle ore 9:30<\/strong> prenderanno il via le animazioni ufficiali del Giro con expo, intrattenimento, cerimonie e il passaggio della storica Carovana Rosa. <strong>Intorno alle ore 12:30 da Largo Castaldi scatter\u00e0 ufficialmente la diciannovesima tappa Feltre \u2013 Alleghe<\/strong> con arrivo ai\u00a0 Piani di Pezz\u00e8. Il gruppo attraverser\u00e0 il cuore della citt\u00e0 salendo verso Piazza Maggiore prima di affrontare le montagne bellunesi e i passi iconici che hanno reso immortale la storia del Giro d\u2019Italia.<br \/>\nPer tutta la giornata il centro sar\u00e0 inoltre animato dall\u2019iniziativa <strong>\u201cPranzo in Giro\u201d<\/strong>, promossa da\u00a0 trenta locali della citt\u00e0 con light lunch e men\u00f9 dedicati alla giornata rosa.<\/p>\n<p><strong>DICHIARAZIONI DAL COMITATO DI TAPPA<\/strong><br \/>\n\u201c<em>La Settimana Rosa \u00e8 pronta a partire e Feltre, insieme a tutto il Bellunese, si sta preparando a vivere giorni di grande sport e partecipazione <\/em>&#8211; dichiara il presidente del Consorzio Dolomiti Prealpi, <strong>Lionello Gorza<\/strong> -. <em>Sar\u00e0 un grandissimo orgoglio territoriale aspettando il passaggio della corsa che da oltre un secolo emoziona l\u2019Italia intera. Aspettiamo tanti turisti e speriamo davvero che il sole accompagni queste giornate di festa. Sappiamo gi\u00e0 che ci saranno moltissime scuole presenti lungo il percorso per vedere il Giro e questo \u00e8 un segnale bellissimo. Rivolgiamo inoltre un invito a tutti i negozianti, ai bar e alle attivit\u00e0 delle citt\u00e0 attraversate dalla tappa affinch\u00e9 rendano rosa i paesi e i centri, accogliendo al meglio la grande festa del Giro d\u2019Italia<\/em>\u201d.<\/p>\n<p>INFO TAPPA <a href=\"https:\/\/www.dolomitiprealpi.it\/giro-ditalia-19a-tappa-feltre-alleghe-piani-di-pezze\/\">https:\/\/www.dolomitiprealpi.it\/giro-ditalia-19a-tappa-feltre-alleghe-piani-di-pezze\/<\/a><\/p>\n<p>&nbsp;<\/p>","protected":false},"excerpt":{"rendered":"<p>Eventi, ospiti e grande attesa verso la partenza della Feltre &#8211; Alleghe (Piani di Pezz\u00e8) del 29 maggio Feltre, 24 maggio 2026 &#8211; La settimana pi\u00f9 attesa sta per cominciare. Feltre e il Bellunese entrano ufficialmente nella \u201cSettimana Rosa\u201d, il lungo conto alla rovescia verso la diciannovesima tappa del Giro d\u2019Italia 2026, in programma venerd\u00ec [&hellip;]<\/p>\n","protected":false},"author":2,"featured_media":169807,"comment_status":"closed","ping_status":"open","sticky":false,"template":"","format":"standard","meta":{"footnotes":""},"categories":[26,4],"tags":[],"class_list":["post-170424","post","type-post","status-publish","format-standard","has-post-thumbnail","category-prima-pagina","category-sport"],"yoast_head":"<!-- This site is optimized with the Yoast SEO plugin v28.4 - https:\/\/yoast.com\/product\/yoast-seo-wordpress\/ -->\n<title>Giro d\u2019Italia 2026, Feltre entra nella Settimana Rosa - Bellunopress - Dolomiti<\/title>\n<meta name=\"robots\" content=\"index, follow, max-snippet:-1, max-image-preview:large, max-video-preview:-1\" \/>\n<link rel=\"canonical\" href=\"https:\/\/www.bellunopress.it\/fr\/2026\/05\/24\/giro-ditalia-2026-feltre-entra-nella-settimana-rosa\/\" \/>\n<meta property=\"og:locale\" content=\"fr_FR\" \/>\n<meta property=\"og:type\" content=\"article\" \/>\n<meta property=\"og:title\" content=\"Giro d\u2019Italia 2026, Feltre entra nella Settimana Rosa - Bellunopress - Dolomiti\" \/>\n<meta property=\"og:description\" content=\"Eventi, ospiti e grande attesa verso la partenza della Feltre &#8211; Alleghe (Piani di Pezz\u00e8) del 29 maggio Feltre, 24 maggio 2026 &#8211; La settimana pi\u00f9 attesa sta per cominciare. Feltre e il Bellunese entrano ufficialmente nella \u201cSettimana Rosa\u201d, il lungo conto alla rovescia verso la diciannovesima tappa del Giro d\u2019Italia 2026, in programma venerd\u00ec [&hellip;]\" \/>\n<meta property=\"og:url\" content=\"https:\/\/www.bellunopress.it\/fr\/2026\/05\/24\/giro-ditalia-2026-feltre-entra-nella-settimana-rosa\/\" \/>\n<meta property=\"og:site_name\" content=\"Bellunopress - Dolomiti\" \/>\n<meta property=\"article:publisher\" content=\"https:\/\/www.facebook.com\/profile.php?id=100008943462799\" \/>\n<meta property=\"article:published_time\" content=\"2026-05-24T19:16:59+00:00\" \/>\n<meta property=\"og:image\" content=\"https:\/\/www.bellunopress.it\/wp-content\/uploads\/2026\/05\/Giro-dItalia-2026.jpg\" \/>\n\t<meta property=\"og:image:width\" content=\"533\" \/>\n\t<meta property=\"og:image:height\" content=\"204\" \/>\n\t<meta property=\"og:image:type\" content=\"image\/jpeg\" \/>\n<meta name=\"author\" content=\"redazione\" \/>\n<meta name=\"twitter:card\" content=\"summary_large_image\" \/>\n<meta name=\"twitter:creator\" content=\"@bellunopress\" \/>\n<meta name=\"twitter:site\" content=\"@bellunopress\" \/>\n<meta name=\"twitter:label1\" content=\"\u00c9crit par\" \/>\n\t<meta name=\"twitter:data1\" content=\"redazione\" \/>\n\t<meta name=\"twitter:label2\" content=\"Dur\u00e9e de lecture estim\u00e9e\" \/>\n\t<meta name=\"twitter:data2\" content=\"5 minutes\" \/>\n<script type=\"application\/ld+json\" class=\"yoast-schema-graph\">{\"@context\":\"https:\\\/\\\/schema.org\",\"@graph\":[{\"@type\":\"Article\",\"@id\":\"https:\\\/\\\/www.bellunopress.it\\\/2026\\\/05\\\/24\\\/giro-ditalia-2026-feltre-entra-nella-settimana-rosa\\\/#article\",\"isPartOf\":{\"@id\":\"https:\\\/\\\/www.bellunopress.it\\\/2026\\\/05\\\/24\\\/giro-ditalia-2026-feltre-entra-nella-settimana-rosa\\\/\"},\"author\":{\"name\":\"redazione\",\"@id\":\"https:\\\/\\\/www.bellunopress.it\\\/#\\\/schema\\\/person\\\/79bb06722b37ece1c03d3e94beb30d73\"},\"headline\":\"Giro d\u2019Italia 2026, Feltre entra nella Settimana Rosa\",\"datePublished\":\"2026-05-24T19:16:59+00:00\",\"mainEntityOfPage\":{\"@id\":\"https:\\\/\\\/www.bellunopress.it\\\/2026\\\/05\\\/24\\\/giro-ditalia-2026-feltre-entra-nella-settimana-rosa\\\/\"},\"wordCount\":791,\"publisher\":{\"@id\":\"https:\\\/\\\/www.bellunopress.it\\\/#organization\"},\"image\":{\"@id\":\"https:\\\/\\\/www.bellunopress.it\\\/2026\\\/05\\\/24\\\/giro-ditalia-2026-feltre-entra-nella-settimana-rosa\\\/#primaryimage\"},\"thumbnailUrl\":\"https:\\\/\\\/www.bellunopress.it\\\/wp-content\\\/uploads\\\/2026\\\/05\\\/Giro-dItalia-2026.jpg\",\"articleSection\":[\"Prima Pagina\",\"Sport, tempo libero\"],\"inLanguage\":\"fr-FR\"},{\"@type\":\"WebPage\",\"@id\":\"https:\\\/\\\/www.bellunopress.it\\\/2026\\\/05\\\/24\\\/giro-ditalia-2026-feltre-entra-nella-settimana-rosa\\\/\",\"url\":\"https:\\\/\\\/www.bellunopress.it\\\/2026\\\/05\\\/24\\\/giro-ditalia-2026-feltre-entra-nella-settimana-rosa\\\/\",\"name\":\"Giro d\u2019Italia 2026, Feltre entra nella Settimana Rosa - Bellunopress - Dolomiti\",\"isPartOf\":{\"@id\":\"https:\\\/\\\/www.bellunopress.it\\\/#website\"},\"primaryImageOfPage\":{\"@id\":\"https:\\\/\\\/www.bellunopress.it\\\/2026\\\/05\\\/24\\\/giro-ditalia-2026-feltre-entra-nella-settimana-rosa\\\/#primaryimage\"},\"image\":{\"@id\":\"https:\\\/\\\/www.bellunopress.it\\\/2026\\\/05\\\/24\\\/giro-ditalia-2026-feltre-entra-nella-settimana-rosa\\\/#primaryimage\"},\"thumbnailUrl\":\"https:\\\/\\\/www.bellunopress.it\\\/wp-content\\\/uploads\\\/2026\\\/05\\\/Giro-dItalia-2026.jpg\",\"datePublished\":\"2026-05-24T19:16:59+00:00\",\"breadcrumb\":{\"@id\":\"https:\\\/\\\/www.bellunopress.it\\\/2026\\\/05\\\/24\\\/giro-ditalia-2026-feltre-entra-nella-settimana-rosa\\\/#breadcrumb\"},\"inLanguage\":\"fr-FR\",\"potentialAction\":[{\"@type\":\"ReadAction\",\"target\":[\"https:\\\/\\\/www.bellunopress.it\\\/2026\\\/05\\\/24\\\/giro-ditalia-2026-feltre-entra-nella-settimana-rosa\\\/\"]}]},{\"@type\":\"ImageObject\",\"inLanguage\":\"fr-FR\",\"@id\":\"https:\\\/\\\/www.bellunopress.it\\\/2026\\\/05\\\/24\\\/giro-ditalia-2026-feltre-entra-nella-settimana-rosa\\\/#primaryimage\",\"url\":\"https:\\\/\\\/www.bellunopress.it\\\/wp-content\\\/uploads\\\/2026\\\/05\\\/Giro-dItalia-2026.jpg\",\"contentUrl\":\"https:\\\/\\\/www.bellunopress.it\\\/wp-content\\\/uploads\\\/2026\\\/05\\\/Giro-dItalia-2026.jpg\",\"width\":533,\"height\":204},{\"@type\":\"BreadcrumbList\",\"@id\":\"https:\\\/\\\/www.bellunopress.it\\\/2026\\\/05\\\/24\\\/giro-ditalia-2026-feltre-entra-nella-settimana-rosa\\\/#breadcrumb\",\"itemListElement\":[{\"@type\":\"ListItem\",\"position\":1,\"name\":\"Home\",\"item\":\"https:\\\/\\\/www.bellunopress.it\\\/\"},{\"@type\":\"ListItem\",\"position\":2,\"name\":\"Giro d\u2019Italia 2026, Feltre entra nella Settimana Rosa\"}]},{\"@type\":\"WebSite\",\"@id\":\"https:\\\/\\\/www.bellunopress.it\\\/#website\",\"url\":\"https:\\\/\\\/www.bellunopress.it\\\/\",\"name\":\"Bellunopress - Dolomiti\",\"description\":\"e-mail: redazione@bellunopress.it\",\"publisher\":{\"@id\":\"https:\\\/\\\/www.bellunopress.it\\\/#organization\"},\"potentialAction\":[{\"@type\":\"SearchAction\",\"target\":{\"@type\":\"EntryPoint\",\"urlTemplate\":\"https:\\\/\\\/www.bellunopress.it\\\/?s={search_term_string}\"},\"query-input\":{\"@type\":\"PropertyValueSpecification\",\"valueRequired\":true,\"valueName\":\"search_term_string\"}}],\"inLanguage\":\"fr-FR\"},{\"@type\":\"Organization\",\"@id\":\"https:\\\/\\\/www.bellunopress.it\\\/#organization\",\"name\":\"Bellunopress\",\"url\":\"https:\\\/\\\/www.bellunopress.it\\\/\",\"logo\":{\"@type\":\"ImageObject\",\"inLanguage\":\"fr-FR\",\"@id\":\"https:\\\/\\\/www.bellunopress.it\\\/#\\\/schema\\\/logo\\\/image\\\/\",\"url\":\"https:\\\/\\\/www.bellunopress.it\\\/wp-content\\\/uploads\\\/2011\\\/05\\\/cropped-logo-bellunopress-.jpg\",\"contentUrl\":\"https:\\\/\\\/www.bellunopress.it\\\/wp-content\\\/uploads\\\/2011\\\/05\\\/cropped-logo-bellunopress-.jpg\",\"width\":512,\"height\":512,\"caption\":\"Bellunopress\"},\"image\":{\"@id\":\"https:\\\/\\\/www.bellunopress.it\\\/#\\\/schema\\\/logo\\\/image\\\/\"},\"sameAs\":[\"https:\\\/\\\/www.facebook.com\\\/profile.php?id=100008943462799\",\"https:\\\/\\\/x.com\\\/bellunopress\",\"https:\\\/\\\/www.linkedin.com\\\/hp\\\/?dnr=JBzUWaJfMUw8vbXJJ2tVW5-I3jZKvC4wsoxE&amp;amp;amp;amp;amp;amp;trk=nav_responsive_tab_home\",\"https:\\\/\\\/www.youtube.com\\\/channel\\\/UCxL0wu1uN0_3_7hGG0306cw\"]},{\"@type\":\"Person\",\"@id\":\"https:\\\/\\\/www.bellunopress.it\\\/#\\\/schema\\\/person\\\/79bb06722b37ece1c03d3e94beb30d73\",\"name\":\"redazione\",\"image\":{\"@type\":\"ImageObject\",\"inLanguage\":\"fr-FR\",\"@id\":\"https:\\\/\\\/secure.gravatar.com\\\/avatar\\\/37d968a2e67a6fd04c169c4bdef102d0bc5d31b2546345219e348575eb80e9a0?s=96&d=mm&r=g\",\"url\":\"https:\\\/\\\/secure.gravatar.com\\\/avatar\\\/37d968a2e67a6fd04c169c4bdef102d0bc5d31b2546345219e348575eb80e9a0?s=96&d=mm&r=g\",\"contentUrl\":\"https:\\\/\\\/secure.gravatar.com\\\/avatar\\\/37d968a2e67a6fd04c169c4bdef102d0bc5d31b2546345219e348575eb80e9a0?s=96&d=mm&r=g\",\"caption\":\"redazione\"},\"sameAs\":[\"http:\\\/\\\/www.bellunopress.it\",\"https:\\\/\\\/x.com\\\/bellunopress\"],\"url\":\"https:\\\/\\\/www.bellunopress.it\\\/fr\\\/author\\\/redazione\\\/\"}]}<\/script>\n<!-- \/ Yoast SEO plugin. -->","yoast_head_json":{"title":"Giro d\u2019Italia 2026, Feltre entra nella Settimana Rosa - Bellunopress - Dolomiti","robots":{"index":"index","follow":"follow","max-snippet":"max-snippet:-1","max-image-preview":"max-image-preview:large","max-video-preview":"max-video-preview:-1"},"canonical":"https:\/\/www.bellunopress.it\/fr\/2026\/05\/24\/giro-ditalia-2026-feltre-entra-nella-settimana-rosa\/","og_locale":"fr_FR","og_type":"article","og_title":"Giro d\u2019Italia 2026, Feltre entra nella Settimana Rosa - Bellunopress - Dolomiti","og_description":"Eventi, ospiti e grande attesa verso la partenza della Feltre &#8211; Alleghe (Piani di Pezz\u00e8) del 29 maggio Feltre, 24 maggio 2026 &#8211; La settimana pi\u00f9 attesa sta per cominciare. Feltre e il Bellunese entrano ufficialmente nella \u201cSettimana Rosa\u201d, il lungo conto alla rovescia verso la diciannovesima tappa del Giro d\u2019Italia 2026, in programma venerd\u00ec [&hellip;]","og_url":"https:\/\/www.bellunopress.it\/fr\/2026\/05\/24\/giro-ditalia-2026-feltre-entra-nella-settimana-rosa\/","og_site_name":"Bellunopress - Dolomiti","article_publisher":"https:\/\/www.facebook.com\/profile.php?id=100008943462799","article_published_time":"2026-05-24T19:16:59+00:00","og_image":[{"width":533,"height":204,"url":"https:\/\/www.bellunopress.it\/wp-content\/uploads\/2026\/05\/Giro-dItalia-2026.jpg","type":"image\/jpeg"}],"author":"redazione","twitter_card":"summary_large_image","twitter_creator":"@bellunopress","twitter_site":"@bellunopress","twitter_misc":{"\u00c9crit par":"redazione","Dur\u00e9e de lecture estim\u00e9e":"5 minutes"},"schema":{"@context":"https:\/\/schema.org","@graph":[{"@type":"Article","@id":"https:\/\/www.bellunopress.it\/2026\/05\/24\/giro-ditalia-2026-feltre-entra-nella-settimana-rosa\/#article","isPartOf":{"@id":"https:\/\/www.bellunopress.it\/2026\/05\/24\/giro-ditalia-2026-feltre-entra-nella-settimana-rosa\/"},"author":{"name":"redazione","@id":"https:\/\/www.bellunopress.it\/#\/schema\/person\/79bb06722b37ece1c03d3e94beb30d73"},"headline":"Giro d\u2019Italia 2026, Feltre entra nella Settimana Rosa","datePublished":"2026-05-24T19:16:59+00:00","mainEntityOfPage":{"@id":"https:\/\/www.bellunopress.it\/2026\/05\/24\/giro-ditalia-2026-feltre-entra-nella-settimana-rosa\/"},"wordCount":791,"publisher":{"@id":"https:\/\/www.bellunopress.it\/#organization"},"image":{"@id":"https:\/\/www.bellunopress.it\/2026\/05\/24\/giro-ditalia-2026-feltre-entra-nella-settimana-rosa\/#primaryimage"},"thumbnailUrl":"https:\/\/www.bellunopress.it\/wp-content\/uploads\/2026\/05\/Giro-dItalia-2026.jpg","articleSection":["Prima Pagina","Sport, tempo libero"],"inLanguage":"fr-FR"},{"@type":"WebPage","@id":"https:\/\/www.bellunopress.it\/2026\/05\/24\/giro-ditalia-2026-feltre-entra-nella-settimana-rosa\/","url":"https:\/\/www.bellunopress.it\/2026\/05\/24\/giro-ditalia-2026-feltre-entra-nella-settimana-rosa\/","name":"Giro d\u2019Italia 2026, Feltre entra nella Settimana Rosa - Bellunopress - Dolomiti","isPartOf":{"@id":"https:\/\/www.bellunopress.it\/#website"},"primaryImageOfPage":{"@id":"https:\/\/www.bellunopress.it\/2026\/05\/24\/giro-ditalia-2026-feltre-entra-nella-settimana-rosa\/#primaryimage"},"image":{"@id":"https:\/\/www.bellunopress.it\/2026\/05\/24\/giro-ditalia-2026-feltre-entra-nella-settimana-rosa\/#primaryimage"},"thumbnailUrl":"https:\/\/www.bellunopress.it\/wp-content\/uploads\/2026\/05\/Giro-dItalia-2026.jpg","datePublished":"2026-05-24T19:16:59+00:00","breadcrumb":{"@id":"https:\/\/www.bellunopress.it\/2026\/05\/24\/giro-ditalia-2026-feltre-entra-nella-settimana-rosa\/#breadcrumb"},"inLanguage":"fr-FR","potentialAction":[{"@type":"ReadAction","target":["https:\/\/www.bellunopress.it\/2026\/05\/24\/giro-ditalia-2026-feltre-entra-nella-settimana-rosa\/"]}]},{"@type":"ImageObject","inLanguage":"fr-FR","@id":"https:\/\/www.bellunopress.it\/2026\/05\/24\/giro-ditalia-2026-feltre-entra-nella-settimana-rosa\/#primaryimage","url":"https:\/\/www.bellunopress.it\/wp-content\/uploads\/2026\/05\/Giro-dItalia-2026.jpg","contentUrl":"https:\/\/www.bellunopress.it\/wp-content\/uploads\/2026\/05\/Giro-dItalia-2026.jpg","width":533,"height":204},{"@type":"BreadcrumbList","@id":"https:\/\/www.bellunopress.it\/2026\/05\/24\/giro-ditalia-2026-feltre-entra-nella-settimana-rosa\/#breadcrumb","itemListElement":[{"@type":"ListItem","position":1,"name":"Home","item":"https:\/\/www.bellunopress.it\/"},{"@type":"ListItem","position":2,"name":"Giro d\u2019Italia 2026, Feltre entra nella Settimana Rosa"}]},{"@type":"WebSite","@id":"https:\/\/www.bellunopress.it\/#website","url":"https:\/\/www.bellunopress.it\/","name":"Bellunopress - Dolomiti","description":"e-mail: redazione@bellunopress.it","publisher":{"@id":"https:\/\/www.bellunopress.it\/#organization"},"potentialAction":[{"@type":"SearchAction","target":{"@type":"EntryPoint","urlTemplate":"https:\/\/www.bellunopress.it\/?s={search_term_string}"},"query-input":{"@type":"PropertyValueSpecification","valueRequired":true,"valueName":"search_term_string"}}],"inLanguage":"fr-FR"},{"@type":"Organization","@id":"https:\/\/www.bellunopress.it\/#organization","name":"Bellunopress","url":"https:\/\/www.bellunopress.it\/","logo":{"@type":"ImageObject","inLanguage":"fr-FR","@id":"https:\/\/www.bellunopress.it\/#\/schema\/logo\/image\/","url":"https:\/\/www.bellunopress.it\/wp-content\/uploads\/2011\/05\/cropped-logo-bellunopress-.jpg","contentUrl":"https:\/\/www.bellunopress.it\/wp-content\/uploads\/2011\/05\/cropped-logo-bellunopress-.jpg","width":512,"height":512,"caption":"Bellunopress"},"image":{"@id":"https:\/\/www.bellunopress.it\/#\/schema\/logo\/image\/"},"sameAs":["https:\/\/www.facebook.com\/profile.php?id=100008943462799","https:\/\/x.com\/bellunopress","https:\/\/www.linkedin.com\/hp\/?dnr=JBzUWaJfMUw8vbXJJ2tVW5-I3jZKvC4wsoxE&amp;amp;amp;amp;amp;amp;trk=nav_responsive_tab_home","https:\/\/www.youtube.com\/channel\/UCxL0wu1uN0_3_7hGG0306cw"]},{"@type":"Person","@id":"https:\/\/www.bellunopress.it\/#\/schema\/person\/79bb06722b37ece1c03d3e94beb30d73","name":"r\u00e9daction","image":{"@type":"ImageObject","inLanguage":"fr-FR","@id":"https:\/\/secure.gravatar.com\/avatar\/37d968a2e67a6fd04c169c4bdef102d0bc5d31b2546345219e348575eb80e9a0?s=96&d=mm&r=g","url":"https:\/\/secure.gravatar.com\/avatar\/37d968a2e67a6fd04c169c4bdef102d0bc5d31b2546345219e348575eb80e9a0?s=96&d=mm&r=g","contentUrl":"https:\/\/secure.gravatar.com\/avatar\/37d968a2e67a6fd04c169c4bdef102d0bc5d31b2546345219e348575eb80e9a0?s=96&d=mm&r=g","caption":"redazione"},"sameAs":["http:\/\/www.bellunopress.it","https:\/\/x.com\/bellunopress"],"url":"https:\/\/www.bellunopress.it\/fr\/author\/redazione\/"}]}},"_links":{"self":[{"href":"https:\/\/www.bellunopress.it\/fr\/wp-json\/wp\/v2\/posts\/170424","targetHints":{"allow":["GET"]}}],"collection":[{"href":"https:\/\/www.bellunopress.it\/fr\/wp-json\/wp\/v2\/posts"}],"about":[{"href":"https:\/\/www.bellunopress.it\/fr\/wp-json\/wp\/v2\/types\/post"}],"author":[{"embeddable":true,"href":"https:\/\/www.bellunopress.it\/fr\/wp-json\/wp\/v2\/users\/2"}],"replies":[{"embeddable":true,"href":"https:\/\/www.bellunopress.it\/fr\/wp-json\/wp\/v2\/comments?post=170424"}],"version-history":[{"count":1,"href":"https:\/\/www.bellunopress.it\/fr\/wp-json\/wp\/v2\/posts\/170424\/revisions"}],"predecessor-version":[{"id":170425,"href":"https:\/\/www.bellunopress.it\/fr\/wp-json\/wp\/v2\/posts\/170424\/revisions\/170425"}],"wp:featuredmedia":[{"embeddable":true,"href":"https:\/\/www.bellunopress.it\/fr\/wp-json\/wp\/v2\/media\/169807"}],"wp:attachment":[{"href":"https:\/\/www.bellunopress.it\/fr\/wp-json\/wp\/v2\/media?parent=170424"}],"wp:term":[{"taxonomy":"category","embeddable":true,"href":"https:\/\/www.bellunopress.it\/fr\/wp-json\/wp\/v2\/categories?post=170424"},{"taxonomy":"post_tag","embeddable":true,"href":"https:\/\/www.bellunopress.it\/fr\/wp-json\/wp\/v2\/tags?post=170424"}],"curies":[{"name":"wp","href":"https:\/\/api.w.org\/{rel}","templated":true}]}}