{"id":170422,"date":"2026-05-24T21:09:25","date_gmt":"2026-05-24T19:09:25","guid":{"rendered":"https:\/\/www.bellunopress.it\/?p=170422"},"modified":"2026-05-24T21:09:25","modified_gmt":"2026-05-24T19:09:25","slug":"il-non-detto-dellassessore-dal-pont-sul-futuro-del-welfare-bellunese-lanalisi-del-pd-citta-di-belluno","status":"publish","type":"post","link":"https:\/\/www.bellunopress.it\/fr\/2026\/05\/24\/il-non-detto-dellassessore-dal-pont-sul-futuro-del-welfare-bellunese-lanalisi-del-pd-citta-di-belluno\/","title":{"rendered":"Il non detto dell&#8217;Assessore Dal Pont sul futuro del welfare bellunese. L&#8217;analisi del Pd Citt\u00e0 di Belluno"},"content":{"rendered":"<p>Belluno, 24\/05\/2026 &#8211; L&#8217;assessore Marco Dal Pont, responsabile delle politiche sociali nella Giunta De Pellegrin, oggi ricorda ai cittadini bellunesi quanto sia importante destinare il 5&#215;1000 ai servizi sociali comunali perch\u00e9 \u2013 per usare le sue parole \u2013 i costi sono alti e la richiesta aumenter\u00e0 nel tempo.<\/p>\n<p>Ben venga, ovviamente, che i bellunesi scelgano di essere solidali e di destinare una parte delle proprie donazioni alle istituzioni. Allo stesso tempo, \u00e8 ora di chiedere a queste stesse istituzioni di fare la propria parte e di mettere a terra tutte le risorse ferme da anni nei meandri di Palazzo Rosso.<\/p>\n<p>E parliamo di cifre a sei zeri.<\/p>\n<p>Qualche esempio? I progetti della parte sociale del PNRR, per i quali sono stati spesi poco meno di duecentomila euro a fronte di tre milioni (tre!) di finanziamenti ottenuti. Ci sono poi le risorse dal Fondo Povert\u00e0, fondi regionali e nazionali destinati al contrasto dell&#8217;esclusione sociale. Il Comune di Belluno, giusto per citare un dato, ha rendicontato un terzo delle risorse spese nello stesso periodo dal Comune di Feltre, su un fondo complessivo di oltre 250 milioni di euro. Non proprio briciole.<\/p>\n<p>C&#8217;\u00e8, di fondo, una convinzione abbastanza radicata nel centrodestra, ovvero che le politiche sociali siano affare di pochi disgraziati. Questo pregiudizio \u00e8 la negazione di ogni principio di welfare generativo, che si fonda su presupposti esattamente opposti: comprensione, protezione e promozione.<\/p>\n<p>La sfida, quindi, dovrebbe essere quella di riuscire a intercettare e prevenire le situazioni di disagio, non aspettare che il problema bussi alle porte del Comune, magari con un cartello al collo con scritto &#8220;sono povero&#8221;.<\/p>\n<p>Un quadro reso ancora pi\u00f9 grave dal fatto che il Comune di Belluno ha il ruolo di ente capofila dell&#8217;Ambito VEN_01, in cui rientrano oltre 40 comuni del territorio provinciale. Il capoluogo ha quindi la responsabilit\u00e0, probabilmente non ancora pienamente compresa, di rendere operativa la gestione associata dei servizi: sia dal punto di vista organizzativo (con strutture dedicate e un&#8217;adeguata dotazione di personale), sia da quello politico, stabilendo le funzioni, le materie, la tipologia di servizi e gli interventi.<\/p>\n<p>Tutti aspetti mai citati dall&#8217;assessore nelle sue analisi. Un silenzio che, purtroppo, dice tutto.<\/p>\n<p><strong>PD Citt\u00e0 di Belluno<\/strong><\/p>","protected":false},"excerpt":{"rendered":"<p>Belluno, 24\/05\/2026 &#8211; L&#8217;assessore Marco Dal Pont, responsabile delle politiche sociali nella Giunta De Pellegrin, oggi ricorda ai cittadini bellunesi quanto sia importante destinare il 5&#215;1000 ai servizi sociali comunali perch\u00e9 \u2013 per usare le sue parole \u2013 i costi sono alti e la richiesta aumenter\u00e0 nel tempo. Ben venga, ovviamente, che i bellunesi scelgano [&hellip;]<\/p>\n","protected":false},"author":2,"featured_media":157666,"comment_status":"closed","ping_status":"open","sticky":false,"template":"","format":"standard","meta":{"footnotes":""},"categories":[5,26],"tags":[],"class_list":["post-170422","post","type-post","status-publish","format-standard","has-post-thumbnail","category-cronaca","category-prima-pagina"],"yoast_head":"<!-- This site is optimized with the Yoast SEO plugin v28.4 - https:\/\/yoast.com\/product\/yoast-seo-wordpress\/ -->\n<title>Il non detto dell&#039;Assessore Dal Pont sul futuro del welfare bellunese. L&#039;analisi del Pd Citt\u00e0 di Belluno - Bellunopress - Dolomiti<\/title>\n<meta name=\"robots\" content=\"index, follow, max-snippet:-1, max-image-preview:large, max-video-preview:-1\" \/>\n<link rel=\"canonical\" href=\"https:\/\/www.bellunopress.it\/fr\/2026\/05\/24\/il-non-detto-dellassessore-dal-pont-sul-futuro-del-welfare-bellunese-lanalisi-del-pd-citta-di-belluno\/\" \/>\n<meta property=\"og:locale\" content=\"fr_FR\" \/>\n<meta property=\"og:type\" content=\"article\" \/>\n<meta property=\"og:title\" content=\"Il non detto dell&#039;Assessore Dal Pont sul futuro del welfare bellunese. L&#039;analisi del Pd Citt\u00e0 di Belluno - Bellunopress - Dolomiti\" \/>\n<meta property=\"og:description\" content=\"Belluno, 24\/05\/2026 &#8211; L&#8217;assessore Marco Dal Pont, responsabile delle politiche sociali nella Giunta De Pellegrin, oggi ricorda ai cittadini bellunesi quanto sia importante destinare il 5&#215;1000 ai servizi sociali comunali perch\u00e9 \u2013 per usare le sue parole \u2013 i costi sono alti e la richiesta aumenter\u00e0 nel tempo. Ben venga, ovviamente, che i bellunesi scelgano [&hellip;]\" \/>\n<meta property=\"og:url\" content=\"https:\/\/www.bellunopress.it\/fr\/2026\/05\/24\/il-non-detto-dellassessore-dal-pont-sul-futuro-del-welfare-bellunese-lanalisi-del-pd-citta-di-belluno\/\" \/>\n<meta property=\"og:site_name\" content=\"Bellunopress - Dolomiti\" \/>\n<meta property=\"article:publisher\" content=\"https:\/\/www.facebook.com\/profile.php?id=100008943462799\" \/>\n<meta property=\"article:published_time\" content=\"2026-05-24T19:09:25+00:00\" \/>\n<meta property=\"og:image\" content=\"https:\/\/www.bellunopress.it\/wp-content\/uploads\/2025\/02\/Davide-Noro-segretario-Pd-Citta-di-Belluno.jpg\" \/>\n\t<meta property=\"og:image:width\" content=\"990\" \/>\n\t<meta property=\"og:image:height\" content=\"682\" \/>\n\t<meta property=\"og:image:type\" content=\"image\/jpeg\" \/>\n<meta name=\"author\" content=\"redazione\" \/>\n<meta name=\"twitter:card\" content=\"summary_large_image\" \/>\n<meta name=\"twitter:creator\" content=\"@bellunopress\" \/>\n<meta name=\"twitter:site\" content=\"@bellunopress\" \/>\n<meta name=\"twitter:label1\" content=\"\u00c9crit par\" \/>\n\t<meta name=\"twitter:data1\" content=\"redazione\" \/>\n\t<meta name=\"twitter:label2\" content=\"Dur\u00e9e de lecture estim\u00e9e\" \/>\n\t<meta name=\"twitter:data2\" content=\"3 minutes\" \/>\n<script type=\"application\/ld+json\" class=\"yoast-schema-graph\">{\"@context\":\"https:\\\/\\\/schema.org\",\"@graph\":[{\"@type\":\"Article\",\"@id\":\"https:\\\/\\\/www.bellunopress.it\\\/2026\\\/05\\\/24\\\/il-non-detto-dellassessore-dal-pont-sul-futuro-del-welfare-bellunese-lanalisi-del-pd-citta-di-belluno\\\/#article\",\"isPartOf\":{\"@id\":\"https:\\\/\\\/www.bellunopress.it\\\/2026\\\/05\\\/24\\\/il-non-detto-dellassessore-dal-pont-sul-futuro-del-welfare-bellunese-lanalisi-del-pd-citta-di-belluno\\\/\"},\"author\":{\"name\":\"redazione\",\"@id\":\"https:\\\/\\\/www.bellunopress.it\\\/#\\\/schema\\\/person\\\/79bb06722b37ece1c03d3e94beb30d73\"},\"headline\":\"Il non detto dell&#8217;Assessore Dal Pont sul futuro del welfare bellunese. L&#8217;analisi del Pd Citt\u00e0 di Belluno\",\"datePublished\":\"2026-05-24T19:09:25+00:00\",\"mainEntityOfPage\":{\"@id\":\"https:\\\/\\\/www.bellunopress.it\\\/2026\\\/05\\\/24\\\/il-non-detto-dellassessore-dal-pont-sul-futuro-del-welfare-bellunese-lanalisi-del-pd-citta-di-belluno\\\/\"},\"wordCount\":380,\"publisher\":{\"@id\":\"https:\\\/\\\/www.bellunopress.it\\\/#organization\"},\"image\":{\"@id\":\"https:\\\/\\\/www.bellunopress.it\\\/2026\\\/05\\\/24\\\/il-non-detto-dellassessore-dal-pont-sul-futuro-del-welfare-bellunese-lanalisi-del-pd-citta-di-belluno\\\/#primaryimage\"},\"thumbnailUrl\":\"https:\\\/\\\/www.bellunopress.it\\\/wp-content\\\/uploads\\\/2025\\\/02\\\/Davide-Noro-segretario-Pd-Citta-di-Belluno.jpg\",\"articleSection\":[\"Cronaca\\\/Politica\",\"Prima Pagina\"],\"inLanguage\":\"fr-FR\"},{\"@type\":\"WebPage\",\"@id\":\"https:\\\/\\\/www.bellunopress.it\\\/2026\\\/05\\\/24\\\/il-non-detto-dellassessore-dal-pont-sul-futuro-del-welfare-bellunese-lanalisi-del-pd-citta-di-belluno\\\/\",\"url\":\"https:\\\/\\\/www.bellunopress.it\\\/2026\\\/05\\\/24\\\/il-non-detto-dellassessore-dal-pont-sul-futuro-del-welfare-bellunese-lanalisi-del-pd-citta-di-belluno\\\/\",\"name\":\"Il non detto dell'Assessore Dal Pont sul futuro del welfare bellunese. L'analisi del Pd Citt\u00e0 di Belluno - Bellunopress - Dolomiti\",\"isPartOf\":{\"@id\":\"https:\\\/\\\/www.bellunopress.it\\\/#website\"},\"primaryImageOfPage\":{\"@id\":\"https:\\\/\\\/www.bellunopress.it\\\/2026\\\/05\\\/24\\\/il-non-detto-dellassessore-dal-pont-sul-futuro-del-welfare-bellunese-lanalisi-del-pd-citta-di-belluno\\\/#primaryimage\"},\"image\":{\"@id\":\"https:\\\/\\\/www.bellunopress.it\\\/2026\\\/05\\\/24\\\/il-non-detto-dellassessore-dal-pont-sul-futuro-del-welfare-bellunese-lanalisi-del-pd-citta-di-belluno\\\/#primaryimage\"},\"thumbnailUrl\":\"https:\\\/\\\/www.bellunopress.it\\\/wp-content\\\/uploads\\\/2025\\\/02\\\/Davide-Noro-segretario-Pd-Citta-di-Belluno.jpg\",\"datePublished\":\"2026-05-24T19:09:25+00:00\",\"breadcrumb\":{\"@id\":\"https:\\\/\\\/www.bellunopress.it\\\/2026\\\/05\\\/24\\\/il-non-detto-dellassessore-dal-pont-sul-futuro-del-welfare-bellunese-lanalisi-del-pd-citta-di-belluno\\\/#breadcrumb\"},\"inLanguage\":\"fr-FR\",\"potentialAction\":[{\"@type\":\"ReadAction\",\"target\":[\"https:\\\/\\\/www.bellunopress.it\\\/2026\\\/05\\\/24\\\/il-non-detto-dellassessore-dal-pont-sul-futuro-del-welfare-bellunese-lanalisi-del-pd-citta-di-belluno\\\/\"]}]},{\"@type\":\"ImageObject\",\"inLanguage\":\"fr-FR\",\"@id\":\"https:\\\/\\\/www.bellunopress.it\\\/2026\\\/05\\\/24\\\/il-non-detto-dellassessore-dal-pont-sul-futuro-del-welfare-bellunese-lanalisi-del-pd-citta-di-belluno\\\/#primaryimage\",\"url\":\"https:\\\/\\\/www.bellunopress.it\\\/wp-content\\\/uploads\\\/2025\\\/02\\\/Davide-Noro-segretario-Pd-Citta-di-Belluno.jpg\",\"contentUrl\":\"https:\\\/\\\/www.bellunopress.it\\\/wp-content\\\/uploads\\\/2025\\\/02\\\/Davide-Noro-segretario-Pd-Citta-di-Belluno.jpg\",\"width\":990,\"height\":682,\"caption\":\"Davide Noro, segretario Partito democratico Citt\u00e0 di Belluno\"},{\"@type\":\"BreadcrumbList\",\"@id\":\"https:\\\/\\\/www.bellunopress.it\\\/2026\\\/05\\\/24\\\/il-non-detto-dellassessore-dal-pont-sul-futuro-del-welfare-bellunese-lanalisi-del-pd-citta-di-belluno\\\/#breadcrumb\",\"itemListElement\":[{\"@type\":\"ListItem\",\"position\":1,\"name\":\"Home\",\"item\":\"https:\\\/\\\/www.bellunopress.it\\\/\"},{\"@type\":\"ListItem\",\"position\":2,\"name\":\"Il non detto dell&#8217;Assessore Dal Pont sul futuro del welfare bellunese. L&#8217;analisi del Pd Citt\u00e0 di Belluno\"}]},{\"@type\":\"WebSite\",\"@id\":\"https:\\\/\\\/www.bellunopress.it\\\/#website\",\"url\":\"https:\\\/\\\/www.bellunopress.it\\\/\",\"name\":\"Bellunopress - Dolomiti\",\"description\":\"e-mail: redazione@bellunopress.it\",\"publisher\":{\"@id\":\"https:\\\/\\\/www.bellunopress.it\\\/#organization\"},\"potentialAction\":[{\"@type\":\"SearchAction\",\"target\":{\"@type\":\"EntryPoint\",\"urlTemplate\":\"https:\\\/\\\/www.bellunopress.it\\\/?s={search_term_string}\"},\"query-input\":{\"@type\":\"PropertyValueSpecification\",\"valueRequired\":true,\"valueName\":\"search_term_string\"}}],\"inLanguage\":\"fr-FR\"},{\"@type\":\"Organization\",\"@id\":\"https:\\\/\\\/www.bellunopress.it\\\/#organization\",\"name\":\"Bellunopress\",\"url\":\"https:\\\/\\\/www.bellunopress.it\\\/\",\"logo\":{\"@type\":\"ImageObject\",\"inLanguage\":\"fr-FR\",\"@id\":\"https:\\\/\\\/www.bellunopress.it\\\/#\\\/schema\\\/logo\\\/image\\\/\",\"url\":\"https:\\\/\\\/www.bellunopress.it\\\/wp-content\\\/uploads\\\/2011\\\/05\\\/cropped-logo-bellunopress-.jpg\",\"contentUrl\":\"https:\\\/\\\/www.bellunopress.it\\\/wp-content\\\/uploads\\\/2011\\\/05\\\/cropped-logo-bellunopress-.jpg\",\"width\":512,\"height\":512,\"caption\":\"Bellunopress\"},\"image\":{\"@id\":\"https:\\\/\\\/www.bellunopress.it\\\/#\\\/schema\\\/logo\\\/image\\\/\"},\"sameAs\":[\"https:\\\/\\\/www.facebook.com\\\/profile.php?id=100008943462799\",\"https:\\\/\\\/x.com\\\/bellunopress\",\"https:\\\/\\\/www.linkedin.com\\\/hp\\\/?dnr=JBzUWaJfMUw8vbXJJ2tVW5-I3jZKvC4wsoxE&amp;amp;amp;amp;amp;amp;trk=nav_responsive_tab_home\",\"https:\\\/\\\/www.youtube.com\\\/channel\\\/UCxL0wu1uN0_3_7hGG0306cw\"]},{\"@type\":\"Person\",\"@id\":\"https:\\\/\\\/www.bellunopress.it\\\/#\\\/schema\\\/person\\\/79bb06722b37ece1c03d3e94beb30d73\",\"name\":\"redazione\",\"image\":{\"@type\":\"ImageObject\",\"inLanguage\":\"fr-FR\",\"@id\":\"https:\\\/\\\/secure.gravatar.com\\\/avatar\\\/37d968a2e67a6fd04c169c4bdef102d0bc5d31b2546345219e348575eb80e9a0?s=96&d=mm&r=g\",\"url\":\"https:\\\/\\\/secure.gravatar.com\\\/avatar\\\/37d968a2e67a6fd04c169c4bdef102d0bc5d31b2546345219e348575eb80e9a0?s=96&d=mm&r=g\",\"contentUrl\":\"https:\\\/\\\/secure.gravatar.com\\\/avatar\\\/37d968a2e67a6fd04c169c4bdef102d0bc5d31b2546345219e348575eb80e9a0?s=96&d=mm&r=g\",\"caption\":\"redazione\"},\"sameAs\":[\"http:\\\/\\\/www.bellunopress.it\",\"https:\\\/\\\/x.com\\\/bellunopress\"],\"url\":\"https:\\\/\\\/www.bellunopress.it\\\/fr\\\/author\\\/redazione\\\/\"}]}<\/script>\n<!-- \/ Yoast SEO plugin. -->","yoast_head_json":{"title":"Il non detto dell'Assessore Dal Pont sul futuro del welfare bellunese. L'analisi del Pd Citt\u00e0 di Belluno - Bellunopress - Dolomiti","robots":{"index":"index","follow":"follow","max-snippet":"max-snippet:-1","max-image-preview":"max-image-preview:large","max-video-preview":"max-video-preview:-1"},"canonical":"https:\/\/www.bellunopress.it\/fr\/2026\/05\/24\/il-non-detto-dellassessore-dal-pont-sul-futuro-del-welfare-bellunese-lanalisi-del-pd-citta-di-belluno\/","og_locale":"fr_FR","og_type":"article","og_title":"Il non detto dell'Assessore Dal Pont sul futuro del welfare bellunese. L'analisi del Pd Citt\u00e0 di Belluno - Bellunopress - Dolomiti","og_description":"Belluno, 24\/05\/2026 &#8211; L&#8217;assessore Marco Dal Pont, responsabile delle politiche sociali nella Giunta De Pellegrin, oggi ricorda ai cittadini bellunesi quanto sia importante destinare il 5&#215;1000 ai servizi sociali comunali perch\u00e9 \u2013 per usare le sue parole \u2013 i costi sono alti e la richiesta aumenter\u00e0 nel tempo. Ben venga, ovviamente, che i bellunesi scelgano [&hellip;]","og_url":"https:\/\/www.bellunopress.it\/fr\/2026\/05\/24\/il-non-detto-dellassessore-dal-pont-sul-futuro-del-welfare-bellunese-lanalisi-del-pd-citta-di-belluno\/","og_site_name":"Bellunopress - Dolomiti","article_publisher":"https:\/\/www.facebook.com\/profile.php?id=100008943462799","article_published_time":"2026-05-24T19:09:25+00:00","og_image":[{"width":990,"height":682,"url":"https:\/\/www.bellunopress.it\/wp-content\/uploads\/2025\/02\/Davide-Noro-segretario-Pd-Citta-di-Belluno.jpg","type":"image\/jpeg"}],"author":"redazione","twitter_card":"summary_large_image","twitter_creator":"@bellunopress","twitter_site":"@bellunopress","twitter_misc":{"\u00c9crit par":"redazione","Dur\u00e9e de lecture estim\u00e9e":"3 minutes"},"schema":{"@context":"https:\/\/schema.org","@graph":[{"@type":"Article","@id":"https:\/\/www.bellunopress.it\/2026\/05\/24\/il-non-detto-dellassessore-dal-pont-sul-futuro-del-welfare-bellunese-lanalisi-del-pd-citta-di-belluno\/#article","isPartOf":{"@id":"https:\/\/www.bellunopress.it\/2026\/05\/24\/il-non-detto-dellassessore-dal-pont-sul-futuro-del-welfare-bellunese-lanalisi-del-pd-citta-di-belluno\/"},"author":{"name":"redazione","@id":"https:\/\/www.bellunopress.it\/#\/schema\/person\/79bb06722b37ece1c03d3e94beb30d73"},"headline":"Il non detto dell&#8217;Assessore Dal Pont sul futuro del welfare bellunese. L&#8217;analisi del Pd Citt\u00e0 di Belluno","datePublished":"2026-05-24T19:09:25+00:00","mainEntityOfPage":{"@id":"https:\/\/www.bellunopress.it\/2026\/05\/24\/il-non-detto-dellassessore-dal-pont-sul-futuro-del-welfare-bellunese-lanalisi-del-pd-citta-di-belluno\/"},"wordCount":380,"publisher":{"@id":"https:\/\/www.bellunopress.it\/#organization"},"image":{"@id":"https:\/\/www.bellunopress.it\/2026\/05\/24\/il-non-detto-dellassessore-dal-pont-sul-futuro-del-welfare-bellunese-lanalisi-del-pd-citta-di-belluno\/#primaryimage"},"thumbnailUrl":"https:\/\/www.bellunopress.it\/wp-content\/uploads\/2025\/02\/Davide-Noro-segretario-Pd-Citta-di-Belluno.jpg","articleSection":["Cronaca\/Politica","Prima Pagina"],"inLanguage":"fr-FR"},{"@type":"WebPage","@id":"https:\/\/www.bellunopress.it\/2026\/05\/24\/il-non-detto-dellassessore-dal-pont-sul-futuro-del-welfare-bellunese-lanalisi-del-pd-citta-di-belluno\/","url":"https:\/\/www.bellunopress.it\/2026\/05\/24\/il-non-detto-dellassessore-dal-pont-sul-futuro-del-welfare-bellunese-lanalisi-del-pd-citta-di-belluno\/","name":"Il non detto dell'Assessore Dal Pont sul futuro del welfare bellunese. L'analisi del Pd Citt\u00e0 di Belluno - Bellunopress - Dolomiti","isPartOf":{"@id":"https:\/\/www.bellunopress.it\/#website"},"primaryImageOfPage":{"@id":"https:\/\/www.bellunopress.it\/2026\/05\/24\/il-non-detto-dellassessore-dal-pont-sul-futuro-del-welfare-bellunese-lanalisi-del-pd-citta-di-belluno\/#primaryimage"},"image":{"@id":"https:\/\/www.bellunopress.it\/2026\/05\/24\/il-non-detto-dellassessore-dal-pont-sul-futuro-del-welfare-bellunese-lanalisi-del-pd-citta-di-belluno\/#primaryimage"},"thumbnailUrl":"https:\/\/www.bellunopress.it\/wp-content\/uploads\/2025\/02\/Davide-Noro-segretario-Pd-Citta-di-Belluno.jpg","datePublished":"2026-05-24T19:09:25+00:00","breadcrumb":{"@id":"https:\/\/www.bellunopress.it\/2026\/05\/24\/il-non-detto-dellassessore-dal-pont-sul-futuro-del-welfare-bellunese-lanalisi-del-pd-citta-di-belluno\/#breadcrumb"},"inLanguage":"fr-FR","potentialAction":[{"@type":"ReadAction","target":["https:\/\/www.bellunopress.it\/2026\/05\/24\/il-non-detto-dellassessore-dal-pont-sul-futuro-del-welfare-bellunese-lanalisi-del-pd-citta-di-belluno\/"]}]},{"@type":"ImageObject","inLanguage":"fr-FR","@id":"https:\/\/www.bellunopress.it\/2026\/05\/24\/il-non-detto-dellassessore-dal-pont-sul-futuro-del-welfare-bellunese-lanalisi-del-pd-citta-di-belluno\/#primaryimage","url":"https:\/\/www.bellunopress.it\/wp-content\/uploads\/2025\/02\/Davide-Noro-segretario-Pd-Citta-di-Belluno.jpg","contentUrl":"https:\/\/www.bellunopress.it\/wp-content\/uploads\/2025\/02\/Davide-Noro-segretario-Pd-Citta-di-Belluno.jpg","width":990,"height":682,"caption":"Davide Noro, segretario Partito democratico Citt\u00e0 di Belluno"},{"@type":"BreadcrumbList","@id":"https:\/\/www.bellunopress.it\/2026\/05\/24\/il-non-detto-dellassessore-dal-pont-sul-futuro-del-welfare-bellunese-lanalisi-del-pd-citta-di-belluno\/#breadcrumb","itemListElement":[{"@type":"ListItem","position":1,"name":"Home","item":"https:\/\/www.bellunopress.it\/"},{"@type":"ListItem","position":2,"name":"Il non detto dell&#8217;Assessore Dal Pont sul futuro del welfare bellunese. L&#8217;analisi del Pd Citt\u00e0 di Belluno"}]},{"@type":"WebSite","@id":"https:\/\/www.bellunopress.it\/#website","url":"https:\/\/www.bellunopress.it\/","name":"Bellunopress - Dolomiti","description":"e-mail: redazione@bellunopress.it","publisher":{"@id":"https:\/\/www.bellunopress.it\/#organization"},"potentialAction":[{"@type":"SearchAction","target":{"@type":"EntryPoint","urlTemplate":"https:\/\/www.bellunopress.it\/?s={search_term_string}"},"query-input":{"@type":"PropertyValueSpecification","valueRequired":true,"valueName":"search_term_string"}}],"inLanguage":"fr-FR"},{"@type":"Organization","@id":"https:\/\/www.bellunopress.it\/#organization","name":"Bellunopress","url":"https:\/\/www.bellunopress.it\/","logo":{"@type":"ImageObject","inLanguage":"fr-FR","@id":"https:\/\/www.bellunopress.it\/#\/schema\/logo\/image\/","url":"https:\/\/www.bellunopress.it\/wp-content\/uploads\/2011\/05\/cropped-logo-bellunopress-.jpg","contentUrl":"https:\/\/www.bellunopress.it\/wp-content\/uploads\/2011\/05\/cropped-logo-bellunopress-.jpg","width":512,"height":512,"caption":"Bellunopress"},"image":{"@id":"https:\/\/www.bellunopress.it\/#\/schema\/logo\/image\/"},"sameAs":["https:\/\/www.facebook.com\/profile.php?id=100008943462799","https:\/\/x.com\/bellunopress","https:\/\/www.linkedin.com\/hp\/?dnr=JBzUWaJfMUw8vbXJJ2tVW5-I3jZKvC4wsoxE&amp;amp;amp;amp;amp;amp;trk=nav_responsive_tab_home","https:\/\/www.youtube.com\/channel\/UCxL0wu1uN0_3_7hGG0306cw"]},{"@type":"Person","@id":"https:\/\/www.bellunopress.it\/#\/schema\/person\/79bb06722b37ece1c03d3e94beb30d73","name":"r\u00e9daction","image":{"@type":"ImageObject","inLanguage":"fr-FR","@id":"https:\/\/secure.gravatar.com\/avatar\/37d968a2e67a6fd04c169c4bdef102d0bc5d31b2546345219e348575eb80e9a0?s=96&d=mm&r=g","url":"https:\/\/secure.gravatar.com\/avatar\/37d968a2e67a6fd04c169c4bdef102d0bc5d31b2546345219e348575eb80e9a0?s=96&d=mm&r=g","contentUrl":"https:\/\/secure.gravatar.com\/avatar\/37d968a2e67a6fd04c169c4bdef102d0bc5d31b2546345219e348575eb80e9a0?s=96&d=mm&r=g","caption":"redazione"},"sameAs":["http:\/\/www.bellunopress.it","https:\/\/x.com\/bellunopress"],"url":"https:\/\/www.bellunopress.it\/fr\/author\/redazione\/"}]}},"_links":{"self":[{"href":"https:\/\/www.bellunopress.it\/fr\/wp-json\/wp\/v2\/posts\/170422","targetHints":{"allow":["GET"]}}],"collection":[{"href":"https:\/\/www.bellunopress.it\/fr\/wp-json\/wp\/v2\/posts"}],"about":[{"href":"https:\/\/www.bellunopress.it\/fr\/wp-json\/wp\/v2\/types\/post"}],"author":[{"embeddable":true,"href":"https:\/\/www.bellunopress.it\/fr\/wp-json\/wp\/v2\/users\/2"}],"replies":[{"embeddable":true,"href":"https:\/\/www.bellunopress.it\/fr\/wp-json\/wp\/v2\/comments?post=170422"}],"version-history":[{"count":1,"href":"https:\/\/www.bellunopress.it\/fr\/wp-json\/wp\/v2\/posts\/170422\/revisions"}],"predecessor-version":[{"id":170423,"href":"https:\/\/www.bellunopress.it\/fr\/wp-json\/wp\/v2\/posts\/170422\/revisions\/170423"}],"wp:featuredmedia":[{"embeddable":true,"href":"https:\/\/www.bellunopress.it\/fr\/wp-json\/wp\/v2\/media\/157666"}],"wp:attachment":[{"href":"https:\/\/www.bellunopress.it\/fr\/wp-json\/wp\/v2\/media?parent=170422"}],"wp:term":[{"taxonomy":"category","embeddable":true,"href":"https:\/\/www.bellunopress.it\/fr\/wp-json\/wp\/v2\/categories?post=170422"},{"taxonomy":"post_tag","embeddable":true,"href":"https:\/\/www.bellunopress.it\/fr\/wp-json\/wp\/v2\/tags?post=170422"}],"curies":[{"name":"wp","href":"https:\/\/api.w.org\/{rel}","templated":true}]}}