{"id":170414,"date":"2026-05-24T14:19:45","date_gmt":"2026-05-24T12:19:45","guid":{"rendered":"https:\/\/www.bellunopress.it\/?p=170414"},"modified":"2026-05-24T16:33:13","modified_gmt":"2026-05-24T14:33:13","slug":"loro-blu-di-belluno-tra-autonomia-e-vecchi-spettri-burocratici-serve-davvero-lennesima-societa-mista","status":"publish","type":"post","link":"https:\/\/www.bellunopress.it\/fr\/2026\/05\/24\/loro-blu-di-belluno-tra-autonomia-e-vecchi-spettri-burocratici-serve-davvero-lennesima-societa-mista\/","title":{"rendered":"L\u2019oro blu di Belluno tra autonomia e vecchi spettri burocratici: serve davvero l\u2019ennesima societ\u00e0 mista?"},"content":{"rendered":"<p data-path-to-node=\"3\">Belluno, 24\/05\/2026 \u2013 Il dibattito sul futuro del comparto idroelettrico bellunese si scalda, riproponendo dinamiche che oscillano pericolosamente tra le legittime aspirazioni di autonomia territoriale e il timore, mai del tutto sopito, della nascita di nuovi centri di sottogoverno. Al centro della discussione c&#8217;\u00e8 la proposta, emersa nel recente convegno organizzato dal Partito Democratico a Belluno, di istituire una societ\u00e0 mista pubblico-privata per gestire il flusso economico derivante dalle grandi derivazioni idriche.<\/p>\n<p data-path-to-node=\"4\">L&#8217;obiettivo dichiarato \u00e8 trattenere la ricchezza generata dai fiumi locali, ma tra i cittadini e gli osservatori serpeggia un forte sospetto: siamo di fronte a una reale intuizione di sviluppo o all\u2019ennesima architettura pensata come &#8220;stipendificio&#8221; per rimpiazzare esponenti politici rimasti senza poltrona?<\/p>\n<h3 data-path-to-node=\"5\">I modelli d&#8217;Oltralpe e il passato che ritorna<\/h3>\n<p data-path-to-node=\"6\">I sostenitori delle societ\u00e0 miste citano spesso come esempi virtuosi i modelli del Trentino-Alto Adige e della Lombardia. Tuttavia, guardando la linea del tempo, un&#8217;obiezione sorge spontanea: quelle realt\u00e0 sono nate in contesti storici e normativi completamente differenti, molti anni fa.<\/p>\n<ul data-path-to-node=\"7\">\n<li>\n<p data-path-to-node=\"7,0,0\">Il Trentino-Alto Adige ha costruito la propria sovranit\u00e0 energetica attraverso colossi territoriali come <i data-path-to-node=\"7,0,0\" data-index-in-node=\"105\">Alperia<\/i> e <i data-path-to-node=\"7,0,0\" data-index-in-node=\"115\">Dolomiti Energia<\/i>, nati dalle storiche municipalizzate e blindati dallo Statuto speciale d&#8217;Autonomia. Qui la gestione pubblica controlla direttamente la produzione e le reti, non si limita a riscuotere e ripartire i canoni.<\/p>\n<\/li>\n<li>\n<p data-path-to-node=\"7,1,0\">La Lombardia, pioniera nella legislazione regionale sulle grandi derivazioni (con la storica introduzione del cosiddetto &#8220;canone binomio&#8221; a quota fissa e variabile, recentemente blindato da una sentenza storica delle Sezioni Unite della Cassazione a inizio 2026), ha puntato storicamente su forti intese e sulla delega diretta delle risorse alla Provincia di Sondrio e alle Comunit\u00e0 Montane.<\/p>\n<\/li>\n<\/ul>\n<h3 data-path-to-node=\"9\">Lo stato dell&#8217;arte in Veneto<\/h3>\n<p data-path-to-node=\"10\">Mentre a Belluno si discute di formule societarie, la Regione Veneto ha tracciato la propria rotta energetica. Con l&#8217;approvazione di specifici atti di indirizzo legati alla manovra di bilancio, la Regione sta definendo l&#8217;istituzione di una cabina di regia regionale per gestire la complessa partita del rinnovo delle grandi concessioni idroelettriche (molte delle quali in scadenza entro il 2029).<\/p>\n<p data-path-to-node=\"11\">La strategia della giunta regionale non punta a frammentare la gestione dei fondi in micro-societ\u00e0 locali, bens\u00ec a istituire un modello a capitale pubblico prevalente coordinato a livello regionale per fare massa critica contro i grandi gruppi multinazionali dell&#8217;energia. L&#8217;obiettivo \u00e8 far s\u00ec che il valore stimato del comparto (circa 400 milioni di euro annui a livello veneto, concentrato per la stragrande maggioranza proprio nelle 25 dighe di Belluno) venga ribaltato direttamente sui cittadini sotto forma di sconti in bolletta e investimenti strutturali per la difesa del suolo montano. In questo quadro, una societ\u00e0 mista bellunese rischierebbe di sovrapporsi a quella tracciata da Venezia e ai colossi energetici oggi titolari delle concessioni.<\/p>\n<h3 data-path-to-node=\"12\">Provincia e Comuni possono fare da soli? Per la riscossione dei canoni idrici s\u00ec. Come operatore economico no<\/h3>\n<p data-path-to-node=\"13\">La domanda che pi\u00f9 di tutte attende una risposta trasparente \u00e8 la seguente: \u00e8 davvero necessario creare una nuova societ\u00e0 mista pubblico-privato?<\/p>\n<p data-path-to-node=\"14\">No per la riscossione dei canoni di concessione demaniale e dei sovracanoni (BIM e indennizzi). Essa \u00e8 una funzione istituzionale propria degli enti locali e dei Consorzi dei Comuni gi\u00e0 esistenti.<\/p>\n<p data-path-to-node=\"14\">S\u00ec. E&#8217; necessaria una societ\u00e0 per poter partecipare direttamente alle gare come soggetto giuridico di gestione.<\/p>\n<p data-path-to-node=\"14\"><span style=\"color: #111111; font-family: Roboto, sans-serif; font-size: 22px;\">Il rischio dell&#8217;ennesimo carrozzone<\/span><\/p>\n<p data-path-to-node=\"18\">Il sospetto sollevato dall&#8217;opinione pubblica sul rischio di uno stipendificio \u00e8 insomma una preoccupazione fondata sulla storia degli scandali del nostro Paese.<\/p>\n<h2 data-path-to-node=\"20\">Opzioni possibili<\/h2>\n<table data-path-to-node=\"21\">\n<thead>\n<tr>\n<td>Modalit\u00e0<\/td>\n<td>L&#8217;Ente partecipa a gare?<\/td>\n<td>Serve una societ\u00e0?<\/td>\n<td>Note Legali<\/td>\n<\/tr>\n<\/thead>\n<tbody>\n<tr>\n<td>Gestione Diretta<\/td>\n<td>No<\/td>\n<td>No<\/td>\n<td>Solo per autoconsumo degli edifici comunali.<\/td>\n<\/tr>\n<tr>\n<td>Affidamento in House<\/td>\n<td>No (Affidamento diretto)<\/td>\n<td>S\u00ec<\/td>\n<td>Deve rispettare il D.Lgs. 175\/2016.<\/td>\n<\/tr>\n<tr>\n<td>Societ\u00e0 Partecipata<\/td>\n<td>S\u00ec (Tramite la societ\u00e0)<\/td>\n<td>S\u00ec<\/td>\n<td>La societ\u00e0 agisce come operatore di mercato.<\/td>\n<\/tr>\n<tr>\n<td>Comunit\u00e0 Energetica<\/td>\n<td>No (Condivisione)<\/td>\n<td>S\u00ec (Soggetto Giuridico)<\/td>\n<td>Non \u00e8 una &#8220;gara&#8221; ma una forma di associazione.<\/td>\n<\/tr>\n<\/tbody>\n<\/table>\n<p data-path-to-node=\"18\">","protected":false},"excerpt":{"rendered":"<p>Belluno, 24\/05\/2026 \u2013 Il dibattito sul futuro del comparto idroelettrico bellunese si scalda, riproponendo dinamiche che oscillano pericolosamente tra le legittime aspirazioni di autonomia territoriale e il timore, mai del tutto sopito, della nascita di nuovi centri di sottogoverno. Al centro della discussione c&#8217;\u00e8 la proposta, emersa nel recente convegno organizzato dal Partito Democratico a [&hellip;]<\/p>\n","protected":false},"author":2,"featured_media":160633,"comment_status":"closed","ping_status":"open","sticky":false,"template":"","format":"standard","meta":{"footnotes":""},"categories":[5,26],"tags":[],"class_list":["post-170414","post","type-post","status-publish","format-standard","has-post-thumbnail","category-cronaca","category-prima-pagina"],"yoast_head":"<!-- This site is optimized with the Yoast SEO plugin v28.4 - https:\/\/yoast.com\/product\/yoast-seo-wordpress\/ -->\n<title>L\u2019oro blu di Belluno tra autonomia e vecchi spettri burocratici: serve davvero l\u2019ennesima societ\u00e0 mista? - Bellunopress - Dolomiti<\/title>\n<meta name=\"robots\" content=\"index, follow, max-snippet:-1, max-image-preview:large, max-video-preview:-1\" \/>\n<link rel=\"canonical\" href=\"https:\/\/www.bellunopress.it\/fr\/2026\/05\/24\/loro-blu-di-belluno-tra-autonomia-e-vecchi-spettri-burocratici-serve-davvero-lennesima-societa-mista\/\" \/>\n<meta property=\"og:locale\" content=\"fr_FR\" \/>\n<meta property=\"og:type\" content=\"article\" \/>\n<meta property=\"og:title\" content=\"L\u2019oro blu di Belluno tra autonomia e vecchi spettri burocratici: serve davvero l\u2019ennesima societ\u00e0 mista? - Bellunopress - Dolomiti\" \/>\n<meta property=\"og:description\" content=\"Belluno, 24\/05\/2026 \u2013 Il dibattito sul futuro del comparto idroelettrico bellunese si scalda, riproponendo dinamiche che oscillano pericolosamente tra le legittime aspirazioni di autonomia territoriale e il timore, mai del tutto sopito, della nascita di nuovi centri di sottogoverno. Al centro della discussione c&#8217;\u00e8 la proposta, emersa nel recente convegno organizzato dal Partito Democratico a [&hellip;]\" \/>\n<meta property=\"og:url\" content=\"https:\/\/www.bellunopress.it\/fr\/2026\/05\/24\/loro-blu-di-belluno-tra-autonomia-e-vecchi-spettri-burocratici-serve-davvero-lennesima-societa-mista\/\" \/>\n<meta property=\"og:site_name\" content=\"Bellunopress - Dolomiti\" \/>\n<meta property=\"article:publisher\" content=\"https:\/\/www.facebook.com\/profile.php?id=100008943462799\" \/>\n<meta property=\"article:published_time\" content=\"2026-05-24T12:19:45+00:00\" \/>\n<meta property=\"article:modified_time\" content=\"2026-05-24T14:33:13+00:00\" \/>\n<meta property=\"og:image\" content=\"https:\/\/www.bellunopress.it\/wp-content\/uploads\/2025\/06\/LAGO-MORTO_edited.jpg\" \/>\n\t<meta property=\"og:image:width\" content=\"1000\" \/>\n\t<meta property=\"og:image:height\" content=\"683\" \/>\n\t<meta property=\"og:image:type\" content=\"image\/jpeg\" \/>\n<meta name=\"author\" content=\"redazione\" \/>\n<meta name=\"twitter:card\" content=\"summary_large_image\" \/>\n<meta name=\"twitter:creator\" content=\"@bellunopress\" \/>\n<meta name=\"twitter:site\" content=\"@bellunopress\" \/>\n<meta name=\"twitter:label1\" content=\"\u00c9crit par\" \/>\n\t<meta name=\"twitter:data1\" content=\"redazione\" \/>\n\t<meta name=\"twitter:label2\" content=\"Dur\u00e9e de lecture estim\u00e9e\" \/>\n\t<meta name=\"twitter:data2\" content=\"4 minutes\" \/>\n<script type=\"application\/ld+json\" class=\"yoast-schema-graph\">{\"@context\":\"https:\\\/\\\/schema.org\",\"@graph\":[{\"@type\":\"Article\",\"@id\":\"https:\\\/\\\/www.bellunopress.it\\\/2026\\\/05\\\/24\\\/loro-blu-di-belluno-tra-autonomia-e-vecchi-spettri-burocratici-serve-davvero-lennesima-societa-mista\\\/#article\",\"isPartOf\":{\"@id\":\"https:\\\/\\\/www.bellunopress.it\\\/2026\\\/05\\\/24\\\/loro-blu-di-belluno-tra-autonomia-e-vecchi-spettri-burocratici-serve-davvero-lennesima-societa-mista\\\/\"},\"author\":{\"name\":\"redazione\",\"@id\":\"https:\\\/\\\/www.bellunopress.it\\\/#\\\/schema\\\/person\\\/79bb06722b37ece1c03d3e94beb30d73\"},\"headline\":\"L\u2019oro blu di Belluno tra autonomia e vecchi spettri burocratici: serve davvero l\u2019ennesima societ\u00e0 mista?\",\"datePublished\":\"2026-05-24T12:19:45+00:00\",\"dateModified\":\"2026-05-24T14:33:13+00:00\",\"mainEntityOfPage\":{\"@id\":\"https:\\\/\\\/www.bellunopress.it\\\/2026\\\/05\\\/24\\\/loro-blu-di-belluno-tra-autonomia-e-vecchi-spettri-burocratici-serve-davvero-lennesima-societa-mista\\\/\"},\"wordCount\":637,\"publisher\":{\"@id\":\"https:\\\/\\\/www.bellunopress.it\\\/#organization\"},\"image\":{\"@id\":\"https:\\\/\\\/www.bellunopress.it\\\/2026\\\/05\\\/24\\\/loro-blu-di-belluno-tra-autonomia-e-vecchi-spettri-burocratici-serve-davvero-lennesima-societa-mista\\\/#primaryimage\"},\"thumbnailUrl\":\"https:\\\/\\\/www.bellunopress.it\\\/wp-content\\\/uploads\\\/2025\\\/06\\\/LAGO-MORTO_edited.jpg\",\"articleSection\":[\"Cronaca\\\/Politica\",\"Prima Pagina\"],\"inLanguage\":\"fr-FR\"},{\"@type\":\"WebPage\",\"@id\":\"https:\\\/\\\/www.bellunopress.it\\\/2026\\\/05\\\/24\\\/loro-blu-di-belluno-tra-autonomia-e-vecchi-spettri-burocratici-serve-davvero-lennesima-societa-mista\\\/\",\"url\":\"https:\\\/\\\/www.bellunopress.it\\\/2026\\\/05\\\/24\\\/loro-blu-di-belluno-tra-autonomia-e-vecchi-spettri-burocratici-serve-davvero-lennesima-societa-mista\\\/\",\"name\":\"L\u2019oro blu di Belluno tra autonomia e vecchi spettri burocratici: serve davvero l\u2019ennesima societ\u00e0 mista? - Bellunopress - Dolomiti\",\"isPartOf\":{\"@id\":\"https:\\\/\\\/www.bellunopress.it\\\/#website\"},\"primaryImageOfPage\":{\"@id\":\"https:\\\/\\\/www.bellunopress.it\\\/2026\\\/05\\\/24\\\/loro-blu-di-belluno-tra-autonomia-e-vecchi-spettri-burocratici-serve-davvero-lennesima-societa-mista\\\/#primaryimage\"},\"image\":{\"@id\":\"https:\\\/\\\/www.bellunopress.it\\\/2026\\\/05\\\/24\\\/loro-blu-di-belluno-tra-autonomia-e-vecchi-spettri-burocratici-serve-davvero-lennesima-societa-mista\\\/#primaryimage\"},\"thumbnailUrl\":\"https:\\\/\\\/www.bellunopress.it\\\/wp-content\\\/uploads\\\/2025\\\/06\\\/LAGO-MORTO_edited.jpg\",\"datePublished\":\"2026-05-24T12:19:45+00:00\",\"dateModified\":\"2026-05-24T14:33:13+00:00\",\"breadcrumb\":{\"@id\":\"https:\\\/\\\/www.bellunopress.it\\\/2026\\\/05\\\/24\\\/loro-blu-di-belluno-tra-autonomia-e-vecchi-spettri-burocratici-serve-davvero-lennesima-societa-mista\\\/#breadcrumb\"},\"inLanguage\":\"fr-FR\",\"potentialAction\":[{\"@type\":\"ReadAction\",\"target\":[\"https:\\\/\\\/www.bellunopress.it\\\/2026\\\/05\\\/24\\\/loro-blu-di-belluno-tra-autonomia-e-vecchi-spettri-burocratici-serve-davvero-lennesima-societa-mista\\\/\"]}]},{\"@type\":\"ImageObject\",\"inLanguage\":\"fr-FR\",\"@id\":\"https:\\\/\\\/www.bellunopress.it\\\/2026\\\/05\\\/24\\\/loro-blu-di-belluno-tra-autonomia-e-vecchi-spettri-burocratici-serve-davvero-lennesima-societa-mista\\\/#primaryimage\",\"url\":\"https:\\\/\\\/www.bellunopress.it\\\/wp-content\\\/uploads\\\/2025\\\/06\\\/LAGO-MORTO_edited.jpg\",\"contentUrl\":\"https:\\\/\\\/www.bellunopress.it\\\/wp-content\\\/uploads\\\/2025\\\/06\\\/LAGO-MORTO_edited.jpg\",\"width\":1000,\"height\":683,\"caption\":\"Lago Morto\"},{\"@type\":\"BreadcrumbList\",\"@id\":\"https:\\\/\\\/www.bellunopress.it\\\/2026\\\/05\\\/24\\\/loro-blu-di-belluno-tra-autonomia-e-vecchi-spettri-burocratici-serve-davvero-lennesima-societa-mista\\\/#breadcrumb\",\"itemListElement\":[{\"@type\":\"ListItem\",\"position\":1,\"name\":\"Home\",\"item\":\"https:\\\/\\\/www.bellunopress.it\\\/\"},{\"@type\":\"ListItem\",\"position\":2,\"name\":\"L\u2019oro blu di Belluno tra autonomia e vecchi spettri burocratici: serve davvero l\u2019ennesima societ\u00e0 mista?\"}]},{\"@type\":\"WebSite\",\"@id\":\"https:\\\/\\\/www.bellunopress.it\\\/#website\",\"url\":\"https:\\\/\\\/www.bellunopress.it\\\/\",\"name\":\"Bellunopress - Dolomiti\",\"description\":\"e-mail: redazione@bellunopress.it\",\"publisher\":{\"@id\":\"https:\\\/\\\/www.bellunopress.it\\\/#organization\"},\"potentialAction\":[{\"@type\":\"SearchAction\",\"target\":{\"@type\":\"EntryPoint\",\"urlTemplate\":\"https:\\\/\\\/www.bellunopress.it\\\/?s={search_term_string}\"},\"query-input\":{\"@type\":\"PropertyValueSpecification\",\"valueRequired\":true,\"valueName\":\"search_term_string\"}}],\"inLanguage\":\"fr-FR\"},{\"@type\":\"Organization\",\"@id\":\"https:\\\/\\\/www.bellunopress.it\\\/#organization\",\"name\":\"Bellunopress\",\"url\":\"https:\\\/\\\/www.bellunopress.it\\\/\",\"logo\":{\"@type\":\"ImageObject\",\"inLanguage\":\"fr-FR\",\"@id\":\"https:\\\/\\\/www.bellunopress.it\\\/#\\\/schema\\\/logo\\\/image\\\/\",\"url\":\"https:\\\/\\\/www.bellunopress.it\\\/wp-content\\\/uploads\\\/2011\\\/05\\\/cropped-logo-bellunopress-.jpg\",\"contentUrl\":\"https:\\\/\\\/www.bellunopress.it\\\/wp-content\\\/uploads\\\/2011\\\/05\\\/cropped-logo-bellunopress-.jpg\",\"width\":512,\"height\":512,\"caption\":\"Bellunopress\"},\"image\":{\"@id\":\"https:\\\/\\\/www.bellunopress.it\\\/#\\\/schema\\\/logo\\\/image\\\/\"},\"sameAs\":[\"https:\\\/\\\/www.facebook.com\\\/profile.php?id=100008943462799\",\"https:\\\/\\\/x.com\\\/bellunopress\",\"https:\\\/\\\/www.linkedin.com\\\/hp\\\/?dnr=JBzUWaJfMUw8vbXJJ2tVW5-I3jZKvC4wsoxE&amp;amp;amp;amp;amp;amp;trk=nav_responsive_tab_home\",\"https:\\\/\\\/www.youtube.com\\\/channel\\\/UCxL0wu1uN0_3_7hGG0306cw\"]},{\"@type\":\"Person\",\"@id\":\"https:\\\/\\\/www.bellunopress.it\\\/#\\\/schema\\\/person\\\/79bb06722b37ece1c03d3e94beb30d73\",\"name\":\"redazione\",\"image\":{\"@type\":\"ImageObject\",\"inLanguage\":\"fr-FR\",\"@id\":\"https:\\\/\\\/secure.gravatar.com\\\/avatar\\\/37d968a2e67a6fd04c169c4bdef102d0bc5d31b2546345219e348575eb80e9a0?s=96&d=mm&r=g\",\"url\":\"https:\\\/\\\/secure.gravatar.com\\\/avatar\\\/37d968a2e67a6fd04c169c4bdef102d0bc5d31b2546345219e348575eb80e9a0?s=96&d=mm&r=g\",\"contentUrl\":\"https:\\\/\\\/secure.gravatar.com\\\/avatar\\\/37d968a2e67a6fd04c169c4bdef102d0bc5d31b2546345219e348575eb80e9a0?s=96&d=mm&r=g\",\"caption\":\"redazione\"},\"sameAs\":[\"http:\\\/\\\/www.bellunopress.it\",\"https:\\\/\\\/x.com\\\/bellunopress\"],\"url\":\"https:\\\/\\\/www.bellunopress.it\\\/fr\\\/author\\\/redazione\\\/\"}]}<\/script>\n<!-- \/ Yoast SEO plugin. -->","yoast_head_json":{"title":"L\u2019oro blu di Belluno tra autonomia e vecchi spettri burocratici: serve davvero l\u2019ennesima societ\u00e0 mista? - Bellunopress - Dolomiti","robots":{"index":"index","follow":"follow","max-snippet":"max-snippet:-1","max-image-preview":"max-image-preview:large","max-video-preview":"max-video-preview:-1"},"canonical":"https:\/\/www.bellunopress.it\/fr\/2026\/05\/24\/loro-blu-di-belluno-tra-autonomia-e-vecchi-spettri-burocratici-serve-davvero-lennesima-societa-mista\/","og_locale":"fr_FR","og_type":"article","og_title":"L\u2019oro blu di Belluno tra autonomia e vecchi spettri burocratici: serve davvero l\u2019ennesima societ\u00e0 mista? - Bellunopress - Dolomiti","og_description":"Belluno, 24\/05\/2026 \u2013 Il dibattito sul futuro del comparto idroelettrico bellunese si scalda, riproponendo dinamiche che oscillano pericolosamente tra le legittime aspirazioni di autonomia territoriale e il timore, mai del tutto sopito, della nascita di nuovi centri di sottogoverno. Al centro della discussione c&#8217;\u00e8 la proposta, emersa nel recente convegno organizzato dal Partito Democratico a [&hellip;]","og_url":"https:\/\/www.bellunopress.it\/fr\/2026\/05\/24\/loro-blu-di-belluno-tra-autonomia-e-vecchi-spettri-burocratici-serve-davvero-lennesima-societa-mista\/","og_site_name":"Bellunopress - Dolomiti","article_publisher":"https:\/\/www.facebook.com\/profile.php?id=100008943462799","article_published_time":"2026-05-24T12:19:45+00:00","article_modified_time":"2026-05-24T14:33:13+00:00","og_image":[{"width":1000,"height":683,"url":"https:\/\/www.bellunopress.it\/wp-content\/uploads\/2025\/06\/LAGO-MORTO_edited.jpg","type":"image\/jpeg"}],"author":"redazione","twitter_card":"summary_large_image","twitter_creator":"@bellunopress","twitter_site":"@bellunopress","twitter_misc":{"\u00c9crit par":"redazione","Dur\u00e9e de lecture estim\u00e9e":"4 minutes"},"schema":{"@context":"https:\/\/schema.org","@graph":[{"@type":"Article","@id":"https:\/\/www.bellunopress.it\/2026\/05\/24\/loro-blu-di-belluno-tra-autonomia-e-vecchi-spettri-burocratici-serve-davvero-lennesima-societa-mista\/#article","isPartOf":{"@id":"https:\/\/www.bellunopress.it\/2026\/05\/24\/loro-blu-di-belluno-tra-autonomia-e-vecchi-spettri-burocratici-serve-davvero-lennesima-societa-mista\/"},"author":{"name":"redazione","@id":"https:\/\/www.bellunopress.it\/#\/schema\/person\/79bb06722b37ece1c03d3e94beb30d73"},"headline":"L\u2019oro blu di Belluno tra autonomia e vecchi spettri burocratici: serve davvero l\u2019ennesima societ\u00e0 mista?","datePublished":"2026-05-24T12:19:45+00:00","dateModified":"2026-05-24T14:33:13+00:00","mainEntityOfPage":{"@id":"https:\/\/www.bellunopress.it\/2026\/05\/24\/loro-blu-di-belluno-tra-autonomia-e-vecchi-spettri-burocratici-serve-davvero-lennesima-societa-mista\/"},"wordCount":637,"publisher":{"@id":"https:\/\/www.bellunopress.it\/#organization"},"image":{"@id":"https:\/\/www.bellunopress.it\/2026\/05\/24\/loro-blu-di-belluno-tra-autonomia-e-vecchi-spettri-burocratici-serve-davvero-lennesima-societa-mista\/#primaryimage"},"thumbnailUrl":"https:\/\/www.bellunopress.it\/wp-content\/uploads\/2025\/06\/LAGO-MORTO_edited.jpg","articleSection":["Cronaca\/Politica","Prima Pagina"],"inLanguage":"fr-FR"},{"@type":"WebPage","@id":"https:\/\/www.bellunopress.it\/2026\/05\/24\/loro-blu-di-belluno-tra-autonomia-e-vecchi-spettri-burocratici-serve-davvero-lennesima-societa-mista\/","url":"https:\/\/www.bellunopress.it\/2026\/05\/24\/loro-blu-di-belluno-tra-autonomia-e-vecchi-spettri-burocratici-serve-davvero-lennesima-societa-mista\/","name":"L\u2019oro blu di Belluno tra autonomia e vecchi spettri burocratici: serve davvero l\u2019ennesima societ\u00e0 mista? - Bellunopress - Dolomiti","isPartOf":{"@id":"https:\/\/www.bellunopress.it\/#website"},"primaryImageOfPage":{"@id":"https:\/\/www.bellunopress.it\/2026\/05\/24\/loro-blu-di-belluno-tra-autonomia-e-vecchi-spettri-burocratici-serve-davvero-lennesima-societa-mista\/#primaryimage"},"image":{"@id":"https:\/\/www.bellunopress.it\/2026\/05\/24\/loro-blu-di-belluno-tra-autonomia-e-vecchi-spettri-burocratici-serve-davvero-lennesima-societa-mista\/#primaryimage"},"thumbnailUrl":"https:\/\/www.bellunopress.it\/wp-content\/uploads\/2025\/06\/LAGO-MORTO_edited.jpg","datePublished":"2026-05-24T12:19:45+00:00","dateModified":"2026-05-24T14:33:13+00:00","breadcrumb":{"@id":"https:\/\/www.bellunopress.it\/2026\/05\/24\/loro-blu-di-belluno-tra-autonomia-e-vecchi-spettri-burocratici-serve-davvero-lennesima-societa-mista\/#breadcrumb"},"inLanguage":"fr-FR","potentialAction":[{"@type":"ReadAction","target":["https:\/\/www.bellunopress.it\/2026\/05\/24\/loro-blu-di-belluno-tra-autonomia-e-vecchi-spettri-burocratici-serve-davvero-lennesima-societa-mista\/"]}]},{"@type":"ImageObject","inLanguage":"fr-FR","@id":"https:\/\/www.bellunopress.it\/2026\/05\/24\/loro-blu-di-belluno-tra-autonomia-e-vecchi-spettri-burocratici-serve-davvero-lennesima-societa-mista\/#primaryimage","url":"https:\/\/www.bellunopress.it\/wp-content\/uploads\/2025\/06\/LAGO-MORTO_edited.jpg","contentUrl":"https:\/\/www.bellunopress.it\/wp-content\/uploads\/2025\/06\/LAGO-MORTO_edited.jpg","width":1000,"height":683,"caption":"Lago Morto"},{"@type":"BreadcrumbList","@id":"https:\/\/www.bellunopress.it\/2026\/05\/24\/loro-blu-di-belluno-tra-autonomia-e-vecchi-spettri-burocratici-serve-davvero-lennesima-societa-mista\/#breadcrumb","itemListElement":[{"@type":"ListItem","position":1,"name":"Home","item":"https:\/\/www.bellunopress.it\/"},{"@type":"ListItem","position":2,"name":"L\u2019oro blu di Belluno tra autonomia e vecchi spettri burocratici: serve davvero l\u2019ennesima societ\u00e0 mista?"}]},{"@type":"WebSite","@id":"https:\/\/www.bellunopress.it\/#website","url":"https:\/\/www.bellunopress.it\/","name":"Bellunopress - Dolomiti","description":"e-mail: redazione@bellunopress.it","publisher":{"@id":"https:\/\/www.bellunopress.it\/#organization"},"potentialAction":[{"@type":"SearchAction","target":{"@type":"EntryPoint","urlTemplate":"https:\/\/www.bellunopress.it\/?s={search_term_string}"},"query-input":{"@type":"PropertyValueSpecification","valueRequired":true,"valueName":"search_term_string"}}],"inLanguage":"fr-FR"},{"@type":"Organization","@id":"https:\/\/www.bellunopress.it\/#organization","name":"Bellunopress","url":"https:\/\/www.bellunopress.it\/","logo":{"@type":"ImageObject","inLanguage":"fr-FR","@id":"https:\/\/www.bellunopress.it\/#\/schema\/logo\/image\/","url":"https:\/\/www.bellunopress.it\/wp-content\/uploads\/2011\/05\/cropped-logo-bellunopress-.jpg","contentUrl":"https:\/\/www.bellunopress.it\/wp-content\/uploads\/2011\/05\/cropped-logo-bellunopress-.jpg","width":512,"height":512,"caption":"Bellunopress"},"image":{"@id":"https:\/\/www.bellunopress.it\/#\/schema\/logo\/image\/"},"sameAs":["https:\/\/www.facebook.com\/profile.php?id=100008943462799","https:\/\/x.com\/bellunopress","https:\/\/www.linkedin.com\/hp\/?dnr=JBzUWaJfMUw8vbXJJ2tVW5-I3jZKvC4wsoxE&amp;amp;amp;amp;amp;amp;trk=nav_responsive_tab_home","https:\/\/www.youtube.com\/channel\/UCxL0wu1uN0_3_7hGG0306cw"]},{"@type":"Person","@id":"https:\/\/www.bellunopress.it\/#\/schema\/person\/79bb06722b37ece1c03d3e94beb30d73","name":"r\u00e9daction","image":{"@type":"ImageObject","inLanguage":"fr-FR","@id":"https:\/\/secure.gravatar.com\/avatar\/37d968a2e67a6fd04c169c4bdef102d0bc5d31b2546345219e348575eb80e9a0?s=96&d=mm&r=g","url":"https:\/\/secure.gravatar.com\/avatar\/37d968a2e67a6fd04c169c4bdef102d0bc5d31b2546345219e348575eb80e9a0?s=96&d=mm&r=g","contentUrl":"https:\/\/secure.gravatar.com\/avatar\/37d968a2e67a6fd04c169c4bdef102d0bc5d31b2546345219e348575eb80e9a0?s=96&d=mm&r=g","caption":"redazione"},"sameAs":["http:\/\/www.bellunopress.it","https:\/\/x.com\/bellunopress"],"url":"https:\/\/www.bellunopress.it\/fr\/author\/redazione\/"}]}},"_links":{"self":[{"href":"https:\/\/www.bellunopress.it\/fr\/wp-json\/wp\/v2\/posts\/170414","targetHints":{"allow":["GET"]}}],"collection":[{"href":"https:\/\/www.bellunopress.it\/fr\/wp-json\/wp\/v2\/posts"}],"about":[{"href":"https:\/\/www.bellunopress.it\/fr\/wp-json\/wp\/v2\/types\/post"}],"author":[{"embeddable":true,"href":"https:\/\/www.bellunopress.it\/fr\/wp-json\/wp\/v2\/users\/2"}],"replies":[{"embeddable":true,"href":"https:\/\/www.bellunopress.it\/fr\/wp-json\/wp\/v2\/comments?post=170414"}],"version-history":[{"count":4,"href":"https:\/\/www.bellunopress.it\/fr\/wp-json\/wp\/v2\/posts\/170414\/revisions"}],"predecessor-version":[{"id":170418,"href":"https:\/\/www.bellunopress.it\/fr\/wp-json\/wp\/v2\/posts\/170414\/revisions\/170418"}],"wp:featuredmedia":[{"embeddable":true,"href":"https:\/\/www.bellunopress.it\/fr\/wp-json\/wp\/v2\/media\/160633"}],"wp:attachment":[{"href":"https:\/\/www.bellunopress.it\/fr\/wp-json\/wp\/v2\/media?parent=170414"}],"wp:term":[{"taxonomy":"category","embeddable":true,"href":"https:\/\/www.bellunopress.it\/fr\/wp-json\/wp\/v2\/categories?post=170414"},{"taxonomy":"post_tag","embeddable":true,"href":"https:\/\/www.bellunopress.it\/fr\/wp-json\/wp\/v2\/tags?post=170414"}],"curies":[{"name":"wp","href":"https:\/\/api.w.org\/{rel}","templated":true}]}}