{"id":170412,"date":"2026-05-24T13:52:29","date_gmt":"2026-05-24T11:52:29","guid":{"rendered":"https:\/\/www.bellunopress.it\/?p=170412"},"modified":"2026-05-24T13:52:29","modified_gmt":"2026-05-24T11:52:29","slug":"interventi-di-soccorso-in-montagna-65","status":"publish","type":"post","link":"https:\/\/www.bellunopress.it\/fr\/2026\/05\/24\/interventi-di-soccorso-in-montagna-65\/","title":{"rendered":"Interventi di soccorso in montagna"},"content":{"rendered":"<p>San Vito di Cadore (BL), 24 &#8211; 05 &#8211; 2026\u00a0 \u00a0Mentre con un&#8217;amica e i suoi due cani si stava avvicinando lungo il sentiero al Rifugio Venezia, una 56enne di Sospirolo (BL), probabilmente tirata dalle due bestiole, ha perso l&#8217;equilibrio ed \u00e8 caduta a terra, facendosi male a una spalla e riportando alcune escoriazioni. Scattato l&#8217;allarme alle 10, sul posto \u00e8 stato inviato l&#8217;elicottero del Suem di Pieve di Cadore, che ha sbarcato in hovering il tecnico di elisoccorso, per poi andare a imbarcare due volontari del Soccorso alpino di San Vito di Cadore. Prestate le prime cure, l&#8217;infortunata \u00e8 stata issata a bordo con il verricello e trasportata all&#8217;ospedale di Belluno. L&#8217;amica, che non se la sentiva di rientrare da sola con i due cani, \u00e8 tornata indietro accompagnata dai soccorritori verso Passo Staulanza, da dove le due donne erano partite.<\/p>\n<p>Lorenzago di Cadore (BL), 24 &#8211; 05 &#8211; 2026\u00a0 \u00a0 Ieri alle 20 circa il Soccorso alpino del Centro Cadore \u00e8 stato allertato dalla Centrale del Suem, per due escurioniste che avevano perso la traccia del sentiero in localit\u00e0 Miandre, torrente Cridola. Una squadra veloce si \u00e8 avvicinata dal versante di Lorenzago, lungo un percorso conosciuto e molto impegnativo. Una volta che i soccorritori hanno individuato a distanza le due 25enni russe, appurando che si trovavano oltre il torrente Cridola, 4 soccorritori lo hanno guadato e hanno proseguito, mentre altri tre sono ritornati ai mezzi, poich\u00e9 hanno deciso di portare a termine il recupero dalla parte di Domegge di Cadore, al di l\u00e0 del lago, per evitare di farle passare lungo il tracciato pi\u00f9 impervio, raggiungendole dal vecchio Sentiero dei Tofe. Una volta dalle ragazze, che stavano bene ed erano solo impaurite, i soccorritori le hanno tranquillizzare, ricondotte sullo storico percorso e da l\u00ec ai mezzi, per poi riaccompagnarle a Lorenzago. Le operazioni si sono chiuse attorno alle 23.<\/p>","protected":false},"excerpt":{"rendered":"<p>San Vito di Cadore (BL), 24 &#8211; 05 &#8211; 2026\u00a0 \u00a0Mentre con un&#8217;amica e i suoi due cani si stava avvicinando lungo il sentiero al Rifugio Venezia, una 56enne di Sospirolo (BL), probabilmente tirata dalle due bestiole, ha perso l&#8217;equilibrio ed \u00e8 caduta a terra, facendosi male a una spalla e riportando alcune escoriazioni. Scattato [&hellip;]<\/p>\n","protected":false},"author":2,"featured_media":169783,"comment_status":"closed","ping_status":"open","sticky":false,"template":"","format":"standard","meta":{"footnotes":""},"categories":[5],"tags":[],"class_list":["post-170412","post","type-post","status-publish","format-standard","has-post-thumbnail","category-cronaca"],"yoast_head":"<!-- This site is optimized with the Yoast SEO plugin v28.4 - https:\/\/yoast.com\/product\/yoast-seo-wordpress\/ -->\n<title>Interventi di soccorso in montagna - Bellunopress - Dolomiti<\/title>\n<meta name=\"robots\" content=\"index, follow, max-snippet:-1, max-image-preview:large, max-video-preview:-1\" \/>\n<link rel=\"canonical\" href=\"https:\/\/www.bellunopress.it\/fr\/2026\/05\/24\/interventi-di-soccorso-in-montagna-65\/\" \/>\n<meta property=\"og:locale\" content=\"fr_FR\" \/>\n<meta property=\"og:type\" content=\"article\" \/>\n<meta property=\"og:title\" content=\"Interventi di soccorso in montagna - Bellunopress - Dolomiti\" \/>\n<meta property=\"og:description\" content=\"San Vito di Cadore (BL), 24 &#8211; 05 &#8211; 2026\u00a0 \u00a0Mentre con un&#8217;amica e i suoi due cani si stava avvicinando lungo il sentiero al Rifugio Venezia, una 56enne di Sospirolo (BL), probabilmente tirata dalle due bestiole, ha perso l&#8217;equilibrio ed \u00e8 caduta a terra, facendosi male a una spalla e riportando alcune escoriazioni. Scattato [&hellip;]\" \/>\n<meta property=\"og:url\" content=\"https:\/\/www.bellunopress.it\/fr\/2026\/05\/24\/interventi-di-soccorso-in-montagna-65\/\" \/>\n<meta property=\"og:site_name\" content=\"Bellunopress - Dolomiti\" \/>\n<meta property=\"article:publisher\" content=\"https:\/\/www.facebook.com\/profile.php?id=100008943462799\" \/>\n<meta property=\"article:published_time\" content=\"2026-05-24T11:52:29+00:00\" \/>\n<meta property=\"og:image\" content=\"https:\/\/www.bellunopress.it\/wp-content\/uploads\/2026\/05\/soccorso-alpino.jpg\" \/>\n\t<meta property=\"og:image:width\" content=\"500\" \/>\n\t<meta property=\"og:image:height\" content=\"415\" \/>\n\t<meta property=\"og:image:type\" content=\"image\/jpeg\" \/>\n<meta name=\"author\" content=\"redazione\" \/>\n<meta name=\"twitter:card\" content=\"summary_large_image\" \/>\n<meta name=\"twitter:creator\" content=\"@bellunopress\" \/>\n<meta name=\"twitter:site\" content=\"@bellunopress\" \/>\n<meta name=\"twitter:label1\" content=\"\u00c9crit par\" \/>\n\t<meta name=\"twitter:data1\" content=\"redazione\" \/>\n\t<meta name=\"twitter:label2\" content=\"Dur\u00e9e de lecture estim\u00e9e\" \/>\n\t<meta name=\"twitter:data2\" content=\"2 minutes\" \/>\n<script type=\"application\/ld+json\" class=\"yoast-schema-graph\">{\"@context\":\"https:\\\/\\\/schema.org\",\"@graph\":[{\"@type\":\"Article\",\"@id\":\"https:\\\/\\\/www.bellunopress.it\\\/2026\\\/05\\\/24\\\/interventi-di-soccorso-in-montagna-65\\\/#article\",\"isPartOf\":{\"@id\":\"https:\\\/\\\/www.bellunopress.it\\\/2026\\\/05\\\/24\\\/interventi-di-soccorso-in-montagna-65\\\/\"},\"author\":{\"name\":\"redazione\",\"@id\":\"https:\\\/\\\/www.bellunopress.it\\\/#\\\/schema\\\/person\\\/79bb06722b37ece1c03d3e94beb30d73\"},\"headline\":\"Interventi di soccorso in montagna\",\"datePublished\":\"2026-05-24T11:52:29+00:00\",\"mainEntityOfPage\":{\"@id\":\"https:\\\/\\\/www.bellunopress.it\\\/2026\\\/05\\\/24\\\/interventi-di-soccorso-in-montagna-65\\\/\"},\"wordCount\":306,\"publisher\":{\"@id\":\"https:\\\/\\\/www.bellunopress.it\\\/#organization\"},\"image\":{\"@id\":\"https:\\\/\\\/www.bellunopress.it\\\/2026\\\/05\\\/24\\\/interventi-di-soccorso-in-montagna-65\\\/#primaryimage\"},\"thumbnailUrl\":\"https:\\\/\\\/www.bellunopress.it\\\/wp-content\\\/uploads\\\/2026\\\/05\\\/soccorso-alpino.jpg\",\"articleSection\":[\"Cronaca\\\/Politica\"],\"inLanguage\":\"fr-FR\"},{\"@type\":\"WebPage\",\"@id\":\"https:\\\/\\\/www.bellunopress.it\\\/2026\\\/05\\\/24\\\/interventi-di-soccorso-in-montagna-65\\\/\",\"url\":\"https:\\\/\\\/www.bellunopress.it\\\/2026\\\/05\\\/24\\\/interventi-di-soccorso-in-montagna-65\\\/\",\"name\":\"Interventi di soccorso in montagna - Bellunopress - Dolomiti\",\"isPartOf\":{\"@id\":\"https:\\\/\\\/www.bellunopress.it\\\/#website\"},\"primaryImageOfPage\":{\"@id\":\"https:\\\/\\\/www.bellunopress.it\\\/2026\\\/05\\\/24\\\/interventi-di-soccorso-in-montagna-65\\\/#primaryimage\"},\"image\":{\"@id\":\"https:\\\/\\\/www.bellunopress.it\\\/2026\\\/05\\\/24\\\/interventi-di-soccorso-in-montagna-65\\\/#primaryimage\"},\"thumbnailUrl\":\"https:\\\/\\\/www.bellunopress.it\\\/wp-content\\\/uploads\\\/2026\\\/05\\\/soccorso-alpino.jpg\",\"datePublished\":\"2026-05-24T11:52:29+00:00\",\"breadcrumb\":{\"@id\":\"https:\\\/\\\/www.bellunopress.it\\\/2026\\\/05\\\/24\\\/interventi-di-soccorso-in-montagna-65\\\/#breadcrumb\"},\"inLanguage\":\"fr-FR\",\"potentialAction\":[{\"@type\":\"ReadAction\",\"target\":[\"https:\\\/\\\/www.bellunopress.it\\\/2026\\\/05\\\/24\\\/interventi-di-soccorso-in-montagna-65\\\/\"]}]},{\"@type\":\"ImageObject\",\"inLanguage\":\"fr-FR\",\"@id\":\"https:\\\/\\\/www.bellunopress.it\\\/2026\\\/05\\\/24\\\/interventi-di-soccorso-in-montagna-65\\\/#primaryimage\",\"url\":\"https:\\\/\\\/www.bellunopress.it\\\/wp-content\\\/uploads\\\/2026\\\/05\\\/soccorso-alpino.jpg\",\"contentUrl\":\"https:\\\/\\\/www.bellunopress.it\\\/wp-content\\\/uploads\\\/2026\\\/05\\\/soccorso-alpino.jpg\",\"width\":500,\"height\":415},{\"@type\":\"BreadcrumbList\",\"@id\":\"https:\\\/\\\/www.bellunopress.it\\\/2026\\\/05\\\/24\\\/interventi-di-soccorso-in-montagna-65\\\/#breadcrumb\",\"itemListElement\":[{\"@type\":\"ListItem\",\"position\":1,\"name\":\"Home\",\"item\":\"https:\\\/\\\/www.bellunopress.it\\\/\"},{\"@type\":\"ListItem\",\"position\":2,\"name\":\"Interventi di soccorso in montagna\"}]},{\"@type\":\"WebSite\",\"@id\":\"https:\\\/\\\/www.bellunopress.it\\\/#website\",\"url\":\"https:\\\/\\\/www.bellunopress.it\\\/\",\"name\":\"Bellunopress - Dolomiti\",\"description\":\"e-mail: redazione@bellunopress.it\",\"publisher\":{\"@id\":\"https:\\\/\\\/www.bellunopress.it\\\/#organization\"},\"potentialAction\":[{\"@type\":\"SearchAction\",\"target\":{\"@type\":\"EntryPoint\",\"urlTemplate\":\"https:\\\/\\\/www.bellunopress.it\\\/?s={search_term_string}\"},\"query-input\":{\"@type\":\"PropertyValueSpecification\",\"valueRequired\":true,\"valueName\":\"search_term_string\"}}],\"inLanguage\":\"fr-FR\"},{\"@type\":\"Organization\",\"@id\":\"https:\\\/\\\/www.bellunopress.it\\\/#organization\",\"name\":\"Bellunopress\",\"url\":\"https:\\\/\\\/www.bellunopress.it\\\/\",\"logo\":{\"@type\":\"ImageObject\",\"inLanguage\":\"fr-FR\",\"@id\":\"https:\\\/\\\/www.bellunopress.it\\\/#\\\/schema\\\/logo\\\/image\\\/\",\"url\":\"https:\\\/\\\/www.bellunopress.it\\\/wp-content\\\/uploads\\\/2011\\\/05\\\/cropped-logo-bellunopress-.jpg\",\"contentUrl\":\"https:\\\/\\\/www.bellunopress.it\\\/wp-content\\\/uploads\\\/2011\\\/05\\\/cropped-logo-bellunopress-.jpg\",\"width\":512,\"height\":512,\"caption\":\"Bellunopress\"},\"image\":{\"@id\":\"https:\\\/\\\/www.bellunopress.it\\\/#\\\/schema\\\/logo\\\/image\\\/\"},\"sameAs\":[\"https:\\\/\\\/www.facebook.com\\\/profile.php?id=100008943462799\",\"https:\\\/\\\/x.com\\\/bellunopress\",\"https:\\\/\\\/www.linkedin.com\\\/hp\\\/?dnr=JBzUWaJfMUw8vbXJJ2tVW5-I3jZKvC4wsoxE&amp;amp;amp;amp;amp;amp;trk=nav_responsive_tab_home\",\"https:\\\/\\\/www.youtube.com\\\/channel\\\/UCxL0wu1uN0_3_7hGG0306cw\"]},{\"@type\":\"Person\",\"@id\":\"https:\\\/\\\/www.bellunopress.it\\\/#\\\/schema\\\/person\\\/79bb06722b37ece1c03d3e94beb30d73\",\"name\":\"redazione\",\"image\":{\"@type\":\"ImageObject\",\"inLanguage\":\"fr-FR\",\"@id\":\"https:\\\/\\\/secure.gravatar.com\\\/avatar\\\/37d968a2e67a6fd04c169c4bdef102d0bc5d31b2546345219e348575eb80e9a0?s=96&d=mm&r=g\",\"url\":\"https:\\\/\\\/secure.gravatar.com\\\/avatar\\\/37d968a2e67a6fd04c169c4bdef102d0bc5d31b2546345219e348575eb80e9a0?s=96&d=mm&r=g\",\"contentUrl\":\"https:\\\/\\\/secure.gravatar.com\\\/avatar\\\/37d968a2e67a6fd04c169c4bdef102d0bc5d31b2546345219e348575eb80e9a0?s=96&d=mm&r=g\",\"caption\":\"redazione\"},\"sameAs\":[\"http:\\\/\\\/www.bellunopress.it\",\"https:\\\/\\\/x.com\\\/bellunopress\"],\"url\":\"https:\\\/\\\/www.bellunopress.it\\\/fr\\\/author\\\/redazione\\\/\"}]}<\/script>\n<!-- \/ Yoast SEO plugin. -->","yoast_head_json":{"title":"Interventi di soccorso in montagna - Bellunopress - Dolomiti","robots":{"index":"index","follow":"follow","max-snippet":"max-snippet:-1","max-image-preview":"max-image-preview:large","max-video-preview":"max-video-preview:-1"},"canonical":"https:\/\/www.bellunopress.it\/fr\/2026\/05\/24\/interventi-di-soccorso-in-montagna-65\/","og_locale":"fr_FR","og_type":"article","og_title":"Interventi di soccorso in montagna - Bellunopress - Dolomiti","og_description":"San Vito di Cadore (BL), 24 &#8211; 05 &#8211; 2026\u00a0 \u00a0Mentre con un&#8217;amica e i suoi due cani si stava avvicinando lungo il sentiero al Rifugio Venezia, una 56enne di Sospirolo (BL), probabilmente tirata dalle due bestiole, ha perso l&#8217;equilibrio ed \u00e8 caduta a terra, facendosi male a una spalla e riportando alcune escoriazioni. Scattato [&hellip;]","og_url":"https:\/\/www.bellunopress.it\/fr\/2026\/05\/24\/interventi-di-soccorso-in-montagna-65\/","og_site_name":"Bellunopress - Dolomiti","article_publisher":"https:\/\/www.facebook.com\/profile.php?id=100008943462799","article_published_time":"2026-05-24T11:52:29+00:00","og_image":[{"width":500,"height":415,"url":"https:\/\/www.bellunopress.it\/wp-content\/uploads\/2026\/05\/soccorso-alpino.jpg","type":"image\/jpeg"}],"author":"redazione","twitter_card":"summary_large_image","twitter_creator":"@bellunopress","twitter_site":"@bellunopress","twitter_misc":{"\u00c9crit par":"redazione","Dur\u00e9e de lecture estim\u00e9e":"2 minutes"},"schema":{"@context":"https:\/\/schema.org","@graph":[{"@type":"Article","@id":"https:\/\/www.bellunopress.it\/2026\/05\/24\/interventi-di-soccorso-in-montagna-65\/#article","isPartOf":{"@id":"https:\/\/www.bellunopress.it\/2026\/05\/24\/interventi-di-soccorso-in-montagna-65\/"},"author":{"name":"redazione","@id":"https:\/\/www.bellunopress.it\/#\/schema\/person\/79bb06722b37ece1c03d3e94beb30d73"},"headline":"Interventi di soccorso in montagna","datePublished":"2026-05-24T11:52:29+00:00","mainEntityOfPage":{"@id":"https:\/\/www.bellunopress.it\/2026\/05\/24\/interventi-di-soccorso-in-montagna-65\/"},"wordCount":306,"publisher":{"@id":"https:\/\/www.bellunopress.it\/#organization"},"image":{"@id":"https:\/\/www.bellunopress.it\/2026\/05\/24\/interventi-di-soccorso-in-montagna-65\/#primaryimage"},"thumbnailUrl":"https:\/\/www.bellunopress.it\/wp-content\/uploads\/2026\/05\/soccorso-alpino.jpg","articleSection":["Cronaca\/Politica"],"inLanguage":"fr-FR"},{"@type":"WebPage","@id":"https:\/\/www.bellunopress.it\/2026\/05\/24\/interventi-di-soccorso-in-montagna-65\/","url":"https:\/\/www.bellunopress.it\/2026\/05\/24\/interventi-di-soccorso-in-montagna-65\/","name":"Interventi di soccorso in montagna - Bellunopress - Dolomiti","isPartOf":{"@id":"https:\/\/www.bellunopress.it\/#website"},"primaryImageOfPage":{"@id":"https:\/\/www.bellunopress.it\/2026\/05\/24\/interventi-di-soccorso-in-montagna-65\/#primaryimage"},"image":{"@id":"https:\/\/www.bellunopress.it\/2026\/05\/24\/interventi-di-soccorso-in-montagna-65\/#primaryimage"},"thumbnailUrl":"https:\/\/www.bellunopress.it\/wp-content\/uploads\/2026\/05\/soccorso-alpino.jpg","datePublished":"2026-05-24T11:52:29+00:00","breadcrumb":{"@id":"https:\/\/www.bellunopress.it\/2026\/05\/24\/interventi-di-soccorso-in-montagna-65\/#breadcrumb"},"inLanguage":"fr-FR","potentialAction":[{"@type":"ReadAction","target":["https:\/\/www.bellunopress.it\/2026\/05\/24\/interventi-di-soccorso-in-montagna-65\/"]}]},{"@type":"ImageObject","inLanguage":"fr-FR","@id":"https:\/\/www.bellunopress.it\/2026\/05\/24\/interventi-di-soccorso-in-montagna-65\/#primaryimage","url":"https:\/\/www.bellunopress.it\/wp-content\/uploads\/2026\/05\/soccorso-alpino.jpg","contentUrl":"https:\/\/www.bellunopress.it\/wp-content\/uploads\/2026\/05\/soccorso-alpino.jpg","width":500,"height":415},{"@type":"BreadcrumbList","@id":"https:\/\/www.bellunopress.it\/2026\/05\/24\/interventi-di-soccorso-in-montagna-65\/#breadcrumb","itemListElement":[{"@type":"ListItem","position":1,"name":"Home","item":"https:\/\/www.bellunopress.it\/"},{"@type":"ListItem","position":2,"name":"Interventi di soccorso in montagna"}]},{"@type":"WebSite","@id":"https:\/\/www.bellunopress.it\/#website","url":"https:\/\/www.bellunopress.it\/","name":"Bellunopress - Dolomiti","description":"e-mail: redazione@bellunopress.it","publisher":{"@id":"https:\/\/www.bellunopress.it\/#organization"},"potentialAction":[{"@type":"SearchAction","target":{"@type":"EntryPoint","urlTemplate":"https:\/\/www.bellunopress.it\/?s={search_term_string}"},"query-input":{"@type":"PropertyValueSpecification","valueRequired":true,"valueName":"search_term_string"}}],"inLanguage":"fr-FR"},{"@type":"Organization","@id":"https:\/\/www.bellunopress.it\/#organization","name":"Bellunopress","url":"https:\/\/www.bellunopress.it\/","logo":{"@type":"ImageObject","inLanguage":"fr-FR","@id":"https:\/\/www.bellunopress.it\/#\/schema\/logo\/image\/","url":"https:\/\/www.bellunopress.it\/wp-content\/uploads\/2011\/05\/cropped-logo-bellunopress-.jpg","contentUrl":"https:\/\/www.bellunopress.it\/wp-content\/uploads\/2011\/05\/cropped-logo-bellunopress-.jpg","width":512,"height":512,"caption":"Bellunopress"},"image":{"@id":"https:\/\/www.bellunopress.it\/#\/schema\/logo\/image\/"},"sameAs":["https:\/\/www.facebook.com\/profile.php?id=100008943462799","https:\/\/x.com\/bellunopress","https:\/\/www.linkedin.com\/hp\/?dnr=JBzUWaJfMUw8vbXJJ2tVW5-I3jZKvC4wsoxE&amp;amp;amp;amp;amp;amp;trk=nav_responsive_tab_home","https:\/\/www.youtube.com\/channel\/UCxL0wu1uN0_3_7hGG0306cw"]},{"@type":"Person","@id":"https:\/\/www.bellunopress.it\/#\/schema\/person\/79bb06722b37ece1c03d3e94beb30d73","name":"r\u00e9daction","image":{"@type":"ImageObject","inLanguage":"fr-FR","@id":"https:\/\/secure.gravatar.com\/avatar\/37d968a2e67a6fd04c169c4bdef102d0bc5d31b2546345219e348575eb80e9a0?s=96&d=mm&r=g","url":"https:\/\/secure.gravatar.com\/avatar\/37d968a2e67a6fd04c169c4bdef102d0bc5d31b2546345219e348575eb80e9a0?s=96&d=mm&r=g","contentUrl":"https:\/\/secure.gravatar.com\/avatar\/37d968a2e67a6fd04c169c4bdef102d0bc5d31b2546345219e348575eb80e9a0?s=96&d=mm&r=g","caption":"redazione"},"sameAs":["http:\/\/www.bellunopress.it","https:\/\/x.com\/bellunopress"],"url":"https:\/\/www.bellunopress.it\/fr\/author\/redazione\/"}]}},"_links":{"self":[{"href":"https:\/\/www.bellunopress.it\/fr\/wp-json\/wp\/v2\/posts\/170412","targetHints":{"allow":["GET"]}}],"collection":[{"href":"https:\/\/www.bellunopress.it\/fr\/wp-json\/wp\/v2\/posts"}],"about":[{"href":"https:\/\/www.bellunopress.it\/fr\/wp-json\/wp\/v2\/types\/post"}],"author":[{"embeddable":true,"href":"https:\/\/www.bellunopress.it\/fr\/wp-json\/wp\/v2\/users\/2"}],"replies":[{"embeddable":true,"href":"https:\/\/www.bellunopress.it\/fr\/wp-json\/wp\/v2\/comments?post=170412"}],"version-history":[{"count":1,"href":"https:\/\/www.bellunopress.it\/fr\/wp-json\/wp\/v2\/posts\/170412\/revisions"}],"predecessor-version":[{"id":170413,"href":"https:\/\/www.bellunopress.it\/fr\/wp-json\/wp\/v2\/posts\/170412\/revisions\/170413"}],"wp:featuredmedia":[{"embeddable":true,"href":"https:\/\/www.bellunopress.it\/fr\/wp-json\/wp\/v2\/media\/169783"}],"wp:attachment":[{"href":"https:\/\/www.bellunopress.it\/fr\/wp-json\/wp\/v2\/media?parent=170412"}],"wp:term":[{"taxonomy":"category","embeddable":true,"href":"https:\/\/www.bellunopress.it\/fr\/wp-json\/wp\/v2\/categories?post=170412"},{"taxonomy":"post_tag","embeddable":true,"href":"https:\/\/www.bellunopress.it\/fr\/wp-json\/wp\/v2\/tags?post=170412"}],"curies":[{"name":"wp","href":"https:\/\/api.w.org\/{rel}","templated":true}]}}