{"id":170410,"date":"2026-05-24T13:39:55","date_gmt":"2026-05-24T11:39:55","guid":{"rendered":"https:\/\/www.bellunopress.it\/?p=170410"},"modified":"2026-05-24T13:39:55","modified_gmt":"2026-05-24T11:39:55","slug":"belluno-baby-gang-e-disagio-giovanile-11-minori-denunciati-dai-carabinieri","status":"publish","type":"post","link":"https:\/\/www.bellunopress.it\/fr\/2026\/05\/24\/belluno-baby-gang-e-disagio-giovanile-11-minori-denunciati-dai-carabinieri\/","title":{"rendered":"Belluno, baby gang e disagio giovanile: 11 minori denunciati dai Carabinieri"},"content":{"rendered":"<p data-path-to-node=\"3\"><b data-path-to-node=\"3\" data-index-in-node=\"0\">Dalle scommesse pericolose sui binari del treno alle minacce con armi bianche a scuola: l&#8217;Arma intensifica i controlli e punta sulla prevenzione negli istituti della provincia.<\/b><\/p>\n<p data-path-to-node=\"4\">Belluno, 24\/05\/2026\u00a0\u2013 Un bilancio che scuote la provincia quello tracciato dai Carabinieri di Belluno nelle ultime settimane. L\u2019intensificazione dei controlli volti a contrastare il disagio giovanile ha portato al deferimento alla Procura dei Minori di Venezia di 11 giovanissimi, protagonisti di episodi che spaziano dal vandalismo alla detenzione di armi, fino a sfiorare la tragedia ferroviaria.<\/p>\n<p data-path-to-node=\"6\">L\u2019episodio pi\u00f9 inquietante \u00e8 avvenuto a Belluno, nei pressi di via Mondin. Quattro ragazzi tra i 14 e i 15 anni sono stati sorpresi dai militari mentre posizionavano grossi sassi sui binari della rete ferroviaria. Un gesto sconsiderato che avrebbe potuto causare il deragliamento di un treno. I giovani, colti in flagranza, sono stati identificati e riaffidati ai genitori dopo la segnalazione all&#8217;autorit\u00e0 giudiziaria.<\/p>\n<p data-path-to-node=\"8\">La soglia di attenzione rimane altissima all&#8217;interno degli istituti scolastici, dove la collaborazione tra presidi e Arma ha fatto emergere situazioni critiche:<\/p>\n<ul data-path-to-node=\"9\">\n<li>\n<p data-path-to-node=\"9,0,0\">Armi da taglio: un 15enne \u00e8 stato trovato in possesso di un coltello da cucina con lama di 14 cm, mentre un coetaneo di un\u2019altra scuola media \u00e8 stato denunciato per aver minacciato una compagna con un taglierino.<\/p>\n<\/li>\n<li>\n<p data-path-to-node=\"9,1,0\">Sostanze stupefacenti: in un istituto superiore, grazie alla vigilanza del personale scolastico, sono state rinvenute e sequestrate diverse dosi di hashish.<\/p>\n<\/li>\n<li>\n<p data-path-to-node=\"9,2,0\">Cyberbullismo: due studenti di 17 anni sono stati denunciati per aver insultato e minacciato il proprio Dirigente Scolastico all&#8217;interno di una chat di classe.<\/p>\n<\/li>\n<\/ul>\n<p data-path-to-node=\"11\">Non mancano gli atti di teppismo: tre minorenni (15 e 16 anni) sono stati denunciati per essersi introdotti abusivamente in un hotel chiuso, danneggiando la struttura.<\/p>\n<p data-path-to-node=\"11\">Il pugno duro dei Carabinieri non risparmia gli adulti che favoriscono le condotte a rischio: il titolare di un bar della zona \u00e8 stato infatti denunciato per aver venduto alcolici a un minore di 15 anni.<\/p>\n<h6 style=\"text-align: left;\" data-path-to-node=\"14\">Nonostante la lunga lista di illeciti, l\u2019Arma sottolinea come la repressione sia solo una parte della strategia. Nell&#8217;ultimo anno, i Comandi di Compagnia e Stazione hanno tenuto oltre 80 conferenze nelle scuole per parlare di bullismo, rischi del web e droghe.<\/h6>\n<blockquote data-path-to-node=\"15\">\n<h6 style=\"text-align: left;\" data-path-to-node=\"15,0\">&#8220;La quasi totalit\u00e0 dei giovani \u00e8 sana e orientata al rispetto delle regole&#8221;, spiegano dal Comando Provinciale. &#8220;La sfida \u00e8 intercettare precocemente chi attraversa una fase di disagio prima che la linea della legalit\u00e0 venga oltrepassata definitivamente.&#8221;<\/h6>\n<\/blockquote>\n<p data-path-to-node=\"16\">I Carabinieri rinnovano l&#8217;invito alle famiglie e alle istituzioni a collaborare, ricordando che il numero di emergenza <b data-path-to-node=\"16\" data-index-in-node=\"119\">112<\/b> e le stazioni sul territorio sono presidi sempre aperti per segnalazioni e supporto.<\/p>\n<h3 data-path-to-node=\"18\">I numeri dell&#8217;operazione<\/h3>\n<table data-path-to-node=\"19\">\n<thead>\n<tr>\n<td>Fenomeno<\/td>\n<td>Provvedimenti<\/td>\n<\/tr>\n<\/thead>\n<tbody>\n<tr>\n<td>Minori denunciati<\/td>\n<td>11 giovani (tra i 14 e i 17 anni)<\/td>\n<\/tr>\n<tr>\n<td>Reati contestati<\/td>\n<td>Pericolo ferroviario, minacce aggravate, diffamazione, vandalismo<\/td>\n<\/tr>\n<tr>\n<td>Sequestri<\/td>\n<td>Coltelli, taglierini, hashish<\/td>\n<\/tr>\n<tr>\n<td>Attivit\u00e0 preventiva<\/td>\n<td><span data-path-to-node=\"19,4,1,0\">80+ incontri nelle scuole della provincia<\/span><\/td>\n<\/tr>\n<\/tbody>\n<\/table>","protected":false},"excerpt":{"rendered":"<p>Dalle scommesse pericolose sui binari del treno alle minacce con armi bianche a scuola: l&#8217;Arma intensifica i controlli e punta sulla prevenzione negli istituti della provincia. Belluno, 24\/05\/2026\u00a0\u2013 Un bilancio che scuote la provincia quello tracciato dai Carabinieri di Belluno nelle ultime settimane. L\u2019intensificazione dei controlli volti a contrastare il disagio giovanile ha portato al [&hellip;]<\/p>\n","protected":false},"author":2,"featured_media":151535,"comment_status":"closed","ping_status":"open","sticky":false,"template":"","format":"standard","meta":{"footnotes":""},"categories":[5,26,8],"tags":[],"class_list":["post-170410","post","type-post","status-publish","format-standard","has-post-thumbnail","category-cronaca","category-prima-pagina","category-societa-istituzioni"],"yoast_head":"<!-- This site is optimized with the Yoast SEO plugin v28.4 - https:\/\/yoast.com\/product\/yoast-seo-wordpress\/ -->\n<title>Belluno, baby gang e disagio giovanile: 11 minori denunciati dai Carabinieri - Bellunopress - Dolomiti<\/title>\n<meta name=\"robots\" content=\"index, follow, max-snippet:-1, max-image-preview:large, max-video-preview:-1\" \/>\n<link rel=\"canonical\" href=\"https:\/\/www.bellunopress.it\/fr\/2026\/05\/24\/belluno-baby-gang-e-disagio-giovanile-11-minori-denunciati-dai-carabinieri\/\" \/>\n<meta property=\"og:locale\" content=\"fr_FR\" \/>\n<meta property=\"og:type\" content=\"article\" \/>\n<meta property=\"og:title\" content=\"Belluno, baby gang e disagio giovanile: 11 minori denunciati dai Carabinieri - Bellunopress - Dolomiti\" \/>\n<meta property=\"og:description\" content=\"Dalle scommesse pericolose sui binari del treno alle minacce con armi bianche a scuola: l&#8217;Arma intensifica i controlli e punta sulla prevenzione negli istituti della provincia. Belluno, 24\/05\/2026\u00a0\u2013 Un bilancio che scuote la provincia quello tracciato dai Carabinieri di Belluno nelle ultime settimane. L\u2019intensificazione dei controlli volti a contrastare il disagio giovanile ha portato al [&hellip;]\" \/>\n<meta property=\"og:url\" content=\"https:\/\/www.bellunopress.it\/fr\/2026\/05\/24\/belluno-baby-gang-e-disagio-giovanile-11-minori-denunciati-dai-carabinieri\/\" \/>\n<meta property=\"og:site_name\" content=\"Bellunopress - Dolomiti\" \/>\n<meta property=\"article:publisher\" content=\"https:\/\/www.facebook.com\/profile.php?id=100008943462799\" \/>\n<meta property=\"article:published_time\" content=\"2026-05-24T11:39:55+00:00\" \/>\n<meta property=\"og:image\" content=\"https:\/\/www.bellunopress.it\/wp-content\/uploads\/2024\/06\/Carabinieri-Belluno_edited.jpg\" \/>\n\t<meta property=\"og:image:width\" content=\"1000\" \/>\n\t<meta property=\"og:image:height\" content=\"750\" \/>\n\t<meta property=\"og:image:type\" content=\"image\/jpeg\" \/>\n<meta name=\"author\" content=\"redazione\" \/>\n<meta name=\"twitter:card\" content=\"summary_large_image\" \/>\n<meta name=\"twitter:creator\" content=\"@bellunopress\" \/>\n<meta name=\"twitter:site\" content=\"@bellunopress\" \/>\n<meta name=\"twitter:label1\" content=\"\u00c9crit par\" \/>\n\t<meta name=\"twitter:data1\" content=\"redazione\" \/>\n\t<meta name=\"twitter:label2\" content=\"Dur\u00e9e de lecture estim\u00e9e\" \/>\n\t<meta name=\"twitter:data2\" content=\"3 minutes\" \/>\n<script type=\"application\/ld+json\" class=\"yoast-schema-graph\">{\"@context\":\"https:\\\/\\\/schema.org\",\"@graph\":[{\"@type\":\"Article\",\"@id\":\"https:\\\/\\\/www.bellunopress.it\\\/2026\\\/05\\\/24\\\/belluno-baby-gang-e-disagio-giovanile-11-minori-denunciati-dai-carabinieri\\\/#article\",\"isPartOf\":{\"@id\":\"https:\\\/\\\/www.bellunopress.it\\\/2026\\\/05\\\/24\\\/belluno-baby-gang-e-disagio-giovanile-11-minori-denunciati-dai-carabinieri\\\/\"},\"author\":{\"name\":\"redazione\",\"@id\":\"https:\\\/\\\/www.bellunopress.it\\\/#\\\/schema\\\/person\\\/79bb06722b37ece1c03d3e94beb30d73\"},\"headline\":\"Belluno, baby gang e disagio giovanile: 11 minori denunciati dai Carabinieri\",\"datePublished\":\"2026-05-24T11:39:55+00:00\",\"mainEntityOfPage\":{\"@id\":\"https:\\\/\\\/www.bellunopress.it\\\/2026\\\/05\\\/24\\\/belluno-baby-gang-e-disagio-giovanile-11-minori-denunciati-dai-carabinieri\\\/\"},\"wordCount\":458,\"publisher\":{\"@id\":\"https:\\\/\\\/www.bellunopress.it\\\/#organization\"},\"image\":{\"@id\":\"https:\\\/\\\/www.bellunopress.it\\\/2026\\\/05\\\/24\\\/belluno-baby-gang-e-disagio-giovanile-11-minori-denunciati-dai-carabinieri\\\/#primaryimage\"},\"thumbnailUrl\":\"https:\\\/\\\/www.bellunopress.it\\\/wp-content\\\/uploads\\\/2024\\\/06\\\/Carabinieri-Belluno_edited.jpg\",\"articleSection\":[\"Cronaca\\\/Politica\",\"Prima Pagina\",\"Societ\u00e0, Associazioni, Istituzioni\"],\"inLanguage\":\"fr-FR\"},{\"@type\":\"WebPage\",\"@id\":\"https:\\\/\\\/www.bellunopress.it\\\/2026\\\/05\\\/24\\\/belluno-baby-gang-e-disagio-giovanile-11-minori-denunciati-dai-carabinieri\\\/\",\"url\":\"https:\\\/\\\/www.bellunopress.it\\\/2026\\\/05\\\/24\\\/belluno-baby-gang-e-disagio-giovanile-11-minori-denunciati-dai-carabinieri\\\/\",\"name\":\"Belluno, baby gang e disagio giovanile: 11 minori denunciati dai Carabinieri - Bellunopress - Dolomiti\",\"isPartOf\":{\"@id\":\"https:\\\/\\\/www.bellunopress.it\\\/#website\"},\"primaryImageOfPage\":{\"@id\":\"https:\\\/\\\/www.bellunopress.it\\\/2026\\\/05\\\/24\\\/belluno-baby-gang-e-disagio-giovanile-11-minori-denunciati-dai-carabinieri\\\/#primaryimage\"},\"image\":{\"@id\":\"https:\\\/\\\/www.bellunopress.it\\\/2026\\\/05\\\/24\\\/belluno-baby-gang-e-disagio-giovanile-11-minori-denunciati-dai-carabinieri\\\/#primaryimage\"},\"thumbnailUrl\":\"https:\\\/\\\/www.bellunopress.it\\\/wp-content\\\/uploads\\\/2024\\\/06\\\/Carabinieri-Belluno_edited.jpg\",\"datePublished\":\"2026-05-24T11:39:55+00:00\",\"breadcrumb\":{\"@id\":\"https:\\\/\\\/www.bellunopress.it\\\/2026\\\/05\\\/24\\\/belluno-baby-gang-e-disagio-giovanile-11-minori-denunciati-dai-carabinieri\\\/#breadcrumb\"},\"inLanguage\":\"fr-FR\",\"potentialAction\":[{\"@type\":\"ReadAction\",\"target\":[\"https:\\\/\\\/www.bellunopress.it\\\/2026\\\/05\\\/24\\\/belluno-baby-gang-e-disagio-giovanile-11-minori-denunciati-dai-carabinieri\\\/\"]}]},{\"@type\":\"ImageObject\",\"inLanguage\":\"fr-FR\",\"@id\":\"https:\\\/\\\/www.bellunopress.it\\\/2026\\\/05\\\/24\\\/belluno-baby-gang-e-disagio-giovanile-11-minori-denunciati-dai-carabinieri\\\/#primaryimage\",\"url\":\"https:\\\/\\\/www.bellunopress.it\\\/wp-content\\\/uploads\\\/2024\\\/06\\\/Carabinieri-Belluno_edited.jpg\",\"contentUrl\":\"https:\\\/\\\/www.bellunopress.it\\\/wp-content\\\/uploads\\\/2024\\\/06\\\/Carabinieri-Belluno_edited.jpg\",\"width\":1000,\"height\":750},{\"@type\":\"BreadcrumbList\",\"@id\":\"https:\\\/\\\/www.bellunopress.it\\\/2026\\\/05\\\/24\\\/belluno-baby-gang-e-disagio-giovanile-11-minori-denunciati-dai-carabinieri\\\/#breadcrumb\",\"itemListElement\":[{\"@type\":\"ListItem\",\"position\":1,\"name\":\"Home\",\"item\":\"https:\\\/\\\/www.bellunopress.it\\\/\"},{\"@type\":\"ListItem\",\"position\":2,\"name\":\"Belluno, baby gang e disagio giovanile: 11 minori denunciati dai Carabinieri\"}]},{\"@type\":\"WebSite\",\"@id\":\"https:\\\/\\\/www.bellunopress.it\\\/#website\",\"url\":\"https:\\\/\\\/www.bellunopress.it\\\/\",\"name\":\"Bellunopress - Dolomiti\",\"description\":\"e-mail: redazione@bellunopress.it\",\"publisher\":{\"@id\":\"https:\\\/\\\/www.bellunopress.it\\\/#organization\"},\"potentialAction\":[{\"@type\":\"SearchAction\",\"target\":{\"@type\":\"EntryPoint\",\"urlTemplate\":\"https:\\\/\\\/www.bellunopress.it\\\/?s={search_term_string}\"},\"query-input\":{\"@type\":\"PropertyValueSpecification\",\"valueRequired\":true,\"valueName\":\"search_term_string\"}}],\"inLanguage\":\"fr-FR\"},{\"@type\":\"Organization\",\"@id\":\"https:\\\/\\\/www.bellunopress.it\\\/#organization\",\"name\":\"Bellunopress\",\"url\":\"https:\\\/\\\/www.bellunopress.it\\\/\",\"logo\":{\"@type\":\"ImageObject\",\"inLanguage\":\"fr-FR\",\"@id\":\"https:\\\/\\\/www.bellunopress.it\\\/#\\\/schema\\\/logo\\\/image\\\/\",\"url\":\"https:\\\/\\\/www.bellunopress.it\\\/wp-content\\\/uploads\\\/2011\\\/05\\\/cropped-logo-bellunopress-.jpg\",\"contentUrl\":\"https:\\\/\\\/www.bellunopress.it\\\/wp-content\\\/uploads\\\/2011\\\/05\\\/cropped-logo-bellunopress-.jpg\",\"width\":512,\"height\":512,\"caption\":\"Bellunopress\"},\"image\":{\"@id\":\"https:\\\/\\\/www.bellunopress.it\\\/#\\\/schema\\\/logo\\\/image\\\/\"},\"sameAs\":[\"https:\\\/\\\/www.facebook.com\\\/profile.php?id=100008943462799\",\"https:\\\/\\\/x.com\\\/bellunopress\",\"https:\\\/\\\/www.linkedin.com\\\/hp\\\/?dnr=JBzUWaJfMUw8vbXJJ2tVW5-I3jZKvC4wsoxE&amp;amp;amp;amp;amp;amp;trk=nav_responsive_tab_home\",\"https:\\\/\\\/www.youtube.com\\\/channel\\\/UCxL0wu1uN0_3_7hGG0306cw\"]},{\"@type\":\"Person\",\"@id\":\"https:\\\/\\\/www.bellunopress.it\\\/#\\\/schema\\\/person\\\/79bb06722b37ece1c03d3e94beb30d73\",\"name\":\"redazione\",\"image\":{\"@type\":\"ImageObject\",\"inLanguage\":\"fr-FR\",\"@id\":\"https:\\\/\\\/secure.gravatar.com\\\/avatar\\\/37d968a2e67a6fd04c169c4bdef102d0bc5d31b2546345219e348575eb80e9a0?s=96&d=mm&r=g\",\"url\":\"https:\\\/\\\/secure.gravatar.com\\\/avatar\\\/37d968a2e67a6fd04c169c4bdef102d0bc5d31b2546345219e348575eb80e9a0?s=96&d=mm&r=g\",\"contentUrl\":\"https:\\\/\\\/secure.gravatar.com\\\/avatar\\\/37d968a2e67a6fd04c169c4bdef102d0bc5d31b2546345219e348575eb80e9a0?s=96&d=mm&r=g\",\"caption\":\"redazione\"},\"sameAs\":[\"http:\\\/\\\/www.bellunopress.it\",\"https:\\\/\\\/x.com\\\/bellunopress\"],\"url\":\"https:\\\/\\\/www.bellunopress.it\\\/fr\\\/author\\\/redazione\\\/\"}]}<\/script>\n<!-- \/ Yoast SEO plugin. -->","yoast_head_json":{"title":"Belluno, baby gang e disagio giovanile: 11 minori denunciati dai Carabinieri - Bellunopress - Dolomiti","robots":{"index":"index","follow":"follow","max-snippet":"max-snippet:-1","max-image-preview":"max-image-preview:large","max-video-preview":"max-video-preview:-1"},"canonical":"https:\/\/www.bellunopress.it\/fr\/2026\/05\/24\/belluno-baby-gang-e-disagio-giovanile-11-minori-denunciati-dai-carabinieri\/","og_locale":"fr_FR","og_type":"article","og_title":"Belluno, baby gang e disagio giovanile: 11 minori denunciati dai Carabinieri - Bellunopress - Dolomiti","og_description":"Dalle scommesse pericolose sui binari del treno alle minacce con armi bianche a scuola: l&#8217;Arma intensifica i controlli e punta sulla prevenzione negli istituti della provincia. Belluno, 24\/05\/2026\u00a0\u2013 Un bilancio che scuote la provincia quello tracciato dai Carabinieri di Belluno nelle ultime settimane. L\u2019intensificazione dei controlli volti a contrastare il disagio giovanile ha portato al [&hellip;]","og_url":"https:\/\/www.bellunopress.it\/fr\/2026\/05\/24\/belluno-baby-gang-e-disagio-giovanile-11-minori-denunciati-dai-carabinieri\/","og_site_name":"Bellunopress - Dolomiti","article_publisher":"https:\/\/www.facebook.com\/profile.php?id=100008943462799","article_published_time":"2026-05-24T11:39:55+00:00","og_image":[{"width":1000,"height":750,"url":"https:\/\/www.bellunopress.it\/wp-content\/uploads\/2024\/06\/Carabinieri-Belluno_edited.jpg","type":"image\/jpeg"}],"author":"redazione","twitter_card":"summary_large_image","twitter_creator":"@bellunopress","twitter_site":"@bellunopress","twitter_misc":{"\u00c9crit par":"redazione","Dur\u00e9e de lecture estim\u00e9e":"3 minutes"},"schema":{"@context":"https:\/\/schema.org","@graph":[{"@type":"Article","@id":"https:\/\/www.bellunopress.it\/2026\/05\/24\/belluno-baby-gang-e-disagio-giovanile-11-minori-denunciati-dai-carabinieri\/#article","isPartOf":{"@id":"https:\/\/www.bellunopress.it\/2026\/05\/24\/belluno-baby-gang-e-disagio-giovanile-11-minori-denunciati-dai-carabinieri\/"},"author":{"name":"redazione","@id":"https:\/\/www.bellunopress.it\/#\/schema\/person\/79bb06722b37ece1c03d3e94beb30d73"},"headline":"Belluno, baby gang e disagio giovanile: 11 minori denunciati dai Carabinieri","datePublished":"2026-05-24T11:39:55+00:00","mainEntityOfPage":{"@id":"https:\/\/www.bellunopress.it\/2026\/05\/24\/belluno-baby-gang-e-disagio-giovanile-11-minori-denunciati-dai-carabinieri\/"},"wordCount":458,"publisher":{"@id":"https:\/\/www.bellunopress.it\/#organization"},"image":{"@id":"https:\/\/www.bellunopress.it\/2026\/05\/24\/belluno-baby-gang-e-disagio-giovanile-11-minori-denunciati-dai-carabinieri\/#primaryimage"},"thumbnailUrl":"https:\/\/www.bellunopress.it\/wp-content\/uploads\/2024\/06\/Carabinieri-Belluno_edited.jpg","articleSection":["Cronaca\/Politica","Prima Pagina","Societ\u00e0, Associazioni, Istituzioni"],"inLanguage":"fr-FR"},{"@type":"WebPage","@id":"https:\/\/www.bellunopress.it\/2026\/05\/24\/belluno-baby-gang-e-disagio-giovanile-11-minori-denunciati-dai-carabinieri\/","url":"https:\/\/www.bellunopress.it\/2026\/05\/24\/belluno-baby-gang-e-disagio-giovanile-11-minori-denunciati-dai-carabinieri\/","name":"Belluno, baby gang e disagio giovanile: 11 minori denunciati dai Carabinieri - Bellunopress - Dolomiti","isPartOf":{"@id":"https:\/\/www.bellunopress.it\/#website"},"primaryImageOfPage":{"@id":"https:\/\/www.bellunopress.it\/2026\/05\/24\/belluno-baby-gang-e-disagio-giovanile-11-minori-denunciati-dai-carabinieri\/#primaryimage"},"image":{"@id":"https:\/\/www.bellunopress.it\/2026\/05\/24\/belluno-baby-gang-e-disagio-giovanile-11-minori-denunciati-dai-carabinieri\/#primaryimage"},"thumbnailUrl":"https:\/\/www.bellunopress.it\/wp-content\/uploads\/2024\/06\/Carabinieri-Belluno_edited.jpg","datePublished":"2026-05-24T11:39:55+00:00","breadcrumb":{"@id":"https:\/\/www.bellunopress.it\/2026\/05\/24\/belluno-baby-gang-e-disagio-giovanile-11-minori-denunciati-dai-carabinieri\/#breadcrumb"},"inLanguage":"fr-FR","potentialAction":[{"@type":"ReadAction","target":["https:\/\/www.bellunopress.it\/2026\/05\/24\/belluno-baby-gang-e-disagio-giovanile-11-minori-denunciati-dai-carabinieri\/"]}]},{"@type":"ImageObject","inLanguage":"fr-FR","@id":"https:\/\/www.bellunopress.it\/2026\/05\/24\/belluno-baby-gang-e-disagio-giovanile-11-minori-denunciati-dai-carabinieri\/#primaryimage","url":"https:\/\/www.bellunopress.it\/wp-content\/uploads\/2024\/06\/Carabinieri-Belluno_edited.jpg","contentUrl":"https:\/\/www.bellunopress.it\/wp-content\/uploads\/2024\/06\/Carabinieri-Belluno_edited.jpg","width":1000,"height":750},{"@type":"BreadcrumbList","@id":"https:\/\/www.bellunopress.it\/2026\/05\/24\/belluno-baby-gang-e-disagio-giovanile-11-minori-denunciati-dai-carabinieri\/#breadcrumb","itemListElement":[{"@type":"ListItem","position":1,"name":"Home","item":"https:\/\/www.bellunopress.it\/"},{"@type":"ListItem","position":2,"name":"Belluno, baby gang e disagio giovanile: 11 minori denunciati dai Carabinieri"}]},{"@type":"WebSite","@id":"https:\/\/www.bellunopress.it\/#website","url":"https:\/\/www.bellunopress.it\/","name":"Bellunopress - Dolomiti","description":"e-mail: redazione@bellunopress.it","publisher":{"@id":"https:\/\/www.bellunopress.it\/#organization"},"potentialAction":[{"@type":"SearchAction","target":{"@type":"EntryPoint","urlTemplate":"https:\/\/www.bellunopress.it\/?s={search_term_string}"},"query-input":{"@type":"PropertyValueSpecification","valueRequired":true,"valueName":"search_term_string"}}],"inLanguage":"fr-FR"},{"@type":"Organization","@id":"https:\/\/www.bellunopress.it\/#organization","name":"Bellunopress","url":"https:\/\/www.bellunopress.it\/","logo":{"@type":"ImageObject","inLanguage":"fr-FR","@id":"https:\/\/www.bellunopress.it\/#\/schema\/logo\/image\/","url":"https:\/\/www.bellunopress.it\/wp-content\/uploads\/2011\/05\/cropped-logo-bellunopress-.jpg","contentUrl":"https:\/\/www.bellunopress.it\/wp-content\/uploads\/2011\/05\/cropped-logo-bellunopress-.jpg","width":512,"height":512,"caption":"Bellunopress"},"image":{"@id":"https:\/\/www.bellunopress.it\/#\/schema\/logo\/image\/"},"sameAs":["https:\/\/www.facebook.com\/profile.php?id=100008943462799","https:\/\/x.com\/bellunopress","https:\/\/www.linkedin.com\/hp\/?dnr=JBzUWaJfMUw8vbXJJ2tVW5-I3jZKvC4wsoxE&amp;amp;amp;amp;amp;amp;trk=nav_responsive_tab_home","https:\/\/www.youtube.com\/channel\/UCxL0wu1uN0_3_7hGG0306cw"]},{"@type":"Person","@id":"https:\/\/www.bellunopress.it\/#\/schema\/person\/79bb06722b37ece1c03d3e94beb30d73","name":"r\u00e9daction","image":{"@type":"ImageObject","inLanguage":"fr-FR","@id":"https:\/\/secure.gravatar.com\/avatar\/37d968a2e67a6fd04c169c4bdef102d0bc5d31b2546345219e348575eb80e9a0?s=96&d=mm&r=g","url":"https:\/\/secure.gravatar.com\/avatar\/37d968a2e67a6fd04c169c4bdef102d0bc5d31b2546345219e348575eb80e9a0?s=96&d=mm&r=g","contentUrl":"https:\/\/secure.gravatar.com\/avatar\/37d968a2e67a6fd04c169c4bdef102d0bc5d31b2546345219e348575eb80e9a0?s=96&d=mm&r=g","caption":"redazione"},"sameAs":["http:\/\/www.bellunopress.it","https:\/\/x.com\/bellunopress"],"url":"https:\/\/www.bellunopress.it\/fr\/author\/redazione\/"}]}},"_links":{"self":[{"href":"https:\/\/www.bellunopress.it\/fr\/wp-json\/wp\/v2\/posts\/170410","targetHints":{"allow":["GET"]}}],"collection":[{"href":"https:\/\/www.bellunopress.it\/fr\/wp-json\/wp\/v2\/posts"}],"about":[{"href":"https:\/\/www.bellunopress.it\/fr\/wp-json\/wp\/v2\/types\/post"}],"author":[{"embeddable":true,"href":"https:\/\/www.bellunopress.it\/fr\/wp-json\/wp\/v2\/users\/2"}],"replies":[{"embeddable":true,"href":"https:\/\/www.bellunopress.it\/fr\/wp-json\/wp\/v2\/comments?post=170410"}],"version-history":[{"count":1,"href":"https:\/\/www.bellunopress.it\/fr\/wp-json\/wp\/v2\/posts\/170410\/revisions"}],"predecessor-version":[{"id":170411,"href":"https:\/\/www.bellunopress.it\/fr\/wp-json\/wp\/v2\/posts\/170410\/revisions\/170411"}],"wp:featuredmedia":[{"embeddable":true,"href":"https:\/\/www.bellunopress.it\/fr\/wp-json\/wp\/v2\/media\/151535"}],"wp:attachment":[{"href":"https:\/\/www.bellunopress.it\/fr\/wp-json\/wp\/v2\/media?parent=170410"}],"wp:term":[{"taxonomy":"category","embeddable":true,"href":"https:\/\/www.bellunopress.it\/fr\/wp-json\/wp\/v2\/categories?post=170410"},{"taxonomy":"post_tag","embeddable":true,"href":"https:\/\/www.bellunopress.it\/fr\/wp-json\/wp\/v2\/tags?post=170410"}],"curies":[{"name":"wp","href":"https:\/\/api.w.org\/{rel}","templated":true}]}}