{"id":170406,"date":"2026-05-24T13:21:59","date_gmt":"2026-05-24T11:21:59","guid":{"rendered":"https:\/\/www.bellunopress.it\/?p=170406"},"modified":"2026-05-24T20:38:46","modified_gmt":"2026-05-24T18:38:46","slug":"cavarzano-belluno-lultima-notte-di-quiete","status":"publish","type":"post","link":"https:\/\/www.bellunopress.it\/fr\/2026\/05\/24\/cavarzano-belluno-lultima-notte-di-quiete\/","title":{"rendered":"Cavarzano, Belluno. L&#8217;ultima notte di quiete"},"content":{"rendered":"<p data-path-to-node=\"7\">Belluno, 24 maggio 2026 \u2014 Sotto il cielo terso di fine maggio, via Urbano Pagani Cesa sembra sospesa in un\u2019attesa immobile. La domenica scorre lenta nel quartiere di Cavarzano, tra il sommesso viavai che anima l\u2019ingresso della casa di riposo Gaggia Lante e le ombre lunghe proiettate dalle monumentali chiome dei tigli e degli ippocastani. \u00c8 una quiete profonda, ma ingannevole. Su un cavalletto metallico a bordo strada, un cartello di divieto di sosta sormontato da nastro adesivo nero traccia una linea netta nel tempo: dalle ore 5:00 alle ore 12:00 di luned\u00ec 25 maggio 2026. Il motivo \u00e8 scritto a penna, con tratti rossi decisi: <i data-path-to-node=\"7\" data-index-in-node=\"617\">&#8220;Potatura piante&#8221;<\/i>. Un\u2019ordinanza che risale al freddo gennaio scorso e che, d\u2019improvviso, si risveglia nel cuore della primavera, scatenando perplessit\u00e0 e apprensione tra i residenti e gli ambientalisti di Italia Nostra.<\/p>\n<p data-path-to-node=\"8\">Le fronde rigogliose, che per decenni hanno offerto un corridoio d\u2019ombra fresco e riparato agli anziani ospiti della struttura e ai passanti, si preparano a subire i tagli radicali delle motoseghe. Il quartiere sussurra, si interroga sulla tempistica di un intervento che cade proprio nei mesi pi\u00f9 delicati per la fauna locale, quando i rami sono vivi e gli uccelli si trovano in piena stagione di nidificazione. Si teme la &#8220;capitozzatura&#8221;, lo spettro di quella mutilazione verde che trasforma i giganti urbani in scheletri mutilati, alterando per sempre il volto di una delle vie storicamente considerate tra le pi\u00f9 eleganti della citt\u00e0.<\/p>\n<p data-path-to-node=\"9\">Eppure, in questa ordinata fila di fusti che si staglia contro il profilo azzurro delle montagne bellunesi, c&#8217;\u00e8 chi osserva la scena con il distacco cinico di chi non ha pi\u00f9 nulla da perdere. \u00c8 l\u2019albero disseccato: una sagoma scura, priva di foglie, nodosa e spoglia, che sorge solitaria sul marciapiede sinistro, quasi a fare da tragico contraltare alla fitta vegetazione circostante. Se avesse voce, in questa vigilia silenziosa scandita dal ronzio lontano delle auto, racconterebbe una storia di solitudine e rassegnazione.<\/p>\n<p data-path-to-node=\"9\"><img loading=\"lazy\" decoding=\"async\" class=\"aligncenter size-full wp-image-170407\" src=\"https:\/\/www.bellunopress.it\/wp-content\/uploads\/2026\/05\/via-pagani-cesa-tronco-albero-diseccato.jpg\" alt=\"\" width=\"500\" height=\"336\" srcset=\"https:\/\/www.bellunopress.it\/wp-content\/uploads\/2026\/05\/via-pagani-cesa-tronco-albero-diseccato.jpg 500w, https:\/\/www.bellunopress.it\/wp-content\/uploads\/2026\/05\/via-pagani-cesa-tronco-albero-diseccato-150x101.jpg 150w, https:\/\/www.bellunopress.it\/wp-content\/uploads\/2026\/05\/via-pagani-cesa-tronco-albero-diseccato-300x202.jpg 300w\" sizes=\"auto, (max-width: 500px) 100vw, 500px\" \/><\/p>\n<blockquote data-path-to-node=\"10\">\n<h6 style=\"text-align: left;\" data-path-to-node=\"10,0\">\u00abCosa volete che mi interessi, io sono gi\u00e0 stato massacrato anni fa e sono in piedi per miracolo.\u00bb<\/h6>\n<\/blockquote>\n<p data-path-to-node=\"11\">Sembra quasi di sentirlo parlare, il vecchio tronco monumentale ferito dal tempo e dalle passate amministrazioni. Lui, superstite malconcio di passati abbattimenti \u2013 come quelli del luglio 2022 che videro cadere tre suoi compagni ammalorati \u2013 incarna la memoria storica di un viale che perde gradualmente i suoi pezzi. Mentre i suoi vicini di casa tremano all\u2019idea delle lame di domani, lui resta immobile, un monumento alla fragilit\u00e0, indifferente ai destini della burocrazia comunale e ai dibattiti stagionali.<\/p>\n<p data-path-to-node=\"12\">Stasera, quando il sole tramonter\u00e0 dietro le vette e le finestre della Gaggia Lante si illumineranno una ad una, via Pagani Cesa vivr\u00e0 la sua ultima notte di quiete intatta. Da domani, il silenzio lascer\u00e0 il posto al fragore metallico delle lame. Resta solo da sperare che l\u2019eco di quel monito \u2013 la voce muta dell\u2019albero sacrificato \u2013 spinga a preservare con cura ci\u00f2 che ancora resta di questo antico e prezioso polmone verde.<\/p>","protected":false},"excerpt":{"rendered":"<p>Belluno, 24 maggio 2026 \u2014 Sotto il cielo terso di fine maggio, via Urbano Pagani Cesa sembra sospesa in un\u2019attesa immobile. La domenica scorre lenta nel quartiere di Cavarzano, tra il sommesso viavai che anima l\u2019ingresso della casa di riposo Gaggia Lante e le ombre lunghe proiettate dalle monumentali chiome dei tigli e degli ippocastani. [&hellip;]<\/p>\n","protected":false},"author":2,"featured_media":170408,"comment_status":"closed","ping_status":"open","sticky":false,"template":"","format":"standard","meta":{"footnotes":""},"categories":[3446,38,26],"tags":[],"class_list":["post-170406","post","type-post","status-publish","format-standard","has-post-thumbnail","category-featured","category-natura-ambiente","category-prima-pagina"],"yoast_head":"<!-- This site is optimized with the Yoast SEO plugin v28.4 - https:\/\/yoast.com\/product\/yoast-seo-wordpress\/ -->\n<title>Cavarzano, Belluno. L&#039;ultima notte di quiete - Bellunopress - Dolomiti<\/title>\n<meta name=\"robots\" content=\"index, follow, max-snippet:-1, max-image-preview:large, max-video-preview:-1\" \/>\n<link rel=\"canonical\" href=\"https:\/\/www.bellunopress.it\/fr\/2026\/05\/24\/cavarzano-belluno-lultima-notte-di-quiete\/\" \/>\n<meta property=\"og:locale\" content=\"fr_FR\" \/>\n<meta property=\"og:type\" content=\"article\" \/>\n<meta property=\"og:title\" content=\"Cavarzano, Belluno. L&#039;ultima notte di quiete - Bellunopress - Dolomiti\" \/>\n<meta property=\"og:description\" content=\"Belluno, 24 maggio 2026 \u2014 Sotto il cielo terso di fine maggio, via Urbano Pagani Cesa sembra sospesa in un\u2019attesa immobile. La domenica scorre lenta nel quartiere di Cavarzano, tra il sommesso viavai che anima l\u2019ingresso della casa di riposo Gaggia Lante e le ombre lunghe proiettate dalle monumentali chiome dei tigli e degli ippocastani. [&hellip;]\" \/>\n<meta property=\"og:url\" content=\"https:\/\/www.bellunopress.it\/fr\/2026\/05\/24\/cavarzano-belluno-lultima-notte-di-quiete\/\" \/>\n<meta property=\"og:site_name\" content=\"Bellunopress - Dolomiti\" \/>\n<meta property=\"article:publisher\" content=\"https:\/\/www.facebook.com\/profile.php?id=100008943462799\" \/>\n<meta property=\"article:published_time\" content=\"2026-05-24T11:21:59+00:00\" \/>\n<meta property=\"article:modified_time\" content=\"2026-05-24T18:38:46+00:00\" \/>\n<meta property=\"og:image\" content=\"https:\/\/www.bellunopress.it\/wp-content\/uploads\/2026\/05\/via-Urbano-pagani-cesa-.jpg\" \/>\n\t<meta property=\"og:image:width\" content=\"568\" \/>\n\t<meta property=\"og:image:height\" content=\"376\" \/>\n\t<meta property=\"og:image:type\" content=\"image\/jpeg\" \/>\n<meta name=\"author\" content=\"redazione\" \/>\n<meta name=\"twitter:card\" content=\"summary_large_image\" \/>\n<meta name=\"twitter:creator\" content=\"@bellunopress\" \/>\n<meta name=\"twitter:site\" content=\"@bellunopress\" \/>\n<meta name=\"twitter:label1\" content=\"Written by\" \/>\n\t<meta name=\"twitter:data1\" content=\"redazione\" \/>\n\t<meta name=\"twitter:label2\" content=\"Est. reading time\" \/>\n\t<meta name=\"twitter:data2\" content=\"3 minutes\" \/>\n<script type=\"application\/ld+json\" class=\"yoast-schema-graph\">{\"@context\":\"https:\\\/\\\/schema.org\",\"@graph\":[{\"@type\":\"Article\",\"@id\":\"https:\\\/\\\/www.bellunopress.it\\\/2026\\\/05\\\/24\\\/cavarzano-belluno-lultima-notte-di-quiete\\\/#article\",\"isPartOf\":{\"@id\":\"https:\\\/\\\/www.bellunopress.it\\\/2026\\\/05\\\/24\\\/cavarzano-belluno-lultima-notte-di-quiete\\\/\"},\"author\":{\"name\":\"redazione\",\"@id\":\"https:\\\/\\\/www.bellunopress.it\\\/#\\\/schema\\\/person\\\/79bb06722b37ece1c03d3e94beb30d73\"},\"headline\":\"Cavarzano, Belluno. L&#8217;ultima notte di quiete\",\"datePublished\":\"2026-05-24T11:21:59+00:00\",\"dateModified\":\"2026-05-24T18:38:46+00:00\",\"mainEntityOfPage\":{\"@id\":\"https:\\\/\\\/www.bellunopress.it\\\/2026\\\/05\\\/24\\\/cavarzano-belluno-lultima-notte-di-quiete\\\/\"},\"wordCount\":492,\"publisher\":{\"@id\":\"https:\\\/\\\/www.bellunopress.it\\\/#organization\"},\"image\":{\"@id\":\"https:\\\/\\\/www.bellunopress.it\\\/2026\\\/05\\\/24\\\/cavarzano-belluno-lultima-notte-di-quiete\\\/#primaryimage\"},\"thumbnailUrl\":\"https:\\\/\\\/www.bellunopress.it\\\/wp-content\\\/uploads\\\/2026\\\/05\\\/via-Urbano-pagani-cesa-.jpg\",\"articleSection\":[\"Featured\",\"Meteo, natura, ambiente, animali\",\"Prima Pagina\"],\"inLanguage\":\"fr-FR\"},{\"@type\":\"WebPage\",\"@id\":\"https:\\\/\\\/www.bellunopress.it\\\/2026\\\/05\\\/24\\\/cavarzano-belluno-lultima-notte-di-quiete\\\/\",\"url\":\"https:\\\/\\\/www.bellunopress.it\\\/2026\\\/05\\\/24\\\/cavarzano-belluno-lultima-notte-di-quiete\\\/\",\"name\":\"Cavarzano, Belluno. L'ultima notte di quiete - Bellunopress - Dolomiti\",\"isPartOf\":{\"@id\":\"https:\\\/\\\/www.bellunopress.it\\\/#website\"},\"primaryImageOfPage\":{\"@id\":\"https:\\\/\\\/www.bellunopress.it\\\/2026\\\/05\\\/24\\\/cavarzano-belluno-lultima-notte-di-quiete\\\/#primaryimage\"},\"image\":{\"@id\":\"https:\\\/\\\/www.bellunopress.it\\\/2026\\\/05\\\/24\\\/cavarzano-belluno-lultima-notte-di-quiete\\\/#primaryimage\"},\"thumbnailUrl\":\"https:\\\/\\\/www.bellunopress.it\\\/wp-content\\\/uploads\\\/2026\\\/05\\\/via-Urbano-pagani-cesa-.jpg\",\"datePublished\":\"2026-05-24T11:21:59+00:00\",\"dateModified\":\"2026-05-24T18:38:46+00:00\",\"breadcrumb\":{\"@id\":\"https:\\\/\\\/www.bellunopress.it\\\/2026\\\/05\\\/24\\\/cavarzano-belluno-lultima-notte-di-quiete\\\/#breadcrumb\"},\"inLanguage\":\"fr-FR\",\"potentialAction\":[{\"@type\":\"ReadAction\",\"target\":[\"https:\\\/\\\/www.bellunopress.it\\\/2026\\\/05\\\/24\\\/cavarzano-belluno-lultima-notte-di-quiete\\\/\"]}]},{\"@type\":\"ImageObject\",\"inLanguage\":\"fr-FR\",\"@id\":\"https:\\\/\\\/www.bellunopress.it\\\/2026\\\/05\\\/24\\\/cavarzano-belluno-lultima-notte-di-quiete\\\/#primaryimage\",\"url\":\"https:\\\/\\\/www.bellunopress.it\\\/wp-content\\\/uploads\\\/2026\\\/05\\\/via-Urbano-pagani-cesa-.jpg\",\"contentUrl\":\"https:\\\/\\\/www.bellunopress.it\\\/wp-content\\\/uploads\\\/2026\\\/05\\\/via-Urbano-pagani-cesa-.jpg\",\"width\":568,\"height\":376,\"caption\":\"Belluno, via Urbano Pagani Cesa (Cavarzano)\"},{\"@type\":\"BreadcrumbList\",\"@id\":\"https:\\\/\\\/www.bellunopress.it\\\/2026\\\/05\\\/24\\\/cavarzano-belluno-lultima-notte-di-quiete\\\/#breadcrumb\",\"itemListElement\":[{\"@type\":\"ListItem\",\"position\":1,\"name\":\"Home\",\"item\":\"https:\\\/\\\/www.bellunopress.it\\\/\"},{\"@type\":\"ListItem\",\"position\":2,\"name\":\"Cavarzano, Belluno. L&#8217;ultima notte di quiete\"}]},{\"@type\":\"WebSite\",\"@id\":\"https:\\\/\\\/www.bellunopress.it\\\/#website\",\"url\":\"https:\\\/\\\/www.bellunopress.it\\\/\",\"name\":\"Bellunopress - Dolomiti\",\"description\":\"e-mail: redazione@bellunopress.it\",\"publisher\":{\"@id\":\"https:\\\/\\\/www.bellunopress.it\\\/#organization\"},\"potentialAction\":[{\"@type\":\"SearchAction\",\"target\":{\"@type\":\"EntryPoint\",\"urlTemplate\":\"https:\\\/\\\/www.bellunopress.it\\\/?s={search_term_string}\"},\"query-input\":{\"@type\":\"PropertyValueSpecification\",\"valueRequired\":true,\"valueName\":\"search_term_string\"}}],\"inLanguage\":\"fr-FR\"},{\"@type\":\"Organization\",\"@id\":\"https:\\\/\\\/www.bellunopress.it\\\/#organization\",\"name\":\"Bellunopress\",\"url\":\"https:\\\/\\\/www.bellunopress.it\\\/\",\"logo\":{\"@type\":\"ImageObject\",\"inLanguage\":\"fr-FR\",\"@id\":\"https:\\\/\\\/www.bellunopress.it\\\/#\\\/schema\\\/logo\\\/image\\\/\",\"url\":\"https:\\\/\\\/www.bellunopress.it\\\/wp-content\\\/uploads\\\/2011\\\/05\\\/cropped-logo-bellunopress-.jpg\",\"contentUrl\":\"https:\\\/\\\/www.bellunopress.it\\\/wp-content\\\/uploads\\\/2011\\\/05\\\/cropped-logo-bellunopress-.jpg\",\"width\":512,\"height\":512,\"caption\":\"Bellunopress\"},\"image\":{\"@id\":\"https:\\\/\\\/www.bellunopress.it\\\/#\\\/schema\\\/logo\\\/image\\\/\"},\"sameAs\":[\"https:\\\/\\\/www.facebook.com\\\/profile.php?id=100008943462799\",\"https:\\\/\\\/x.com\\\/bellunopress\",\"https:\\\/\\\/www.linkedin.com\\\/hp\\\/?dnr=JBzUWaJfMUw8vbXJJ2tVW5-I3jZKvC4wsoxE&amp;amp;amp;amp;amp;amp;trk=nav_responsive_tab_home\",\"https:\\\/\\\/www.youtube.com\\\/channel\\\/UCxL0wu1uN0_3_7hGG0306cw\"]},{\"@type\":\"Person\",\"@id\":\"https:\\\/\\\/www.bellunopress.it\\\/#\\\/schema\\\/person\\\/79bb06722b37ece1c03d3e94beb30d73\",\"name\":\"redazione\",\"image\":{\"@type\":\"ImageObject\",\"inLanguage\":\"fr-FR\",\"@id\":\"https:\\\/\\\/secure.gravatar.com\\\/avatar\\\/37d968a2e67a6fd04c169c4bdef102d0bc5d31b2546345219e348575eb80e9a0?s=96&d=mm&r=g\",\"url\":\"https:\\\/\\\/secure.gravatar.com\\\/avatar\\\/37d968a2e67a6fd04c169c4bdef102d0bc5d31b2546345219e348575eb80e9a0?s=96&d=mm&r=g\",\"contentUrl\":\"https:\\\/\\\/secure.gravatar.com\\\/avatar\\\/37d968a2e67a6fd04c169c4bdef102d0bc5d31b2546345219e348575eb80e9a0?s=96&d=mm&r=g\",\"caption\":\"redazione\"},\"sameAs\":[\"http:\\\/\\\/www.bellunopress.it\",\"https:\\\/\\\/x.com\\\/bellunopress\"],\"url\":\"https:\\\/\\\/www.bellunopress.it\\\/fr\\\/author\\\/redazione\\\/\"}]}<\/script>\n<!-- \/ Yoast SEO plugin. -->","yoast_head_json":{"title":"Cavarzano, Belluno. L'ultima notte di quiete - Bellunopress - Dolomiti","robots":{"index":"index","follow":"follow","max-snippet":"max-snippet:-1","max-image-preview":"max-image-preview:large","max-video-preview":"max-video-preview:-1"},"canonical":"https:\/\/www.bellunopress.it\/fr\/2026\/05\/24\/cavarzano-belluno-lultima-notte-di-quiete\/","og_locale":"fr_FR","og_type":"article","og_title":"Cavarzano, Belluno. L'ultima notte di quiete - Bellunopress - Dolomiti","og_description":"Belluno, 24 maggio 2026 \u2014 Sotto il cielo terso di fine maggio, via Urbano Pagani Cesa sembra sospesa in un\u2019attesa immobile. La domenica scorre lenta nel quartiere di Cavarzano, tra il sommesso viavai che anima l\u2019ingresso della casa di riposo Gaggia Lante e le ombre lunghe proiettate dalle monumentali chiome dei tigli e degli ippocastani. [&hellip;]","og_url":"https:\/\/www.bellunopress.it\/fr\/2026\/05\/24\/cavarzano-belluno-lultima-notte-di-quiete\/","og_site_name":"Bellunopress - Dolomiti","article_publisher":"https:\/\/www.facebook.com\/profile.php?id=100008943462799","article_published_time":"2026-05-24T11:21:59+00:00","article_modified_time":"2026-05-24T18:38:46+00:00","og_image":[{"width":568,"height":376,"url":"https:\/\/www.bellunopress.it\/wp-content\/uploads\/2026\/05\/via-Urbano-pagani-cesa-.jpg","type":"image\/jpeg"}],"author":"redazione","twitter_card":"summary_large_image","twitter_creator":"@bellunopress","twitter_site":"@bellunopress","twitter_misc":{"Written by":"redazione","Est. reading time":"3 minutes"},"schema":{"@context":"https:\/\/schema.org","@graph":[{"@type":"Article","@id":"https:\/\/www.bellunopress.it\/2026\/05\/24\/cavarzano-belluno-lultima-notte-di-quiete\/#article","isPartOf":{"@id":"https:\/\/www.bellunopress.it\/2026\/05\/24\/cavarzano-belluno-lultima-notte-di-quiete\/"},"author":{"name":"redazione","@id":"https:\/\/www.bellunopress.it\/#\/schema\/person\/79bb06722b37ece1c03d3e94beb30d73"},"headline":"Cavarzano, Belluno. L&#8217;ultima notte di quiete","datePublished":"2026-05-24T11:21:59+00:00","dateModified":"2026-05-24T18:38:46+00:00","mainEntityOfPage":{"@id":"https:\/\/www.bellunopress.it\/2026\/05\/24\/cavarzano-belluno-lultima-notte-di-quiete\/"},"wordCount":492,"publisher":{"@id":"https:\/\/www.bellunopress.it\/#organization"},"image":{"@id":"https:\/\/www.bellunopress.it\/2026\/05\/24\/cavarzano-belluno-lultima-notte-di-quiete\/#primaryimage"},"thumbnailUrl":"https:\/\/www.bellunopress.it\/wp-content\/uploads\/2026\/05\/via-Urbano-pagani-cesa-.jpg","articleSection":["Featured","Meteo, natura, ambiente, animali","Prima Pagina"],"inLanguage":"fr-FR"},{"@type":"WebPage","@id":"https:\/\/www.bellunopress.it\/2026\/05\/24\/cavarzano-belluno-lultima-notte-di-quiete\/","url":"https:\/\/www.bellunopress.it\/2026\/05\/24\/cavarzano-belluno-lultima-notte-di-quiete\/","name":"Cavarzano, Belluno. L'ultima notte di quiete - Bellunopress - Dolomiti","isPartOf":{"@id":"https:\/\/www.bellunopress.it\/#website"},"primaryImageOfPage":{"@id":"https:\/\/www.bellunopress.it\/2026\/05\/24\/cavarzano-belluno-lultima-notte-di-quiete\/#primaryimage"},"image":{"@id":"https:\/\/www.bellunopress.it\/2026\/05\/24\/cavarzano-belluno-lultima-notte-di-quiete\/#primaryimage"},"thumbnailUrl":"https:\/\/www.bellunopress.it\/wp-content\/uploads\/2026\/05\/via-Urbano-pagani-cesa-.jpg","datePublished":"2026-05-24T11:21:59+00:00","dateModified":"2026-05-24T18:38:46+00:00","breadcrumb":{"@id":"https:\/\/www.bellunopress.it\/2026\/05\/24\/cavarzano-belluno-lultima-notte-di-quiete\/#breadcrumb"},"inLanguage":"fr-FR","potentialAction":[{"@type":"ReadAction","target":["https:\/\/www.bellunopress.it\/2026\/05\/24\/cavarzano-belluno-lultima-notte-di-quiete\/"]}]},{"@type":"ImageObject","inLanguage":"fr-FR","@id":"https:\/\/www.bellunopress.it\/2026\/05\/24\/cavarzano-belluno-lultima-notte-di-quiete\/#primaryimage","url":"https:\/\/www.bellunopress.it\/wp-content\/uploads\/2026\/05\/via-Urbano-pagani-cesa-.jpg","contentUrl":"https:\/\/www.bellunopress.it\/wp-content\/uploads\/2026\/05\/via-Urbano-pagani-cesa-.jpg","width":568,"height":376,"caption":"Belluno, via Urbano Pagani Cesa (Cavarzano)"},{"@type":"BreadcrumbList","@id":"https:\/\/www.bellunopress.it\/2026\/05\/24\/cavarzano-belluno-lultima-notte-di-quiete\/#breadcrumb","itemListElement":[{"@type":"ListItem","position":1,"name":"Home","item":"https:\/\/www.bellunopress.it\/"},{"@type":"ListItem","position":2,"name":"Cavarzano, Belluno. L&#8217;ultima notte di quiete"}]},{"@type":"WebSite","@id":"https:\/\/www.bellunopress.it\/#website","url":"https:\/\/www.bellunopress.it\/","name":"Bellunopress - Dolomiti","description":"e-mail: redazione@bellunopress.it","publisher":{"@id":"https:\/\/www.bellunopress.it\/#organization"},"potentialAction":[{"@type":"SearchAction","target":{"@type":"EntryPoint","urlTemplate":"https:\/\/www.bellunopress.it\/?s={search_term_string}"},"query-input":{"@type":"PropertyValueSpecification","valueRequired":true,"valueName":"search_term_string"}}],"inLanguage":"fr-FR"},{"@type":"Organization","@id":"https:\/\/www.bellunopress.it\/#organization","name":"Bellunopress","url":"https:\/\/www.bellunopress.it\/","logo":{"@type":"ImageObject","inLanguage":"fr-FR","@id":"https:\/\/www.bellunopress.it\/#\/schema\/logo\/image\/","url":"https:\/\/www.bellunopress.it\/wp-content\/uploads\/2011\/05\/cropped-logo-bellunopress-.jpg","contentUrl":"https:\/\/www.bellunopress.it\/wp-content\/uploads\/2011\/05\/cropped-logo-bellunopress-.jpg","width":512,"height":512,"caption":"Bellunopress"},"image":{"@id":"https:\/\/www.bellunopress.it\/#\/schema\/logo\/image\/"},"sameAs":["https:\/\/www.facebook.com\/profile.php?id=100008943462799","https:\/\/x.com\/bellunopress","https:\/\/www.linkedin.com\/hp\/?dnr=JBzUWaJfMUw8vbXJJ2tVW5-I3jZKvC4wsoxE&amp;amp;amp;amp;amp;amp;trk=nav_responsive_tab_home","https:\/\/www.youtube.com\/channel\/UCxL0wu1uN0_3_7hGG0306cw"]},{"@type":"Person","@id":"https:\/\/www.bellunopress.it\/#\/schema\/person\/79bb06722b37ece1c03d3e94beb30d73","name":"r\u00e9daction","image":{"@type":"ImageObject","inLanguage":"fr-FR","@id":"https:\/\/secure.gravatar.com\/avatar\/37d968a2e67a6fd04c169c4bdef102d0bc5d31b2546345219e348575eb80e9a0?s=96&d=mm&r=g","url":"https:\/\/secure.gravatar.com\/avatar\/37d968a2e67a6fd04c169c4bdef102d0bc5d31b2546345219e348575eb80e9a0?s=96&d=mm&r=g","contentUrl":"https:\/\/secure.gravatar.com\/avatar\/37d968a2e67a6fd04c169c4bdef102d0bc5d31b2546345219e348575eb80e9a0?s=96&d=mm&r=g","caption":"redazione"},"sameAs":["http:\/\/www.bellunopress.it","https:\/\/x.com\/bellunopress"],"url":"https:\/\/www.bellunopress.it\/fr\/author\/redazione\/"}]}},"_links":{"self":[{"href":"https:\/\/www.bellunopress.it\/fr\/wp-json\/wp\/v2\/posts\/170406","targetHints":{"allow":["GET"]}}],"collection":[{"href":"https:\/\/www.bellunopress.it\/fr\/wp-json\/wp\/v2\/posts"}],"about":[{"href":"https:\/\/www.bellunopress.it\/fr\/wp-json\/wp\/v2\/types\/post"}],"author":[{"embeddable":true,"href":"https:\/\/www.bellunopress.it\/fr\/wp-json\/wp\/v2\/users\/2"}],"replies":[{"embeddable":true,"href":"https:\/\/www.bellunopress.it\/fr\/wp-json\/wp\/v2\/comments?post=170406"}],"version-history":[{"count":1,"href":"https:\/\/www.bellunopress.it\/fr\/wp-json\/wp\/v2\/posts\/170406\/revisions"}],"predecessor-version":[{"id":170409,"href":"https:\/\/www.bellunopress.it\/fr\/wp-json\/wp\/v2\/posts\/170406\/revisions\/170409"}],"wp:featuredmedia":[{"embeddable":true,"href":"https:\/\/www.bellunopress.it\/fr\/wp-json\/wp\/v2\/media\/170408"}],"wp:attachment":[{"href":"https:\/\/www.bellunopress.it\/fr\/wp-json\/wp\/v2\/media?parent=170406"}],"wp:term":[{"taxonomy":"category","embeddable":true,"href":"https:\/\/www.bellunopress.it\/fr\/wp-json\/wp\/v2\/categories?post=170406"},{"taxonomy":"post_tag","embeddable":true,"href":"https:\/\/www.bellunopress.it\/fr\/wp-json\/wp\/v2\/tags?post=170406"}],"curies":[{"name":"wp","href":"https:\/\/api.w.org\/{rel}","templated":true}]}}