{"id":170403,"date":"2026-05-24T09:10:33","date_gmt":"2026-05-24T07:10:33","guid":{"rendered":"https:\/\/www.bellunopress.it\/?p=170403"},"modified":"2026-05-24T09:10:33","modified_gmt":"2026-05-24T07:10:33","slug":"musica-e-solidarieta-a-belluno-i-fuori-croma-group-in-concerto-sabato-30-maggio-per-la-giornata-mondiale-senza-tabacco","status":"publish","type":"post","link":"https:\/\/www.bellunopress.it\/fr\/2026\/05\/24\/musica-e-solidarieta-a-belluno-i-fuori-croma-group-in-concerto-sabato-30-maggio-per-la-giornata-mondiale-senza-tabacco\/","title":{"rendered":"Musica e solidariet\u00e0 a Belluno: i Fuori Croma Group in concerto sabato 30 maggio per la Giornata Mondiale Senza Tabacco"},"content":{"rendered":"<p data-path-to-node=\"7\"><strong>Unire la forza comunicativa della musica alla sensibilizzazione su temi cruciali per la salute pubblica: con questo importante obiettivo il Fuori Croma Group salir\u00e0 sul palco del Teatro Giovanni XXIII di Belluno la serata di sabato 30 maggio alle ore 20:30.<\/strong><\/p>\n<p data-path-to-node=\"8\">L&#8217;evento, ad ingresso libero e gratuito, nasce in occasione della Giornata Mondiale Senza Tabacco, un appuntamento globale volto a riflettere sui rischi legati al fumo e sull&#8217;importanza di promuovere stili di vita sani e consapevoli.<\/p>\n<h4 data-path-to-node=\"9\"><b data-path-to-node=\"9\" data-index-in-node=\"0\">Un concerto per la vita e la solidariet\u00e0<\/b><\/h4>\n<p data-path-to-node=\"10\">La serata non sar\u00e0 soltanto un&#8217;occasione per ascoltare dell&#8217;ottima musica dal vivo, ma rappresenter\u00e0 un fondamentale momento di solidariet\u00e0 collettiva. Nel corso dell&#8217;evento, infatti, le eventuali offerte raccolte saranno interamente devolute alla LILT (Lega Italiana per la Lotta contro i Tumori) &#8211; Sezione Provinciale di Belluno. Il contributo del pubblico sosterr\u00e0 direttamente le attivit\u00e0 locali di prevenzione, assistenza e informazione che l&#8217;associazione porta avanti quotidianamente sul territorio.<\/p>\n<figure id=\"attachment_166009\" aria-describedby=\"caption-attachment-166009\" style=\"width: 450px\" class=\"wp-caption aligncenter\"><img loading=\"lazy\" decoding=\"async\" class=\"size-full wp-image-166009\" src=\"https:\/\/www.bellunopress.it\/wp-content\/uploads\/2025\/12\/GiusY-Trifero.jpeg\" alt=\"\" width=\"450\" height=\"600\" srcset=\"https:\/\/www.bellunopress.it\/wp-content\/uploads\/2025\/12\/GiusY-Trifero.jpeg 450w, https:\/\/www.bellunopress.it\/wp-content\/uploads\/2025\/12\/GiusY-Trifero-375x500.jpeg 375w, https:\/\/www.bellunopress.it\/wp-content\/uploads\/2025\/12\/GiusY-Trifero-315x420.jpeg 315w\" sizes=\"auto, (max-width: 450px) 100vw, 450px\" \/><figcaption id=\"caption-attachment-166009\" class=\"wp-caption-text\">Giusy Trifer\u00f2<\/figcaption><\/figure>\n<h4 data-path-to-node=\"11\"><b data-path-to-node=\"11\" data-index-in-node=\"0\">La formazione del Gruppo Fuori Croma Group<\/b><\/h4>\n<p data-path-to-node=\"12\">Per questo speciale appuntamento, il gruppo si presenter\u00e0 al pubblico bellunese con una formazione di grande talento, capace di spaziare tra sonorit\u00e0 ricche, coinvolgenti e di forte impatto emotivo. Sul palco saliranno:<\/p>\n<ul data-path-to-node=\"13\">\n<li>\n<p data-path-to-node=\"13,0,0\">Giusy Trifer\u00f2 \u2013 Voce solista<\/p>\n<\/li>\n<li>\n<p data-path-to-node=\"13,1,0\">Mara Comel \u2013 Seconda voce<\/p>\n<\/li>\n<li>\n<p data-path-to-node=\"13,2,0\">Bruno Ballon \u2013 Chitarra<\/p>\n<\/li>\n<li>\n<p data-path-to-node=\"13,3,0\">Silvia Mazzorana \u2013 Basso<\/p>\n<\/li>\n<li>\n<p data-path-to-node=\"13,4,0\">Roberto Scrivani \u2013 Sax<\/p>\n<\/li>\n<li>\n<p data-path-to-node=\"13,5,0\">Massimiliano Palma \u2013 Batteria<\/p>\n<\/li>\n<\/ul>\n<p data-path-to-node=\"14\">L&#8217;unione delle due voci, supportata da una sezione ritmica solida e impreziosita dalle melodie del sax e della chitarra, promette di regalare una scaletta dinamica, perfetta per una serata di festa, riflessione e condivisione.<\/p>\n<h4 data-path-to-node=\"15\"><b data-path-to-node=\"15\" data-index-in-node=\"0\">Dettagli dell&#8217;evento:<\/b><\/h4>\n<ul data-path-to-node=\"16\">\n<li>\n<p data-path-to-node=\"16,0,0\">\u00a0Concerto del Fuori Croma Group (Giornata Mondiale Senza Tabacco)<\/p>\n<\/li>\n<li>\n<p data-path-to-node=\"16,1,0\">Sabato 30 maggio, ore 20:30<\/p>\n<\/li>\n<li>\n<p data-path-to-node=\"16,2,0\">Teatro Giovanni XXIII, Piazza Piloni \u2013 Belluno<\/p>\n<\/li>\n<li>\n<p data-path-to-node=\"16,3,0\">Libero e gratuito (offerte devolute alla LILT Belluno)<\/p>\n<\/li>\n<\/ul>\n<p data-path-to-node=\"17\">La cittadinanza \u00e8 invitata a partecipare numerosa per sostenere le attivit\u00e0 della LILT e godersi una splendida serata di musica dal vivo.<\/p>","protected":false},"excerpt":{"rendered":"<p>Unire la forza comunicativa della musica alla sensibilizzazione su temi cruciali per la salute pubblica: con questo importante obiettivo il Fuori Croma Group salir\u00e0 sul palco del Teatro Giovanni XXIII di Belluno la serata di sabato 30 maggio alle ore 20:30. L&#8217;evento, ad ingresso libero e gratuito, nasce in occasione della Giornata Mondiale Senza Tabacco, [&hellip;]<\/p>\n","protected":false},"author":2,"featured_media":170404,"comment_status":"closed","ping_status":"open","sticky":false,"template":"","format":"standard","meta":{"footnotes":""},"categories":[27,3,25],"tags":[],"class_list":["post-170403","post","type-post","status-publish","format-standard","has-post-thumbnail","category-appuntamenti","category-arte-cultura-spettacoli-scienza-archivi","category-pausa-caffe"],"yoast_head":"<!-- This site is optimized with the Yoast SEO plugin v28.4 - https:\/\/yoast.com\/product\/yoast-seo-wordpress\/ -->\n<title>Musica e solidariet\u00e0 a Belluno: i Fuori Croma Group in concerto sabato 30 maggio per la Giornata Mondiale Senza Tabacco - Bellunopress - Dolomiti<\/title>\n<meta name=\"robots\" content=\"index, follow, max-snippet:-1, max-image-preview:large, max-video-preview:-1\" \/>\n<link rel=\"canonical\" href=\"https:\/\/www.bellunopress.it\/fr\/2026\/05\/24\/musica-e-solidarieta-a-belluno-i-fuori-croma-group-in-concerto-sabato-30-maggio-per-la-giornata-mondiale-senza-tabacco\/\" \/>\n<meta property=\"og:locale\" content=\"fr_FR\" \/>\n<meta property=\"og:type\" content=\"article\" \/>\n<meta property=\"og:title\" content=\"Musica e solidariet\u00e0 a Belluno: i Fuori Croma Group in concerto sabato 30 maggio per la Giornata Mondiale Senza Tabacco - Bellunopress - Dolomiti\" \/>\n<meta property=\"og:description\" content=\"Unire la forza comunicativa della musica alla sensibilizzazione su temi cruciali per la salute pubblica: con questo importante obiettivo il Fuori Croma Group salir\u00e0 sul palco del Teatro Giovanni XXIII di Belluno la serata di sabato 30 maggio alle ore 20:30. L&#8217;evento, ad ingresso libero e gratuito, nasce in occasione della Giornata Mondiale Senza Tabacco, [&hellip;]\" \/>\n<meta property=\"og:url\" content=\"https:\/\/www.bellunopress.it\/fr\/2026\/05\/24\/musica-e-solidarieta-a-belluno-i-fuori-croma-group-in-concerto-sabato-30-maggio-per-la-giornata-mondiale-senza-tabacco\/\" \/>\n<meta property=\"og:site_name\" content=\"Bellunopress - Dolomiti\" \/>\n<meta property=\"article:publisher\" content=\"https:\/\/www.facebook.com\/profile.php?id=100008943462799\" \/>\n<meta property=\"article:published_time\" content=\"2026-05-24T07:10:33+00:00\" \/>\n<meta property=\"og:image\" content=\"https:\/\/www.bellunopress.it\/wp-content\/uploads\/2026\/05\/Fuori-Croma-sabato-30-maggio.jpg\" \/>\n\t<meta property=\"og:image:width\" content=\"386\" \/>\n\t<meta property=\"og:image:height\" content=\"566\" \/>\n\t<meta property=\"og:image:type\" content=\"image\/jpeg\" \/>\n<meta name=\"author\" content=\"redazione\" \/>\n<meta name=\"twitter:card\" content=\"summary_large_image\" \/>\n<meta name=\"twitter:creator\" content=\"@bellunopress\" \/>\n<meta name=\"twitter:site\" content=\"@bellunopress\" \/>\n<meta name=\"twitter:label1\" content=\"Written by\" \/>\n\t<meta name=\"twitter:data1\" content=\"redazione\" \/>\n\t<meta name=\"twitter:label2\" content=\"Est. reading time\" \/>\n\t<meta name=\"twitter:data2\" content=\"3 minutes\" \/>\n<script type=\"application\/ld+json\" class=\"yoast-schema-graph\">{\"@context\":\"https:\\\/\\\/schema.org\",\"@graph\":[{\"@type\":\"Article\",\"@id\":\"https:\\\/\\\/www.bellunopress.it\\\/2026\\\/05\\\/24\\\/musica-e-solidarieta-a-belluno-i-fuori-croma-group-in-concerto-sabato-30-maggio-per-la-giornata-mondiale-senza-tabacco\\\/#article\",\"isPartOf\":{\"@id\":\"https:\\\/\\\/www.bellunopress.it\\\/2026\\\/05\\\/24\\\/musica-e-solidarieta-a-belluno-i-fuori-croma-group-in-concerto-sabato-30-maggio-per-la-giornata-mondiale-senza-tabacco\\\/\"},\"author\":{\"name\":\"redazione\",\"@id\":\"https:\\\/\\\/www.bellunopress.it\\\/#\\\/schema\\\/person\\\/79bb06722b37ece1c03d3e94beb30d73\"},\"headline\":\"Musica e solidariet\u00e0 a Belluno: i Fuori Croma Group in concerto sabato 30 maggio per la Giornata Mondiale Senza Tabacco\",\"datePublished\":\"2026-05-24T07:10:33+00:00\",\"mainEntityOfPage\":{\"@id\":\"https:\\\/\\\/www.bellunopress.it\\\/2026\\\/05\\\/24\\\/musica-e-solidarieta-a-belluno-i-fuori-croma-group-in-concerto-sabato-30-maggio-per-la-giornata-mondiale-senza-tabacco\\\/\"},\"wordCount\":327,\"publisher\":{\"@id\":\"https:\\\/\\\/www.bellunopress.it\\\/#organization\"},\"image\":{\"@id\":\"https:\\\/\\\/www.bellunopress.it\\\/2026\\\/05\\\/24\\\/musica-e-solidarieta-a-belluno-i-fuori-croma-group-in-concerto-sabato-30-maggio-per-la-giornata-mondiale-senza-tabacco\\\/#primaryimage\"},\"thumbnailUrl\":\"https:\\\/\\\/www.bellunopress.it\\\/wp-content\\\/uploads\\\/2026\\\/05\\\/Fuori-Croma-sabato-30-maggio.jpg\",\"articleSection\":[\"Appuntamenti, Eventi\",\"Arte, Cultura, Spettacoli, Scienza\",\"Pausa Caff\u00e8\"],\"inLanguage\":\"fr-FR\"},{\"@type\":\"WebPage\",\"@id\":\"https:\\\/\\\/www.bellunopress.it\\\/2026\\\/05\\\/24\\\/musica-e-solidarieta-a-belluno-i-fuori-croma-group-in-concerto-sabato-30-maggio-per-la-giornata-mondiale-senza-tabacco\\\/\",\"url\":\"https:\\\/\\\/www.bellunopress.it\\\/2026\\\/05\\\/24\\\/musica-e-solidarieta-a-belluno-i-fuori-croma-group-in-concerto-sabato-30-maggio-per-la-giornata-mondiale-senza-tabacco\\\/\",\"name\":\"Musica e solidariet\u00e0 a Belluno: i Fuori Croma Group in concerto sabato 30 maggio per la Giornata Mondiale Senza Tabacco - Bellunopress - Dolomiti\",\"isPartOf\":{\"@id\":\"https:\\\/\\\/www.bellunopress.it\\\/#website\"},\"primaryImageOfPage\":{\"@id\":\"https:\\\/\\\/www.bellunopress.it\\\/2026\\\/05\\\/24\\\/musica-e-solidarieta-a-belluno-i-fuori-croma-group-in-concerto-sabato-30-maggio-per-la-giornata-mondiale-senza-tabacco\\\/#primaryimage\"},\"image\":{\"@id\":\"https:\\\/\\\/www.bellunopress.it\\\/2026\\\/05\\\/24\\\/musica-e-solidarieta-a-belluno-i-fuori-croma-group-in-concerto-sabato-30-maggio-per-la-giornata-mondiale-senza-tabacco\\\/#primaryimage\"},\"thumbnailUrl\":\"https:\\\/\\\/www.bellunopress.it\\\/wp-content\\\/uploads\\\/2026\\\/05\\\/Fuori-Croma-sabato-30-maggio.jpg\",\"datePublished\":\"2026-05-24T07:10:33+00:00\",\"breadcrumb\":{\"@id\":\"https:\\\/\\\/www.bellunopress.it\\\/2026\\\/05\\\/24\\\/musica-e-solidarieta-a-belluno-i-fuori-croma-group-in-concerto-sabato-30-maggio-per-la-giornata-mondiale-senza-tabacco\\\/#breadcrumb\"},\"inLanguage\":\"fr-FR\",\"potentialAction\":[{\"@type\":\"ReadAction\",\"target\":[\"https:\\\/\\\/www.bellunopress.it\\\/2026\\\/05\\\/24\\\/musica-e-solidarieta-a-belluno-i-fuori-croma-group-in-concerto-sabato-30-maggio-per-la-giornata-mondiale-senza-tabacco\\\/\"]}]},{\"@type\":\"ImageObject\",\"inLanguage\":\"fr-FR\",\"@id\":\"https:\\\/\\\/www.bellunopress.it\\\/2026\\\/05\\\/24\\\/musica-e-solidarieta-a-belluno-i-fuori-croma-group-in-concerto-sabato-30-maggio-per-la-giornata-mondiale-senza-tabacco\\\/#primaryimage\",\"url\":\"https:\\\/\\\/www.bellunopress.it\\\/wp-content\\\/uploads\\\/2026\\\/05\\\/Fuori-Croma-sabato-30-maggio.jpg\",\"contentUrl\":\"https:\\\/\\\/www.bellunopress.it\\\/wp-content\\\/uploads\\\/2026\\\/05\\\/Fuori-Croma-sabato-30-maggio.jpg\",\"width\":386,\"height\":566},{\"@type\":\"BreadcrumbList\",\"@id\":\"https:\\\/\\\/www.bellunopress.it\\\/2026\\\/05\\\/24\\\/musica-e-solidarieta-a-belluno-i-fuori-croma-group-in-concerto-sabato-30-maggio-per-la-giornata-mondiale-senza-tabacco\\\/#breadcrumb\",\"itemListElement\":[{\"@type\":\"ListItem\",\"position\":1,\"name\":\"Home\",\"item\":\"https:\\\/\\\/www.bellunopress.it\\\/\"},{\"@type\":\"ListItem\",\"position\":2,\"name\":\"Musica e solidariet\u00e0 a Belluno: i Fuori Croma Group in concerto sabato 30 maggio per la Giornata Mondiale Senza Tabacco\"}]},{\"@type\":\"WebSite\",\"@id\":\"https:\\\/\\\/www.bellunopress.it\\\/#website\",\"url\":\"https:\\\/\\\/www.bellunopress.it\\\/\",\"name\":\"Bellunopress - Dolomiti\",\"description\":\"e-mail: redazione@bellunopress.it\",\"publisher\":{\"@id\":\"https:\\\/\\\/www.bellunopress.it\\\/#organization\"},\"potentialAction\":[{\"@type\":\"SearchAction\",\"target\":{\"@type\":\"EntryPoint\",\"urlTemplate\":\"https:\\\/\\\/www.bellunopress.it\\\/?s={search_term_string}\"},\"query-input\":{\"@type\":\"PropertyValueSpecification\",\"valueRequired\":true,\"valueName\":\"search_term_string\"}}],\"inLanguage\":\"fr-FR\"},{\"@type\":\"Organization\",\"@id\":\"https:\\\/\\\/www.bellunopress.it\\\/#organization\",\"name\":\"Bellunopress\",\"url\":\"https:\\\/\\\/www.bellunopress.it\\\/\",\"logo\":{\"@type\":\"ImageObject\",\"inLanguage\":\"fr-FR\",\"@id\":\"https:\\\/\\\/www.bellunopress.it\\\/#\\\/schema\\\/logo\\\/image\\\/\",\"url\":\"https:\\\/\\\/www.bellunopress.it\\\/wp-content\\\/uploads\\\/2011\\\/05\\\/cropped-logo-bellunopress-.jpg\",\"contentUrl\":\"https:\\\/\\\/www.bellunopress.it\\\/wp-content\\\/uploads\\\/2011\\\/05\\\/cropped-logo-bellunopress-.jpg\",\"width\":512,\"height\":512,\"caption\":\"Bellunopress\"},\"image\":{\"@id\":\"https:\\\/\\\/www.bellunopress.it\\\/#\\\/schema\\\/logo\\\/image\\\/\"},\"sameAs\":[\"https:\\\/\\\/www.facebook.com\\\/profile.php?id=100008943462799\",\"https:\\\/\\\/x.com\\\/bellunopress\",\"https:\\\/\\\/www.linkedin.com\\\/hp\\\/?dnr=JBzUWaJfMUw8vbXJJ2tVW5-I3jZKvC4wsoxE&amp;amp;amp;amp;amp;amp;trk=nav_responsive_tab_home\",\"https:\\\/\\\/www.youtube.com\\\/channel\\\/UCxL0wu1uN0_3_7hGG0306cw\"]},{\"@type\":\"Person\",\"@id\":\"https:\\\/\\\/www.bellunopress.it\\\/#\\\/schema\\\/person\\\/79bb06722b37ece1c03d3e94beb30d73\",\"name\":\"redazione\",\"image\":{\"@type\":\"ImageObject\",\"inLanguage\":\"fr-FR\",\"@id\":\"https:\\\/\\\/secure.gravatar.com\\\/avatar\\\/37d968a2e67a6fd04c169c4bdef102d0bc5d31b2546345219e348575eb80e9a0?s=96&d=mm&r=g\",\"url\":\"https:\\\/\\\/secure.gravatar.com\\\/avatar\\\/37d968a2e67a6fd04c169c4bdef102d0bc5d31b2546345219e348575eb80e9a0?s=96&d=mm&r=g\",\"contentUrl\":\"https:\\\/\\\/secure.gravatar.com\\\/avatar\\\/37d968a2e67a6fd04c169c4bdef102d0bc5d31b2546345219e348575eb80e9a0?s=96&d=mm&r=g\",\"caption\":\"redazione\"},\"sameAs\":[\"http:\\\/\\\/www.bellunopress.it\",\"https:\\\/\\\/x.com\\\/bellunopress\"],\"url\":\"https:\\\/\\\/www.bellunopress.it\\\/fr\\\/author\\\/redazione\\\/\"}]}<\/script>\n<!-- \/ Yoast SEO plugin. -->","yoast_head_json":{"title":"Musica e solidariet\u00e0 a Belluno: i Fuori Croma Group in concerto sabato 30 maggio per la Giornata Mondiale Senza Tabacco - Bellunopress - Dolomiti","robots":{"index":"index","follow":"follow","max-snippet":"max-snippet:-1","max-image-preview":"max-image-preview:large","max-video-preview":"max-video-preview:-1"},"canonical":"https:\/\/www.bellunopress.it\/fr\/2026\/05\/24\/musica-e-solidarieta-a-belluno-i-fuori-croma-group-in-concerto-sabato-30-maggio-per-la-giornata-mondiale-senza-tabacco\/","og_locale":"fr_FR","og_type":"article","og_title":"Musica e solidariet\u00e0 a Belluno: i Fuori Croma Group in concerto sabato 30 maggio per la Giornata Mondiale Senza Tabacco - Bellunopress - Dolomiti","og_description":"Unire la forza comunicativa della musica alla sensibilizzazione su temi cruciali per la salute pubblica: con questo importante obiettivo il Fuori Croma Group salir\u00e0 sul palco del Teatro Giovanni XXIII di Belluno la serata di sabato 30 maggio alle ore 20:30. L&#8217;evento, ad ingresso libero e gratuito, nasce in occasione della Giornata Mondiale Senza Tabacco, [&hellip;]","og_url":"https:\/\/www.bellunopress.it\/fr\/2026\/05\/24\/musica-e-solidarieta-a-belluno-i-fuori-croma-group-in-concerto-sabato-30-maggio-per-la-giornata-mondiale-senza-tabacco\/","og_site_name":"Bellunopress - Dolomiti","article_publisher":"https:\/\/www.facebook.com\/profile.php?id=100008943462799","article_published_time":"2026-05-24T07:10:33+00:00","og_image":[{"width":386,"height":566,"url":"https:\/\/www.bellunopress.it\/wp-content\/uploads\/2026\/05\/Fuori-Croma-sabato-30-maggio.jpg","type":"image\/jpeg"}],"author":"redazione","twitter_card":"summary_large_image","twitter_creator":"@bellunopress","twitter_site":"@bellunopress","twitter_misc":{"Written by":"redazione","Est. reading time":"3 minutes"},"schema":{"@context":"https:\/\/schema.org","@graph":[{"@type":"Article","@id":"https:\/\/www.bellunopress.it\/2026\/05\/24\/musica-e-solidarieta-a-belluno-i-fuori-croma-group-in-concerto-sabato-30-maggio-per-la-giornata-mondiale-senza-tabacco\/#article","isPartOf":{"@id":"https:\/\/www.bellunopress.it\/2026\/05\/24\/musica-e-solidarieta-a-belluno-i-fuori-croma-group-in-concerto-sabato-30-maggio-per-la-giornata-mondiale-senza-tabacco\/"},"author":{"name":"redazione","@id":"https:\/\/www.bellunopress.it\/#\/schema\/person\/79bb06722b37ece1c03d3e94beb30d73"},"headline":"Musica e solidariet\u00e0 a Belluno: i Fuori Croma Group in concerto sabato 30 maggio per la Giornata Mondiale Senza Tabacco","datePublished":"2026-05-24T07:10:33+00:00","mainEntityOfPage":{"@id":"https:\/\/www.bellunopress.it\/2026\/05\/24\/musica-e-solidarieta-a-belluno-i-fuori-croma-group-in-concerto-sabato-30-maggio-per-la-giornata-mondiale-senza-tabacco\/"},"wordCount":327,"publisher":{"@id":"https:\/\/www.bellunopress.it\/#organization"},"image":{"@id":"https:\/\/www.bellunopress.it\/2026\/05\/24\/musica-e-solidarieta-a-belluno-i-fuori-croma-group-in-concerto-sabato-30-maggio-per-la-giornata-mondiale-senza-tabacco\/#primaryimage"},"thumbnailUrl":"https:\/\/www.bellunopress.it\/wp-content\/uploads\/2026\/05\/Fuori-Croma-sabato-30-maggio.jpg","articleSection":["Appuntamenti, Eventi","Arte, Cultura, Spettacoli, Scienza","Pausa Caff\u00e8"],"inLanguage":"fr-FR"},{"@type":"WebPage","@id":"https:\/\/www.bellunopress.it\/2026\/05\/24\/musica-e-solidarieta-a-belluno-i-fuori-croma-group-in-concerto-sabato-30-maggio-per-la-giornata-mondiale-senza-tabacco\/","url":"https:\/\/www.bellunopress.it\/2026\/05\/24\/musica-e-solidarieta-a-belluno-i-fuori-croma-group-in-concerto-sabato-30-maggio-per-la-giornata-mondiale-senza-tabacco\/","name":"Musica e solidariet\u00e0 a Belluno: i Fuori Croma Group in concerto sabato 30 maggio per la Giornata Mondiale Senza Tabacco - Bellunopress - Dolomiti","isPartOf":{"@id":"https:\/\/www.bellunopress.it\/#website"},"primaryImageOfPage":{"@id":"https:\/\/www.bellunopress.it\/2026\/05\/24\/musica-e-solidarieta-a-belluno-i-fuori-croma-group-in-concerto-sabato-30-maggio-per-la-giornata-mondiale-senza-tabacco\/#primaryimage"},"image":{"@id":"https:\/\/www.bellunopress.it\/2026\/05\/24\/musica-e-solidarieta-a-belluno-i-fuori-croma-group-in-concerto-sabato-30-maggio-per-la-giornata-mondiale-senza-tabacco\/#primaryimage"},"thumbnailUrl":"https:\/\/www.bellunopress.it\/wp-content\/uploads\/2026\/05\/Fuori-Croma-sabato-30-maggio.jpg","datePublished":"2026-05-24T07:10:33+00:00","breadcrumb":{"@id":"https:\/\/www.bellunopress.it\/2026\/05\/24\/musica-e-solidarieta-a-belluno-i-fuori-croma-group-in-concerto-sabato-30-maggio-per-la-giornata-mondiale-senza-tabacco\/#breadcrumb"},"inLanguage":"fr-FR","potentialAction":[{"@type":"ReadAction","target":["https:\/\/www.bellunopress.it\/2026\/05\/24\/musica-e-solidarieta-a-belluno-i-fuori-croma-group-in-concerto-sabato-30-maggio-per-la-giornata-mondiale-senza-tabacco\/"]}]},{"@type":"ImageObject","inLanguage":"fr-FR","@id":"https:\/\/www.bellunopress.it\/2026\/05\/24\/musica-e-solidarieta-a-belluno-i-fuori-croma-group-in-concerto-sabato-30-maggio-per-la-giornata-mondiale-senza-tabacco\/#primaryimage","url":"https:\/\/www.bellunopress.it\/wp-content\/uploads\/2026\/05\/Fuori-Croma-sabato-30-maggio.jpg","contentUrl":"https:\/\/www.bellunopress.it\/wp-content\/uploads\/2026\/05\/Fuori-Croma-sabato-30-maggio.jpg","width":386,"height":566},{"@type":"BreadcrumbList","@id":"https:\/\/www.bellunopress.it\/2026\/05\/24\/musica-e-solidarieta-a-belluno-i-fuori-croma-group-in-concerto-sabato-30-maggio-per-la-giornata-mondiale-senza-tabacco\/#breadcrumb","itemListElement":[{"@type":"ListItem","position":1,"name":"Home","item":"https:\/\/www.bellunopress.it\/"},{"@type":"ListItem","position":2,"name":"Musica e solidariet\u00e0 a Belluno: i Fuori Croma Group in concerto sabato 30 maggio per la Giornata Mondiale Senza Tabacco"}]},{"@type":"WebSite","@id":"https:\/\/www.bellunopress.it\/#website","url":"https:\/\/www.bellunopress.it\/","name":"Bellunopress - Dolomiti","description":"e-mail: redazione@bellunopress.it","publisher":{"@id":"https:\/\/www.bellunopress.it\/#organization"},"potentialAction":[{"@type":"SearchAction","target":{"@type":"EntryPoint","urlTemplate":"https:\/\/www.bellunopress.it\/?s={search_term_string}"},"query-input":{"@type":"PropertyValueSpecification","valueRequired":true,"valueName":"search_term_string"}}],"inLanguage":"fr-FR"},{"@type":"Organization","@id":"https:\/\/www.bellunopress.it\/#organization","name":"Bellunopress","url":"https:\/\/www.bellunopress.it\/","logo":{"@type":"ImageObject","inLanguage":"fr-FR","@id":"https:\/\/www.bellunopress.it\/#\/schema\/logo\/image\/","url":"https:\/\/www.bellunopress.it\/wp-content\/uploads\/2011\/05\/cropped-logo-bellunopress-.jpg","contentUrl":"https:\/\/www.bellunopress.it\/wp-content\/uploads\/2011\/05\/cropped-logo-bellunopress-.jpg","width":512,"height":512,"caption":"Bellunopress"},"image":{"@id":"https:\/\/www.bellunopress.it\/#\/schema\/logo\/image\/"},"sameAs":["https:\/\/www.facebook.com\/profile.php?id=100008943462799","https:\/\/x.com\/bellunopress","https:\/\/www.linkedin.com\/hp\/?dnr=JBzUWaJfMUw8vbXJJ2tVW5-I3jZKvC4wsoxE&amp;amp;amp;amp;amp;amp;trk=nav_responsive_tab_home","https:\/\/www.youtube.com\/channel\/UCxL0wu1uN0_3_7hGG0306cw"]},{"@type":"Person","@id":"https:\/\/www.bellunopress.it\/#\/schema\/person\/79bb06722b37ece1c03d3e94beb30d73","name":"r\u00e9daction","image":{"@type":"ImageObject","inLanguage":"fr-FR","@id":"https:\/\/secure.gravatar.com\/avatar\/37d968a2e67a6fd04c169c4bdef102d0bc5d31b2546345219e348575eb80e9a0?s=96&d=mm&r=g","url":"https:\/\/secure.gravatar.com\/avatar\/37d968a2e67a6fd04c169c4bdef102d0bc5d31b2546345219e348575eb80e9a0?s=96&d=mm&r=g","contentUrl":"https:\/\/secure.gravatar.com\/avatar\/37d968a2e67a6fd04c169c4bdef102d0bc5d31b2546345219e348575eb80e9a0?s=96&d=mm&r=g","caption":"redazione"},"sameAs":["http:\/\/www.bellunopress.it","https:\/\/x.com\/bellunopress"],"url":"https:\/\/www.bellunopress.it\/fr\/author\/redazione\/"}]}},"_links":{"self":[{"href":"https:\/\/www.bellunopress.it\/fr\/wp-json\/wp\/v2\/posts\/170403","targetHints":{"allow":["GET"]}}],"collection":[{"href":"https:\/\/www.bellunopress.it\/fr\/wp-json\/wp\/v2\/posts"}],"about":[{"href":"https:\/\/www.bellunopress.it\/fr\/wp-json\/wp\/v2\/types\/post"}],"author":[{"embeddable":true,"href":"https:\/\/www.bellunopress.it\/fr\/wp-json\/wp\/v2\/users\/2"}],"replies":[{"embeddable":true,"href":"https:\/\/www.bellunopress.it\/fr\/wp-json\/wp\/v2\/comments?post=170403"}],"version-history":[{"count":1,"href":"https:\/\/www.bellunopress.it\/fr\/wp-json\/wp\/v2\/posts\/170403\/revisions"}],"predecessor-version":[{"id":170405,"href":"https:\/\/www.bellunopress.it\/fr\/wp-json\/wp\/v2\/posts\/170403\/revisions\/170405"}],"wp:featuredmedia":[{"embeddable":true,"href":"https:\/\/www.bellunopress.it\/fr\/wp-json\/wp\/v2\/media\/170404"}],"wp:attachment":[{"href":"https:\/\/www.bellunopress.it\/fr\/wp-json\/wp\/v2\/media?parent=170403"}],"wp:term":[{"taxonomy":"category","embeddable":true,"href":"https:\/\/www.bellunopress.it\/fr\/wp-json\/wp\/v2\/categories?post=170403"},{"taxonomy":"post_tag","embeddable":true,"href":"https:\/\/www.bellunopress.it\/fr\/wp-json\/wp\/v2\/tags?post=170403"}],"curies":[{"name":"wp","href":"https:\/\/api.w.org\/{rel}","templated":true}]}}