{"id":170395,"date":"2026-05-24T08:22:22","date_gmt":"2026-05-24T06:22:22","guid":{"rendered":"https:\/\/www.bellunopress.it\/?p=170395"},"modified":"2026-05-24T08:22:22","modified_gmt":"2026-05-24T06:22:22","slug":"i-beni-collettivi-seconda-parte","status":"publish","type":"post","link":"https:\/\/www.bellunopress.it\/fr\/2026\/05\/24\/i-beni-collettivi-seconda-parte\/","title":{"rendered":"I beni collettivi &#8211; seconda parte"},"content":{"rendered":"<p>In un&#8217;ottica macroscopica la gestione corretta dei Beni Collettivi (fondamentalmente la Natura) rappresenta ovviamente un elemento basilare nel rapporto tra uomo e ambiente.<\/p>\n<p>Siamo consapevoli da centinaia di anni che in questo piccolo pianeta roccioso si sono create le condizioni per un equilibrio biologico che ha consentito lo sviluppo della vita. E dopo qualche miliardo di anni l&#8217;intelligenza ha trovato l&#8217;occasione, in una combinazione di caso e necessit\u00e0, di svilupparsi fino al dominio del pianeta.<\/p>\n<p>Questo sviluppo \u00e8 diventato tumultuoso da circa 160 anni con le fonti di energia fossile e nello stesso periodo, dal 1860 ad oggi, la popolazione mondiale \u00e8 passata da 1,2 a 8,2 miliardi.<\/p>\n<p>Le &#8220;magnifiche sorti e progressive&#8221; gi\u00e0 criticamente avvertite da Leopardi 60 anni prima, ci hanno portato a dominare il mondo e a farci credere che tutto sia possibile; anche conquistare nuovi mondi. Per esempio abitare Marte dove la temperatura media \u00e8 -60\u00b0C con una atmosfera quasi inesistente.<\/p>\n<p>E cos\u00ec abbiamo dimenticato che la nostra vita \u00e8 una realt\u00e0 intimamente legata all&#8217;ambiente e al suo equilibrio biologico con tutte le altre fonti di vita. L&#8217;abbiamo dimenticato perch\u00e9 il MERCATO, creatura fondamentale del nostro Occidente, ci sollecita e convince ogni giorno a desiderare e a comprare tutto, compreso ci\u00f2 che \u00e8 assolutamente inutile.<\/p>\n<p>Nel 1947, in perfetta controtendenza rispetto al diffondersi di una sensibilit\u00e0 ambientale il GATT, accordo internazionale firmato da 23 Paesi nel 1947 a Ginevra, si proponeva il completo sfruttamento delle risorse mondiali, senza porsi alcun problema circa il loro consumo, il degrado e l&#8217;inquinamento ambientali. Questo spirito, se non negli accordi internazionali, sicuramente nei fatti, anima da allora ad oggi le diverse sigle del commercio mondiale e costituisce la spina dorsale dei mercati.<\/p>\n<p>Inutilmente il Club di Roma nel 1972, con una operazione di aritmetica (facile anche nella classe 5\u00b0 elementare dell&#8217;epoca), ha presentato il rapporto &#8220;I Limiti dello Sviluppo&#8221; pubblicizzando per la prima volta il concetto che l&#8217;economia e la demografia non possono sostenere una crescita esponenziale in un pianeta con risorse naturali finite<\/p>\n<p>Non era difficile convincersi che fosse un calcolo esatto tanto pi\u00f9 che negli ultimi 30 anni \u00e8 sempre stato ribadito nelle COP, cio\u00e8 il vertice annuale delle Nazioni Unite in cui 198 Paesi hanno aderito alla Convenzione Quadro sui Cambiamenti Climatici (UNFCCC)<\/p>\n<p>Inutilmente perch\u00e9 nel nostro mondo occidentale i governi, e in particolare quello americano, non hanno mai accettato le implicazioni economiche immediate che ne sarebbero seguite; del tutto disinteressati alle conseguenze a distanza, impegnati solamente all&#8217;aumento del PIL, in ogni modo e a qualunque costo.<\/p>\n<p>Per tutto questo, siamo costretti a interrogarci sul nostro futuro immediato e sulle classi politiche che ci hanno governato in quest&#8217;ultimo secolo, in particolare per le scelte ambientali; non solo perch\u00e9 questo bipede evoluto e irresponsabile sembra accettare passivamente la sua definitivamente autodistruzione, quanto perch\u00e9 potrebbe compromettere la totalit\u00e0 della vita che si svolge da miliardi di anni in questo pianeta unico e irripetibile<\/p>\n<p>In questo momento noi siamo, infatti, il prodotto finale di una storia biologica iniziata 3,5 miliardi di anni fa nella quale i nostri innumerevoli e diversi progenitori hanno trovato di volta in volta, di era in era, un equilibrio possibile e ottimale con l&#8217;ambiente. In un ambiente molto diverso noi saremmo molto diversi e ora, in un ambiente che abbiamo pesantemente contribuito a cambiare, siamo costretti noi stessi a cambiare, pena la nostra sopravvivenza. Il nostro cammino futuro potrebbe essere molto breve rispetto a quello gi\u00e0 percorso se non blocchiamo la deriva ambientale che abbiamo notevolmente accelerato in quest&#8217;ultimo secolo.<\/p>\n<p>In relazione a questo, la gestione dei Beni Collettivi (B.C.) definiti &#8220;Commons&#8221; da Elinor Ostrom, \u00e8 uno dei problemi pi\u00f9 importanti della nostra civilt\u00e0: se mal gestito, com&#8217;\u00e8 accaduto fino a oggi, anche per i B.C. quali acqua, aria, terreno, ci porta verso l&#8217;autodistruzione.<\/p>\n<p>Nel 1990 Elinor Ostrom pubblica &#8220;il Governo dei Beni Collettivi e nel 2009 viene premiata col Nobel per l&#8217;Economia<\/p>\n<p>Come dice Stefano Nespor nel suo libro La Scoperta dell&#8217;ambiente, il testo di Ostrom \u00e8 divenuto in pochi anni un punto di riferimento delle scienze sociali nell&#8217;economia e nel diritto ed \u00e8 una tappa fondamentale nella storia e nello sviluppo dell&#8217;ambientalismo. Provoca infatti l&#8217;irruzione di una nuova categoria, i B.C., nella tipica e inossidabile bipartizione &#8220;propriet\u00e0 pubblica\/propriet\u00e0 privata&#8221;, prospettando diverse e prima ignorate modalit\u00e0 per la conservazione e la gestione delle risorse naturali. Interviene, inoltre, sul tema del rapporto tra crescita economica e tutela dell&#8217;ambiente&#8230;<\/p>\n<p>Elinor Ostrom nella sua ricerca ci dice che le procedure di statalizzazione e di privatizzazione non garantiscono n\u00e9 l&#8217;equilibrio n\u00e9 la durata dei B.C., perch\u00e9 nessuna organizzazione statale \u00e8 in grado di assicurarne l&#8217;impiego costantemente dedicato all&#8217;interesse del pianeta e della comunit\u00e0 intera, e perch\u00e9 nessuna gestione privata pu\u00f2 assicurarne la continuit\u00e0, tanto pi\u00f9 che per natura propria \u00e8 legata all&#8217;interesse di pochi e non di tutti.<\/p>\n<p>Nel suo libro Elinor Ostrom, col sottotitolo &#8220;Lo sviluppo degli Istituti per l&#8217;Azione Collettiva&#8221;, illustra i meccanismi messi in atto, con modalit\u00e0 spesso impensabili, da gente che basa la propria esistenza sui prodotti dei Beni Collettivi, che quindi devono mantenersi nel tempo con la propria redditivit\u00e0.<\/p>\n<p>Gli esempi descritti vanno dai pascoli alpini e giapponesi, ai sistemi irrigui spagnoli e nelle Filippine, dalle aree di pesca in Canada e Turchia alle regole che esistono da tempi immemorabili, come i pascoli del Canton Vallese in Svizzera, dove risulta stabilito da otto secoli circa quanti animali ciascuno possa allevare sulle terre comuni, senza danno per tutti. Sono numerosi esempi di propriet\u00e0 collettive curate e rispettate dagli utenti come strumento di sopravvivenza anche nel rispetto delle generazioni future, opposti agli interessi dei grandi proprietari terrieri.<\/p>\n<p>L&#8217; overshoot day del pianeta \u00e8 oggi al 24 luglio; per l&#8217;Italia al 3 maggio e per gli Stati Uniti a met\u00e0 marzo e rappresenta il totale fallimento dell&#8217;economia mondiale. Tutto ci\u00f2 viene sistematicamente nascosto o ignorato da stampa e istituzioni e prosegue quindi senza alcun freno.<\/p>\n<p>In questo confronto con i metodi economici che ci ha illustrato la Ostrom non \u00e8 necessario spiegare perch\u00e9 la parte pi\u00f9 consapevole e informata della Comunit\u00e0 umana difende per principio i Beni Collettivi naturali, compresi i tigli di via Feltre.<\/p>\n<p>Filiberto Dal Molin<\/p>","protected":false},"excerpt":{"rendered":"<p>In un&#8217;ottica macroscopica la gestione corretta dei Beni Collettivi (fondamentalmente la Natura) rappresenta ovviamente un elemento basilare nel rapporto tra uomo e ambiente. Siamo consapevoli da centinaia di anni che in questo piccolo pianeta roccioso si sono create le condizioni per un equilibrio biologico che ha consentito lo sviluppo della vita. E dopo qualche miliardo [&hellip;]<\/p>\n","protected":false},"author":2,"featured_media":151164,"comment_status":"closed","ping_status":"open","sticky":false,"template":"","format":"standard","meta":{"footnotes":""},"categories":[3614],"tags":[],"class_list":["post-170395","post","type-post","status-publish","format-standard","has-post-thumbnail","category-controcorrente"],"yoast_head":"<!-- This site is optimized with the Yoast SEO plugin v28.4 - https:\/\/yoast.com\/product\/yoast-seo-wordpress\/ -->\n<title>I beni collettivi - seconda parte - Bellunopress - Dolomiti<\/title>\n<meta name=\"robots\" content=\"index, follow, max-snippet:-1, max-image-preview:large, max-video-preview:-1\" \/>\n<link rel=\"canonical\" href=\"https:\/\/www.bellunopress.it\/fr\/2026\/05\/24\/i-beni-collettivi-seconda-parte\/\" \/>\n<meta property=\"og:locale\" content=\"fr_FR\" \/>\n<meta property=\"og:type\" content=\"article\" \/>\n<meta property=\"og:title\" content=\"I beni collettivi - seconda parte - Bellunopress - Dolomiti\" \/>\n<meta property=\"og:description\" content=\"In un&#8217;ottica macroscopica la gestione corretta dei Beni Collettivi (fondamentalmente la Natura) rappresenta ovviamente un elemento basilare nel rapporto tra uomo e ambiente. Siamo consapevoli da centinaia di anni che in questo piccolo pianeta roccioso si sono create le condizioni per un equilibrio biologico che ha consentito lo sviluppo della vita. E dopo qualche miliardo [&hellip;]\" \/>\n<meta property=\"og:url\" content=\"https:\/\/www.bellunopress.it\/fr\/2026\/05\/24\/i-beni-collettivi-seconda-parte\/\" \/>\n<meta property=\"og:site_name\" content=\"Bellunopress - Dolomiti\" \/>\n<meta property=\"article:publisher\" content=\"https:\/\/www.facebook.com\/profile.php?id=100008943462799\" \/>\n<meta property=\"article:published_time\" content=\"2026-05-24T06:22:22+00:00\" \/>\n<meta property=\"og:image\" content=\"https:\/\/www.bellunopress.it\/wp-content\/uploads\/2024\/05\/delitti-e-castighi-di-Filiberto-Dal-Molin-copertina_edited.jpg\" \/>\n\t<meta property=\"og:image:width\" content=\"709\" \/>\n\t<meta property=\"og:image:height\" content=\"1000\" \/>\n\t<meta property=\"og:image:type\" content=\"image\/jpeg\" \/>\n<meta name=\"author\" content=\"redazione\" \/>\n<meta name=\"twitter:card\" content=\"summary_large_image\" \/>\n<meta name=\"twitter:creator\" content=\"@bellunopress\" \/>\n<meta name=\"twitter:site\" content=\"@bellunopress\" \/>\n<meta name=\"twitter:label1\" content=\"Written by\" \/>\n\t<meta name=\"twitter:data1\" content=\"redazione\" \/>\n\t<meta name=\"twitter:label2\" content=\"Est. reading time\" \/>\n\t<meta name=\"twitter:data2\" content=\"6 minutes\" \/>\n<script type=\"application\/ld+json\" class=\"yoast-schema-graph\">{\"@context\":\"https:\\\/\\\/schema.org\",\"@graph\":[{\"@type\":\"Article\",\"@id\":\"https:\\\/\\\/www.bellunopress.it\\\/2026\\\/05\\\/24\\\/i-beni-collettivi-seconda-parte\\\/#article\",\"isPartOf\":{\"@id\":\"https:\\\/\\\/www.bellunopress.it\\\/2026\\\/05\\\/24\\\/i-beni-collettivi-seconda-parte\\\/\"},\"author\":{\"name\":\"redazione\",\"@id\":\"https:\\\/\\\/www.bellunopress.it\\\/#\\\/schema\\\/person\\\/79bb06722b37ece1c03d3e94beb30d73\"},\"headline\":\"I beni collettivi &#8211; seconda parte\",\"datePublished\":\"2026-05-24T06:22:22+00:00\",\"mainEntityOfPage\":{\"@id\":\"https:\\\/\\\/www.bellunopress.it\\\/2026\\\/05\\\/24\\\/i-beni-collettivi-seconda-parte\\\/\"},\"wordCount\":1029,\"publisher\":{\"@id\":\"https:\\\/\\\/www.bellunopress.it\\\/#organization\"},\"image\":{\"@id\":\"https:\\\/\\\/www.bellunopress.it\\\/2026\\\/05\\\/24\\\/i-beni-collettivi-seconda-parte\\\/#primaryimage\"},\"thumbnailUrl\":\"https:\\\/\\\/www.bellunopress.it\\\/wp-content\\\/uploads\\\/2024\\\/05\\\/delitti-e-castighi-di-Filiberto-Dal-Molin-copertina_edited.jpg\",\"articleSection\":[\"Controcorrente Dr Filiberto Dal Molin\"],\"inLanguage\":\"fr-FR\"},{\"@type\":\"WebPage\",\"@id\":\"https:\\\/\\\/www.bellunopress.it\\\/2026\\\/05\\\/24\\\/i-beni-collettivi-seconda-parte\\\/\",\"url\":\"https:\\\/\\\/www.bellunopress.it\\\/2026\\\/05\\\/24\\\/i-beni-collettivi-seconda-parte\\\/\",\"name\":\"I beni collettivi - seconda parte - Bellunopress - Dolomiti\",\"isPartOf\":{\"@id\":\"https:\\\/\\\/www.bellunopress.it\\\/#website\"},\"primaryImageOfPage\":{\"@id\":\"https:\\\/\\\/www.bellunopress.it\\\/2026\\\/05\\\/24\\\/i-beni-collettivi-seconda-parte\\\/#primaryimage\"},\"image\":{\"@id\":\"https:\\\/\\\/www.bellunopress.it\\\/2026\\\/05\\\/24\\\/i-beni-collettivi-seconda-parte\\\/#primaryimage\"},\"thumbnailUrl\":\"https:\\\/\\\/www.bellunopress.it\\\/wp-content\\\/uploads\\\/2024\\\/05\\\/delitti-e-castighi-di-Filiberto-Dal-Molin-copertina_edited.jpg\",\"datePublished\":\"2026-05-24T06:22:22+00:00\",\"breadcrumb\":{\"@id\":\"https:\\\/\\\/www.bellunopress.it\\\/2026\\\/05\\\/24\\\/i-beni-collettivi-seconda-parte\\\/#breadcrumb\"},\"inLanguage\":\"fr-FR\",\"potentialAction\":[{\"@type\":\"ReadAction\",\"target\":[\"https:\\\/\\\/www.bellunopress.it\\\/2026\\\/05\\\/24\\\/i-beni-collettivi-seconda-parte\\\/\"]}]},{\"@type\":\"ImageObject\",\"inLanguage\":\"fr-FR\",\"@id\":\"https:\\\/\\\/www.bellunopress.it\\\/2026\\\/05\\\/24\\\/i-beni-collettivi-seconda-parte\\\/#primaryimage\",\"url\":\"https:\\\/\\\/www.bellunopress.it\\\/wp-content\\\/uploads\\\/2024\\\/05\\\/delitti-e-castighi-di-Filiberto-Dal-Molin-copertina_edited.jpg\",\"contentUrl\":\"https:\\\/\\\/www.bellunopress.it\\\/wp-content\\\/uploads\\\/2024\\\/05\\\/delitti-e-castighi-di-Filiberto-Dal-Molin-copertina_edited.jpg\",\"width\":709,\"height\":1000},{\"@type\":\"BreadcrumbList\",\"@id\":\"https:\\\/\\\/www.bellunopress.it\\\/2026\\\/05\\\/24\\\/i-beni-collettivi-seconda-parte\\\/#breadcrumb\",\"itemListElement\":[{\"@type\":\"ListItem\",\"position\":1,\"name\":\"Home\",\"item\":\"https:\\\/\\\/www.bellunopress.it\\\/\"},{\"@type\":\"ListItem\",\"position\":2,\"name\":\"I beni collettivi &#8211; seconda parte\"}]},{\"@type\":\"WebSite\",\"@id\":\"https:\\\/\\\/www.bellunopress.it\\\/#website\",\"url\":\"https:\\\/\\\/www.bellunopress.it\\\/\",\"name\":\"Bellunopress - Dolomiti\",\"description\":\"e-mail: redazione@bellunopress.it\",\"publisher\":{\"@id\":\"https:\\\/\\\/www.bellunopress.it\\\/#organization\"},\"potentialAction\":[{\"@type\":\"SearchAction\",\"target\":{\"@type\":\"EntryPoint\",\"urlTemplate\":\"https:\\\/\\\/www.bellunopress.it\\\/?s={search_term_string}\"},\"query-input\":{\"@type\":\"PropertyValueSpecification\",\"valueRequired\":true,\"valueName\":\"search_term_string\"}}],\"inLanguage\":\"fr-FR\"},{\"@type\":\"Organization\",\"@id\":\"https:\\\/\\\/www.bellunopress.it\\\/#organization\",\"name\":\"Bellunopress\",\"url\":\"https:\\\/\\\/www.bellunopress.it\\\/\",\"logo\":{\"@type\":\"ImageObject\",\"inLanguage\":\"fr-FR\",\"@id\":\"https:\\\/\\\/www.bellunopress.it\\\/#\\\/schema\\\/logo\\\/image\\\/\",\"url\":\"https:\\\/\\\/www.bellunopress.it\\\/wp-content\\\/uploads\\\/2011\\\/05\\\/cropped-logo-bellunopress-.jpg\",\"contentUrl\":\"https:\\\/\\\/www.bellunopress.it\\\/wp-content\\\/uploads\\\/2011\\\/05\\\/cropped-logo-bellunopress-.jpg\",\"width\":512,\"height\":512,\"caption\":\"Bellunopress\"},\"image\":{\"@id\":\"https:\\\/\\\/www.bellunopress.it\\\/#\\\/schema\\\/logo\\\/image\\\/\"},\"sameAs\":[\"https:\\\/\\\/www.facebook.com\\\/profile.php?id=100008943462799\",\"https:\\\/\\\/x.com\\\/bellunopress\",\"https:\\\/\\\/www.linkedin.com\\\/hp\\\/?dnr=JBzUWaJfMUw8vbXJJ2tVW5-I3jZKvC4wsoxE&amp;amp;amp;amp;amp;amp;trk=nav_responsive_tab_home\",\"https:\\\/\\\/www.youtube.com\\\/channel\\\/UCxL0wu1uN0_3_7hGG0306cw\"]},{\"@type\":\"Person\",\"@id\":\"https:\\\/\\\/www.bellunopress.it\\\/#\\\/schema\\\/person\\\/79bb06722b37ece1c03d3e94beb30d73\",\"name\":\"redazione\",\"image\":{\"@type\":\"ImageObject\",\"inLanguage\":\"fr-FR\",\"@id\":\"https:\\\/\\\/secure.gravatar.com\\\/avatar\\\/37d968a2e67a6fd04c169c4bdef102d0bc5d31b2546345219e348575eb80e9a0?s=96&d=mm&r=g\",\"url\":\"https:\\\/\\\/secure.gravatar.com\\\/avatar\\\/37d968a2e67a6fd04c169c4bdef102d0bc5d31b2546345219e348575eb80e9a0?s=96&d=mm&r=g\",\"contentUrl\":\"https:\\\/\\\/secure.gravatar.com\\\/avatar\\\/37d968a2e67a6fd04c169c4bdef102d0bc5d31b2546345219e348575eb80e9a0?s=96&d=mm&r=g\",\"caption\":\"redazione\"},\"sameAs\":[\"http:\\\/\\\/www.bellunopress.it\",\"https:\\\/\\\/x.com\\\/bellunopress\"],\"url\":\"https:\\\/\\\/www.bellunopress.it\\\/fr\\\/author\\\/redazione\\\/\"}]}<\/script>\n<!-- \/ Yoast SEO plugin. -->","yoast_head_json":{"title":"I beni collettivi - seconda parte - Bellunopress - Dolomiti","robots":{"index":"index","follow":"follow","max-snippet":"max-snippet:-1","max-image-preview":"max-image-preview:large","max-video-preview":"max-video-preview:-1"},"canonical":"https:\/\/www.bellunopress.it\/fr\/2026\/05\/24\/i-beni-collettivi-seconda-parte\/","og_locale":"fr_FR","og_type":"article","og_title":"I beni collettivi - seconda parte - Bellunopress - Dolomiti","og_description":"In un&#8217;ottica macroscopica la gestione corretta dei Beni Collettivi (fondamentalmente la Natura) rappresenta ovviamente un elemento basilare nel rapporto tra uomo e ambiente. Siamo consapevoli da centinaia di anni che in questo piccolo pianeta roccioso si sono create le condizioni per un equilibrio biologico che ha consentito lo sviluppo della vita. E dopo qualche miliardo [&hellip;]","og_url":"https:\/\/www.bellunopress.it\/fr\/2026\/05\/24\/i-beni-collettivi-seconda-parte\/","og_site_name":"Bellunopress - Dolomiti","article_publisher":"https:\/\/www.facebook.com\/profile.php?id=100008943462799","article_published_time":"2026-05-24T06:22:22+00:00","og_image":[{"width":709,"height":1000,"url":"https:\/\/www.bellunopress.it\/wp-content\/uploads\/2024\/05\/delitti-e-castighi-di-Filiberto-Dal-Molin-copertina_edited.jpg","type":"image\/jpeg"}],"author":"redazione","twitter_card":"summary_large_image","twitter_creator":"@bellunopress","twitter_site":"@bellunopress","twitter_misc":{"Written by":"redazione","Est. reading time":"6 minutes"},"schema":{"@context":"https:\/\/schema.org","@graph":[{"@type":"Article","@id":"https:\/\/www.bellunopress.it\/2026\/05\/24\/i-beni-collettivi-seconda-parte\/#article","isPartOf":{"@id":"https:\/\/www.bellunopress.it\/2026\/05\/24\/i-beni-collettivi-seconda-parte\/"},"author":{"name":"redazione","@id":"https:\/\/www.bellunopress.it\/#\/schema\/person\/79bb06722b37ece1c03d3e94beb30d73"},"headline":"I beni collettivi &#8211; seconda parte","datePublished":"2026-05-24T06:22:22+00:00","mainEntityOfPage":{"@id":"https:\/\/www.bellunopress.it\/2026\/05\/24\/i-beni-collettivi-seconda-parte\/"},"wordCount":1029,"publisher":{"@id":"https:\/\/www.bellunopress.it\/#organization"},"image":{"@id":"https:\/\/www.bellunopress.it\/2026\/05\/24\/i-beni-collettivi-seconda-parte\/#primaryimage"},"thumbnailUrl":"https:\/\/www.bellunopress.it\/wp-content\/uploads\/2024\/05\/delitti-e-castighi-di-Filiberto-Dal-Molin-copertina_edited.jpg","articleSection":["Controcorrente Dr Filiberto Dal Molin"],"inLanguage":"fr-FR"},{"@type":"WebPage","@id":"https:\/\/www.bellunopress.it\/2026\/05\/24\/i-beni-collettivi-seconda-parte\/","url":"https:\/\/www.bellunopress.it\/2026\/05\/24\/i-beni-collettivi-seconda-parte\/","name":"I beni collettivi - seconda parte - Bellunopress - Dolomiti","isPartOf":{"@id":"https:\/\/www.bellunopress.it\/#website"},"primaryImageOfPage":{"@id":"https:\/\/www.bellunopress.it\/2026\/05\/24\/i-beni-collettivi-seconda-parte\/#primaryimage"},"image":{"@id":"https:\/\/www.bellunopress.it\/2026\/05\/24\/i-beni-collettivi-seconda-parte\/#primaryimage"},"thumbnailUrl":"https:\/\/www.bellunopress.it\/wp-content\/uploads\/2024\/05\/delitti-e-castighi-di-Filiberto-Dal-Molin-copertina_edited.jpg","datePublished":"2026-05-24T06:22:22+00:00","breadcrumb":{"@id":"https:\/\/www.bellunopress.it\/2026\/05\/24\/i-beni-collettivi-seconda-parte\/#breadcrumb"},"inLanguage":"fr-FR","potentialAction":[{"@type":"ReadAction","target":["https:\/\/www.bellunopress.it\/2026\/05\/24\/i-beni-collettivi-seconda-parte\/"]}]},{"@type":"ImageObject","inLanguage":"fr-FR","@id":"https:\/\/www.bellunopress.it\/2026\/05\/24\/i-beni-collettivi-seconda-parte\/#primaryimage","url":"https:\/\/www.bellunopress.it\/wp-content\/uploads\/2024\/05\/delitti-e-castighi-di-Filiberto-Dal-Molin-copertina_edited.jpg","contentUrl":"https:\/\/www.bellunopress.it\/wp-content\/uploads\/2024\/05\/delitti-e-castighi-di-Filiberto-Dal-Molin-copertina_edited.jpg","width":709,"height":1000},{"@type":"BreadcrumbList","@id":"https:\/\/www.bellunopress.it\/2026\/05\/24\/i-beni-collettivi-seconda-parte\/#breadcrumb","itemListElement":[{"@type":"ListItem","position":1,"name":"Home","item":"https:\/\/www.bellunopress.it\/"},{"@type":"ListItem","position":2,"name":"I beni collettivi &#8211; seconda parte"}]},{"@type":"WebSite","@id":"https:\/\/www.bellunopress.it\/#website","url":"https:\/\/www.bellunopress.it\/","name":"Bellunopress - Dolomiti","description":"e-mail: redazione@bellunopress.it","publisher":{"@id":"https:\/\/www.bellunopress.it\/#organization"},"potentialAction":[{"@type":"SearchAction","target":{"@type":"EntryPoint","urlTemplate":"https:\/\/www.bellunopress.it\/?s={search_term_string}"},"query-input":{"@type":"PropertyValueSpecification","valueRequired":true,"valueName":"search_term_string"}}],"inLanguage":"fr-FR"},{"@type":"Organization","@id":"https:\/\/www.bellunopress.it\/#organization","name":"Bellunopress","url":"https:\/\/www.bellunopress.it\/","logo":{"@type":"ImageObject","inLanguage":"fr-FR","@id":"https:\/\/www.bellunopress.it\/#\/schema\/logo\/image\/","url":"https:\/\/www.bellunopress.it\/wp-content\/uploads\/2011\/05\/cropped-logo-bellunopress-.jpg","contentUrl":"https:\/\/www.bellunopress.it\/wp-content\/uploads\/2011\/05\/cropped-logo-bellunopress-.jpg","width":512,"height":512,"caption":"Bellunopress"},"image":{"@id":"https:\/\/www.bellunopress.it\/#\/schema\/logo\/image\/"},"sameAs":["https:\/\/www.facebook.com\/profile.php?id=100008943462799","https:\/\/x.com\/bellunopress","https:\/\/www.linkedin.com\/hp\/?dnr=JBzUWaJfMUw8vbXJJ2tVW5-I3jZKvC4wsoxE&amp;amp;amp;amp;amp;amp;trk=nav_responsive_tab_home","https:\/\/www.youtube.com\/channel\/UCxL0wu1uN0_3_7hGG0306cw"]},{"@type":"Person","@id":"https:\/\/www.bellunopress.it\/#\/schema\/person\/79bb06722b37ece1c03d3e94beb30d73","name":"r\u00e9daction","image":{"@type":"ImageObject","inLanguage":"fr-FR","@id":"https:\/\/secure.gravatar.com\/avatar\/37d968a2e67a6fd04c169c4bdef102d0bc5d31b2546345219e348575eb80e9a0?s=96&d=mm&r=g","url":"https:\/\/secure.gravatar.com\/avatar\/37d968a2e67a6fd04c169c4bdef102d0bc5d31b2546345219e348575eb80e9a0?s=96&d=mm&r=g","contentUrl":"https:\/\/secure.gravatar.com\/avatar\/37d968a2e67a6fd04c169c4bdef102d0bc5d31b2546345219e348575eb80e9a0?s=96&d=mm&r=g","caption":"redazione"},"sameAs":["http:\/\/www.bellunopress.it","https:\/\/x.com\/bellunopress"],"url":"https:\/\/www.bellunopress.it\/fr\/author\/redazione\/"}]}},"_links":{"self":[{"href":"https:\/\/www.bellunopress.it\/fr\/wp-json\/wp\/v2\/posts\/170395","targetHints":{"allow":["GET"]}}],"collection":[{"href":"https:\/\/www.bellunopress.it\/fr\/wp-json\/wp\/v2\/posts"}],"about":[{"href":"https:\/\/www.bellunopress.it\/fr\/wp-json\/wp\/v2\/types\/post"}],"author":[{"embeddable":true,"href":"https:\/\/www.bellunopress.it\/fr\/wp-json\/wp\/v2\/users\/2"}],"replies":[{"embeddable":true,"href":"https:\/\/www.bellunopress.it\/fr\/wp-json\/wp\/v2\/comments?post=170395"}],"version-history":[{"count":1,"href":"https:\/\/www.bellunopress.it\/fr\/wp-json\/wp\/v2\/posts\/170395\/revisions"}],"predecessor-version":[{"id":170396,"href":"https:\/\/www.bellunopress.it\/fr\/wp-json\/wp\/v2\/posts\/170395\/revisions\/170396"}],"wp:featuredmedia":[{"embeddable":true,"href":"https:\/\/www.bellunopress.it\/fr\/wp-json\/wp\/v2\/media\/151164"}],"wp:attachment":[{"href":"https:\/\/www.bellunopress.it\/fr\/wp-json\/wp\/v2\/media?parent=170395"}],"wp:term":[{"taxonomy":"category","embeddable":true,"href":"https:\/\/www.bellunopress.it\/fr\/wp-json\/wp\/v2\/categories?post=170395"},{"taxonomy":"post_tag","embeddable":true,"href":"https:\/\/www.bellunopress.it\/fr\/wp-json\/wp\/v2\/tags?post=170395"}],"curies":[{"name":"wp","href":"https:\/\/api.w.org\/{rel}","templated":true}]}}