{"id":170386,"date":"2026-05-23T19:29:14","date_gmt":"2026-05-23T17:29:14","guid":{"rendered":"https:\/\/www.bellunopress.it\/?p=170386"},"modified":"2026-05-23T19:51:15","modified_gmt":"2026-05-23T17:51:15","slug":"filctem-cgil-primo-sindacato-in-tutti-i-principali-stabilimenti-luxottica","status":"publish","type":"post","link":"https:\/\/www.bellunopress.it\/fr\/2026\/05\/23\/filctem-cgil-primo-sindacato-in-tutti-i-principali-stabilimenti-luxottica\/","title":{"rendered":"Filctem Cgil primo sindacato in tutti i principali stabilimenti Luxottica. Anche Femca Cisl si proclama prima organizzazione"},"content":{"rendered":"<p>La Filctem Cgil si conferma primo sindacato negli stabilimenti Luxottica al termine delle elezioni per il rinnovo delle Rsu, registrando un risultato di grande rilievo nei diversi siti produttivi del Veneto.<\/p>\n<p>Nello stabilimento di Sedico (Bl), su 1.414 votanti (1.313 voti validi), la Ficltem Cgil ha ottenuto 579 voti, conquistando 12 delegati, la Cisl 549 voti (12 delegati) e la UIL 264 voti (6 delegati).<\/p>\n<p>Importante risultato anche nello storico stabilimento di Agordo, dove la Ficltem passa da 16 a 19 delegati segnando un successo straordinario.<\/p>\n<p>A Pederobba (Tv) la Filctem Cgil si afferma nettamente come primo sindacato con 244 voti, davanti alla Uil (194) e alla Cisl (184) eleggendo 5 delegati: Susan Moser, Federico Vacca, Zelica Buletinac, Nadir Persegona e Azemina Mirto.<\/p>\n<p>\u201cQuesti risultati \u2013 dichiara Michele Corso, Segretario generale FILCTEM CGIL Veneto \u2013 confermano la fiducia delle lavoratrici e dei lavoratori nel sindacato. La crescita registrata in stabilimenti strategici come Agordo e l\u2019affermazione come primo sindacato a Sedico e Pederobba rappresentano un segnale forte. Continueremo a lavorare con determinazione per rafforzare diritti, salari e qualit\u00e0 del lavoro in Luxottica\u201d.<\/p>\n<p><strong>Femca Cisl si conferma complessivamente come prima organizzazione<\/strong><\/p>\n<p>Si sono concluse le elezioni delle rappresentanze sindacali Luxottica degli stabilimenti bellunesi e di Pederobba.<br \/>\nSu un totale complessivo di aventi diritto al voto di 8.969 lavoratori e lavoratrici hanno votato 5.185 persone. Su 5.137 voti validi la Femca Cisl ha ottenuto 2.228 preferenze, confermandosi complessivamente come prima organizzazione, con 50 delegati eletti.<\/p>\n<p>Nello stabilimento pi\u00f9 grande, quello di Agordo, si \u00e8 registrata l\u2019adesione pi\u00f9 alta di sempre, sopra il 50%, ed \u00e8 stata superata dalla Femca la soglia del migliaio di voti (1.014 su 2.140 voti validi e 23 delegati Femca eletti).<br \/>\nI candidati eletti che hanno raccolto il maggior numero di voti sono: Mara Pagnussat (Agordo), Sheila Miolli (Sedico Logistica), Annapaola D&#8217;Agostini (Sedico Produzione), Roberto Speranza (Pederobba), Alessandra Polesel (Cencenighe).<\/p>\n<p>Nicola Brancher, coordinatore nazionale Essilor Luxottica per Femca Cisl: \u201cUn risultato importante, decisivo, in un momento come quello che stiamo vivendo di grandi complessit\u00e0, di tensioni internazionali che non avevamo mai conosciuto e di importanti cambiamenti nel mondo del lavoro. Una rappresentanza sindacale, quella presente in Luxottica, che unitariamente e da tempo, ha ben chiaro l\u2019obiettivo di rimanere centrali nell\u2019impero industriale e finanziario creato dal genio e dagli sforzi del Cav. Leonardo Del Vecchio e da un territorio tutto\u201d.<\/p>\n<p>Milena Cesca, segretaria generale Femca Cisl Belluno Treviso: \u201cSiamo fieri e orgogliosi e anche emozionati nel vedere la grande fiducia che ci \u00e8 stata riconosciuta affidandoci una grande responsabilit\u00e0 per il mandato che va a iniziare. Come diciamo spesso, i risultati come questo non si improvvisano, ma sono frutto di anni di impegno, lavoro attento, spesso silenzioso e non sempre riconosciuto dei dirigenti della Femca Cisl, delle donne e degli uomini della RSU che ogni giorno mettono la faccia sul posto di lavoro, cercando di fare giustizia insieme: questo \u00e8 il vero valore del sindacato tutto, che punta a confermarsi come vera e praticata esperienza di dignit\u00e0 collettiva\u201d.<\/p>\n<p>&nbsp;<\/p>","protected":false},"excerpt":{"rendered":"<p>La Filctem Cgil si conferma primo sindacato negli stabilimenti Luxottica al termine delle elezioni per il rinnovo delle Rsu, registrando un risultato di grande rilievo nei diversi siti produttivi del Veneto. Nello stabilimento di Sedico (Bl), su 1.414 votanti (1.313 voti validi), la Ficltem Cgil ha ottenuto 579 voti, conquistando 12 delegati, la Cisl 549 [&hellip;]<\/p>\n","protected":false},"author":2,"featured_media":145599,"comment_status":"closed","ping_status":"open","sticky":false,"template":"","format":"standard","meta":{"footnotes":""},"categories":[36],"tags":[],"class_list":["post-170386","post","type-post","status-publish","format-standard","has-post-thumbnail","category-lavoro-economia"],"yoast_head":"<!-- This site is optimized with the Yoast SEO plugin v28.4 - https:\/\/yoast.com\/product\/yoast-seo-wordpress\/ -->\n<title>Filctem Cgil primo sindacato in tutti i principali stabilimenti Luxottica. Anche Femca Cisl si proclama prima organizzazione - Bellunopress - Dolomiti<\/title>\n<meta name=\"robots\" content=\"index, follow, max-snippet:-1, max-image-preview:large, max-video-preview:-1\" \/>\n<link rel=\"canonical\" href=\"https:\/\/www.bellunopress.it\/fr\/2026\/05\/23\/filctem-cgil-primo-sindacato-in-tutti-i-principali-stabilimenti-luxottica\/\" \/>\n<meta property=\"og:locale\" content=\"fr_FR\" \/>\n<meta property=\"og:type\" content=\"article\" \/>\n<meta property=\"og:title\" content=\"Filctem Cgil primo sindacato in tutti i principali stabilimenti Luxottica. Anche Femca Cisl si proclama prima organizzazione - Bellunopress - Dolomiti\" \/>\n<meta property=\"og:description\" content=\"La Filctem Cgil si conferma primo sindacato negli stabilimenti Luxottica al termine delle elezioni per il rinnovo delle Rsu, registrando un risultato di grande rilievo nei diversi siti produttivi del Veneto. Nello stabilimento di Sedico (Bl), su 1.414 votanti (1.313 voti validi), la Ficltem Cgil ha ottenuto 579 voti, conquistando 12 delegati, la Cisl 549 [&hellip;]\" \/>\n<meta property=\"og:url\" content=\"https:\/\/www.bellunopress.it\/fr\/2026\/05\/23\/filctem-cgil-primo-sindacato-in-tutti-i-principali-stabilimenti-luxottica\/\" \/>\n<meta property=\"og:site_name\" content=\"Bellunopress - Dolomiti\" \/>\n<meta property=\"article:publisher\" content=\"https:\/\/www.facebook.com\/profile.php?id=100008943462799\" \/>\n<meta property=\"article:published_time\" content=\"2026-05-23T17:29:14+00:00\" \/>\n<meta property=\"article:modified_time\" content=\"2026-05-23T17:51:15+00:00\" \/>\n<meta property=\"og:image\" content=\"https:\/\/www.bellunopress.it\/wp-content\/uploads\/2023\/11\/filctem-cgil.jpg\" \/>\n\t<meta property=\"og:image:width\" content=\"700\" \/>\n\t<meta property=\"og:image:height\" content=\"380\" \/>\n\t<meta property=\"og:image:type\" content=\"image\/jpeg\" \/>\n<meta name=\"author\" content=\"redazione\" \/>\n<meta name=\"twitter:card\" content=\"summary_large_image\" \/>\n<meta name=\"twitter:creator\" content=\"@bellunopress\" \/>\n<meta name=\"twitter:site\" content=\"@bellunopress\" \/>\n<meta name=\"twitter:label1\" content=\"\u00c9crit par\" \/>\n\t<meta name=\"twitter:data1\" content=\"redazione\" \/>\n\t<meta name=\"twitter:label2\" content=\"Dur\u00e9e de lecture estim\u00e9e\" \/>\n\t<meta name=\"twitter:data2\" content=\"3 minutes\" \/>\n<script type=\"application\/ld+json\" class=\"yoast-schema-graph\">{\"@context\":\"https:\\\/\\\/schema.org\",\"@graph\":[{\"@type\":\"Article\",\"@id\":\"https:\\\/\\\/www.bellunopress.it\\\/2026\\\/05\\\/23\\\/filctem-cgil-primo-sindacato-in-tutti-i-principali-stabilimenti-luxottica\\\/#article\",\"isPartOf\":{\"@id\":\"https:\\\/\\\/www.bellunopress.it\\\/2026\\\/05\\\/23\\\/filctem-cgil-primo-sindacato-in-tutti-i-principali-stabilimenti-luxottica\\\/\"},\"author\":{\"name\":\"redazione\",\"@id\":\"https:\\\/\\\/www.bellunopress.it\\\/#\\\/schema\\\/person\\\/79bb06722b37ece1c03d3e94beb30d73\"},\"headline\":\"Filctem Cgil primo sindacato in tutti i principali stabilimenti Luxottica. Anche Femca Cisl si proclama prima organizzazione\",\"datePublished\":\"2026-05-23T17:29:14+00:00\",\"dateModified\":\"2026-05-23T17:51:15+00:00\",\"mainEntityOfPage\":{\"@id\":\"https:\\\/\\\/www.bellunopress.it\\\/2026\\\/05\\\/23\\\/filctem-cgil-primo-sindacato-in-tutti-i-principali-stabilimenti-luxottica\\\/\"},\"wordCount\":492,\"publisher\":{\"@id\":\"https:\\\/\\\/www.bellunopress.it\\\/#organization\"},\"image\":{\"@id\":\"https:\\\/\\\/www.bellunopress.it\\\/2026\\\/05\\\/23\\\/filctem-cgil-primo-sindacato-in-tutti-i-principali-stabilimenti-luxottica\\\/#primaryimage\"},\"thumbnailUrl\":\"https:\\\/\\\/www.bellunopress.it\\\/wp-content\\\/uploads\\\/2023\\\/11\\\/filctem-cgil.jpg\",\"articleSection\":[\"Lavoro, Economia, Turismo\"],\"inLanguage\":\"fr-FR\"},{\"@type\":\"WebPage\",\"@id\":\"https:\\\/\\\/www.bellunopress.it\\\/2026\\\/05\\\/23\\\/filctem-cgil-primo-sindacato-in-tutti-i-principali-stabilimenti-luxottica\\\/\",\"url\":\"https:\\\/\\\/www.bellunopress.it\\\/2026\\\/05\\\/23\\\/filctem-cgil-primo-sindacato-in-tutti-i-principali-stabilimenti-luxottica\\\/\",\"name\":\"Filctem Cgil primo sindacato in tutti i principali stabilimenti Luxottica. Anche Femca Cisl si proclama prima organizzazione - Bellunopress - Dolomiti\",\"isPartOf\":{\"@id\":\"https:\\\/\\\/www.bellunopress.it\\\/#website\"},\"primaryImageOfPage\":{\"@id\":\"https:\\\/\\\/www.bellunopress.it\\\/2026\\\/05\\\/23\\\/filctem-cgil-primo-sindacato-in-tutti-i-principali-stabilimenti-luxottica\\\/#primaryimage\"},\"image\":{\"@id\":\"https:\\\/\\\/www.bellunopress.it\\\/2026\\\/05\\\/23\\\/filctem-cgil-primo-sindacato-in-tutti-i-principali-stabilimenti-luxottica\\\/#primaryimage\"},\"thumbnailUrl\":\"https:\\\/\\\/www.bellunopress.it\\\/wp-content\\\/uploads\\\/2023\\\/11\\\/filctem-cgil.jpg\",\"datePublished\":\"2026-05-23T17:29:14+00:00\",\"dateModified\":\"2026-05-23T17:51:15+00:00\",\"breadcrumb\":{\"@id\":\"https:\\\/\\\/www.bellunopress.it\\\/2026\\\/05\\\/23\\\/filctem-cgil-primo-sindacato-in-tutti-i-principali-stabilimenti-luxottica\\\/#breadcrumb\"},\"inLanguage\":\"fr-FR\",\"potentialAction\":[{\"@type\":\"ReadAction\",\"target\":[\"https:\\\/\\\/www.bellunopress.it\\\/2026\\\/05\\\/23\\\/filctem-cgil-primo-sindacato-in-tutti-i-principali-stabilimenti-luxottica\\\/\"]}]},{\"@type\":\"ImageObject\",\"inLanguage\":\"fr-FR\",\"@id\":\"https:\\\/\\\/www.bellunopress.it\\\/2026\\\/05\\\/23\\\/filctem-cgil-primo-sindacato-in-tutti-i-principali-stabilimenti-luxottica\\\/#primaryimage\",\"url\":\"https:\\\/\\\/www.bellunopress.it\\\/wp-content\\\/uploads\\\/2023\\\/11\\\/filctem-cgil.jpg\",\"contentUrl\":\"https:\\\/\\\/www.bellunopress.it\\\/wp-content\\\/uploads\\\/2023\\\/11\\\/filctem-cgil.jpg\",\"width\":700,\"height\":380},{\"@type\":\"BreadcrumbList\",\"@id\":\"https:\\\/\\\/www.bellunopress.it\\\/2026\\\/05\\\/23\\\/filctem-cgil-primo-sindacato-in-tutti-i-principali-stabilimenti-luxottica\\\/#breadcrumb\",\"itemListElement\":[{\"@type\":\"ListItem\",\"position\":1,\"name\":\"Home\",\"item\":\"https:\\\/\\\/www.bellunopress.it\\\/\"},{\"@type\":\"ListItem\",\"position\":2,\"name\":\"Filctem Cgil primo sindacato in tutti i principali stabilimenti Luxottica. Anche Femca Cisl si proclama prima organizzazione\"}]},{\"@type\":\"WebSite\",\"@id\":\"https:\\\/\\\/www.bellunopress.it\\\/#website\",\"url\":\"https:\\\/\\\/www.bellunopress.it\\\/\",\"name\":\"Bellunopress - Dolomiti\",\"description\":\"e-mail: redazione@bellunopress.it\",\"publisher\":{\"@id\":\"https:\\\/\\\/www.bellunopress.it\\\/#organization\"},\"potentialAction\":[{\"@type\":\"SearchAction\",\"target\":{\"@type\":\"EntryPoint\",\"urlTemplate\":\"https:\\\/\\\/www.bellunopress.it\\\/?s={search_term_string}\"},\"query-input\":{\"@type\":\"PropertyValueSpecification\",\"valueRequired\":true,\"valueName\":\"search_term_string\"}}],\"inLanguage\":\"fr-FR\"},{\"@type\":\"Organization\",\"@id\":\"https:\\\/\\\/www.bellunopress.it\\\/#organization\",\"name\":\"Bellunopress\",\"url\":\"https:\\\/\\\/www.bellunopress.it\\\/\",\"logo\":{\"@type\":\"ImageObject\",\"inLanguage\":\"fr-FR\",\"@id\":\"https:\\\/\\\/www.bellunopress.it\\\/#\\\/schema\\\/logo\\\/image\\\/\",\"url\":\"https:\\\/\\\/www.bellunopress.it\\\/wp-content\\\/uploads\\\/2011\\\/05\\\/cropped-logo-bellunopress-.jpg\",\"contentUrl\":\"https:\\\/\\\/www.bellunopress.it\\\/wp-content\\\/uploads\\\/2011\\\/05\\\/cropped-logo-bellunopress-.jpg\",\"width\":512,\"height\":512,\"caption\":\"Bellunopress\"},\"image\":{\"@id\":\"https:\\\/\\\/www.bellunopress.it\\\/#\\\/schema\\\/logo\\\/image\\\/\"},\"sameAs\":[\"https:\\\/\\\/www.facebook.com\\\/profile.php?id=100008943462799\",\"https:\\\/\\\/x.com\\\/bellunopress\",\"https:\\\/\\\/www.linkedin.com\\\/hp\\\/?dnr=JBzUWaJfMUw8vbXJJ2tVW5-I3jZKvC4wsoxE&amp;amp;amp;amp;amp;amp;trk=nav_responsive_tab_home\",\"https:\\\/\\\/www.youtube.com\\\/channel\\\/UCxL0wu1uN0_3_7hGG0306cw\"]},{\"@type\":\"Person\",\"@id\":\"https:\\\/\\\/www.bellunopress.it\\\/#\\\/schema\\\/person\\\/79bb06722b37ece1c03d3e94beb30d73\",\"name\":\"redazione\",\"image\":{\"@type\":\"ImageObject\",\"inLanguage\":\"fr-FR\",\"@id\":\"https:\\\/\\\/secure.gravatar.com\\\/avatar\\\/37d968a2e67a6fd04c169c4bdef102d0bc5d31b2546345219e348575eb80e9a0?s=96&d=mm&r=g\",\"url\":\"https:\\\/\\\/secure.gravatar.com\\\/avatar\\\/37d968a2e67a6fd04c169c4bdef102d0bc5d31b2546345219e348575eb80e9a0?s=96&d=mm&r=g\",\"contentUrl\":\"https:\\\/\\\/secure.gravatar.com\\\/avatar\\\/37d968a2e67a6fd04c169c4bdef102d0bc5d31b2546345219e348575eb80e9a0?s=96&d=mm&r=g\",\"caption\":\"redazione\"},\"sameAs\":[\"http:\\\/\\\/www.bellunopress.it\",\"https:\\\/\\\/x.com\\\/bellunopress\"],\"url\":\"https:\\\/\\\/www.bellunopress.it\\\/fr\\\/author\\\/redazione\\\/\"}]}<\/script>\n<!-- \/ Yoast SEO plugin. -->","yoast_head_json":{"title":"Filctem Cgil primo sindacato in tutti i principali stabilimenti Luxottica. Anche Femca Cisl si proclama prima organizzazione - Bellunopress - Dolomiti","robots":{"index":"index","follow":"follow","max-snippet":"max-snippet:-1","max-image-preview":"max-image-preview:large","max-video-preview":"max-video-preview:-1"},"canonical":"https:\/\/www.bellunopress.it\/fr\/2026\/05\/23\/filctem-cgil-primo-sindacato-in-tutti-i-principali-stabilimenti-luxottica\/","og_locale":"fr_FR","og_type":"article","og_title":"Filctem Cgil primo sindacato in tutti i principali stabilimenti Luxottica. Anche Femca Cisl si proclama prima organizzazione - Bellunopress - Dolomiti","og_description":"La Filctem Cgil si conferma primo sindacato negli stabilimenti Luxottica al termine delle elezioni per il rinnovo delle Rsu, registrando un risultato di grande rilievo nei diversi siti produttivi del Veneto. Nello stabilimento di Sedico (Bl), su 1.414 votanti (1.313 voti validi), la Ficltem Cgil ha ottenuto 579 voti, conquistando 12 delegati, la Cisl 549 [&hellip;]","og_url":"https:\/\/www.bellunopress.it\/fr\/2026\/05\/23\/filctem-cgil-primo-sindacato-in-tutti-i-principali-stabilimenti-luxottica\/","og_site_name":"Bellunopress - Dolomiti","article_publisher":"https:\/\/www.facebook.com\/profile.php?id=100008943462799","article_published_time":"2026-05-23T17:29:14+00:00","article_modified_time":"2026-05-23T17:51:15+00:00","og_image":[{"width":700,"height":380,"url":"https:\/\/www.bellunopress.it\/wp-content\/uploads\/2023\/11\/filctem-cgil.jpg","type":"image\/jpeg"}],"author":"redazione","twitter_card":"summary_large_image","twitter_creator":"@bellunopress","twitter_site":"@bellunopress","twitter_misc":{"\u00c9crit par":"redazione","Dur\u00e9e de lecture estim\u00e9e":"3 minutes"},"schema":{"@context":"https:\/\/schema.org","@graph":[{"@type":"Article","@id":"https:\/\/www.bellunopress.it\/2026\/05\/23\/filctem-cgil-primo-sindacato-in-tutti-i-principali-stabilimenti-luxottica\/#article","isPartOf":{"@id":"https:\/\/www.bellunopress.it\/2026\/05\/23\/filctem-cgil-primo-sindacato-in-tutti-i-principali-stabilimenti-luxottica\/"},"author":{"name":"redazione","@id":"https:\/\/www.bellunopress.it\/#\/schema\/person\/79bb06722b37ece1c03d3e94beb30d73"},"headline":"Filctem Cgil primo sindacato in tutti i principali stabilimenti Luxottica. Anche Femca Cisl si proclama prima organizzazione","datePublished":"2026-05-23T17:29:14+00:00","dateModified":"2026-05-23T17:51:15+00:00","mainEntityOfPage":{"@id":"https:\/\/www.bellunopress.it\/2026\/05\/23\/filctem-cgil-primo-sindacato-in-tutti-i-principali-stabilimenti-luxottica\/"},"wordCount":492,"publisher":{"@id":"https:\/\/www.bellunopress.it\/#organization"},"image":{"@id":"https:\/\/www.bellunopress.it\/2026\/05\/23\/filctem-cgil-primo-sindacato-in-tutti-i-principali-stabilimenti-luxottica\/#primaryimage"},"thumbnailUrl":"https:\/\/www.bellunopress.it\/wp-content\/uploads\/2023\/11\/filctem-cgil.jpg","articleSection":["Lavoro, Economia, Turismo"],"inLanguage":"fr-FR"},{"@type":"WebPage","@id":"https:\/\/www.bellunopress.it\/2026\/05\/23\/filctem-cgil-primo-sindacato-in-tutti-i-principali-stabilimenti-luxottica\/","url":"https:\/\/www.bellunopress.it\/2026\/05\/23\/filctem-cgil-primo-sindacato-in-tutti-i-principali-stabilimenti-luxottica\/","name":"Filctem Cgil primo sindacato in tutti i principali stabilimenti Luxottica. Anche Femca Cisl si proclama prima organizzazione - Bellunopress - Dolomiti","isPartOf":{"@id":"https:\/\/www.bellunopress.it\/#website"},"primaryImageOfPage":{"@id":"https:\/\/www.bellunopress.it\/2026\/05\/23\/filctem-cgil-primo-sindacato-in-tutti-i-principali-stabilimenti-luxottica\/#primaryimage"},"image":{"@id":"https:\/\/www.bellunopress.it\/2026\/05\/23\/filctem-cgil-primo-sindacato-in-tutti-i-principali-stabilimenti-luxottica\/#primaryimage"},"thumbnailUrl":"https:\/\/www.bellunopress.it\/wp-content\/uploads\/2023\/11\/filctem-cgil.jpg","datePublished":"2026-05-23T17:29:14+00:00","dateModified":"2026-05-23T17:51:15+00:00","breadcrumb":{"@id":"https:\/\/www.bellunopress.it\/2026\/05\/23\/filctem-cgil-primo-sindacato-in-tutti-i-principali-stabilimenti-luxottica\/#breadcrumb"},"inLanguage":"fr-FR","potentialAction":[{"@type":"ReadAction","target":["https:\/\/www.bellunopress.it\/2026\/05\/23\/filctem-cgil-primo-sindacato-in-tutti-i-principali-stabilimenti-luxottica\/"]}]},{"@type":"ImageObject","inLanguage":"fr-FR","@id":"https:\/\/www.bellunopress.it\/2026\/05\/23\/filctem-cgil-primo-sindacato-in-tutti-i-principali-stabilimenti-luxottica\/#primaryimage","url":"https:\/\/www.bellunopress.it\/wp-content\/uploads\/2023\/11\/filctem-cgil.jpg","contentUrl":"https:\/\/www.bellunopress.it\/wp-content\/uploads\/2023\/11\/filctem-cgil.jpg","width":700,"height":380},{"@type":"BreadcrumbList","@id":"https:\/\/www.bellunopress.it\/2026\/05\/23\/filctem-cgil-primo-sindacato-in-tutti-i-principali-stabilimenti-luxottica\/#breadcrumb","itemListElement":[{"@type":"ListItem","position":1,"name":"Home","item":"https:\/\/www.bellunopress.it\/"},{"@type":"ListItem","position":2,"name":"Filctem Cgil primo sindacato in tutti i principali stabilimenti Luxottica. Anche Femca Cisl si proclama prima organizzazione"}]},{"@type":"WebSite","@id":"https:\/\/www.bellunopress.it\/#website","url":"https:\/\/www.bellunopress.it\/","name":"Bellunopress - Dolomiti","description":"e-mail: redazione@bellunopress.it","publisher":{"@id":"https:\/\/www.bellunopress.it\/#organization"},"potentialAction":[{"@type":"SearchAction","target":{"@type":"EntryPoint","urlTemplate":"https:\/\/www.bellunopress.it\/?s={search_term_string}"},"query-input":{"@type":"PropertyValueSpecification","valueRequired":true,"valueName":"search_term_string"}}],"inLanguage":"fr-FR"},{"@type":"Organization","@id":"https:\/\/www.bellunopress.it\/#organization","name":"Bellunopress","url":"https:\/\/www.bellunopress.it\/","logo":{"@type":"ImageObject","inLanguage":"fr-FR","@id":"https:\/\/www.bellunopress.it\/#\/schema\/logo\/image\/","url":"https:\/\/www.bellunopress.it\/wp-content\/uploads\/2011\/05\/cropped-logo-bellunopress-.jpg","contentUrl":"https:\/\/www.bellunopress.it\/wp-content\/uploads\/2011\/05\/cropped-logo-bellunopress-.jpg","width":512,"height":512,"caption":"Bellunopress"},"image":{"@id":"https:\/\/www.bellunopress.it\/#\/schema\/logo\/image\/"},"sameAs":["https:\/\/www.facebook.com\/profile.php?id=100008943462799","https:\/\/x.com\/bellunopress","https:\/\/www.linkedin.com\/hp\/?dnr=JBzUWaJfMUw8vbXJJ2tVW5-I3jZKvC4wsoxE&amp;amp;amp;amp;amp;amp;trk=nav_responsive_tab_home","https:\/\/www.youtube.com\/channel\/UCxL0wu1uN0_3_7hGG0306cw"]},{"@type":"Person","@id":"https:\/\/www.bellunopress.it\/#\/schema\/person\/79bb06722b37ece1c03d3e94beb30d73","name":"r\u00e9daction","image":{"@type":"ImageObject","inLanguage":"fr-FR","@id":"https:\/\/secure.gravatar.com\/avatar\/37d968a2e67a6fd04c169c4bdef102d0bc5d31b2546345219e348575eb80e9a0?s=96&d=mm&r=g","url":"https:\/\/secure.gravatar.com\/avatar\/37d968a2e67a6fd04c169c4bdef102d0bc5d31b2546345219e348575eb80e9a0?s=96&d=mm&r=g","contentUrl":"https:\/\/secure.gravatar.com\/avatar\/37d968a2e67a6fd04c169c4bdef102d0bc5d31b2546345219e348575eb80e9a0?s=96&d=mm&r=g","caption":"redazione"},"sameAs":["http:\/\/www.bellunopress.it","https:\/\/x.com\/bellunopress"],"url":"https:\/\/www.bellunopress.it\/fr\/author\/redazione\/"}]}},"_links":{"self":[{"href":"https:\/\/www.bellunopress.it\/fr\/wp-json\/wp\/v2\/posts\/170386","targetHints":{"allow":["GET"]}}],"collection":[{"href":"https:\/\/www.bellunopress.it\/fr\/wp-json\/wp\/v2\/posts"}],"about":[{"href":"https:\/\/www.bellunopress.it\/fr\/wp-json\/wp\/v2\/types\/post"}],"author":[{"embeddable":true,"href":"https:\/\/www.bellunopress.it\/fr\/wp-json\/wp\/v2\/users\/2"}],"replies":[{"embeddable":true,"href":"https:\/\/www.bellunopress.it\/fr\/wp-json\/wp\/v2\/comments?post=170386"}],"version-history":[{"count":4,"href":"https:\/\/www.bellunopress.it\/fr\/wp-json\/wp\/v2\/posts\/170386\/revisions"}],"predecessor-version":[{"id":170390,"href":"https:\/\/www.bellunopress.it\/fr\/wp-json\/wp\/v2\/posts\/170386\/revisions\/170390"}],"wp:featuredmedia":[{"embeddable":true,"href":"https:\/\/www.bellunopress.it\/fr\/wp-json\/wp\/v2\/media\/145599"}],"wp:attachment":[{"href":"https:\/\/www.bellunopress.it\/fr\/wp-json\/wp\/v2\/media?parent=170386"}],"wp:term":[{"taxonomy":"category","embeddable":true,"href":"https:\/\/www.bellunopress.it\/fr\/wp-json\/wp\/v2\/categories?post=170386"},{"taxonomy":"post_tag","embeddable":true,"href":"https:\/\/www.bellunopress.it\/fr\/wp-json\/wp\/v2\/tags?post=170386"}],"curies":[{"name":"wp","href":"https:\/\/api.w.org\/{rel}","templated":true}]}}