{"id":170378,"date":"2026-05-23T10:27:32","date_gmt":"2026-05-23T08:27:32","guid":{"rendered":"https:\/\/www.bellunopress.it\/?p=170378"},"modified":"2026-05-23T10:27:32","modified_gmt":"2026-05-23T08:27:32","slug":"sospesa-la-licenza-per-20-giorni-a-una-pizzeria-di-quero-vas","status":"publish","type":"post","link":"https:\/\/www.bellunopress.it\/fr\/2026\/05\/23\/sospesa-la-licenza-per-20-giorni-a-una-pizzeria-di-quero-vas\/","title":{"rendered":"Sospesa la licenza per 20 giorni a una pizzeria di Quero Vas"},"content":{"rendered":"<p>Il Questore della Provincia di Belluno, Roberto Della Rocca, attraverso la squadra di Polizia amministrativa ha provveduto a redigere un decreto ex art. 100 TULPS nei confronti di un pubblico esercizio di ristorazione sito a Quero Vas con il quale ne ha disposto la sospensione della licenza per 20 giorni.<\/p>\n<p>L\u2019attivit\u00e0 di controllo posta in essere negli anni dalla Questura di Belluno e dall\u2019Arma dei Carabinieri sugli avventori ha riscontrato come il locale fosse diventato ritrovo abituale di persone pregiudicate e luogo di condotte illecite, tanto da disporne la chiusura dello stesso ex art. 100 TULPS, gi\u00e0 nell\u2019ottobre 2024, per la durata di 15 giorni.<\/p>\n<p>Nonostante il provvedimento interdittivo, i successivi accertamenti disposti dalla Questura e dall\u2019Arma dei Carabinieri hanno dimostrato il protrarsi di quelle condotte pericolose sotto il profilo dell\u2019ordine e della sicurezza pubblica, gi\u00e0 a suo tempo sanzionate, come la costante presenza di persone pregiudicate all\u2019interno dell\u2019esercizio.<\/p>\n<p>In particolare, in data 3 maggio u.s i militari dell\u2019Arma della Compagnia di Feltre intervenivano per sedare una rissa che vedeva coinvolti 7 avventori, ed inoltre in occasione di un successivo controllo disposto della Polizia di Stato veniva rinvenuta all\u2019interno dei locali sostanza stupefacente.<\/p>\n<p>Pertanto, accertata la reiterata attivit\u00e0 delinquenziale all\u2019interno e nelle pertinenze della pizzeria, il Questore della Provincia di Belluno ha irrogato nei confronti del proprietario un nuovo provvedimento di sospensione della licenza ex art 100 TULPS questa volta per 20 giorni.<\/p>","protected":false},"excerpt":{"rendered":"<p>Il Questore della Provincia di Belluno, Roberto Della Rocca, attraverso la squadra di Polizia amministrativa ha provveduto a redigere un decreto ex art. 100 TULPS nei confronti di un pubblico esercizio di ristorazione sito a Quero Vas con il quale ne ha disposto la sospensione della licenza per 20 giorni. L\u2019attivit\u00e0 di controllo posta in [&hellip;]<\/p>\n","protected":false},"author":2,"featured_media":158083,"comment_status":"closed","ping_status":"open","sticky":false,"template":"","format":"standard","meta":{"footnotes":""},"categories":[26],"tags":[],"class_list":["post-170378","post","type-post","status-publish","format-standard","has-post-thumbnail","category-prima-pagina"],"yoast_head":"<!-- This site is optimized with the Yoast SEO plugin v28.4 - https:\/\/yoast.com\/product\/yoast-seo-wordpress\/ -->\n<title>Sospesa la licenza per 20 giorni a una pizzeria di Quero Vas - Bellunopress - Dolomiti<\/title>\n<meta name=\"robots\" content=\"index, follow, max-snippet:-1, max-image-preview:large, max-video-preview:-1\" \/>\n<link rel=\"canonical\" href=\"https:\/\/www.bellunopress.it\/fr\/2026\/05\/23\/sospesa-la-licenza-per-20-giorni-a-una-pizzeria-di-quero-vas\/\" \/>\n<meta property=\"og:locale\" content=\"fr_FR\" \/>\n<meta property=\"og:type\" content=\"article\" \/>\n<meta property=\"og:title\" content=\"Sospesa la licenza per 20 giorni a una pizzeria di Quero Vas - Bellunopress - Dolomiti\" \/>\n<meta property=\"og:description\" content=\"Il Questore della Provincia di Belluno, Roberto Della Rocca, attraverso la squadra di Polizia amministrativa ha provveduto a redigere un decreto ex art. 100 TULPS nei confronti di un pubblico esercizio di ristorazione sito a Quero Vas con il quale ne ha disposto la sospensione della licenza per 20 giorni. L\u2019attivit\u00e0 di controllo posta in [&hellip;]\" \/>\n<meta property=\"og:url\" content=\"https:\/\/www.bellunopress.it\/fr\/2026\/05\/23\/sospesa-la-licenza-per-20-giorni-a-una-pizzeria-di-quero-vas\/\" \/>\n<meta property=\"og:site_name\" content=\"Bellunopress - Dolomiti\" \/>\n<meta property=\"article:publisher\" content=\"https:\/\/www.facebook.com\/profile.php?id=100008943462799\" \/>\n<meta property=\"article:published_time\" content=\"2026-05-23T08:27:32+00:00\" \/>\n<meta property=\"og:image\" content=\"https:\/\/www.bellunopress.it\/wp-content\/uploads\/2025\/02\/questore-roberto-della-rocca_edited.jpg\" \/>\n\t<meta property=\"og:image:width\" content=\"1000\" \/>\n\t<meta property=\"og:image:height\" content=\"937\" \/>\n\t<meta property=\"og:image:type\" content=\"image\/jpeg\" \/>\n<meta name=\"author\" content=\"redazione\" \/>\n<meta name=\"twitter:card\" content=\"summary_large_image\" \/>\n<meta name=\"twitter:creator\" content=\"@bellunopress\" \/>\n<meta name=\"twitter:site\" content=\"@bellunopress\" \/>\n<meta name=\"twitter:label1\" content=\"\u00c9crit par\" \/>\n\t<meta name=\"twitter:data1\" content=\"redazione\" \/>\n\t<meta name=\"twitter:label2\" content=\"Dur\u00e9e de lecture estim\u00e9e\" \/>\n\t<meta name=\"twitter:data2\" content=\"2 minutes\" \/>\n<script type=\"application\/ld+json\" class=\"yoast-schema-graph\">{\"@context\":\"https:\\\/\\\/schema.org\",\"@graph\":[{\"@type\":\"Article\",\"@id\":\"https:\\\/\\\/www.bellunopress.it\\\/2026\\\/05\\\/23\\\/sospesa-la-licenza-per-20-giorni-a-una-pizzeria-di-quero-vas\\\/#article\",\"isPartOf\":{\"@id\":\"https:\\\/\\\/www.bellunopress.it\\\/2026\\\/05\\\/23\\\/sospesa-la-licenza-per-20-giorni-a-una-pizzeria-di-quero-vas\\\/\"},\"author\":{\"name\":\"redazione\",\"@id\":\"https:\\\/\\\/www.bellunopress.it\\\/#\\\/schema\\\/person\\\/79bb06722b37ece1c03d3e94beb30d73\"},\"headline\":\"Sospesa la licenza per 20 giorni a una pizzeria di Quero Vas\",\"datePublished\":\"2026-05-23T08:27:32+00:00\",\"mainEntityOfPage\":{\"@id\":\"https:\\\/\\\/www.bellunopress.it\\\/2026\\\/05\\\/23\\\/sospesa-la-licenza-per-20-giorni-a-una-pizzeria-di-quero-vas\\\/\"},\"wordCount\":246,\"publisher\":{\"@id\":\"https:\\\/\\\/www.bellunopress.it\\\/#organization\"},\"image\":{\"@id\":\"https:\\\/\\\/www.bellunopress.it\\\/2026\\\/05\\\/23\\\/sospesa-la-licenza-per-20-giorni-a-una-pizzeria-di-quero-vas\\\/#primaryimage\"},\"thumbnailUrl\":\"https:\\\/\\\/www.bellunopress.it\\\/wp-content\\\/uploads\\\/2025\\\/02\\\/questore-roberto-della-rocca_edited.jpg\",\"articleSection\":[\"Prima Pagina\"],\"inLanguage\":\"fr-FR\"},{\"@type\":\"WebPage\",\"@id\":\"https:\\\/\\\/www.bellunopress.it\\\/2026\\\/05\\\/23\\\/sospesa-la-licenza-per-20-giorni-a-una-pizzeria-di-quero-vas\\\/\",\"url\":\"https:\\\/\\\/www.bellunopress.it\\\/2026\\\/05\\\/23\\\/sospesa-la-licenza-per-20-giorni-a-una-pizzeria-di-quero-vas\\\/\",\"name\":\"Sospesa la licenza per 20 giorni a una pizzeria di Quero Vas - Bellunopress - Dolomiti\",\"isPartOf\":{\"@id\":\"https:\\\/\\\/www.bellunopress.it\\\/#website\"},\"primaryImageOfPage\":{\"@id\":\"https:\\\/\\\/www.bellunopress.it\\\/2026\\\/05\\\/23\\\/sospesa-la-licenza-per-20-giorni-a-una-pizzeria-di-quero-vas\\\/#primaryimage\"},\"image\":{\"@id\":\"https:\\\/\\\/www.bellunopress.it\\\/2026\\\/05\\\/23\\\/sospesa-la-licenza-per-20-giorni-a-una-pizzeria-di-quero-vas\\\/#primaryimage\"},\"thumbnailUrl\":\"https:\\\/\\\/www.bellunopress.it\\\/wp-content\\\/uploads\\\/2025\\\/02\\\/questore-roberto-della-rocca_edited.jpg\",\"datePublished\":\"2026-05-23T08:27:32+00:00\",\"breadcrumb\":{\"@id\":\"https:\\\/\\\/www.bellunopress.it\\\/2026\\\/05\\\/23\\\/sospesa-la-licenza-per-20-giorni-a-una-pizzeria-di-quero-vas\\\/#breadcrumb\"},\"inLanguage\":\"fr-FR\",\"potentialAction\":[{\"@type\":\"ReadAction\",\"target\":[\"https:\\\/\\\/www.bellunopress.it\\\/2026\\\/05\\\/23\\\/sospesa-la-licenza-per-20-giorni-a-una-pizzeria-di-quero-vas\\\/\"]}]},{\"@type\":\"ImageObject\",\"inLanguage\":\"fr-FR\",\"@id\":\"https:\\\/\\\/www.bellunopress.it\\\/2026\\\/05\\\/23\\\/sospesa-la-licenza-per-20-giorni-a-una-pizzeria-di-quero-vas\\\/#primaryimage\",\"url\":\"https:\\\/\\\/www.bellunopress.it\\\/wp-content\\\/uploads\\\/2025\\\/02\\\/questore-roberto-della-rocca_edited.jpg\",\"contentUrl\":\"https:\\\/\\\/www.bellunopress.it\\\/wp-content\\\/uploads\\\/2025\\\/02\\\/questore-roberto-della-rocca_edited.jpg\",\"width\":1000,\"height\":937,\"caption\":\"Roberto Della Rocca, questore di Belluno\"},{\"@type\":\"BreadcrumbList\",\"@id\":\"https:\\\/\\\/www.bellunopress.it\\\/2026\\\/05\\\/23\\\/sospesa-la-licenza-per-20-giorni-a-una-pizzeria-di-quero-vas\\\/#breadcrumb\",\"itemListElement\":[{\"@type\":\"ListItem\",\"position\":1,\"name\":\"Home\",\"item\":\"https:\\\/\\\/www.bellunopress.it\\\/\"},{\"@type\":\"ListItem\",\"position\":2,\"name\":\"Sospesa la licenza per 20 giorni a una pizzeria di Quero Vas\"}]},{\"@type\":\"WebSite\",\"@id\":\"https:\\\/\\\/www.bellunopress.it\\\/#website\",\"url\":\"https:\\\/\\\/www.bellunopress.it\\\/\",\"name\":\"Bellunopress - Dolomiti\",\"description\":\"e-mail: redazione@bellunopress.it\",\"publisher\":{\"@id\":\"https:\\\/\\\/www.bellunopress.it\\\/#organization\"},\"potentialAction\":[{\"@type\":\"SearchAction\",\"target\":{\"@type\":\"EntryPoint\",\"urlTemplate\":\"https:\\\/\\\/www.bellunopress.it\\\/?s={search_term_string}\"},\"query-input\":{\"@type\":\"PropertyValueSpecification\",\"valueRequired\":true,\"valueName\":\"search_term_string\"}}],\"inLanguage\":\"fr-FR\"},{\"@type\":\"Organization\",\"@id\":\"https:\\\/\\\/www.bellunopress.it\\\/#organization\",\"name\":\"Bellunopress\",\"url\":\"https:\\\/\\\/www.bellunopress.it\\\/\",\"logo\":{\"@type\":\"ImageObject\",\"inLanguage\":\"fr-FR\",\"@id\":\"https:\\\/\\\/www.bellunopress.it\\\/#\\\/schema\\\/logo\\\/image\\\/\",\"url\":\"https:\\\/\\\/www.bellunopress.it\\\/wp-content\\\/uploads\\\/2011\\\/05\\\/cropped-logo-bellunopress-.jpg\",\"contentUrl\":\"https:\\\/\\\/www.bellunopress.it\\\/wp-content\\\/uploads\\\/2011\\\/05\\\/cropped-logo-bellunopress-.jpg\",\"width\":512,\"height\":512,\"caption\":\"Bellunopress\"},\"image\":{\"@id\":\"https:\\\/\\\/www.bellunopress.it\\\/#\\\/schema\\\/logo\\\/image\\\/\"},\"sameAs\":[\"https:\\\/\\\/www.facebook.com\\\/profile.php?id=100008943462799\",\"https:\\\/\\\/x.com\\\/bellunopress\",\"https:\\\/\\\/www.linkedin.com\\\/hp\\\/?dnr=JBzUWaJfMUw8vbXJJ2tVW5-I3jZKvC4wsoxE&amp;amp;amp;amp;amp;amp;trk=nav_responsive_tab_home\",\"https:\\\/\\\/www.youtube.com\\\/channel\\\/UCxL0wu1uN0_3_7hGG0306cw\"]},{\"@type\":\"Person\",\"@id\":\"https:\\\/\\\/www.bellunopress.it\\\/#\\\/schema\\\/person\\\/79bb06722b37ece1c03d3e94beb30d73\",\"name\":\"redazione\",\"image\":{\"@type\":\"ImageObject\",\"inLanguage\":\"fr-FR\",\"@id\":\"https:\\\/\\\/secure.gravatar.com\\\/avatar\\\/37d968a2e67a6fd04c169c4bdef102d0bc5d31b2546345219e348575eb80e9a0?s=96&d=mm&r=g\",\"url\":\"https:\\\/\\\/secure.gravatar.com\\\/avatar\\\/37d968a2e67a6fd04c169c4bdef102d0bc5d31b2546345219e348575eb80e9a0?s=96&d=mm&r=g\",\"contentUrl\":\"https:\\\/\\\/secure.gravatar.com\\\/avatar\\\/37d968a2e67a6fd04c169c4bdef102d0bc5d31b2546345219e348575eb80e9a0?s=96&d=mm&r=g\",\"caption\":\"redazione\"},\"sameAs\":[\"http:\\\/\\\/www.bellunopress.it\",\"https:\\\/\\\/x.com\\\/bellunopress\"],\"url\":\"https:\\\/\\\/www.bellunopress.it\\\/fr\\\/author\\\/redazione\\\/\"}]}<\/script>\n<!-- \/ Yoast SEO plugin. -->","yoast_head_json":{"title":"Sospesa la licenza per 20 giorni a una pizzeria di Quero Vas - Bellunopress - Dolomiti","robots":{"index":"index","follow":"follow","max-snippet":"max-snippet:-1","max-image-preview":"max-image-preview:large","max-video-preview":"max-video-preview:-1"},"canonical":"https:\/\/www.bellunopress.it\/fr\/2026\/05\/23\/sospesa-la-licenza-per-20-giorni-a-una-pizzeria-di-quero-vas\/","og_locale":"fr_FR","og_type":"article","og_title":"Sospesa la licenza per 20 giorni a una pizzeria di Quero Vas - Bellunopress - Dolomiti","og_description":"Il Questore della Provincia di Belluno, Roberto Della Rocca, attraverso la squadra di Polizia amministrativa ha provveduto a redigere un decreto ex art. 100 TULPS nei confronti di un pubblico esercizio di ristorazione sito a Quero Vas con il quale ne ha disposto la sospensione della licenza per 20 giorni. L\u2019attivit\u00e0 di controllo posta in [&hellip;]","og_url":"https:\/\/www.bellunopress.it\/fr\/2026\/05\/23\/sospesa-la-licenza-per-20-giorni-a-una-pizzeria-di-quero-vas\/","og_site_name":"Bellunopress - Dolomiti","article_publisher":"https:\/\/www.facebook.com\/profile.php?id=100008943462799","article_published_time":"2026-05-23T08:27:32+00:00","og_image":[{"width":1000,"height":937,"url":"https:\/\/www.bellunopress.it\/wp-content\/uploads\/2025\/02\/questore-roberto-della-rocca_edited.jpg","type":"image\/jpeg"}],"author":"redazione","twitter_card":"summary_large_image","twitter_creator":"@bellunopress","twitter_site":"@bellunopress","twitter_misc":{"\u00c9crit par":"redazione","Dur\u00e9e de lecture estim\u00e9e":"2 minutes"},"schema":{"@context":"https:\/\/schema.org","@graph":[{"@type":"Article","@id":"https:\/\/www.bellunopress.it\/2026\/05\/23\/sospesa-la-licenza-per-20-giorni-a-una-pizzeria-di-quero-vas\/#article","isPartOf":{"@id":"https:\/\/www.bellunopress.it\/2026\/05\/23\/sospesa-la-licenza-per-20-giorni-a-una-pizzeria-di-quero-vas\/"},"author":{"name":"redazione","@id":"https:\/\/www.bellunopress.it\/#\/schema\/person\/79bb06722b37ece1c03d3e94beb30d73"},"headline":"Sospesa la licenza per 20 giorni a una pizzeria di Quero Vas","datePublished":"2026-05-23T08:27:32+00:00","mainEntityOfPage":{"@id":"https:\/\/www.bellunopress.it\/2026\/05\/23\/sospesa-la-licenza-per-20-giorni-a-una-pizzeria-di-quero-vas\/"},"wordCount":246,"publisher":{"@id":"https:\/\/www.bellunopress.it\/#organization"},"image":{"@id":"https:\/\/www.bellunopress.it\/2026\/05\/23\/sospesa-la-licenza-per-20-giorni-a-una-pizzeria-di-quero-vas\/#primaryimage"},"thumbnailUrl":"https:\/\/www.bellunopress.it\/wp-content\/uploads\/2025\/02\/questore-roberto-della-rocca_edited.jpg","articleSection":["Prima Pagina"],"inLanguage":"fr-FR"},{"@type":"WebPage","@id":"https:\/\/www.bellunopress.it\/2026\/05\/23\/sospesa-la-licenza-per-20-giorni-a-una-pizzeria-di-quero-vas\/","url":"https:\/\/www.bellunopress.it\/2026\/05\/23\/sospesa-la-licenza-per-20-giorni-a-una-pizzeria-di-quero-vas\/","name":"Sospesa la licenza per 20 giorni a una pizzeria di Quero Vas - Bellunopress - Dolomiti","isPartOf":{"@id":"https:\/\/www.bellunopress.it\/#website"},"primaryImageOfPage":{"@id":"https:\/\/www.bellunopress.it\/2026\/05\/23\/sospesa-la-licenza-per-20-giorni-a-una-pizzeria-di-quero-vas\/#primaryimage"},"image":{"@id":"https:\/\/www.bellunopress.it\/2026\/05\/23\/sospesa-la-licenza-per-20-giorni-a-una-pizzeria-di-quero-vas\/#primaryimage"},"thumbnailUrl":"https:\/\/www.bellunopress.it\/wp-content\/uploads\/2025\/02\/questore-roberto-della-rocca_edited.jpg","datePublished":"2026-05-23T08:27:32+00:00","breadcrumb":{"@id":"https:\/\/www.bellunopress.it\/2026\/05\/23\/sospesa-la-licenza-per-20-giorni-a-una-pizzeria-di-quero-vas\/#breadcrumb"},"inLanguage":"fr-FR","potentialAction":[{"@type":"ReadAction","target":["https:\/\/www.bellunopress.it\/2026\/05\/23\/sospesa-la-licenza-per-20-giorni-a-una-pizzeria-di-quero-vas\/"]}]},{"@type":"ImageObject","inLanguage":"fr-FR","@id":"https:\/\/www.bellunopress.it\/2026\/05\/23\/sospesa-la-licenza-per-20-giorni-a-una-pizzeria-di-quero-vas\/#primaryimage","url":"https:\/\/www.bellunopress.it\/wp-content\/uploads\/2025\/02\/questore-roberto-della-rocca_edited.jpg","contentUrl":"https:\/\/www.bellunopress.it\/wp-content\/uploads\/2025\/02\/questore-roberto-della-rocca_edited.jpg","width":1000,"height":937,"caption":"Roberto Della Rocca, questore di Belluno"},{"@type":"BreadcrumbList","@id":"https:\/\/www.bellunopress.it\/2026\/05\/23\/sospesa-la-licenza-per-20-giorni-a-una-pizzeria-di-quero-vas\/#breadcrumb","itemListElement":[{"@type":"ListItem","position":1,"name":"Home","item":"https:\/\/www.bellunopress.it\/"},{"@type":"ListItem","position":2,"name":"Sospesa la licenza per 20 giorni a una pizzeria di Quero Vas"}]},{"@type":"WebSite","@id":"https:\/\/www.bellunopress.it\/#website","url":"https:\/\/www.bellunopress.it\/","name":"Bellunopress - Dolomiti","description":"e-mail: redazione@bellunopress.it","publisher":{"@id":"https:\/\/www.bellunopress.it\/#organization"},"potentialAction":[{"@type":"SearchAction","target":{"@type":"EntryPoint","urlTemplate":"https:\/\/www.bellunopress.it\/?s={search_term_string}"},"query-input":{"@type":"PropertyValueSpecification","valueRequired":true,"valueName":"search_term_string"}}],"inLanguage":"fr-FR"},{"@type":"Organization","@id":"https:\/\/www.bellunopress.it\/#organization","name":"Bellunopress","url":"https:\/\/www.bellunopress.it\/","logo":{"@type":"ImageObject","inLanguage":"fr-FR","@id":"https:\/\/www.bellunopress.it\/#\/schema\/logo\/image\/","url":"https:\/\/www.bellunopress.it\/wp-content\/uploads\/2011\/05\/cropped-logo-bellunopress-.jpg","contentUrl":"https:\/\/www.bellunopress.it\/wp-content\/uploads\/2011\/05\/cropped-logo-bellunopress-.jpg","width":512,"height":512,"caption":"Bellunopress"},"image":{"@id":"https:\/\/www.bellunopress.it\/#\/schema\/logo\/image\/"},"sameAs":["https:\/\/www.facebook.com\/profile.php?id=100008943462799","https:\/\/x.com\/bellunopress","https:\/\/www.linkedin.com\/hp\/?dnr=JBzUWaJfMUw8vbXJJ2tVW5-I3jZKvC4wsoxE&amp;amp;amp;amp;amp;amp;trk=nav_responsive_tab_home","https:\/\/www.youtube.com\/channel\/UCxL0wu1uN0_3_7hGG0306cw"]},{"@type":"Person","@id":"https:\/\/www.bellunopress.it\/#\/schema\/person\/79bb06722b37ece1c03d3e94beb30d73","name":"r\u00e9daction","image":{"@type":"ImageObject","inLanguage":"fr-FR","@id":"https:\/\/secure.gravatar.com\/avatar\/37d968a2e67a6fd04c169c4bdef102d0bc5d31b2546345219e348575eb80e9a0?s=96&d=mm&r=g","url":"https:\/\/secure.gravatar.com\/avatar\/37d968a2e67a6fd04c169c4bdef102d0bc5d31b2546345219e348575eb80e9a0?s=96&d=mm&r=g","contentUrl":"https:\/\/secure.gravatar.com\/avatar\/37d968a2e67a6fd04c169c4bdef102d0bc5d31b2546345219e348575eb80e9a0?s=96&d=mm&r=g","caption":"redazione"},"sameAs":["http:\/\/www.bellunopress.it","https:\/\/x.com\/bellunopress"],"url":"https:\/\/www.bellunopress.it\/fr\/author\/redazione\/"}]}},"_links":{"self":[{"href":"https:\/\/www.bellunopress.it\/fr\/wp-json\/wp\/v2\/posts\/170378","targetHints":{"allow":["GET"]}}],"collection":[{"href":"https:\/\/www.bellunopress.it\/fr\/wp-json\/wp\/v2\/posts"}],"about":[{"href":"https:\/\/www.bellunopress.it\/fr\/wp-json\/wp\/v2\/types\/post"}],"author":[{"embeddable":true,"href":"https:\/\/www.bellunopress.it\/fr\/wp-json\/wp\/v2\/users\/2"}],"replies":[{"embeddable":true,"href":"https:\/\/www.bellunopress.it\/fr\/wp-json\/wp\/v2\/comments?post=170378"}],"version-history":[{"count":1,"href":"https:\/\/www.bellunopress.it\/fr\/wp-json\/wp\/v2\/posts\/170378\/revisions"}],"predecessor-version":[{"id":170379,"href":"https:\/\/www.bellunopress.it\/fr\/wp-json\/wp\/v2\/posts\/170378\/revisions\/170379"}],"wp:featuredmedia":[{"embeddable":true,"href":"https:\/\/www.bellunopress.it\/fr\/wp-json\/wp\/v2\/media\/158083"}],"wp:attachment":[{"href":"https:\/\/www.bellunopress.it\/fr\/wp-json\/wp\/v2\/media?parent=170378"}],"wp:term":[{"taxonomy":"category","embeddable":true,"href":"https:\/\/www.bellunopress.it\/fr\/wp-json\/wp\/v2\/categories?post=170378"},{"taxonomy":"post_tag","embeddable":true,"href":"https:\/\/www.bellunopress.it\/fr\/wp-json\/wp\/v2\/tags?post=170378"}],"curies":[{"name":"wp","href":"https:\/\/api.w.org\/{rel}","templated":true}]}}