{"id":170375,"date":"2026-05-23T04:50:20","date_gmt":"2026-05-23T02:50:20","guid":{"rendered":"https:\/\/www.bellunopress.it\/?p=170375"},"modified":"2026-05-23T04:50:20","modified_gmt":"2026-05-23T02:50:20","slug":"immobilismo-italiano-solo-ipocrisia-e-propaganda","status":"publish","type":"post","link":"https:\/\/www.bellunopress.it\/fr\/2026\/05\/23\/immobilismo-italiano-solo-ipocrisia-e-propaganda\/","title":{"rendered":"Immobilismo italiano: solo ipocrisia e propaganda\u00a0"},"content":{"rendered":"<p>Tra le grida indignate della Meloni e i silenzi complici dell&#8217;Europa, la contabilit\u00e0 dell&#8217;orrore su Gaza supera i 75mila morti. Ma dietro la retorica umanitaria non c&#8217;\u00e8 una sola sanzione, n\u00e9 il coraggio di una politica estera indipendente. Assistiamo all\u2019ennesima replica di una recita collaudata: parole durissime, aggettivi ricercati nei dizionari della finta fermezza, e il vuoto pneumatico sul piano delle azioni concrete.<\/p>\n<p>Le recenti dichiarazioni della premier Giorgia Meloni e dei suoi ministri nei confronti dei crimini perpetrati dal governo israeliano non sono altro che aria fritta, fumo negli occhi per coprire una totale e manifesta complicit\u00e0 fattuale. Solo quando il popolo statunitense ha visto innalzarsi il costo della vita e ha fatto pressione per invertire la rotta sulla loro politica estera fallimentare, palesemente sotto ricatto di Israele, anche il teatrino italiano si \u00e8 mosso. I soldi, insomma, le ripercussioni economiche della guerra, non gi\u00e0 il macello spaventoso dei 75mila palestinesi uccisi a Gaza hanno determinato questo lento risveglio di facciata.<\/p>\n<p>E allora anche la seconda violenta aggressione in acque internazionali contro la Freedom Flotilla in appena sette mesi, fa registrare un sussulto della nostra diplomazia. Abbiamo visto il ministro Tajani con la faccia feroce rispolverare termini come &#8220;inaccettabile&#8221; e avventurarsi nel dichiarare spavaldamente che \u00e8 stata &#8220;superata la linea rossa&#8221;. Gli ha fatto eco il ministro Crosetto parlando di &#8220;vergogna&#8221;. Mentre la stessa Meloni si \u00e8 spinta a pretendere &#8220;scuse&#8221; da Tel Aviv per il trattamento disumano, le sevizie e le molestie inflitte agli attivisti internazionali sequestrati, molti dei quali cittadini europei.<\/p>\n<p>Ma superata questa cortina fumogena e notificata a mezzo stampa questa indignazione pr\u00eat-\u00e0-porter, rimane il vuoto. Nessuna azione concreta. Nessuna sanzione economica o politica \u00e8 stata comminata a chi sta portando avanti un vero e proprio sterminio.<\/p>\n<p>Al contrario, proprio mentre si consumava l\u2019ennesimo insulto al diritto internazionale, la maggioranza di governo in Italia e le forze centriste in Europa bocciavano senza remore la richiesta delle opposizioni progressiste per un embargo immediato e totale sulle armi a Israele. Non si bloccano le vendite, non si disdettano le intese commerciali nazionali, e si continua a fare muro contro la proposta di sospendere l\u2019accordo di associazione UE-Israele. L&#8217;incoerenza diventa persino grottesca se si guarda al panorama europeo. Le tre &#8220;grazie&#8221; di Bruxelles \u2013 Von der Leyen, Kallas e Metsola \u2013 appaiono perennemente indaffarate a confezionare il 21mo pacchetto di sanzioni contro la Russia, mostrando un attivismo formidabile per un conflitto esterno ai confini dell\u2019Unione. Quando si tratta di Israele, per\u00f2, la macchina sanzionatoria si inceppa di colpo.<\/p>\n<p>L\u2019unica debole iniziativa europea caldeggiata dal nostro esecutivo \u00e8 la richiesta di sanzionare singolarmente ministri estremisti come Ben-Gvir. Una mossa ridicola, utile solo a scaricare la colpa sul &#8220;sadico di turno&#8221; per salvare la facciata dell\u2019intero governo Netanyahu. Questo doppiopesismo non si limita alla gestione della crisi mediorientale, ma svela una pi\u00f9 profonda e strutturale subalternit\u00e0 geopolitica che penalizza i cittadini italiani ed europei. Mentre ci si barrica dietro la retorica del riarmo europeo \u2013 una spesa folle che vede, peraltro, il Partito Democratico tristemente allineato alla maggioranza meloniana \u2013 l\u2019Italia rinuncia a qualsiasi barlume di sovranit\u00e0 economica. In un momento in cui le imprese e le famiglie avrebbero un disperato bisogno di mercati aperti e di canali commerciali favorevoli, specialmente guardando a Est riaprendo i canali commerciali storicamente pi\u00f9 vantaggiosi, i canali della distensione rimangono sbarrati per motivi puramente ideologici.<\/p>\n<p>Si preferisce mantenere l\u2019economia in una morsa di stagnazione e inflazione piuttosto che osare un\u2019apertura al libero mercato globale che metta al primo posto l\u2019interesse collettivo e la cooperazione internazionale.<\/p>\n<p>Evidentemente la cambiale sottoscritta nel 1943 con la resa incondizionata non \u00e8 ancora scaduta.<\/p>\n<p>Siamo immersi in una realt\u00e0 surreale, costantemente bombardati da una narrazione mediatica mainstream quasi totalmente asservita a Palazzo Chigi, impegnata a nascondere le notizie scomode (come i veti incrociati nelle coalizioni interne) e a minimizzare i peggiori crimini contro i beni comuni e il diritto delle genti. Si rifiuta persino il riconoscimento puramente simbolico dello Stato palestinese e si nega l\u2019autorizzazione alle rogatorie della Procura di Roma per processare i militari israeliani che sequestrano i nostri attivisti.<\/p>\n<p>Gridare oggi alla &#8220;linea rossa&#8221; violata, senza far seguire alle parole il congelamento degli accordi commerciali o lo stop alla cooperazione tecnologica e di cybersicurezza tuttora appaltata a Tel Aviv, \u00e8 l\u2019atto finale di una politica estera ridotta a messaggistica social. Come ha lucidamente sintetizzato Marco Travaglio, ci troviamo di fronte a una postura politica che \u00e8 riassumibile in tre sole verit\u00e0: troppo tardi, troppo poco, troppo comodo.<\/p>\n<p>&nbsp;<\/p>","protected":false},"excerpt":{"rendered":"<p>Tra le grida indignate della Meloni e i silenzi complici dell&#8217;Europa, la contabilit\u00e0 dell&#8217;orrore su Gaza supera i 75mila morti. Ma dietro la retorica umanitaria non c&#8217;\u00e8 una sola sanzione, n\u00e9 il coraggio di una politica estera indipendente. Assistiamo all\u2019ennesima replica di una recita collaudata: parole durissime, aggettivi ricercati nei dizionari della finta fermezza, e [&hellip;]<\/p>\n","protected":false},"author":2,"featured_media":166969,"comment_status":"closed","ping_status":"open","sticky":false,"template":"","format":"standard","meta":{"footnotes":""},"categories":[5,3446,26],"tags":[],"class_list":["post-170375","post","type-post","status-publish","format-standard","has-post-thumbnail","category-cronaca","category-featured","category-prima-pagina"],"yoast_head":"<!-- This site is optimized with the Yoast SEO plugin v28.4 - https:\/\/yoast.com\/product\/yoast-seo-wordpress\/ -->\n<title>Immobilismo italiano: solo ipocrisia e propaganda\u00a0 - Bellunopress - Dolomiti<\/title>\n<meta name=\"robots\" content=\"index, follow, max-snippet:-1, max-image-preview:large, max-video-preview:-1\" \/>\n<link rel=\"canonical\" href=\"https:\/\/www.bellunopress.it\/fr\/2026\/05\/23\/immobilismo-italiano-solo-ipocrisia-e-propaganda\/\" \/>\n<meta property=\"og:locale\" content=\"fr_FR\" \/>\n<meta property=\"og:type\" content=\"article\" \/>\n<meta property=\"og:title\" content=\"Immobilismo italiano: solo ipocrisia e propaganda\u00a0 - Bellunopress - Dolomiti\" \/>\n<meta property=\"og:description\" content=\"Tra le grida indignate della Meloni e i silenzi complici dell&#8217;Europa, la contabilit\u00e0 dell&#8217;orrore su Gaza supera i 75mila morti. Ma dietro la retorica umanitaria non c&#8217;\u00e8 una sola sanzione, n\u00e9 il coraggio di una politica estera indipendente. Assistiamo all\u2019ennesima replica di una recita collaudata: parole durissime, aggettivi ricercati nei dizionari della finta fermezza, e [&hellip;]\" \/>\n<meta property=\"og:url\" content=\"https:\/\/www.bellunopress.it\/fr\/2026\/05\/23\/immobilismo-italiano-solo-ipocrisia-e-propaganda\/\" \/>\n<meta property=\"og:site_name\" content=\"Bellunopress - Dolomiti\" \/>\n<meta property=\"article:publisher\" content=\"https:\/\/www.facebook.com\/profile.php?id=100008943462799\" \/>\n<meta property=\"article:published_time\" content=\"2026-05-23T02:50:20+00:00\" \/>\n<meta property=\"og:image\" content=\"https:\/\/www.bellunopress.it\/wp-content\/uploads\/2026\/01\/leditoriale-di-roberto-de-nart.jpg\" \/>\n\t<meta property=\"og:image:width\" content=\"1024\" \/>\n\t<meta property=\"og:image:height\" content=\"335\" \/>\n\t<meta property=\"og:image:type\" content=\"image\/jpeg\" \/>\n<meta name=\"author\" content=\"redazione\" \/>\n<meta name=\"twitter:card\" content=\"summary_large_image\" \/>\n<meta name=\"twitter:creator\" content=\"@bellunopress\" \/>\n<meta name=\"twitter:site\" content=\"@bellunopress\" \/>\n<meta name=\"twitter:label1\" content=\"\u00c9crit par\" \/>\n\t<meta name=\"twitter:data1\" content=\"redazione\" \/>\n\t<meta name=\"twitter:label2\" content=\"Dur\u00e9e de lecture estim\u00e9e\" \/>\n\t<meta name=\"twitter:data2\" content=\"5 minutes\" \/>\n<script type=\"application\/ld+json\" class=\"yoast-schema-graph\">{\"@context\":\"https:\\\/\\\/schema.org\",\"@graph\":[{\"@type\":\"Article\",\"@id\":\"https:\\\/\\\/www.bellunopress.it\\\/2026\\\/05\\\/23\\\/immobilismo-italiano-solo-ipocrisia-e-propaganda\\\/#article\",\"isPartOf\":{\"@id\":\"https:\\\/\\\/www.bellunopress.it\\\/2026\\\/05\\\/23\\\/immobilismo-italiano-solo-ipocrisia-e-propaganda\\\/\"},\"author\":{\"name\":\"redazione\",\"@id\":\"https:\\\/\\\/www.bellunopress.it\\\/#\\\/schema\\\/person\\\/79bb06722b37ece1c03d3e94beb30d73\"},\"headline\":\"Immobilismo italiano: solo ipocrisia e propaganda\u00a0\",\"datePublished\":\"2026-05-23T02:50:20+00:00\",\"mainEntityOfPage\":{\"@id\":\"https:\\\/\\\/www.bellunopress.it\\\/2026\\\/05\\\/23\\\/immobilismo-italiano-solo-ipocrisia-e-propaganda\\\/\"},\"wordCount\":760,\"publisher\":{\"@id\":\"https:\\\/\\\/www.bellunopress.it\\\/#organization\"},\"image\":{\"@id\":\"https:\\\/\\\/www.bellunopress.it\\\/2026\\\/05\\\/23\\\/immobilismo-italiano-solo-ipocrisia-e-propaganda\\\/#primaryimage\"},\"thumbnailUrl\":\"https:\\\/\\\/www.bellunopress.it\\\/wp-content\\\/uploads\\\/2026\\\/01\\\/leditoriale-di-roberto-de-nart.jpg\",\"articleSection\":[\"Cronaca\\\/Politica\",\"Featured\",\"Prima Pagina\"],\"inLanguage\":\"fr-FR\"},{\"@type\":\"WebPage\",\"@id\":\"https:\\\/\\\/www.bellunopress.it\\\/2026\\\/05\\\/23\\\/immobilismo-italiano-solo-ipocrisia-e-propaganda\\\/\",\"url\":\"https:\\\/\\\/www.bellunopress.it\\\/2026\\\/05\\\/23\\\/immobilismo-italiano-solo-ipocrisia-e-propaganda\\\/\",\"name\":\"Immobilismo italiano: solo ipocrisia e propaganda\u00a0 - Bellunopress - Dolomiti\",\"isPartOf\":{\"@id\":\"https:\\\/\\\/www.bellunopress.it\\\/#website\"},\"primaryImageOfPage\":{\"@id\":\"https:\\\/\\\/www.bellunopress.it\\\/2026\\\/05\\\/23\\\/immobilismo-italiano-solo-ipocrisia-e-propaganda\\\/#primaryimage\"},\"image\":{\"@id\":\"https:\\\/\\\/www.bellunopress.it\\\/2026\\\/05\\\/23\\\/immobilismo-italiano-solo-ipocrisia-e-propaganda\\\/#primaryimage\"},\"thumbnailUrl\":\"https:\\\/\\\/www.bellunopress.it\\\/wp-content\\\/uploads\\\/2026\\\/01\\\/leditoriale-di-roberto-de-nart.jpg\",\"datePublished\":\"2026-05-23T02:50:20+00:00\",\"breadcrumb\":{\"@id\":\"https:\\\/\\\/www.bellunopress.it\\\/2026\\\/05\\\/23\\\/immobilismo-italiano-solo-ipocrisia-e-propaganda\\\/#breadcrumb\"},\"inLanguage\":\"fr-FR\",\"potentialAction\":[{\"@type\":\"ReadAction\",\"target\":[\"https:\\\/\\\/www.bellunopress.it\\\/2026\\\/05\\\/23\\\/immobilismo-italiano-solo-ipocrisia-e-propaganda\\\/\"]}]},{\"@type\":\"ImageObject\",\"inLanguage\":\"fr-FR\",\"@id\":\"https:\\\/\\\/www.bellunopress.it\\\/2026\\\/05\\\/23\\\/immobilismo-italiano-solo-ipocrisia-e-propaganda\\\/#primaryimage\",\"url\":\"https:\\\/\\\/www.bellunopress.it\\\/wp-content\\\/uploads\\\/2026\\\/01\\\/leditoriale-di-roberto-de-nart.jpg\",\"contentUrl\":\"https:\\\/\\\/www.bellunopress.it\\\/wp-content\\\/uploads\\\/2026\\\/01\\\/leditoriale-di-roberto-de-nart.jpg\",\"width\":1024,\"height\":335},{\"@type\":\"BreadcrumbList\",\"@id\":\"https:\\\/\\\/www.bellunopress.it\\\/2026\\\/05\\\/23\\\/immobilismo-italiano-solo-ipocrisia-e-propaganda\\\/#breadcrumb\",\"itemListElement\":[{\"@type\":\"ListItem\",\"position\":1,\"name\":\"Home\",\"item\":\"https:\\\/\\\/www.bellunopress.it\\\/\"},{\"@type\":\"ListItem\",\"position\":2,\"name\":\"Immobilismo italiano: solo ipocrisia e propaganda\u00a0\"}]},{\"@type\":\"WebSite\",\"@id\":\"https:\\\/\\\/www.bellunopress.it\\\/#website\",\"url\":\"https:\\\/\\\/www.bellunopress.it\\\/\",\"name\":\"Bellunopress - Dolomiti\",\"description\":\"e-mail: redazione@bellunopress.it\",\"publisher\":{\"@id\":\"https:\\\/\\\/www.bellunopress.it\\\/#organization\"},\"potentialAction\":[{\"@type\":\"SearchAction\",\"target\":{\"@type\":\"EntryPoint\",\"urlTemplate\":\"https:\\\/\\\/www.bellunopress.it\\\/?s={search_term_string}\"},\"query-input\":{\"@type\":\"PropertyValueSpecification\",\"valueRequired\":true,\"valueName\":\"search_term_string\"}}],\"inLanguage\":\"fr-FR\"},{\"@type\":\"Organization\",\"@id\":\"https:\\\/\\\/www.bellunopress.it\\\/#organization\",\"name\":\"Bellunopress\",\"url\":\"https:\\\/\\\/www.bellunopress.it\\\/\",\"logo\":{\"@type\":\"ImageObject\",\"inLanguage\":\"fr-FR\",\"@id\":\"https:\\\/\\\/www.bellunopress.it\\\/#\\\/schema\\\/logo\\\/image\\\/\",\"url\":\"https:\\\/\\\/www.bellunopress.it\\\/wp-content\\\/uploads\\\/2011\\\/05\\\/cropped-logo-bellunopress-.jpg\",\"contentUrl\":\"https:\\\/\\\/www.bellunopress.it\\\/wp-content\\\/uploads\\\/2011\\\/05\\\/cropped-logo-bellunopress-.jpg\",\"width\":512,\"height\":512,\"caption\":\"Bellunopress\"},\"image\":{\"@id\":\"https:\\\/\\\/www.bellunopress.it\\\/#\\\/schema\\\/logo\\\/image\\\/\"},\"sameAs\":[\"https:\\\/\\\/www.facebook.com\\\/profile.php?id=100008943462799\",\"https:\\\/\\\/x.com\\\/bellunopress\",\"https:\\\/\\\/www.linkedin.com\\\/hp\\\/?dnr=JBzUWaJfMUw8vbXJJ2tVW5-I3jZKvC4wsoxE&amp;amp;amp;amp;amp;amp;trk=nav_responsive_tab_home\",\"https:\\\/\\\/www.youtube.com\\\/channel\\\/UCxL0wu1uN0_3_7hGG0306cw\"]},{\"@type\":\"Person\",\"@id\":\"https:\\\/\\\/www.bellunopress.it\\\/#\\\/schema\\\/person\\\/79bb06722b37ece1c03d3e94beb30d73\",\"name\":\"redazione\",\"image\":{\"@type\":\"ImageObject\",\"inLanguage\":\"fr-FR\",\"@id\":\"https:\\\/\\\/secure.gravatar.com\\\/avatar\\\/37d968a2e67a6fd04c169c4bdef102d0bc5d31b2546345219e348575eb80e9a0?s=96&d=mm&r=g\",\"url\":\"https:\\\/\\\/secure.gravatar.com\\\/avatar\\\/37d968a2e67a6fd04c169c4bdef102d0bc5d31b2546345219e348575eb80e9a0?s=96&d=mm&r=g\",\"contentUrl\":\"https:\\\/\\\/secure.gravatar.com\\\/avatar\\\/37d968a2e67a6fd04c169c4bdef102d0bc5d31b2546345219e348575eb80e9a0?s=96&d=mm&r=g\",\"caption\":\"redazione\"},\"sameAs\":[\"http:\\\/\\\/www.bellunopress.it\",\"https:\\\/\\\/x.com\\\/bellunopress\"],\"url\":\"https:\\\/\\\/www.bellunopress.it\\\/fr\\\/author\\\/redazione\\\/\"}]}<\/script>\n<!-- \/ Yoast SEO plugin. -->","yoast_head_json":{"title":"Immobilismo italiano: solo ipocrisia e propaganda\u00a0 - Bellunopress - Dolomiti","robots":{"index":"index","follow":"follow","max-snippet":"max-snippet:-1","max-image-preview":"max-image-preview:large","max-video-preview":"max-video-preview:-1"},"canonical":"https:\/\/www.bellunopress.it\/fr\/2026\/05\/23\/immobilismo-italiano-solo-ipocrisia-e-propaganda\/","og_locale":"fr_FR","og_type":"article","og_title":"Immobilismo italiano: solo ipocrisia e propaganda\u00a0 - Bellunopress - Dolomiti","og_description":"Tra le grida indignate della Meloni e i silenzi complici dell&#8217;Europa, la contabilit\u00e0 dell&#8217;orrore su Gaza supera i 75mila morti. Ma dietro la retorica umanitaria non c&#8217;\u00e8 una sola sanzione, n\u00e9 il coraggio di una politica estera indipendente. Assistiamo all\u2019ennesima replica di una recita collaudata: parole durissime, aggettivi ricercati nei dizionari della finta fermezza, e [&hellip;]","og_url":"https:\/\/www.bellunopress.it\/fr\/2026\/05\/23\/immobilismo-italiano-solo-ipocrisia-e-propaganda\/","og_site_name":"Bellunopress - Dolomiti","article_publisher":"https:\/\/www.facebook.com\/profile.php?id=100008943462799","article_published_time":"2026-05-23T02:50:20+00:00","og_image":[{"width":1024,"height":335,"url":"https:\/\/www.bellunopress.it\/wp-content\/uploads\/2026\/01\/leditoriale-di-roberto-de-nart.jpg","type":"image\/jpeg"}],"author":"redazione","twitter_card":"summary_large_image","twitter_creator":"@bellunopress","twitter_site":"@bellunopress","twitter_misc":{"\u00c9crit par":"redazione","Dur\u00e9e de lecture estim\u00e9e":"5 minutes"},"schema":{"@context":"https:\/\/schema.org","@graph":[{"@type":"Article","@id":"https:\/\/www.bellunopress.it\/2026\/05\/23\/immobilismo-italiano-solo-ipocrisia-e-propaganda\/#article","isPartOf":{"@id":"https:\/\/www.bellunopress.it\/2026\/05\/23\/immobilismo-italiano-solo-ipocrisia-e-propaganda\/"},"author":{"name":"redazione","@id":"https:\/\/www.bellunopress.it\/#\/schema\/person\/79bb06722b37ece1c03d3e94beb30d73"},"headline":"Immobilismo italiano: solo ipocrisia e propaganda\u00a0","datePublished":"2026-05-23T02:50:20+00:00","mainEntityOfPage":{"@id":"https:\/\/www.bellunopress.it\/2026\/05\/23\/immobilismo-italiano-solo-ipocrisia-e-propaganda\/"},"wordCount":760,"publisher":{"@id":"https:\/\/www.bellunopress.it\/#organization"},"image":{"@id":"https:\/\/www.bellunopress.it\/2026\/05\/23\/immobilismo-italiano-solo-ipocrisia-e-propaganda\/#primaryimage"},"thumbnailUrl":"https:\/\/www.bellunopress.it\/wp-content\/uploads\/2026\/01\/leditoriale-di-roberto-de-nart.jpg","articleSection":["Cronaca\/Politica","Featured","Prima Pagina"],"inLanguage":"fr-FR"},{"@type":"WebPage","@id":"https:\/\/www.bellunopress.it\/2026\/05\/23\/immobilismo-italiano-solo-ipocrisia-e-propaganda\/","url":"https:\/\/www.bellunopress.it\/2026\/05\/23\/immobilismo-italiano-solo-ipocrisia-e-propaganda\/","name":"Immobilismo italiano: solo ipocrisia e propaganda\u00a0 - Bellunopress - Dolomiti","isPartOf":{"@id":"https:\/\/www.bellunopress.it\/#website"},"primaryImageOfPage":{"@id":"https:\/\/www.bellunopress.it\/2026\/05\/23\/immobilismo-italiano-solo-ipocrisia-e-propaganda\/#primaryimage"},"image":{"@id":"https:\/\/www.bellunopress.it\/2026\/05\/23\/immobilismo-italiano-solo-ipocrisia-e-propaganda\/#primaryimage"},"thumbnailUrl":"https:\/\/www.bellunopress.it\/wp-content\/uploads\/2026\/01\/leditoriale-di-roberto-de-nart.jpg","datePublished":"2026-05-23T02:50:20+00:00","breadcrumb":{"@id":"https:\/\/www.bellunopress.it\/2026\/05\/23\/immobilismo-italiano-solo-ipocrisia-e-propaganda\/#breadcrumb"},"inLanguage":"fr-FR","potentialAction":[{"@type":"ReadAction","target":["https:\/\/www.bellunopress.it\/2026\/05\/23\/immobilismo-italiano-solo-ipocrisia-e-propaganda\/"]}]},{"@type":"ImageObject","inLanguage":"fr-FR","@id":"https:\/\/www.bellunopress.it\/2026\/05\/23\/immobilismo-italiano-solo-ipocrisia-e-propaganda\/#primaryimage","url":"https:\/\/www.bellunopress.it\/wp-content\/uploads\/2026\/01\/leditoriale-di-roberto-de-nart.jpg","contentUrl":"https:\/\/www.bellunopress.it\/wp-content\/uploads\/2026\/01\/leditoriale-di-roberto-de-nart.jpg","width":1024,"height":335},{"@type":"BreadcrumbList","@id":"https:\/\/www.bellunopress.it\/2026\/05\/23\/immobilismo-italiano-solo-ipocrisia-e-propaganda\/#breadcrumb","itemListElement":[{"@type":"ListItem","position":1,"name":"Home","item":"https:\/\/www.bellunopress.it\/"},{"@type":"ListItem","position":2,"name":"Immobilismo italiano: solo ipocrisia e propaganda\u00a0"}]},{"@type":"WebSite","@id":"https:\/\/www.bellunopress.it\/#website","url":"https:\/\/www.bellunopress.it\/","name":"Bellunopress - Dolomiti","description":"e-mail: redazione@bellunopress.it","publisher":{"@id":"https:\/\/www.bellunopress.it\/#organization"},"potentialAction":[{"@type":"SearchAction","target":{"@type":"EntryPoint","urlTemplate":"https:\/\/www.bellunopress.it\/?s={search_term_string}"},"query-input":{"@type":"PropertyValueSpecification","valueRequired":true,"valueName":"search_term_string"}}],"inLanguage":"fr-FR"},{"@type":"Organization","@id":"https:\/\/www.bellunopress.it\/#organization","name":"Bellunopress","url":"https:\/\/www.bellunopress.it\/","logo":{"@type":"ImageObject","inLanguage":"fr-FR","@id":"https:\/\/www.bellunopress.it\/#\/schema\/logo\/image\/","url":"https:\/\/www.bellunopress.it\/wp-content\/uploads\/2011\/05\/cropped-logo-bellunopress-.jpg","contentUrl":"https:\/\/www.bellunopress.it\/wp-content\/uploads\/2011\/05\/cropped-logo-bellunopress-.jpg","width":512,"height":512,"caption":"Bellunopress"},"image":{"@id":"https:\/\/www.bellunopress.it\/#\/schema\/logo\/image\/"},"sameAs":["https:\/\/www.facebook.com\/profile.php?id=100008943462799","https:\/\/x.com\/bellunopress","https:\/\/www.linkedin.com\/hp\/?dnr=JBzUWaJfMUw8vbXJJ2tVW5-I3jZKvC4wsoxE&amp;amp;amp;amp;amp;amp;trk=nav_responsive_tab_home","https:\/\/www.youtube.com\/channel\/UCxL0wu1uN0_3_7hGG0306cw"]},{"@type":"Person","@id":"https:\/\/www.bellunopress.it\/#\/schema\/person\/79bb06722b37ece1c03d3e94beb30d73","name":"r\u00e9daction","image":{"@type":"ImageObject","inLanguage":"fr-FR","@id":"https:\/\/secure.gravatar.com\/avatar\/37d968a2e67a6fd04c169c4bdef102d0bc5d31b2546345219e348575eb80e9a0?s=96&d=mm&r=g","url":"https:\/\/secure.gravatar.com\/avatar\/37d968a2e67a6fd04c169c4bdef102d0bc5d31b2546345219e348575eb80e9a0?s=96&d=mm&r=g","contentUrl":"https:\/\/secure.gravatar.com\/avatar\/37d968a2e67a6fd04c169c4bdef102d0bc5d31b2546345219e348575eb80e9a0?s=96&d=mm&r=g","caption":"redazione"},"sameAs":["http:\/\/www.bellunopress.it","https:\/\/x.com\/bellunopress"],"url":"https:\/\/www.bellunopress.it\/fr\/author\/redazione\/"}]}},"_links":{"self":[{"href":"https:\/\/www.bellunopress.it\/fr\/wp-json\/wp\/v2\/posts\/170375","targetHints":{"allow":["GET"]}}],"collection":[{"href":"https:\/\/www.bellunopress.it\/fr\/wp-json\/wp\/v2\/posts"}],"about":[{"href":"https:\/\/www.bellunopress.it\/fr\/wp-json\/wp\/v2\/types\/post"}],"author":[{"embeddable":true,"href":"https:\/\/www.bellunopress.it\/fr\/wp-json\/wp\/v2\/users\/2"}],"replies":[{"embeddable":true,"href":"https:\/\/www.bellunopress.it\/fr\/wp-json\/wp\/v2\/comments?post=170375"}],"version-history":[{"count":1,"href":"https:\/\/www.bellunopress.it\/fr\/wp-json\/wp\/v2\/posts\/170375\/revisions"}],"predecessor-version":[{"id":170377,"href":"https:\/\/www.bellunopress.it\/fr\/wp-json\/wp\/v2\/posts\/170375\/revisions\/170377"}],"wp:featuredmedia":[{"embeddable":true,"href":"https:\/\/www.bellunopress.it\/fr\/wp-json\/wp\/v2\/media\/166969"}],"wp:attachment":[{"href":"https:\/\/www.bellunopress.it\/fr\/wp-json\/wp\/v2\/media?parent=170375"}],"wp:term":[{"taxonomy":"category","embeddable":true,"href":"https:\/\/www.bellunopress.it\/fr\/wp-json\/wp\/v2\/categories?post=170375"},{"taxonomy":"post_tag","embeddable":true,"href":"https:\/\/www.bellunopress.it\/fr\/wp-json\/wp\/v2\/tags?post=170375"}],"curies":[{"name":"wp","href":"https:\/\/api.w.org\/{rel}","templated":true}]}}