{"id":170373,"date":"2026-05-23T03:57:48","date_gmt":"2026-05-23T01:57:48","guid":{"rendered":"https:\/\/www.bellunopress.it\/?p=170373"},"modified":"2026-05-23T03:57:48","modified_gmt":"2026-05-23T01:57:48","slug":"dopo-il-lavoro-a-belluno-la-sede-della-cgil-apre-anche-di-sera","status":"publish","type":"post","link":"https:\/\/www.bellunopress.it\/fr\/2026\/05\/23\/dopo-il-lavoro-a-belluno-la-sede-della-cgil-apre-anche-di-sera\/","title":{"rendered":"Dopo il lavoro. A Belluno la sede della Cgil apre anche di sera"},"content":{"rendered":"<p data-path-to-node=\"9\"><i data-path-to-node=\"9\" data-index-in-node=\"10\">Dal 27 maggio parte l&#8217;iniziativa &#8220;Dopo il Lavoro&#8221;: porte aperte ogni mercoled\u00ec dalle 18 alle 20 per andare incontro a chi \u00e8 occupato tutto il giorno. Attivo anche lo sportello immigrati.<\/i><\/p>\n<p data-path-to-node=\"10\">Belluno, 23\/05\/2026 \u2014 Conciliare i tempi di vita, il lavoro e la gestione delle infinite pratiche burocratiche \u00e8 una delle sfide pi\u00f9 complesse per i lavoratori contemporanei. Una barriera invisibile che spesso impedisce a chi \u00e8 occupato di accedere ai propri diritti per il semplice fatto di non poter &#8220;andar per uffici&#8221; durante i canonici orari diurni. Per rispondere a questa esigenza in modo tangibile, la CGIL di Belluno ha deciso di scardinare i tradizionali orari di sportello, annunciando un\u2019apertura straordinaria in fascia serale.<\/p>\n<p data-path-to-node=\"11\">A partire dal prossimo 27 maggio, la sede centrale del sindacato in viale Fantuzzi 19 estender\u00e0 infatti la propria attivit\u00e0 oltre l\u2019orario d&#8217;ufficio. Ogni mercoled\u00ec sera, dalle 18:00 alle 20:00, prender\u00e0 il via il nuovo progetto battezzato significativamente &#8220;DOPO IL LAVORO&#8221;. Uno spazio dedicato e pensato su misura per chi, stando sul posto di lavoro tutto il giorno, si trova nell&#8217;impossibilit\u00e0 di trovare una consulenza o un supporto sindacale.<\/p>\n<p data-path-to-node=\"13\">\u00abC\u2019\u00e8 pi\u00f9 bisogno di sindacato di quanto si pensi, anche nel nostro territorio \u2013 spiega Denise Casanova Crepuz, segretaria generale della CGIL Belluno \u2013 e con questa azione la CGIL risponde in maniera concreta e non convenzionale alle esigenze dei lavoratori. Il tempo \u00e8 una risorsa preziosa, per tutte e tutti: noi proviamo a dare pi\u00f9 tempo, per imparare a tutelare i propri diritti\u00bb.<\/p>\n<p data-path-to-node=\"14\">L\u2019obiettivo cardine dell&#8217;iniziativa \u00e8 quello di offrire un welfare di prossimit\u00e0 reale, abbattendo quella solitudine istituzionale che molti lavoratori percepiscono di fronte a contratti, scadenze e adempimenti. Presso lo spazio &#8220;DOPO IL LAVORO&#8221;, gli utenti potranno trovare personale qualificato pronto ad aiutarli a districarsi tra norme complesse e ostacoli burocratici.<\/p>\n<p data-path-to-node=\"16\">I servizi offerti durante le aperture serali copriranno uno spettro molto ampio di necessit\u00e0 quotidiane. Gli sportelli saranno un punto di riferimento per chiunque stia affrontando problematiche o conflitti sul posto di lavoro, ma anche per chi, pi\u00f9 semplicemente, desidera imparare a leggere correttamente la propria busta paga o ha la necessit\u00e0 di inoltrare le dimissioni volontarie. Non mancher\u00e0, inoltre, l\u2019assistenza e l\u2019informazione su temi strategici per il futuro previdenziale e assistenziale, come i fondi pensione e i fondi sanitari integrativi.<\/p>\n<p data-path-to-node=\"17\">Parallelamente ai servizi di tutela sindacale generale, la CGIL ha predisposto che durante le due ore di apertura straordinaria del mercoled\u00ec sia operativo anche lo Sportello Immigrati. Si tratta di un presidio fondamentale per il territorio bellunese, volto a garantire un supporto qualificato nelle delicate e spesso farraginose procedure per la richiesta e il rinnovo dei permessi di soggiorno o per le istanze di cittadinanza.<\/p>\n<p data-path-to-node=\"18\">Con questa estensione oraria, la struttura sindacale sceglie di investire sul &#8220;fattore tempo&#8221; come leva di equit\u00e0 sociale, offrendo una risposta flessibile a un mercato dell&#8217;impiego che cambia e che richiede tutele sempre pi\u00f9 accessibili e vicine alle reali agende delle persone.<\/p>\n<p data-path-to-node=\"21\">Per chi volesse usufruire del servizio o richiedere informazioni preliminari, la CGIL di Belluno ha messo a disposizione diversi canali:<\/p>\n<ul data-path-to-node=\"22\">\n<li>\n<p data-path-to-node=\"22,0,0\">Sede: Viale Fantuzzi 19, Belluno<\/p>\n<\/li>\n<li>\n<p data-path-to-node=\"22,1,0\">Orario &#8220;Dopo il Lavoro&#8221;: Tutti i mercoled\u00ec dalle 18:00 alle 20:00 (a partire dal 27 maggio)<\/p>\n<\/li>\n<li>\n<p data-path-to-node=\"22,2,0\">Contatti telefonici: 0437\/948046 oppure 347\/2506951 (raggiungibili sia negli orari d&#8217;ufficio ordinari che durante l&#8217;apertura serale).<\/p>\n<\/li>\n<\/ul>","protected":false},"excerpt":{"rendered":"<p>Dal 27 maggio parte l&#8217;iniziativa &#8220;Dopo il Lavoro&#8221;: porte aperte ogni mercoled\u00ec dalle 18 alle 20 per andare incontro a chi \u00e8 occupato tutto il giorno. Attivo anche lo sportello immigrati. Belluno, 23\/05\/2026 \u2014 Conciliare i tempi di vita, il lavoro e la gestione delle infinite pratiche burocratiche \u00e8 una delle sfide pi\u00f9 complesse per [&hellip;]<\/p>\n","protected":false},"author":2,"featured_media":139001,"comment_status":"closed","ping_status":"open","sticky":false,"template":"","format":"standard","meta":{"footnotes":""},"categories":[36,26],"tags":[],"class_list":["post-170373","post","type-post","status-publish","format-standard","has-post-thumbnail","category-lavoro-economia","category-prima-pagina"],"yoast_head":"<!-- This site is optimized with the Yoast SEO plugin v28.4 - https:\/\/yoast.com\/product\/yoast-seo-wordpress\/ -->\n<title>Dopo il lavoro. A Belluno la sede della Cgil apre anche di sera - Bellunopress - Dolomiti<\/title>\n<meta name=\"robots\" content=\"index, follow, max-snippet:-1, max-image-preview:large, max-video-preview:-1\" \/>\n<link rel=\"canonical\" href=\"https:\/\/www.bellunopress.it\/fr\/2026\/05\/23\/dopo-il-lavoro-a-belluno-la-sede-della-cgil-apre-anche-di-sera\/\" \/>\n<meta property=\"og:locale\" content=\"fr_FR\" \/>\n<meta property=\"og:type\" content=\"article\" \/>\n<meta property=\"og:title\" content=\"Dopo il lavoro. A Belluno la sede della Cgil apre anche di sera - Bellunopress - Dolomiti\" \/>\n<meta property=\"og:description\" content=\"Dal 27 maggio parte l&#8217;iniziativa &#8220;Dopo il Lavoro&#8221;: porte aperte ogni mercoled\u00ec dalle 18 alle 20 per andare incontro a chi \u00e8 occupato tutto il giorno. Attivo anche lo sportello immigrati. Belluno, 23\/05\/2026 \u2014 Conciliare i tempi di vita, il lavoro e la gestione delle infinite pratiche burocratiche \u00e8 una delle sfide pi\u00f9 complesse per [&hellip;]\" \/>\n<meta property=\"og:url\" content=\"https:\/\/www.bellunopress.it\/fr\/2026\/05\/23\/dopo-il-lavoro-a-belluno-la-sede-della-cgil-apre-anche-di-sera\/\" \/>\n<meta property=\"og:site_name\" content=\"Bellunopress - Dolomiti\" \/>\n<meta property=\"article:publisher\" content=\"https:\/\/www.facebook.com\/profile.php?id=100008943462799\" \/>\n<meta property=\"article:published_time\" content=\"2026-05-23T01:57:48+00:00\" \/>\n<meta property=\"og:image\" content=\"https:\/\/www.bellunopress.it\/wp-content\/uploads\/2023\/01\/Denise_Casanova.jpg\" \/>\n\t<meta property=\"og:image:width\" content=\"500\" \/>\n\t<meta property=\"og:image:height\" content=\"700\" \/>\n\t<meta property=\"og:image:type\" content=\"image\/jpeg\" \/>\n<meta name=\"author\" content=\"redazione\" \/>\n<meta name=\"twitter:card\" content=\"summary_large_image\" \/>\n<meta name=\"twitter:creator\" content=\"@bellunopress\" \/>\n<meta name=\"twitter:site\" content=\"@bellunopress\" \/>\n<meta name=\"twitter:label1\" content=\"\u00c9crit par\" \/>\n\t<meta name=\"twitter:data1\" content=\"redazione\" \/>\n\t<meta name=\"twitter:label2\" content=\"Dur\u00e9e de lecture estim\u00e9e\" \/>\n\t<meta name=\"twitter:data2\" content=\"4 minutes\" \/>\n<script type=\"application\/ld+json\" class=\"yoast-schema-graph\">{\"@context\":\"https:\\\/\\\/schema.org\",\"@graph\":[{\"@type\":\"Article\",\"@id\":\"https:\\\/\\\/www.bellunopress.it\\\/2026\\\/05\\\/23\\\/dopo-il-lavoro-a-belluno-la-sede-della-cgil-apre-anche-di-sera\\\/#article\",\"isPartOf\":{\"@id\":\"https:\\\/\\\/www.bellunopress.it\\\/2026\\\/05\\\/23\\\/dopo-il-lavoro-a-belluno-la-sede-della-cgil-apre-anche-di-sera\\\/\"},\"author\":{\"name\":\"redazione\",\"@id\":\"https:\\\/\\\/www.bellunopress.it\\\/#\\\/schema\\\/person\\\/79bb06722b37ece1c03d3e94beb30d73\"},\"headline\":\"Dopo il lavoro. A Belluno la sede della Cgil apre anche di sera\",\"datePublished\":\"2026-05-23T01:57:48+00:00\",\"mainEntityOfPage\":{\"@id\":\"https:\\\/\\\/www.bellunopress.it\\\/2026\\\/05\\\/23\\\/dopo-il-lavoro-a-belluno-la-sede-della-cgil-apre-anche-di-sera\\\/\"},\"wordCount\":545,\"publisher\":{\"@id\":\"https:\\\/\\\/www.bellunopress.it\\\/#organization\"},\"image\":{\"@id\":\"https:\\\/\\\/www.bellunopress.it\\\/2026\\\/05\\\/23\\\/dopo-il-lavoro-a-belluno-la-sede-della-cgil-apre-anche-di-sera\\\/#primaryimage\"},\"thumbnailUrl\":\"https:\\\/\\\/www.bellunopress.it\\\/wp-content\\\/uploads\\\/2023\\\/01\\\/Denise_Casanova.jpg\",\"articleSection\":[\"Lavoro, Economia, Turismo\",\"Prima Pagina\"],\"inLanguage\":\"fr-FR\"},{\"@type\":\"WebPage\",\"@id\":\"https:\\\/\\\/www.bellunopress.it\\\/2026\\\/05\\\/23\\\/dopo-il-lavoro-a-belluno-la-sede-della-cgil-apre-anche-di-sera\\\/\",\"url\":\"https:\\\/\\\/www.bellunopress.it\\\/2026\\\/05\\\/23\\\/dopo-il-lavoro-a-belluno-la-sede-della-cgil-apre-anche-di-sera\\\/\",\"name\":\"Dopo il lavoro. A Belluno la sede della Cgil apre anche di sera - Bellunopress - Dolomiti\",\"isPartOf\":{\"@id\":\"https:\\\/\\\/www.bellunopress.it\\\/#website\"},\"primaryImageOfPage\":{\"@id\":\"https:\\\/\\\/www.bellunopress.it\\\/2026\\\/05\\\/23\\\/dopo-il-lavoro-a-belluno-la-sede-della-cgil-apre-anche-di-sera\\\/#primaryimage\"},\"image\":{\"@id\":\"https:\\\/\\\/www.bellunopress.it\\\/2026\\\/05\\\/23\\\/dopo-il-lavoro-a-belluno-la-sede-della-cgil-apre-anche-di-sera\\\/#primaryimage\"},\"thumbnailUrl\":\"https:\\\/\\\/www.bellunopress.it\\\/wp-content\\\/uploads\\\/2023\\\/01\\\/Denise_Casanova.jpg\",\"datePublished\":\"2026-05-23T01:57:48+00:00\",\"breadcrumb\":{\"@id\":\"https:\\\/\\\/www.bellunopress.it\\\/2026\\\/05\\\/23\\\/dopo-il-lavoro-a-belluno-la-sede-della-cgil-apre-anche-di-sera\\\/#breadcrumb\"},\"inLanguage\":\"fr-FR\",\"potentialAction\":[{\"@type\":\"ReadAction\",\"target\":[\"https:\\\/\\\/www.bellunopress.it\\\/2026\\\/05\\\/23\\\/dopo-il-lavoro-a-belluno-la-sede-della-cgil-apre-anche-di-sera\\\/\"]}]},{\"@type\":\"ImageObject\",\"inLanguage\":\"fr-FR\",\"@id\":\"https:\\\/\\\/www.bellunopress.it\\\/2026\\\/05\\\/23\\\/dopo-il-lavoro-a-belluno-la-sede-della-cgil-apre-anche-di-sera\\\/#primaryimage\",\"url\":\"https:\\\/\\\/www.bellunopress.it\\\/wp-content\\\/uploads\\\/2023\\\/01\\\/Denise_Casanova.jpg\",\"contentUrl\":\"https:\\\/\\\/www.bellunopress.it\\\/wp-content\\\/uploads\\\/2023\\\/01\\\/Denise_Casanova.jpg\",\"width\":500,\"height\":700,\"caption\":\"Denise Casanova - Segretaria della Camera del lavoro di Belluno\"},{\"@type\":\"BreadcrumbList\",\"@id\":\"https:\\\/\\\/www.bellunopress.it\\\/2026\\\/05\\\/23\\\/dopo-il-lavoro-a-belluno-la-sede-della-cgil-apre-anche-di-sera\\\/#breadcrumb\",\"itemListElement\":[{\"@type\":\"ListItem\",\"position\":1,\"name\":\"Home\",\"item\":\"https:\\\/\\\/www.bellunopress.it\\\/\"},{\"@type\":\"ListItem\",\"position\":2,\"name\":\"Dopo il lavoro. A Belluno la sede della Cgil apre anche di sera\"}]},{\"@type\":\"WebSite\",\"@id\":\"https:\\\/\\\/www.bellunopress.it\\\/#website\",\"url\":\"https:\\\/\\\/www.bellunopress.it\\\/\",\"name\":\"Bellunopress - Dolomiti\",\"description\":\"e-mail: redazione@bellunopress.it\",\"publisher\":{\"@id\":\"https:\\\/\\\/www.bellunopress.it\\\/#organization\"},\"potentialAction\":[{\"@type\":\"SearchAction\",\"target\":{\"@type\":\"EntryPoint\",\"urlTemplate\":\"https:\\\/\\\/www.bellunopress.it\\\/?s={search_term_string}\"},\"query-input\":{\"@type\":\"PropertyValueSpecification\",\"valueRequired\":true,\"valueName\":\"search_term_string\"}}],\"inLanguage\":\"fr-FR\"},{\"@type\":\"Organization\",\"@id\":\"https:\\\/\\\/www.bellunopress.it\\\/#organization\",\"name\":\"Bellunopress\",\"url\":\"https:\\\/\\\/www.bellunopress.it\\\/\",\"logo\":{\"@type\":\"ImageObject\",\"inLanguage\":\"fr-FR\",\"@id\":\"https:\\\/\\\/www.bellunopress.it\\\/#\\\/schema\\\/logo\\\/image\\\/\",\"url\":\"https:\\\/\\\/www.bellunopress.it\\\/wp-content\\\/uploads\\\/2011\\\/05\\\/cropped-logo-bellunopress-.jpg\",\"contentUrl\":\"https:\\\/\\\/www.bellunopress.it\\\/wp-content\\\/uploads\\\/2011\\\/05\\\/cropped-logo-bellunopress-.jpg\",\"width\":512,\"height\":512,\"caption\":\"Bellunopress\"},\"image\":{\"@id\":\"https:\\\/\\\/www.bellunopress.it\\\/#\\\/schema\\\/logo\\\/image\\\/\"},\"sameAs\":[\"https:\\\/\\\/www.facebook.com\\\/profile.php?id=100008943462799\",\"https:\\\/\\\/x.com\\\/bellunopress\",\"https:\\\/\\\/www.linkedin.com\\\/hp\\\/?dnr=JBzUWaJfMUw8vbXJJ2tVW5-I3jZKvC4wsoxE&amp;amp;amp;amp;amp;amp;trk=nav_responsive_tab_home\",\"https:\\\/\\\/www.youtube.com\\\/channel\\\/UCxL0wu1uN0_3_7hGG0306cw\"]},{\"@type\":\"Person\",\"@id\":\"https:\\\/\\\/www.bellunopress.it\\\/#\\\/schema\\\/person\\\/79bb06722b37ece1c03d3e94beb30d73\",\"name\":\"redazione\",\"image\":{\"@type\":\"ImageObject\",\"inLanguage\":\"fr-FR\",\"@id\":\"https:\\\/\\\/secure.gravatar.com\\\/avatar\\\/37d968a2e67a6fd04c169c4bdef102d0bc5d31b2546345219e348575eb80e9a0?s=96&d=mm&r=g\",\"url\":\"https:\\\/\\\/secure.gravatar.com\\\/avatar\\\/37d968a2e67a6fd04c169c4bdef102d0bc5d31b2546345219e348575eb80e9a0?s=96&d=mm&r=g\",\"contentUrl\":\"https:\\\/\\\/secure.gravatar.com\\\/avatar\\\/37d968a2e67a6fd04c169c4bdef102d0bc5d31b2546345219e348575eb80e9a0?s=96&d=mm&r=g\",\"caption\":\"redazione\"},\"sameAs\":[\"http:\\\/\\\/www.bellunopress.it\",\"https:\\\/\\\/x.com\\\/bellunopress\"],\"url\":\"https:\\\/\\\/www.bellunopress.it\\\/fr\\\/author\\\/redazione\\\/\"}]}<\/script>\n<!-- \/ Yoast SEO plugin. -->","yoast_head_json":{"title":"Dopo il lavoro. A Belluno la sede della Cgil apre anche di sera - Bellunopress - Dolomiti","robots":{"index":"index","follow":"follow","max-snippet":"max-snippet:-1","max-image-preview":"max-image-preview:large","max-video-preview":"max-video-preview:-1"},"canonical":"https:\/\/www.bellunopress.it\/fr\/2026\/05\/23\/dopo-il-lavoro-a-belluno-la-sede-della-cgil-apre-anche-di-sera\/","og_locale":"fr_FR","og_type":"article","og_title":"Dopo il lavoro. A Belluno la sede della Cgil apre anche di sera - Bellunopress - Dolomiti","og_description":"Dal 27 maggio parte l&#8217;iniziativa &#8220;Dopo il Lavoro&#8221;: porte aperte ogni mercoled\u00ec dalle 18 alle 20 per andare incontro a chi \u00e8 occupato tutto il giorno. Attivo anche lo sportello immigrati. Belluno, 23\/05\/2026 \u2014 Conciliare i tempi di vita, il lavoro e la gestione delle infinite pratiche burocratiche \u00e8 una delle sfide pi\u00f9 complesse per [&hellip;]","og_url":"https:\/\/www.bellunopress.it\/fr\/2026\/05\/23\/dopo-il-lavoro-a-belluno-la-sede-della-cgil-apre-anche-di-sera\/","og_site_name":"Bellunopress - Dolomiti","article_publisher":"https:\/\/www.facebook.com\/profile.php?id=100008943462799","article_published_time":"2026-05-23T01:57:48+00:00","og_image":[{"width":500,"height":700,"url":"https:\/\/www.bellunopress.it\/wp-content\/uploads\/2023\/01\/Denise_Casanova.jpg","type":"image\/jpeg"}],"author":"redazione","twitter_card":"summary_large_image","twitter_creator":"@bellunopress","twitter_site":"@bellunopress","twitter_misc":{"\u00c9crit par":"redazione","Dur\u00e9e de lecture estim\u00e9e":"4 minutes"},"schema":{"@context":"https:\/\/schema.org","@graph":[{"@type":"Article","@id":"https:\/\/www.bellunopress.it\/2026\/05\/23\/dopo-il-lavoro-a-belluno-la-sede-della-cgil-apre-anche-di-sera\/#article","isPartOf":{"@id":"https:\/\/www.bellunopress.it\/2026\/05\/23\/dopo-il-lavoro-a-belluno-la-sede-della-cgil-apre-anche-di-sera\/"},"author":{"name":"redazione","@id":"https:\/\/www.bellunopress.it\/#\/schema\/person\/79bb06722b37ece1c03d3e94beb30d73"},"headline":"Dopo il lavoro. A Belluno la sede della Cgil apre anche di sera","datePublished":"2026-05-23T01:57:48+00:00","mainEntityOfPage":{"@id":"https:\/\/www.bellunopress.it\/2026\/05\/23\/dopo-il-lavoro-a-belluno-la-sede-della-cgil-apre-anche-di-sera\/"},"wordCount":545,"publisher":{"@id":"https:\/\/www.bellunopress.it\/#organization"},"image":{"@id":"https:\/\/www.bellunopress.it\/2026\/05\/23\/dopo-il-lavoro-a-belluno-la-sede-della-cgil-apre-anche-di-sera\/#primaryimage"},"thumbnailUrl":"https:\/\/www.bellunopress.it\/wp-content\/uploads\/2023\/01\/Denise_Casanova.jpg","articleSection":["Lavoro, Economia, Turismo","Prima Pagina"],"inLanguage":"fr-FR"},{"@type":"WebPage","@id":"https:\/\/www.bellunopress.it\/2026\/05\/23\/dopo-il-lavoro-a-belluno-la-sede-della-cgil-apre-anche-di-sera\/","url":"https:\/\/www.bellunopress.it\/2026\/05\/23\/dopo-il-lavoro-a-belluno-la-sede-della-cgil-apre-anche-di-sera\/","name":"Dopo il lavoro. A Belluno la sede della Cgil apre anche di sera - Bellunopress - Dolomiti","isPartOf":{"@id":"https:\/\/www.bellunopress.it\/#website"},"primaryImageOfPage":{"@id":"https:\/\/www.bellunopress.it\/2026\/05\/23\/dopo-il-lavoro-a-belluno-la-sede-della-cgil-apre-anche-di-sera\/#primaryimage"},"image":{"@id":"https:\/\/www.bellunopress.it\/2026\/05\/23\/dopo-il-lavoro-a-belluno-la-sede-della-cgil-apre-anche-di-sera\/#primaryimage"},"thumbnailUrl":"https:\/\/www.bellunopress.it\/wp-content\/uploads\/2023\/01\/Denise_Casanova.jpg","datePublished":"2026-05-23T01:57:48+00:00","breadcrumb":{"@id":"https:\/\/www.bellunopress.it\/2026\/05\/23\/dopo-il-lavoro-a-belluno-la-sede-della-cgil-apre-anche-di-sera\/#breadcrumb"},"inLanguage":"fr-FR","potentialAction":[{"@type":"ReadAction","target":["https:\/\/www.bellunopress.it\/2026\/05\/23\/dopo-il-lavoro-a-belluno-la-sede-della-cgil-apre-anche-di-sera\/"]}]},{"@type":"ImageObject","inLanguage":"fr-FR","@id":"https:\/\/www.bellunopress.it\/2026\/05\/23\/dopo-il-lavoro-a-belluno-la-sede-della-cgil-apre-anche-di-sera\/#primaryimage","url":"https:\/\/www.bellunopress.it\/wp-content\/uploads\/2023\/01\/Denise_Casanova.jpg","contentUrl":"https:\/\/www.bellunopress.it\/wp-content\/uploads\/2023\/01\/Denise_Casanova.jpg","width":500,"height":700,"caption":"Denise Casanova - Segretaria della Camera del lavoro di Belluno"},{"@type":"BreadcrumbList","@id":"https:\/\/www.bellunopress.it\/2026\/05\/23\/dopo-il-lavoro-a-belluno-la-sede-della-cgil-apre-anche-di-sera\/#breadcrumb","itemListElement":[{"@type":"ListItem","position":1,"name":"Home","item":"https:\/\/www.bellunopress.it\/"},{"@type":"ListItem","position":2,"name":"Dopo il lavoro. A Belluno la sede della Cgil apre anche di sera"}]},{"@type":"WebSite","@id":"https:\/\/www.bellunopress.it\/#website","url":"https:\/\/www.bellunopress.it\/","name":"Bellunopress - Dolomiti","description":"e-mail: redazione@bellunopress.it","publisher":{"@id":"https:\/\/www.bellunopress.it\/#organization"},"potentialAction":[{"@type":"SearchAction","target":{"@type":"EntryPoint","urlTemplate":"https:\/\/www.bellunopress.it\/?s={search_term_string}"},"query-input":{"@type":"PropertyValueSpecification","valueRequired":true,"valueName":"search_term_string"}}],"inLanguage":"fr-FR"},{"@type":"Organization","@id":"https:\/\/www.bellunopress.it\/#organization","name":"Bellunopress","url":"https:\/\/www.bellunopress.it\/","logo":{"@type":"ImageObject","inLanguage":"fr-FR","@id":"https:\/\/www.bellunopress.it\/#\/schema\/logo\/image\/","url":"https:\/\/www.bellunopress.it\/wp-content\/uploads\/2011\/05\/cropped-logo-bellunopress-.jpg","contentUrl":"https:\/\/www.bellunopress.it\/wp-content\/uploads\/2011\/05\/cropped-logo-bellunopress-.jpg","width":512,"height":512,"caption":"Bellunopress"},"image":{"@id":"https:\/\/www.bellunopress.it\/#\/schema\/logo\/image\/"},"sameAs":["https:\/\/www.facebook.com\/profile.php?id=100008943462799","https:\/\/x.com\/bellunopress","https:\/\/www.linkedin.com\/hp\/?dnr=JBzUWaJfMUw8vbXJJ2tVW5-I3jZKvC4wsoxE&amp;amp;amp;amp;amp;amp;trk=nav_responsive_tab_home","https:\/\/www.youtube.com\/channel\/UCxL0wu1uN0_3_7hGG0306cw"]},{"@type":"Person","@id":"https:\/\/www.bellunopress.it\/#\/schema\/person\/79bb06722b37ece1c03d3e94beb30d73","name":"r\u00e9daction","image":{"@type":"ImageObject","inLanguage":"fr-FR","@id":"https:\/\/secure.gravatar.com\/avatar\/37d968a2e67a6fd04c169c4bdef102d0bc5d31b2546345219e348575eb80e9a0?s=96&d=mm&r=g","url":"https:\/\/secure.gravatar.com\/avatar\/37d968a2e67a6fd04c169c4bdef102d0bc5d31b2546345219e348575eb80e9a0?s=96&d=mm&r=g","contentUrl":"https:\/\/secure.gravatar.com\/avatar\/37d968a2e67a6fd04c169c4bdef102d0bc5d31b2546345219e348575eb80e9a0?s=96&d=mm&r=g","caption":"redazione"},"sameAs":["http:\/\/www.bellunopress.it","https:\/\/x.com\/bellunopress"],"url":"https:\/\/www.bellunopress.it\/fr\/author\/redazione\/"}]}},"_links":{"self":[{"href":"https:\/\/www.bellunopress.it\/fr\/wp-json\/wp\/v2\/posts\/170373","targetHints":{"allow":["GET"]}}],"collection":[{"href":"https:\/\/www.bellunopress.it\/fr\/wp-json\/wp\/v2\/posts"}],"about":[{"href":"https:\/\/www.bellunopress.it\/fr\/wp-json\/wp\/v2\/types\/post"}],"author":[{"embeddable":true,"href":"https:\/\/www.bellunopress.it\/fr\/wp-json\/wp\/v2\/users\/2"}],"replies":[{"embeddable":true,"href":"https:\/\/www.bellunopress.it\/fr\/wp-json\/wp\/v2\/comments?post=170373"}],"version-history":[{"count":1,"href":"https:\/\/www.bellunopress.it\/fr\/wp-json\/wp\/v2\/posts\/170373\/revisions"}],"predecessor-version":[{"id":170374,"href":"https:\/\/www.bellunopress.it\/fr\/wp-json\/wp\/v2\/posts\/170373\/revisions\/170374"}],"wp:featuredmedia":[{"embeddable":true,"href":"https:\/\/www.bellunopress.it\/fr\/wp-json\/wp\/v2\/media\/139001"}],"wp:attachment":[{"href":"https:\/\/www.bellunopress.it\/fr\/wp-json\/wp\/v2\/media?parent=170373"}],"wp:term":[{"taxonomy":"category","embeddable":true,"href":"https:\/\/www.bellunopress.it\/fr\/wp-json\/wp\/v2\/categories?post=170373"},{"taxonomy":"post_tag","embeddable":true,"href":"https:\/\/www.bellunopress.it\/fr\/wp-json\/wp\/v2\/tags?post=170373"}],"curies":[{"name":"wp","href":"https:\/\/api.w.org\/{rel}","templated":true}]}}