{"id":170370,"date":"2026-05-22T20:07:53","date_gmt":"2026-05-22T18:07:53","guid":{"rendered":"https:\/\/www.bellunopress.it\/?p=170370"},"modified":"2026-05-22T20:07:53","modified_gmt":"2026-05-22T18:07:53","slug":"sul-palco-contro-ogni-tempesta-i-ragazzi-della-zanon-in-scena-con-aspettando-il-diluvio","status":"publish","type":"post","link":"https:\/\/www.bellunopress.it\/fr\/2026\/05\/22\/sul-palco-contro-ogni-tempesta-i-ragazzi-della-zanon-in-scena-con-aspettando-il-diluvio\/","title":{"rendered":"Sul palco contro ogni tempesta: i ragazzi della &#8220;Zanon&#8221; in scena con &#8220;Aspettando il diluvio&#8221;"},"content":{"rendered":"<p data-path-to-node=\"8\">Belluno, 22\/05\/2026 &#8211;\u00a0Le luci del Teatro &#8220;San Gaetano&#8221; di Castion si preparano ad accendersi su una delle esperienze pedagogiche e artistiche pi\u00f9 significative dell&#8217;anno scolastico. Marted\u00ec 26 e mercoled\u00ec 27 maggio, alle ore 20:15, il sipario si alzer\u00e0 su <i data-path-to-node=\"8\" data-index-in-node=\"243\">&#8220;Aspettando il diluvio&#8221;<\/i>, l&#8217;atteso spettacolo teatrale che corona il percorso laboratoriale intrapreso dagli studenti delle classi 2A, 2B e 2C della scuola secondaria di primo grado &#8220;Zanon&#8221; (Istituto Comprensivo di Castion).<\/p>\n<p data-path-to-node=\"9\">Sotto la guida del regista Bepi Santuzzo, le giovani attrici e i giovani attori porteranno in scena una narrazione potente e fortemente metaforica. La trama, come suggerisce la suggestiva e impattante locandina dell&#8217;evento \u2014 dominata da un&#8217;arca-biblioteca fatta di libri e legno che resiste ai fulmini di una tempesta imminente \u2014, ruota attorno alle vicende degli abitanti di un immaginario borgo. Di fronte a una grave criticit\u00e0 e investiti da una misteriosa missione divina, i protagonisti saranno costretti a fare squadra e a riscoprire il senso profondo di &#8220;comunit\u00e0&#8221; per superare una sfida apparentemente impossibile. Riusciranno a portare a termine la loro missione? Il quesito rimarr\u00e0 aperto fino all&#8217;ultima battuta, ma il vero traguardo \u00e8 gi\u00e0 stato raggiunto dietro le quinte.<\/p>\n<p data-path-to-node=\"10\"><i data-path-to-node=\"10\" data-index-in-node=\"0\">&#8220;Una storia di speranza e sopravvivenza tra parole e acqua&#8221;<\/i> recita il manifesto dello spettacolo. Un monito e un augurio che gli studenti rivolgono all&#8217;intera cittadinanza, invitando il pubblico a non perdere mai la fiducia nel futuro, specialmente nei momenti di pi\u00f9 fitta oscurit\u00e0.<\/p>\n<p data-path-to-node=\"11\">L&#8217;iniziativa ha radici profonde e nasce da una virtuosa sinergia istituzionale e sociale. Il laboratorio si \u00e8 sviluppato con cadenza settimanale durante le ore pomeridiane, trovando la sua ideale culla nell&#8217;atelier digitale della scuola media castionese. La realizzazione di questo percorso \u00e8 stata resa possibile grazie ai finanziamenti del &#8220;Piano Estate&#8221;, coordinati dal dirigente scolastico\u00a0Antonio Rimentano, il quale ha colto fin da subito il valore formativo del teatro come strumento di crescita integrata.<\/p>\n<p data-path-to-node=\"12\">Fondamentale \u00e8 stato inoltre il supporto logistico ed emotivo del Comitato Genitori della &#8220;Zanon&#8221;, presieduto da Elisabetta Ridolfo, e la spiccata sensibilit\u00e0 delle docenti referenti. Insieme, questo gruppo di adulti consapevoli ha sostenuto i ragazzi in un viaggio non solo artistico, ma soprattutto umano.<\/p>\n<p data-path-to-node=\"13\">In un&#8217;epoca dominata dall&#8217;isolamento digitale, dove le interazioni sono troppo spesso intermediate dagli schermi dei dispositivi elettronici, il teatro ha rappresentato per questi adolescenti una straordinaria opportunit\u00e0 di decompressione e di autentica scoperta. Attraverso l&#8217;esplorazione della propria gestualit\u00e0, l&#8217;uso consapevole della voce e il contatto fisico e visivo, le tre classi coinvolte hanno imparato a conoscere se stesse in relazione profonda con l&#8217;altro. Un tassello pedagogico cruciale in una fase delicata come l&#8217;adolescenza, in cui definire le proprie attitudini e trovare il proprio posto nel mondo reale costituisce la sfida pi\u00f9 grande.<\/p>\n<p data-path-to-node=\"14\">La cittadinanza \u00e8 calorosamente invitata a partecipare per sostenere i giovani talenti locali e per lasciarsi trasportare da un messaggio universale.<\/p>","protected":false},"excerpt":{"rendered":"<p>Belluno, 22\/05\/2026 &#8211;\u00a0Le luci del Teatro &#8220;San Gaetano&#8221; di Castion si preparano ad accendersi su una delle esperienze pedagogiche e artistiche pi\u00f9 significative dell&#8217;anno scolastico. Marted\u00ec 26 e mercoled\u00ec 27 maggio, alle ore 20:15, il sipario si alzer\u00e0 su &#8220;Aspettando il diluvio&#8221;, l&#8217;atteso spettacolo teatrale che corona il percorso laboratoriale intrapreso dagli studenti delle classi [&hellip;]<\/p>\n","protected":false},"author":2,"featured_media":170371,"comment_status":"closed","ping_status":"open","sticky":false,"template":"","format":"standard","meta":{"footnotes":""},"categories":[25,15],"tags":[],"class_list":["post-170370","post","type-post","status-publish","format-standard","has-post-thumbnail","category-pausa-caffe","category-scuola"],"yoast_head":"<!-- This site is optimized with the Yoast SEO plugin v28.4 - https:\/\/yoast.com\/product\/yoast-seo-wordpress\/ -->\n<title>Sul palco contro ogni tempesta: i ragazzi della &quot;Zanon&quot; in scena con &quot;Aspettando il diluvio&quot; - Bellunopress - Dolomiti<\/title>\n<meta name=\"robots\" content=\"index, follow, max-snippet:-1, max-image-preview:large, max-video-preview:-1\" \/>\n<link rel=\"canonical\" href=\"https:\/\/www.bellunopress.it\/fr\/2026\/05\/22\/sul-palco-contro-ogni-tempesta-i-ragazzi-della-zanon-in-scena-con-aspettando-il-diluvio\/\" \/>\n<meta property=\"og:locale\" content=\"fr_FR\" \/>\n<meta property=\"og:type\" content=\"article\" \/>\n<meta property=\"og:title\" content=\"Sul palco contro ogni tempesta: i ragazzi della &quot;Zanon&quot; in scena con &quot;Aspettando il diluvio&quot; - Bellunopress - Dolomiti\" \/>\n<meta property=\"og:description\" content=\"Belluno, 22\/05\/2026 &#8211;\u00a0Le luci del Teatro &#8220;San Gaetano&#8221; di Castion si preparano ad accendersi su una delle esperienze pedagogiche e artistiche pi\u00f9 significative dell&#8217;anno scolastico. Marted\u00ec 26 e mercoled\u00ec 27 maggio, alle ore 20:15, il sipario si alzer\u00e0 su &#8220;Aspettando il diluvio&#8221;, l&#8217;atteso spettacolo teatrale che corona il percorso laboratoriale intrapreso dagli studenti delle classi [&hellip;]\" \/>\n<meta property=\"og:url\" content=\"https:\/\/www.bellunopress.it\/fr\/2026\/05\/22\/sul-palco-contro-ogni-tempesta-i-ragazzi-della-zanon-in-scena-con-aspettando-il-diluvio\/\" \/>\n<meta property=\"og:site_name\" content=\"Bellunopress - Dolomiti\" \/>\n<meta property=\"article:publisher\" content=\"https:\/\/www.facebook.com\/profile.php?id=100008943462799\" \/>\n<meta property=\"article:published_time\" content=\"2026-05-22T18:07:53+00:00\" \/>\n<meta property=\"og:image\" content=\"https:\/\/www.bellunopress.it\/wp-content\/uploads\/2026\/05\/Aspettando-il-diluvio.jpg\" \/>\n\t<meta property=\"og:image:width\" content=\"279\" \/>\n\t<meta property=\"og:image:height\" content=\"500\" \/>\n\t<meta property=\"og:image:type\" content=\"image\/jpeg\" \/>\n<meta name=\"author\" content=\"redazione\" \/>\n<meta name=\"twitter:card\" content=\"summary_large_image\" \/>\n<meta name=\"twitter:creator\" content=\"@bellunopress\" \/>\n<meta name=\"twitter:site\" content=\"@bellunopress\" \/>\n<meta name=\"twitter:label1\" content=\"Written by\" \/>\n\t<meta name=\"twitter:data1\" content=\"redazione\" \/>\n\t<meta name=\"twitter:label2\" content=\"Est. reading time\" \/>\n\t<meta name=\"twitter:data2\" content=\"3 minutes\" \/>\n<script type=\"application\/ld+json\" class=\"yoast-schema-graph\">{\"@context\":\"https:\\\/\\\/schema.org\",\"@graph\":[{\"@type\":\"Article\",\"@id\":\"https:\\\/\\\/www.bellunopress.it\\\/2026\\\/05\\\/22\\\/sul-palco-contro-ogni-tempesta-i-ragazzi-della-zanon-in-scena-con-aspettando-il-diluvio\\\/#article\",\"isPartOf\":{\"@id\":\"https:\\\/\\\/www.bellunopress.it\\\/2026\\\/05\\\/22\\\/sul-palco-contro-ogni-tempesta-i-ragazzi-della-zanon-in-scena-con-aspettando-il-diluvio\\\/\"},\"author\":{\"name\":\"redazione\",\"@id\":\"https:\\\/\\\/www.bellunopress.it\\\/#\\\/schema\\\/person\\\/79bb06722b37ece1c03d3e94beb30d73\"},\"headline\":\"Sul palco contro ogni tempesta: i ragazzi della &#8220;Zanon&#8221; in scena con &#8220;Aspettando il diluvio&#8221;\",\"datePublished\":\"2026-05-22T18:07:53+00:00\",\"mainEntityOfPage\":{\"@id\":\"https:\\\/\\\/www.bellunopress.it\\\/2026\\\/05\\\/22\\\/sul-palco-contro-ogni-tempesta-i-ragazzi-della-zanon-in-scena-con-aspettando-il-diluvio\\\/\"},\"wordCount\":485,\"publisher\":{\"@id\":\"https:\\\/\\\/www.bellunopress.it\\\/#organization\"},\"image\":{\"@id\":\"https:\\\/\\\/www.bellunopress.it\\\/2026\\\/05\\\/22\\\/sul-palco-contro-ogni-tempesta-i-ragazzi-della-zanon-in-scena-con-aspettando-il-diluvio\\\/#primaryimage\"},\"thumbnailUrl\":\"https:\\\/\\\/www.bellunopress.it\\\/wp-content\\\/uploads\\\/2026\\\/05\\\/Aspettando-il-diluvio.jpg\",\"articleSection\":[\"Pausa Caff\u00e8\",\"Scuola\"],\"inLanguage\":\"fr-FR\"},{\"@type\":\"WebPage\",\"@id\":\"https:\\\/\\\/www.bellunopress.it\\\/2026\\\/05\\\/22\\\/sul-palco-contro-ogni-tempesta-i-ragazzi-della-zanon-in-scena-con-aspettando-il-diluvio\\\/\",\"url\":\"https:\\\/\\\/www.bellunopress.it\\\/2026\\\/05\\\/22\\\/sul-palco-contro-ogni-tempesta-i-ragazzi-della-zanon-in-scena-con-aspettando-il-diluvio\\\/\",\"name\":\"Sul palco contro ogni tempesta: i ragazzi della \\\"Zanon\\\" in scena con \\\"Aspettando il diluvio\\\" - Bellunopress - Dolomiti\",\"isPartOf\":{\"@id\":\"https:\\\/\\\/www.bellunopress.it\\\/#website\"},\"primaryImageOfPage\":{\"@id\":\"https:\\\/\\\/www.bellunopress.it\\\/2026\\\/05\\\/22\\\/sul-palco-contro-ogni-tempesta-i-ragazzi-della-zanon-in-scena-con-aspettando-il-diluvio\\\/#primaryimage\"},\"image\":{\"@id\":\"https:\\\/\\\/www.bellunopress.it\\\/2026\\\/05\\\/22\\\/sul-palco-contro-ogni-tempesta-i-ragazzi-della-zanon-in-scena-con-aspettando-il-diluvio\\\/#primaryimage\"},\"thumbnailUrl\":\"https:\\\/\\\/www.bellunopress.it\\\/wp-content\\\/uploads\\\/2026\\\/05\\\/Aspettando-il-diluvio.jpg\",\"datePublished\":\"2026-05-22T18:07:53+00:00\",\"breadcrumb\":{\"@id\":\"https:\\\/\\\/www.bellunopress.it\\\/2026\\\/05\\\/22\\\/sul-palco-contro-ogni-tempesta-i-ragazzi-della-zanon-in-scena-con-aspettando-il-diluvio\\\/#breadcrumb\"},\"inLanguage\":\"fr-FR\",\"potentialAction\":[{\"@type\":\"ReadAction\",\"target\":[\"https:\\\/\\\/www.bellunopress.it\\\/2026\\\/05\\\/22\\\/sul-palco-contro-ogni-tempesta-i-ragazzi-della-zanon-in-scena-con-aspettando-il-diluvio\\\/\"]}]},{\"@type\":\"ImageObject\",\"inLanguage\":\"fr-FR\",\"@id\":\"https:\\\/\\\/www.bellunopress.it\\\/2026\\\/05\\\/22\\\/sul-palco-contro-ogni-tempesta-i-ragazzi-della-zanon-in-scena-con-aspettando-il-diluvio\\\/#primaryimage\",\"url\":\"https:\\\/\\\/www.bellunopress.it\\\/wp-content\\\/uploads\\\/2026\\\/05\\\/Aspettando-il-diluvio.jpg\",\"contentUrl\":\"https:\\\/\\\/www.bellunopress.it\\\/wp-content\\\/uploads\\\/2026\\\/05\\\/Aspettando-il-diluvio.jpg\",\"width\":279,\"height\":500},{\"@type\":\"BreadcrumbList\",\"@id\":\"https:\\\/\\\/www.bellunopress.it\\\/2026\\\/05\\\/22\\\/sul-palco-contro-ogni-tempesta-i-ragazzi-della-zanon-in-scena-con-aspettando-il-diluvio\\\/#breadcrumb\",\"itemListElement\":[{\"@type\":\"ListItem\",\"position\":1,\"name\":\"Home\",\"item\":\"https:\\\/\\\/www.bellunopress.it\\\/\"},{\"@type\":\"ListItem\",\"position\":2,\"name\":\"Sul palco contro ogni tempesta: i ragazzi della &#8220;Zanon&#8221; in scena con &#8220;Aspettando il diluvio&#8221;\"}]},{\"@type\":\"WebSite\",\"@id\":\"https:\\\/\\\/www.bellunopress.it\\\/#website\",\"url\":\"https:\\\/\\\/www.bellunopress.it\\\/\",\"name\":\"Bellunopress - Dolomiti\",\"description\":\"e-mail: redazione@bellunopress.it\",\"publisher\":{\"@id\":\"https:\\\/\\\/www.bellunopress.it\\\/#organization\"},\"potentialAction\":[{\"@type\":\"SearchAction\",\"target\":{\"@type\":\"EntryPoint\",\"urlTemplate\":\"https:\\\/\\\/www.bellunopress.it\\\/?s={search_term_string}\"},\"query-input\":{\"@type\":\"PropertyValueSpecification\",\"valueRequired\":true,\"valueName\":\"search_term_string\"}}],\"inLanguage\":\"fr-FR\"},{\"@type\":\"Organization\",\"@id\":\"https:\\\/\\\/www.bellunopress.it\\\/#organization\",\"name\":\"Bellunopress\",\"url\":\"https:\\\/\\\/www.bellunopress.it\\\/\",\"logo\":{\"@type\":\"ImageObject\",\"inLanguage\":\"fr-FR\",\"@id\":\"https:\\\/\\\/www.bellunopress.it\\\/#\\\/schema\\\/logo\\\/image\\\/\",\"url\":\"https:\\\/\\\/www.bellunopress.it\\\/wp-content\\\/uploads\\\/2011\\\/05\\\/cropped-logo-bellunopress-.jpg\",\"contentUrl\":\"https:\\\/\\\/www.bellunopress.it\\\/wp-content\\\/uploads\\\/2011\\\/05\\\/cropped-logo-bellunopress-.jpg\",\"width\":512,\"height\":512,\"caption\":\"Bellunopress\"},\"image\":{\"@id\":\"https:\\\/\\\/www.bellunopress.it\\\/#\\\/schema\\\/logo\\\/image\\\/\"},\"sameAs\":[\"https:\\\/\\\/www.facebook.com\\\/profile.php?id=100008943462799\",\"https:\\\/\\\/x.com\\\/bellunopress\",\"https:\\\/\\\/www.linkedin.com\\\/hp\\\/?dnr=JBzUWaJfMUw8vbXJJ2tVW5-I3jZKvC4wsoxE&amp;amp;amp;amp;amp;amp;trk=nav_responsive_tab_home\",\"https:\\\/\\\/www.youtube.com\\\/channel\\\/UCxL0wu1uN0_3_7hGG0306cw\"]},{\"@type\":\"Person\",\"@id\":\"https:\\\/\\\/www.bellunopress.it\\\/#\\\/schema\\\/person\\\/79bb06722b37ece1c03d3e94beb30d73\",\"name\":\"redazione\",\"image\":{\"@type\":\"ImageObject\",\"inLanguage\":\"fr-FR\",\"@id\":\"https:\\\/\\\/secure.gravatar.com\\\/avatar\\\/37d968a2e67a6fd04c169c4bdef102d0bc5d31b2546345219e348575eb80e9a0?s=96&d=mm&r=g\",\"url\":\"https:\\\/\\\/secure.gravatar.com\\\/avatar\\\/37d968a2e67a6fd04c169c4bdef102d0bc5d31b2546345219e348575eb80e9a0?s=96&d=mm&r=g\",\"contentUrl\":\"https:\\\/\\\/secure.gravatar.com\\\/avatar\\\/37d968a2e67a6fd04c169c4bdef102d0bc5d31b2546345219e348575eb80e9a0?s=96&d=mm&r=g\",\"caption\":\"redazione\"},\"sameAs\":[\"http:\\\/\\\/www.bellunopress.it\",\"https:\\\/\\\/x.com\\\/bellunopress\"],\"url\":\"https:\\\/\\\/www.bellunopress.it\\\/fr\\\/author\\\/redazione\\\/\"}]}<\/script>\n<!-- \/ Yoast SEO plugin. -->","yoast_head_json":{"title":"Sul palco contro ogni tempesta: i ragazzi della \"Zanon\" in scena con \"Aspettando il diluvio\" - Bellunopress - Dolomiti","robots":{"index":"index","follow":"follow","max-snippet":"max-snippet:-1","max-image-preview":"max-image-preview:large","max-video-preview":"max-video-preview:-1"},"canonical":"https:\/\/www.bellunopress.it\/fr\/2026\/05\/22\/sul-palco-contro-ogni-tempesta-i-ragazzi-della-zanon-in-scena-con-aspettando-il-diluvio\/","og_locale":"fr_FR","og_type":"article","og_title":"Sul palco contro ogni tempesta: i ragazzi della \"Zanon\" in scena con \"Aspettando il diluvio\" - Bellunopress - Dolomiti","og_description":"Belluno, 22\/05\/2026 &#8211;\u00a0Le luci del Teatro &#8220;San Gaetano&#8221; di Castion si preparano ad accendersi su una delle esperienze pedagogiche e artistiche pi\u00f9 significative dell&#8217;anno scolastico. Marted\u00ec 26 e mercoled\u00ec 27 maggio, alle ore 20:15, il sipario si alzer\u00e0 su &#8220;Aspettando il diluvio&#8221;, l&#8217;atteso spettacolo teatrale che corona il percorso laboratoriale intrapreso dagli studenti delle classi [&hellip;]","og_url":"https:\/\/www.bellunopress.it\/fr\/2026\/05\/22\/sul-palco-contro-ogni-tempesta-i-ragazzi-della-zanon-in-scena-con-aspettando-il-diluvio\/","og_site_name":"Bellunopress - Dolomiti","article_publisher":"https:\/\/www.facebook.com\/profile.php?id=100008943462799","article_published_time":"2026-05-22T18:07:53+00:00","og_image":[{"width":279,"height":500,"url":"https:\/\/www.bellunopress.it\/wp-content\/uploads\/2026\/05\/Aspettando-il-diluvio.jpg","type":"image\/jpeg"}],"author":"redazione","twitter_card":"summary_large_image","twitter_creator":"@bellunopress","twitter_site":"@bellunopress","twitter_misc":{"Written by":"redazione","Est. reading time":"3 minutes"},"schema":{"@context":"https:\/\/schema.org","@graph":[{"@type":"Article","@id":"https:\/\/www.bellunopress.it\/2026\/05\/22\/sul-palco-contro-ogni-tempesta-i-ragazzi-della-zanon-in-scena-con-aspettando-il-diluvio\/#article","isPartOf":{"@id":"https:\/\/www.bellunopress.it\/2026\/05\/22\/sul-palco-contro-ogni-tempesta-i-ragazzi-della-zanon-in-scena-con-aspettando-il-diluvio\/"},"author":{"name":"redazione","@id":"https:\/\/www.bellunopress.it\/#\/schema\/person\/79bb06722b37ece1c03d3e94beb30d73"},"headline":"Sul palco contro ogni tempesta: i ragazzi della &#8220;Zanon&#8221; in scena con &#8220;Aspettando il diluvio&#8221;","datePublished":"2026-05-22T18:07:53+00:00","mainEntityOfPage":{"@id":"https:\/\/www.bellunopress.it\/2026\/05\/22\/sul-palco-contro-ogni-tempesta-i-ragazzi-della-zanon-in-scena-con-aspettando-il-diluvio\/"},"wordCount":485,"publisher":{"@id":"https:\/\/www.bellunopress.it\/#organization"},"image":{"@id":"https:\/\/www.bellunopress.it\/2026\/05\/22\/sul-palco-contro-ogni-tempesta-i-ragazzi-della-zanon-in-scena-con-aspettando-il-diluvio\/#primaryimage"},"thumbnailUrl":"https:\/\/www.bellunopress.it\/wp-content\/uploads\/2026\/05\/Aspettando-il-diluvio.jpg","articleSection":["Pausa Caff\u00e8","Scuola"],"inLanguage":"fr-FR"},{"@type":"WebPage","@id":"https:\/\/www.bellunopress.it\/2026\/05\/22\/sul-palco-contro-ogni-tempesta-i-ragazzi-della-zanon-in-scena-con-aspettando-il-diluvio\/","url":"https:\/\/www.bellunopress.it\/2026\/05\/22\/sul-palco-contro-ogni-tempesta-i-ragazzi-della-zanon-in-scena-con-aspettando-il-diluvio\/","name":"Sul palco contro ogni tempesta: i ragazzi della \"Zanon\" in scena con \"Aspettando il diluvio\" - Bellunopress - Dolomiti","isPartOf":{"@id":"https:\/\/www.bellunopress.it\/#website"},"primaryImageOfPage":{"@id":"https:\/\/www.bellunopress.it\/2026\/05\/22\/sul-palco-contro-ogni-tempesta-i-ragazzi-della-zanon-in-scena-con-aspettando-il-diluvio\/#primaryimage"},"image":{"@id":"https:\/\/www.bellunopress.it\/2026\/05\/22\/sul-palco-contro-ogni-tempesta-i-ragazzi-della-zanon-in-scena-con-aspettando-il-diluvio\/#primaryimage"},"thumbnailUrl":"https:\/\/www.bellunopress.it\/wp-content\/uploads\/2026\/05\/Aspettando-il-diluvio.jpg","datePublished":"2026-05-22T18:07:53+00:00","breadcrumb":{"@id":"https:\/\/www.bellunopress.it\/2026\/05\/22\/sul-palco-contro-ogni-tempesta-i-ragazzi-della-zanon-in-scena-con-aspettando-il-diluvio\/#breadcrumb"},"inLanguage":"fr-FR","potentialAction":[{"@type":"ReadAction","target":["https:\/\/www.bellunopress.it\/2026\/05\/22\/sul-palco-contro-ogni-tempesta-i-ragazzi-della-zanon-in-scena-con-aspettando-il-diluvio\/"]}]},{"@type":"ImageObject","inLanguage":"fr-FR","@id":"https:\/\/www.bellunopress.it\/2026\/05\/22\/sul-palco-contro-ogni-tempesta-i-ragazzi-della-zanon-in-scena-con-aspettando-il-diluvio\/#primaryimage","url":"https:\/\/www.bellunopress.it\/wp-content\/uploads\/2026\/05\/Aspettando-il-diluvio.jpg","contentUrl":"https:\/\/www.bellunopress.it\/wp-content\/uploads\/2026\/05\/Aspettando-il-diluvio.jpg","width":279,"height":500},{"@type":"BreadcrumbList","@id":"https:\/\/www.bellunopress.it\/2026\/05\/22\/sul-palco-contro-ogni-tempesta-i-ragazzi-della-zanon-in-scena-con-aspettando-il-diluvio\/#breadcrumb","itemListElement":[{"@type":"ListItem","position":1,"name":"Home","item":"https:\/\/www.bellunopress.it\/"},{"@type":"ListItem","position":2,"name":"Sul palco contro ogni tempesta: i ragazzi della &#8220;Zanon&#8221; in scena con &#8220;Aspettando il diluvio&#8221;"}]},{"@type":"WebSite","@id":"https:\/\/www.bellunopress.it\/#website","url":"https:\/\/www.bellunopress.it\/","name":"Bellunopress - Dolomiti","description":"e-mail: redazione@bellunopress.it","publisher":{"@id":"https:\/\/www.bellunopress.it\/#organization"},"potentialAction":[{"@type":"SearchAction","target":{"@type":"EntryPoint","urlTemplate":"https:\/\/www.bellunopress.it\/?s={search_term_string}"},"query-input":{"@type":"PropertyValueSpecification","valueRequired":true,"valueName":"search_term_string"}}],"inLanguage":"fr-FR"},{"@type":"Organization","@id":"https:\/\/www.bellunopress.it\/#organization","name":"Bellunopress","url":"https:\/\/www.bellunopress.it\/","logo":{"@type":"ImageObject","inLanguage":"fr-FR","@id":"https:\/\/www.bellunopress.it\/#\/schema\/logo\/image\/","url":"https:\/\/www.bellunopress.it\/wp-content\/uploads\/2011\/05\/cropped-logo-bellunopress-.jpg","contentUrl":"https:\/\/www.bellunopress.it\/wp-content\/uploads\/2011\/05\/cropped-logo-bellunopress-.jpg","width":512,"height":512,"caption":"Bellunopress"},"image":{"@id":"https:\/\/www.bellunopress.it\/#\/schema\/logo\/image\/"},"sameAs":["https:\/\/www.facebook.com\/profile.php?id=100008943462799","https:\/\/x.com\/bellunopress","https:\/\/www.linkedin.com\/hp\/?dnr=JBzUWaJfMUw8vbXJJ2tVW5-I3jZKvC4wsoxE&amp;amp;amp;amp;amp;amp;trk=nav_responsive_tab_home","https:\/\/www.youtube.com\/channel\/UCxL0wu1uN0_3_7hGG0306cw"]},{"@type":"Person","@id":"https:\/\/www.bellunopress.it\/#\/schema\/person\/79bb06722b37ece1c03d3e94beb30d73","name":"r\u00e9daction","image":{"@type":"ImageObject","inLanguage":"fr-FR","@id":"https:\/\/secure.gravatar.com\/avatar\/37d968a2e67a6fd04c169c4bdef102d0bc5d31b2546345219e348575eb80e9a0?s=96&d=mm&r=g","url":"https:\/\/secure.gravatar.com\/avatar\/37d968a2e67a6fd04c169c4bdef102d0bc5d31b2546345219e348575eb80e9a0?s=96&d=mm&r=g","contentUrl":"https:\/\/secure.gravatar.com\/avatar\/37d968a2e67a6fd04c169c4bdef102d0bc5d31b2546345219e348575eb80e9a0?s=96&d=mm&r=g","caption":"redazione"},"sameAs":["http:\/\/www.bellunopress.it","https:\/\/x.com\/bellunopress"],"url":"https:\/\/www.bellunopress.it\/fr\/author\/redazione\/"}]}},"_links":{"self":[{"href":"https:\/\/www.bellunopress.it\/fr\/wp-json\/wp\/v2\/posts\/170370","targetHints":{"allow":["GET"]}}],"collection":[{"href":"https:\/\/www.bellunopress.it\/fr\/wp-json\/wp\/v2\/posts"}],"about":[{"href":"https:\/\/www.bellunopress.it\/fr\/wp-json\/wp\/v2\/types\/post"}],"author":[{"embeddable":true,"href":"https:\/\/www.bellunopress.it\/fr\/wp-json\/wp\/v2\/users\/2"}],"replies":[{"embeddable":true,"href":"https:\/\/www.bellunopress.it\/fr\/wp-json\/wp\/v2\/comments?post=170370"}],"version-history":[{"count":1,"href":"https:\/\/www.bellunopress.it\/fr\/wp-json\/wp\/v2\/posts\/170370\/revisions"}],"predecessor-version":[{"id":170372,"href":"https:\/\/www.bellunopress.it\/fr\/wp-json\/wp\/v2\/posts\/170370\/revisions\/170372"}],"wp:featuredmedia":[{"embeddable":true,"href":"https:\/\/www.bellunopress.it\/fr\/wp-json\/wp\/v2\/media\/170371"}],"wp:attachment":[{"href":"https:\/\/www.bellunopress.it\/fr\/wp-json\/wp\/v2\/media?parent=170370"}],"wp:term":[{"taxonomy":"category","embeddable":true,"href":"https:\/\/www.bellunopress.it\/fr\/wp-json\/wp\/v2\/categories?post=170370"},{"taxonomy":"post_tag","embeddable":true,"href":"https:\/\/www.bellunopress.it\/fr\/wp-json\/wp\/v2\/tags?post=170370"}],"curies":[{"name":"wp","href":"https:\/\/api.w.org\/{rel}","templated":true}]}}