{"id":170363,"date":"2026-05-22T14:08:53","date_gmt":"2026-05-22T12:08:53","guid":{"rendered":"https:\/\/www.bellunopress.it\/?p=170363"},"modified":"2026-05-22T14:08:53","modified_gmt":"2026-05-22T12:08:53","slug":"agordo-celebra-leonardo-del-vecchio-fondatore-di-luxottica-con-una-mostra-dedicata-alla-sua-vita","status":"publish","type":"post","link":"https:\/\/www.bellunopress.it\/fr\/2026\/05\/22\/agordo-celebra-leonardo-del-vecchio-fondatore-di-luxottica-con-una-mostra-dedicata-alla-sua-vita\/","title":{"rendered":"Agordo celebra Leonardo Del Vecchio, fondatore di Luxottica, con una mostra dedicata alla sua vita"},"content":{"rendered":"<p><strong>La Fondazione Leonardo Del Vecchio avvia un progetto pilota con\u00a0l&#8217;Istituto Istruzione Superiore U. Follador \u2013 A. De Rossi<\/strong><\/p>\n<p><em>Inaugurata nel giorno in cui Leonardo Del Vecchio avrebbe compiuto 91 anni, in Sala Don Tamis di Agordo, la mostra &#8220;Sguardi che cambiano il mondo&#8221; dedicata alla vita del fondatore di Luxottica. Il racconto per immagini del riscatto e visione di uno dei pi\u00f9 grandi imprenditori del mondo rester\u00e0 aperto al pubblico fino al 4 luglio 2026. Per la Fondazione Leonardo Del Vecchio, l&#8217;appuntamento nel paese che per il Cavaliere fu &#8220;casa&#8221; pi\u00f9 di qualunque altro luogo, \u00e8 stata anche l&#8217;occasione per avviare un importante progetto pilota con IIS U.Follador \u2013 A. De Rossi finalizzato alla messa a punto del percorso avviato col Ministero dell&#8217;Istruzione e del Merito nello sviluppo di un nuovo progetto educativo a sostegno degli istituti tecnici e professionali.<\/em><\/p>\n<p>Agordo, Milano, 22 maggio 2026. Si \u00e8 inaugurata oggi ad Agordo la mostra fotografica &#8220;Sguardi che cambiano il mondo \u2013 Storia di Leonardo Del Vecchio&#8221;, presso la Sala Don Tamis \u2013 in via XXVII Aprile 5\/B dedicata alla vita e alla visione del fondatore di Luxottica (oggi EssilorLuxottica) e tra i pi\u00f9 grandi imprenditori del Novecento.<\/p>\n<p>La mostra organizzata dalla Fondazione Leonardo Del Vecchio rester\u00e0 aperta fino al 4 luglio e, grazie alla disponibilit\u00e0 dei membri del Circolo dei Pensionati di Luxottica, sar\u00e0 visitabile negli orari prestabiliti dal luned\u00ec al sabato.<\/p>\n<p>Al vernissage, al fianco della Presidente della Fondazione Nicoletta Zampillo Del Vecchio, ha partecipato, la Presidente di Confindustria Belluno Dolomiti, Maria Lorraine Berton, il Sindaco di Agordo Roberto Chissal\u00e8, il Dirigente scolastico dell&#8217;IIS U. Follador, Claudio Magalini. A rendere speciale l&#8217;appuntamento anche la testimonianza di chi ha conosciuto Leonardo Del Vecchio molto bene: Roberto Chemello, Livio De Nardin, Italo Schena.<\/p>\n<p>Agordo, il luogo che pi\u00f9 di qualsiasi altro fu &#8220;casa&#8221; per Leonardo Del Vecchio, \u00e8 anche la tappa della mostra in cui viene presentato il nuovo passo nel cammino di restituzione che \u2013 come Presidente della Fondazione \u2013 Nicoletta Zampillo Del Vecchio sta tracciando perch\u00e9 diventi fonte di ispirazione e opportunit\u00e0 per le nuove generazioni con talento ma meno mezzi economici. Un passo che si inserisce nella cornice dell&#8217;intesa che la Fondazione ha avviato con il Ministero dell&#8217;Istruzione e del Merito (MIM).<\/p>\n<p>In particolare, dopo aver gi\u00e0 scritto una pagina inedita nella storia della filantropia educativa italiana siglando, nell&#8217;ottobre 2024, un accordo per finanziare l&#8217;istituzione permanente di borse di studio all&#8217;Universit\u00e0 Bocconi con il fondo &#8220;Leonardo Del Vecchio Students Award&#8221;, la Fondazione guarda ora a un segmento chiave del sistema educativo italiano: gli istituti tecnici e professionali. Un terreno su cui il Ministro Valditara ha investito con forza, promuovendo la riforma del modello 4+2 che integra scuola e impresa, personalizza i percorsi formativi e consente agli studenti di entrare nel mondo del lavoro con competenze solide e spendibili.<\/p>\n<p>La Fondazione Leonardo Del Vecchio si \u00e8 impegnata ad avviare un gruppo di lavoro con il MIM per definire e finanziare le iniziative di maggior impatto a supporto del potenziamento della qualit\u00e0 della formazione degli istituti tecnici.<\/p>\n<p><img loading=\"lazy\" decoding=\"async\" class=\"aligncenter size-full wp-image-170364\" src=\"https:\/\/www.bellunopress.it\/wp-content\/uploads\/2026\/05\/Nicoletta-Zampillo-Del-Vecchio_Classe-Istituto-Superiore.jpg\" alt=\"\" width=\"500\" height=\"288\" srcset=\"https:\/\/www.bellunopress.it\/wp-content\/uploads\/2026\/05\/Nicoletta-Zampillo-Del-Vecchio_Classe-Istituto-Superiore.jpg 500w, https:\/\/www.bellunopress.it\/wp-content\/uploads\/2026\/05\/Nicoletta-Zampillo-Del-Vecchio_Classe-Istituto-Superiore-150x86.jpg 150w, https:\/\/www.bellunopress.it\/wp-content\/uploads\/2026\/05\/Nicoletta-Zampillo-Del-Vecchio_Classe-Istituto-Superiore-300x173.jpg 300w\" sizes=\"auto, (max-width: 500px) 100vw, 500px\" \/>Nell&#8217;ottica di costruire modelli di intervento replicabili su scala nazionale, la Fondazione avvia cos\u00ec un nuovo progetto pilota sostenendo l&#8217;IIS U. Follador \u2013 A. De Rossi stanziando i fondi necessari a garantire a tutti gli studenti del quarto anno borse di studio per potenziare il programma di esperienza scuola\/lavoro all&#8217;estero nei prossimi tre anni.<\/p>\n<p>&#8220;L&#8217;istruzione disegna il futuro di un Paese. Abbiamo lavorato con determinazione alla riforma degli istituti tecnici e professionali perch\u00e9 formare tutti i giovani con competenze solide e concrete \u00e8 la risposta pi\u00f9 efficace alle sfide della vita, del mercato del lavoro e della competitivit\u00e0 del sistema Italia. Il cambiamento ha effetti profondi e duraturi quando le istituzioni e i cittadini condividono la stessa visione. Per questo esprimo riconoscenza alla Fondazione Leonardo Del Vecchio e alla Presidente Nicoletta Zampillo Del Vecchio: il loro impegno non \u00e8 filantropia fine a s\u00e9 stessa, \u00e8 responsabilit\u00e0 civile. La scelta di chi sa che restituire al Paese significa investire nei giovani. Costruire insieme questo percorso \u00e8 un positivo esempio di collaborazione fra pubblico e privato&#8221; ha dichiarato il Ministro Giuseppe Valditara.<\/p>\n<p>&#8220;Oggi, nel giorno in cui mio marito avrebbe compiuto 91 anni,\u00a0 per me una delle pi\u00f9 importanti tappe della nostra vita insieme &#8211; ha dichiarato la Presidente Nicoletta Zampillo Del Vecchio &#8211; il grazie a chi si \u00e8 riunito qui ad Agordo per ricordarlo \u00e8 speciale. Sentire il ricordo dei suoi storici collaboratori \u00e8 commovente. Uno stimolo in pi\u00f9 per mettere a terra la responsabilit\u00e0 che mi ha lasciato nel realizzare con la Fondazione progetti ad alto impatto positivo sulla societ\u00e0. Anche per questo \u2013 voglio ribadirlo &#8211; sono grata al Ministro Valditara per aver riconosciuto il valore della proposta della nostra Fondazione e per aver scelto di costruire insieme un percorso concreto, come avrebbe voluto Leonardo. L&#8217;impegno a sostenere con progetti pilota i primi Istituti tecnici professionali, come l&#8217;IIS Follador di Agordo, rappresentano una leva di accelerazione nel realizzare la pi\u00f9 grande missione di permettere a ogni giovane di accedere a un&#8217;istruzione di qualit\u00e0 che gli apra le porte del futuro&#8221;,<\/p>\n<p>Il Sindaco di Agordo, Roberto Chissal\u00e8 ha aggiunto: &#8220;\u00c8 un grande orgoglio poter ospitare ad Agordo una mostra dedicata al Cavalier Leonardo Del Vecchio. Un&#8217;occasione preziosa per ricordare quanto la sua visione, il suo ingegno e la sua straordinaria determinazione abbiano trovato, tra le Dolomiti, un terreno fertile in cui crescere e prosperare. Agordo ha conosciuto Leonardo Del Vecchio come uomo impegnato nell&#8217;amministrazione pubblica, come dirigente sportivo, ma soprattutto come imprenditore illuminato, capace di porre al centro del proprio progetto le persone, con attenzione e rispetto.<\/p>\n<p>Pi\u00f9 di sessant&#8217;anni fa, per sua iniziativa, prendeva vita qui un modesto progetto industriale: grande il cuore che animava quell&#8217;idea e poderosa la visione che coinvolse la nostra terra, sprigionando un&#8217;energia straordinaria e una tenace volont\u00e0 di crescita e miglioramento. Oggi quel progetto \u00e8 riconosciuto nel mondo come un gigante internazionale, senza aver mai smarrito il proprio &#8220;cuore dolomitico&#8221;. Bentornato ad Agordo, Cavalier Del Vecchio: da qui, in fondo, non se n&#8217;\u00e8 mai andato&#8221;.<\/p>\n<p>&#8220;Valorizzare i talenti, sviluppandone le competenze, \u00e8 Il modo migliore per ricordare un imprenditore straordinario come Leonardo Del Vecchio, per il quale ogni persona poteva fare la differenza. La missione della Fondazione in sua memoria \u00e8 un atto d&#8217;amore, l&#8217;ennesimo, nei confronti della nostra montagna e dei suoi giovani. Nessuno come Del Vecchio ha proiettato le nostre Dolomiti nel mondo, dando senso e futuro alle comunit\u00e0&#8221;, rimarca Lorraine Berton, presidente di Confindustria Belluno Dolomiti. &#8220;La nostra Associazione condivide la sfida per nuove competenze tecniche, necessarie al nostro manifatturiero, uno sforzo di innovazione e formazione che deve essere continuo: \u00e8 questo uno dei pi\u00f9 preziosi insegnamenti che Del Vecchio ha lasciato al mondo economico bellunese.<\/p>\n<p>Confindustria Belluno Dolomiti \u00e8 pronta a lavorare con la Fondazione per rinsaldare il legame tra impresa e territorio all&#8217;insegna della massima responsabilit\u00e0 sociale, concetto del quale Del Vecchio \u00e8 stato antesignano, praticandolo con i fatti e non con le parole&#8221;.<\/p>\n<p>Claudio Magalini, Dirigente Scolastico dell&#8217;IIS Follador &#8211; A. De Rossi, conclude: &#8220;Quando sono stato contattato dalla Fondazione Leonardo Del Vecchio \u00e8 stato per me un momento emozionante perch\u00e9 del Cavalier Del Vecchio e del suo successo imprenditoriale, ne ho sentito parlare fin dal primo giorno in cui sono arrivato ad Agordo. In particolare, la sua visione lungimirante, la sua passione, la sua ottica imprenditoriale volta a un profitto diffuso e distribuito anche con i suoi dipendenti, sono state fin da subito anticipazioni della singolarit\u00e0 di un uomo che aveva conosciuto &#8211; ma affrontato e superato &#8211; disagi e difficolt\u00e0 personali ed economiche importanti con la fiducia e la speranza nel futuro. E&#8217; per questa visione che si giustifica l&#8217;amore verso le nuove generazioni da sempre dimostrato dall&#8217;imprenditore Del Vecchio che oggi, grazie alla Presidente della Fondazione Nicoletta Zampillo Del Vecchio e al suo impegno, trova sostanziale riscontro in un progetto triennale di borse di studio per gli studenti dell&#8217;Istituto Follador De Rossi che li porter\u00e0 a sviluppare competenze e a consolidare conoscenze in esperienze lavorative all&#8217;estero. A nome di tutta la comunit\u00e0 scolastica grazie di cuore a lei, Presidente per portare avanti il segno lasciato dal Cavaliere Sigg. Del Vecchio&#8221;.<\/p>\n<p>La mostra fotografica &#8220;Sguardi che cambiano il mondo&#8221; \u00e8 curata da Maria Vittoria Baravelli in tutte<\/p>\n<p>le sue esposizioni. La mostra rimarr\u00e0 aperta grazie al supporto del Circolo dei Pensionati di Luxottica dal luned\u00ec al venerd\u00ec dalle 16.30 alle 19.00 e il sabato anche alla mattina dalle 09.00 alle 12.00 tutti i giorni.<\/p>\n<p>&nbsp;<\/p>\n<p><strong>La Fondazione Leonardo Del Vecchio<\/strong><\/p>\n<p>Nata dalla volont\u00e0 di Leonardo Del Vecchio, imprenditore dalla visione non comune che ha segnato lo sviluppo dell&#8217;economia italiana, la Fondazione Del Vecchio \u00e8 un ente non profit voluto dall&#8217;imprenditore come progetto di give back, di restituzione alla collettivit\u00e0.<\/p>\n<p>Oggi la Fondazione \u00e8 guidata da Nicoletta Zampillo Del Vecchio che, in qualit\u00e0 di Presidente, \u00e8 impegnata a garantire la custodia dei valori che hanno contraddistinto l&#8217;attivit\u00e0 del marito, come uomo e come imprenditore, nel corso della sua vita. Lo fa proponendo e sposando progetti in grado di poter generare un reale e significativo impatto sociale negli ambiti prioritari indicati da suo marito Leonardo: educazione, sistema sanitario, ricerca, sostegno in situazioni di bisogno.<\/p>\n<p>&nbsp;<\/p>","protected":false},"excerpt":{"rendered":"<p>La Fondazione Leonardo Del Vecchio avvia un progetto pilota con\u00a0l&#8217;Istituto Istruzione Superiore U. Follador \u2013 A. De Rossi Inaugurata nel giorno in cui Leonardo Del Vecchio avrebbe compiuto 91 anni, in Sala Don Tamis di Agordo, la mostra &#8220;Sguardi che cambiano il mondo&#8221; dedicata alla vita del fondatore di Luxottica. Il racconto per immagini del [&hellip;]<\/p>\n","protected":false},"author":2,"featured_media":170365,"comment_status":"closed","ping_status":"open","sticky":false,"template":"","format":"standard","meta":{"footnotes":""},"categories":[3446,36,26,8],"tags":[3514],"class_list":["post-170363","post","type-post","status-publish","format-standard","has-post-thumbnail","category-featured","category-lavoro-economia","category-prima-pagina","category-societa-istituzioni","tag-leonardo-del-vecchio"],"yoast_head":"<!-- This site is optimized with the Yoast SEO plugin v28.4 - https:\/\/yoast.com\/product\/yoast-seo-wordpress\/ -->\n<title>Agordo celebra Leonardo Del Vecchio, fondatore di Luxottica, con una mostra dedicata alla sua vita - Bellunopress - Dolomiti<\/title>\n<meta name=\"robots\" content=\"index, follow, max-snippet:-1, max-image-preview:large, max-video-preview:-1\" \/>\n<link rel=\"canonical\" href=\"https:\/\/www.bellunopress.it\/fr\/2026\/05\/22\/agordo-celebra-leonardo-del-vecchio-fondatore-di-luxottica-con-una-mostra-dedicata-alla-sua-vita\/\" \/>\n<meta property=\"og:locale\" content=\"fr_FR\" \/>\n<meta property=\"og:type\" content=\"article\" \/>\n<meta property=\"og:title\" content=\"Agordo celebra Leonardo Del Vecchio, fondatore di Luxottica, con una mostra dedicata alla sua vita - Bellunopress - Dolomiti\" \/>\n<meta property=\"og:description\" content=\"La Fondazione Leonardo Del Vecchio avvia un progetto pilota con\u00a0l&#8217;Istituto Istruzione Superiore U. Follador \u2013 A. De Rossi Inaugurata nel giorno in cui Leonardo Del Vecchio avrebbe compiuto 91 anni, in Sala Don Tamis di Agordo, la mostra &#8220;Sguardi che cambiano il mondo&#8221; dedicata alla vita del fondatore di Luxottica. Il racconto per immagini del [&hellip;]\" \/>\n<meta property=\"og:url\" content=\"https:\/\/www.bellunopress.it\/fr\/2026\/05\/22\/agordo-celebra-leonardo-del-vecchio-fondatore-di-luxottica-con-una-mostra-dedicata-alla-sua-vita\/\" \/>\n<meta property=\"og:site_name\" content=\"Bellunopress - Dolomiti\" \/>\n<meta property=\"article:publisher\" content=\"https:\/\/www.facebook.com\/profile.php?id=100008943462799\" \/>\n<meta property=\"article:published_time\" content=\"2026-05-22T12:08:53+00:00\" \/>\n<meta property=\"og:image\" content=\"https:\/\/www.bellunopress.it\/wp-content\/uploads\/2026\/05\/Nicoletta-Zampillo-Del-Vecchio.jpeg\" \/>\n\t<meta property=\"og:image:width\" content=\"456\" \/>\n\t<meta property=\"og:image:height\" content=\"600\" \/>\n\t<meta property=\"og:image:type\" content=\"image\/jpeg\" \/>\n<meta name=\"author\" content=\"redazione\" \/>\n<meta name=\"twitter:card\" content=\"summary_large_image\" \/>\n<meta name=\"twitter:creator\" content=\"@bellunopress\" \/>\n<meta name=\"twitter:site\" content=\"@bellunopress\" \/>\n<meta name=\"twitter:label1\" content=\"Written by\" \/>\n\t<meta name=\"twitter:data1\" content=\"redazione\" \/>\n\t<meta name=\"twitter:label2\" content=\"Est. reading time\" \/>\n\t<meta name=\"twitter:data2\" content=\"9 minutes\" \/>\n<script type=\"application\/ld+json\" class=\"yoast-schema-graph\">{\"@context\":\"https:\\\/\\\/schema.org\",\"@graph\":[{\"@type\":\"Article\",\"@id\":\"https:\\\/\\\/www.bellunopress.it\\\/2026\\\/05\\\/22\\\/agordo-celebra-leonardo-del-vecchio-fondatore-di-luxottica-con-una-mostra-dedicata-alla-sua-vita\\\/#article\",\"isPartOf\":{\"@id\":\"https:\\\/\\\/www.bellunopress.it\\\/2026\\\/05\\\/22\\\/agordo-celebra-leonardo-del-vecchio-fondatore-di-luxottica-con-una-mostra-dedicata-alla-sua-vita\\\/\"},\"author\":{\"name\":\"redazione\",\"@id\":\"https:\\\/\\\/www.bellunopress.it\\\/#\\\/schema\\\/person\\\/79bb06722b37ece1c03d3e94beb30d73\"},\"headline\":\"Agordo celebra Leonardo Del Vecchio, fondatore di Luxottica, con una mostra dedicata alla sua vita\",\"datePublished\":\"2026-05-22T12:08:53+00:00\",\"mainEntityOfPage\":{\"@id\":\"https:\\\/\\\/www.bellunopress.it\\\/2026\\\/05\\\/22\\\/agordo-celebra-leonardo-del-vecchio-fondatore-di-luxottica-con-una-mostra-dedicata-alla-sua-vita\\\/\"},\"wordCount\":1542,\"publisher\":{\"@id\":\"https:\\\/\\\/www.bellunopress.it\\\/#organization\"},\"image\":{\"@id\":\"https:\\\/\\\/www.bellunopress.it\\\/2026\\\/05\\\/22\\\/agordo-celebra-leonardo-del-vecchio-fondatore-di-luxottica-con-una-mostra-dedicata-alla-sua-vita\\\/#primaryimage\"},\"thumbnailUrl\":\"https:\\\/\\\/www.bellunopress.it\\\/wp-content\\\/uploads\\\/2026\\\/05\\\/Nicoletta-Zampillo-Del-Vecchio.jpeg\",\"keywords\":[\"Leonardo Del Vecchio\"],\"articleSection\":[\"Featured\",\"Lavoro, Economia, Turismo\",\"Prima Pagina\",\"Societ\u00e0, Associazioni, Istituzioni\"],\"inLanguage\":\"fr-FR\"},{\"@type\":\"WebPage\",\"@id\":\"https:\\\/\\\/www.bellunopress.it\\\/2026\\\/05\\\/22\\\/agordo-celebra-leonardo-del-vecchio-fondatore-di-luxottica-con-una-mostra-dedicata-alla-sua-vita\\\/\",\"url\":\"https:\\\/\\\/www.bellunopress.it\\\/2026\\\/05\\\/22\\\/agordo-celebra-leonardo-del-vecchio-fondatore-di-luxottica-con-una-mostra-dedicata-alla-sua-vita\\\/\",\"name\":\"Agordo celebra Leonardo Del Vecchio, fondatore di Luxottica, con una mostra dedicata alla sua vita - Bellunopress - Dolomiti\",\"isPartOf\":{\"@id\":\"https:\\\/\\\/www.bellunopress.it\\\/#website\"},\"primaryImageOfPage\":{\"@id\":\"https:\\\/\\\/www.bellunopress.it\\\/2026\\\/05\\\/22\\\/agordo-celebra-leonardo-del-vecchio-fondatore-di-luxottica-con-una-mostra-dedicata-alla-sua-vita\\\/#primaryimage\"},\"image\":{\"@id\":\"https:\\\/\\\/www.bellunopress.it\\\/2026\\\/05\\\/22\\\/agordo-celebra-leonardo-del-vecchio-fondatore-di-luxottica-con-una-mostra-dedicata-alla-sua-vita\\\/#primaryimage\"},\"thumbnailUrl\":\"https:\\\/\\\/www.bellunopress.it\\\/wp-content\\\/uploads\\\/2026\\\/05\\\/Nicoletta-Zampillo-Del-Vecchio.jpeg\",\"datePublished\":\"2026-05-22T12:08:53+00:00\",\"breadcrumb\":{\"@id\":\"https:\\\/\\\/www.bellunopress.it\\\/2026\\\/05\\\/22\\\/agordo-celebra-leonardo-del-vecchio-fondatore-di-luxottica-con-una-mostra-dedicata-alla-sua-vita\\\/#breadcrumb\"},\"inLanguage\":\"fr-FR\",\"potentialAction\":[{\"@type\":\"ReadAction\",\"target\":[\"https:\\\/\\\/www.bellunopress.it\\\/2026\\\/05\\\/22\\\/agordo-celebra-leonardo-del-vecchio-fondatore-di-luxottica-con-una-mostra-dedicata-alla-sua-vita\\\/\"]}]},{\"@type\":\"ImageObject\",\"inLanguage\":\"fr-FR\",\"@id\":\"https:\\\/\\\/www.bellunopress.it\\\/2026\\\/05\\\/22\\\/agordo-celebra-leonardo-del-vecchio-fondatore-di-luxottica-con-una-mostra-dedicata-alla-sua-vita\\\/#primaryimage\",\"url\":\"https:\\\/\\\/www.bellunopress.it\\\/wp-content\\\/uploads\\\/2026\\\/05\\\/Nicoletta-Zampillo-Del-Vecchio.jpeg\",\"contentUrl\":\"https:\\\/\\\/www.bellunopress.it\\\/wp-content\\\/uploads\\\/2026\\\/05\\\/Nicoletta-Zampillo-Del-Vecchio.jpeg\",\"width\":456,\"height\":600,\"caption\":\"Nicoletta Zampillo Del Vecchio\"},{\"@type\":\"BreadcrumbList\",\"@id\":\"https:\\\/\\\/www.bellunopress.it\\\/2026\\\/05\\\/22\\\/agordo-celebra-leonardo-del-vecchio-fondatore-di-luxottica-con-una-mostra-dedicata-alla-sua-vita\\\/#breadcrumb\",\"itemListElement\":[{\"@type\":\"ListItem\",\"position\":1,\"name\":\"Home\",\"item\":\"https:\\\/\\\/www.bellunopress.it\\\/\"},{\"@type\":\"ListItem\",\"position\":2,\"name\":\"Agordo celebra Leonardo Del Vecchio, fondatore di Luxottica, con una mostra dedicata alla sua vita\"}]},{\"@type\":\"WebSite\",\"@id\":\"https:\\\/\\\/www.bellunopress.it\\\/#website\",\"url\":\"https:\\\/\\\/www.bellunopress.it\\\/\",\"name\":\"Bellunopress - Dolomiti\",\"description\":\"e-mail: redazione@bellunopress.it\",\"publisher\":{\"@id\":\"https:\\\/\\\/www.bellunopress.it\\\/#organization\"},\"potentialAction\":[{\"@type\":\"SearchAction\",\"target\":{\"@type\":\"EntryPoint\",\"urlTemplate\":\"https:\\\/\\\/www.bellunopress.it\\\/?s={search_term_string}\"},\"query-input\":{\"@type\":\"PropertyValueSpecification\",\"valueRequired\":true,\"valueName\":\"search_term_string\"}}],\"inLanguage\":\"fr-FR\"},{\"@type\":\"Organization\",\"@id\":\"https:\\\/\\\/www.bellunopress.it\\\/#organization\",\"name\":\"Bellunopress\",\"url\":\"https:\\\/\\\/www.bellunopress.it\\\/\",\"logo\":{\"@type\":\"ImageObject\",\"inLanguage\":\"fr-FR\",\"@id\":\"https:\\\/\\\/www.bellunopress.it\\\/#\\\/schema\\\/logo\\\/image\\\/\",\"url\":\"https:\\\/\\\/www.bellunopress.it\\\/wp-content\\\/uploads\\\/2011\\\/05\\\/cropped-logo-bellunopress-.jpg\",\"contentUrl\":\"https:\\\/\\\/www.bellunopress.it\\\/wp-content\\\/uploads\\\/2011\\\/05\\\/cropped-logo-bellunopress-.jpg\",\"width\":512,\"height\":512,\"caption\":\"Bellunopress\"},\"image\":{\"@id\":\"https:\\\/\\\/www.bellunopress.it\\\/#\\\/schema\\\/logo\\\/image\\\/\"},\"sameAs\":[\"https:\\\/\\\/www.facebook.com\\\/profile.php?id=100008943462799\",\"https:\\\/\\\/x.com\\\/bellunopress\",\"https:\\\/\\\/www.linkedin.com\\\/hp\\\/?dnr=JBzUWaJfMUw8vbXJJ2tVW5-I3jZKvC4wsoxE&amp;amp;amp;amp;amp;amp;trk=nav_responsive_tab_home\",\"https:\\\/\\\/www.youtube.com\\\/channel\\\/UCxL0wu1uN0_3_7hGG0306cw\"]},{\"@type\":\"Person\",\"@id\":\"https:\\\/\\\/www.bellunopress.it\\\/#\\\/schema\\\/person\\\/79bb06722b37ece1c03d3e94beb30d73\",\"name\":\"redazione\",\"image\":{\"@type\":\"ImageObject\",\"inLanguage\":\"fr-FR\",\"@id\":\"https:\\\/\\\/secure.gravatar.com\\\/avatar\\\/37d968a2e67a6fd04c169c4bdef102d0bc5d31b2546345219e348575eb80e9a0?s=96&d=mm&r=g\",\"url\":\"https:\\\/\\\/secure.gravatar.com\\\/avatar\\\/37d968a2e67a6fd04c169c4bdef102d0bc5d31b2546345219e348575eb80e9a0?s=96&d=mm&r=g\",\"contentUrl\":\"https:\\\/\\\/secure.gravatar.com\\\/avatar\\\/37d968a2e67a6fd04c169c4bdef102d0bc5d31b2546345219e348575eb80e9a0?s=96&d=mm&r=g\",\"caption\":\"redazione\"},\"sameAs\":[\"http:\\\/\\\/www.bellunopress.it\",\"https:\\\/\\\/x.com\\\/bellunopress\"],\"url\":\"https:\\\/\\\/www.bellunopress.it\\\/fr\\\/author\\\/redazione\\\/\"}]}<\/script>\n<!-- \/ Yoast SEO plugin. -->","yoast_head_json":{"title":"Agordo celebra Leonardo Del Vecchio, fondatore di Luxottica, con una mostra dedicata alla sua vita - Bellunopress - Dolomiti","robots":{"index":"index","follow":"follow","max-snippet":"max-snippet:-1","max-image-preview":"max-image-preview:large","max-video-preview":"max-video-preview:-1"},"canonical":"https:\/\/www.bellunopress.it\/fr\/2026\/05\/22\/agordo-celebra-leonardo-del-vecchio-fondatore-di-luxottica-con-una-mostra-dedicata-alla-sua-vita\/","og_locale":"fr_FR","og_type":"article","og_title":"Agordo celebra Leonardo Del Vecchio, fondatore di Luxottica, con una mostra dedicata alla sua vita - Bellunopress - Dolomiti","og_description":"La Fondazione Leonardo Del Vecchio avvia un progetto pilota con\u00a0l&#8217;Istituto Istruzione Superiore U. Follador \u2013 A. De Rossi Inaugurata nel giorno in cui Leonardo Del Vecchio avrebbe compiuto 91 anni, in Sala Don Tamis di Agordo, la mostra &#8220;Sguardi che cambiano il mondo&#8221; dedicata alla vita del fondatore di Luxottica. Il racconto per immagini del [&hellip;]","og_url":"https:\/\/www.bellunopress.it\/fr\/2026\/05\/22\/agordo-celebra-leonardo-del-vecchio-fondatore-di-luxottica-con-una-mostra-dedicata-alla-sua-vita\/","og_site_name":"Bellunopress - Dolomiti","article_publisher":"https:\/\/www.facebook.com\/profile.php?id=100008943462799","article_published_time":"2026-05-22T12:08:53+00:00","og_image":[{"width":456,"height":600,"url":"https:\/\/www.bellunopress.it\/wp-content\/uploads\/2026\/05\/Nicoletta-Zampillo-Del-Vecchio.jpeg","type":"image\/jpeg"}],"author":"redazione","twitter_card":"summary_large_image","twitter_creator":"@bellunopress","twitter_site":"@bellunopress","twitter_misc":{"Written by":"redazione","Est. reading time":"9 minutes"},"schema":{"@context":"https:\/\/schema.org","@graph":[{"@type":"Article","@id":"https:\/\/www.bellunopress.it\/2026\/05\/22\/agordo-celebra-leonardo-del-vecchio-fondatore-di-luxottica-con-una-mostra-dedicata-alla-sua-vita\/#article","isPartOf":{"@id":"https:\/\/www.bellunopress.it\/2026\/05\/22\/agordo-celebra-leonardo-del-vecchio-fondatore-di-luxottica-con-una-mostra-dedicata-alla-sua-vita\/"},"author":{"name":"redazione","@id":"https:\/\/www.bellunopress.it\/#\/schema\/person\/79bb06722b37ece1c03d3e94beb30d73"},"headline":"Agordo celebra Leonardo Del Vecchio, fondatore di Luxottica, con una mostra dedicata alla sua vita","datePublished":"2026-05-22T12:08:53+00:00","mainEntityOfPage":{"@id":"https:\/\/www.bellunopress.it\/2026\/05\/22\/agordo-celebra-leonardo-del-vecchio-fondatore-di-luxottica-con-una-mostra-dedicata-alla-sua-vita\/"},"wordCount":1542,"publisher":{"@id":"https:\/\/www.bellunopress.it\/#organization"},"image":{"@id":"https:\/\/www.bellunopress.it\/2026\/05\/22\/agordo-celebra-leonardo-del-vecchio-fondatore-di-luxottica-con-una-mostra-dedicata-alla-sua-vita\/#primaryimage"},"thumbnailUrl":"https:\/\/www.bellunopress.it\/wp-content\/uploads\/2026\/05\/Nicoletta-Zampillo-Del-Vecchio.jpeg","keywords":["Leonardo Del Vecchio"],"articleSection":["Featured","Lavoro, Economia, Turismo","Prima Pagina","Societ\u00e0, Associazioni, Istituzioni"],"inLanguage":"fr-FR"},{"@type":"WebPage","@id":"https:\/\/www.bellunopress.it\/2026\/05\/22\/agordo-celebra-leonardo-del-vecchio-fondatore-di-luxottica-con-una-mostra-dedicata-alla-sua-vita\/","url":"https:\/\/www.bellunopress.it\/2026\/05\/22\/agordo-celebra-leonardo-del-vecchio-fondatore-di-luxottica-con-una-mostra-dedicata-alla-sua-vita\/","name":"Agordo celebra Leonardo Del Vecchio, fondatore di Luxottica, con una mostra dedicata alla sua vita - Bellunopress - Dolomiti","isPartOf":{"@id":"https:\/\/www.bellunopress.it\/#website"},"primaryImageOfPage":{"@id":"https:\/\/www.bellunopress.it\/2026\/05\/22\/agordo-celebra-leonardo-del-vecchio-fondatore-di-luxottica-con-una-mostra-dedicata-alla-sua-vita\/#primaryimage"},"image":{"@id":"https:\/\/www.bellunopress.it\/2026\/05\/22\/agordo-celebra-leonardo-del-vecchio-fondatore-di-luxottica-con-una-mostra-dedicata-alla-sua-vita\/#primaryimage"},"thumbnailUrl":"https:\/\/www.bellunopress.it\/wp-content\/uploads\/2026\/05\/Nicoletta-Zampillo-Del-Vecchio.jpeg","datePublished":"2026-05-22T12:08:53+00:00","breadcrumb":{"@id":"https:\/\/www.bellunopress.it\/2026\/05\/22\/agordo-celebra-leonardo-del-vecchio-fondatore-di-luxottica-con-una-mostra-dedicata-alla-sua-vita\/#breadcrumb"},"inLanguage":"fr-FR","potentialAction":[{"@type":"ReadAction","target":["https:\/\/www.bellunopress.it\/2026\/05\/22\/agordo-celebra-leonardo-del-vecchio-fondatore-di-luxottica-con-una-mostra-dedicata-alla-sua-vita\/"]}]},{"@type":"ImageObject","inLanguage":"fr-FR","@id":"https:\/\/www.bellunopress.it\/2026\/05\/22\/agordo-celebra-leonardo-del-vecchio-fondatore-di-luxottica-con-una-mostra-dedicata-alla-sua-vita\/#primaryimage","url":"https:\/\/www.bellunopress.it\/wp-content\/uploads\/2026\/05\/Nicoletta-Zampillo-Del-Vecchio.jpeg","contentUrl":"https:\/\/www.bellunopress.it\/wp-content\/uploads\/2026\/05\/Nicoletta-Zampillo-Del-Vecchio.jpeg","width":456,"height":600,"caption":"Nicoletta Zampillo Del Vecchio"},{"@type":"BreadcrumbList","@id":"https:\/\/www.bellunopress.it\/2026\/05\/22\/agordo-celebra-leonardo-del-vecchio-fondatore-di-luxottica-con-una-mostra-dedicata-alla-sua-vita\/#breadcrumb","itemListElement":[{"@type":"ListItem","position":1,"name":"Home","item":"https:\/\/www.bellunopress.it\/"},{"@type":"ListItem","position":2,"name":"Agordo celebra Leonardo Del Vecchio, fondatore di Luxottica, con una mostra dedicata alla sua vita"}]},{"@type":"WebSite","@id":"https:\/\/www.bellunopress.it\/#website","url":"https:\/\/www.bellunopress.it\/","name":"Bellunopress - Dolomiti","description":"e-mail: redazione@bellunopress.it","publisher":{"@id":"https:\/\/www.bellunopress.it\/#organization"},"potentialAction":[{"@type":"SearchAction","target":{"@type":"EntryPoint","urlTemplate":"https:\/\/www.bellunopress.it\/?s={search_term_string}"},"query-input":{"@type":"PropertyValueSpecification","valueRequired":true,"valueName":"search_term_string"}}],"inLanguage":"fr-FR"},{"@type":"Organization","@id":"https:\/\/www.bellunopress.it\/#organization","name":"Bellunopress","url":"https:\/\/www.bellunopress.it\/","logo":{"@type":"ImageObject","inLanguage":"fr-FR","@id":"https:\/\/www.bellunopress.it\/#\/schema\/logo\/image\/","url":"https:\/\/www.bellunopress.it\/wp-content\/uploads\/2011\/05\/cropped-logo-bellunopress-.jpg","contentUrl":"https:\/\/www.bellunopress.it\/wp-content\/uploads\/2011\/05\/cropped-logo-bellunopress-.jpg","width":512,"height":512,"caption":"Bellunopress"},"image":{"@id":"https:\/\/www.bellunopress.it\/#\/schema\/logo\/image\/"},"sameAs":["https:\/\/www.facebook.com\/profile.php?id=100008943462799","https:\/\/x.com\/bellunopress","https:\/\/www.linkedin.com\/hp\/?dnr=JBzUWaJfMUw8vbXJJ2tVW5-I3jZKvC4wsoxE&amp;amp;amp;amp;amp;amp;trk=nav_responsive_tab_home","https:\/\/www.youtube.com\/channel\/UCxL0wu1uN0_3_7hGG0306cw"]},{"@type":"Person","@id":"https:\/\/www.bellunopress.it\/#\/schema\/person\/79bb06722b37ece1c03d3e94beb30d73","name":"r\u00e9daction","image":{"@type":"ImageObject","inLanguage":"fr-FR","@id":"https:\/\/secure.gravatar.com\/avatar\/37d968a2e67a6fd04c169c4bdef102d0bc5d31b2546345219e348575eb80e9a0?s=96&d=mm&r=g","url":"https:\/\/secure.gravatar.com\/avatar\/37d968a2e67a6fd04c169c4bdef102d0bc5d31b2546345219e348575eb80e9a0?s=96&d=mm&r=g","contentUrl":"https:\/\/secure.gravatar.com\/avatar\/37d968a2e67a6fd04c169c4bdef102d0bc5d31b2546345219e348575eb80e9a0?s=96&d=mm&r=g","caption":"redazione"},"sameAs":["http:\/\/www.bellunopress.it","https:\/\/x.com\/bellunopress"],"url":"https:\/\/www.bellunopress.it\/fr\/author\/redazione\/"}]}},"_links":{"self":[{"href":"https:\/\/www.bellunopress.it\/fr\/wp-json\/wp\/v2\/posts\/170363","targetHints":{"allow":["GET"]}}],"collection":[{"href":"https:\/\/www.bellunopress.it\/fr\/wp-json\/wp\/v2\/posts"}],"about":[{"href":"https:\/\/www.bellunopress.it\/fr\/wp-json\/wp\/v2\/types\/post"}],"author":[{"embeddable":true,"href":"https:\/\/www.bellunopress.it\/fr\/wp-json\/wp\/v2\/users\/2"}],"replies":[{"embeddable":true,"href":"https:\/\/www.bellunopress.it\/fr\/wp-json\/wp\/v2\/comments?post=170363"}],"version-history":[{"count":1,"href":"https:\/\/www.bellunopress.it\/fr\/wp-json\/wp\/v2\/posts\/170363\/revisions"}],"predecessor-version":[{"id":170366,"href":"https:\/\/www.bellunopress.it\/fr\/wp-json\/wp\/v2\/posts\/170363\/revisions\/170366"}],"wp:featuredmedia":[{"embeddable":true,"href":"https:\/\/www.bellunopress.it\/fr\/wp-json\/wp\/v2\/media\/170365"}],"wp:attachment":[{"href":"https:\/\/www.bellunopress.it\/fr\/wp-json\/wp\/v2\/media?parent=170363"}],"wp:term":[{"taxonomy":"category","embeddable":true,"href":"https:\/\/www.bellunopress.it\/fr\/wp-json\/wp\/v2\/categories?post=170363"},{"taxonomy":"post_tag","embeddable":true,"href":"https:\/\/www.bellunopress.it\/fr\/wp-json\/wp\/v2\/tags?post=170363"}],"curies":[{"name":"wp","href":"https:\/\/api.w.org\/{rel}","templated":true}]}}