{"id":170357,"date":"2026-05-22T11:55:55","date_gmt":"2026-05-22T09:55:55","guid":{"rendered":"https:\/\/www.bellunopress.it\/?p=170357"},"modified":"2026-05-22T11:55:55","modified_gmt":"2026-05-22T09:55:55","slug":"riapre-il-tempio-canoviano-di-possagno","status":"publish","type":"post","link":"https:\/\/www.bellunopress.it\/fr\/2026\/05\/22\/riapre-il-tempio-canoviano-di-possagno\/","title":{"rendered":"Riapre il Tempio canoviano di Possagno"},"content":{"rendered":"<p><strong>Tra le iniziative che verranno attivate, prevista una campagna di crowdfunding aperta a cittadini e imprese.<\/strong><br \/>\n<strong>Anche il Consorzio Vini Asolo Montello dar\u00e0 il proprio contributo per sostenere uno dei beni architettonici pi\u00f9 preziosi del territorio<\/strong><\/p>\n<p>Possagno, 22 maggio 2026 \u2013 Si terr\u00e0 domenica 24 maggio alle ore 10:30 l\u2019incontro nel quale la Fondazione Opera Dotazione del Tempio Canoviano presenter\u00e0 il progetto di riapertura di questo monumento simbolo del genio di Antonio Canova. Negli ultimi mesi il Tempio \u00e8 stato interessato da alcuni distacchi di intonaco provenienti dalla parte pi\u00f9 alta della cupola, situazione che ha richiesto approfondimenti tecnici specialistici e un intervento di messa in sicurezza dell\u2019edificio, gi\u00e0 effettuato. Gli interventi hanno consentito la riapertura del Tempio ai fedeli e ai visitatori, mentre proseguono ora le analisi diagnostiche e gli studi necessari a definire il futuro programma organico di restauro.<\/p>\n<p>In questo contesto si inserisce anche il sostegno del Consorzio Vini Asolo Montello, che ha scelto di finanziarie alcune attivit\u00e0 gi\u00e0 avviate e di sostenere attraverso un contributo biennale il percorso di tutela, analisi e interventi futuri. In particolare, grazie al contributo \u00e8 stata predisposta una rete di contenimento, che permetter\u00e0 ai visitatori di ammirare in sicurezza questa splendida opera. &#8220;Il Tempio Canoviano \u00e8 una delle testimonianze pi\u00f9 importanti dell\u2019opera di Antonio Canova. \u2013 Afferma la Presidente della Fondazione Vania Cunial. \u2013 Riaprirlo significa dare la possibilit\u00e0 a migliaia di visitatori di ammirarne la bellezza e comprendere il genio di questo artista. \u00c8 un momento molto atteso, che restituisce ai fedeli e a tutta la comunit\u00e0 di Possagno il luogo simbolo della propria storia e della propria identit\u00e0&#8221;.<\/p>\n<p>\u00abIl Tempio Canoviano \u00e8 un luogo che appartiene profondamente all\u2019identit\u00e0 del nostro territorio ed \u00e8 simbolo di bellezza, un valore che desideriamo comunicare come identitario. \u2013 Dichiara Michele Noal, presidente del Consorzio Vini Asolo Montello \u2013 Come Consorzio sentiamo il dovere di essere vicini ai simboli culturali e artistici che rappresentano la storia, la bellezza e il valore della nostra comunit\u00e0. Asolo Montello \u00e8 un territorio che vive dell\u2019equilibrio tra paesaggio, cultura, tradizioni e qualit\u00e0 della vita. Ci auguriamo che la nostra scelta sensibilizzi altre realt\u00e0 economiche, pubbliche e private, che possano fornire il proprio contributo\u00bb.<\/p>\n<p>\u00abAbbiamo scelto di partecipare a questo percorso \u2013 prosegue Noal \u2013 con spirito di responsabilit\u00e0 e collaborazione, nella convinzione che la conservazione dei luoghi simbolo debba coinvolgere istituzioni, imprese e cittadini. \u00c8 un progetto che riguarda tutti.\u00bb<\/p>\n<p>Accanto al sostegno del Consorzio, nei prossimi mesi verr\u00e0 infatti avviata una campagna di crowdfunding aperta a cittadini, aziende, associazioni e sostenitori del patrimonio culturale italiano, con l\u2019obiettivo di trasformare il restauro del Tempio in un progetto partecipato e collettivo.<\/p>\n<p>L\u2019iniziativa punta a coinvolgere la comunit\u00e0 in modo diretto, permettendo a chiunque di contribuire, anche con una piccola donazione, alla conservazione di uno dei luoghi pi\u00f9 iconici del Veneto.<\/p>\n<p>Un gesto concreto per continuare a custodire un\u2019opera che da oltre due secoli rappresenta un punto di riferimento spirituale, artistico e paesaggistico per tutto il territorio Asolo Montello.<\/p>\n<p>&nbsp;<\/p>\n<p>&nbsp;<\/p>","protected":false},"excerpt":{"rendered":"<p>Tra le iniziative che verranno attivate, prevista una campagna di crowdfunding aperta a cittadini e imprese. Anche il Consorzio Vini Asolo Montello dar\u00e0 il proprio contributo per sostenere uno dei beni architettonici pi\u00f9 preziosi del territorio Possagno, 22 maggio 2026 \u2013 Si terr\u00e0 domenica 24 maggio alle ore 10:30 l\u2019incontro nel quale la Fondazione Opera [&hellip;]<\/p>\n","protected":false},"author":2,"featured_media":170358,"comment_status":"closed","ping_status":"open","sticky":false,"template":"","format":"standard","meta":{"footnotes":""},"categories":[3394,25],"tags":[],"class_list":["post-170357","post","type-post","status-publish","format-standard","has-post-thumbnail","category-cultura-e-spettacoli-fuori-provincia","category-pausa-caffe"],"yoast_head":"<!-- This site is optimized with the Yoast SEO plugin v28.4 - https:\/\/yoast.com\/product\/yoast-seo-wordpress\/ -->\n<title>Riapre il Tempio canoviano di Possagno - Bellunopress - Dolomiti<\/title>\n<meta name=\"robots\" content=\"index, follow, max-snippet:-1, max-image-preview:large, max-video-preview:-1\" \/>\n<link rel=\"canonical\" href=\"https:\/\/www.bellunopress.it\/fr\/2026\/05\/22\/riapre-il-tempio-canoviano-di-possagno\/\" \/>\n<meta property=\"og:locale\" content=\"fr_FR\" \/>\n<meta property=\"og:type\" content=\"article\" \/>\n<meta property=\"og:title\" content=\"Riapre il Tempio canoviano di Possagno - Bellunopress - Dolomiti\" \/>\n<meta property=\"og:description\" content=\"Tra le iniziative che verranno attivate, prevista una campagna di crowdfunding aperta a cittadini e imprese. Anche il Consorzio Vini Asolo Montello dar\u00e0 il proprio contributo per sostenere uno dei beni architettonici pi\u00f9 preziosi del territorio Possagno, 22 maggio 2026 \u2013 Si terr\u00e0 domenica 24 maggio alle ore 10:30 l\u2019incontro nel quale la Fondazione Opera [&hellip;]\" \/>\n<meta property=\"og:url\" content=\"https:\/\/www.bellunopress.it\/fr\/2026\/05\/22\/riapre-il-tempio-canoviano-di-possagno\/\" \/>\n<meta property=\"og:site_name\" content=\"Bellunopress - Dolomiti\" \/>\n<meta property=\"article:publisher\" content=\"https:\/\/www.facebook.com\/profile.php?id=100008943462799\" \/>\n<meta property=\"article:published_time\" content=\"2026-05-22T09:55:55+00:00\" \/>\n<meta property=\"og:image\" content=\"https:\/\/www.bellunopress.it\/wp-content\/uploads\/2026\/05\/Tempio-Canoviano-Possagno.jpeg\" \/>\n\t<meta property=\"og:image:width\" content=\"562\" \/>\n\t<meta property=\"og:image:height\" content=\"378\" \/>\n\t<meta property=\"og:image:type\" content=\"image\/jpeg\" \/>\n<meta name=\"author\" content=\"redazione\" \/>\n<meta name=\"twitter:card\" content=\"summary_large_image\" \/>\n<meta name=\"twitter:creator\" content=\"@bellunopress\" \/>\n<meta name=\"twitter:site\" content=\"@bellunopress\" \/>\n<meta name=\"twitter:label1\" content=\"\u00c9crit par\" \/>\n\t<meta name=\"twitter:data1\" content=\"redazione\" \/>\n\t<meta name=\"twitter:label2\" content=\"Dur\u00e9e de lecture estim\u00e9e\" \/>\n\t<meta name=\"twitter:data2\" content=\"3 minutes\" \/>\n<script type=\"application\/ld+json\" class=\"yoast-schema-graph\">{\"@context\":\"https:\\\/\\\/schema.org\",\"@graph\":[{\"@type\":\"Article\",\"@id\":\"https:\\\/\\\/www.bellunopress.it\\\/2026\\\/05\\\/22\\\/riapre-il-tempio-canoviano-di-possagno\\\/#article\",\"isPartOf\":{\"@id\":\"https:\\\/\\\/www.bellunopress.it\\\/2026\\\/05\\\/22\\\/riapre-il-tempio-canoviano-di-possagno\\\/\"},\"author\":{\"name\":\"redazione\",\"@id\":\"https:\\\/\\\/www.bellunopress.it\\\/#\\\/schema\\\/person\\\/79bb06722b37ece1c03d3e94beb30d73\"},\"headline\":\"Riapre il Tempio canoviano di Possagno\",\"datePublished\":\"2026-05-22T09:55:55+00:00\",\"mainEntityOfPage\":{\"@id\":\"https:\\\/\\\/www.bellunopress.it\\\/2026\\\/05\\\/22\\\/riapre-il-tempio-canoviano-di-possagno\\\/\"},\"wordCount\":496,\"publisher\":{\"@id\":\"https:\\\/\\\/www.bellunopress.it\\\/#organization\"},\"image\":{\"@id\":\"https:\\\/\\\/www.bellunopress.it\\\/2026\\\/05\\\/22\\\/riapre-il-tempio-canoviano-di-possagno\\\/#primaryimage\"},\"thumbnailUrl\":\"https:\\\/\\\/www.bellunopress.it\\\/wp-content\\\/uploads\\\/2026\\\/05\\\/Tempio-Canoviano-Possagno.jpeg\",\"articleSection\":[\"Cultura e spettacoli, tempo libero, benessere, fuori provincia\",\"Pausa Caff\u00e8\"],\"inLanguage\":\"fr-FR\"},{\"@type\":\"WebPage\",\"@id\":\"https:\\\/\\\/www.bellunopress.it\\\/2026\\\/05\\\/22\\\/riapre-il-tempio-canoviano-di-possagno\\\/\",\"url\":\"https:\\\/\\\/www.bellunopress.it\\\/2026\\\/05\\\/22\\\/riapre-il-tempio-canoviano-di-possagno\\\/\",\"name\":\"Riapre il Tempio canoviano di Possagno - Bellunopress - Dolomiti\",\"isPartOf\":{\"@id\":\"https:\\\/\\\/www.bellunopress.it\\\/#website\"},\"primaryImageOfPage\":{\"@id\":\"https:\\\/\\\/www.bellunopress.it\\\/2026\\\/05\\\/22\\\/riapre-il-tempio-canoviano-di-possagno\\\/#primaryimage\"},\"image\":{\"@id\":\"https:\\\/\\\/www.bellunopress.it\\\/2026\\\/05\\\/22\\\/riapre-il-tempio-canoviano-di-possagno\\\/#primaryimage\"},\"thumbnailUrl\":\"https:\\\/\\\/www.bellunopress.it\\\/wp-content\\\/uploads\\\/2026\\\/05\\\/Tempio-Canoviano-Possagno.jpeg\",\"datePublished\":\"2026-05-22T09:55:55+00:00\",\"breadcrumb\":{\"@id\":\"https:\\\/\\\/www.bellunopress.it\\\/2026\\\/05\\\/22\\\/riapre-il-tempio-canoviano-di-possagno\\\/#breadcrumb\"},\"inLanguage\":\"fr-FR\",\"potentialAction\":[{\"@type\":\"ReadAction\",\"target\":[\"https:\\\/\\\/www.bellunopress.it\\\/2026\\\/05\\\/22\\\/riapre-il-tempio-canoviano-di-possagno\\\/\"]}]},{\"@type\":\"ImageObject\",\"inLanguage\":\"fr-FR\",\"@id\":\"https:\\\/\\\/www.bellunopress.it\\\/2026\\\/05\\\/22\\\/riapre-il-tempio-canoviano-di-possagno\\\/#primaryimage\",\"url\":\"https:\\\/\\\/www.bellunopress.it\\\/wp-content\\\/uploads\\\/2026\\\/05\\\/Tempio-Canoviano-Possagno.jpeg\",\"contentUrl\":\"https:\\\/\\\/www.bellunopress.it\\\/wp-content\\\/uploads\\\/2026\\\/05\\\/Tempio-Canoviano-Possagno.jpeg\",\"width\":562,\"height\":378,\"caption\":\"Tempio Canoviano di Possagno\"},{\"@type\":\"BreadcrumbList\",\"@id\":\"https:\\\/\\\/www.bellunopress.it\\\/2026\\\/05\\\/22\\\/riapre-il-tempio-canoviano-di-possagno\\\/#breadcrumb\",\"itemListElement\":[{\"@type\":\"ListItem\",\"position\":1,\"name\":\"Home\",\"item\":\"https:\\\/\\\/www.bellunopress.it\\\/\"},{\"@type\":\"ListItem\",\"position\":2,\"name\":\"Riapre il Tempio canoviano di Possagno\"}]},{\"@type\":\"WebSite\",\"@id\":\"https:\\\/\\\/www.bellunopress.it\\\/#website\",\"url\":\"https:\\\/\\\/www.bellunopress.it\\\/\",\"name\":\"Bellunopress - Dolomiti\",\"description\":\"e-mail: redazione@bellunopress.it\",\"publisher\":{\"@id\":\"https:\\\/\\\/www.bellunopress.it\\\/#organization\"},\"potentialAction\":[{\"@type\":\"SearchAction\",\"target\":{\"@type\":\"EntryPoint\",\"urlTemplate\":\"https:\\\/\\\/www.bellunopress.it\\\/?s={search_term_string}\"},\"query-input\":{\"@type\":\"PropertyValueSpecification\",\"valueRequired\":true,\"valueName\":\"search_term_string\"}}],\"inLanguage\":\"fr-FR\"},{\"@type\":\"Organization\",\"@id\":\"https:\\\/\\\/www.bellunopress.it\\\/#organization\",\"name\":\"Bellunopress\",\"url\":\"https:\\\/\\\/www.bellunopress.it\\\/\",\"logo\":{\"@type\":\"ImageObject\",\"inLanguage\":\"fr-FR\",\"@id\":\"https:\\\/\\\/www.bellunopress.it\\\/#\\\/schema\\\/logo\\\/image\\\/\",\"url\":\"https:\\\/\\\/www.bellunopress.it\\\/wp-content\\\/uploads\\\/2011\\\/05\\\/cropped-logo-bellunopress-.jpg\",\"contentUrl\":\"https:\\\/\\\/www.bellunopress.it\\\/wp-content\\\/uploads\\\/2011\\\/05\\\/cropped-logo-bellunopress-.jpg\",\"width\":512,\"height\":512,\"caption\":\"Bellunopress\"},\"image\":{\"@id\":\"https:\\\/\\\/www.bellunopress.it\\\/#\\\/schema\\\/logo\\\/image\\\/\"},\"sameAs\":[\"https:\\\/\\\/www.facebook.com\\\/profile.php?id=100008943462799\",\"https:\\\/\\\/x.com\\\/bellunopress\",\"https:\\\/\\\/www.linkedin.com\\\/hp\\\/?dnr=JBzUWaJfMUw8vbXJJ2tVW5-I3jZKvC4wsoxE&amp;amp;amp;amp;amp;amp;trk=nav_responsive_tab_home\",\"https:\\\/\\\/www.youtube.com\\\/channel\\\/UCxL0wu1uN0_3_7hGG0306cw\"]},{\"@type\":\"Person\",\"@id\":\"https:\\\/\\\/www.bellunopress.it\\\/#\\\/schema\\\/person\\\/79bb06722b37ece1c03d3e94beb30d73\",\"name\":\"redazione\",\"image\":{\"@type\":\"ImageObject\",\"inLanguage\":\"fr-FR\",\"@id\":\"https:\\\/\\\/secure.gravatar.com\\\/avatar\\\/37d968a2e67a6fd04c169c4bdef102d0bc5d31b2546345219e348575eb80e9a0?s=96&d=mm&r=g\",\"url\":\"https:\\\/\\\/secure.gravatar.com\\\/avatar\\\/37d968a2e67a6fd04c169c4bdef102d0bc5d31b2546345219e348575eb80e9a0?s=96&d=mm&r=g\",\"contentUrl\":\"https:\\\/\\\/secure.gravatar.com\\\/avatar\\\/37d968a2e67a6fd04c169c4bdef102d0bc5d31b2546345219e348575eb80e9a0?s=96&d=mm&r=g\",\"caption\":\"redazione\"},\"sameAs\":[\"http:\\\/\\\/www.bellunopress.it\",\"https:\\\/\\\/x.com\\\/bellunopress\"],\"url\":\"https:\\\/\\\/www.bellunopress.it\\\/fr\\\/author\\\/redazione\\\/\"}]}<\/script>\n<!-- \/ Yoast SEO plugin. -->","yoast_head_json":{"title":"Riapre il Tempio canoviano di Possagno - Bellunopress - Dolomiti","robots":{"index":"index","follow":"follow","max-snippet":"max-snippet:-1","max-image-preview":"max-image-preview:large","max-video-preview":"max-video-preview:-1"},"canonical":"https:\/\/www.bellunopress.it\/fr\/2026\/05\/22\/riapre-il-tempio-canoviano-di-possagno\/","og_locale":"fr_FR","og_type":"article","og_title":"Riapre il Tempio canoviano di Possagno - Bellunopress - Dolomiti","og_description":"Tra le iniziative che verranno attivate, prevista una campagna di crowdfunding aperta a cittadini e imprese. Anche il Consorzio Vini Asolo Montello dar\u00e0 il proprio contributo per sostenere uno dei beni architettonici pi\u00f9 preziosi del territorio Possagno, 22 maggio 2026 \u2013 Si terr\u00e0 domenica 24 maggio alle ore 10:30 l\u2019incontro nel quale la Fondazione Opera [&hellip;]","og_url":"https:\/\/www.bellunopress.it\/fr\/2026\/05\/22\/riapre-il-tempio-canoviano-di-possagno\/","og_site_name":"Bellunopress - Dolomiti","article_publisher":"https:\/\/www.facebook.com\/profile.php?id=100008943462799","article_published_time":"2026-05-22T09:55:55+00:00","og_image":[{"width":562,"height":378,"url":"https:\/\/www.bellunopress.it\/wp-content\/uploads\/2026\/05\/Tempio-Canoviano-Possagno.jpeg","type":"image\/jpeg"}],"author":"redazione","twitter_card":"summary_large_image","twitter_creator":"@bellunopress","twitter_site":"@bellunopress","twitter_misc":{"\u00c9crit par":"redazione","Dur\u00e9e de lecture estim\u00e9e":"3 minutes"},"schema":{"@context":"https:\/\/schema.org","@graph":[{"@type":"Article","@id":"https:\/\/www.bellunopress.it\/2026\/05\/22\/riapre-il-tempio-canoviano-di-possagno\/#article","isPartOf":{"@id":"https:\/\/www.bellunopress.it\/2026\/05\/22\/riapre-il-tempio-canoviano-di-possagno\/"},"author":{"name":"redazione","@id":"https:\/\/www.bellunopress.it\/#\/schema\/person\/79bb06722b37ece1c03d3e94beb30d73"},"headline":"Riapre il Tempio canoviano di Possagno","datePublished":"2026-05-22T09:55:55+00:00","mainEntityOfPage":{"@id":"https:\/\/www.bellunopress.it\/2026\/05\/22\/riapre-il-tempio-canoviano-di-possagno\/"},"wordCount":496,"publisher":{"@id":"https:\/\/www.bellunopress.it\/#organization"},"image":{"@id":"https:\/\/www.bellunopress.it\/2026\/05\/22\/riapre-il-tempio-canoviano-di-possagno\/#primaryimage"},"thumbnailUrl":"https:\/\/www.bellunopress.it\/wp-content\/uploads\/2026\/05\/Tempio-Canoviano-Possagno.jpeg","articleSection":["Cultura e spettacoli, tempo libero, benessere, fuori provincia","Pausa Caff\u00e8"],"inLanguage":"fr-FR"},{"@type":"WebPage","@id":"https:\/\/www.bellunopress.it\/2026\/05\/22\/riapre-il-tempio-canoviano-di-possagno\/","url":"https:\/\/www.bellunopress.it\/2026\/05\/22\/riapre-il-tempio-canoviano-di-possagno\/","name":"Riapre il Tempio canoviano di Possagno - Bellunopress - Dolomiti","isPartOf":{"@id":"https:\/\/www.bellunopress.it\/#website"},"primaryImageOfPage":{"@id":"https:\/\/www.bellunopress.it\/2026\/05\/22\/riapre-il-tempio-canoviano-di-possagno\/#primaryimage"},"image":{"@id":"https:\/\/www.bellunopress.it\/2026\/05\/22\/riapre-il-tempio-canoviano-di-possagno\/#primaryimage"},"thumbnailUrl":"https:\/\/www.bellunopress.it\/wp-content\/uploads\/2026\/05\/Tempio-Canoviano-Possagno.jpeg","datePublished":"2026-05-22T09:55:55+00:00","breadcrumb":{"@id":"https:\/\/www.bellunopress.it\/2026\/05\/22\/riapre-il-tempio-canoviano-di-possagno\/#breadcrumb"},"inLanguage":"fr-FR","potentialAction":[{"@type":"ReadAction","target":["https:\/\/www.bellunopress.it\/2026\/05\/22\/riapre-il-tempio-canoviano-di-possagno\/"]}]},{"@type":"ImageObject","inLanguage":"fr-FR","@id":"https:\/\/www.bellunopress.it\/2026\/05\/22\/riapre-il-tempio-canoviano-di-possagno\/#primaryimage","url":"https:\/\/www.bellunopress.it\/wp-content\/uploads\/2026\/05\/Tempio-Canoviano-Possagno.jpeg","contentUrl":"https:\/\/www.bellunopress.it\/wp-content\/uploads\/2026\/05\/Tempio-Canoviano-Possagno.jpeg","width":562,"height":378,"caption":"Tempio Canoviano di Possagno"},{"@type":"BreadcrumbList","@id":"https:\/\/www.bellunopress.it\/2026\/05\/22\/riapre-il-tempio-canoviano-di-possagno\/#breadcrumb","itemListElement":[{"@type":"ListItem","position":1,"name":"Home","item":"https:\/\/www.bellunopress.it\/"},{"@type":"ListItem","position":2,"name":"Riapre il Tempio canoviano di Possagno"}]},{"@type":"WebSite","@id":"https:\/\/www.bellunopress.it\/#website","url":"https:\/\/www.bellunopress.it\/","name":"Bellunopress - Dolomiti","description":"e-mail: redazione@bellunopress.it","publisher":{"@id":"https:\/\/www.bellunopress.it\/#organization"},"potentialAction":[{"@type":"SearchAction","target":{"@type":"EntryPoint","urlTemplate":"https:\/\/www.bellunopress.it\/?s={search_term_string}"},"query-input":{"@type":"PropertyValueSpecification","valueRequired":true,"valueName":"search_term_string"}}],"inLanguage":"fr-FR"},{"@type":"Organization","@id":"https:\/\/www.bellunopress.it\/#organization","name":"Bellunopress","url":"https:\/\/www.bellunopress.it\/","logo":{"@type":"ImageObject","inLanguage":"fr-FR","@id":"https:\/\/www.bellunopress.it\/#\/schema\/logo\/image\/","url":"https:\/\/www.bellunopress.it\/wp-content\/uploads\/2011\/05\/cropped-logo-bellunopress-.jpg","contentUrl":"https:\/\/www.bellunopress.it\/wp-content\/uploads\/2011\/05\/cropped-logo-bellunopress-.jpg","width":512,"height":512,"caption":"Bellunopress"},"image":{"@id":"https:\/\/www.bellunopress.it\/#\/schema\/logo\/image\/"},"sameAs":["https:\/\/www.facebook.com\/profile.php?id=100008943462799","https:\/\/x.com\/bellunopress","https:\/\/www.linkedin.com\/hp\/?dnr=JBzUWaJfMUw8vbXJJ2tVW5-I3jZKvC4wsoxE&amp;amp;amp;amp;amp;amp;trk=nav_responsive_tab_home","https:\/\/www.youtube.com\/channel\/UCxL0wu1uN0_3_7hGG0306cw"]},{"@type":"Person","@id":"https:\/\/www.bellunopress.it\/#\/schema\/person\/79bb06722b37ece1c03d3e94beb30d73","name":"r\u00e9daction","image":{"@type":"ImageObject","inLanguage":"fr-FR","@id":"https:\/\/secure.gravatar.com\/avatar\/37d968a2e67a6fd04c169c4bdef102d0bc5d31b2546345219e348575eb80e9a0?s=96&d=mm&r=g","url":"https:\/\/secure.gravatar.com\/avatar\/37d968a2e67a6fd04c169c4bdef102d0bc5d31b2546345219e348575eb80e9a0?s=96&d=mm&r=g","contentUrl":"https:\/\/secure.gravatar.com\/avatar\/37d968a2e67a6fd04c169c4bdef102d0bc5d31b2546345219e348575eb80e9a0?s=96&d=mm&r=g","caption":"redazione"},"sameAs":["http:\/\/www.bellunopress.it","https:\/\/x.com\/bellunopress"],"url":"https:\/\/www.bellunopress.it\/fr\/author\/redazione\/"}]}},"_links":{"self":[{"href":"https:\/\/www.bellunopress.it\/fr\/wp-json\/wp\/v2\/posts\/170357","targetHints":{"allow":["GET"]}}],"collection":[{"href":"https:\/\/www.bellunopress.it\/fr\/wp-json\/wp\/v2\/posts"}],"about":[{"href":"https:\/\/www.bellunopress.it\/fr\/wp-json\/wp\/v2\/types\/post"}],"author":[{"embeddable":true,"href":"https:\/\/www.bellunopress.it\/fr\/wp-json\/wp\/v2\/users\/2"}],"replies":[{"embeddable":true,"href":"https:\/\/www.bellunopress.it\/fr\/wp-json\/wp\/v2\/comments?post=170357"}],"version-history":[{"count":1,"href":"https:\/\/www.bellunopress.it\/fr\/wp-json\/wp\/v2\/posts\/170357\/revisions"}],"predecessor-version":[{"id":170359,"href":"https:\/\/www.bellunopress.it\/fr\/wp-json\/wp\/v2\/posts\/170357\/revisions\/170359"}],"wp:featuredmedia":[{"embeddable":true,"href":"https:\/\/www.bellunopress.it\/fr\/wp-json\/wp\/v2\/media\/170358"}],"wp:attachment":[{"href":"https:\/\/www.bellunopress.it\/fr\/wp-json\/wp\/v2\/media?parent=170357"}],"wp:term":[{"taxonomy":"category","embeddable":true,"href":"https:\/\/www.bellunopress.it\/fr\/wp-json\/wp\/v2\/categories?post=170357"},{"taxonomy":"post_tag","embeddable":true,"href":"https:\/\/www.bellunopress.it\/fr\/wp-json\/wp\/v2\/tags?post=170357"}],"curies":[{"name":"wp","href":"https:\/\/api.w.org\/{rel}","templated":true}]}}