{"id":170352,"date":"2026-05-22T11:34:40","date_gmt":"2026-05-22T09:34:40","guid":{"rendered":"https:\/\/www.bellunopress.it\/?p=170352"},"modified":"2026-05-22T11:35:53","modified_gmt":"2026-05-22T09:35:53","slug":"170352","status":"publish","type":"post","link":"https:\/\/www.bellunopress.it\/fr\/2026\/05\/22\/170352\/","title":{"rendered":"Di fronte al nemico. L&#8217;ultima ricerca di Adriana Lotto e Toni Sirena"},"content":{"rendered":"<p>Quanti erano, chi erano, cosa fecero i partigiani e le partigiane della Sinistra Piave fra il settembre del 1943 e il maggio del 1945?<\/p>\n<p>Lo racconta un libro (\u201cDi fronte al nemico\u201d, edito dall\u2019associazione culturale Tina Merlin e dall\u2019Isbrec, con il patrocinio dell\u2019Archivio di Stato di Belluno, la Provincia, l\u2019Anpi e 23 Comuni), presentato ieri pomeriggio 21 maggio al Pop Bar L\u2019Insolita storia di Belluno.\u00a0Un lavoro di 355 pagine (euro 25), curato da Adriana Lotto, Toni Sirena ed Enrico Bacchetti, diviso in tre parti.<\/p>\n<figure id=\"attachment_170354\" aria-describedby=\"caption-attachment-170354\" style=\"width: 600px\" class=\"wp-caption aligncenter\"><img loading=\"lazy\" decoding=\"async\" class=\"size-full wp-image-170354\" src=\"https:\/\/www.bellunopress.it\/wp-content\/uploads\/2026\/05\/Enrico-Bacchetti-Toni-Sirena-Adriana-Lotto.jpg\" alt=\"\" width=\"600\" height=\"278\" srcset=\"https:\/\/www.bellunopress.it\/wp-content\/uploads\/2026\/05\/Enrico-Bacchetti-Toni-Sirena-Adriana-Lotto.jpg 600w, https:\/\/www.bellunopress.it\/wp-content\/uploads\/2026\/05\/Enrico-Bacchetti-Toni-Sirena-Adriana-Lotto-500x232.jpg 500w, https:\/\/www.bellunopress.it\/wp-content\/uploads\/2026\/05\/Enrico-Bacchetti-Toni-Sirena-Adriana-Lotto-150x70.jpg 150w, https:\/\/www.bellunopress.it\/wp-content\/uploads\/2026\/05\/Enrico-Bacchetti-Toni-Sirena-Adriana-Lotto-300x139.jpg 300w\" sizes=\"auto, (max-width: 600px) 100vw, 600px\" \/><figcaption id=\"caption-attachment-170354\" class=\"wp-caption-text\">Enrico Bacchetti, Toni Sirena, Adriana Lotto<\/figcaption><\/figure>\n<p>Nella prima si traccia la storia delle brigate partigiane attive nella zona, a partire dai primi nuclei formatisi quasi sempre in modo spontaneo subito dopo l\u20198 settembre 1943, data funesta dell\u2019armistizio, della dissoluzione dell\u2019esercito regio rimasto senza ordini, dell\u2019occupazione nazista della provincia inserita con Trento e Bolzano nella Zona di operazione delle Prealpi (Alpenvorland O.Z.) sotto diretta giurisdizione del Reich tedesco, fino ai giorni dell\u2019insurrezione generale e della liberazione ai primi di maggio 1945.<\/p>\n<p>La seconda parte \u00e8 costituita dalle schede biografiche di quasi 1700 partigiani delle cinque brigate (fra combattenti, patrioti e collaboratori).<\/p>\n<p>La terza parte del libro contiene un\u2019ampia scelta di documenti, alcuni inediti o poco noti, prodotti dalle brigate stesse nel corso dei 18 mesi di guerriglia.<\/p>\n<p>Di ogni partigiano la relativa scheda, oltre ai dati anagrafici, informa sulla sua professione, il titolo di studio, e, se soldato, il reparto in cui era inquadrato alla data dell\u20198 settembre \u201943 e la localit\u00e0 dove si trovava, la brigata e il battaglione di appartenenza, il nome di battaglia, le azioni compiute, la qualifica riconosciuta alla fine della guerra. In massima parte erano contadini e artigiani, non mancavano gli operai (in minoranza, perch\u00e9 nel Bellunese all\u2019epoca c\u2019erano pochissime fabbriche), commercianti e impiegati. Raramente studenti universitari, la maggioranza aveva fatto le scuole elementari fermandosi in generale alla III o IV classe. \u00c8 cos\u00ec possibile tracciare anche un quadro sociologico generale. Fu una vera guerra di popolo, che coinvolse l\u2019intera popolazione, se si pensa che per ogni partigiano c\u2019erano almeno altri cinque familiari ed interi paesi coinvolti nel sostenerlo, alimentarlo, aiutarlo, nasconderlo, proteggerlo durante i rastrellamenti, informarlo sulle mosse del nemico e sull\u2019attivit\u00e0 dei collaborazionisti e delle spie che certo non mancavano.<\/p>\n<p>I documenti non si riferiscono soltanto alle azioni, elencate, al termine della guerra, nelle relazioni delle brigate. Raccontano anche le dinamiche interne alla Resistenza che, nonostante il contesto unitario di lotta al nazismo e al fascismo, animarono anche contrasti fra le formazioni armate, e fra i diversi orientamenti dei cinque partiti che formavano il CLN. Spazio viene dato anche alla giustizia partigiana, al rapporto con le popolazioni, alle missioni militari alleate (nella Sinistra Piave erano presenti soprattutto due missioni americane).<\/p>\n<p>Il libro, \u00e8 stato segnalato nel corso della presentazione, segue un primo volume, gi\u00e0 uscito (\u201cIl coraggio e la passione\u201d, 675 pagine, 28 euro), dedicato soprattutto alle brigate del resto della provincia. Seguir\u00e0, \u00e8 stato annunciato, una terza ricerca sulle centinaia di partigiani bellunesi che combatterono in altre province d\u2019Italia.<\/p>","protected":false},"excerpt":{"rendered":"<p>Quanti erano, chi erano, cosa fecero i partigiani e le partigiane della Sinistra Piave fra il settembre del 1943 e il maggio del 1945? Lo racconta un libro (\u201cDi fronte al nemico\u201d, edito dall\u2019associazione culturale Tina Merlin e dall\u2019Isbrec, con il patrocinio dell\u2019Archivio di Stato di Belluno, la Provincia, l\u2019Anpi e 23 Comuni), presentato ieri [&hellip;]<\/p>\n","protected":false},"author":2,"featured_media":170353,"comment_status":"closed","ping_status":"open","sticky":false,"template":"","format":"standard","meta":{"footnotes":""},"categories":[3,25],"tags":[],"class_list":["post-170352","post","type-post","status-publish","format-standard","has-post-thumbnail","category-arte-cultura-spettacoli-scienza-archivi","category-pausa-caffe"],"yoast_head":"<!-- This site is optimized with the Yoast SEO plugin v28.4 - https:\/\/yoast.com\/product\/yoast-seo-wordpress\/ -->\n<title>Di fronte al nemico. L&#039;ultima ricerca di Adriana Lotto e Toni Sirena - Bellunopress - Dolomiti<\/title>\n<meta name=\"robots\" content=\"index, follow, max-snippet:-1, max-image-preview:large, max-video-preview:-1\" \/>\n<link rel=\"canonical\" href=\"https:\/\/www.bellunopress.it\/fr\/2026\/05\/22\/170352\/\" \/>\n<meta property=\"og:locale\" content=\"fr_FR\" \/>\n<meta property=\"og:type\" content=\"article\" \/>\n<meta property=\"og:title\" content=\"Di fronte al nemico. L&#039;ultima ricerca di Adriana Lotto e Toni Sirena - Bellunopress - Dolomiti\" \/>\n<meta property=\"og:description\" content=\"Quanti erano, chi erano, cosa fecero i partigiani e le partigiane della Sinistra Piave fra il settembre del 1943 e il maggio del 1945? Lo racconta un libro (\u201cDi fronte al nemico\u201d, edito dall\u2019associazione culturale Tina Merlin e dall\u2019Isbrec, con il patrocinio dell\u2019Archivio di Stato di Belluno, la Provincia, l\u2019Anpi e 23 Comuni), presentato ieri [&hellip;]\" \/>\n<meta property=\"og:url\" content=\"https:\/\/www.bellunopress.it\/fr\/2026\/05\/22\/170352\/\" \/>\n<meta property=\"og:site_name\" content=\"Bellunopress - Dolomiti\" \/>\n<meta property=\"article:publisher\" content=\"https:\/\/www.facebook.com\/profile.php?id=100008943462799\" \/>\n<meta property=\"article:published_time\" content=\"2026-05-22T09:34:40+00:00\" \/>\n<meta property=\"article:modified_time\" content=\"2026-05-22T09:35:53+00:00\" \/>\n<meta property=\"og:image\" content=\"https:\/\/www.bellunopress.it\/wp-content\/uploads\/2026\/05\/Di-Fronte-al-nemico-Toni-Sirena-Adriana-Lotto.jpg\" \/>\n\t<meta property=\"og:image:width\" content=\"311\" \/>\n\t<meta property=\"og:image:height\" content=\"483\" \/>\n\t<meta property=\"og:image:type\" content=\"image\/jpeg\" \/>\n<meta name=\"author\" content=\"redazione\" \/>\n<meta name=\"twitter:card\" content=\"summary_large_image\" \/>\n<meta name=\"twitter:creator\" content=\"@bellunopress\" \/>\n<meta name=\"twitter:site\" content=\"@bellunopress\" \/>\n<meta name=\"twitter:label1\" content=\"\u00c9crit par\" \/>\n\t<meta name=\"twitter:data1\" content=\"redazione\" \/>\n\t<meta name=\"twitter:label2\" content=\"Dur\u00e9e de lecture estim\u00e9e\" \/>\n\t<meta name=\"twitter:data2\" content=\"4 minutes\" \/>\n<script type=\"application\/ld+json\" class=\"yoast-schema-graph\">{\"@context\":\"https:\\\/\\\/schema.org\",\"@graph\":[{\"@type\":\"Article\",\"@id\":\"https:\\\/\\\/www.bellunopress.it\\\/2026\\\/05\\\/22\\\/170352\\\/#article\",\"isPartOf\":{\"@id\":\"https:\\\/\\\/www.bellunopress.it\\\/2026\\\/05\\\/22\\\/170352\\\/\"},\"author\":{\"name\":\"redazione\",\"@id\":\"https:\\\/\\\/www.bellunopress.it\\\/#\\\/schema\\\/person\\\/79bb06722b37ece1c03d3e94beb30d73\"},\"headline\":\"Di fronte al nemico. L&#8217;ultima ricerca di Adriana Lotto e Toni Sirena\",\"datePublished\":\"2026-05-22T09:34:40+00:00\",\"dateModified\":\"2026-05-22T09:35:53+00:00\",\"mainEntityOfPage\":{\"@id\":\"https:\\\/\\\/www.bellunopress.it\\\/2026\\\/05\\\/22\\\/170352\\\/\"},\"wordCount\":521,\"publisher\":{\"@id\":\"https:\\\/\\\/www.bellunopress.it\\\/#organization\"},\"image\":{\"@id\":\"https:\\\/\\\/www.bellunopress.it\\\/2026\\\/05\\\/22\\\/170352\\\/#primaryimage\"},\"thumbnailUrl\":\"https:\\\/\\\/www.bellunopress.it\\\/wp-content\\\/uploads\\\/2026\\\/05\\\/Di-Fronte-al-nemico-Toni-Sirena-Adriana-Lotto.jpg\",\"articleSection\":[\"Arte, Cultura, Spettacoli, Scienza\",\"Pausa Caff\u00e8\"],\"inLanguage\":\"fr-FR\"},{\"@type\":\"WebPage\",\"@id\":\"https:\\\/\\\/www.bellunopress.it\\\/2026\\\/05\\\/22\\\/170352\\\/\",\"url\":\"https:\\\/\\\/www.bellunopress.it\\\/2026\\\/05\\\/22\\\/170352\\\/\",\"name\":\"Di fronte al nemico. L'ultima ricerca di Adriana Lotto e Toni Sirena - Bellunopress - Dolomiti\",\"isPartOf\":{\"@id\":\"https:\\\/\\\/www.bellunopress.it\\\/#website\"},\"primaryImageOfPage\":{\"@id\":\"https:\\\/\\\/www.bellunopress.it\\\/2026\\\/05\\\/22\\\/170352\\\/#primaryimage\"},\"image\":{\"@id\":\"https:\\\/\\\/www.bellunopress.it\\\/2026\\\/05\\\/22\\\/170352\\\/#primaryimage\"},\"thumbnailUrl\":\"https:\\\/\\\/www.bellunopress.it\\\/wp-content\\\/uploads\\\/2026\\\/05\\\/Di-Fronte-al-nemico-Toni-Sirena-Adriana-Lotto.jpg\",\"datePublished\":\"2026-05-22T09:34:40+00:00\",\"dateModified\":\"2026-05-22T09:35:53+00:00\",\"breadcrumb\":{\"@id\":\"https:\\\/\\\/www.bellunopress.it\\\/2026\\\/05\\\/22\\\/170352\\\/#breadcrumb\"},\"inLanguage\":\"fr-FR\",\"potentialAction\":[{\"@type\":\"ReadAction\",\"target\":[\"https:\\\/\\\/www.bellunopress.it\\\/2026\\\/05\\\/22\\\/170352\\\/\"]}]},{\"@type\":\"ImageObject\",\"inLanguage\":\"fr-FR\",\"@id\":\"https:\\\/\\\/www.bellunopress.it\\\/2026\\\/05\\\/22\\\/170352\\\/#primaryimage\",\"url\":\"https:\\\/\\\/www.bellunopress.it\\\/wp-content\\\/uploads\\\/2026\\\/05\\\/Di-Fronte-al-nemico-Toni-Sirena-Adriana-Lotto.jpg\",\"contentUrl\":\"https:\\\/\\\/www.bellunopress.it\\\/wp-content\\\/uploads\\\/2026\\\/05\\\/Di-Fronte-al-nemico-Toni-Sirena-Adriana-Lotto.jpg\",\"width\":311,\"height\":483},{\"@type\":\"BreadcrumbList\",\"@id\":\"https:\\\/\\\/www.bellunopress.it\\\/2026\\\/05\\\/22\\\/170352\\\/#breadcrumb\",\"itemListElement\":[{\"@type\":\"ListItem\",\"position\":1,\"name\":\"Home\",\"item\":\"https:\\\/\\\/www.bellunopress.it\\\/\"},{\"@type\":\"ListItem\",\"position\":2,\"name\":\"Di fronte al nemico. L&#8217;ultima ricerca di Adriana Lotto e Toni Sirena\"}]},{\"@type\":\"WebSite\",\"@id\":\"https:\\\/\\\/www.bellunopress.it\\\/#website\",\"url\":\"https:\\\/\\\/www.bellunopress.it\\\/\",\"name\":\"Bellunopress - Dolomiti\",\"description\":\"e-mail: redazione@bellunopress.it\",\"publisher\":{\"@id\":\"https:\\\/\\\/www.bellunopress.it\\\/#organization\"},\"potentialAction\":[{\"@type\":\"SearchAction\",\"target\":{\"@type\":\"EntryPoint\",\"urlTemplate\":\"https:\\\/\\\/www.bellunopress.it\\\/?s={search_term_string}\"},\"query-input\":{\"@type\":\"PropertyValueSpecification\",\"valueRequired\":true,\"valueName\":\"search_term_string\"}}],\"inLanguage\":\"fr-FR\"},{\"@type\":\"Organization\",\"@id\":\"https:\\\/\\\/www.bellunopress.it\\\/#organization\",\"name\":\"Bellunopress\",\"url\":\"https:\\\/\\\/www.bellunopress.it\\\/\",\"logo\":{\"@type\":\"ImageObject\",\"inLanguage\":\"fr-FR\",\"@id\":\"https:\\\/\\\/www.bellunopress.it\\\/#\\\/schema\\\/logo\\\/image\\\/\",\"url\":\"https:\\\/\\\/www.bellunopress.it\\\/wp-content\\\/uploads\\\/2011\\\/05\\\/cropped-logo-bellunopress-.jpg\",\"contentUrl\":\"https:\\\/\\\/www.bellunopress.it\\\/wp-content\\\/uploads\\\/2011\\\/05\\\/cropped-logo-bellunopress-.jpg\",\"width\":512,\"height\":512,\"caption\":\"Bellunopress\"},\"image\":{\"@id\":\"https:\\\/\\\/www.bellunopress.it\\\/#\\\/schema\\\/logo\\\/image\\\/\"},\"sameAs\":[\"https:\\\/\\\/www.facebook.com\\\/profile.php?id=100008943462799\",\"https:\\\/\\\/x.com\\\/bellunopress\",\"https:\\\/\\\/www.linkedin.com\\\/hp\\\/?dnr=JBzUWaJfMUw8vbXJJ2tVW5-I3jZKvC4wsoxE&amp;amp;amp;amp;amp;amp;trk=nav_responsive_tab_home\",\"https:\\\/\\\/www.youtube.com\\\/channel\\\/UCxL0wu1uN0_3_7hGG0306cw\"]},{\"@type\":\"Person\",\"@id\":\"https:\\\/\\\/www.bellunopress.it\\\/#\\\/schema\\\/person\\\/79bb06722b37ece1c03d3e94beb30d73\",\"name\":\"redazione\",\"image\":{\"@type\":\"ImageObject\",\"inLanguage\":\"fr-FR\",\"@id\":\"https:\\\/\\\/secure.gravatar.com\\\/avatar\\\/37d968a2e67a6fd04c169c4bdef102d0bc5d31b2546345219e348575eb80e9a0?s=96&d=mm&r=g\",\"url\":\"https:\\\/\\\/secure.gravatar.com\\\/avatar\\\/37d968a2e67a6fd04c169c4bdef102d0bc5d31b2546345219e348575eb80e9a0?s=96&d=mm&r=g\",\"contentUrl\":\"https:\\\/\\\/secure.gravatar.com\\\/avatar\\\/37d968a2e67a6fd04c169c4bdef102d0bc5d31b2546345219e348575eb80e9a0?s=96&d=mm&r=g\",\"caption\":\"redazione\"},\"sameAs\":[\"http:\\\/\\\/www.bellunopress.it\",\"https:\\\/\\\/x.com\\\/bellunopress\"],\"url\":\"https:\\\/\\\/www.bellunopress.it\\\/fr\\\/author\\\/redazione\\\/\"}]}<\/script>\n<!-- \/ Yoast SEO plugin. -->","yoast_head_json":{"title":"Di fronte al nemico. L'ultima ricerca di Adriana Lotto e Toni Sirena - Bellunopress - Dolomiti","robots":{"index":"index","follow":"follow","max-snippet":"max-snippet:-1","max-image-preview":"max-image-preview:large","max-video-preview":"max-video-preview:-1"},"canonical":"https:\/\/www.bellunopress.it\/fr\/2026\/05\/22\/170352\/","og_locale":"fr_FR","og_type":"article","og_title":"Di fronte al nemico. L'ultima ricerca di Adriana Lotto e Toni Sirena - Bellunopress - Dolomiti","og_description":"Quanti erano, chi erano, cosa fecero i partigiani e le partigiane della Sinistra Piave fra il settembre del 1943 e il maggio del 1945? Lo racconta un libro (\u201cDi fronte al nemico\u201d, edito dall\u2019associazione culturale Tina Merlin e dall\u2019Isbrec, con il patrocinio dell\u2019Archivio di Stato di Belluno, la Provincia, l\u2019Anpi e 23 Comuni), presentato ieri [&hellip;]","og_url":"https:\/\/www.bellunopress.it\/fr\/2026\/05\/22\/170352\/","og_site_name":"Bellunopress - Dolomiti","article_publisher":"https:\/\/www.facebook.com\/profile.php?id=100008943462799","article_published_time":"2026-05-22T09:34:40+00:00","article_modified_time":"2026-05-22T09:35:53+00:00","og_image":[{"width":311,"height":483,"url":"https:\/\/www.bellunopress.it\/wp-content\/uploads\/2026\/05\/Di-Fronte-al-nemico-Toni-Sirena-Adriana-Lotto.jpg","type":"image\/jpeg"}],"author":"redazione","twitter_card":"summary_large_image","twitter_creator":"@bellunopress","twitter_site":"@bellunopress","twitter_misc":{"\u00c9crit par":"redazione","Dur\u00e9e de lecture estim\u00e9e":"4 minutes"},"schema":{"@context":"https:\/\/schema.org","@graph":[{"@type":"Article","@id":"https:\/\/www.bellunopress.it\/2026\/05\/22\/170352\/#article","isPartOf":{"@id":"https:\/\/www.bellunopress.it\/2026\/05\/22\/170352\/"},"author":{"name":"redazione","@id":"https:\/\/www.bellunopress.it\/#\/schema\/person\/79bb06722b37ece1c03d3e94beb30d73"},"headline":"Di fronte al nemico. L&#8217;ultima ricerca di Adriana Lotto e Toni Sirena","datePublished":"2026-05-22T09:34:40+00:00","dateModified":"2026-05-22T09:35:53+00:00","mainEntityOfPage":{"@id":"https:\/\/www.bellunopress.it\/2026\/05\/22\/170352\/"},"wordCount":521,"publisher":{"@id":"https:\/\/www.bellunopress.it\/#organization"},"image":{"@id":"https:\/\/www.bellunopress.it\/2026\/05\/22\/170352\/#primaryimage"},"thumbnailUrl":"https:\/\/www.bellunopress.it\/wp-content\/uploads\/2026\/05\/Di-Fronte-al-nemico-Toni-Sirena-Adriana-Lotto.jpg","articleSection":["Arte, Cultura, Spettacoli, Scienza","Pausa Caff\u00e8"],"inLanguage":"fr-FR"},{"@type":"WebPage","@id":"https:\/\/www.bellunopress.it\/2026\/05\/22\/170352\/","url":"https:\/\/www.bellunopress.it\/2026\/05\/22\/170352\/","name":"Di fronte al nemico. L'ultima ricerca di Adriana Lotto e Toni Sirena - Bellunopress - Dolomiti","isPartOf":{"@id":"https:\/\/www.bellunopress.it\/#website"},"primaryImageOfPage":{"@id":"https:\/\/www.bellunopress.it\/2026\/05\/22\/170352\/#primaryimage"},"image":{"@id":"https:\/\/www.bellunopress.it\/2026\/05\/22\/170352\/#primaryimage"},"thumbnailUrl":"https:\/\/www.bellunopress.it\/wp-content\/uploads\/2026\/05\/Di-Fronte-al-nemico-Toni-Sirena-Adriana-Lotto.jpg","datePublished":"2026-05-22T09:34:40+00:00","dateModified":"2026-05-22T09:35:53+00:00","breadcrumb":{"@id":"https:\/\/www.bellunopress.it\/2026\/05\/22\/170352\/#breadcrumb"},"inLanguage":"fr-FR","potentialAction":[{"@type":"ReadAction","target":["https:\/\/www.bellunopress.it\/2026\/05\/22\/170352\/"]}]},{"@type":"ImageObject","inLanguage":"fr-FR","@id":"https:\/\/www.bellunopress.it\/2026\/05\/22\/170352\/#primaryimage","url":"https:\/\/www.bellunopress.it\/wp-content\/uploads\/2026\/05\/Di-Fronte-al-nemico-Toni-Sirena-Adriana-Lotto.jpg","contentUrl":"https:\/\/www.bellunopress.it\/wp-content\/uploads\/2026\/05\/Di-Fronte-al-nemico-Toni-Sirena-Adriana-Lotto.jpg","width":311,"height":483},{"@type":"BreadcrumbList","@id":"https:\/\/www.bellunopress.it\/2026\/05\/22\/170352\/#breadcrumb","itemListElement":[{"@type":"ListItem","position":1,"name":"Home","item":"https:\/\/www.bellunopress.it\/"},{"@type":"ListItem","position":2,"name":"Di fronte al nemico. L&#8217;ultima ricerca di Adriana Lotto e Toni Sirena"}]},{"@type":"WebSite","@id":"https:\/\/www.bellunopress.it\/#website","url":"https:\/\/www.bellunopress.it\/","name":"Bellunopress - Dolomiti","description":"e-mail: redazione@bellunopress.it","publisher":{"@id":"https:\/\/www.bellunopress.it\/#organization"},"potentialAction":[{"@type":"SearchAction","target":{"@type":"EntryPoint","urlTemplate":"https:\/\/www.bellunopress.it\/?s={search_term_string}"},"query-input":{"@type":"PropertyValueSpecification","valueRequired":true,"valueName":"search_term_string"}}],"inLanguage":"fr-FR"},{"@type":"Organization","@id":"https:\/\/www.bellunopress.it\/#organization","name":"Bellunopress","url":"https:\/\/www.bellunopress.it\/","logo":{"@type":"ImageObject","inLanguage":"fr-FR","@id":"https:\/\/www.bellunopress.it\/#\/schema\/logo\/image\/","url":"https:\/\/www.bellunopress.it\/wp-content\/uploads\/2011\/05\/cropped-logo-bellunopress-.jpg","contentUrl":"https:\/\/www.bellunopress.it\/wp-content\/uploads\/2011\/05\/cropped-logo-bellunopress-.jpg","width":512,"height":512,"caption":"Bellunopress"},"image":{"@id":"https:\/\/www.bellunopress.it\/#\/schema\/logo\/image\/"},"sameAs":["https:\/\/www.facebook.com\/profile.php?id=100008943462799","https:\/\/x.com\/bellunopress","https:\/\/www.linkedin.com\/hp\/?dnr=JBzUWaJfMUw8vbXJJ2tVW5-I3jZKvC4wsoxE&amp;amp;amp;amp;amp;amp;trk=nav_responsive_tab_home","https:\/\/www.youtube.com\/channel\/UCxL0wu1uN0_3_7hGG0306cw"]},{"@type":"Person","@id":"https:\/\/www.bellunopress.it\/#\/schema\/person\/79bb06722b37ece1c03d3e94beb30d73","name":"r\u00e9daction","image":{"@type":"ImageObject","inLanguage":"fr-FR","@id":"https:\/\/secure.gravatar.com\/avatar\/37d968a2e67a6fd04c169c4bdef102d0bc5d31b2546345219e348575eb80e9a0?s=96&d=mm&r=g","url":"https:\/\/secure.gravatar.com\/avatar\/37d968a2e67a6fd04c169c4bdef102d0bc5d31b2546345219e348575eb80e9a0?s=96&d=mm&r=g","contentUrl":"https:\/\/secure.gravatar.com\/avatar\/37d968a2e67a6fd04c169c4bdef102d0bc5d31b2546345219e348575eb80e9a0?s=96&d=mm&r=g","caption":"redazione"},"sameAs":["http:\/\/www.bellunopress.it","https:\/\/x.com\/bellunopress"],"url":"https:\/\/www.bellunopress.it\/fr\/author\/redazione\/"}]}},"_links":{"self":[{"href":"https:\/\/www.bellunopress.it\/fr\/wp-json\/wp\/v2\/posts\/170352","targetHints":{"allow":["GET"]}}],"collection":[{"href":"https:\/\/www.bellunopress.it\/fr\/wp-json\/wp\/v2\/posts"}],"about":[{"href":"https:\/\/www.bellunopress.it\/fr\/wp-json\/wp\/v2\/types\/post"}],"author":[{"embeddable":true,"href":"https:\/\/www.bellunopress.it\/fr\/wp-json\/wp\/v2\/users\/2"}],"replies":[{"embeddable":true,"href":"https:\/\/www.bellunopress.it\/fr\/wp-json\/wp\/v2\/comments?post=170352"}],"version-history":[{"count":2,"href":"https:\/\/www.bellunopress.it\/fr\/wp-json\/wp\/v2\/posts\/170352\/revisions"}],"predecessor-version":[{"id":170356,"href":"https:\/\/www.bellunopress.it\/fr\/wp-json\/wp\/v2\/posts\/170352\/revisions\/170356"}],"wp:featuredmedia":[{"embeddable":true,"href":"https:\/\/www.bellunopress.it\/fr\/wp-json\/wp\/v2\/media\/170353"}],"wp:attachment":[{"href":"https:\/\/www.bellunopress.it\/fr\/wp-json\/wp\/v2\/media?parent=170352"}],"wp:term":[{"taxonomy":"category","embeddable":true,"href":"https:\/\/www.bellunopress.it\/fr\/wp-json\/wp\/v2\/categories?post=170352"},{"taxonomy":"post_tag","embeddable":true,"href":"https:\/\/www.bellunopress.it\/fr\/wp-json\/wp\/v2\/tags?post=170352"}],"curies":[{"name":"wp","href":"https:\/\/api.w.org\/{rel}","templated":true}]}}