{"id":170347,"date":"2026-05-22T09:25:35","date_gmt":"2026-05-22T07:25:35","guid":{"rendered":"https:\/\/www.bellunopress.it\/?p=170347"},"modified":"2026-05-22T09:25:35","modified_gmt":"2026-05-22T07:25:35","slug":"giornata-mondiale-delle-api-sabato-in-piazza-dei-martiri-il-miele-locale-e-tanti-altri-prodotti-bellunesi","status":"publish","type":"post","link":"https:\/\/www.bellunopress.it\/fr\/2026\/05\/22\/giornata-mondiale-delle-api-sabato-in-piazza-dei-martiri-il-miele-locale-e-tanti-altri-prodotti-bellunesi\/","title":{"rendered":"Giornata Mondiale delle api. Sabato in piazza dei Martiri il miele locale e tanti altri prodotti bellunesi"},"content":{"rendered":"<p>Belluno, 22\/05\/2026 &#8211; In occasione della Giornata Mondiale delle api, il centro di Belluno si anima con \u201cApi in Piazza\u201d, una iniziativa di COMPRA SANO NOSTRANO E ARTIGIANO DI CASARTIGIANI BELLUNO dedicato al mondo delle api e ai prodotti artigianali del territorio.<\/p>\n<p>L\u2019evento si terr\u00e0 sabato 23 maggio 2026 dalle 7:00 alle 13:00 in Piazza dei Martiri. La manifestazione vuole sensibilizzare cittadini e turisti sull\u2019importanza delle api per l\u2019ecosistema e promuovere la filiera corta delle Dolomiti. Tra i protagonisti ci sar\u00e0 anche La casa di Maia, con i suoi mieli bellunesi, l&#8217;azienda agricola Col Bellin e l&#8217;azienda agricola Cantale Manuel. Un\u2019occasione per conoscere da vicino il lavoro dell\u2019apicoltura di montagna e assaggiare mieli monoflorali e multiflorali raccolti nel rispetto delle api e dell\u2019ambiente.<\/p>\n<p>Sar\u00e0 possibile incontrare personalmente gli apicoltori: chiacchiere dirette con chi lavora ogni giorno per la tutela degli alveari nelle Dolomiti bellunesi. \u201cL\u2019obiettivo \u00e8 portare le api fuori dall\u2019alveare e metterle al centro della piazza\u201d spiegano gli organizzatori. \u201cVogliamo far capire che dietro un vasetto di miele c\u2019\u00e8 un lavoro di tutela della biodiversit\u00e0 che riguarda tutti noi. Comprare locale significa sostenere questo impegno\u201d. L\u2019evento \u00e8 patrocinato dal Comune di Belluno e si inserisce nel calendario delle iniziative di promozione di Casartigiani Belluno per COMPRA SANO NOSTRANO E ARTIGIANO Il progetto mette in rete imprese, associazioni del terzo settore e aziende del territorio, creando un circuito virtuoso in cui economia locale e solidariet\u00e0 crescono insieme. Il progetto contribuisce all&#8217;impatto ESG delle aziende produttive inserite nelle filiere Bellunesi<\/p>\n<p>&nbsp;<\/p>","protected":false},"excerpt":{"rendered":"<p>Belluno, 22\/05\/2026 &#8211; In occasione della Giornata Mondiale delle api, il centro di Belluno si anima con \u201cApi in Piazza\u201d, una iniziativa di COMPRA SANO NOSTRANO E ARTIGIANO DI CASARTIGIANI BELLUNO dedicato al mondo delle api e ai prodotti artigianali del territorio. L\u2019evento si terr\u00e0 sabato 23 maggio 2026 dalle 7:00 alle 13:00 in Piazza [&hellip;]<\/p>\n","protected":false},"author":2,"featured_media":160867,"comment_status":"closed","ping_status":"open","sticky":false,"template":"","format":"standard","meta":{"footnotes":""},"categories":[3393,25],"tags":[],"class_list":["post-170347","post","type-post","status-publish","format-standard","has-post-thumbnail","category-eventi-enogastronomici","category-pausa-caffe"],"yoast_head":"<!-- This site is optimized with the Yoast SEO plugin v28.4 - https:\/\/yoast.com\/product\/yoast-seo-wordpress\/ -->\n<title>Giornata Mondiale delle api. Sabato in piazza dei Martiri il miele locale e tanti altri prodotti bellunesi - Bellunopress - Dolomiti<\/title>\n<meta name=\"robots\" content=\"index, follow, max-snippet:-1, max-image-preview:large, max-video-preview:-1\" \/>\n<link rel=\"canonical\" href=\"https:\/\/www.bellunopress.it\/fr\/2026\/05\/22\/giornata-mondiale-delle-api-sabato-in-piazza-dei-martiri-il-miele-locale-e-tanti-altri-prodotti-bellunesi\/\" \/>\n<meta property=\"og:locale\" content=\"fr_FR\" \/>\n<meta property=\"og:type\" content=\"article\" \/>\n<meta property=\"og:title\" content=\"Giornata Mondiale delle api. Sabato in piazza dei Martiri il miele locale e tanti altri prodotti bellunesi - Bellunopress - Dolomiti\" \/>\n<meta property=\"og:description\" content=\"Belluno, 22\/05\/2026 &#8211; In occasione della Giornata Mondiale delle api, il centro di Belluno si anima con \u201cApi in Piazza\u201d, una iniziativa di COMPRA SANO NOSTRANO E ARTIGIANO DI CASARTIGIANI BELLUNO dedicato al mondo delle api e ai prodotti artigianali del territorio. L\u2019evento si terr\u00e0 sabato 23 maggio 2026 dalle 7:00 alle 13:00 in Piazza [&hellip;]\" \/>\n<meta property=\"og:url\" content=\"https:\/\/www.bellunopress.it\/fr\/2026\/05\/22\/giornata-mondiale-delle-api-sabato-in-piazza-dei-martiri-il-miele-locale-e-tanti-altri-prodotti-bellunesi\/\" \/>\n<meta property=\"og:site_name\" content=\"Bellunopress - Dolomiti\" \/>\n<meta property=\"article:publisher\" content=\"https:\/\/www.facebook.com\/profile.php?id=100008943462799\" \/>\n<meta property=\"article:published_time\" content=\"2026-05-22T07:25:35+00:00\" \/>\n<meta property=\"og:image\" content=\"https:\/\/www.bellunopress.it\/wp-content\/uploads\/2025\/06\/Miele-delle-Dolomiti-Bellunesi-DOP.jpg\" \/>\n\t<meta property=\"og:image:width\" content=\"1000\" \/>\n\t<meta property=\"og:image:height\" content=\"667\" \/>\n\t<meta property=\"og:image:type\" content=\"image\/jpeg\" \/>\n<meta name=\"author\" content=\"redazione\" \/>\n<meta name=\"twitter:card\" content=\"summary_large_image\" \/>\n<meta name=\"twitter:creator\" content=\"@bellunopress\" \/>\n<meta name=\"twitter:site\" content=\"@bellunopress\" \/>\n<meta name=\"twitter:label1\" content=\"\u00c9crit par\" \/>\n\t<meta name=\"twitter:data1\" content=\"redazione\" \/>\n\t<meta name=\"twitter:label2\" content=\"Dur\u00e9e de lecture estim\u00e9e\" \/>\n\t<meta name=\"twitter:data2\" content=\"2 minutes\" \/>\n<script type=\"application\/ld+json\" class=\"yoast-schema-graph\">{\"@context\":\"https:\\\/\\\/schema.org\",\"@graph\":[{\"@type\":\"Article\",\"@id\":\"https:\\\/\\\/www.bellunopress.it\\\/2026\\\/05\\\/22\\\/giornata-mondiale-delle-api-sabato-in-piazza-dei-martiri-il-miele-locale-e-tanti-altri-prodotti-bellunesi\\\/#article\",\"isPartOf\":{\"@id\":\"https:\\\/\\\/www.bellunopress.it\\\/2026\\\/05\\\/22\\\/giornata-mondiale-delle-api-sabato-in-piazza-dei-martiri-il-miele-locale-e-tanti-altri-prodotti-bellunesi\\\/\"},\"author\":{\"name\":\"redazione\",\"@id\":\"https:\\\/\\\/www.bellunopress.it\\\/#\\\/schema\\\/person\\\/79bb06722b37ece1c03d3e94beb30d73\"},\"headline\":\"Giornata Mondiale delle api. Sabato in piazza dei Martiri il miele locale e tanti altri prodotti bellunesi\",\"datePublished\":\"2026-05-22T07:25:35+00:00\",\"mainEntityOfPage\":{\"@id\":\"https:\\\/\\\/www.bellunopress.it\\\/2026\\\/05\\\/22\\\/giornata-mondiale-delle-api-sabato-in-piazza-dei-martiri-il-miele-locale-e-tanti-altri-prodotti-bellunesi\\\/\"},\"wordCount\":272,\"publisher\":{\"@id\":\"https:\\\/\\\/www.bellunopress.it\\\/#organization\"},\"image\":{\"@id\":\"https:\\\/\\\/www.bellunopress.it\\\/2026\\\/05\\\/22\\\/giornata-mondiale-delle-api-sabato-in-piazza-dei-martiri-il-miele-locale-e-tanti-altri-prodotti-bellunesi\\\/#primaryimage\"},\"thumbnailUrl\":\"https:\\\/\\\/www.bellunopress.it\\\/wp-content\\\/uploads\\\/2025\\\/06\\\/Miele-delle-Dolomiti-Bellunesi-DOP.jpg\",\"articleSection\":[\"Eventi enogastronomici\",\"Pausa Caff\u00e8\"],\"inLanguage\":\"fr-FR\"},{\"@type\":\"WebPage\",\"@id\":\"https:\\\/\\\/www.bellunopress.it\\\/2026\\\/05\\\/22\\\/giornata-mondiale-delle-api-sabato-in-piazza-dei-martiri-il-miele-locale-e-tanti-altri-prodotti-bellunesi\\\/\",\"url\":\"https:\\\/\\\/www.bellunopress.it\\\/2026\\\/05\\\/22\\\/giornata-mondiale-delle-api-sabato-in-piazza-dei-martiri-il-miele-locale-e-tanti-altri-prodotti-bellunesi\\\/\",\"name\":\"Giornata Mondiale delle api. Sabato in piazza dei Martiri il miele locale e tanti altri prodotti bellunesi - Bellunopress - Dolomiti\",\"isPartOf\":{\"@id\":\"https:\\\/\\\/www.bellunopress.it\\\/#website\"},\"primaryImageOfPage\":{\"@id\":\"https:\\\/\\\/www.bellunopress.it\\\/2026\\\/05\\\/22\\\/giornata-mondiale-delle-api-sabato-in-piazza-dei-martiri-il-miele-locale-e-tanti-altri-prodotti-bellunesi\\\/#primaryimage\"},\"image\":{\"@id\":\"https:\\\/\\\/www.bellunopress.it\\\/2026\\\/05\\\/22\\\/giornata-mondiale-delle-api-sabato-in-piazza-dei-martiri-il-miele-locale-e-tanti-altri-prodotti-bellunesi\\\/#primaryimage\"},\"thumbnailUrl\":\"https:\\\/\\\/www.bellunopress.it\\\/wp-content\\\/uploads\\\/2025\\\/06\\\/Miele-delle-Dolomiti-Bellunesi-DOP.jpg\",\"datePublished\":\"2026-05-22T07:25:35+00:00\",\"breadcrumb\":{\"@id\":\"https:\\\/\\\/www.bellunopress.it\\\/2026\\\/05\\\/22\\\/giornata-mondiale-delle-api-sabato-in-piazza-dei-martiri-il-miele-locale-e-tanti-altri-prodotti-bellunesi\\\/#breadcrumb\"},\"inLanguage\":\"fr-FR\",\"potentialAction\":[{\"@type\":\"ReadAction\",\"target\":[\"https:\\\/\\\/www.bellunopress.it\\\/2026\\\/05\\\/22\\\/giornata-mondiale-delle-api-sabato-in-piazza-dei-martiri-il-miele-locale-e-tanti-altri-prodotti-bellunesi\\\/\"]}]},{\"@type\":\"ImageObject\",\"inLanguage\":\"fr-FR\",\"@id\":\"https:\\\/\\\/www.bellunopress.it\\\/2026\\\/05\\\/22\\\/giornata-mondiale-delle-api-sabato-in-piazza-dei-martiri-il-miele-locale-e-tanti-altri-prodotti-bellunesi\\\/#primaryimage\",\"url\":\"https:\\\/\\\/www.bellunopress.it\\\/wp-content\\\/uploads\\\/2025\\\/06\\\/Miele-delle-Dolomiti-Bellunesi-DOP.jpg\",\"contentUrl\":\"https:\\\/\\\/www.bellunopress.it\\\/wp-content\\\/uploads\\\/2025\\\/06\\\/Miele-delle-Dolomiti-Bellunesi-DOP.jpg\",\"width\":1000,\"height\":667},{\"@type\":\"BreadcrumbList\",\"@id\":\"https:\\\/\\\/www.bellunopress.it\\\/2026\\\/05\\\/22\\\/giornata-mondiale-delle-api-sabato-in-piazza-dei-martiri-il-miele-locale-e-tanti-altri-prodotti-bellunesi\\\/#breadcrumb\",\"itemListElement\":[{\"@type\":\"ListItem\",\"position\":1,\"name\":\"Home\",\"item\":\"https:\\\/\\\/www.bellunopress.it\\\/\"},{\"@type\":\"ListItem\",\"position\":2,\"name\":\"Giornata Mondiale delle api. Sabato in piazza dei Martiri il miele locale e tanti altri prodotti bellunesi\"}]},{\"@type\":\"WebSite\",\"@id\":\"https:\\\/\\\/www.bellunopress.it\\\/#website\",\"url\":\"https:\\\/\\\/www.bellunopress.it\\\/\",\"name\":\"Bellunopress - Dolomiti\",\"description\":\"e-mail: redazione@bellunopress.it\",\"publisher\":{\"@id\":\"https:\\\/\\\/www.bellunopress.it\\\/#organization\"},\"potentialAction\":[{\"@type\":\"SearchAction\",\"target\":{\"@type\":\"EntryPoint\",\"urlTemplate\":\"https:\\\/\\\/www.bellunopress.it\\\/?s={search_term_string}\"},\"query-input\":{\"@type\":\"PropertyValueSpecification\",\"valueRequired\":true,\"valueName\":\"search_term_string\"}}],\"inLanguage\":\"fr-FR\"},{\"@type\":\"Organization\",\"@id\":\"https:\\\/\\\/www.bellunopress.it\\\/#organization\",\"name\":\"Bellunopress\",\"url\":\"https:\\\/\\\/www.bellunopress.it\\\/\",\"logo\":{\"@type\":\"ImageObject\",\"inLanguage\":\"fr-FR\",\"@id\":\"https:\\\/\\\/www.bellunopress.it\\\/#\\\/schema\\\/logo\\\/image\\\/\",\"url\":\"https:\\\/\\\/www.bellunopress.it\\\/wp-content\\\/uploads\\\/2011\\\/05\\\/cropped-logo-bellunopress-.jpg\",\"contentUrl\":\"https:\\\/\\\/www.bellunopress.it\\\/wp-content\\\/uploads\\\/2011\\\/05\\\/cropped-logo-bellunopress-.jpg\",\"width\":512,\"height\":512,\"caption\":\"Bellunopress\"},\"image\":{\"@id\":\"https:\\\/\\\/www.bellunopress.it\\\/#\\\/schema\\\/logo\\\/image\\\/\"},\"sameAs\":[\"https:\\\/\\\/www.facebook.com\\\/profile.php?id=100008943462799\",\"https:\\\/\\\/x.com\\\/bellunopress\",\"https:\\\/\\\/www.linkedin.com\\\/hp\\\/?dnr=JBzUWaJfMUw8vbXJJ2tVW5-I3jZKvC4wsoxE&amp;amp;amp;amp;amp;amp;trk=nav_responsive_tab_home\",\"https:\\\/\\\/www.youtube.com\\\/channel\\\/UCxL0wu1uN0_3_7hGG0306cw\"]},{\"@type\":\"Person\",\"@id\":\"https:\\\/\\\/www.bellunopress.it\\\/#\\\/schema\\\/person\\\/79bb06722b37ece1c03d3e94beb30d73\",\"name\":\"redazione\",\"image\":{\"@type\":\"ImageObject\",\"inLanguage\":\"fr-FR\",\"@id\":\"https:\\\/\\\/secure.gravatar.com\\\/avatar\\\/37d968a2e67a6fd04c169c4bdef102d0bc5d31b2546345219e348575eb80e9a0?s=96&d=mm&r=g\",\"url\":\"https:\\\/\\\/secure.gravatar.com\\\/avatar\\\/37d968a2e67a6fd04c169c4bdef102d0bc5d31b2546345219e348575eb80e9a0?s=96&d=mm&r=g\",\"contentUrl\":\"https:\\\/\\\/secure.gravatar.com\\\/avatar\\\/37d968a2e67a6fd04c169c4bdef102d0bc5d31b2546345219e348575eb80e9a0?s=96&d=mm&r=g\",\"caption\":\"redazione\"},\"sameAs\":[\"http:\\\/\\\/www.bellunopress.it\",\"https:\\\/\\\/x.com\\\/bellunopress\"],\"url\":\"https:\\\/\\\/www.bellunopress.it\\\/fr\\\/author\\\/redazione\\\/\"}]}<\/script>\n<!-- \/ Yoast SEO plugin. -->","yoast_head_json":{"title":"Giornata Mondiale delle api. Sabato in piazza dei Martiri il miele locale e tanti altri prodotti bellunesi - Bellunopress - Dolomiti","robots":{"index":"index","follow":"follow","max-snippet":"max-snippet:-1","max-image-preview":"max-image-preview:large","max-video-preview":"max-video-preview:-1"},"canonical":"https:\/\/www.bellunopress.it\/fr\/2026\/05\/22\/giornata-mondiale-delle-api-sabato-in-piazza-dei-martiri-il-miele-locale-e-tanti-altri-prodotti-bellunesi\/","og_locale":"fr_FR","og_type":"article","og_title":"Giornata Mondiale delle api. Sabato in piazza dei Martiri il miele locale e tanti altri prodotti bellunesi - Bellunopress - Dolomiti","og_description":"Belluno, 22\/05\/2026 &#8211; In occasione della Giornata Mondiale delle api, il centro di Belluno si anima con \u201cApi in Piazza\u201d, una iniziativa di COMPRA SANO NOSTRANO E ARTIGIANO DI CASARTIGIANI BELLUNO dedicato al mondo delle api e ai prodotti artigianali del territorio. L\u2019evento si terr\u00e0 sabato 23 maggio 2026 dalle 7:00 alle 13:00 in Piazza [&hellip;]","og_url":"https:\/\/www.bellunopress.it\/fr\/2026\/05\/22\/giornata-mondiale-delle-api-sabato-in-piazza-dei-martiri-il-miele-locale-e-tanti-altri-prodotti-bellunesi\/","og_site_name":"Bellunopress - Dolomiti","article_publisher":"https:\/\/www.facebook.com\/profile.php?id=100008943462799","article_published_time":"2026-05-22T07:25:35+00:00","og_image":[{"width":1000,"height":667,"url":"https:\/\/www.bellunopress.it\/wp-content\/uploads\/2025\/06\/Miele-delle-Dolomiti-Bellunesi-DOP.jpg","type":"image\/jpeg"}],"author":"redazione","twitter_card":"summary_large_image","twitter_creator":"@bellunopress","twitter_site":"@bellunopress","twitter_misc":{"\u00c9crit par":"redazione","Dur\u00e9e de lecture estim\u00e9e":"2 minutes"},"schema":{"@context":"https:\/\/schema.org","@graph":[{"@type":"Article","@id":"https:\/\/www.bellunopress.it\/2026\/05\/22\/giornata-mondiale-delle-api-sabato-in-piazza-dei-martiri-il-miele-locale-e-tanti-altri-prodotti-bellunesi\/#article","isPartOf":{"@id":"https:\/\/www.bellunopress.it\/2026\/05\/22\/giornata-mondiale-delle-api-sabato-in-piazza-dei-martiri-il-miele-locale-e-tanti-altri-prodotti-bellunesi\/"},"author":{"name":"redazione","@id":"https:\/\/www.bellunopress.it\/#\/schema\/person\/79bb06722b37ece1c03d3e94beb30d73"},"headline":"Giornata Mondiale delle api. Sabato in piazza dei Martiri il miele locale e tanti altri prodotti bellunesi","datePublished":"2026-05-22T07:25:35+00:00","mainEntityOfPage":{"@id":"https:\/\/www.bellunopress.it\/2026\/05\/22\/giornata-mondiale-delle-api-sabato-in-piazza-dei-martiri-il-miele-locale-e-tanti-altri-prodotti-bellunesi\/"},"wordCount":272,"publisher":{"@id":"https:\/\/www.bellunopress.it\/#organization"},"image":{"@id":"https:\/\/www.bellunopress.it\/2026\/05\/22\/giornata-mondiale-delle-api-sabato-in-piazza-dei-martiri-il-miele-locale-e-tanti-altri-prodotti-bellunesi\/#primaryimage"},"thumbnailUrl":"https:\/\/www.bellunopress.it\/wp-content\/uploads\/2025\/06\/Miele-delle-Dolomiti-Bellunesi-DOP.jpg","articleSection":["Eventi enogastronomici","Pausa Caff\u00e8"],"inLanguage":"fr-FR"},{"@type":"WebPage","@id":"https:\/\/www.bellunopress.it\/2026\/05\/22\/giornata-mondiale-delle-api-sabato-in-piazza-dei-martiri-il-miele-locale-e-tanti-altri-prodotti-bellunesi\/","url":"https:\/\/www.bellunopress.it\/2026\/05\/22\/giornata-mondiale-delle-api-sabato-in-piazza-dei-martiri-il-miele-locale-e-tanti-altri-prodotti-bellunesi\/","name":"Giornata Mondiale delle api. Sabato in piazza dei Martiri il miele locale e tanti altri prodotti bellunesi - Bellunopress - Dolomiti","isPartOf":{"@id":"https:\/\/www.bellunopress.it\/#website"},"primaryImageOfPage":{"@id":"https:\/\/www.bellunopress.it\/2026\/05\/22\/giornata-mondiale-delle-api-sabato-in-piazza-dei-martiri-il-miele-locale-e-tanti-altri-prodotti-bellunesi\/#primaryimage"},"image":{"@id":"https:\/\/www.bellunopress.it\/2026\/05\/22\/giornata-mondiale-delle-api-sabato-in-piazza-dei-martiri-il-miele-locale-e-tanti-altri-prodotti-bellunesi\/#primaryimage"},"thumbnailUrl":"https:\/\/www.bellunopress.it\/wp-content\/uploads\/2025\/06\/Miele-delle-Dolomiti-Bellunesi-DOP.jpg","datePublished":"2026-05-22T07:25:35+00:00","breadcrumb":{"@id":"https:\/\/www.bellunopress.it\/2026\/05\/22\/giornata-mondiale-delle-api-sabato-in-piazza-dei-martiri-il-miele-locale-e-tanti-altri-prodotti-bellunesi\/#breadcrumb"},"inLanguage":"fr-FR","potentialAction":[{"@type":"ReadAction","target":["https:\/\/www.bellunopress.it\/2026\/05\/22\/giornata-mondiale-delle-api-sabato-in-piazza-dei-martiri-il-miele-locale-e-tanti-altri-prodotti-bellunesi\/"]}]},{"@type":"ImageObject","inLanguage":"fr-FR","@id":"https:\/\/www.bellunopress.it\/2026\/05\/22\/giornata-mondiale-delle-api-sabato-in-piazza-dei-martiri-il-miele-locale-e-tanti-altri-prodotti-bellunesi\/#primaryimage","url":"https:\/\/www.bellunopress.it\/wp-content\/uploads\/2025\/06\/Miele-delle-Dolomiti-Bellunesi-DOP.jpg","contentUrl":"https:\/\/www.bellunopress.it\/wp-content\/uploads\/2025\/06\/Miele-delle-Dolomiti-Bellunesi-DOP.jpg","width":1000,"height":667},{"@type":"BreadcrumbList","@id":"https:\/\/www.bellunopress.it\/2026\/05\/22\/giornata-mondiale-delle-api-sabato-in-piazza-dei-martiri-il-miele-locale-e-tanti-altri-prodotti-bellunesi\/#breadcrumb","itemListElement":[{"@type":"ListItem","position":1,"name":"Home","item":"https:\/\/www.bellunopress.it\/"},{"@type":"ListItem","position":2,"name":"Giornata Mondiale delle api. Sabato in piazza dei Martiri il miele locale e tanti altri prodotti bellunesi"}]},{"@type":"WebSite","@id":"https:\/\/www.bellunopress.it\/#website","url":"https:\/\/www.bellunopress.it\/","name":"Bellunopress - Dolomiti","description":"e-mail: redazione@bellunopress.it","publisher":{"@id":"https:\/\/www.bellunopress.it\/#organization"},"potentialAction":[{"@type":"SearchAction","target":{"@type":"EntryPoint","urlTemplate":"https:\/\/www.bellunopress.it\/?s={search_term_string}"},"query-input":{"@type":"PropertyValueSpecification","valueRequired":true,"valueName":"search_term_string"}}],"inLanguage":"fr-FR"},{"@type":"Organization","@id":"https:\/\/www.bellunopress.it\/#organization","name":"Bellunopress","url":"https:\/\/www.bellunopress.it\/","logo":{"@type":"ImageObject","inLanguage":"fr-FR","@id":"https:\/\/www.bellunopress.it\/#\/schema\/logo\/image\/","url":"https:\/\/www.bellunopress.it\/wp-content\/uploads\/2011\/05\/cropped-logo-bellunopress-.jpg","contentUrl":"https:\/\/www.bellunopress.it\/wp-content\/uploads\/2011\/05\/cropped-logo-bellunopress-.jpg","width":512,"height":512,"caption":"Bellunopress"},"image":{"@id":"https:\/\/www.bellunopress.it\/#\/schema\/logo\/image\/"},"sameAs":["https:\/\/www.facebook.com\/profile.php?id=100008943462799","https:\/\/x.com\/bellunopress","https:\/\/www.linkedin.com\/hp\/?dnr=JBzUWaJfMUw8vbXJJ2tVW5-I3jZKvC4wsoxE&amp;amp;amp;amp;amp;amp;trk=nav_responsive_tab_home","https:\/\/www.youtube.com\/channel\/UCxL0wu1uN0_3_7hGG0306cw"]},{"@type":"Person","@id":"https:\/\/www.bellunopress.it\/#\/schema\/person\/79bb06722b37ece1c03d3e94beb30d73","name":"r\u00e9daction","image":{"@type":"ImageObject","inLanguage":"fr-FR","@id":"https:\/\/secure.gravatar.com\/avatar\/37d968a2e67a6fd04c169c4bdef102d0bc5d31b2546345219e348575eb80e9a0?s=96&d=mm&r=g","url":"https:\/\/secure.gravatar.com\/avatar\/37d968a2e67a6fd04c169c4bdef102d0bc5d31b2546345219e348575eb80e9a0?s=96&d=mm&r=g","contentUrl":"https:\/\/secure.gravatar.com\/avatar\/37d968a2e67a6fd04c169c4bdef102d0bc5d31b2546345219e348575eb80e9a0?s=96&d=mm&r=g","caption":"redazione"},"sameAs":["http:\/\/www.bellunopress.it","https:\/\/x.com\/bellunopress"],"url":"https:\/\/www.bellunopress.it\/fr\/author\/redazione\/"}]}},"_links":{"self":[{"href":"https:\/\/www.bellunopress.it\/fr\/wp-json\/wp\/v2\/posts\/170347","targetHints":{"allow":["GET"]}}],"collection":[{"href":"https:\/\/www.bellunopress.it\/fr\/wp-json\/wp\/v2\/posts"}],"about":[{"href":"https:\/\/www.bellunopress.it\/fr\/wp-json\/wp\/v2\/types\/post"}],"author":[{"embeddable":true,"href":"https:\/\/www.bellunopress.it\/fr\/wp-json\/wp\/v2\/users\/2"}],"replies":[{"embeddable":true,"href":"https:\/\/www.bellunopress.it\/fr\/wp-json\/wp\/v2\/comments?post=170347"}],"version-history":[{"count":1,"href":"https:\/\/www.bellunopress.it\/fr\/wp-json\/wp\/v2\/posts\/170347\/revisions"}],"predecessor-version":[{"id":170348,"href":"https:\/\/www.bellunopress.it\/fr\/wp-json\/wp\/v2\/posts\/170347\/revisions\/170348"}],"wp:featuredmedia":[{"embeddable":true,"href":"https:\/\/www.bellunopress.it\/fr\/wp-json\/wp\/v2\/media\/160867"}],"wp:attachment":[{"href":"https:\/\/www.bellunopress.it\/fr\/wp-json\/wp\/v2\/media?parent=170347"}],"wp:term":[{"taxonomy":"category","embeddable":true,"href":"https:\/\/www.bellunopress.it\/fr\/wp-json\/wp\/v2\/categories?post=170347"},{"taxonomy":"post_tag","embeddable":true,"href":"https:\/\/www.bellunopress.it\/fr\/wp-json\/wp\/v2\/tags?post=170347"}],"curies":[{"name":"wp","href":"https:\/\/api.w.org\/{rel}","templated":true}]}}