{"id":170345,"date":"2026-05-22T07:57:05","date_gmt":"2026-05-22T05:57:05","guid":{"rendered":"https:\/\/www.bellunopress.it\/?p=170345"},"modified":"2026-05-22T07:57:05","modified_gmt":"2026-05-22T05:57:05","slug":"giornata-mondiale-delle-api-domenica-a-borgo-valbelluna-lapiario-aperto","status":"publish","type":"post","link":"https:\/\/www.bellunopress.it\/fr\/2026\/05\/22\/giornata-mondiale-delle-api-domenica-a-borgo-valbelluna-lapiario-aperto\/","title":{"rendered":"Giornata mondiale delle api: domenica a Borgo Valbelluna l&#8217;apiario aperto"},"content":{"rendered":"<p>In occasione della Giornata Mondiale delle Api, anche il territorio bellunese sar\u00e0 protagonista delle iniziative promosse dall&#8217;Associazione Regionale Apicoltori del Veneto per sensibilizzare cittadini, famiglie e scuole sull&#8217;importanza degli impollinatori e della tutela della biodiversit\u00e0.<\/p>\n<p>Domenica 24 maggio a Borgo Valbelluna, in via Corte 64, si terr\u00e0 infatti l'&#8221;Apiario aperto \u2013 Le api custodi dell&#8217;ambiente e della biodiversit\u00e0&#8221;, una giornata dedicata alla scoperta del mondo delle api attraverso momenti divulgativi, osservazione delle arnie, attivit\u00e0 di smielatura e degustazioni guidate di miele.<\/p>\n<p>L&#8217;iniziativa vuole avvicinare il pubblico alla conoscenza del ruolo fondamentale che le api svolgono per l&#8217;ecosistema e per l&#8217;agricoltura, promuovendo al tempo stesso una maggiore attenzione verso la tutela dell&#8217;ambiente e degli habitat naturali.<\/p>\n<p>\u00abLe api sono vere sentinelle della biodiversit\u00e0 e rappresentano un patrimonio fondamentale per il nostro territorio montano e agricolo \u2013 commenta Gerardo Meridio, presidente dell&#8217;Associazione Regionale Apicoltori del Veneto \u2013. Attraverso gli &#8220;Apiari aperti&#8221; vogliamo far conoscere ai cittadini il lavoro degli apicoltori e l&#8217;importanza degli impollinatori per il futuro dell&#8217;ambiente, dell&#8217;agricoltura e della sicurezza alimentare. In territori come il Bellunese, dove natura e biodiversit\u00e0 costituiscono una ricchezza straordinaria, proteggere le api significa proteggere l&#8217;intero ecosistema\u00bb.<\/p>\n<p>L&#8217;appuntamento di Borgo Valbelluna rientra nel calendario regionale promosso dall&#8217;Associazione Regionale Apicoltori del Veneto, che coinvolge numerosi territori con eventi, laboratori e incontri divulgativi dedicati alla Giornata Mondiale delle Api.<\/p>\n<p>Le altre iniziative per La Giornata delle Api nel Veneto<br \/>\nIn occasione della Giornata Mondiale delle Api, l&#8217;Associazione Regionale Apicoltori del Veneto promuove una serie di iniziative diffuse in tutto il territorio regionale per sensibilizzare cittadini, famiglie e scuole sull&#8217;importanza degli impollinatori e della biodiversit\u00e0.<\/p>\n<p>Dopo l&#8217;inaugurazione dell&#8217;apiario didattico della cava San Gaetano nell&#8217;ambito del progetto &#8220;Cave Amiche delle Api&#8221; di oggi, il 22 maggio il Parco Naturale Regionale della Lessinia ospiter\u00e0 a Malga Derocon laboratori didattici e attivit\u00e0 di apicoltura dedicati a famiglie e visitatori. Il 23 maggio a Grumolo delle Abbadesse \u00e8 in programma il convegno &#8220;BEE-One&#8221;, dedicato ai temi dell&#8217;apicoltura e della biodiversit\u00e0.<\/p>\n<p>Il 24 maggio Bassano del Grappa ospiter\u00e0 &#8220;Biodiversit\u00e0 in piazza \u2013 il mondo delle api raccontato ai cittadini&#8221;, mentre nei territori di Borgo Valbelluna, in via Corte 64, di Verona, in via Gardesane 144, e di Vicenza, in via Mercato Nuovo 32, si terranno gli &#8220;Apiari aperti&#8221; sul tema &#8220;Le api custodi dell&#8217;ambiente e della biodiversit\u00e0&#8221;, con momenti di scoperta del mondo delle api e di smielatura, oltre alla degustazione di miele.<\/p>\n<p>Sempre il 24 maggio il Comune di Quinto Vicentino promuover\u00e0 &#8220;Api e Biodiversit\u00e0: una giornata per la natura!&#8221;, con attivit\u00e0 divulgative e laboratorio di piantumazione all&#8217;Oasi Biodiversit\u00e0 del Giardino a Misura d&#8217;Ape in Golena del Tesina, letture animate e laboratori creativi per bambini, conferenze divulgative sul miele e un mercatino dedicato ai prodotti dell&#8217;apicoltura e dell&#8217;agricoltura locale. Coinvolte anche le scuole, come nel caso dell&#8217;iniziativa alla primaria Cesare Battisti di Gambugliano promossa dal Comitato Genitori e dal Comune di Sovizzo.<\/p>\n<p>Il 25 maggio il Comune di Dueville, in collaborazione con l&#8217;Associazione Regionale Apicoltori del Veneto, promuover\u00e0 una serata informativa dedicata al mondo dell&#8217;apicoltura e alla tutela dell&#8217;ambiente nell&#8217;ambito della Giornata Ecologica Regionale 2026 &#8220;Le api, custodi dell&#8217;ambiente e della biodiversit\u00e0&#8221;. L&#8217;incontro, a ingresso libero, si terr\u00e0 alle ore 20.30 al Centro Arnaldi di Dueville e vedr\u00e0 l&#8217;intervento del presidente dell&#8217;Associazione Regionale Apicoltori del Veneto, Gerardo Meridio, con un approfondimento sul ruolo fondamentale delle api per l&#8217;ecosistema, la biodiversit\u00e0 e il futuro del territorio.<\/p>\n<p>Il fine settimana del 30 e 31 maggio sar\u00e0 dedicato alle attivit\u00e0 sull&#8217;Altopiano di Asiago, con numerosi appuntamenti dedicati al mondo delle api, alla biodiversit\u00e0 e all&#8217;apicoltura di montagna. Il 30 maggio ai Giardini di Piazza Carli si aprir\u00e0 la manifestazione con la presenza dell&#8217;Assessore regionale all&#8217;agricoltura Dario Bond e del presidente dell&#8217;Associazione Regionale Apicoltori del Veneto Gerardo Meridio, seguita dal convegno &#8220;Api-turismo: nuove opportunit\u00e0 per i territori montani&#8221;. Il 31 maggio spazio invece al convegno &#8220;Mille fiori \u2013 Mille opportunit\u00e0: progetti per valorizzare la biodiversit\u00e0&#8221;. Durante entrambe le giornate saranno organizzati laboratori e attivit\u00e0 dedicate alle api e al miele, tra cui &#8220;Alla scoperta del mondo delle api&#8221; per bambini e famiglie, degustazioni guidate di miele e tisane, letture animate dal titolo &#8220;Uno sciame di libri&#8221; ed esposizioni di vivai e produttori locali lungo Piazza Carli e Piazza II Risorgimento. Gi\u00e0 il 24 maggio, inoltre, Asiago ospiter\u00e0 l&#8217;incontro &#8220;Uomini, boschi e api: una montagna di biodiversit\u00e0&#8221;, dedicato al ruolo delle api nell&#8217;impollinazione e nella conservazione degli habitat naturali alpini, con degustazioni guidate di miele e formaggi.<\/p>\n<p>Tra gli appuntamenti pi\u00f9 suggestivi anche quello del 31 maggio a Marostica, dove tra Piazza degli Scacchi e l&#8217;apiario didattico comunale all&#8217;interno delle mura medievali, lungo il sentiero dei Carmini verso il Castello Superiore, si svolger\u00e0 la giornata &#8220;Api al ciliegio&#8221; dedicata al legame tra storia, territorio e apicoltura.<\/p>\n<p>&#8212;<\/p>","protected":false},"excerpt":{"rendered":"<p>In occasione della Giornata Mondiale delle Api, anche il territorio bellunese sar\u00e0 protagonista delle iniziative promosse dall&#8217;Associazione Regionale Apicoltori del Veneto per sensibilizzare cittadini, famiglie e scuole sull&#8217;importanza degli impollinatori e della tutela della biodiversit\u00e0. Domenica 24 maggio a Borgo Valbelluna, in via Corte 64, si terr\u00e0 infatti l&#8217;&#8221;Apiario aperto \u2013 Le api custodi dell&#8217;ambiente [&hellip;]<\/p>\n","protected":false},"author":2,"featured_media":169315,"comment_status":"closed","ping_status":"open","sticky":false,"template":"","format":"standard","meta":{"footnotes":""},"categories":[38,25,8],"tags":[],"class_list":["post-170345","post","type-post","status-publish","format-standard","has-post-thumbnail","category-natura-ambiente","category-pausa-caffe","category-societa-istituzioni"],"yoast_head":"<!-- This site is optimized with the Yoast SEO plugin v28.4 - https:\/\/yoast.com\/product\/yoast-seo-wordpress\/ -->\n<title>Giornata mondiale delle api: domenica a Borgo Valbelluna l&#039;apiario aperto - Bellunopress - Dolomiti<\/title>\n<meta name=\"robots\" content=\"index, follow, max-snippet:-1, max-image-preview:large, max-video-preview:-1\" \/>\n<link rel=\"canonical\" href=\"https:\/\/www.bellunopress.it\/fr\/2026\/05\/22\/giornata-mondiale-delle-api-domenica-a-borgo-valbelluna-lapiario-aperto\/\" \/>\n<meta property=\"og:locale\" content=\"fr_FR\" \/>\n<meta property=\"og:type\" content=\"article\" \/>\n<meta property=\"og:title\" content=\"Giornata mondiale delle api: domenica a Borgo Valbelluna l&#039;apiario aperto - Bellunopress - Dolomiti\" \/>\n<meta property=\"og:description\" content=\"In occasione della Giornata Mondiale delle Api, anche il territorio bellunese sar\u00e0 protagonista delle iniziative promosse dall&#8217;Associazione Regionale Apicoltori del Veneto per sensibilizzare cittadini, famiglie e scuole sull&#8217;importanza degli impollinatori e della tutela della biodiversit\u00e0. Domenica 24 maggio a Borgo Valbelluna, in via Corte 64, si terr\u00e0 infatti l&#039;&#8221;Apiario aperto \u2013 Le api custodi dell&#8217;ambiente [&hellip;]\" \/>\n<meta property=\"og:url\" content=\"https:\/\/www.bellunopress.it\/fr\/2026\/05\/22\/giornata-mondiale-delle-api-domenica-a-borgo-valbelluna-lapiario-aperto\/\" \/>\n<meta property=\"og:site_name\" content=\"Bellunopress - Dolomiti\" \/>\n<meta property=\"article:publisher\" content=\"https:\/\/www.facebook.com\/profile.php?id=100008943462799\" \/>\n<meta property=\"article:published_time\" content=\"2026-05-22T05:57:05+00:00\" \/>\n<meta property=\"og:image\" content=\"https:\/\/www.bellunopress.it\/wp-content\/uploads\/2026\/04\/Associazione-regionale-apicoltori-del-veneto.jpg\" \/>\n\t<meta property=\"og:image:width\" content=\"900\" \/>\n\t<meta property=\"og:image:height\" content=\"900\" \/>\n\t<meta property=\"og:image:type\" content=\"image\/jpeg\" \/>\n<meta name=\"author\" content=\"redazione\" \/>\n<meta name=\"twitter:card\" content=\"summary_large_image\" \/>\n<meta name=\"twitter:creator\" content=\"@bellunopress\" \/>\n<meta name=\"twitter:site\" content=\"@bellunopress\" \/>\n<meta name=\"twitter:label1\" content=\"Written by\" \/>\n\t<meta name=\"twitter:data1\" content=\"redazione\" \/>\n\t<meta name=\"twitter:label2\" content=\"Est. reading time\" \/>\n\t<meta name=\"twitter:data2\" content=\"5 minutes\" \/>\n<script type=\"application\/ld+json\" class=\"yoast-schema-graph\">{\"@context\":\"https:\\\/\\\/schema.org\",\"@graph\":[{\"@type\":\"Article\",\"@id\":\"https:\\\/\\\/www.bellunopress.it\\\/2026\\\/05\\\/22\\\/giornata-mondiale-delle-api-domenica-a-borgo-valbelluna-lapiario-aperto\\\/#article\",\"isPartOf\":{\"@id\":\"https:\\\/\\\/www.bellunopress.it\\\/2026\\\/05\\\/22\\\/giornata-mondiale-delle-api-domenica-a-borgo-valbelluna-lapiario-aperto\\\/\"},\"author\":{\"name\":\"redazione\",\"@id\":\"https:\\\/\\\/www.bellunopress.it\\\/#\\\/schema\\\/person\\\/79bb06722b37ece1c03d3e94beb30d73\"},\"headline\":\"Giornata mondiale delle api: domenica a Borgo Valbelluna l&#8217;apiario aperto\",\"datePublished\":\"2026-05-22T05:57:05+00:00\",\"mainEntityOfPage\":{\"@id\":\"https:\\\/\\\/www.bellunopress.it\\\/2026\\\/05\\\/22\\\/giornata-mondiale-delle-api-domenica-a-borgo-valbelluna-lapiario-aperto\\\/\"},\"wordCount\":821,\"publisher\":{\"@id\":\"https:\\\/\\\/www.bellunopress.it\\\/#organization\"},\"image\":{\"@id\":\"https:\\\/\\\/www.bellunopress.it\\\/2026\\\/05\\\/22\\\/giornata-mondiale-delle-api-domenica-a-borgo-valbelluna-lapiario-aperto\\\/#primaryimage\"},\"thumbnailUrl\":\"https:\\\/\\\/www.bellunopress.it\\\/wp-content\\\/uploads\\\/2026\\\/04\\\/Associazione-regionale-apicoltori-del-veneto.jpg\",\"articleSection\":[\"Meteo, natura, ambiente, animali\",\"Pausa Caff\u00e8\",\"Societ\u00e0, Associazioni, Istituzioni\"],\"inLanguage\":\"fr-FR\"},{\"@type\":\"WebPage\",\"@id\":\"https:\\\/\\\/www.bellunopress.it\\\/2026\\\/05\\\/22\\\/giornata-mondiale-delle-api-domenica-a-borgo-valbelluna-lapiario-aperto\\\/\",\"url\":\"https:\\\/\\\/www.bellunopress.it\\\/2026\\\/05\\\/22\\\/giornata-mondiale-delle-api-domenica-a-borgo-valbelluna-lapiario-aperto\\\/\",\"name\":\"Giornata mondiale delle api: domenica a Borgo Valbelluna l'apiario aperto - Bellunopress - Dolomiti\",\"isPartOf\":{\"@id\":\"https:\\\/\\\/www.bellunopress.it\\\/#website\"},\"primaryImageOfPage\":{\"@id\":\"https:\\\/\\\/www.bellunopress.it\\\/2026\\\/05\\\/22\\\/giornata-mondiale-delle-api-domenica-a-borgo-valbelluna-lapiario-aperto\\\/#primaryimage\"},\"image\":{\"@id\":\"https:\\\/\\\/www.bellunopress.it\\\/2026\\\/05\\\/22\\\/giornata-mondiale-delle-api-domenica-a-borgo-valbelluna-lapiario-aperto\\\/#primaryimage\"},\"thumbnailUrl\":\"https:\\\/\\\/www.bellunopress.it\\\/wp-content\\\/uploads\\\/2026\\\/04\\\/Associazione-regionale-apicoltori-del-veneto.jpg\",\"datePublished\":\"2026-05-22T05:57:05+00:00\",\"breadcrumb\":{\"@id\":\"https:\\\/\\\/www.bellunopress.it\\\/2026\\\/05\\\/22\\\/giornata-mondiale-delle-api-domenica-a-borgo-valbelluna-lapiario-aperto\\\/#breadcrumb\"},\"inLanguage\":\"fr-FR\",\"potentialAction\":[{\"@type\":\"ReadAction\",\"target\":[\"https:\\\/\\\/www.bellunopress.it\\\/2026\\\/05\\\/22\\\/giornata-mondiale-delle-api-domenica-a-borgo-valbelluna-lapiario-aperto\\\/\"]}]},{\"@type\":\"ImageObject\",\"inLanguage\":\"fr-FR\",\"@id\":\"https:\\\/\\\/www.bellunopress.it\\\/2026\\\/05\\\/22\\\/giornata-mondiale-delle-api-domenica-a-borgo-valbelluna-lapiario-aperto\\\/#primaryimage\",\"url\":\"https:\\\/\\\/www.bellunopress.it\\\/wp-content\\\/uploads\\\/2026\\\/04\\\/Associazione-regionale-apicoltori-del-veneto.jpg\",\"contentUrl\":\"https:\\\/\\\/www.bellunopress.it\\\/wp-content\\\/uploads\\\/2026\\\/04\\\/Associazione-regionale-apicoltori-del-veneto.jpg\",\"width\":900,\"height\":900},{\"@type\":\"BreadcrumbList\",\"@id\":\"https:\\\/\\\/www.bellunopress.it\\\/2026\\\/05\\\/22\\\/giornata-mondiale-delle-api-domenica-a-borgo-valbelluna-lapiario-aperto\\\/#breadcrumb\",\"itemListElement\":[{\"@type\":\"ListItem\",\"position\":1,\"name\":\"Home\",\"item\":\"https:\\\/\\\/www.bellunopress.it\\\/\"},{\"@type\":\"ListItem\",\"position\":2,\"name\":\"Giornata mondiale delle api: domenica a Borgo Valbelluna l&#8217;apiario aperto\"}]},{\"@type\":\"WebSite\",\"@id\":\"https:\\\/\\\/www.bellunopress.it\\\/#website\",\"url\":\"https:\\\/\\\/www.bellunopress.it\\\/\",\"name\":\"Bellunopress - Dolomiti\",\"description\":\"e-mail: redazione@bellunopress.it\",\"publisher\":{\"@id\":\"https:\\\/\\\/www.bellunopress.it\\\/#organization\"},\"potentialAction\":[{\"@type\":\"SearchAction\",\"target\":{\"@type\":\"EntryPoint\",\"urlTemplate\":\"https:\\\/\\\/www.bellunopress.it\\\/?s={search_term_string}\"},\"query-input\":{\"@type\":\"PropertyValueSpecification\",\"valueRequired\":true,\"valueName\":\"search_term_string\"}}],\"inLanguage\":\"fr-FR\"},{\"@type\":\"Organization\",\"@id\":\"https:\\\/\\\/www.bellunopress.it\\\/#organization\",\"name\":\"Bellunopress\",\"url\":\"https:\\\/\\\/www.bellunopress.it\\\/\",\"logo\":{\"@type\":\"ImageObject\",\"inLanguage\":\"fr-FR\",\"@id\":\"https:\\\/\\\/www.bellunopress.it\\\/#\\\/schema\\\/logo\\\/image\\\/\",\"url\":\"https:\\\/\\\/www.bellunopress.it\\\/wp-content\\\/uploads\\\/2011\\\/05\\\/cropped-logo-bellunopress-.jpg\",\"contentUrl\":\"https:\\\/\\\/www.bellunopress.it\\\/wp-content\\\/uploads\\\/2011\\\/05\\\/cropped-logo-bellunopress-.jpg\",\"width\":512,\"height\":512,\"caption\":\"Bellunopress\"},\"image\":{\"@id\":\"https:\\\/\\\/www.bellunopress.it\\\/#\\\/schema\\\/logo\\\/image\\\/\"},\"sameAs\":[\"https:\\\/\\\/www.facebook.com\\\/profile.php?id=100008943462799\",\"https:\\\/\\\/x.com\\\/bellunopress\",\"https:\\\/\\\/www.linkedin.com\\\/hp\\\/?dnr=JBzUWaJfMUw8vbXJJ2tVW5-I3jZKvC4wsoxE&amp;amp;amp;amp;amp;amp;trk=nav_responsive_tab_home\",\"https:\\\/\\\/www.youtube.com\\\/channel\\\/UCxL0wu1uN0_3_7hGG0306cw\"]},{\"@type\":\"Person\",\"@id\":\"https:\\\/\\\/www.bellunopress.it\\\/#\\\/schema\\\/person\\\/79bb06722b37ece1c03d3e94beb30d73\",\"name\":\"redazione\",\"image\":{\"@type\":\"ImageObject\",\"inLanguage\":\"fr-FR\",\"@id\":\"https:\\\/\\\/secure.gravatar.com\\\/avatar\\\/37d968a2e67a6fd04c169c4bdef102d0bc5d31b2546345219e348575eb80e9a0?s=96&d=mm&r=g\",\"url\":\"https:\\\/\\\/secure.gravatar.com\\\/avatar\\\/37d968a2e67a6fd04c169c4bdef102d0bc5d31b2546345219e348575eb80e9a0?s=96&d=mm&r=g\",\"contentUrl\":\"https:\\\/\\\/secure.gravatar.com\\\/avatar\\\/37d968a2e67a6fd04c169c4bdef102d0bc5d31b2546345219e348575eb80e9a0?s=96&d=mm&r=g\",\"caption\":\"redazione\"},\"sameAs\":[\"http:\\\/\\\/www.bellunopress.it\",\"https:\\\/\\\/x.com\\\/bellunopress\"],\"url\":\"https:\\\/\\\/www.bellunopress.it\\\/fr\\\/author\\\/redazione\\\/\"}]}<\/script>\n<!-- \/ Yoast SEO plugin. -->","yoast_head_json":{"title":"Giornata mondiale delle api: domenica a Borgo Valbelluna l'apiario aperto - Bellunopress - Dolomiti","robots":{"index":"index","follow":"follow","max-snippet":"max-snippet:-1","max-image-preview":"max-image-preview:large","max-video-preview":"max-video-preview:-1"},"canonical":"https:\/\/www.bellunopress.it\/fr\/2026\/05\/22\/giornata-mondiale-delle-api-domenica-a-borgo-valbelluna-lapiario-aperto\/","og_locale":"fr_FR","og_type":"article","og_title":"Giornata mondiale delle api: domenica a Borgo Valbelluna l'apiario aperto - Bellunopress - Dolomiti","og_description":"In occasione della Giornata Mondiale delle Api, anche il territorio bellunese sar\u00e0 protagonista delle iniziative promosse dall&#8217;Associazione Regionale Apicoltori del Veneto per sensibilizzare cittadini, famiglie e scuole sull&#8217;importanza degli impollinatori e della tutela della biodiversit\u00e0. Domenica 24 maggio a Borgo Valbelluna, in via Corte 64, si terr\u00e0 infatti l'&#8221;Apiario aperto \u2013 Le api custodi dell&#8217;ambiente [&hellip;]","og_url":"https:\/\/www.bellunopress.it\/fr\/2026\/05\/22\/giornata-mondiale-delle-api-domenica-a-borgo-valbelluna-lapiario-aperto\/","og_site_name":"Bellunopress - Dolomiti","article_publisher":"https:\/\/www.facebook.com\/profile.php?id=100008943462799","article_published_time":"2026-05-22T05:57:05+00:00","og_image":[{"width":900,"height":900,"url":"https:\/\/www.bellunopress.it\/wp-content\/uploads\/2026\/04\/Associazione-regionale-apicoltori-del-veneto.jpg","type":"image\/jpeg"}],"author":"redazione","twitter_card":"summary_large_image","twitter_creator":"@bellunopress","twitter_site":"@bellunopress","twitter_misc":{"Written by":"redazione","Est. reading time":"5 minutes"},"schema":{"@context":"https:\/\/schema.org","@graph":[{"@type":"Article","@id":"https:\/\/www.bellunopress.it\/2026\/05\/22\/giornata-mondiale-delle-api-domenica-a-borgo-valbelluna-lapiario-aperto\/#article","isPartOf":{"@id":"https:\/\/www.bellunopress.it\/2026\/05\/22\/giornata-mondiale-delle-api-domenica-a-borgo-valbelluna-lapiario-aperto\/"},"author":{"name":"redazione","@id":"https:\/\/www.bellunopress.it\/#\/schema\/person\/79bb06722b37ece1c03d3e94beb30d73"},"headline":"Giornata mondiale delle api: domenica a Borgo Valbelluna l&#8217;apiario aperto","datePublished":"2026-05-22T05:57:05+00:00","mainEntityOfPage":{"@id":"https:\/\/www.bellunopress.it\/2026\/05\/22\/giornata-mondiale-delle-api-domenica-a-borgo-valbelluna-lapiario-aperto\/"},"wordCount":821,"publisher":{"@id":"https:\/\/www.bellunopress.it\/#organization"},"image":{"@id":"https:\/\/www.bellunopress.it\/2026\/05\/22\/giornata-mondiale-delle-api-domenica-a-borgo-valbelluna-lapiario-aperto\/#primaryimage"},"thumbnailUrl":"https:\/\/www.bellunopress.it\/wp-content\/uploads\/2026\/04\/Associazione-regionale-apicoltori-del-veneto.jpg","articleSection":["Meteo, natura, ambiente, animali","Pausa Caff\u00e8","Societ\u00e0, Associazioni, Istituzioni"],"inLanguage":"fr-FR"},{"@type":"WebPage","@id":"https:\/\/www.bellunopress.it\/2026\/05\/22\/giornata-mondiale-delle-api-domenica-a-borgo-valbelluna-lapiario-aperto\/","url":"https:\/\/www.bellunopress.it\/2026\/05\/22\/giornata-mondiale-delle-api-domenica-a-borgo-valbelluna-lapiario-aperto\/","name":"Giornata mondiale delle api: domenica a Borgo Valbelluna l'apiario aperto - Bellunopress - Dolomiti","isPartOf":{"@id":"https:\/\/www.bellunopress.it\/#website"},"primaryImageOfPage":{"@id":"https:\/\/www.bellunopress.it\/2026\/05\/22\/giornata-mondiale-delle-api-domenica-a-borgo-valbelluna-lapiario-aperto\/#primaryimage"},"image":{"@id":"https:\/\/www.bellunopress.it\/2026\/05\/22\/giornata-mondiale-delle-api-domenica-a-borgo-valbelluna-lapiario-aperto\/#primaryimage"},"thumbnailUrl":"https:\/\/www.bellunopress.it\/wp-content\/uploads\/2026\/04\/Associazione-regionale-apicoltori-del-veneto.jpg","datePublished":"2026-05-22T05:57:05+00:00","breadcrumb":{"@id":"https:\/\/www.bellunopress.it\/2026\/05\/22\/giornata-mondiale-delle-api-domenica-a-borgo-valbelluna-lapiario-aperto\/#breadcrumb"},"inLanguage":"fr-FR","potentialAction":[{"@type":"ReadAction","target":["https:\/\/www.bellunopress.it\/2026\/05\/22\/giornata-mondiale-delle-api-domenica-a-borgo-valbelluna-lapiario-aperto\/"]}]},{"@type":"ImageObject","inLanguage":"fr-FR","@id":"https:\/\/www.bellunopress.it\/2026\/05\/22\/giornata-mondiale-delle-api-domenica-a-borgo-valbelluna-lapiario-aperto\/#primaryimage","url":"https:\/\/www.bellunopress.it\/wp-content\/uploads\/2026\/04\/Associazione-regionale-apicoltori-del-veneto.jpg","contentUrl":"https:\/\/www.bellunopress.it\/wp-content\/uploads\/2026\/04\/Associazione-regionale-apicoltori-del-veneto.jpg","width":900,"height":900},{"@type":"BreadcrumbList","@id":"https:\/\/www.bellunopress.it\/2026\/05\/22\/giornata-mondiale-delle-api-domenica-a-borgo-valbelluna-lapiario-aperto\/#breadcrumb","itemListElement":[{"@type":"ListItem","position":1,"name":"Home","item":"https:\/\/www.bellunopress.it\/"},{"@type":"ListItem","position":2,"name":"Giornata mondiale delle api: domenica a Borgo Valbelluna l&#8217;apiario aperto"}]},{"@type":"WebSite","@id":"https:\/\/www.bellunopress.it\/#website","url":"https:\/\/www.bellunopress.it\/","name":"Bellunopress - Dolomiti","description":"e-mail: redazione@bellunopress.it","publisher":{"@id":"https:\/\/www.bellunopress.it\/#organization"},"potentialAction":[{"@type":"SearchAction","target":{"@type":"EntryPoint","urlTemplate":"https:\/\/www.bellunopress.it\/?s={search_term_string}"},"query-input":{"@type":"PropertyValueSpecification","valueRequired":true,"valueName":"search_term_string"}}],"inLanguage":"fr-FR"},{"@type":"Organization","@id":"https:\/\/www.bellunopress.it\/#organization","name":"Bellunopress","url":"https:\/\/www.bellunopress.it\/","logo":{"@type":"ImageObject","inLanguage":"fr-FR","@id":"https:\/\/www.bellunopress.it\/#\/schema\/logo\/image\/","url":"https:\/\/www.bellunopress.it\/wp-content\/uploads\/2011\/05\/cropped-logo-bellunopress-.jpg","contentUrl":"https:\/\/www.bellunopress.it\/wp-content\/uploads\/2011\/05\/cropped-logo-bellunopress-.jpg","width":512,"height":512,"caption":"Bellunopress"},"image":{"@id":"https:\/\/www.bellunopress.it\/#\/schema\/logo\/image\/"},"sameAs":["https:\/\/www.facebook.com\/profile.php?id=100008943462799","https:\/\/x.com\/bellunopress","https:\/\/www.linkedin.com\/hp\/?dnr=JBzUWaJfMUw8vbXJJ2tVW5-I3jZKvC4wsoxE&amp;amp;amp;amp;amp;amp;trk=nav_responsive_tab_home","https:\/\/www.youtube.com\/channel\/UCxL0wu1uN0_3_7hGG0306cw"]},{"@type":"Person","@id":"https:\/\/www.bellunopress.it\/#\/schema\/person\/79bb06722b37ece1c03d3e94beb30d73","name":"r\u00e9daction","image":{"@type":"ImageObject","inLanguage":"fr-FR","@id":"https:\/\/secure.gravatar.com\/avatar\/37d968a2e67a6fd04c169c4bdef102d0bc5d31b2546345219e348575eb80e9a0?s=96&d=mm&r=g","url":"https:\/\/secure.gravatar.com\/avatar\/37d968a2e67a6fd04c169c4bdef102d0bc5d31b2546345219e348575eb80e9a0?s=96&d=mm&r=g","contentUrl":"https:\/\/secure.gravatar.com\/avatar\/37d968a2e67a6fd04c169c4bdef102d0bc5d31b2546345219e348575eb80e9a0?s=96&d=mm&r=g","caption":"redazione"},"sameAs":["http:\/\/www.bellunopress.it","https:\/\/x.com\/bellunopress"],"url":"https:\/\/www.bellunopress.it\/fr\/author\/redazione\/"}]}},"_links":{"self":[{"href":"https:\/\/www.bellunopress.it\/fr\/wp-json\/wp\/v2\/posts\/170345","targetHints":{"allow":["GET"]}}],"collection":[{"href":"https:\/\/www.bellunopress.it\/fr\/wp-json\/wp\/v2\/posts"}],"about":[{"href":"https:\/\/www.bellunopress.it\/fr\/wp-json\/wp\/v2\/types\/post"}],"author":[{"embeddable":true,"href":"https:\/\/www.bellunopress.it\/fr\/wp-json\/wp\/v2\/users\/2"}],"replies":[{"embeddable":true,"href":"https:\/\/www.bellunopress.it\/fr\/wp-json\/wp\/v2\/comments?post=170345"}],"version-history":[{"count":1,"href":"https:\/\/www.bellunopress.it\/fr\/wp-json\/wp\/v2\/posts\/170345\/revisions"}],"predecessor-version":[{"id":170346,"href":"https:\/\/www.bellunopress.it\/fr\/wp-json\/wp\/v2\/posts\/170345\/revisions\/170346"}],"wp:featuredmedia":[{"embeddable":true,"href":"https:\/\/www.bellunopress.it\/fr\/wp-json\/wp\/v2\/media\/169315"}],"wp:attachment":[{"href":"https:\/\/www.bellunopress.it\/fr\/wp-json\/wp\/v2\/media?parent=170345"}],"wp:term":[{"taxonomy":"category","embeddable":true,"href":"https:\/\/www.bellunopress.it\/fr\/wp-json\/wp\/v2\/categories?post=170345"},{"taxonomy":"post_tag","embeddable":true,"href":"https:\/\/www.bellunopress.it\/fr\/wp-json\/wp\/v2\/tags?post=170345"}],"curies":[{"name":"wp","href":"https:\/\/api.w.org\/{rel}","templated":true}]}}