{"id":170343,"date":"2026-05-22T07:46:50","date_gmt":"2026-05-22T05:46:50","guid":{"rendered":"https:\/\/www.bellunopress.it\/?p=170343"},"modified":"2026-05-22T07:46:50","modified_gmt":"2026-05-22T05:46:50","slug":"blitz-su-cabinovia-socrepes-eurodeputata-cristina-guarda-i-grandi-eventi-non-siano-zone-franche-per-passare-sopra-alle-leggi","status":"publish","type":"post","link":"https:\/\/www.bellunopress.it\/fr\/2026\/05\/22\/blitz-su-cabinovia-socrepes-eurodeputata-cristina-guarda-i-grandi-eventi-non-siano-zone-franche-per-passare-sopra-alle-leggi\/","title":{"rendered":"Blitz su cabinovia Socrepes. Eurodeputata Cristina Guarda: &#8220;I grandi eventi non siano zone franche per passare sopra alle leggi&#8221;"},"content":{"rendered":"<p>\u00abLe perquisizioni a tappeto scattate oggi a Roma, Milano, Brescia, Napoli e Cortina nell\u2019ambito dell\u2019inchiesta sulla cabinovia Apollonio-Socrepes squarciano il velo di ipocrisia su un\u2019opera che non doveva nemmeno essere aperta. La Procura di Belluno ipotizza un accordo collusivo e condotte fraudolente per favorire una ditta ben consapevole che l&#8217;impianto non sarebbe mai entrato in funzione per le Olimpiadi. Siamo di fronte all&#8217;ipotesi che la fretta olimpica sia stata solo il paravento per spartizioni opache e violazioni sistematiche\u00bb.<\/p>\n<p>Lo dichiara in una nota l&#8217;europarlamentare di Alleanza Verdi e Sinistra, Cristina Guarda, commentando il blitz della Squadra mobile e dello SCO della Polizia di Stato negli uffici di SIMICO e GRAFFER.<\/p>\n<p>\u00abDa oltre un anno, insieme a Cortina Bene Comune e ai comitati, urliamo l&#8217;irresponsabilit\u00e0 di questo cantiere. Prima abbiamo denunciato i pareri critici e i divieti dell\u2019Autorit\u00e0 di bacino e della Soprintendenza sul rischio della frana attiva di Mortisa; poi l&#8217;assurdit\u00e0 di ruspe inviate a scavare senza un progetto esecutivo n\u00e9 l\u2019autorizzazione per l&#8217;immunit\u00e0 di frana. La Regione Veneto e la stazione appaltante hanno agito con una superficialit\u00e0 disarmante, sacrificando la sicurezza idrogeologica e l\u2019incolumit\u00e0 dei cittadini per correre dietro a scadenze impossibili. Oggi scopriamo dalla magistratura che dietro quella fretta forzata c\u2019era, secondo l&#8217;ipotesi investigativa, il reato di turbata libert\u00e0 degli incanti. \u00c8 l&#8217;ennesima dimostrazione che i grandi eventi non possono e non devono diventare zone franche con cui passare sopra alle leggi, alle procedure di trasparenza e alle norme a tutela dei cittadini\u00bb.<\/p>\n<p>\u00abMentre il territorio montano viene ferito e le case dei residenti rischiano danni per il dissesto del terreno calato gi\u00e0 di metri, c&#8217;era chi faceva accordi sottobanco per lucrare sui Giochi di Milano-Cortina. Chiediamo che si faccia immediata e totale chiarezza. Chi ha permesso che i cantieri procedessero calpestando norme di sicurezza, trasparenza e i pareri vincolanti degli organi di tutela ambientale deve risponderne davanti ai cittadini. La magistratura vada fino in fondo: l\u2019interesse economico di pochi non pu\u00f2 valere pi\u00f9 della legalit\u00e0 e della tutela del nostro patrimonio naturale e della sicurezza pubblica\u00bb, conclude l&#8217;eurodeputata di AVS.<\/p>","protected":false},"excerpt":{"rendered":"<p>\u00abLe perquisizioni a tappeto scattate oggi a Roma, Milano, Brescia, Napoli e Cortina nell\u2019ambito dell\u2019inchiesta sulla cabinovia Apollonio-Socrepes squarciano il velo di ipocrisia su un\u2019opera che non doveva nemmeno essere aperta. La Procura di Belluno ipotizza un accordo collusivo e condotte fraudolente per favorire una ditta ben consapevole che l&#8217;impianto non sarebbe mai entrato in [&hellip;]<\/p>\n","protected":false},"author":2,"featured_media":149752,"comment_status":"closed","ping_status":"open","sticky":false,"template":"","format":"standard","meta":{"footnotes":""},"categories":[5,26],"tags":[],"class_list":["post-170343","post","type-post","status-publish","format-standard","has-post-thumbnail","category-cronaca","category-prima-pagina"],"yoast_head":"<!-- This site is optimized with the Yoast SEO plugin v28.4 - https:\/\/yoast.com\/product\/yoast-seo-wordpress\/ -->\n<title>Blitz su cabinovia Socrepes. Eurodeputata Cristina Guarda: &quot;I grandi eventi non siano zone franche per passare sopra alle leggi&quot; - Bellunopress - Dolomiti<\/title>\n<meta name=\"robots\" content=\"index, follow, max-snippet:-1, max-image-preview:large, max-video-preview:-1\" \/>\n<link rel=\"canonical\" href=\"https:\/\/www.bellunopress.it\/fr\/2026\/05\/22\/blitz-su-cabinovia-socrepes-eurodeputata-cristina-guarda-i-grandi-eventi-non-siano-zone-franche-per-passare-sopra-alle-leggi\/\" \/>\n<meta property=\"og:locale\" content=\"fr_FR\" \/>\n<meta property=\"og:type\" content=\"article\" \/>\n<meta property=\"og:title\" content=\"Blitz su cabinovia Socrepes. Eurodeputata Cristina Guarda: &quot;I grandi eventi non siano zone franche per passare sopra alle leggi&quot; - Bellunopress - Dolomiti\" \/>\n<meta property=\"og:description\" content=\"\u00abLe perquisizioni a tappeto scattate oggi a Roma, Milano, Brescia, Napoli e Cortina nell\u2019ambito dell\u2019inchiesta sulla cabinovia Apollonio-Socrepes squarciano il velo di ipocrisia su un\u2019opera che non doveva nemmeno essere aperta. La Procura di Belluno ipotizza un accordo collusivo e condotte fraudolente per favorire una ditta ben consapevole che l&#8217;impianto non sarebbe mai entrato in [&hellip;]\" \/>\n<meta property=\"og:url\" content=\"https:\/\/www.bellunopress.it\/fr\/2026\/05\/22\/blitz-su-cabinovia-socrepes-eurodeputata-cristina-guarda-i-grandi-eventi-non-siano-zone-franche-per-passare-sopra-alle-leggi\/\" \/>\n<meta property=\"og:site_name\" content=\"Bellunopress - Dolomiti\" \/>\n<meta property=\"article:publisher\" content=\"https:\/\/www.facebook.com\/profile.php?id=100008943462799\" \/>\n<meta property=\"article:published_time\" content=\"2026-05-22T05:46:50+00:00\" \/>\n<meta property=\"og:image\" content=\"https:\/\/www.bellunopress.it\/wp-content\/uploads\/2024\/04\/Cristina-Guarda_edited.jpg\" \/>\n\t<meta property=\"og:image:width\" content=\"699\" \/>\n\t<meta property=\"og:image:height\" content=\"937\" \/>\n\t<meta property=\"og:image:type\" content=\"image\/jpeg\" \/>\n<meta name=\"author\" content=\"redazione\" \/>\n<meta name=\"twitter:card\" content=\"summary_large_image\" \/>\n<meta name=\"twitter:creator\" content=\"@bellunopress\" \/>\n<meta name=\"twitter:site\" content=\"@bellunopress\" \/>\n<meta name=\"twitter:label1\" content=\"Written by\" \/>\n\t<meta name=\"twitter:data1\" content=\"redazione\" \/>\n\t<meta name=\"twitter:label2\" content=\"Est. reading time\" \/>\n\t<meta name=\"twitter:data2\" content=\"3 minutes\" \/>\n<script type=\"application\/ld+json\" class=\"yoast-schema-graph\">{\"@context\":\"https:\\\/\\\/schema.org\",\"@graph\":[{\"@type\":\"Article\",\"@id\":\"https:\\\/\\\/www.bellunopress.it\\\/2026\\\/05\\\/22\\\/blitz-su-cabinovia-socrepes-eurodeputata-cristina-guarda-i-grandi-eventi-non-siano-zone-franche-per-passare-sopra-alle-leggi\\\/#article\",\"isPartOf\":{\"@id\":\"https:\\\/\\\/www.bellunopress.it\\\/2026\\\/05\\\/22\\\/blitz-su-cabinovia-socrepes-eurodeputata-cristina-guarda-i-grandi-eventi-non-siano-zone-franche-per-passare-sopra-alle-leggi\\\/\"},\"author\":{\"name\":\"redazione\",\"@id\":\"https:\\\/\\\/www.bellunopress.it\\\/#\\\/schema\\\/person\\\/79bb06722b37ece1c03d3e94beb30d73\"},\"headline\":\"Blitz su cabinovia Socrepes. Eurodeputata Cristina Guarda: &#8220;I grandi eventi non siano zone franche per passare sopra alle leggi&#8221;\",\"datePublished\":\"2026-05-22T05:46:50+00:00\",\"mainEntityOfPage\":{\"@id\":\"https:\\\/\\\/www.bellunopress.it\\\/2026\\\/05\\\/22\\\/blitz-su-cabinovia-socrepes-eurodeputata-cristina-guarda-i-grandi-eventi-non-siano-zone-franche-per-passare-sopra-alle-leggi\\\/\"},\"wordCount\":379,\"publisher\":{\"@id\":\"https:\\\/\\\/www.bellunopress.it\\\/#organization\"},\"image\":{\"@id\":\"https:\\\/\\\/www.bellunopress.it\\\/2026\\\/05\\\/22\\\/blitz-su-cabinovia-socrepes-eurodeputata-cristina-guarda-i-grandi-eventi-non-siano-zone-franche-per-passare-sopra-alle-leggi\\\/#primaryimage\"},\"thumbnailUrl\":\"https:\\\/\\\/www.bellunopress.it\\\/wp-content\\\/uploads\\\/2024\\\/04\\\/Cristina-Guarda_edited.jpg\",\"articleSection\":[\"Cronaca\\\/Politica\",\"Prima Pagina\"],\"inLanguage\":\"fr-FR\"},{\"@type\":\"WebPage\",\"@id\":\"https:\\\/\\\/www.bellunopress.it\\\/2026\\\/05\\\/22\\\/blitz-su-cabinovia-socrepes-eurodeputata-cristina-guarda-i-grandi-eventi-non-siano-zone-franche-per-passare-sopra-alle-leggi\\\/\",\"url\":\"https:\\\/\\\/www.bellunopress.it\\\/2026\\\/05\\\/22\\\/blitz-su-cabinovia-socrepes-eurodeputata-cristina-guarda-i-grandi-eventi-non-siano-zone-franche-per-passare-sopra-alle-leggi\\\/\",\"name\":\"Blitz su cabinovia Socrepes. Eurodeputata Cristina Guarda: \\\"I grandi eventi non siano zone franche per passare sopra alle leggi\\\" - Bellunopress - Dolomiti\",\"isPartOf\":{\"@id\":\"https:\\\/\\\/www.bellunopress.it\\\/#website\"},\"primaryImageOfPage\":{\"@id\":\"https:\\\/\\\/www.bellunopress.it\\\/2026\\\/05\\\/22\\\/blitz-su-cabinovia-socrepes-eurodeputata-cristina-guarda-i-grandi-eventi-non-siano-zone-franche-per-passare-sopra-alle-leggi\\\/#primaryimage\"},\"image\":{\"@id\":\"https:\\\/\\\/www.bellunopress.it\\\/2026\\\/05\\\/22\\\/blitz-su-cabinovia-socrepes-eurodeputata-cristina-guarda-i-grandi-eventi-non-siano-zone-franche-per-passare-sopra-alle-leggi\\\/#primaryimage\"},\"thumbnailUrl\":\"https:\\\/\\\/www.bellunopress.it\\\/wp-content\\\/uploads\\\/2024\\\/04\\\/Cristina-Guarda_edited.jpg\",\"datePublished\":\"2026-05-22T05:46:50+00:00\",\"breadcrumb\":{\"@id\":\"https:\\\/\\\/www.bellunopress.it\\\/2026\\\/05\\\/22\\\/blitz-su-cabinovia-socrepes-eurodeputata-cristina-guarda-i-grandi-eventi-non-siano-zone-franche-per-passare-sopra-alle-leggi\\\/#breadcrumb\"},\"inLanguage\":\"fr-FR\",\"potentialAction\":[{\"@type\":\"ReadAction\",\"target\":[\"https:\\\/\\\/www.bellunopress.it\\\/2026\\\/05\\\/22\\\/blitz-su-cabinovia-socrepes-eurodeputata-cristina-guarda-i-grandi-eventi-non-siano-zone-franche-per-passare-sopra-alle-leggi\\\/\"]}]},{\"@type\":\"ImageObject\",\"inLanguage\":\"fr-FR\",\"@id\":\"https:\\\/\\\/www.bellunopress.it\\\/2026\\\/05\\\/22\\\/blitz-su-cabinovia-socrepes-eurodeputata-cristina-guarda-i-grandi-eventi-non-siano-zone-franche-per-passare-sopra-alle-leggi\\\/#primaryimage\",\"url\":\"https:\\\/\\\/www.bellunopress.it\\\/wp-content\\\/uploads\\\/2024\\\/04\\\/Cristina-Guarda_edited.jpg\",\"contentUrl\":\"https:\\\/\\\/www.bellunopress.it\\\/wp-content\\\/uploads\\\/2024\\\/04\\\/Cristina-Guarda_edited.jpg\",\"width\":699,\"height\":937,\"caption\":\"Cristina Guarda, eurodeputata\"},{\"@type\":\"BreadcrumbList\",\"@id\":\"https:\\\/\\\/www.bellunopress.it\\\/2026\\\/05\\\/22\\\/blitz-su-cabinovia-socrepes-eurodeputata-cristina-guarda-i-grandi-eventi-non-siano-zone-franche-per-passare-sopra-alle-leggi\\\/#breadcrumb\",\"itemListElement\":[{\"@type\":\"ListItem\",\"position\":1,\"name\":\"Home\",\"item\":\"https:\\\/\\\/www.bellunopress.it\\\/\"},{\"@type\":\"ListItem\",\"position\":2,\"name\":\"Blitz su cabinovia Socrepes. Eurodeputata Cristina Guarda: &#8220;I grandi eventi non siano zone franche per passare sopra alle leggi&#8221;\"}]},{\"@type\":\"WebSite\",\"@id\":\"https:\\\/\\\/www.bellunopress.it\\\/#website\",\"url\":\"https:\\\/\\\/www.bellunopress.it\\\/\",\"name\":\"Bellunopress - Dolomiti\",\"description\":\"e-mail: redazione@bellunopress.it\",\"publisher\":{\"@id\":\"https:\\\/\\\/www.bellunopress.it\\\/#organization\"},\"potentialAction\":[{\"@type\":\"SearchAction\",\"target\":{\"@type\":\"EntryPoint\",\"urlTemplate\":\"https:\\\/\\\/www.bellunopress.it\\\/?s={search_term_string}\"},\"query-input\":{\"@type\":\"PropertyValueSpecification\",\"valueRequired\":true,\"valueName\":\"search_term_string\"}}],\"inLanguage\":\"fr-FR\"},{\"@type\":\"Organization\",\"@id\":\"https:\\\/\\\/www.bellunopress.it\\\/#organization\",\"name\":\"Bellunopress\",\"url\":\"https:\\\/\\\/www.bellunopress.it\\\/\",\"logo\":{\"@type\":\"ImageObject\",\"inLanguage\":\"fr-FR\",\"@id\":\"https:\\\/\\\/www.bellunopress.it\\\/#\\\/schema\\\/logo\\\/image\\\/\",\"url\":\"https:\\\/\\\/www.bellunopress.it\\\/wp-content\\\/uploads\\\/2011\\\/05\\\/cropped-logo-bellunopress-.jpg\",\"contentUrl\":\"https:\\\/\\\/www.bellunopress.it\\\/wp-content\\\/uploads\\\/2011\\\/05\\\/cropped-logo-bellunopress-.jpg\",\"width\":512,\"height\":512,\"caption\":\"Bellunopress\"},\"image\":{\"@id\":\"https:\\\/\\\/www.bellunopress.it\\\/#\\\/schema\\\/logo\\\/image\\\/\"},\"sameAs\":[\"https:\\\/\\\/www.facebook.com\\\/profile.php?id=100008943462799\",\"https:\\\/\\\/x.com\\\/bellunopress\",\"https:\\\/\\\/www.linkedin.com\\\/hp\\\/?dnr=JBzUWaJfMUw8vbXJJ2tVW5-I3jZKvC4wsoxE&amp;amp;amp;amp;amp;amp;trk=nav_responsive_tab_home\",\"https:\\\/\\\/www.youtube.com\\\/channel\\\/UCxL0wu1uN0_3_7hGG0306cw\"]},{\"@type\":\"Person\",\"@id\":\"https:\\\/\\\/www.bellunopress.it\\\/#\\\/schema\\\/person\\\/79bb06722b37ece1c03d3e94beb30d73\",\"name\":\"redazione\",\"image\":{\"@type\":\"ImageObject\",\"inLanguage\":\"fr-FR\",\"@id\":\"https:\\\/\\\/secure.gravatar.com\\\/avatar\\\/37d968a2e67a6fd04c169c4bdef102d0bc5d31b2546345219e348575eb80e9a0?s=96&d=mm&r=g\",\"url\":\"https:\\\/\\\/secure.gravatar.com\\\/avatar\\\/37d968a2e67a6fd04c169c4bdef102d0bc5d31b2546345219e348575eb80e9a0?s=96&d=mm&r=g\",\"contentUrl\":\"https:\\\/\\\/secure.gravatar.com\\\/avatar\\\/37d968a2e67a6fd04c169c4bdef102d0bc5d31b2546345219e348575eb80e9a0?s=96&d=mm&r=g\",\"caption\":\"redazione\"},\"sameAs\":[\"http:\\\/\\\/www.bellunopress.it\",\"https:\\\/\\\/x.com\\\/bellunopress\"],\"url\":\"https:\\\/\\\/www.bellunopress.it\\\/fr\\\/author\\\/redazione\\\/\"}]}<\/script>\n<!-- \/ Yoast SEO plugin. -->","yoast_head_json":{"title":"Blitz su cabinovia Socrepes. Eurodeputata Cristina Guarda: \"I grandi eventi non siano zone franche per passare sopra alle leggi\" - Bellunopress - Dolomiti","robots":{"index":"index","follow":"follow","max-snippet":"max-snippet:-1","max-image-preview":"max-image-preview:large","max-video-preview":"max-video-preview:-1"},"canonical":"https:\/\/www.bellunopress.it\/fr\/2026\/05\/22\/blitz-su-cabinovia-socrepes-eurodeputata-cristina-guarda-i-grandi-eventi-non-siano-zone-franche-per-passare-sopra-alle-leggi\/","og_locale":"fr_FR","og_type":"article","og_title":"Blitz su cabinovia Socrepes. Eurodeputata Cristina Guarda: \"I grandi eventi non siano zone franche per passare sopra alle leggi\" - Bellunopress - Dolomiti","og_description":"\u00abLe perquisizioni a tappeto scattate oggi a Roma, Milano, Brescia, Napoli e Cortina nell\u2019ambito dell\u2019inchiesta sulla cabinovia Apollonio-Socrepes squarciano il velo di ipocrisia su un\u2019opera che non doveva nemmeno essere aperta. La Procura di Belluno ipotizza un accordo collusivo e condotte fraudolente per favorire una ditta ben consapevole che l&#8217;impianto non sarebbe mai entrato in [&hellip;]","og_url":"https:\/\/www.bellunopress.it\/fr\/2026\/05\/22\/blitz-su-cabinovia-socrepes-eurodeputata-cristina-guarda-i-grandi-eventi-non-siano-zone-franche-per-passare-sopra-alle-leggi\/","og_site_name":"Bellunopress - Dolomiti","article_publisher":"https:\/\/www.facebook.com\/profile.php?id=100008943462799","article_published_time":"2026-05-22T05:46:50+00:00","og_image":[{"width":699,"height":937,"url":"https:\/\/www.bellunopress.it\/wp-content\/uploads\/2024\/04\/Cristina-Guarda_edited.jpg","type":"image\/jpeg"}],"author":"redazione","twitter_card":"summary_large_image","twitter_creator":"@bellunopress","twitter_site":"@bellunopress","twitter_misc":{"Written by":"redazione","Est. reading time":"3 minutes"},"schema":{"@context":"https:\/\/schema.org","@graph":[{"@type":"Article","@id":"https:\/\/www.bellunopress.it\/2026\/05\/22\/blitz-su-cabinovia-socrepes-eurodeputata-cristina-guarda-i-grandi-eventi-non-siano-zone-franche-per-passare-sopra-alle-leggi\/#article","isPartOf":{"@id":"https:\/\/www.bellunopress.it\/2026\/05\/22\/blitz-su-cabinovia-socrepes-eurodeputata-cristina-guarda-i-grandi-eventi-non-siano-zone-franche-per-passare-sopra-alle-leggi\/"},"author":{"name":"redazione","@id":"https:\/\/www.bellunopress.it\/#\/schema\/person\/79bb06722b37ece1c03d3e94beb30d73"},"headline":"Blitz su cabinovia Socrepes. Eurodeputata Cristina Guarda: &#8220;I grandi eventi non siano zone franche per passare sopra alle leggi&#8221;","datePublished":"2026-05-22T05:46:50+00:00","mainEntityOfPage":{"@id":"https:\/\/www.bellunopress.it\/2026\/05\/22\/blitz-su-cabinovia-socrepes-eurodeputata-cristina-guarda-i-grandi-eventi-non-siano-zone-franche-per-passare-sopra-alle-leggi\/"},"wordCount":379,"publisher":{"@id":"https:\/\/www.bellunopress.it\/#organization"},"image":{"@id":"https:\/\/www.bellunopress.it\/2026\/05\/22\/blitz-su-cabinovia-socrepes-eurodeputata-cristina-guarda-i-grandi-eventi-non-siano-zone-franche-per-passare-sopra-alle-leggi\/#primaryimage"},"thumbnailUrl":"https:\/\/www.bellunopress.it\/wp-content\/uploads\/2024\/04\/Cristina-Guarda_edited.jpg","articleSection":["Cronaca\/Politica","Prima Pagina"],"inLanguage":"fr-FR"},{"@type":"WebPage","@id":"https:\/\/www.bellunopress.it\/2026\/05\/22\/blitz-su-cabinovia-socrepes-eurodeputata-cristina-guarda-i-grandi-eventi-non-siano-zone-franche-per-passare-sopra-alle-leggi\/","url":"https:\/\/www.bellunopress.it\/2026\/05\/22\/blitz-su-cabinovia-socrepes-eurodeputata-cristina-guarda-i-grandi-eventi-non-siano-zone-franche-per-passare-sopra-alle-leggi\/","name":"Blitz su cabinovia Socrepes. Eurodeputata Cristina Guarda: \"I grandi eventi non siano zone franche per passare sopra alle leggi\" - Bellunopress - Dolomiti","isPartOf":{"@id":"https:\/\/www.bellunopress.it\/#website"},"primaryImageOfPage":{"@id":"https:\/\/www.bellunopress.it\/2026\/05\/22\/blitz-su-cabinovia-socrepes-eurodeputata-cristina-guarda-i-grandi-eventi-non-siano-zone-franche-per-passare-sopra-alle-leggi\/#primaryimage"},"image":{"@id":"https:\/\/www.bellunopress.it\/2026\/05\/22\/blitz-su-cabinovia-socrepes-eurodeputata-cristina-guarda-i-grandi-eventi-non-siano-zone-franche-per-passare-sopra-alle-leggi\/#primaryimage"},"thumbnailUrl":"https:\/\/www.bellunopress.it\/wp-content\/uploads\/2024\/04\/Cristina-Guarda_edited.jpg","datePublished":"2026-05-22T05:46:50+00:00","breadcrumb":{"@id":"https:\/\/www.bellunopress.it\/2026\/05\/22\/blitz-su-cabinovia-socrepes-eurodeputata-cristina-guarda-i-grandi-eventi-non-siano-zone-franche-per-passare-sopra-alle-leggi\/#breadcrumb"},"inLanguage":"fr-FR","potentialAction":[{"@type":"ReadAction","target":["https:\/\/www.bellunopress.it\/2026\/05\/22\/blitz-su-cabinovia-socrepes-eurodeputata-cristina-guarda-i-grandi-eventi-non-siano-zone-franche-per-passare-sopra-alle-leggi\/"]}]},{"@type":"ImageObject","inLanguage":"fr-FR","@id":"https:\/\/www.bellunopress.it\/2026\/05\/22\/blitz-su-cabinovia-socrepes-eurodeputata-cristina-guarda-i-grandi-eventi-non-siano-zone-franche-per-passare-sopra-alle-leggi\/#primaryimage","url":"https:\/\/www.bellunopress.it\/wp-content\/uploads\/2024\/04\/Cristina-Guarda_edited.jpg","contentUrl":"https:\/\/www.bellunopress.it\/wp-content\/uploads\/2024\/04\/Cristina-Guarda_edited.jpg","width":699,"height":937,"caption":"Cristina Guarda, eurodeputata"},{"@type":"BreadcrumbList","@id":"https:\/\/www.bellunopress.it\/2026\/05\/22\/blitz-su-cabinovia-socrepes-eurodeputata-cristina-guarda-i-grandi-eventi-non-siano-zone-franche-per-passare-sopra-alle-leggi\/#breadcrumb","itemListElement":[{"@type":"ListItem","position":1,"name":"Home","item":"https:\/\/www.bellunopress.it\/"},{"@type":"ListItem","position":2,"name":"Blitz su cabinovia Socrepes. Eurodeputata Cristina Guarda: &#8220;I grandi eventi non siano zone franche per passare sopra alle leggi&#8221;"}]},{"@type":"WebSite","@id":"https:\/\/www.bellunopress.it\/#website","url":"https:\/\/www.bellunopress.it\/","name":"Bellunopress - Dolomiti","description":"e-mail: redazione@bellunopress.it","publisher":{"@id":"https:\/\/www.bellunopress.it\/#organization"},"potentialAction":[{"@type":"SearchAction","target":{"@type":"EntryPoint","urlTemplate":"https:\/\/www.bellunopress.it\/?s={search_term_string}"},"query-input":{"@type":"PropertyValueSpecification","valueRequired":true,"valueName":"search_term_string"}}],"inLanguage":"fr-FR"},{"@type":"Organization","@id":"https:\/\/www.bellunopress.it\/#organization","name":"Bellunopress","url":"https:\/\/www.bellunopress.it\/","logo":{"@type":"ImageObject","inLanguage":"fr-FR","@id":"https:\/\/www.bellunopress.it\/#\/schema\/logo\/image\/","url":"https:\/\/www.bellunopress.it\/wp-content\/uploads\/2011\/05\/cropped-logo-bellunopress-.jpg","contentUrl":"https:\/\/www.bellunopress.it\/wp-content\/uploads\/2011\/05\/cropped-logo-bellunopress-.jpg","width":512,"height":512,"caption":"Bellunopress"},"image":{"@id":"https:\/\/www.bellunopress.it\/#\/schema\/logo\/image\/"},"sameAs":["https:\/\/www.facebook.com\/profile.php?id=100008943462799","https:\/\/x.com\/bellunopress","https:\/\/www.linkedin.com\/hp\/?dnr=JBzUWaJfMUw8vbXJJ2tVW5-I3jZKvC4wsoxE&amp;amp;amp;amp;amp;amp;trk=nav_responsive_tab_home","https:\/\/www.youtube.com\/channel\/UCxL0wu1uN0_3_7hGG0306cw"]},{"@type":"Person","@id":"https:\/\/www.bellunopress.it\/#\/schema\/person\/79bb06722b37ece1c03d3e94beb30d73","name":"r\u00e9daction","image":{"@type":"ImageObject","inLanguage":"fr-FR","@id":"https:\/\/secure.gravatar.com\/avatar\/37d968a2e67a6fd04c169c4bdef102d0bc5d31b2546345219e348575eb80e9a0?s=96&d=mm&r=g","url":"https:\/\/secure.gravatar.com\/avatar\/37d968a2e67a6fd04c169c4bdef102d0bc5d31b2546345219e348575eb80e9a0?s=96&d=mm&r=g","contentUrl":"https:\/\/secure.gravatar.com\/avatar\/37d968a2e67a6fd04c169c4bdef102d0bc5d31b2546345219e348575eb80e9a0?s=96&d=mm&r=g","caption":"redazione"},"sameAs":["http:\/\/www.bellunopress.it","https:\/\/x.com\/bellunopress"],"url":"https:\/\/www.bellunopress.it\/fr\/author\/redazione\/"}]}},"_links":{"self":[{"href":"https:\/\/www.bellunopress.it\/fr\/wp-json\/wp\/v2\/posts\/170343","targetHints":{"allow":["GET"]}}],"collection":[{"href":"https:\/\/www.bellunopress.it\/fr\/wp-json\/wp\/v2\/posts"}],"about":[{"href":"https:\/\/www.bellunopress.it\/fr\/wp-json\/wp\/v2\/types\/post"}],"author":[{"embeddable":true,"href":"https:\/\/www.bellunopress.it\/fr\/wp-json\/wp\/v2\/users\/2"}],"replies":[{"embeddable":true,"href":"https:\/\/www.bellunopress.it\/fr\/wp-json\/wp\/v2\/comments?post=170343"}],"version-history":[{"count":1,"href":"https:\/\/www.bellunopress.it\/fr\/wp-json\/wp\/v2\/posts\/170343\/revisions"}],"predecessor-version":[{"id":170344,"href":"https:\/\/www.bellunopress.it\/fr\/wp-json\/wp\/v2\/posts\/170343\/revisions\/170344"}],"wp:featuredmedia":[{"embeddable":true,"href":"https:\/\/www.bellunopress.it\/fr\/wp-json\/wp\/v2\/media\/149752"}],"wp:attachment":[{"href":"https:\/\/www.bellunopress.it\/fr\/wp-json\/wp\/v2\/media?parent=170343"}],"wp:term":[{"taxonomy":"category","embeddable":true,"href":"https:\/\/www.bellunopress.it\/fr\/wp-json\/wp\/v2\/categories?post=170343"},{"taxonomy":"post_tag","embeddable":true,"href":"https:\/\/www.bellunopress.it\/fr\/wp-json\/wp\/v2\/tags?post=170343"}],"curies":[{"name":"wp","href":"https:\/\/api.w.org\/{rel}","templated":true}]}}