{"id":170340,"date":"2026-05-22T07:00:43","date_gmt":"2026-05-22T05:00:43","guid":{"rendered":"https:\/\/www.bellunopress.it\/?p=170340"},"modified":"2026-05-22T07:00:43","modified_gmt":"2026-05-22T05:00:43","slug":"alla-scoperta-dellarmenia-attraverso-il-vino-un-viaggio-tra-storia-cultura-e-radici-antichissime-a-palazzo-crepadona","status":"publish","type":"post","link":"https:\/\/www.bellunopress.it\/fr\/2026\/05\/22\/alla-scoperta-dellarmenia-attraverso-il-vino-un-viaggio-tra-storia-cultura-e-radici-antichissime-a-palazzo-crepadona\/","title":{"rendered":"Alla scoperta dell\u2019Armenia attraverso il vino: un viaggio tra storia, cultura e radici antichissime a Palazzo Crepadona"},"content":{"rendered":"<p data-path-to-node=\"3\">Belluno si prepara a ospitare un appuntamento culturale di grande fascino, un viaggio ideale che unisce la passione per l\u2019enologia alla riscoperta di una delle civilt\u00e0 pi\u00f9 antiche del mondo.<\/p>\n<p data-path-to-node=\"3\">Questa sera, venerd\u00ec 22 maggio 2026, alle ore 18:30, la suggestiva Sala Corte di Palazzo Crepadona aprir\u00e0 le sue porte per la presentazione del libro &#8220;Vini Armeni&#8221;, scritto a quattro mani da Manuela Da Cort\u00e0 e Enrico Dal Bianco ed edito da Kellermann.<\/p>\n<p data-path-to-node=\"4\">L\u2019evento, inserito nel prestigioso cartellone di <i data-path-to-node=\"4\" data-index-in-node=\"49\">RetEventi Cultura 2026<\/i>, gode del patrocinio della Regione del Veneto, della Provincia di Belluno e del Comune di Belluno.<\/p>\n<h3 data-path-to-node=\"5\">Un legame millenario tra terra e vite<\/h3>\n<p data-path-to-node=\"6\">Il titolo dell\u2019incontro parla chiaro: <i data-path-to-node=\"6\" data-index-in-node=\"38\">&#8220;In Armenia attraverso i vini, dove la cultura vitivinicola ha radici antichissime&#8221;<\/i>. Non si tratter\u00e0 infatti di una semplice presentazione tecnica, ma di un\u2019immersione profonda in una terra dove la viticoltura non \u00e8 solo economia, ma identit\u00e0, storia e leggenda (basti pensare al biblico approdo dell&#8217;Arca di No\u00e8 sul monte Ararat e alla successiva piantagione della prima vigna).<\/p>\n<h3 data-path-to-node=\"7\">Gli ospiti e il programma della serata<\/h3>\n<p data-path-to-node=\"8\">La serata si aprir\u00e0 con i saluti istituzionali di Raffaele Addamiano, assessore alla Cultura del Comune di Belluno, a testimonianza del valore culturale che l&#8217;amministrazione riconosce all&#8217;iniziativa.<\/p>\n<p data-path-to-node=\"9\">Il cuore dell&#8217;incontro vedr\u00e0 il dialogo con gli autori, arricchito da due interventi d&#8217;eccezione:<\/p>\n<ul data-path-to-node=\"10\">\n<li>\n<p data-path-to-node=\"10,0,0\">Antonia Arslan: scrittrice e saggista italiana di origine armena, da sempre voce autorevole e appassionata della cultura e della memoria del suo popolo.<\/p>\n<\/li>\n<li>\n<p data-path-to-node=\"10,1,0\">Tito De Luca: il cui contributo aiuter\u00e0 a svelare le sfumature di questo straordinario viaggio geopolitico ed enologico.<\/p>\n<\/li>\n<\/ul>\n<p data-path-to-node=\"11\">A guidare il pubblico e a moderare l&#8217;incontro ci sar\u00e0 la giornalista Cristina Pierotti.<\/p>\n<h6 data-path-to-node=\"13\">\u00a0Un&#8217;occasione imperdibile per gli amanti del vino, della storia e delle culture millenarie.<\/h6>","protected":false},"excerpt":{"rendered":"<p>Belluno si prepara a ospitare un appuntamento culturale di grande fascino, un viaggio ideale che unisce la passione per l\u2019enologia alla riscoperta di una delle civilt\u00e0 pi\u00f9 antiche del mondo. Questa sera, venerd\u00ec 22 maggio 2026, alle ore 18:30, la suggestiva Sala Corte di Palazzo Crepadona aprir\u00e0 le sue porte per la presentazione del libro [&hellip;]<\/p>\n","protected":false},"author":2,"featured_media":170341,"comment_status":"closed","ping_status":"open","sticky":false,"template":"","format":"standard","meta":{"footnotes":""},"categories":[3393,25],"tags":[],"class_list":["post-170340","post","type-post","status-publish","format-standard","has-post-thumbnail","category-eventi-enogastronomici","category-pausa-caffe"],"yoast_head":"<!-- This site is optimized with the Yoast SEO plugin v28.4 - https:\/\/yoast.com\/product\/yoast-seo-wordpress\/ -->\n<title>Alla scoperta dell\u2019Armenia attraverso il vino: un viaggio tra storia, cultura e radici antichissime a Palazzo Crepadona - Bellunopress - Dolomiti<\/title>\n<meta name=\"robots\" content=\"index, follow, max-snippet:-1, max-image-preview:large, max-video-preview:-1\" \/>\n<link rel=\"canonical\" href=\"https:\/\/www.bellunopress.it\/fr\/2026\/05\/22\/alla-scoperta-dellarmenia-attraverso-il-vino-un-viaggio-tra-storia-cultura-e-radici-antichissime-a-palazzo-crepadona\/\" \/>\n<meta property=\"og:locale\" content=\"fr_FR\" \/>\n<meta property=\"og:type\" content=\"article\" \/>\n<meta property=\"og:title\" content=\"Alla scoperta dell\u2019Armenia attraverso il vino: un viaggio tra storia, cultura e radici antichissime a Palazzo Crepadona - Bellunopress - Dolomiti\" \/>\n<meta property=\"og:description\" content=\"Belluno si prepara a ospitare un appuntamento culturale di grande fascino, un viaggio ideale che unisce la passione per l\u2019enologia alla riscoperta di una delle civilt\u00e0 pi\u00f9 antiche del mondo. Questa sera, venerd\u00ec 22 maggio 2026, alle ore 18:30, la suggestiva Sala Corte di Palazzo Crepadona aprir\u00e0 le sue porte per la presentazione del libro [&hellip;]\" \/>\n<meta property=\"og:url\" content=\"https:\/\/www.bellunopress.it\/fr\/2026\/05\/22\/alla-scoperta-dellarmenia-attraverso-il-vino-un-viaggio-tra-storia-cultura-e-radici-antichissime-a-palazzo-crepadona\/\" \/>\n<meta property=\"og:site_name\" content=\"Bellunopress - Dolomiti\" \/>\n<meta property=\"article:publisher\" content=\"https:\/\/www.facebook.com\/profile.php?id=100008943462799\" \/>\n<meta property=\"article:published_time\" content=\"2026-05-22T05:00:43+00:00\" \/>\n<meta property=\"og:image\" content=\"https:\/\/www.bellunopress.it\/wp-content\/uploads\/2026\/05\/vini-armeni-Crepadona.jpg\" \/>\n\t<meta property=\"og:image:width\" content=\"388\" \/>\n\t<meta property=\"og:image:height\" content=\"500\" \/>\n\t<meta property=\"og:image:type\" content=\"image\/jpeg\" \/>\n<meta name=\"author\" content=\"redazione\" \/>\n<meta name=\"twitter:card\" content=\"summary_large_image\" \/>\n<meta name=\"twitter:creator\" content=\"@bellunopress\" \/>\n<meta name=\"twitter:site\" content=\"@bellunopress\" \/>\n<meta name=\"twitter:label1\" content=\"Written by\" \/>\n\t<meta name=\"twitter:data1\" content=\"redazione\" \/>\n\t<meta name=\"twitter:label2\" content=\"Est. reading time\" \/>\n\t<meta name=\"twitter:data2\" content=\"2 minutes\" \/>\n<script type=\"application\/ld+json\" class=\"yoast-schema-graph\">{\"@context\":\"https:\\\/\\\/schema.org\",\"@graph\":[{\"@type\":\"Article\",\"@id\":\"https:\\\/\\\/www.bellunopress.it\\\/2026\\\/05\\\/22\\\/alla-scoperta-dellarmenia-attraverso-il-vino-un-viaggio-tra-storia-cultura-e-radici-antichissime-a-palazzo-crepadona\\\/#article\",\"isPartOf\":{\"@id\":\"https:\\\/\\\/www.bellunopress.it\\\/2026\\\/05\\\/22\\\/alla-scoperta-dellarmenia-attraverso-il-vino-un-viaggio-tra-storia-cultura-e-radici-antichissime-a-palazzo-crepadona\\\/\"},\"author\":{\"name\":\"redazione\",\"@id\":\"https:\\\/\\\/www.bellunopress.it\\\/#\\\/schema\\\/person\\\/79bb06722b37ece1c03d3e94beb30d73\"},\"headline\":\"Alla scoperta dell\u2019Armenia attraverso il vino: un viaggio tra storia, cultura e radici antichissime a Palazzo Crepadona\",\"datePublished\":\"2026-05-22T05:00:43+00:00\",\"mainEntityOfPage\":{\"@id\":\"https:\\\/\\\/www.bellunopress.it\\\/2026\\\/05\\\/22\\\/alla-scoperta-dellarmenia-attraverso-il-vino-un-viaggio-tra-storia-cultura-e-radici-antichissime-a-palazzo-crepadona\\\/\"},\"wordCount\":308,\"publisher\":{\"@id\":\"https:\\\/\\\/www.bellunopress.it\\\/#organization\"},\"image\":{\"@id\":\"https:\\\/\\\/www.bellunopress.it\\\/2026\\\/05\\\/22\\\/alla-scoperta-dellarmenia-attraverso-il-vino-un-viaggio-tra-storia-cultura-e-radici-antichissime-a-palazzo-crepadona\\\/#primaryimage\"},\"thumbnailUrl\":\"https:\\\/\\\/www.bellunopress.it\\\/wp-content\\\/uploads\\\/2026\\\/05\\\/vini-armeni-Crepadona.jpg\",\"articleSection\":[\"Eventi enogastronomici\",\"Pausa Caff\u00e8\"],\"inLanguage\":\"fr-FR\"},{\"@type\":\"WebPage\",\"@id\":\"https:\\\/\\\/www.bellunopress.it\\\/2026\\\/05\\\/22\\\/alla-scoperta-dellarmenia-attraverso-il-vino-un-viaggio-tra-storia-cultura-e-radici-antichissime-a-palazzo-crepadona\\\/\",\"url\":\"https:\\\/\\\/www.bellunopress.it\\\/2026\\\/05\\\/22\\\/alla-scoperta-dellarmenia-attraverso-il-vino-un-viaggio-tra-storia-cultura-e-radici-antichissime-a-palazzo-crepadona\\\/\",\"name\":\"Alla scoperta dell\u2019Armenia attraverso il vino: un viaggio tra storia, cultura e radici antichissime a Palazzo Crepadona - Bellunopress - Dolomiti\",\"isPartOf\":{\"@id\":\"https:\\\/\\\/www.bellunopress.it\\\/#website\"},\"primaryImageOfPage\":{\"@id\":\"https:\\\/\\\/www.bellunopress.it\\\/2026\\\/05\\\/22\\\/alla-scoperta-dellarmenia-attraverso-il-vino-un-viaggio-tra-storia-cultura-e-radici-antichissime-a-palazzo-crepadona\\\/#primaryimage\"},\"image\":{\"@id\":\"https:\\\/\\\/www.bellunopress.it\\\/2026\\\/05\\\/22\\\/alla-scoperta-dellarmenia-attraverso-il-vino-un-viaggio-tra-storia-cultura-e-radici-antichissime-a-palazzo-crepadona\\\/#primaryimage\"},\"thumbnailUrl\":\"https:\\\/\\\/www.bellunopress.it\\\/wp-content\\\/uploads\\\/2026\\\/05\\\/vini-armeni-Crepadona.jpg\",\"datePublished\":\"2026-05-22T05:00:43+00:00\",\"breadcrumb\":{\"@id\":\"https:\\\/\\\/www.bellunopress.it\\\/2026\\\/05\\\/22\\\/alla-scoperta-dellarmenia-attraverso-il-vino-un-viaggio-tra-storia-cultura-e-radici-antichissime-a-palazzo-crepadona\\\/#breadcrumb\"},\"inLanguage\":\"fr-FR\",\"potentialAction\":[{\"@type\":\"ReadAction\",\"target\":[\"https:\\\/\\\/www.bellunopress.it\\\/2026\\\/05\\\/22\\\/alla-scoperta-dellarmenia-attraverso-il-vino-un-viaggio-tra-storia-cultura-e-radici-antichissime-a-palazzo-crepadona\\\/\"]}]},{\"@type\":\"ImageObject\",\"inLanguage\":\"fr-FR\",\"@id\":\"https:\\\/\\\/www.bellunopress.it\\\/2026\\\/05\\\/22\\\/alla-scoperta-dellarmenia-attraverso-il-vino-un-viaggio-tra-storia-cultura-e-radici-antichissime-a-palazzo-crepadona\\\/#primaryimage\",\"url\":\"https:\\\/\\\/www.bellunopress.it\\\/wp-content\\\/uploads\\\/2026\\\/05\\\/vini-armeni-Crepadona.jpg\",\"contentUrl\":\"https:\\\/\\\/www.bellunopress.it\\\/wp-content\\\/uploads\\\/2026\\\/05\\\/vini-armeni-Crepadona.jpg\",\"width\":388,\"height\":500},{\"@type\":\"BreadcrumbList\",\"@id\":\"https:\\\/\\\/www.bellunopress.it\\\/2026\\\/05\\\/22\\\/alla-scoperta-dellarmenia-attraverso-il-vino-un-viaggio-tra-storia-cultura-e-radici-antichissime-a-palazzo-crepadona\\\/#breadcrumb\",\"itemListElement\":[{\"@type\":\"ListItem\",\"position\":1,\"name\":\"Home\",\"item\":\"https:\\\/\\\/www.bellunopress.it\\\/\"},{\"@type\":\"ListItem\",\"position\":2,\"name\":\"Alla scoperta dell\u2019Armenia attraverso il vino: un viaggio tra storia, cultura e radici antichissime a Palazzo Crepadona\"}]},{\"@type\":\"WebSite\",\"@id\":\"https:\\\/\\\/www.bellunopress.it\\\/#website\",\"url\":\"https:\\\/\\\/www.bellunopress.it\\\/\",\"name\":\"Bellunopress - Dolomiti\",\"description\":\"e-mail: redazione@bellunopress.it\",\"publisher\":{\"@id\":\"https:\\\/\\\/www.bellunopress.it\\\/#organization\"},\"potentialAction\":[{\"@type\":\"SearchAction\",\"target\":{\"@type\":\"EntryPoint\",\"urlTemplate\":\"https:\\\/\\\/www.bellunopress.it\\\/?s={search_term_string}\"},\"query-input\":{\"@type\":\"PropertyValueSpecification\",\"valueRequired\":true,\"valueName\":\"search_term_string\"}}],\"inLanguage\":\"fr-FR\"},{\"@type\":\"Organization\",\"@id\":\"https:\\\/\\\/www.bellunopress.it\\\/#organization\",\"name\":\"Bellunopress\",\"url\":\"https:\\\/\\\/www.bellunopress.it\\\/\",\"logo\":{\"@type\":\"ImageObject\",\"inLanguage\":\"fr-FR\",\"@id\":\"https:\\\/\\\/www.bellunopress.it\\\/#\\\/schema\\\/logo\\\/image\\\/\",\"url\":\"https:\\\/\\\/www.bellunopress.it\\\/wp-content\\\/uploads\\\/2011\\\/05\\\/cropped-logo-bellunopress-.jpg\",\"contentUrl\":\"https:\\\/\\\/www.bellunopress.it\\\/wp-content\\\/uploads\\\/2011\\\/05\\\/cropped-logo-bellunopress-.jpg\",\"width\":512,\"height\":512,\"caption\":\"Bellunopress\"},\"image\":{\"@id\":\"https:\\\/\\\/www.bellunopress.it\\\/#\\\/schema\\\/logo\\\/image\\\/\"},\"sameAs\":[\"https:\\\/\\\/www.facebook.com\\\/profile.php?id=100008943462799\",\"https:\\\/\\\/x.com\\\/bellunopress\",\"https:\\\/\\\/www.linkedin.com\\\/hp\\\/?dnr=JBzUWaJfMUw8vbXJJ2tVW5-I3jZKvC4wsoxE&amp;amp;amp;amp;amp;amp;trk=nav_responsive_tab_home\",\"https:\\\/\\\/www.youtube.com\\\/channel\\\/UCxL0wu1uN0_3_7hGG0306cw\"]},{\"@type\":\"Person\",\"@id\":\"https:\\\/\\\/www.bellunopress.it\\\/#\\\/schema\\\/person\\\/79bb06722b37ece1c03d3e94beb30d73\",\"name\":\"redazione\",\"image\":{\"@type\":\"ImageObject\",\"inLanguage\":\"fr-FR\",\"@id\":\"https:\\\/\\\/secure.gravatar.com\\\/avatar\\\/37d968a2e67a6fd04c169c4bdef102d0bc5d31b2546345219e348575eb80e9a0?s=96&d=mm&r=g\",\"url\":\"https:\\\/\\\/secure.gravatar.com\\\/avatar\\\/37d968a2e67a6fd04c169c4bdef102d0bc5d31b2546345219e348575eb80e9a0?s=96&d=mm&r=g\",\"contentUrl\":\"https:\\\/\\\/secure.gravatar.com\\\/avatar\\\/37d968a2e67a6fd04c169c4bdef102d0bc5d31b2546345219e348575eb80e9a0?s=96&d=mm&r=g\",\"caption\":\"redazione\"},\"sameAs\":[\"http:\\\/\\\/www.bellunopress.it\",\"https:\\\/\\\/x.com\\\/bellunopress\"],\"url\":\"https:\\\/\\\/www.bellunopress.it\\\/fr\\\/author\\\/redazione\\\/\"}]}<\/script>\n<!-- \/ Yoast SEO plugin. -->","yoast_head_json":{"title":"Alla scoperta dell\u2019Armenia attraverso il vino: un viaggio tra storia, cultura e radici antichissime a Palazzo Crepadona - Bellunopress - Dolomiti","robots":{"index":"index","follow":"follow","max-snippet":"max-snippet:-1","max-image-preview":"max-image-preview:large","max-video-preview":"max-video-preview:-1"},"canonical":"https:\/\/www.bellunopress.it\/fr\/2026\/05\/22\/alla-scoperta-dellarmenia-attraverso-il-vino-un-viaggio-tra-storia-cultura-e-radici-antichissime-a-palazzo-crepadona\/","og_locale":"fr_FR","og_type":"article","og_title":"Alla scoperta dell\u2019Armenia attraverso il vino: un viaggio tra storia, cultura e radici antichissime a Palazzo Crepadona - Bellunopress - Dolomiti","og_description":"Belluno si prepara a ospitare un appuntamento culturale di grande fascino, un viaggio ideale che unisce la passione per l\u2019enologia alla riscoperta di una delle civilt\u00e0 pi\u00f9 antiche del mondo. Questa sera, venerd\u00ec 22 maggio 2026, alle ore 18:30, la suggestiva Sala Corte di Palazzo Crepadona aprir\u00e0 le sue porte per la presentazione del libro [&hellip;]","og_url":"https:\/\/www.bellunopress.it\/fr\/2026\/05\/22\/alla-scoperta-dellarmenia-attraverso-il-vino-un-viaggio-tra-storia-cultura-e-radici-antichissime-a-palazzo-crepadona\/","og_site_name":"Bellunopress - Dolomiti","article_publisher":"https:\/\/www.facebook.com\/profile.php?id=100008943462799","article_published_time":"2026-05-22T05:00:43+00:00","og_image":[{"width":388,"height":500,"url":"https:\/\/www.bellunopress.it\/wp-content\/uploads\/2026\/05\/vini-armeni-Crepadona.jpg","type":"image\/jpeg"}],"author":"redazione","twitter_card":"summary_large_image","twitter_creator":"@bellunopress","twitter_site":"@bellunopress","twitter_misc":{"Written by":"redazione","Est. reading time":"2 minutes"},"schema":{"@context":"https:\/\/schema.org","@graph":[{"@type":"Article","@id":"https:\/\/www.bellunopress.it\/2026\/05\/22\/alla-scoperta-dellarmenia-attraverso-il-vino-un-viaggio-tra-storia-cultura-e-radici-antichissime-a-palazzo-crepadona\/#article","isPartOf":{"@id":"https:\/\/www.bellunopress.it\/2026\/05\/22\/alla-scoperta-dellarmenia-attraverso-il-vino-un-viaggio-tra-storia-cultura-e-radici-antichissime-a-palazzo-crepadona\/"},"author":{"name":"redazione","@id":"https:\/\/www.bellunopress.it\/#\/schema\/person\/79bb06722b37ece1c03d3e94beb30d73"},"headline":"Alla scoperta dell\u2019Armenia attraverso il vino: un viaggio tra storia, cultura e radici antichissime a Palazzo Crepadona","datePublished":"2026-05-22T05:00:43+00:00","mainEntityOfPage":{"@id":"https:\/\/www.bellunopress.it\/2026\/05\/22\/alla-scoperta-dellarmenia-attraverso-il-vino-un-viaggio-tra-storia-cultura-e-radici-antichissime-a-palazzo-crepadona\/"},"wordCount":308,"publisher":{"@id":"https:\/\/www.bellunopress.it\/#organization"},"image":{"@id":"https:\/\/www.bellunopress.it\/2026\/05\/22\/alla-scoperta-dellarmenia-attraverso-il-vino-un-viaggio-tra-storia-cultura-e-radici-antichissime-a-palazzo-crepadona\/#primaryimage"},"thumbnailUrl":"https:\/\/www.bellunopress.it\/wp-content\/uploads\/2026\/05\/vini-armeni-Crepadona.jpg","articleSection":["Eventi enogastronomici","Pausa Caff\u00e8"],"inLanguage":"fr-FR"},{"@type":"WebPage","@id":"https:\/\/www.bellunopress.it\/2026\/05\/22\/alla-scoperta-dellarmenia-attraverso-il-vino-un-viaggio-tra-storia-cultura-e-radici-antichissime-a-palazzo-crepadona\/","url":"https:\/\/www.bellunopress.it\/2026\/05\/22\/alla-scoperta-dellarmenia-attraverso-il-vino-un-viaggio-tra-storia-cultura-e-radici-antichissime-a-palazzo-crepadona\/","name":"Alla scoperta dell\u2019Armenia attraverso il vino: un viaggio tra storia, cultura e radici antichissime a Palazzo Crepadona - Bellunopress - Dolomiti","isPartOf":{"@id":"https:\/\/www.bellunopress.it\/#website"},"primaryImageOfPage":{"@id":"https:\/\/www.bellunopress.it\/2026\/05\/22\/alla-scoperta-dellarmenia-attraverso-il-vino-un-viaggio-tra-storia-cultura-e-radici-antichissime-a-palazzo-crepadona\/#primaryimage"},"image":{"@id":"https:\/\/www.bellunopress.it\/2026\/05\/22\/alla-scoperta-dellarmenia-attraverso-il-vino-un-viaggio-tra-storia-cultura-e-radici-antichissime-a-palazzo-crepadona\/#primaryimage"},"thumbnailUrl":"https:\/\/www.bellunopress.it\/wp-content\/uploads\/2026\/05\/vini-armeni-Crepadona.jpg","datePublished":"2026-05-22T05:00:43+00:00","breadcrumb":{"@id":"https:\/\/www.bellunopress.it\/2026\/05\/22\/alla-scoperta-dellarmenia-attraverso-il-vino-un-viaggio-tra-storia-cultura-e-radici-antichissime-a-palazzo-crepadona\/#breadcrumb"},"inLanguage":"fr-FR","potentialAction":[{"@type":"ReadAction","target":["https:\/\/www.bellunopress.it\/2026\/05\/22\/alla-scoperta-dellarmenia-attraverso-il-vino-un-viaggio-tra-storia-cultura-e-radici-antichissime-a-palazzo-crepadona\/"]}]},{"@type":"ImageObject","inLanguage":"fr-FR","@id":"https:\/\/www.bellunopress.it\/2026\/05\/22\/alla-scoperta-dellarmenia-attraverso-il-vino-un-viaggio-tra-storia-cultura-e-radici-antichissime-a-palazzo-crepadona\/#primaryimage","url":"https:\/\/www.bellunopress.it\/wp-content\/uploads\/2026\/05\/vini-armeni-Crepadona.jpg","contentUrl":"https:\/\/www.bellunopress.it\/wp-content\/uploads\/2026\/05\/vini-armeni-Crepadona.jpg","width":388,"height":500},{"@type":"BreadcrumbList","@id":"https:\/\/www.bellunopress.it\/2026\/05\/22\/alla-scoperta-dellarmenia-attraverso-il-vino-un-viaggio-tra-storia-cultura-e-radici-antichissime-a-palazzo-crepadona\/#breadcrumb","itemListElement":[{"@type":"ListItem","position":1,"name":"Home","item":"https:\/\/www.bellunopress.it\/"},{"@type":"ListItem","position":2,"name":"Alla scoperta dell\u2019Armenia attraverso il vino: un viaggio tra storia, cultura e radici antichissime a Palazzo Crepadona"}]},{"@type":"WebSite","@id":"https:\/\/www.bellunopress.it\/#website","url":"https:\/\/www.bellunopress.it\/","name":"Bellunopress - Dolomiti","description":"e-mail: redazione@bellunopress.it","publisher":{"@id":"https:\/\/www.bellunopress.it\/#organization"},"potentialAction":[{"@type":"SearchAction","target":{"@type":"EntryPoint","urlTemplate":"https:\/\/www.bellunopress.it\/?s={search_term_string}"},"query-input":{"@type":"PropertyValueSpecification","valueRequired":true,"valueName":"search_term_string"}}],"inLanguage":"fr-FR"},{"@type":"Organization","@id":"https:\/\/www.bellunopress.it\/#organization","name":"Bellunopress","url":"https:\/\/www.bellunopress.it\/","logo":{"@type":"ImageObject","inLanguage":"fr-FR","@id":"https:\/\/www.bellunopress.it\/#\/schema\/logo\/image\/","url":"https:\/\/www.bellunopress.it\/wp-content\/uploads\/2011\/05\/cropped-logo-bellunopress-.jpg","contentUrl":"https:\/\/www.bellunopress.it\/wp-content\/uploads\/2011\/05\/cropped-logo-bellunopress-.jpg","width":512,"height":512,"caption":"Bellunopress"},"image":{"@id":"https:\/\/www.bellunopress.it\/#\/schema\/logo\/image\/"},"sameAs":["https:\/\/www.facebook.com\/profile.php?id=100008943462799","https:\/\/x.com\/bellunopress","https:\/\/www.linkedin.com\/hp\/?dnr=JBzUWaJfMUw8vbXJJ2tVW5-I3jZKvC4wsoxE&amp;amp;amp;amp;amp;amp;trk=nav_responsive_tab_home","https:\/\/www.youtube.com\/channel\/UCxL0wu1uN0_3_7hGG0306cw"]},{"@type":"Person","@id":"https:\/\/www.bellunopress.it\/#\/schema\/person\/79bb06722b37ece1c03d3e94beb30d73","name":"r\u00e9daction","image":{"@type":"ImageObject","inLanguage":"fr-FR","@id":"https:\/\/secure.gravatar.com\/avatar\/37d968a2e67a6fd04c169c4bdef102d0bc5d31b2546345219e348575eb80e9a0?s=96&d=mm&r=g","url":"https:\/\/secure.gravatar.com\/avatar\/37d968a2e67a6fd04c169c4bdef102d0bc5d31b2546345219e348575eb80e9a0?s=96&d=mm&r=g","contentUrl":"https:\/\/secure.gravatar.com\/avatar\/37d968a2e67a6fd04c169c4bdef102d0bc5d31b2546345219e348575eb80e9a0?s=96&d=mm&r=g","caption":"redazione"},"sameAs":["http:\/\/www.bellunopress.it","https:\/\/x.com\/bellunopress"],"url":"https:\/\/www.bellunopress.it\/fr\/author\/redazione\/"}]}},"_links":{"self":[{"href":"https:\/\/www.bellunopress.it\/fr\/wp-json\/wp\/v2\/posts\/170340","targetHints":{"allow":["GET"]}}],"collection":[{"href":"https:\/\/www.bellunopress.it\/fr\/wp-json\/wp\/v2\/posts"}],"about":[{"href":"https:\/\/www.bellunopress.it\/fr\/wp-json\/wp\/v2\/types\/post"}],"author":[{"embeddable":true,"href":"https:\/\/www.bellunopress.it\/fr\/wp-json\/wp\/v2\/users\/2"}],"replies":[{"embeddable":true,"href":"https:\/\/www.bellunopress.it\/fr\/wp-json\/wp\/v2\/comments?post=170340"}],"version-history":[{"count":1,"href":"https:\/\/www.bellunopress.it\/fr\/wp-json\/wp\/v2\/posts\/170340\/revisions"}],"predecessor-version":[{"id":170342,"href":"https:\/\/www.bellunopress.it\/fr\/wp-json\/wp\/v2\/posts\/170340\/revisions\/170342"}],"wp:featuredmedia":[{"embeddable":true,"href":"https:\/\/www.bellunopress.it\/fr\/wp-json\/wp\/v2\/media\/170341"}],"wp:attachment":[{"href":"https:\/\/www.bellunopress.it\/fr\/wp-json\/wp\/v2\/media?parent=170340"}],"wp:term":[{"taxonomy":"category","embeddable":true,"href":"https:\/\/www.bellunopress.it\/fr\/wp-json\/wp\/v2\/categories?post=170340"},{"taxonomy":"post_tag","embeddable":true,"href":"https:\/\/www.bellunopress.it\/fr\/wp-json\/wp\/v2\/tags?post=170340"}],"curies":[{"name":"wp","href":"https:\/\/api.w.org\/{rel}","templated":true}]}}