{"id":170338,"date":"2026-05-22T06:15:29","date_gmt":"2026-05-22T04:15:29","guid":{"rendered":"https:\/\/www.bellunopress.it\/?p=170338"},"modified":"2026-05-22T06:15:29","modified_gmt":"2026-05-22T04:15:29","slug":"sportiva-lavaredo-ultra-trail-20mila-persone-da-tutto-il-mondo-per-correre-tra-le-dolomiti","status":"publish","type":"post","link":"https:\/\/www.bellunopress.it\/fr\/2026\/05\/22\/sportiva-lavaredo-ultra-trail-20mila-persone-da-tutto-il-mondo-per-correre-tra-le-dolomiti\/","title":{"rendered":"Sportiva Lavaredo Ultra Trail: 20mila persone da tutto il  mondo per correre tra le Dolomiti"},"content":{"rendered":"<p>La gara sulle montagne patrimonio UNESCO si conferma una delle pi\u00f9 desiderate:6.000 atleti al via nel 2026, cresce ancora la partecipazione femminile24 \u2013 28 giugno 2026 Cortina d\u2019Ampezzo \u2013 C\u2019\u00e8 chi prova a entrare a Wimbledon. Chi sogna la maratona di New York. E poi c\u2019\u00e8 chipassa mesi aspettando di sapere se potr\u00e0 correre tra le Dolomiti.<\/p>\n<p>La Sportiva Lavaredo Ultra Trail by UTMB\u00aecontinua a crescere e a trasformarsi in un fenomeno globale ben oltre il mondo del trail running. Per l\u2019edizione 2026, in programma dal 24 al 28 giugno a Cortina d\u2019Ampezzo, sono stati 20mila i preiscritti alle quattro distanze principali, a fronte di 6.000 posti disponibili. Numeri che raccontano molto pi\u00f9 di una semplice gara di corsa in montagna. Raccontano un cambiamento culturale, il desiderio sempre pi\u00f9 diffuso di vivere esperienze autentiche nella natura, di rallentare rispetto ai ritmi quotidiani e, allo stesso tempo, di sfidare i propri limiti.<\/p>\n<p>La distanza pi\u00f9 richiesta \u00e8 la 50K, con ben 7.651 preiscritti per 1.800 pettorali disponibili. Impressionanti anche i numeri della 80K, che ha raccolto 4.190 richieste per 1.100 posti, mentre la Lavaredo 120K, la pi\u00f9 famosa e attesa \u2013 un viaggio notturno che attraversa le Tre Cime di Lavaredo all\u2019alba \u2013 ha registrato 4.383 preiscrizioni per 1.800 partecipanti. La 20K, infine, ha ricevuto 3.811 candidature per 800 posti. In totale saranno 6.000 gli atleti al via (compresi i partecipanti alla 10K, la distanza pi\u00f9 breve), provenienti da tutto ilmondo, in uno degli scenari naturali pi\u00f9 iconici d\u2019Europa.<\/p>\n<p>A crescere anno dopo anno \u00e8 anche la presenza femminile: oggi le donne rappresentano il 26% degli iscritti complessivi, una percentuale in continua salita anche nelle distanze pi\u00f9 lunghe e impegnative. Un dato che conferma come il trail running stia diventando sempre pi\u00f9 inclusivo e trasversale, capace di coinvolgere nuove generazioni di runner e appassionati outdoor. La Sportiva Lavaredo Ultra Trail by UTMB\u00ae non \u00e8 pi\u00f9 soltanto una competizione sportiva. \u00c8 un evento che unisce sport, viaggio, turismo esperienziale e cultura della montagna. Per cinque giorni Cortina d\u2019Ampezzo si trasforma in una capitale internazionale dell\u2019endurance: migliaia di persone invadono il centro cittadino, gli hotel registrano il tutto esaurito, le Dolomiti diventano teatro di storie personali fatte di fatica, amicizia, riscatto e scoperta. Ed \u00e8 forse proprio questo il segreto del successo della Lavaredo: non si corre soltanto per arrivare al traguardo. Si corre per vivere un\u2019esperienza che resta addosso molto pi\u00f9 a lungo dei chilometri percorsi.La 120K, gara simbolo dell\u2019evento, partir\u00e0 con le luci della sera da Corso Italia e porter\u00e0 gli atleti attraverso alcuni dei luoghi pi\u00f9 spettacolari delle Dolomiti Patrimonio UNESCO: il Lago di Misurina, il Cristallo, il Sorapis, il Passo Giau e soprattutto il passaggio all\u2019alba davanti alle Tre Cime di Lavaredo, diventato neglianni una delle immagini pi\u00f9 iconiche del trail running mondiale.<\/p>\n<p>Anche nel 2026 La Sportiva Lavaredo Ultra Trail by UTMB\u00ae far\u00e0 parte delle UTMB\u00ae World Series, il circuito internazionale pi\u00f9 importante della disciplina, unico accesso possibile alle finali mondiali di Chamonix. Ma al di l\u00e0 del prestigio sportivo, la sensazione \u00e8 che il trail running stia vivendo una trasformazioneprofonda. Sempre pi\u00f9 persone scelgono di sostituire il cronometro con l\u2019esperienza, la prestazione pura conil contatto con la natura, le grandi citt\u00e0 con le montagne. E in questo scenario, Cortina d\u2019Ampezzo e la Lavaredo sono diventate uno dei simboli mondiali di questa nuova idea di sport.<\/p>\n<p>La Sportiva Lavaredo Ultra Trail by UTMB\u00aeNata nel 2007, la Sportiva Lavaredo Ultra Trail by UTMB\u00ae rappresenta il sogno di ogni trail runner. Si svolge in uno degli scenari di maggior suggestione delle Dolomiti Patrimonio dell&#8217;Umanit\u00e0 Unesco, quello di Cortina d&#8217;Ampezzo, sede di partenza e arrivo di quattro dei cinque eventi che danno vita alla manifestazione, il pi\u00f9 importante dei quali \u00e8 la Lavaredo 120K, con i suoi 120 chilometri di sviluppo e 5.800 metri di dislivello positivo. La 80 km, invece, parte da una localit\u00e0 diversa ogni edizione, con arrivo sempre a Cortina d\u2019Ampezzo. World Series \u00e8 il circuito di trail running pi\u00f9 importante al mondo che unisce i top runner della specialit\u00e0 agli amatori nei massimi eventi internazionali che si svolgono nelle localit\u00e0 pi\u00f9 iconiche. Abbinando la passione per lamontagna alla sostenibilit\u00e0 ambientale, UTMB\u00ae World Series offre a tutti gli appassionati di trail running la possibilit\u00e0di vivere l&#8217;esperienza UTMB\u00ae in tutto il mondo, con eventi che si svolgono tra Asia, Oceania, Europa e Americhe. \u00c8 l&#8217;unico mezzo con il quale i runner possono ambire a un posto per l&#8217;UTMB\u00ae Mont-Blanc \u2013 Francia \u2013 l&#8217;evento finale diUTMB\u00ae World Series.<\/p>\n<p>&nbsp;<\/p>","protected":false},"excerpt":{"rendered":"<p>La gara sulle montagne patrimonio UNESCO si conferma una delle pi\u00f9 desiderate:6.000 atleti al via nel 2026, cresce ancora la partecipazione femminile24 \u2013 28 giugno 2026 Cortina d\u2019Ampezzo \u2013 C\u2019\u00e8 chi prova a entrare a Wimbledon. Chi sogna la maratona di New York. E poi c\u2019\u00e8 chipassa mesi aspettando di sapere se potr\u00e0 correre tra [&hellip;]<\/p>\n","protected":false},"author":2,"featured_media":125512,"comment_status":"closed","ping_status":"open","sticky":false,"template":"","format":"standard","meta":{"footnotes":""},"categories":[25,4],"tags":[],"class_list":["post-170338","post","type-post","status-publish","format-standard","has-post-thumbnail","category-pausa-caffe","category-sport"],"yoast_head":"<!-- This site is optimized with the Yoast SEO plugin v28.4 - https:\/\/yoast.com\/product\/yoast-seo-wordpress\/ -->\n<title>Sportiva Lavaredo Ultra Trail: 20mila persone da tutto il mondo per correre tra le Dolomiti - Bellunopress - Dolomiti<\/title>\n<meta name=\"robots\" content=\"index, follow, max-snippet:-1, max-image-preview:large, max-video-preview:-1\" \/>\n<link rel=\"canonical\" href=\"https:\/\/www.bellunopress.it\/fr\/2026\/05\/22\/sportiva-lavaredo-ultra-trail-20mila-persone-da-tutto-il-mondo-per-correre-tra-le-dolomiti\/\" \/>\n<meta property=\"og:locale\" content=\"fr_FR\" \/>\n<meta property=\"og:type\" content=\"article\" \/>\n<meta property=\"og:title\" content=\"Sportiva Lavaredo Ultra Trail: 20mila persone da tutto il mondo per correre tra le Dolomiti - Bellunopress - Dolomiti\" \/>\n<meta property=\"og:description\" content=\"La gara sulle montagne patrimonio UNESCO si conferma una delle pi\u00f9 desiderate:6.000 atleti al via nel 2026, cresce ancora la partecipazione femminile24 \u2013 28 giugno 2026 Cortina d\u2019Ampezzo \u2013 C\u2019\u00e8 chi prova a entrare a Wimbledon. Chi sogna la maratona di New York. E poi c\u2019\u00e8 chipassa mesi aspettando di sapere se potr\u00e0 correre tra [&hellip;]\" \/>\n<meta property=\"og:url\" content=\"https:\/\/www.bellunopress.it\/fr\/2026\/05\/22\/sportiva-lavaredo-ultra-trail-20mila-persone-da-tutto-il-mondo-per-correre-tra-le-dolomiti\/\" \/>\n<meta property=\"og:site_name\" content=\"Bellunopress - Dolomiti\" \/>\n<meta property=\"article:publisher\" content=\"https:\/\/www.facebook.com\/profile.php?id=100008943462799\" \/>\n<meta property=\"article:published_time\" content=\"2026-05-22T04:15:29+00:00\" \/>\n<meta property=\"og:image\" content=\"https:\/\/www.bellunopress.it\/wp-content\/uploads\/2021\/06\/Lavaredo-Ultra-Trail-\u00a9Canofotosport-260621045403_edited.jpg\" \/>\n\t<meta property=\"og:image:width\" content=\"800\" \/>\n\t<meta property=\"og:image:height\" content=\"533\" \/>\n\t<meta property=\"og:image:type\" content=\"image\/jpeg\" \/>\n<meta name=\"author\" content=\"redazione\" \/>\n<meta name=\"twitter:card\" content=\"summary_large_image\" \/>\n<meta name=\"twitter:creator\" content=\"@bellunopress\" \/>\n<meta name=\"twitter:site\" content=\"@bellunopress\" \/>\n<meta name=\"twitter:label1\" content=\"Written by\" \/>\n\t<meta name=\"twitter:data1\" content=\"redazione\" \/>\n\t<meta name=\"twitter:label2\" content=\"Est. reading time\" \/>\n\t<meta name=\"twitter:data2\" content=\"5 minutes\" \/>\n<script type=\"application\/ld+json\" class=\"yoast-schema-graph\">{\"@context\":\"https:\\\/\\\/schema.org\",\"@graph\":[{\"@type\":\"Article\",\"@id\":\"https:\\\/\\\/www.bellunopress.it\\\/2026\\\/05\\\/22\\\/sportiva-lavaredo-ultra-trail-20mila-persone-da-tutto-il-mondo-per-correre-tra-le-dolomiti\\\/#article\",\"isPartOf\":{\"@id\":\"https:\\\/\\\/www.bellunopress.it\\\/2026\\\/05\\\/22\\\/sportiva-lavaredo-ultra-trail-20mila-persone-da-tutto-il-mondo-per-correre-tra-le-dolomiti\\\/\"},\"author\":{\"name\":\"redazione\",\"@id\":\"https:\\\/\\\/www.bellunopress.it\\\/#\\\/schema\\\/person\\\/79bb06722b37ece1c03d3e94beb30d73\"},\"headline\":\"Sportiva Lavaredo Ultra Trail: 20mila persone da tutto il mondo per correre tra le Dolomiti\",\"datePublished\":\"2026-05-22T04:15:29+00:00\",\"mainEntityOfPage\":{\"@id\":\"https:\\\/\\\/www.bellunopress.it\\\/2026\\\/05\\\/22\\\/sportiva-lavaredo-ultra-trail-20mila-persone-da-tutto-il-mondo-per-correre-tra-le-dolomiti\\\/\"},\"wordCount\":750,\"publisher\":{\"@id\":\"https:\\\/\\\/www.bellunopress.it\\\/#organization\"},\"image\":{\"@id\":\"https:\\\/\\\/www.bellunopress.it\\\/2026\\\/05\\\/22\\\/sportiva-lavaredo-ultra-trail-20mila-persone-da-tutto-il-mondo-per-correre-tra-le-dolomiti\\\/#primaryimage\"},\"thumbnailUrl\":\"https:\\\/\\\/www.bellunopress.it\\\/wp-content\\\/uploads\\\/2021\\\/06\\\/Lavaredo-Ultra-Trail-\u00a9Canofotosport-260621045403_edited.jpg\",\"articleSection\":[\"Pausa Caff\u00e8\",\"Sport, tempo libero\"],\"inLanguage\":\"fr-FR\"},{\"@type\":\"WebPage\",\"@id\":\"https:\\\/\\\/www.bellunopress.it\\\/2026\\\/05\\\/22\\\/sportiva-lavaredo-ultra-trail-20mila-persone-da-tutto-il-mondo-per-correre-tra-le-dolomiti\\\/\",\"url\":\"https:\\\/\\\/www.bellunopress.it\\\/2026\\\/05\\\/22\\\/sportiva-lavaredo-ultra-trail-20mila-persone-da-tutto-il-mondo-per-correre-tra-le-dolomiti\\\/\",\"name\":\"Sportiva Lavaredo Ultra Trail: 20mila persone da tutto il mondo per correre tra le Dolomiti - Bellunopress - Dolomiti\",\"isPartOf\":{\"@id\":\"https:\\\/\\\/www.bellunopress.it\\\/#website\"},\"primaryImageOfPage\":{\"@id\":\"https:\\\/\\\/www.bellunopress.it\\\/2026\\\/05\\\/22\\\/sportiva-lavaredo-ultra-trail-20mila-persone-da-tutto-il-mondo-per-correre-tra-le-dolomiti\\\/#primaryimage\"},\"image\":{\"@id\":\"https:\\\/\\\/www.bellunopress.it\\\/2026\\\/05\\\/22\\\/sportiva-lavaredo-ultra-trail-20mila-persone-da-tutto-il-mondo-per-correre-tra-le-dolomiti\\\/#primaryimage\"},\"thumbnailUrl\":\"https:\\\/\\\/www.bellunopress.it\\\/wp-content\\\/uploads\\\/2021\\\/06\\\/Lavaredo-Ultra-Trail-\u00a9Canofotosport-260621045403_edited.jpg\",\"datePublished\":\"2026-05-22T04:15:29+00:00\",\"breadcrumb\":{\"@id\":\"https:\\\/\\\/www.bellunopress.it\\\/2026\\\/05\\\/22\\\/sportiva-lavaredo-ultra-trail-20mila-persone-da-tutto-il-mondo-per-correre-tra-le-dolomiti\\\/#breadcrumb\"},\"inLanguage\":\"fr-FR\",\"potentialAction\":[{\"@type\":\"ReadAction\",\"target\":[\"https:\\\/\\\/www.bellunopress.it\\\/2026\\\/05\\\/22\\\/sportiva-lavaredo-ultra-trail-20mila-persone-da-tutto-il-mondo-per-correre-tra-le-dolomiti\\\/\"]}]},{\"@type\":\"ImageObject\",\"inLanguage\":\"fr-FR\",\"@id\":\"https:\\\/\\\/www.bellunopress.it\\\/2026\\\/05\\\/22\\\/sportiva-lavaredo-ultra-trail-20mila-persone-da-tutto-il-mondo-per-correre-tra-le-dolomiti\\\/#primaryimage\",\"url\":\"https:\\\/\\\/www.bellunopress.it\\\/wp-content\\\/uploads\\\/2021\\\/06\\\/Lavaredo-Ultra-Trail-\u00a9Canofotosport-260621045403_edited.jpg\",\"contentUrl\":\"https:\\\/\\\/www.bellunopress.it\\\/wp-content\\\/uploads\\\/2021\\\/06\\\/Lavaredo-Ultra-Trail-\u00a9Canofotosport-260621045403_edited.jpg\",\"width\":800,\"height\":533},{\"@type\":\"BreadcrumbList\",\"@id\":\"https:\\\/\\\/www.bellunopress.it\\\/2026\\\/05\\\/22\\\/sportiva-lavaredo-ultra-trail-20mila-persone-da-tutto-il-mondo-per-correre-tra-le-dolomiti\\\/#breadcrumb\",\"itemListElement\":[{\"@type\":\"ListItem\",\"position\":1,\"name\":\"Home\",\"item\":\"https:\\\/\\\/www.bellunopress.it\\\/\"},{\"@type\":\"ListItem\",\"position\":2,\"name\":\"Sportiva Lavaredo Ultra Trail: 20mila persone da tutto il mondo per correre tra le Dolomiti\"}]},{\"@type\":\"WebSite\",\"@id\":\"https:\\\/\\\/www.bellunopress.it\\\/#website\",\"url\":\"https:\\\/\\\/www.bellunopress.it\\\/\",\"name\":\"Bellunopress - Dolomiti\",\"description\":\"e-mail: redazione@bellunopress.it\",\"publisher\":{\"@id\":\"https:\\\/\\\/www.bellunopress.it\\\/#organization\"},\"potentialAction\":[{\"@type\":\"SearchAction\",\"target\":{\"@type\":\"EntryPoint\",\"urlTemplate\":\"https:\\\/\\\/www.bellunopress.it\\\/?s={search_term_string}\"},\"query-input\":{\"@type\":\"PropertyValueSpecification\",\"valueRequired\":true,\"valueName\":\"search_term_string\"}}],\"inLanguage\":\"fr-FR\"},{\"@type\":\"Organization\",\"@id\":\"https:\\\/\\\/www.bellunopress.it\\\/#organization\",\"name\":\"Bellunopress\",\"url\":\"https:\\\/\\\/www.bellunopress.it\\\/\",\"logo\":{\"@type\":\"ImageObject\",\"inLanguage\":\"fr-FR\",\"@id\":\"https:\\\/\\\/www.bellunopress.it\\\/#\\\/schema\\\/logo\\\/image\\\/\",\"url\":\"https:\\\/\\\/www.bellunopress.it\\\/wp-content\\\/uploads\\\/2011\\\/05\\\/cropped-logo-bellunopress-.jpg\",\"contentUrl\":\"https:\\\/\\\/www.bellunopress.it\\\/wp-content\\\/uploads\\\/2011\\\/05\\\/cropped-logo-bellunopress-.jpg\",\"width\":512,\"height\":512,\"caption\":\"Bellunopress\"},\"image\":{\"@id\":\"https:\\\/\\\/www.bellunopress.it\\\/#\\\/schema\\\/logo\\\/image\\\/\"},\"sameAs\":[\"https:\\\/\\\/www.facebook.com\\\/profile.php?id=100008943462799\",\"https:\\\/\\\/x.com\\\/bellunopress\",\"https:\\\/\\\/www.linkedin.com\\\/hp\\\/?dnr=JBzUWaJfMUw8vbXJJ2tVW5-I3jZKvC4wsoxE&amp;amp;amp;amp;amp;amp;trk=nav_responsive_tab_home\",\"https:\\\/\\\/www.youtube.com\\\/channel\\\/UCxL0wu1uN0_3_7hGG0306cw\"]},{\"@type\":\"Person\",\"@id\":\"https:\\\/\\\/www.bellunopress.it\\\/#\\\/schema\\\/person\\\/79bb06722b37ece1c03d3e94beb30d73\",\"name\":\"redazione\",\"image\":{\"@type\":\"ImageObject\",\"inLanguage\":\"fr-FR\",\"@id\":\"https:\\\/\\\/secure.gravatar.com\\\/avatar\\\/37d968a2e67a6fd04c169c4bdef102d0bc5d31b2546345219e348575eb80e9a0?s=96&d=mm&r=g\",\"url\":\"https:\\\/\\\/secure.gravatar.com\\\/avatar\\\/37d968a2e67a6fd04c169c4bdef102d0bc5d31b2546345219e348575eb80e9a0?s=96&d=mm&r=g\",\"contentUrl\":\"https:\\\/\\\/secure.gravatar.com\\\/avatar\\\/37d968a2e67a6fd04c169c4bdef102d0bc5d31b2546345219e348575eb80e9a0?s=96&d=mm&r=g\",\"caption\":\"redazione\"},\"sameAs\":[\"http:\\\/\\\/www.bellunopress.it\",\"https:\\\/\\\/x.com\\\/bellunopress\"],\"url\":\"https:\\\/\\\/www.bellunopress.it\\\/fr\\\/author\\\/redazione\\\/\"}]}<\/script>\n<!-- \/ Yoast SEO plugin. -->","yoast_head_json":{"title":"Sportiva Lavaredo Ultra Trail: 20mila persone da tutto il mondo per correre tra le Dolomiti - Bellunopress - Dolomiti","robots":{"index":"index","follow":"follow","max-snippet":"max-snippet:-1","max-image-preview":"max-image-preview:large","max-video-preview":"max-video-preview:-1"},"canonical":"https:\/\/www.bellunopress.it\/fr\/2026\/05\/22\/sportiva-lavaredo-ultra-trail-20mila-persone-da-tutto-il-mondo-per-correre-tra-le-dolomiti\/","og_locale":"fr_FR","og_type":"article","og_title":"Sportiva Lavaredo Ultra Trail: 20mila persone da tutto il mondo per correre tra le Dolomiti - Bellunopress - Dolomiti","og_description":"La gara sulle montagne patrimonio UNESCO si conferma una delle pi\u00f9 desiderate:6.000 atleti al via nel 2026, cresce ancora la partecipazione femminile24 \u2013 28 giugno 2026 Cortina d\u2019Ampezzo \u2013 C\u2019\u00e8 chi prova a entrare a Wimbledon. Chi sogna la maratona di New York. E poi c\u2019\u00e8 chipassa mesi aspettando di sapere se potr\u00e0 correre tra [&hellip;]","og_url":"https:\/\/www.bellunopress.it\/fr\/2026\/05\/22\/sportiva-lavaredo-ultra-trail-20mila-persone-da-tutto-il-mondo-per-correre-tra-le-dolomiti\/","og_site_name":"Bellunopress - Dolomiti","article_publisher":"https:\/\/www.facebook.com\/profile.php?id=100008943462799","article_published_time":"2026-05-22T04:15:29+00:00","og_image":[{"width":800,"height":533,"url":"https:\/\/www.bellunopress.it\/wp-content\/uploads\/2021\/06\/Lavaredo-Ultra-Trail-\u00a9Canofotosport-260621045403_edited.jpg","type":"image\/jpeg"}],"author":"redazione","twitter_card":"summary_large_image","twitter_creator":"@bellunopress","twitter_site":"@bellunopress","twitter_misc":{"Written by":"redazione","Est. reading time":"5 minutes"},"schema":{"@context":"https:\/\/schema.org","@graph":[{"@type":"Article","@id":"https:\/\/www.bellunopress.it\/2026\/05\/22\/sportiva-lavaredo-ultra-trail-20mila-persone-da-tutto-il-mondo-per-correre-tra-le-dolomiti\/#article","isPartOf":{"@id":"https:\/\/www.bellunopress.it\/2026\/05\/22\/sportiva-lavaredo-ultra-trail-20mila-persone-da-tutto-il-mondo-per-correre-tra-le-dolomiti\/"},"author":{"name":"redazione","@id":"https:\/\/www.bellunopress.it\/#\/schema\/person\/79bb06722b37ece1c03d3e94beb30d73"},"headline":"Sportiva Lavaredo Ultra Trail: 20mila persone da tutto il mondo per correre tra le Dolomiti","datePublished":"2026-05-22T04:15:29+00:00","mainEntityOfPage":{"@id":"https:\/\/www.bellunopress.it\/2026\/05\/22\/sportiva-lavaredo-ultra-trail-20mila-persone-da-tutto-il-mondo-per-correre-tra-le-dolomiti\/"},"wordCount":750,"publisher":{"@id":"https:\/\/www.bellunopress.it\/#organization"},"image":{"@id":"https:\/\/www.bellunopress.it\/2026\/05\/22\/sportiva-lavaredo-ultra-trail-20mila-persone-da-tutto-il-mondo-per-correre-tra-le-dolomiti\/#primaryimage"},"thumbnailUrl":"https:\/\/www.bellunopress.it\/wp-content\/uploads\/2021\/06\/Lavaredo-Ultra-Trail-\u00a9Canofotosport-260621045403_edited.jpg","articleSection":["Pausa Caff\u00e8","Sport, tempo libero"],"inLanguage":"fr-FR"},{"@type":"WebPage","@id":"https:\/\/www.bellunopress.it\/2026\/05\/22\/sportiva-lavaredo-ultra-trail-20mila-persone-da-tutto-il-mondo-per-correre-tra-le-dolomiti\/","url":"https:\/\/www.bellunopress.it\/2026\/05\/22\/sportiva-lavaredo-ultra-trail-20mila-persone-da-tutto-il-mondo-per-correre-tra-le-dolomiti\/","name":"Sportiva Lavaredo Ultra Trail: 20mila persone da tutto il mondo per correre tra le Dolomiti - Bellunopress - Dolomiti","isPartOf":{"@id":"https:\/\/www.bellunopress.it\/#website"},"primaryImageOfPage":{"@id":"https:\/\/www.bellunopress.it\/2026\/05\/22\/sportiva-lavaredo-ultra-trail-20mila-persone-da-tutto-il-mondo-per-correre-tra-le-dolomiti\/#primaryimage"},"image":{"@id":"https:\/\/www.bellunopress.it\/2026\/05\/22\/sportiva-lavaredo-ultra-trail-20mila-persone-da-tutto-il-mondo-per-correre-tra-le-dolomiti\/#primaryimage"},"thumbnailUrl":"https:\/\/www.bellunopress.it\/wp-content\/uploads\/2021\/06\/Lavaredo-Ultra-Trail-\u00a9Canofotosport-260621045403_edited.jpg","datePublished":"2026-05-22T04:15:29+00:00","breadcrumb":{"@id":"https:\/\/www.bellunopress.it\/2026\/05\/22\/sportiva-lavaredo-ultra-trail-20mila-persone-da-tutto-il-mondo-per-correre-tra-le-dolomiti\/#breadcrumb"},"inLanguage":"fr-FR","potentialAction":[{"@type":"ReadAction","target":["https:\/\/www.bellunopress.it\/2026\/05\/22\/sportiva-lavaredo-ultra-trail-20mila-persone-da-tutto-il-mondo-per-correre-tra-le-dolomiti\/"]}]},{"@type":"ImageObject","inLanguage":"fr-FR","@id":"https:\/\/www.bellunopress.it\/2026\/05\/22\/sportiva-lavaredo-ultra-trail-20mila-persone-da-tutto-il-mondo-per-correre-tra-le-dolomiti\/#primaryimage","url":"https:\/\/www.bellunopress.it\/wp-content\/uploads\/2021\/06\/Lavaredo-Ultra-Trail-\u00a9Canofotosport-260621045403_edited.jpg","contentUrl":"https:\/\/www.bellunopress.it\/wp-content\/uploads\/2021\/06\/Lavaredo-Ultra-Trail-\u00a9Canofotosport-260621045403_edited.jpg","width":800,"height":533},{"@type":"BreadcrumbList","@id":"https:\/\/www.bellunopress.it\/2026\/05\/22\/sportiva-lavaredo-ultra-trail-20mila-persone-da-tutto-il-mondo-per-correre-tra-le-dolomiti\/#breadcrumb","itemListElement":[{"@type":"ListItem","position":1,"name":"Home","item":"https:\/\/www.bellunopress.it\/"},{"@type":"ListItem","position":2,"name":"Sportiva Lavaredo Ultra Trail: 20mila persone da tutto il mondo per correre tra le Dolomiti"}]},{"@type":"WebSite","@id":"https:\/\/www.bellunopress.it\/#website","url":"https:\/\/www.bellunopress.it\/","name":"Bellunopress - Dolomiti","description":"e-mail: redazione@bellunopress.it","publisher":{"@id":"https:\/\/www.bellunopress.it\/#organization"},"potentialAction":[{"@type":"SearchAction","target":{"@type":"EntryPoint","urlTemplate":"https:\/\/www.bellunopress.it\/?s={search_term_string}"},"query-input":{"@type":"PropertyValueSpecification","valueRequired":true,"valueName":"search_term_string"}}],"inLanguage":"fr-FR"},{"@type":"Organization","@id":"https:\/\/www.bellunopress.it\/#organization","name":"Bellunopress","url":"https:\/\/www.bellunopress.it\/","logo":{"@type":"ImageObject","inLanguage":"fr-FR","@id":"https:\/\/www.bellunopress.it\/#\/schema\/logo\/image\/","url":"https:\/\/www.bellunopress.it\/wp-content\/uploads\/2011\/05\/cropped-logo-bellunopress-.jpg","contentUrl":"https:\/\/www.bellunopress.it\/wp-content\/uploads\/2011\/05\/cropped-logo-bellunopress-.jpg","width":512,"height":512,"caption":"Bellunopress"},"image":{"@id":"https:\/\/www.bellunopress.it\/#\/schema\/logo\/image\/"},"sameAs":["https:\/\/www.facebook.com\/profile.php?id=100008943462799","https:\/\/x.com\/bellunopress","https:\/\/www.linkedin.com\/hp\/?dnr=JBzUWaJfMUw8vbXJJ2tVW5-I3jZKvC4wsoxE&amp;amp;amp;amp;amp;amp;trk=nav_responsive_tab_home","https:\/\/www.youtube.com\/channel\/UCxL0wu1uN0_3_7hGG0306cw"]},{"@type":"Person","@id":"https:\/\/www.bellunopress.it\/#\/schema\/person\/79bb06722b37ece1c03d3e94beb30d73","name":"r\u00e9daction","image":{"@type":"ImageObject","inLanguage":"fr-FR","@id":"https:\/\/secure.gravatar.com\/avatar\/37d968a2e67a6fd04c169c4bdef102d0bc5d31b2546345219e348575eb80e9a0?s=96&d=mm&r=g","url":"https:\/\/secure.gravatar.com\/avatar\/37d968a2e67a6fd04c169c4bdef102d0bc5d31b2546345219e348575eb80e9a0?s=96&d=mm&r=g","contentUrl":"https:\/\/secure.gravatar.com\/avatar\/37d968a2e67a6fd04c169c4bdef102d0bc5d31b2546345219e348575eb80e9a0?s=96&d=mm&r=g","caption":"redazione"},"sameAs":["http:\/\/www.bellunopress.it","https:\/\/x.com\/bellunopress"],"url":"https:\/\/www.bellunopress.it\/fr\/author\/redazione\/"}]}},"_links":{"self":[{"href":"https:\/\/www.bellunopress.it\/fr\/wp-json\/wp\/v2\/posts\/170338","targetHints":{"allow":["GET"]}}],"collection":[{"href":"https:\/\/www.bellunopress.it\/fr\/wp-json\/wp\/v2\/posts"}],"about":[{"href":"https:\/\/www.bellunopress.it\/fr\/wp-json\/wp\/v2\/types\/post"}],"author":[{"embeddable":true,"href":"https:\/\/www.bellunopress.it\/fr\/wp-json\/wp\/v2\/users\/2"}],"replies":[{"embeddable":true,"href":"https:\/\/www.bellunopress.it\/fr\/wp-json\/wp\/v2\/comments?post=170338"}],"version-history":[{"count":1,"href":"https:\/\/www.bellunopress.it\/fr\/wp-json\/wp\/v2\/posts\/170338\/revisions"}],"predecessor-version":[{"id":170339,"href":"https:\/\/www.bellunopress.it\/fr\/wp-json\/wp\/v2\/posts\/170338\/revisions\/170339"}],"wp:featuredmedia":[{"embeddable":true,"href":"https:\/\/www.bellunopress.it\/fr\/wp-json\/wp\/v2\/media\/125512"}],"wp:attachment":[{"href":"https:\/\/www.bellunopress.it\/fr\/wp-json\/wp\/v2\/media?parent=170338"}],"wp:term":[{"taxonomy":"category","embeddable":true,"href":"https:\/\/www.bellunopress.it\/fr\/wp-json\/wp\/v2\/categories?post=170338"},{"taxonomy":"post_tag","embeddable":true,"href":"https:\/\/www.bellunopress.it\/fr\/wp-json\/wp\/v2\/tags?post=170338"}],"curies":[{"name":"wp","href":"https:\/\/api.w.org\/{rel}","templated":true}]}}