{"id":170336,"date":"2026-05-21T16:16:32","date_gmt":"2026-05-21T14:16:32","guid":{"rendered":"https:\/\/www.bellunopress.it\/?p=170336"},"modified":"2026-05-21T16:16:32","modified_gmt":"2026-05-21T14:16:32","slug":"la-grande-sfida-dellidroelettrico-nel-2029-il-pd-lancia-la-proposta-per-rimettere-al-centro-le-comunita-alpine","status":"publish","type":"post","link":"https:\/\/www.bellunopress.it\/fr\/2026\/05\/21\/la-grande-sfida-dellidroelettrico-nel-2029-il-pd-lancia-la-proposta-per-rimettere-al-centro-le-comunita-alpine\/","title":{"rendered":"La grande sfida dell\u2019idroelettrico nel 2029: il Pd lancia la proposta per rimettere al centro le comunit\u00e0 alpine"},"content":{"rendered":"<p data-path-to-node=\"7\"><b data-path-to-node=\"7\" data-index-in-node=\"0\">Sabato a Belluno il Gruppo consiliare dem presenta un piano operativo per il rinnovo delle concessioni. Nel dibattito anche esperti e amministratori di Lombardia e Trentino.<\/b><\/p>\n<p data-path-to-node=\"8\">Belluno, 21\/05\/2026 &#8211; La scadenza del 2029 per il rinnovo delle grandi concessioni idroelettriche si preannuncia come uno dei banchi di prova economici e politici pi\u00f9 complessi e cruciali per il futuro della montagna veneta e dell&#8217;intero arco alpino.\u00a0In questo contesto di forte transizione energetica, il Gruppo consiliare regionale del Partito Democratico ha deciso di muoversi d\u2019anticipo, elaborando una proposta operativa per ridefinire il ruolo delle istituzioni locali e regionali nella gestione di una risorsa strategica.<\/p>\n<p data-path-to-node=\"8\">La proposta sar\u00e0 presentata ufficialmente al pubblico sabato 23 maggio, alle ore 17.00, nella cornice di Palazzo Crepadona a Belluno.<\/p>\n<p data-path-to-node=\"9\">L\u2019appuntamento non si limiter\u00e0 a una mera esposizione programmatica, ma intende configurarsi come un ampio momento di confronto transregionale. Ad animare il dibattito, accanto al consigliere regionale dem bellunese Alessandro Del Bianco, vicepresidente della commissione Energia, e al capogruppo regionale Pd Giovanni Manildo, ci sar\u00e0 infatti una nutrita platea di esperti e amministratori provenienti da territori limitrofi, che stanno affrontando le medesime criticit\u00e0 normative e gestionali lungo la catena alpina.<\/p>\n<h3 data-path-to-node=\"10\">L\u2019opportunit\u00e0 storica dopo un secolo di sfruttamento<\/h3>\n<p data-path-to-node=\"11\">La partita del 2029 rappresenta un punto di svolta storico per la gestione delle risorse idriche e la produzione di energia pulita. Per i promotori dell\u2019iniziativa, l\u2019obiettivo primario \u00e8 invertire una tendenza centralistica che dura da oltre cento anni, garantendo che i benefici economici e ambientali rimangano radicati nei territori d\u2019origine.<\/p>\n<figure id=\"attachment_167703\" aria-describedby=\"caption-attachment-167703\" style=\"width: 600px\" class=\"wp-caption aligncenter\"><img loading=\"lazy\" decoding=\"async\" class=\"size-full wp-image-167703\" src=\"https:\/\/www.bellunopress.it\/wp-content\/uploads\/2026\/02\/Alessandro-Del-Bianco-consigliere-regionale-Pd.jpg\" alt=\"\" width=\"600\" height=\"341\" srcset=\"https:\/\/www.bellunopress.it\/wp-content\/uploads\/2026\/02\/Alessandro-Del-Bianco-consigliere-regionale-Pd.jpg 600w, https:\/\/www.bellunopress.it\/wp-content\/uploads\/2026\/02\/Alessandro-Del-Bianco-consigliere-regionale-Pd-500x284.jpg 500w, https:\/\/www.bellunopress.it\/wp-content\/uploads\/2026\/02\/Alessandro-Del-Bianco-consigliere-regionale-Pd-150x85.jpg 150w, https:\/\/www.bellunopress.it\/wp-content\/uploads\/2026\/02\/Alessandro-Del-Bianco-consigliere-regionale-Pd-300x171.jpg 300w\" sizes=\"auto, (max-width: 600px) 100vw, 600px\" \/><figcaption id=\"caption-attachment-167703\" class=\"wp-caption-text\">Alessandro Del Bianco &#8211; Consigliere regionale<\/figcaption><\/figure>\n<h6 style=\"text-align: left;\" data-path-to-node=\"12,0\"><i data-path-to-node=\"12,1\" data-index-in-node=\"0\">Alessandro Del Bianco, vicepresidente Commissione Energia Regione Veneto:<\/i><\/h6>\n<h6 style=\"text-align: left;\" data-path-to-node=\"12,0\"><i data-path-to-node=\"12,1\" data-index-in-node=\"0\"> <\/i><span style=\"font-style: italic;\">\u00abDopo oltre un secolo abbiamo finalmente la possibilit\u00e0 di incidere davvero, mettendo al centro il territorio, le comunit\u00e0 che lo vivono e una gestione pi\u00f9 giusta delle risorse prodotte dalle nostre montagne. \u00c8 una sfida enorme, che coinvolge interessi economici fortissimi, ma che non possiamo permetterci di perdere\u00bb\u00a0<\/span><\/h6>\n<p data-path-to-node=\"13\">La complessit\u00e0 della materia risiede nel delicato equilibrio tra le normative europee sulla concorrenza, che spingono per l\u2019apertura al mercato tramite gare pubbliche, e la necessit\u00e0 politica di tutelare il patrimonio idrico e garantire ritorni tangibili alle popolazioni montane, le quali storicamente sopportano l&#8217;impatto infrastrutturale dei grandi impianti.<\/p>\n<h3 data-path-to-node=\"14\">Un tavolo di confronto transregionale con esperti e amministratori<\/h3>\n<p data-path-to-node=\"15\">Per affrontare un tema caratterizzato da \u00abinteressi economici fortissimi\u00bb, il Partito Democratico ha scelto di mettere a confronto i diversi modelli legislativi e le buone pratiche adottate nelle altre regioni d\u2019Italia. Al tavolo dei relatori sieder\u00e0 Carlo Stagnaro, direttore dell\u2019Istituto Bruno Leoni, noto think tank economico, il cui apporto tecnico offrir\u00e0 una panoramica sugli scenari di mercato e sulle implicazioni della regolazione energetica.<\/p>\n<p data-path-to-node=\"16\">Il punto di vista delle altre amministrazioni alpine sar\u00e0 invece rappresentato da Jacopo Scandella, consigliere del Pd nella Regione Lombardia, territorio leader per potenza idroelettrica installata. Accanto a lui, porteranno l&#8217;esperienza della Provincia Autonoma di Trento il capogruppo Pd Alessio Manica e la consigliera Michela Calz\u00e0, oltre ad Andrea De Bertolini, capogruppo dem nella Regione Trentino-Alto Adige. Il confronto tra il modello a statuto speciale della vicina Trento e la legislazione del Veneto sar\u00e0 uno dei nodi centrali per comprendere come le istituzioni locali possano effettivamente trattenere valore e canoni idrici a beneficio dei servizi e delle infrastrutture della montagna.<\/p>\n<p data-path-to-node=\"17\">L&#8217;incontro di sabato a Palazzo Crepadona si prospetta dunque come una tappa fondamentale non solo per il bellunese, ma per delineare la linea strategica con cui l&#8217;opposizione in Consiglio regionale intende incalzare la giunta sul dossier energia, in vista di una scadenza che ridisegner\u00e0 gli assetti industriali e territoriali dei prossimi decenni.<\/p>","protected":false},"excerpt":{"rendered":"<p>Sabato a Belluno il Gruppo consiliare dem presenta un piano operativo per il rinnovo delle concessioni. Nel dibattito anche esperti e amministratori di Lombardia e Trentino. Belluno, 21\/05\/2026 &#8211; La scadenza del 2029 per il rinnovo delle grandi concessioni idroelettriche si preannuncia come uno dei banchi di prova economici e politici pi\u00f9 complessi e cruciali [&hellip;]<\/p>\n","protected":false},"author":2,"featured_media":155410,"comment_status":"closed","ping_status":"open","sticky":false,"template":"","format":"standard","meta":{"footnotes":""},"categories":[5,26],"tags":[],"class_list":["post-170336","post","type-post","status-publish","format-standard","has-post-thumbnail","category-cronaca","category-prima-pagina"],"yoast_head":"<!-- This site is optimized with the Yoast SEO plugin v28.4 - https:\/\/yoast.com\/product\/yoast-seo-wordpress\/ -->\n<title>La grande sfida dell\u2019idroelettrico nel 2029: il Pd lancia la proposta per rimettere al centro le comunit\u00e0 alpine - Bellunopress - Dolomiti<\/title>\n<meta name=\"robots\" content=\"index, follow, max-snippet:-1, max-image-preview:large, max-video-preview:-1\" \/>\n<link rel=\"canonical\" href=\"https:\/\/www.bellunopress.it\/fr\/2026\/05\/21\/la-grande-sfida-dellidroelettrico-nel-2029-il-pd-lancia-la-proposta-per-rimettere-al-centro-le-comunita-alpine\/\" \/>\n<meta property=\"og:locale\" content=\"fr_FR\" \/>\n<meta property=\"og:type\" content=\"article\" \/>\n<meta property=\"og:title\" content=\"La grande sfida dell\u2019idroelettrico nel 2029: il Pd lancia la proposta per rimettere al centro le comunit\u00e0 alpine - Bellunopress - Dolomiti\" \/>\n<meta property=\"og:description\" content=\"Sabato a Belluno il Gruppo consiliare dem presenta un piano operativo per il rinnovo delle concessioni. Nel dibattito anche esperti e amministratori di Lombardia e Trentino. Belluno, 21\/05\/2026 &#8211; La scadenza del 2029 per il rinnovo delle grandi concessioni idroelettriche si preannuncia come uno dei banchi di prova economici e politici pi\u00f9 complessi e cruciali [&hellip;]\" \/>\n<meta property=\"og:url\" content=\"https:\/\/www.bellunopress.it\/fr\/2026\/05\/21\/la-grande-sfida-dellidroelettrico-nel-2029-il-pd-lancia-la-proposta-per-rimettere-al-centro-le-comunita-alpine\/\" \/>\n<meta property=\"og:site_name\" content=\"Bellunopress - Dolomiti\" \/>\n<meta property=\"article:publisher\" content=\"https:\/\/www.facebook.com\/profile.php?id=100008943462799\" \/>\n<meta property=\"article:published_time\" content=\"2026-05-21T14:16:32+00:00\" \/>\n<meta property=\"og:image\" content=\"https:\/\/www.bellunopress.it\/wp-content\/uploads\/2024\/10\/crepadona-biblioteca-1_edited.jpg\" \/>\n\t<meta property=\"og:image:width\" content=\"1000\" \/>\n\t<meta property=\"og:image:height\" content=\"750\" \/>\n\t<meta property=\"og:image:type\" content=\"image\/jpeg\" \/>\n<meta name=\"author\" content=\"redazione\" \/>\n<meta name=\"twitter:card\" content=\"summary_large_image\" \/>\n<meta name=\"twitter:creator\" content=\"@bellunopress\" \/>\n<meta name=\"twitter:site\" content=\"@bellunopress\" \/>\n<meta name=\"twitter:label1\" content=\"\u00c9crit par\" \/>\n\t<meta name=\"twitter:data1\" content=\"redazione\" \/>\n\t<meta name=\"twitter:label2\" content=\"Dur\u00e9e de lecture estim\u00e9e\" \/>\n\t<meta name=\"twitter:data2\" content=\"4 minutes\" \/>\n<script type=\"application\/ld+json\" class=\"yoast-schema-graph\">{\"@context\":\"https:\\\/\\\/schema.org\",\"@graph\":[{\"@type\":\"Article\",\"@id\":\"https:\\\/\\\/www.bellunopress.it\\\/2026\\\/05\\\/21\\\/la-grande-sfida-dellidroelettrico-nel-2029-il-pd-lancia-la-proposta-per-rimettere-al-centro-le-comunita-alpine\\\/#article\",\"isPartOf\":{\"@id\":\"https:\\\/\\\/www.bellunopress.it\\\/2026\\\/05\\\/21\\\/la-grande-sfida-dellidroelettrico-nel-2029-il-pd-lancia-la-proposta-per-rimettere-al-centro-le-comunita-alpine\\\/\"},\"author\":{\"name\":\"redazione\",\"@id\":\"https:\\\/\\\/www.bellunopress.it\\\/#\\\/schema\\\/person\\\/79bb06722b37ece1c03d3e94beb30d73\"},\"headline\":\"La grande sfida dell\u2019idroelettrico nel 2029: il Pd lancia la proposta per rimettere al centro le comunit\u00e0 alpine\",\"datePublished\":\"2026-05-21T14:16:32+00:00\",\"mainEntityOfPage\":{\"@id\":\"https:\\\/\\\/www.bellunopress.it\\\/2026\\\/05\\\/21\\\/la-grande-sfida-dellidroelettrico-nel-2029-il-pd-lancia-la-proposta-per-rimettere-al-centro-le-comunita-alpine\\\/\"},\"wordCount\":617,\"publisher\":{\"@id\":\"https:\\\/\\\/www.bellunopress.it\\\/#organization\"},\"image\":{\"@id\":\"https:\\\/\\\/www.bellunopress.it\\\/2026\\\/05\\\/21\\\/la-grande-sfida-dellidroelettrico-nel-2029-il-pd-lancia-la-proposta-per-rimettere-al-centro-le-comunita-alpine\\\/#primaryimage\"},\"thumbnailUrl\":\"https:\\\/\\\/www.bellunopress.it\\\/wp-content\\\/uploads\\\/2024\\\/10\\\/crepadona-biblioteca-1_edited.jpg\",\"articleSection\":[\"Cronaca\\\/Politica\",\"Prima Pagina\"],\"inLanguage\":\"fr-FR\"},{\"@type\":\"WebPage\",\"@id\":\"https:\\\/\\\/www.bellunopress.it\\\/2026\\\/05\\\/21\\\/la-grande-sfida-dellidroelettrico-nel-2029-il-pd-lancia-la-proposta-per-rimettere-al-centro-le-comunita-alpine\\\/\",\"url\":\"https:\\\/\\\/www.bellunopress.it\\\/2026\\\/05\\\/21\\\/la-grande-sfida-dellidroelettrico-nel-2029-il-pd-lancia-la-proposta-per-rimettere-al-centro-le-comunita-alpine\\\/\",\"name\":\"La grande sfida dell\u2019idroelettrico nel 2029: il Pd lancia la proposta per rimettere al centro le comunit\u00e0 alpine - Bellunopress - Dolomiti\",\"isPartOf\":{\"@id\":\"https:\\\/\\\/www.bellunopress.it\\\/#website\"},\"primaryImageOfPage\":{\"@id\":\"https:\\\/\\\/www.bellunopress.it\\\/2026\\\/05\\\/21\\\/la-grande-sfida-dellidroelettrico-nel-2029-il-pd-lancia-la-proposta-per-rimettere-al-centro-le-comunita-alpine\\\/#primaryimage\"},\"image\":{\"@id\":\"https:\\\/\\\/www.bellunopress.it\\\/2026\\\/05\\\/21\\\/la-grande-sfida-dellidroelettrico-nel-2029-il-pd-lancia-la-proposta-per-rimettere-al-centro-le-comunita-alpine\\\/#primaryimage\"},\"thumbnailUrl\":\"https:\\\/\\\/www.bellunopress.it\\\/wp-content\\\/uploads\\\/2024\\\/10\\\/crepadona-biblioteca-1_edited.jpg\",\"datePublished\":\"2026-05-21T14:16:32+00:00\",\"breadcrumb\":{\"@id\":\"https:\\\/\\\/www.bellunopress.it\\\/2026\\\/05\\\/21\\\/la-grande-sfida-dellidroelettrico-nel-2029-il-pd-lancia-la-proposta-per-rimettere-al-centro-le-comunita-alpine\\\/#breadcrumb\"},\"inLanguage\":\"fr-FR\",\"potentialAction\":[{\"@type\":\"ReadAction\",\"target\":[\"https:\\\/\\\/www.bellunopress.it\\\/2026\\\/05\\\/21\\\/la-grande-sfida-dellidroelettrico-nel-2029-il-pd-lancia-la-proposta-per-rimettere-al-centro-le-comunita-alpine\\\/\"]}]},{\"@type\":\"ImageObject\",\"inLanguage\":\"fr-FR\",\"@id\":\"https:\\\/\\\/www.bellunopress.it\\\/2026\\\/05\\\/21\\\/la-grande-sfida-dellidroelettrico-nel-2029-il-pd-lancia-la-proposta-per-rimettere-al-centro-le-comunita-alpine\\\/#primaryimage\",\"url\":\"https:\\\/\\\/www.bellunopress.it\\\/wp-content\\\/uploads\\\/2024\\\/10\\\/crepadona-biblioteca-1_edited.jpg\",\"contentUrl\":\"https:\\\/\\\/www.bellunopress.it\\\/wp-content\\\/uploads\\\/2024\\\/10\\\/crepadona-biblioteca-1_edited.jpg\",\"width\":1000,\"height\":750,\"caption\":\"Palazzo Crepadona, sede della Biblioteca Civica di Belluno\"},{\"@type\":\"BreadcrumbList\",\"@id\":\"https:\\\/\\\/www.bellunopress.it\\\/2026\\\/05\\\/21\\\/la-grande-sfida-dellidroelettrico-nel-2029-il-pd-lancia-la-proposta-per-rimettere-al-centro-le-comunita-alpine\\\/#breadcrumb\",\"itemListElement\":[{\"@type\":\"ListItem\",\"position\":1,\"name\":\"Home\",\"item\":\"https:\\\/\\\/www.bellunopress.it\\\/\"},{\"@type\":\"ListItem\",\"position\":2,\"name\":\"La grande sfida dell\u2019idroelettrico nel 2029: il Pd lancia la proposta per rimettere al centro le comunit\u00e0 alpine\"}]},{\"@type\":\"WebSite\",\"@id\":\"https:\\\/\\\/www.bellunopress.it\\\/#website\",\"url\":\"https:\\\/\\\/www.bellunopress.it\\\/\",\"name\":\"Bellunopress - Dolomiti\",\"description\":\"e-mail: redazione@bellunopress.it\",\"publisher\":{\"@id\":\"https:\\\/\\\/www.bellunopress.it\\\/#organization\"},\"potentialAction\":[{\"@type\":\"SearchAction\",\"target\":{\"@type\":\"EntryPoint\",\"urlTemplate\":\"https:\\\/\\\/www.bellunopress.it\\\/?s={search_term_string}\"},\"query-input\":{\"@type\":\"PropertyValueSpecification\",\"valueRequired\":true,\"valueName\":\"search_term_string\"}}],\"inLanguage\":\"fr-FR\"},{\"@type\":\"Organization\",\"@id\":\"https:\\\/\\\/www.bellunopress.it\\\/#organization\",\"name\":\"Bellunopress\",\"url\":\"https:\\\/\\\/www.bellunopress.it\\\/\",\"logo\":{\"@type\":\"ImageObject\",\"inLanguage\":\"fr-FR\",\"@id\":\"https:\\\/\\\/www.bellunopress.it\\\/#\\\/schema\\\/logo\\\/image\\\/\",\"url\":\"https:\\\/\\\/www.bellunopress.it\\\/wp-content\\\/uploads\\\/2011\\\/05\\\/cropped-logo-bellunopress-.jpg\",\"contentUrl\":\"https:\\\/\\\/www.bellunopress.it\\\/wp-content\\\/uploads\\\/2011\\\/05\\\/cropped-logo-bellunopress-.jpg\",\"width\":512,\"height\":512,\"caption\":\"Bellunopress\"},\"image\":{\"@id\":\"https:\\\/\\\/www.bellunopress.it\\\/#\\\/schema\\\/logo\\\/image\\\/\"},\"sameAs\":[\"https:\\\/\\\/www.facebook.com\\\/profile.php?id=100008943462799\",\"https:\\\/\\\/x.com\\\/bellunopress\",\"https:\\\/\\\/www.linkedin.com\\\/hp\\\/?dnr=JBzUWaJfMUw8vbXJJ2tVW5-I3jZKvC4wsoxE&amp;amp;amp;amp;amp;amp;trk=nav_responsive_tab_home\",\"https:\\\/\\\/www.youtube.com\\\/channel\\\/UCxL0wu1uN0_3_7hGG0306cw\"]},{\"@type\":\"Person\",\"@id\":\"https:\\\/\\\/www.bellunopress.it\\\/#\\\/schema\\\/person\\\/79bb06722b37ece1c03d3e94beb30d73\",\"name\":\"redazione\",\"image\":{\"@type\":\"ImageObject\",\"inLanguage\":\"fr-FR\",\"@id\":\"https:\\\/\\\/secure.gravatar.com\\\/avatar\\\/37d968a2e67a6fd04c169c4bdef102d0bc5d31b2546345219e348575eb80e9a0?s=96&d=mm&r=g\",\"url\":\"https:\\\/\\\/secure.gravatar.com\\\/avatar\\\/37d968a2e67a6fd04c169c4bdef102d0bc5d31b2546345219e348575eb80e9a0?s=96&d=mm&r=g\",\"contentUrl\":\"https:\\\/\\\/secure.gravatar.com\\\/avatar\\\/37d968a2e67a6fd04c169c4bdef102d0bc5d31b2546345219e348575eb80e9a0?s=96&d=mm&r=g\",\"caption\":\"redazione\"},\"sameAs\":[\"http:\\\/\\\/www.bellunopress.it\",\"https:\\\/\\\/x.com\\\/bellunopress\"],\"url\":\"https:\\\/\\\/www.bellunopress.it\\\/fr\\\/author\\\/redazione\\\/\"}]}<\/script>\n<!-- \/ Yoast SEO plugin. -->","yoast_head_json":{"title":"La grande sfida dell\u2019idroelettrico nel 2029: il Pd lancia la proposta per rimettere al centro le comunit\u00e0 alpine - Bellunopress - Dolomiti","robots":{"index":"index","follow":"follow","max-snippet":"max-snippet:-1","max-image-preview":"max-image-preview:large","max-video-preview":"max-video-preview:-1"},"canonical":"https:\/\/www.bellunopress.it\/fr\/2026\/05\/21\/la-grande-sfida-dellidroelettrico-nel-2029-il-pd-lancia-la-proposta-per-rimettere-al-centro-le-comunita-alpine\/","og_locale":"fr_FR","og_type":"article","og_title":"La grande sfida dell\u2019idroelettrico nel 2029: il Pd lancia la proposta per rimettere al centro le comunit\u00e0 alpine - Bellunopress - Dolomiti","og_description":"Sabato a Belluno il Gruppo consiliare dem presenta un piano operativo per il rinnovo delle concessioni. Nel dibattito anche esperti e amministratori di Lombardia e Trentino. Belluno, 21\/05\/2026 &#8211; La scadenza del 2029 per il rinnovo delle grandi concessioni idroelettriche si preannuncia come uno dei banchi di prova economici e politici pi\u00f9 complessi e cruciali [&hellip;]","og_url":"https:\/\/www.bellunopress.it\/fr\/2026\/05\/21\/la-grande-sfida-dellidroelettrico-nel-2029-il-pd-lancia-la-proposta-per-rimettere-al-centro-le-comunita-alpine\/","og_site_name":"Bellunopress - Dolomiti","article_publisher":"https:\/\/www.facebook.com\/profile.php?id=100008943462799","article_published_time":"2026-05-21T14:16:32+00:00","og_image":[{"width":1000,"height":750,"url":"https:\/\/www.bellunopress.it\/wp-content\/uploads\/2024\/10\/crepadona-biblioteca-1_edited.jpg","type":"image\/jpeg"}],"author":"redazione","twitter_card":"summary_large_image","twitter_creator":"@bellunopress","twitter_site":"@bellunopress","twitter_misc":{"\u00c9crit par":"redazione","Dur\u00e9e de lecture estim\u00e9e":"4 minutes"},"schema":{"@context":"https:\/\/schema.org","@graph":[{"@type":"Article","@id":"https:\/\/www.bellunopress.it\/2026\/05\/21\/la-grande-sfida-dellidroelettrico-nel-2029-il-pd-lancia-la-proposta-per-rimettere-al-centro-le-comunita-alpine\/#article","isPartOf":{"@id":"https:\/\/www.bellunopress.it\/2026\/05\/21\/la-grande-sfida-dellidroelettrico-nel-2029-il-pd-lancia-la-proposta-per-rimettere-al-centro-le-comunita-alpine\/"},"author":{"name":"redazione","@id":"https:\/\/www.bellunopress.it\/#\/schema\/person\/79bb06722b37ece1c03d3e94beb30d73"},"headline":"La grande sfida dell\u2019idroelettrico nel 2029: il Pd lancia la proposta per rimettere al centro le comunit\u00e0 alpine","datePublished":"2026-05-21T14:16:32+00:00","mainEntityOfPage":{"@id":"https:\/\/www.bellunopress.it\/2026\/05\/21\/la-grande-sfida-dellidroelettrico-nel-2029-il-pd-lancia-la-proposta-per-rimettere-al-centro-le-comunita-alpine\/"},"wordCount":617,"publisher":{"@id":"https:\/\/www.bellunopress.it\/#organization"},"image":{"@id":"https:\/\/www.bellunopress.it\/2026\/05\/21\/la-grande-sfida-dellidroelettrico-nel-2029-il-pd-lancia-la-proposta-per-rimettere-al-centro-le-comunita-alpine\/#primaryimage"},"thumbnailUrl":"https:\/\/www.bellunopress.it\/wp-content\/uploads\/2024\/10\/crepadona-biblioteca-1_edited.jpg","articleSection":["Cronaca\/Politica","Prima Pagina"],"inLanguage":"fr-FR"},{"@type":"WebPage","@id":"https:\/\/www.bellunopress.it\/2026\/05\/21\/la-grande-sfida-dellidroelettrico-nel-2029-il-pd-lancia-la-proposta-per-rimettere-al-centro-le-comunita-alpine\/","url":"https:\/\/www.bellunopress.it\/2026\/05\/21\/la-grande-sfida-dellidroelettrico-nel-2029-il-pd-lancia-la-proposta-per-rimettere-al-centro-le-comunita-alpine\/","name":"La grande sfida dell\u2019idroelettrico nel 2029: il Pd lancia la proposta per rimettere al centro le comunit\u00e0 alpine - Bellunopress - Dolomiti","isPartOf":{"@id":"https:\/\/www.bellunopress.it\/#website"},"primaryImageOfPage":{"@id":"https:\/\/www.bellunopress.it\/2026\/05\/21\/la-grande-sfida-dellidroelettrico-nel-2029-il-pd-lancia-la-proposta-per-rimettere-al-centro-le-comunita-alpine\/#primaryimage"},"image":{"@id":"https:\/\/www.bellunopress.it\/2026\/05\/21\/la-grande-sfida-dellidroelettrico-nel-2029-il-pd-lancia-la-proposta-per-rimettere-al-centro-le-comunita-alpine\/#primaryimage"},"thumbnailUrl":"https:\/\/www.bellunopress.it\/wp-content\/uploads\/2024\/10\/crepadona-biblioteca-1_edited.jpg","datePublished":"2026-05-21T14:16:32+00:00","breadcrumb":{"@id":"https:\/\/www.bellunopress.it\/2026\/05\/21\/la-grande-sfida-dellidroelettrico-nel-2029-il-pd-lancia-la-proposta-per-rimettere-al-centro-le-comunita-alpine\/#breadcrumb"},"inLanguage":"fr-FR","potentialAction":[{"@type":"ReadAction","target":["https:\/\/www.bellunopress.it\/2026\/05\/21\/la-grande-sfida-dellidroelettrico-nel-2029-il-pd-lancia-la-proposta-per-rimettere-al-centro-le-comunita-alpine\/"]}]},{"@type":"ImageObject","inLanguage":"fr-FR","@id":"https:\/\/www.bellunopress.it\/2026\/05\/21\/la-grande-sfida-dellidroelettrico-nel-2029-il-pd-lancia-la-proposta-per-rimettere-al-centro-le-comunita-alpine\/#primaryimage","url":"https:\/\/www.bellunopress.it\/wp-content\/uploads\/2024\/10\/crepadona-biblioteca-1_edited.jpg","contentUrl":"https:\/\/www.bellunopress.it\/wp-content\/uploads\/2024\/10\/crepadona-biblioteca-1_edited.jpg","width":1000,"height":750,"caption":"Palazzo Crepadona, sede della Biblioteca Civica di Belluno"},{"@type":"BreadcrumbList","@id":"https:\/\/www.bellunopress.it\/2026\/05\/21\/la-grande-sfida-dellidroelettrico-nel-2029-il-pd-lancia-la-proposta-per-rimettere-al-centro-le-comunita-alpine\/#breadcrumb","itemListElement":[{"@type":"ListItem","position":1,"name":"Home","item":"https:\/\/www.bellunopress.it\/"},{"@type":"ListItem","position":2,"name":"La grande sfida dell\u2019idroelettrico nel 2029: il Pd lancia la proposta per rimettere al centro le comunit\u00e0 alpine"}]},{"@type":"WebSite","@id":"https:\/\/www.bellunopress.it\/#website","url":"https:\/\/www.bellunopress.it\/","name":"Bellunopress - Dolomiti","description":"e-mail: redazione@bellunopress.it","publisher":{"@id":"https:\/\/www.bellunopress.it\/#organization"},"potentialAction":[{"@type":"SearchAction","target":{"@type":"EntryPoint","urlTemplate":"https:\/\/www.bellunopress.it\/?s={search_term_string}"},"query-input":{"@type":"PropertyValueSpecification","valueRequired":true,"valueName":"search_term_string"}}],"inLanguage":"fr-FR"},{"@type":"Organization","@id":"https:\/\/www.bellunopress.it\/#organization","name":"Bellunopress","url":"https:\/\/www.bellunopress.it\/","logo":{"@type":"ImageObject","inLanguage":"fr-FR","@id":"https:\/\/www.bellunopress.it\/#\/schema\/logo\/image\/","url":"https:\/\/www.bellunopress.it\/wp-content\/uploads\/2011\/05\/cropped-logo-bellunopress-.jpg","contentUrl":"https:\/\/www.bellunopress.it\/wp-content\/uploads\/2011\/05\/cropped-logo-bellunopress-.jpg","width":512,"height":512,"caption":"Bellunopress"},"image":{"@id":"https:\/\/www.bellunopress.it\/#\/schema\/logo\/image\/"},"sameAs":["https:\/\/www.facebook.com\/profile.php?id=100008943462799","https:\/\/x.com\/bellunopress","https:\/\/www.linkedin.com\/hp\/?dnr=JBzUWaJfMUw8vbXJJ2tVW5-I3jZKvC4wsoxE&amp;amp;amp;amp;amp;amp;trk=nav_responsive_tab_home","https:\/\/www.youtube.com\/channel\/UCxL0wu1uN0_3_7hGG0306cw"]},{"@type":"Person","@id":"https:\/\/www.bellunopress.it\/#\/schema\/person\/79bb06722b37ece1c03d3e94beb30d73","name":"r\u00e9daction","image":{"@type":"ImageObject","inLanguage":"fr-FR","@id":"https:\/\/secure.gravatar.com\/avatar\/37d968a2e67a6fd04c169c4bdef102d0bc5d31b2546345219e348575eb80e9a0?s=96&d=mm&r=g","url":"https:\/\/secure.gravatar.com\/avatar\/37d968a2e67a6fd04c169c4bdef102d0bc5d31b2546345219e348575eb80e9a0?s=96&d=mm&r=g","contentUrl":"https:\/\/secure.gravatar.com\/avatar\/37d968a2e67a6fd04c169c4bdef102d0bc5d31b2546345219e348575eb80e9a0?s=96&d=mm&r=g","caption":"redazione"},"sameAs":["http:\/\/www.bellunopress.it","https:\/\/x.com\/bellunopress"],"url":"https:\/\/www.bellunopress.it\/fr\/author\/redazione\/"}]}},"_links":{"self":[{"href":"https:\/\/www.bellunopress.it\/fr\/wp-json\/wp\/v2\/posts\/170336","targetHints":{"allow":["GET"]}}],"collection":[{"href":"https:\/\/www.bellunopress.it\/fr\/wp-json\/wp\/v2\/posts"}],"about":[{"href":"https:\/\/www.bellunopress.it\/fr\/wp-json\/wp\/v2\/types\/post"}],"author":[{"embeddable":true,"href":"https:\/\/www.bellunopress.it\/fr\/wp-json\/wp\/v2\/users\/2"}],"replies":[{"embeddable":true,"href":"https:\/\/www.bellunopress.it\/fr\/wp-json\/wp\/v2\/comments?post=170336"}],"version-history":[{"count":1,"href":"https:\/\/www.bellunopress.it\/fr\/wp-json\/wp\/v2\/posts\/170336\/revisions"}],"predecessor-version":[{"id":170337,"href":"https:\/\/www.bellunopress.it\/fr\/wp-json\/wp\/v2\/posts\/170336\/revisions\/170337"}],"wp:featuredmedia":[{"embeddable":true,"href":"https:\/\/www.bellunopress.it\/fr\/wp-json\/wp\/v2\/media\/155410"}],"wp:attachment":[{"href":"https:\/\/www.bellunopress.it\/fr\/wp-json\/wp\/v2\/media?parent=170336"}],"wp:term":[{"taxonomy":"category","embeddable":true,"href":"https:\/\/www.bellunopress.it\/fr\/wp-json\/wp\/v2\/categories?post=170336"},{"taxonomy":"post_tag","embeddable":true,"href":"https:\/\/www.bellunopress.it\/fr\/wp-json\/wp\/v2\/tags?post=170336"}],"curies":[{"name":"wp","href":"https:\/\/api.w.org\/{rel}","templated":true}]}}