{"id":170331,"date":"2026-05-21T13:29:30","date_gmt":"2026-05-21T11:29:30","guid":{"rendered":"https:\/\/www.bellunopress.it\/?p=170331"},"modified":"2026-05-21T13:29:30","modified_gmt":"2026-05-21T11:29:30","slug":"il-bellunese-marco-dal-farra-presenta-il-nuovo-singolo-autostrada","status":"publish","type":"post","link":"https:\/\/www.bellunopress.it\/fr\/2026\/05\/21\/il-bellunese-marco-dal-farra-presenta-il-nuovo-singolo-autostrada\/","title":{"rendered":"Il bellunese Marco Dal Farra presenta il nuovo singolo \u201cAutostrada\u201d"},"content":{"rendered":"<p><strong>I ricordi di un amore estivo ormai finito<\/strong><\/p>\n<p>E\u2019 disponibile dal 22 maggio su tutte le piattaforme digitali e in radio per Ebim Records \u201cAutostrada\u201d, il nuovo singolo di Marco Dal Farra, scritto e prodotto insieme all\u2019autore Luca Sala.<\/p>\n<p>\u201cAutostrada\u201d \u00e8 una ballad pop intensa e malinconica, dalle sonorit\u00e0 contemporanee contaminate da sfumature retr\u00f2 e vintage. Il brano racconta i ricordi di un amore estivo ormai finito, attraverso immagini quotidiane che diventano simboli emotivi di nostalgia e perdita.<\/p>\n<p>Il protagonista si ritrova a guidare senza una meta precisa, attraversando strade che riportano alla mente viaggi condivisi, esperienze vissute e momenti che sembravano eterni. Ogni dettaglio \u2014 dalla segnaletica agli autogrill \u2014 si trasforma in un frammento di memoria, in un colpo al cuore.<\/p>\n<p>L\u2019autostrada diventa cos\u00ec metafora dell\u2019amore stesso: un viaggio continuo fatto di soste, smarrimenti, ripartenze e attese. Un percorso capace di farci sentire bloccati e vulnerabili, ma anche pieni di speranza e desiderio di ritrovare la strada verso casa.<\/p>\n<p>\u201cSei l\u2019uscita per il mare in agosto\u201d \u00e8 il verso che meglio sintetizza l\u2019anima del brano: il pensiero costante di un grande amore che resta dentro, come le interminabili code ai caselli estivi, sospese tra impazienza, nostalgia e aspettativa.<\/p>\n<p>&nbsp;<\/p>\n<p><strong>Marco Dal Farra<\/strong><\/p>\n<p>E&#8217; autore, musicista, speaker radiofonico, attore e doppiatore. Nato e cresciuto tra le Dolomiti Bellunesi, porta nella sua musica le inquietudini, i conflitti e le fragilit\u00e0 di una generazione cresciuta tra due millenni, segnata dai profondi cambiamenti sociali e comunicativi introdotti dalla tecnologia. Il suo percorso artistico attraversa cantautorato, indie e pop, con uno stile personale che unisce introspezione emotiva e sensibilit\u00e0 contemporanea. Parallelamente alla musica, frequenta l\u2019accademia di doppiaggio Ward Lab di Roma e lavora come speaker radiofonico. Ha inoltre preso parte a diverse produzioni cinematografiche come figurazione e collabora in ambito teatrale come attore e aiuto regista.<\/p>\n<p>&nbsp;<\/p>\n<p>&nbsp;<\/p>","protected":false},"excerpt":{"rendered":"<p>I ricordi di un amore estivo ormai finito E\u2019 disponibile dal 22 maggio su tutte le piattaforme digitali e in radio per Ebim Records \u201cAutostrada\u201d, il nuovo singolo di Marco Dal Farra, scritto e prodotto insieme all\u2019autore Luca Sala. \u201cAutostrada\u201d \u00e8 una ballad pop intensa e malinconica, dalle sonorit\u00e0 contemporanee contaminate da sfumature retr\u00f2 e [&hellip;]<\/p>\n","protected":false},"author":2,"featured_media":170332,"comment_status":"closed","ping_status":"open","sticky":false,"template":"","format":"standard","meta":{"footnotes":""},"categories":[3,25],"tags":[],"class_list":["post-170331","post","type-post","status-publish","format-standard","has-post-thumbnail","category-arte-cultura-spettacoli-scienza-archivi","category-pausa-caffe"],"yoast_head":"<!-- This site is optimized with the Yoast SEO plugin v28.4 - https:\/\/yoast.com\/product\/yoast-seo-wordpress\/ -->\n<title>Il bellunese Marco Dal Farra presenta il nuovo singolo \u201cAutostrada\u201d - Bellunopress - Dolomiti<\/title>\n<meta name=\"robots\" content=\"index, follow, max-snippet:-1, max-image-preview:large, max-video-preview:-1\" \/>\n<link rel=\"canonical\" href=\"https:\/\/www.bellunopress.it\/fr\/2026\/05\/21\/il-bellunese-marco-dal-farra-presenta-il-nuovo-singolo-autostrada\/\" \/>\n<meta property=\"og:locale\" content=\"fr_FR\" \/>\n<meta property=\"og:type\" content=\"article\" \/>\n<meta property=\"og:title\" content=\"Il bellunese Marco Dal Farra presenta il nuovo singolo \u201cAutostrada\u201d - Bellunopress - Dolomiti\" \/>\n<meta property=\"og:description\" content=\"I ricordi di un amore estivo ormai finito E\u2019 disponibile dal 22 maggio su tutte le piattaforme digitali e in radio per Ebim Records \u201cAutostrada\u201d, il nuovo singolo di Marco Dal Farra, scritto e prodotto insieme all\u2019autore Luca Sala. \u201cAutostrada\u201d \u00e8 una ballad pop intensa e malinconica, dalle sonorit\u00e0 contemporanee contaminate da sfumature retr\u00f2 e [&hellip;]\" \/>\n<meta property=\"og:url\" content=\"https:\/\/www.bellunopress.it\/fr\/2026\/05\/21\/il-bellunese-marco-dal-farra-presenta-il-nuovo-singolo-autostrada\/\" \/>\n<meta property=\"og:site_name\" content=\"Bellunopress - Dolomiti\" \/>\n<meta property=\"article:publisher\" content=\"https:\/\/www.facebook.com\/profile.php?id=100008943462799\" \/>\n<meta property=\"article:published_time\" content=\"2026-05-21T11:29:30+00:00\" \/>\n<meta property=\"og:image\" content=\"https:\/\/www.bellunopress.it\/wp-content\/uploads\/2026\/05\/Marco-Dal-Farra.jpg\" \/>\n\t<meta property=\"og:image:width\" content=\"394\" \/>\n\t<meta property=\"og:image:height\" content=\"476\" \/>\n\t<meta property=\"og:image:type\" content=\"image\/jpeg\" \/>\n<meta name=\"author\" content=\"redazione\" \/>\n<meta name=\"twitter:card\" content=\"summary_large_image\" \/>\n<meta name=\"twitter:creator\" content=\"@bellunopress\" \/>\n<meta name=\"twitter:site\" content=\"@bellunopress\" \/>\n<meta name=\"twitter:label1\" content=\"\u00c9crit par\" \/>\n\t<meta name=\"twitter:data1\" content=\"redazione\" \/>\n\t<meta name=\"twitter:label2\" content=\"Dur\u00e9e de lecture estim\u00e9e\" \/>\n\t<meta name=\"twitter:data2\" content=\"2 minutes\" \/>\n<script type=\"application\/ld+json\" class=\"yoast-schema-graph\">{\"@context\":\"https:\\\/\\\/schema.org\",\"@graph\":[{\"@type\":\"Article\",\"@id\":\"https:\\\/\\\/www.bellunopress.it\\\/2026\\\/05\\\/21\\\/il-bellunese-marco-dal-farra-presenta-il-nuovo-singolo-autostrada\\\/#article\",\"isPartOf\":{\"@id\":\"https:\\\/\\\/www.bellunopress.it\\\/2026\\\/05\\\/21\\\/il-bellunese-marco-dal-farra-presenta-il-nuovo-singolo-autostrada\\\/\"},\"author\":{\"name\":\"redazione\",\"@id\":\"https:\\\/\\\/www.bellunopress.it\\\/#\\\/schema\\\/person\\\/79bb06722b37ece1c03d3e94beb30d73\"},\"headline\":\"Il bellunese Marco Dal Farra presenta il nuovo singolo \u201cAutostrada\u201d\",\"datePublished\":\"2026-05-21T11:29:30+00:00\",\"mainEntityOfPage\":{\"@id\":\"https:\\\/\\\/www.bellunopress.it\\\/2026\\\/05\\\/21\\\/il-bellunese-marco-dal-farra-presenta-il-nuovo-singolo-autostrada\\\/\"},\"wordCount\":316,\"publisher\":{\"@id\":\"https:\\\/\\\/www.bellunopress.it\\\/#organization\"},\"image\":{\"@id\":\"https:\\\/\\\/www.bellunopress.it\\\/2026\\\/05\\\/21\\\/il-bellunese-marco-dal-farra-presenta-il-nuovo-singolo-autostrada\\\/#primaryimage\"},\"thumbnailUrl\":\"https:\\\/\\\/www.bellunopress.it\\\/wp-content\\\/uploads\\\/2026\\\/05\\\/Marco-Dal-Farra.jpg\",\"articleSection\":[\"Arte, Cultura, Spettacoli, Scienza\",\"Pausa Caff\u00e8\"],\"inLanguage\":\"fr-FR\"},{\"@type\":\"WebPage\",\"@id\":\"https:\\\/\\\/www.bellunopress.it\\\/2026\\\/05\\\/21\\\/il-bellunese-marco-dal-farra-presenta-il-nuovo-singolo-autostrada\\\/\",\"url\":\"https:\\\/\\\/www.bellunopress.it\\\/2026\\\/05\\\/21\\\/il-bellunese-marco-dal-farra-presenta-il-nuovo-singolo-autostrada\\\/\",\"name\":\"Il bellunese Marco Dal Farra presenta il nuovo singolo \u201cAutostrada\u201d - Bellunopress - Dolomiti\",\"isPartOf\":{\"@id\":\"https:\\\/\\\/www.bellunopress.it\\\/#website\"},\"primaryImageOfPage\":{\"@id\":\"https:\\\/\\\/www.bellunopress.it\\\/2026\\\/05\\\/21\\\/il-bellunese-marco-dal-farra-presenta-il-nuovo-singolo-autostrada\\\/#primaryimage\"},\"image\":{\"@id\":\"https:\\\/\\\/www.bellunopress.it\\\/2026\\\/05\\\/21\\\/il-bellunese-marco-dal-farra-presenta-il-nuovo-singolo-autostrada\\\/#primaryimage\"},\"thumbnailUrl\":\"https:\\\/\\\/www.bellunopress.it\\\/wp-content\\\/uploads\\\/2026\\\/05\\\/Marco-Dal-Farra.jpg\",\"datePublished\":\"2026-05-21T11:29:30+00:00\",\"breadcrumb\":{\"@id\":\"https:\\\/\\\/www.bellunopress.it\\\/2026\\\/05\\\/21\\\/il-bellunese-marco-dal-farra-presenta-il-nuovo-singolo-autostrada\\\/#breadcrumb\"},\"inLanguage\":\"fr-FR\",\"potentialAction\":[{\"@type\":\"ReadAction\",\"target\":[\"https:\\\/\\\/www.bellunopress.it\\\/2026\\\/05\\\/21\\\/il-bellunese-marco-dal-farra-presenta-il-nuovo-singolo-autostrada\\\/\"]}]},{\"@type\":\"ImageObject\",\"inLanguage\":\"fr-FR\",\"@id\":\"https:\\\/\\\/www.bellunopress.it\\\/2026\\\/05\\\/21\\\/il-bellunese-marco-dal-farra-presenta-il-nuovo-singolo-autostrada\\\/#primaryimage\",\"url\":\"https:\\\/\\\/www.bellunopress.it\\\/wp-content\\\/uploads\\\/2026\\\/05\\\/Marco-Dal-Farra.jpg\",\"contentUrl\":\"https:\\\/\\\/www.bellunopress.it\\\/wp-content\\\/uploads\\\/2026\\\/05\\\/Marco-Dal-Farra.jpg\",\"width\":394,\"height\":476,\"caption\":\"Marco Dal Farra\"},{\"@type\":\"BreadcrumbList\",\"@id\":\"https:\\\/\\\/www.bellunopress.it\\\/2026\\\/05\\\/21\\\/il-bellunese-marco-dal-farra-presenta-il-nuovo-singolo-autostrada\\\/#breadcrumb\",\"itemListElement\":[{\"@type\":\"ListItem\",\"position\":1,\"name\":\"Home\",\"item\":\"https:\\\/\\\/www.bellunopress.it\\\/\"},{\"@type\":\"ListItem\",\"position\":2,\"name\":\"Il bellunese Marco Dal Farra presenta il nuovo singolo \u201cAutostrada\u201d\"}]},{\"@type\":\"WebSite\",\"@id\":\"https:\\\/\\\/www.bellunopress.it\\\/#website\",\"url\":\"https:\\\/\\\/www.bellunopress.it\\\/\",\"name\":\"Bellunopress - Dolomiti\",\"description\":\"e-mail: redazione@bellunopress.it\",\"publisher\":{\"@id\":\"https:\\\/\\\/www.bellunopress.it\\\/#organization\"},\"potentialAction\":[{\"@type\":\"SearchAction\",\"target\":{\"@type\":\"EntryPoint\",\"urlTemplate\":\"https:\\\/\\\/www.bellunopress.it\\\/?s={search_term_string}\"},\"query-input\":{\"@type\":\"PropertyValueSpecification\",\"valueRequired\":true,\"valueName\":\"search_term_string\"}}],\"inLanguage\":\"fr-FR\"},{\"@type\":\"Organization\",\"@id\":\"https:\\\/\\\/www.bellunopress.it\\\/#organization\",\"name\":\"Bellunopress\",\"url\":\"https:\\\/\\\/www.bellunopress.it\\\/\",\"logo\":{\"@type\":\"ImageObject\",\"inLanguage\":\"fr-FR\",\"@id\":\"https:\\\/\\\/www.bellunopress.it\\\/#\\\/schema\\\/logo\\\/image\\\/\",\"url\":\"https:\\\/\\\/www.bellunopress.it\\\/wp-content\\\/uploads\\\/2011\\\/05\\\/cropped-logo-bellunopress-.jpg\",\"contentUrl\":\"https:\\\/\\\/www.bellunopress.it\\\/wp-content\\\/uploads\\\/2011\\\/05\\\/cropped-logo-bellunopress-.jpg\",\"width\":512,\"height\":512,\"caption\":\"Bellunopress\"},\"image\":{\"@id\":\"https:\\\/\\\/www.bellunopress.it\\\/#\\\/schema\\\/logo\\\/image\\\/\"},\"sameAs\":[\"https:\\\/\\\/www.facebook.com\\\/profile.php?id=100008943462799\",\"https:\\\/\\\/x.com\\\/bellunopress\",\"https:\\\/\\\/www.linkedin.com\\\/hp\\\/?dnr=JBzUWaJfMUw8vbXJJ2tVW5-I3jZKvC4wsoxE&amp;amp;amp;amp;amp;amp;trk=nav_responsive_tab_home\",\"https:\\\/\\\/www.youtube.com\\\/channel\\\/UCxL0wu1uN0_3_7hGG0306cw\"]},{\"@type\":\"Person\",\"@id\":\"https:\\\/\\\/www.bellunopress.it\\\/#\\\/schema\\\/person\\\/79bb06722b37ece1c03d3e94beb30d73\",\"name\":\"redazione\",\"image\":{\"@type\":\"ImageObject\",\"inLanguage\":\"fr-FR\",\"@id\":\"https:\\\/\\\/secure.gravatar.com\\\/avatar\\\/37d968a2e67a6fd04c169c4bdef102d0bc5d31b2546345219e348575eb80e9a0?s=96&d=mm&r=g\",\"url\":\"https:\\\/\\\/secure.gravatar.com\\\/avatar\\\/37d968a2e67a6fd04c169c4bdef102d0bc5d31b2546345219e348575eb80e9a0?s=96&d=mm&r=g\",\"contentUrl\":\"https:\\\/\\\/secure.gravatar.com\\\/avatar\\\/37d968a2e67a6fd04c169c4bdef102d0bc5d31b2546345219e348575eb80e9a0?s=96&d=mm&r=g\",\"caption\":\"redazione\"},\"sameAs\":[\"http:\\\/\\\/www.bellunopress.it\",\"https:\\\/\\\/x.com\\\/bellunopress\"],\"url\":\"https:\\\/\\\/www.bellunopress.it\\\/fr\\\/author\\\/redazione\\\/\"}]}<\/script>\n<!-- \/ Yoast SEO plugin. -->","yoast_head_json":{"title":"Il bellunese Marco Dal Farra presenta il nuovo singolo \u201cAutostrada\u201d - Bellunopress - Dolomiti","robots":{"index":"index","follow":"follow","max-snippet":"max-snippet:-1","max-image-preview":"max-image-preview:large","max-video-preview":"max-video-preview:-1"},"canonical":"https:\/\/www.bellunopress.it\/fr\/2026\/05\/21\/il-bellunese-marco-dal-farra-presenta-il-nuovo-singolo-autostrada\/","og_locale":"fr_FR","og_type":"article","og_title":"Il bellunese Marco Dal Farra presenta il nuovo singolo \u201cAutostrada\u201d - Bellunopress - Dolomiti","og_description":"I ricordi di un amore estivo ormai finito E\u2019 disponibile dal 22 maggio su tutte le piattaforme digitali e in radio per Ebim Records \u201cAutostrada\u201d, il nuovo singolo di Marco Dal Farra, scritto e prodotto insieme all\u2019autore Luca Sala. \u201cAutostrada\u201d \u00e8 una ballad pop intensa e malinconica, dalle sonorit\u00e0 contemporanee contaminate da sfumature retr\u00f2 e [&hellip;]","og_url":"https:\/\/www.bellunopress.it\/fr\/2026\/05\/21\/il-bellunese-marco-dal-farra-presenta-il-nuovo-singolo-autostrada\/","og_site_name":"Bellunopress - Dolomiti","article_publisher":"https:\/\/www.facebook.com\/profile.php?id=100008943462799","article_published_time":"2026-05-21T11:29:30+00:00","og_image":[{"width":394,"height":476,"url":"https:\/\/www.bellunopress.it\/wp-content\/uploads\/2026\/05\/Marco-Dal-Farra.jpg","type":"image\/jpeg"}],"author":"redazione","twitter_card":"summary_large_image","twitter_creator":"@bellunopress","twitter_site":"@bellunopress","twitter_misc":{"\u00c9crit par":"redazione","Dur\u00e9e de lecture estim\u00e9e":"2 minutes"},"schema":{"@context":"https:\/\/schema.org","@graph":[{"@type":"Article","@id":"https:\/\/www.bellunopress.it\/2026\/05\/21\/il-bellunese-marco-dal-farra-presenta-il-nuovo-singolo-autostrada\/#article","isPartOf":{"@id":"https:\/\/www.bellunopress.it\/2026\/05\/21\/il-bellunese-marco-dal-farra-presenta-il-nuovo-singolo-autostrada\/"},"author":{"name":"redazione","@id":"https:\/\/www.bellunopress.it\/#\/schema\/person\/79bb06722b37ece1c03d3e94beb30d73"},"headline":"Il bellunese Marco Dal Farra presenta il nuovo singolo \u201cAutostrada\u201d","datePublished":"2026-05-21T11:29:30+00:00","mainEntityOfPage":{"@id":"https:\/\/www.bellunopress.it\/2026\/05\/21\/il-bellunese-marco-dal-farra-presenta-il-nuovo-singolo-autostrada\/"},"wordCount":316,"publisher":{"@id":"https:\/\/www.bellunopress.it\/#organization"},"image":{"@id":"https:\/\/www.bellunopress.it\/2026\/05\/21\/il-bellunese-marco-dal-farra-presenta-il-nuovo-singolo-autostrada\/#primaryimage"},"thumbnailUrl":"https:\/\/www.bellunopress.it\/wp-content\/uploads\/2026\/05\/Marco-Dal-Farra.jpg","articleSection":["Arte, Cultura, Spettacoli, Scienza","Pausa Caff\u00e8"],"inLanguage":"fr-FR"},{"@type":"WebPage","@id":"https:\/\/www.bellunopress.it\/2026\/05\/21\/il-bellunese-marco-dal-farra-presenta-il-nuovo-singolo-autostrada\/","url":"https:\/\/www.bellunopress.it\/2026\/05\/21\/il-bellunese-marco-dal-farra-presenta-il-nuovo-singolo-autostrada\/","name":"Il bellunese Marco Dal Farra presenta il nuovo singolo \u201cAutostrada\u201d - Bellunopress - Dolomiti","isPartOf":{"@id":"https:\/\/www.bellunopress.it\/#website"},"primaryImageOfPage":{"@id":"https:\/\/www.bellunopress.it\/2026\/05\/21\/il-bellunese-marco-dal-farra-presenta-il-nuovo-singolo-autostrada\/#primaryimage"},"image":{"@id":"https:\/\/www.bellunopress.it\/2026\/05\/21\/il-bellunese-marco-dal-farra-presenta-il-nuovo-singolo-autostrada\/#primaryimage"},"thumbnailUrl":"https:\/\/www.bellunopress.it\/wp-content\/uploads\/2026\/05\/Marco-Dal-Farra.jpg","datePublished":"2026-05-21T11:29:30+00:00","breadcrumb":{"@id":"https:\/\/www.bellunopress.it\/2026\/05\/21\/il-bellunese-marco-dal-farra-presenta-il-nuovo-singolo-autostrada\/#breadcrumb"},"inLanguage":"fr-FR","potentialAction":[{"@type":"ReadAction","target":["https:\/\/www.bellunopress.it\/2026\/05\/21\/il-bellunese-marco-dal-farra-presenta-il-nuovo-singolo-autostrada\/"]}]},{"@type":"ImageObject","inLanguage":"fr-FR","@id":"https:\/\/www.bellunopress.it\/2026\/05\/21\/il-bellunese-marco-dal-farra-presenta-il-nuovo-singolo-autostrada\/#primaryimage","url":"https:\/\/www.bellunopress.it\/wp-content\/uploads\/2026\/05\/Marco-Dal-Farra.jpg","contentUrl":"https:\/\/www.bellunopress.it\/wp-content\/uploads\/2026\/05\/Marco-Dal-Farra.jpg","width":394,"height":476,"caption":"Marco Dal Farra"},{"@type":"BreadcrumbList","@id":"https:\/\/www.bellunopress.it\/2026\/05\/21\/il-bellunese-marco-dal-farra-presenta-il-nuovo-singolo-autostrada\/#breadcrumb","itemListElement":[{"@type":"ListItem","position":1,"name":"Home","item":"https:\/\/www.bellunopress.it\/"},{"@type":"ListItem","position":2,"name":"Il bellunese Marco Dal Farra presenta il nuovo singolo \u201cAutostrada\u201d"}]},{"@type":"WebSite","@id":"https:\/\/www.bellunopress.it\/#website","url":"https:\/\/www.bellunopress.it\/","name":"Bellunopress - Dolomiti","description":"e-mail: redazione@bellunopress.it","publisher":{"@id":"https:\/\/www.bellunopress.it\/#organization"},"potentialAction":[{"@type":"SearchAction","target":{"@type":"EntryPoint","urlTemplate":"https:\/\/www.bellunopress.it\/?s={search_term_string}"},"query-input":{"@type":"PropertyValueSpecification","valueRequired":true,"valueName":"search_term_string"}}],"inLanguage":"fr-FR"},{"@type":"Organization","@id":"https:\/\/www.bellunopress.it\/#organization","name":"Bellunopress","url":"https:\/\/www.bellunopress.it\/","logo":{"@type":"ImageObject","inLanguage":"fr-FR","@id":"https:\/\/www.bellunopress.it\/#\/schema\/logo\/image\/","url":"https:\/\/www.bellunopress.it\/wp-content\/uploads\/2011\/05\/cropped-logo-bellunopress-.jpg","contentUrl":"https:\/\/www.bellunopress.it\/wp-content\/uploads\/2011\/05\/cropped-logo-bellunopress-.jpg","width":512,"height":512,"caption":"Bellunopress"},"image":{"@id":"https:\/\/www.bellunopress.it\/#\/schema\/logo\/image\/"},"sameAs":["https:\/\/www.facebook.com\/profile.php?id=100008943462799","https:\/\/x.com\/bellunopress","https:\/\/www.linkedin.com\/hp\/?dnr=JBzUWaJfMUw8vbXJJ2tVW5-I3jZKvC4wsoxE&amp;amp;amp;amp;amp;amp;trk=nav_responsive_tab_home","https:\/\/www.youtube.com\/channel\/UCxL0wu1uN0_3_7hGG0306cw"]},{"@type":"Person","@id":"https:\/\/www.bellunopress.it\/#\/schema\/person\/79bb06722b37ece1c03d3e94beb30d73","name":"r\u00e9daction","image":{"@type":"ImageObject","inLanguage":"fr-FR","@id":"https:\/\/secure.gravatar.com\/avatar\/37d968a2e67a6fd04c169c4bdef102d0bc5d31b2546345219e348575eb80e9a0?s=96&d=mm&r=g","url":"https:\/\/secure.gravatar.com\/avatar\/37d968a2e67a6fd04c169c4bdef102d0bc5d31b2546345219e348575eb80e9a0?s=96&d=mm&r=g","contentUrl":"https:\/\/secure.gravatar.com\/avatar\/37d968a2e67a6fd04c169c4bdef102d0bc5d31b2546345219e348575eb80e9a0?s=96&d=mm&r=g","caption":"redazione"},"sameAs":["http:\/\/www.bellunopress.it","https:\/\/x.com\/bellunopress"],"url":"https:\/\/www.bellunopress.it\/fr\/author\/redazione\/"}]}},"_links":{"self":[{"href":"https:\/\/www.bellunopress.it\/fr\/wp-json\/wp\/v2\/posts\/170331","targetHints":{"allow":["GET"]}}],"collection":[{"href":"https:\/\/www.bellunopress.it\/fr\/wp-json\/wp\/v2\/posts"}],"about":[{"href":"https:\/\/www.bellunopress.it\/fr\/wp-json\/wp\/v2\/types\/post"}],"author":[{"embeddable":true,"href":"https:\/\/www.bellunopress.it\/fr\/wp-json\/wp\/v2\/users\/2"}],"replies":[{"embeddable":true,"href":"https:\/\/www.bellunopress.it\/fr\/wp-json\/wp\/v2\/comments?post=170331"}],"version-history":[{"count":1,"href":"https:\/\/www.bellunopress.it\/fr\/wp-json\/wp\/v2\/posts\/170331\/revisions"}],"predecessor-version":[{"id":170333,"href":"https:\/\/www.bellunopress.it\/fr\/wp-json\/wp\/v2\/posts\/170331\/revisions\/170333"}],"wp:featuredmedia":[{"embeddable":true,"href":"https:\/\/www.bellunopress.it\/fr\/wp-json\/wp\/v2\/media\/170332"}],"wp:attachment":[{"href":"https:\/\/www.bellunopress.it\/fr\/wp-json\/wp\/v2\/media?parent=170331"}],"wp:term":[{"taxonomy":"category","embeddable":true,"href":"https:\/\/www.bellunopress.it\/fr\/wp-json\/wp\/v2\/categories?post=170331"},{"taxonomy":"post_tag","embeddable":true,"href":"https:\/\/www.bellunopress.it\/fr\/wp-json\/wp\/v2\/tags?post=170331"}],"curies":[{"name":"wp","href":"https:\/\/api.w.org\/{rel}","templated":true}]}}