{"id":170325,"date":"2026-05-21T12:08:53","date_gmt":"2026-05-21T10:08:53","guid":{"rendered":"https:\/\/www.bellunopress.it\/?p=170325"},"modified":"2026-05-21T12:10:16","modified_gmt":"2026-05-21T10:10:16","slug":"ferigutti-quello-presentato-non-e-il-progetto-culture-link","status":"publish","type":"post","link":"https:\/\/www.bellunopress.it\/fr\/2026\/05\/21\/ferigutti-quello-presentato-non-e-il-progetto-culture-link\/","title":{"rendered":"Ferigutti: quello presentato non \u00e8 il progetto &#8220;Culture Link&#8221;"},"content":{"rendered":"<p>Belluno, 21\/05\/2026 In riferimento all&#8217;incontro pubblico svoltosi presso la Sala Consiliare di Palazzo Rosso relativo al progetto &#8220;Culture Link \u2013 Fase Tre&#8221;, appare necessario chiarire pubblicamente che quanto illustrato dall&#8217;Amministrazione Comunale e dai soggetti intervenuti non corrisponde, n\u00e9 nella forma n\u00e9 nella sostanza, al progetto originariamente approvato nell&#8217;ambito del percorso condiviso con Fondazione Cariverona.<\/p>\n<p>Quello presentato oggi non \u00e8 il progetto &#8220;Culture Link&#8221; cos\u00ec come concepito, scritto e finanziato.<br \/>\n\u00c8, di fatto, un progetto profondamente diverso, che utilizza impropriamente il nome &#8220;Culture Link&#8221;, ma che ha completamente smarrito gli obiettivi strategici, il metodo di lavoro e la governance previsti nei documenti ufficiali approvati.<br \/>\nIl progetto originario non nasceva come semplice sportello di orientamento per giovani imprenditori culturali, n\u00e9 come incubatore di startup creative o piattaforma di comunicazione digitale.<br \/>\nCulture Link nasceva invece come un grande progetto territoriale di sistema, finalizzato alla costruzione di un ecosistema culturale provinciale stabile, partecipato e condiviso, capace di mettere in rete enti pubblici, associazioni, operatori culturali, giovani, istituzioni formative e soggetti economici del territorio bellunese.<br \/>\nLa documentazione ufficiale dell&#8217;Agenda Strategica \u00e8 chiarissima su questo punto.<\/p>\n<p>Il cuore del progetto era infatti:<br \/>\nla costruzione di una governance culturale provinciale condivisa;<br \/>\nla trasformazione della Fondazione Teatri delle Dolomiti in una vera cabina di regia territoriale;<br \/>\nla revisione partecipata dello statuto della Fondazione;<br \/>\nla creazione di una &#8220;Assemblea dei Partecipanti&#8221; composta dagli aderenti al partenariato Culture Link;<br \/>\nl&#8217;attivazione di tavoli di lavoro permanenti con tutte le realt\u00e0 culturali del territorio.<br \/>\nTutto questo \u00e8 scritto esplicitamente nei documenti ufficiali del progetto.<br \/>\nL&#8217;Agenda Strategica prevedeva infatti:<br \/>\nla revisione dello statuto della Fondazione;<br \/>\nl&#8217;ampliamento della compagine dei soc<br \/>\nla creazione di un nuovo organismo partecipativo provinciale;<br \/>\nla definizione di meccanismi permanenti di coordinamento culturale territoriale.<br \/>\nNulla di questo \u00e8 mai stato avviato.<br \/>\nNon sono mai stati convocati tavoli di lavoro territoriali aperti e strutturati con le associazioni aderenti. Non \u00e8 mai stato costruito il percorso partecipato previsto. Non \u00e8 mai stata attivata l&#8217;Assemblea dei Partecipanti. Non \u00e8 mai stata condivisa con la rete territoriale una proposta concreta di revisione statutaria. Non \u00e8 mai stata attuata quella governance collettiva che rappresentava la vera ossatura del progetto.<\/p>\n<p>Il progetto originario prevedeva inoltre una metodologia precisa di monitoraggio e coordinamento:<br \/>\nincontri di rete mensili verbalizzati;<br \/>\nmomenti periodici di confronto tra partner;<br \/>\ncondivisione continua degli avanzamenti;<br \/>\nmonitoraggio partecipato delle attivit\u00e0.<br \/>\nAnche questo impianto \u00e8 stato completamente disatteso.<br \/>\nI partner territoriali non sono mai stati realmente coinvolti nei processi decisionali, n\u00e9 aggiornati in maniera strutturata sull&#8217;evoluzione del progetto.<\/p>\n<p>Di conseguenza, il progetto ha progressivamente perso la propria natura di ecosistema territoriale condiviso, trasformandosi invece in una gestione centralizzata e fortemente verticalizzata, lontana dalla filosofia originaria approvata con Fondazione Cariverona.<br \/>\n\u00c8 quindi tecnicamente e politicamente scorretto affermare che il progetto starebbe procedendo &#8220;secondo le linee guida prefissate&#8221;.<br \/>\nLe linee guida originarie parlavano infatti di:<br \/>\npartecipazione territoriale;<br \/>\ngovernance condivisa;<br \/>\nco-programmazione culturale;<br \/>\nrete provinciale permanente;<br \/>\ncostruzione di un sistema culturale integrato.<br \/>\nN<\/p>\n<p>el comunicato presentato oggi non vi \u00e8 praticamente alcun riferimento concreto a questi elementi fondanti.<br \/>\nSi parla invece:<br \/>\ndi sportelli;<br \/>\ndi startup;<br \/>\ndi videopillole;<br \/>\ndi canali social;<br \/>\ndi incubazione progettuale;<br \/>\ndi servizi individuali di accompagnamento.<br \/>\nAzioni certamente legittime, ma che rappresentano soltanto una piccola componente operativa del progetto originario e che, da sole, non possono essere presentate come la realizzazione di Culture Link.<\/p>\n<p>La verit\u00e0 \u00e8 che il progetto originario \u00e8 stato progressivamente svuotato della propria dimensione sistemica e partecipativa.<br \/>\n\u00c8 stato abbandonato il percorso di costruzione di un ecosistema culturale provinciale. \u00c8 stata accantonata la visione di una Fondazione Teatri delle Dolomiti come cabina di regia territoriale aperta e condivisa. \u00c8 venuta meno la funzione di coordinamento collettivo del partenariato. \u00c8 stato sostituito un modello di governance collaborativa con una gestione accentrata e poco trasparente.<br \/>\nPer queste ragioni, risulta necessario chiedere pubblicamente:<br \/>\nperch\u00e9 il progetto originario sia stato modificato in maniera cos\u00ec radicale;<br \/>\nchi abbia assunto tali decisioni;<br \/>\ncon quale legittimazione;<br \/>\nperch\u00e9 i partner non siano mai stati<br \/>\ncoinvolti nelle modifiche sostanziali dell&#8217;impianto progettuale;<br \/>\ne in che modo Fondazione Cariverona sia stata informata di questo cambiamento strutturale rispetto agli obiettivi inizialmente approvati.<\/p>\n<p>Oggi pi\u00f9 che mai \u00e8 necessario ristabilire trasparenza, chiarezza e correttezza istituzionale.<br \/>\nPerch\u00e9 ci\u00f2 che viene presentato oggi come &#8220;Culture Link&#8221; non corrisponde pi\u00f9, n\u00e9 nella visione n\u00e9 nella governance, al progetto che era stato condiviso e finanziato all&#8217;origine.<\/p>\n<p>Prof. Massimo Ferigutti<br \/>\nEx Presidente Fondazione Teatri delle Dolomiti<br \/>\nIdeatore del progetto Culture Link<\/p>","protected":false},"excerpt":{"rendered":"<p>Belluno, 21\/05\/2026 In riferimento all&#8217;incontro pubblico svoltosi presso la Sala Consiliare di Palazzo Rosso relativo al progetto &#8220;Culture Link \u2013 Fase Tre&#8221;, appare necessario chiarire pubblicamente che quanto illustrato dall&#8217;Amministrazione Comunale e dai soggetti intervenuti non corrisponde, n\u00e9 nella forma n\u00e9 nella sostanza, al progetto originariamente approvato nell&#8217;ambito del percorso condiviso con Fondazione Cariverona. Quello [&hellip;]<\/p>\n","protected":false},"author":2,"featured_media":161290,"comment_status":"closed","ping_status":"open","sticky":false,"template":"","format":"standard","meta":{"footnotes":""},"categories":[1],"tags":[],"class_list":["post-170325","post","type-post","status-publish","format-standard","has-post-thumbnail","category-leo"],"yoast_head":"<!-- This site is optimized with the Yoast SEO plugin v28.4 - https:\/\/yoast.com\/product\/yoast-seo-wordpress\/ -->\n<title>Ferigutti: quello presentato non \u00e8 il progetto &quot;Culture Link&quot; - Bellunopress - Dolomiti<\/title>\n<meta name=\"robots\" content=\"index, follow, max-snippet:-1, max-image-preview:large, max-video-preview:-1\" \/>\n<link rel=\"canonical\" href=\"https:\/\/www.bellunopress.it\/fr\/2026\/05\/21\/ferigutti-quello-presentato-non-e-il-progetto-culture-link\/\" \/>\n<meta property=\"og:locale\" content=\"fr_FR\" \/>\n<meta property=\"og:type\" content=\"article\" \/>\n<meta property=\"og:title\" content=\"Ferigutti: quello presentato non \u00e8 il progetto &quot;Culture Link&quot; - Bellunopress - Dolomiti\" \/>\n<meta property=\"og:description\" content=\"Belluno, 21\/05\/2026 In riferimento all&#8217;incontro pubblico svoltosi presso la Sala Consiliare di Palazzo Rosso relativo al progetto &#8220;Culture Link \u2013 Fase Tre&#8221;, appare necessario chiarire pubblicamente che quanto illustrato dall&#8217;Amministrazione Comunale e dai soggetti intervenuti non corrisponde, n\u00e9 nella forma n\u00e9 nella sostanza, al progetto originariamente approvato nell&#8217;ambito del percorso condiviso con Fondazione Cariverona. Quello [&hellip;]\" \/>\n<meta property=\"og:url\" content=\"https:\/\/www.bellunopress.it\/fr\/2026\/05\/21\/ferigutti-quello-presentato-non-e-il-progetto-culture-link\/\" \/>\n<meta property=\"og:site_name\" content=\"Bellunopress - Dolomiti\" \/>\n<meta property=\"article:publisher\" content=\"https:\/\/www.facebook.com\/profile.php?id=100008943462799\" \/>\n<meta property=\"article:published_time\" content=\"2026-05-21T10:08:53+00:00\" \/>\n<meta property=\"article:modified_time\" content=\"2026-05-21T10:10:16+00:00\" \/>\n<meta property=\"og:image\" content=\"https:\/\/www.bellunopress.it\/wp-content\/uploads\/2025\/06\/Culture-link-Ferigutti_edited.jpg\" \/>\n\t<meta property=\"og:image:width\" content=\"1000\" \/>\n\t<meta property=\"og:image:height\" content=\"750\" \/>\n\t<meta property=\"og:image:type\" content=\"image\/jpeg\" \/>\n<meta name=\"author\" content=\"redazione\" \/>\n<meta name=\"twitter:card\" content=\"summary_large_image\" \/>\n<meta name=\"twitter:creator\" content=\"@bellunopress\" \/>\n<meta name=\"twitter:site\" content=\"@bellunopress\" \/>\n<meta name=\"twitter:label1\" content=\"Written by\" \/>\n\t<meta name=\"twitter:data1\" content=\"redazione\" \/>\n\t<meta name=\"twitter:label2\" content=\"Est. reading time\" \/>\n\t<meta name=\"twitter:data2\" content=\"5 minutes\" \/>\n<script type=\"application\/ld+json\" class=\"yoast-schema-graph\">{\"@context\":\"https:\\\/\\\/schema.org\",\"@graph\":[{\"@type\":\"Article\",\"@id\":\"https:\\\/\\\/www.bellunopress.it\\\/2026\\\/05\\\/21\\\/ferigutti-quello-presentato-non-e-il-progetto-culture-link\\\/#article\",\"isPartOf\":{\"@id\":\"https:\\\/\\\/www.bellunopress.it\\\/2026\\\/05\\\/21\\\/ferigutti-quello-presentato-non-e-il-progetto-culture-link\\\/\"},\"author\":{\"name\":\"redazione\",\"@id\":\"https:\\\/\\\/www.bellunopress.it\\\/#\\\/schema\\\/person\\\/79bb06722b37ece1c03d3e94beb30d73\"},\"headline\":\"Ferigutti: quello presentato non \u00e8 il progetto &#8220;Culture Link&#8221;\",\"datePublished\":\"2026-05-21T10:08:53+00:00\",\"dateModified\":\"2026-05-21T10:10:16+00:00\",\"mainEntityOfPage\":{\"@id\":\"https:\\\/\\\/www.bellunopress.it\\\/2026\\\/05\\\/21\\\/ferigutti-quello-presentato-non-e-il-progetto-culture-link\\\/\"},\"wordCount\":727,\"publisher\":{\"@id\":\"https:\\\/\\\/www.bellunopress.it\\\/#organization\"},\"image\":{\"@id\":\"https:\\\/\\\/www.bellunopress.it\\\/2026\\\/05\\\/21\\\/ferigutti-quello-presentato-non-e-il-progetto-culture-link\\\/#primaryimage\"},\"thumbnailUrl\":\"https:\\\/\\\/www.bellunopress.it\\\/wp-content\\\/uploads\\\/2025\\\/06\\\/Culture-link-Ferigutti_edited.jpg\",\"articleSection\":[\"Lettere Opinioni\"],\"inLanguage\":\"fr-FR\"},{\"@type\":\"WebPage\",\"@id\":\"https:\\\/\\\/www.bellunopress.it\\\/2026\\\/05\\\/21\\\/ferigutti-quello-presentato-non-e-il-progetto-culture-link\\\/\",\"url\":\"https:\\\/\\\/www.bellunopress.it\\\/2026\\\/05\\\/21\\\/ferigutti-quello-presentato-non-e-il-progetto-culture-link\\\/\",\"name\":\"Ferigutti: quello presentato non \u00e8 il progetto \\\"Culture Link\\\" - Bellunopress - Dolomiti\",\"isPartOf\":{\"@id\":\"https:\\\/\\\/www.bellunopress.it\\\/#website\"},\"primaryImageOfPage\":{\"@id\":\"https:\\\/\\\/www.bellunopress.it\\\/2026\\\/05\\\/21\\\/ferigutti-quello-presentato-non-e-il-progetto-culture-link\\\/#primaryimage\"},\"image\":{\"@id\":\"https:\\\/\\\/www.bellunopress.it\\\/2026\\\/05\\\/21\\\/ferigutti-quello-presentato-non-e-il-progetto-culture-link\\\/#primaryimage\"},\"thumbnailUrl\":\"https:\\\/\\\/www.bellunopress.it\\\/wp-content\\\/uploads\\\/2025\\\/06\\\/Culture-link-Ferigutti_edited.jpg\",\"datePublished\":\"2026-05-21T10:08:53+00:00\",\"dateModified\":\"2026-05-21T10:10:16+00:00\",\"breadcrumb\":{\"@id\":\"https:\\\/\\\/www.bellunopress.it\\\/2026\\\/05\\\/21\\\/ferigutti-quello-presentato-non-e-il-progetto-culture-link\\\/#breadcrumb\"},\"inLanguage\":\"fr-FR\",\"potentialAction\":[{\"@type\":\"ReadAction\",\"target\":[\"https:\\\/\\\/www.bellunopress.it\\\/2026\\\/05\\\/21\\\/ferigutti-quello-presentato-non-e-il-progetto-culture-link\\\/\"]}]},{\"@type\":\"ImageObject\",\"inLanguage\":\"fr-FR\",\"@id\":\"https:\\\/\\\/www.bellunopress.it\\\/2026\\\/05\\\/21\\\/ferigutti-quello-presentato-non-e-il-progetto-culture-link\\\/#primaryimage\",\"url\":\"https:\\\/\\\/www.bellunopress.it\\\/wp-content\\\/uploads\\\/2025\\\/06\\\/Culture-link-Ferigutti_edited.jpg\",\"contentUrl\":\"https:\\\/\\\/www.bellunopress.it\\\/wp-content\\\/uploads\\\/2025\\\/06\\\/Culture-link-Ferigutti_edited.jpg\",\"width\":1000,\"height\":750,\"caption\":\"Massimo Ferigutti, ex presidente Fondazione Teatri delle Dolomiti\"},{\"@type\":\"BreadcrumbList\",\"@id\":\"https:\\\/\\\/www.bellunopress.it\\\/2026\\\/05\\\/21\\\/ferigutti-quello-presentato-non-e-il-progetto-culture-link\\\/#breadcrumb\",\"itemListElement\":[{\"@type\":\"ListItem\",\"position\":1,\"name\":\"Home\",\"item\":\"https:\\\/\\\/www.bellunopress.it\\\/\"},{\"@type\":\"ListItem\",\"position\":2,\"name\":\"Ferigutti: quello presentato non \u00e8 il progetto &#8220;Culture Link&#8221;\"}]},{\"@type\":\"WebSite\",\"@id\":\"https:\\\/\\\/www.bellunopress.it\\\/#website\",\"url\":\"https:\\\/\\\/www.bellunopress.it\\\/\",\"name\":\"Bellunopress - Dolomiti\",\"description\":\"e-mail: redazione@bellunopress.it\",\"publisher\":{\"@id\":\"https:\\\/\\\/www.bellunopress.it\\\/#organization\"},\"potentialAction\":[{\"@type\":\"SearchAction\",\"target\":{\"@type\":\"EntryPoint\",\"urlTemplate\":\"https:\\\/\\\/www.bellunopress.it\\\/?s={search_term_string}\"},\"query-input\":{\"@type\":\"PropertyValueSpecification\",\"valueRequired\":true,\"valueName\":\"search_term_string\"}}],\"inLanguage\":\"fr-FR\"},{\"@type\":\"Organization\",\"@id\":\"https:\\\/\\\/www.bellunopress.it\\\/#organization\",\"name\":\"Bellunopress\",\"url\":\"https:\\\/\\\/www.bellunopress.it\\\/\",\"logo\":{\"@type\":\"ImageObject\",\"inLanguage\":\"fr-FR\",\"@id\":\"https:\\\/\\\/www.bellunopress.it\\\/#\\\/schema\\\/logo\\\/image\\\/\",\"url\":\"https:\\\/\\\/www.bellunopress.it\\\/wp-content\\\/uploads\\\/2011\\\/05\\\/cropped-logo-bellunopress-.jpg\",\"contentUrl\":\"https:\\\/\\\/www.bellunopress.it\\\/wp-content\\\/uploads\\\/2011\\\/05\\\/cropped-logo-bellunopress-.jpg\",\"width\":512,\"height\":512,\"caption\":\"Bellunopress\"},\"image\":{\"@id\":\"https:\\\/\\\/www.bellunopress.it\\\/#\\\/schema\\\/logo\\\/image\\\/\"},\"sameAs\":[\"https:\\\/\\\/www.facebook.com\\\/profile.php?id=100008943462799\",\"https:\\\/\\\/x.com\\\/bellunopress\",\"https:\\\/\\\/www.linkedin.com\\\/hp\\\/?dnr=JBzUWaJfMUw8vbXJJ2tVW5-I3jZKvC4wsoxE&amp;amp;amp;amp;amp;amp;trk=nav_responsive_tab_home\",\"https:\\\/\\\/www.youtube.com\\\/channel\\\/UCxL0wu1uN0_3_7hGG0306cw\"]},{\"@type\":\"Person\",\"@id\":\"https:\\\/\\\/www.bellunopress.it\\\/#\\\/schema\\\/person\\\/79bb06722b37ece1c03d3e94beb30d73\",\"name\":\"redazione\",\"image\":{\"@type\":\"ImageObject\",\"inLanguage\":\"fr-FR\",\"@id\":\"https:\\\/\\\/secure.gravatar.com\\\/avatar\\\/37d968a2e67a6fd04c169c4bdef102d0bc5d31b2546345219e348575eb80e9a0?s=96&d=mm&r=g\",\"url\":\"https:\\\/\\\/secure.gravatar.com\\\/avatar\\\/37d968a2e67a6fd04c169c4bdef102d0bc5d31b2546345219e348575eb80e9a0?s=96&d=mm&r=g\",\"contentUrl\":\"https:\\\/\\\/secure.gravatar.com\\\/avatar\\\/37d968a2e67a6fd04c169c4bdef102d0bc5d31b2546345219e348575eb80e9a0?s=96&d=mm&r=g\",\"caption\":\"redazione\"},\"sameAs\":[\"http:\\\/\\\/www.bellunopress.it\",\"https:\\\/\\\/x.com\\\/bellunopress\"],\"url\":\"https:\\\/\\\/www.bellunopress.it\\\/fr\\\/author\\\/redazione\\\/\"}]}<\/script>\n<!-- \/ Yoast SEO plugin. -->","yoast_head_json":{"title":"Ferigutti: quello presentato non \u00e8 il progetto \"Culture Link\" - Bellunopress - Dolomiti","robots":{"index":"index","follow":"follow","max-snippet":"max-snippet:-1","max-image-preview":"max-image-preview:large","max-video-preview":"max-video-preview:-1"},"canonical":"https:\/\/www.bellunopress.it\/fr\/2026\/05\/21\/ferigutti-quello-presentato-non-e-il-progetto-culture-link\/","og_locale":"fr_FR","og_type":"article","og_title":"Ferigutti: quello presentato non \u00e8 il progetto \"Culture Link\" - Bellunopress - Dolomiti","og_description":"Belluno, 21\/05\/2026 In riferimento all&#8217;incontro pubblico svoltosi presso la Sala Consiliare di Palazzo Rosso relativo al progetto &#8220;Culture Link \u2013 Fase Tre&#8221;, appare necessario chiarire pubblicamente che quanto illustrato dall&#8217;Amministrazione Comunale e dai soggetti intervenuti non corrisponde, n\u00e9 nella forma n\u00e9 nella sostanza, al progetto originariamente approvato nell&#8217;ambito del percorso condiviso con Fondazione Cariverona. Quello [&hellip;]","og_url":"https:\/\/www.bellunopress.it\/fr\/2026\/05\/21\/ferigutti-quello-presentato-non-e-il-progetto-culture-link\/","og_site_name":"Bellunopress - Dolomiti","article_publisher":"https:\/\/www.facebook.com\/profile.php?id=100008943462799","article_published_time":"2026-05-21T10:08:53+00:00","article_modified_time":"2026-05-21T10:10:16+00:00","og_image":[{"width":1000,"height":750,"url":"https:\/\/www.bellunopress.it\/wp-content\/uploads\/2025\/06\/Culture-link-Ferigutti_edited.jpg","type":"image\/jpeg"}],"author":"redazione","twitter_card":"summary_large_image","twitter_creator":"@bellunopress","twitter_site":"@bellunopress","twitter_misc":{"Written by":"redazione","Est. reading time":"5 minutes"},"schema":{"@context":"https:\/\/schema.org","@graph":[{"@type":"Article","@id":"https:\/\/www.bellunopress.it\/2026\/05\/21\/ferigutti-quello-presentato-non-e-il-progetto-culture-link\/#article","isPartOf":{"@id":"https:\/\/www.bellunopress.it\/2026\/05\/21\/ferigutti-quello-presentato-non-e-il-progetto-culture-link\/"},"author":{"name":"redazione","@id":"https:\/\/www.bellunopress.it\/#\/schema\/person\/79bb06722b37ece1c03d3e94beb30d73"},"headline":"Ferigutti: quello presentato non \u00e8 il progetto &#8220;Culture Link&#8221;","datePublished":"2026-05-21T10:08:53+00:00","dateModified":"2026-05-21T10:10:16+00:00","mainEntityOfPage":{"@id":"https:\/\/www.bellunopress.it\/2026\/05\/21\/ferigutti-quello-presentato-non-e-il-progetto-culture-link\/"},"wordCount":727,"publisher":{"@id":"https:\/\/www.bellunopress.it\/#organization"},"image":{"@id":"https:\/\/www.bellunopress.it\/2026\/05\/21\/ferigutti-quello-presentato-non-e-il-progetto-culture-link\/#primaryimage"},"thumbnailUrl":"https:\/\/www.bellunopress.it\/wp-content\/uploads\/2025\/06\/Culture-link-Ferigutti_edited.jpg","articleSection":["Lettere Opinioni"],"inLanguage":"fr-FR"},{"@type":"WebPage","@id":"https:\/\/www.bellunopress.it\/2026\/05\/21\/ferigutti-quello-presentato-non-e-il-progetto-culture-link\/","url":"https:\/\/www.bellunopress.it\/2026\/05\/21\/ferigutti-quello-presentato-non-e-il-progetto-culture-link\/","name":"Ferigutti: quello presentato non \u00e8 il progetto \"Culture Link\" - Bellunopress - Dolomiti","isPartOf":{"@id":"https:\/\/www.bellunopress.it\/#website"},"primaryImageOfPage":{"@id":"https:\/\/www.bellunopress.it\/2026\/05\/21\/ferigutti-quello-presentato-non-e-il-progetto-culture-link\/#primaryimage"},"image":{"@id":"https:\/\/www.bellunopress.it\/2026\/05\/21\/ferigutti-quello-presentato-non-e-il-progetto-culture-link\/#primaryimage"},"thumbnailUrl":"https:\/\/www.bellunopress.it\/wp-content\/uploads\/2025\/06\/Culture-link-Ferigutti_edited.jpg","datePublished":"2026-05-21T10:08:53+00:00","dateModified":"2026-05-21T10:10:16+00:00","breadcrumb":{"@id":"https:\/\/www.bellunopress.it\/2026\/05\/21\/ferigutti-quello-presentato-non-e-il-progetto-culture-link\/#breadcrumb"},"inLanguage":"fr-FR","potentialAction":[{"@type":"ReadAction","target":["https:\/\/www.bellunopress.it\/2026\/05\/21\/ferigutti-quello-presentato-non-e-il-progetto-culture-link\/"]}]},{"@type":"ImageObject","inLanguage":"fr-FR","@id":"https:\/\/www.bellunopress.it\/2026\/05\/21\/ferigutti-quello-presentato-non-e-il-progetto-culture-link\/#primaryimage","url":"https:\/\/www.bellunopress.it\/wp-content\/uploads\/2025\/06\/Culture-link-Ferigutti_edited.jpg","contentUrl":"https:\/\/www.bellunopress.it\/wp-content\/uploads\/2025\/06\/Culture-link-Ferigutti_edited.jpg","width":1000,"height":750,"caption":"Massimo Ferigutti, ex presidente Fondazione Teatri delle Dolomiti"},{"@type":"BreadcrumbList","@id":"https:\/\/www.bellunopress.it\/2026\/05\/21\/ferigutti-quello-presentato-non-e-il-progetto-culture-link\/#breadcrumb","itemListElement":[{"@type":"ListItem","position":1,"name":"Home","item":"https:\/\/www.bellunopress.it\/"},{"@type":"ListItem","position":2,"name":"Ferigutti: quello presentato non \u00e8 il progetto &#8220;Culture Link&#8221;"}]},{"@type":"WebSite","@id":"https:\/\/www.bellunopress.it\/#website","url":"https:\/\/www.bellunopress.it\/","name":"Bellunopress - Dolomiti","description":"e-mail: redazione@bellunopress.it","publisher":{"@id":"https:\/\/www.bellunopress.it\/#organization"},"potentialAction":[{"@type":"SearchAction","target":{"@type":"EntryPoint","urlTemplate":"https:\/\/www.bellunopress.it\/?s={search_term_string}"},"query-input":{"@type":"PropertyValueSpecification","valueRequired":true,"valueName":"search_term_string"}}],"inLanguage":"fr-FR"},{"@type":"Organization","@id":"https:\/\/www.bellunopress.it\/#organization","name":"Bellunopress","url":"https:\/\/www.bellunopress.it\/","logo":{"@type":"ImageObject","inLanguage":"fr-FR","@id":"https:\/\/www.bellunopress.it\/#\/schema\/logo\/image\/","url":"https:\/\/www.bellunopress.it\/wp-content\/uploads\/2011\/05\/cropped-logo-bellunopress-.jpg","contentUrl":"https:\/\/www.bellunopress.it\/wp-content\/uploads\/2011\/05\/cropped-logo-bellunopress-.jpg","width":512,"height":512,"caption":"Bellunopress"},"image":{"@id":"https:\/\/www.bellunopress.it\/#\/schema\/logo\/image\/"},"sameAs":["https:\/\/www.facebook.com\/profile.php?id=100008943462799","https:\/\/x.com\/bellunopress","https:\/\/www.linkedin.com\/hp\/?dnr=JBzUWaJfMUw8vbXJJ2tVW5-I3jZKvC4wsoxE&amp;amp;amp;amp;amp;amp;trk=nav_responsive_tab_home","https:\/\/www.youtube.com\/channel\/UCxL0wu1uN0_3_7hGG0306cw"]},{"@type":"Person","@id":"https:\/\/www.bellunopress.it\/#\/schema\/person\/79bb06722b37ece1c03d3e94beb30d73","name":"r\u00e9daction","image":{"@type":"ImageObject","inLanguage":"fr-FR","@id":"https:\/\/secure.gravatar.com\/avatar\/37d968a2e67a6fd04c169c4bdef102d0bc5d31b2546345219e348575eb80e9a0?s=96&d=mm&r=g","url":"https:\/\/secure.gravatar.com\/avatar\/37d968a2e67a6fd04c169c4bdef102d0bc5d31b2546345219e348575eb80e9a0?s=96&d=mm&r=g","contentUrl":"https:\/\/secure.gravatar.com\/avatar\/37d968a2e67a6fd04c169c4bdef102d0bc5d31b2546345219e348575eb80e9a0?s=96&d=mm&r=g","caption":"redazione"},"sameAs":["http:\/\/www.bellunopress.it","https:\/\/x.com\/bellunopress"],"url":"https:\/\/www.bellunopress.it\/fr\/author\/redazione\/"}]}},"_links":{"self":[{"href":"https:\/\/www.bellunopress.it\/fr\/wp-json\/wp\/v2\/posts\/170325","targetHints":{"allow":["GET"]}}],"collection":[{"href":"https:\/\/www.bellunopress.it\/fr\/wp-json\/wp\/v2\/posts"}],"about":[{"href":"https:\/\/www.bellunopress.it\/fr\/wp-json\/wp\/v2\/types\/post"}],"author":[{"embeddable":true,"href":"https:\/\/www.bellunopress.it\/fr\/wp-json\/wp\/v2\/users\/2"}],"replies":[{"embeddable":true,"href":"https:\/\/www.bellunopress.it\/fr\/wp-json\/wp\/v2\/comments?post=170325"}],"version-history":[{"count":2,"href":"https:\/\/www.bellunopress.it\/fr\/wp-json\/wp\/v2\/posts\/170325\/revisions"}],"predecessor-version":[{"id":170327,"href":"https:\/\/www.bellunopress.it\/fr\/wp-json\/wp\/v2\/posts\/170325\/revisions\/170327"}],"wp:featuredmedia":[{"embeddable":true,"href":"https:\/\/www.bellunopress.it\/fr\/wp-json\/wp\/v2\/media\/161290"}],"wp:attachment":[{"href":"https:\/\/www.bellunopress.it\/fr\/wp-json\/wp\/v2\/media?parent=170325"}],"wp:term":[{"taxonomy":"category","embeddable":true,"href":"https:\/\/www.bellunopress.it\/fr\/wp-json\/wp\/v2\/categories?post=170325"},{"taxonomy":"post_tag","embeddable":true,"href":"https:\/\/www.bellunopress.it\/fr\/wp-json\/wp\/v2\/tags?post=170325"}],"curies":[{"name":"wp","href":"https:\/\/api.w.org\/{rel}","templated":true}]}}