{"id":170320,"date":"2026-05-21T11:55:39","date_gmt":"2026-05-21T09:55:39","guid":{"rendered":"https:\/\/www.bellunopress.it\/?p=170320"},"modified":"2026-05-21T13:32:37","modified_gmt":"2026-05-21T11:32:37","slug":"belluno-nessuna-autorizzazione-per-il-taglio-degli-alberi-lungo-viale-fantuzzi","status":"publish","type":"post","link":"https:\/\/www.bellunopress.it\/fr\/2026\/05\/21\/belluno-nessuna-autorizzazione-per-il-taglio-degli-alberi-lungo-viale-fantuzzi\/","title":{"rendered":"Belluno, nessuna autorizzazione per il taglio degli alberi lungo viale Fantuzzi"},"content":{"rendered":"<p><strong>Italia Nostra \u2013 Sez. di Belluno e Gruppo d&#8217;Intervento Giuridico (GrIG) hanno segnalato al Ministero della Cultura, alla Soprintendenza per Archeologia, Belle Arti e Paesaggio di Padova, al Comune di Belluno, ai Carabinieri del Nucleo tutela patrimonio culturale, informando altres\u00ec la Procura della Repubblica presso il Tribunale di Belluno<\/strong><\/p>\n<p>Le associazioni ambientaliste Italia Nostra \u2013 Sezione di Belluno e Gruppo d&#8217;Intervento Giuridico (GrIG) hanno inoltrato (20 maggio 2026) una specifica istanza di accesso civico, informazioni ambientali e adozione degli opportuni provvedimenti in relazione al taglio previsto di decine di esemplari adulti di Ippocastano (Aesculus hippocastanum) lungo il Viale Fantuzzi, nel Comune di Belluno.<\/p>\n<p><img loading=\"lazy\" decoding=\"async\" class=\"aligncenter size-full wp-image-170328\" src=\"https:\/\/www.bellunopress.it\/wp-content\/uploads\/2026\/05\/Belluno-viale-Fantuzzi.jpg\" alt=\"decine di esemplari adulti di Ippocastano (Aesculus hippocastanum)\" width=\"484\" height=\"600\" srcset=\"https:\/\/www.bellunopress.it\/wp-content\/uploads\/2026\/05\/Belluno-viale-Fantuzzi.jpg 484w, https:\/\/www.bellunopress.it\/wp-content\/uploads\/2026\/05\/Belluno-viale-Fantuzzi-403x500.jpg 403w, https:\/\/www.bellunopress.it\/wp-content\/uploads\/2026\/05\/Belluno-viale-Fantuzzi-339x420.jpg 339w, https:\/\/www.bellunopress.it\/wp-content\/uploads\/2026\/05\/Belluno-viale-Fantuzzi-150x186.jpg 150w, https:\/\/www.bellunopress.it\/wp-content\/uploads\/2026\/05\/Belluno-viale-Fantuzzi-300x372.jpg 300w\" sizes=\"auto, (max-width: 484px) 100vw, 484px\" \/>Il taglio dei filari di Ippocastano (decine di esemplari) rientra nel progetto SISUS (Strategia integrata di sviluppo urbano sostenibile) dell&#8217;area urbana di Belluno (cofinanziato con PR FESR, Priorit\u00e0 2, Obiettivo 2.7, Azione 1 &#8220;Infrastrutture verdi &#8211; Belluno &#8211; Viale Fantuzzi&#8221;), comprendente la sostituzione completa degli alberi attualmente ivi viventi, a prescindere dall&#8217;effettivo e concreto stato di salute dei singoli esemplari.<\/p>\n<p>Con deliberazione Giunta comunale n. 169 del 4 settembre 2025 \u00e8 stato approvata la fattibilit\u00e0 tecnico-economica del relativo progetto,con successiva determinazione dirigenziale Comune Belluno &#8211; Area Opere Pubbliche ed Espropri n. 396 del 7 maggio 2026 \u00e8 stata disposta la relativa determinazione a contrarre, tuttavia sono soltanto alcuni gli alberi che presentano problemi di salute o di statica.<\/p>\n<p>Infatti, secondo la relazione tecnico-agronomica dott. For. Sergio Sgr\u00f2 (aprile 2024) su incarico del Comune di Belluno, su 24 alberi (Ippocastano, Aesculus hippocastanum) viventi lungo il Viale Fantuzzi esaminati con metodologia V.T.A. e prove strumentali con Resistograph solo 11 presenterebbero un indice di rischio elevato, tale da determinare la loro sostituzione, a causa di &#8220;vecchie pratiche manutentive&#8221; che hanno portato a &#8220;piante &#8230; capitozzate con conseguente degenerazione strutturale ed evoluzione negativa del quadro fitosanitario generale&#8221;.<\/p>\n<p>Il Viale Fantuzzi \u2013 presente nella Pianta della Citt\u00e0 di Belluno &#8211; P.R.G. del 14 marzo 1933 \u2013 \u00e8 tutelato con vincolo culturale (artt. 10 e ss. del decreto legislativo n. 42\/2004 e s.m.i.) e qualsiasi intervento di modifica dev&#8217;essere preventivamente autorizzato dalla competente Soprintendenza, che ha fatto presente di non esser mai stata interpellata in proposito (nota prot. n. 15302 del 19 naggio 2026). Che debba autorizzare esplicitamente \u00e8 stato detto chiaramente di recente dal T.A.R. Veneto proprio in relazione agli assurdi tagli degli alberi bellunesi di Via Feltre, mentre in assenza di comprovati pericoli statici o sanitari non pu\u00f2 farsi luogo al taglio di alberi (Cons. Stato, Sez. V, 27 ottobre 2022, n. 9178).<\/p>\n<p>In caso di mancata autorizzazione, vi sono conseguenze sanzionatorie amministrative e penali.<\/p>\n<p>Italia Nostra e GrIG hanno, quindi, coinvolto il Ministero della Cultura, la Soprintendenza per Archeologia, Belle Arti e Paesaggio di Padova, il Comune di Belluno, i Carabinieri del Nucleo tutela patrimonio culturale, informando per opportuna conoscenza la Procura della Repubblica presso il Tribunale di Belluno.<\/p>\n<p>E&#8217;, infatti, necessario verificare se via siano le preventive necessarie autorizzazioni per un intervento che pu\u00f2 senz&#8217;altro esser realizzato salvaguardando e migliorando il verde pubblico cittadino esistente, evitando un grave depauperamento del patrimonio arboreo cittadino con rilevanti conseguenze climatiche e sanitarie.<\/p>\n<p>&nbsp;<\/p>\n<p>&nbsp;<\/p>","protected":false},"excerpt":{"rendered":"<p>Italia Nostra \u2013 Sez. di Belluno e Gruppo d&#8217;Intervento Giuridico (GrIG) hanno segnalato al Ministero della Cultura, alla Soprintendenza per Archeologia, Belle Arti e Paesaggio di Padova, al Comune di Belluno, ai Carabinieri del Nucleo tutela patrimonio culturale, informando altres\u00ec la Procura della Repubblica presso il Tribunale di Belluno Le associazioni ambientaliste Italia Nostra \u2013 [&hellip;]<\/p>\n","protected":false},"author":2,"featured_media":170321,"comment_status":"closed","ping_status":"open","sticky":false,"template":"","format":"standard","meta":{"footnotes":""},"categories":[38,8],"tags":[],"class_list":["post-170320","post","type-post","status-publish","format-standard","has-post-thumbnail","category-natura-ambiente","category-societa-istituzioni"],"yoast_head":"<!-- This site is optimized with the Yoast SEO plugin v28.4 - https:\/\/yoast.com\/product\/yoast-seo-wordpress\/ -->\n<title>Belluno, nessuna autorizzazione per il taglio degli alberi lungo viale Fantuzzi - Bellunopress - Dolomiti<\/title>\n<meta name=\"robots\" content=\"index, follow, max-snippet:-1, max-image-preview:large, max-video-preview:-1\" \/>\n<link rel=\"canonical\" href=\"https:\/\/www.bellunopress.it\/fr\/2026\/05\/21\/belluno-nessuna-autorizzazione-per-il-taglio-degli-alberi-lungo-viale-fantuzzi\/\" \/>\n<meta property=\"og:locale\" content=\"fr_FR\" \/>\n<meta property=\"og:type\" content=\"article\" \/>\n<meta property=\"og:title\" content=\"Belluno, nessuna autorizzazione per il taglio degli alberi lungo viale Fantuzzi - Bellunopress - Dolomiti\" \/>\n<meta property=\"og:description\" content=\"Italia Nostra \u2013 Sez. di Belluno e Gruppo d&#8217;Intervento Giuridico (GrIG) hanno segnalato al Ministero della Cultura, alla Soprintendenza per Archeologia, Belle Arti e Paesaggio di Padova, al Comune di Belluno, ai Carabinieri del Nucleo tutela patrimonio culturale, informando altres\u00ec la Procura della Repubblica presso il Tribunale di Belluno Le associazioni ambientaliste Italia Nostra \u2013 [&hellip;]\" \/>\n<meta property=\"og:url\" content=\"https:\/\/www.bellunopress.it\/fr\/2026\/05\/21\/belluno-nessuna-autorizzazione-per-il-taglio-degli-alberi-lungo-viale-fantuzzi\/\" \/>\n<meta property=\"og:site_name\" content=\"Bellunopress - Dolomiti\" \/>\n<meta property=\"article:publisher\" content=\"https:\/\/www.facebook.com\/profile.php?id=100008943462799\" \/>\n<meta property=\"article:published_time\" content=\"2026-05-21T09:55:39+00:00\" \/>\n<meta property=\"article:modified_time\" content=\"2026-05-21T11:32:37+00:00\" \/>\n<meta property=\"og:image\" content=\"https:\/\/www.bellunopress.it\/wp-content\/uploads\/2026\/05\/viale-fantuzzi.jpg\" \/>\n\t<meta property=\"og:image:width\" content=\"559\" \/>\n\t<meta property=\"og:image:height\" content=\"601\" \/>\n\t<meta property=\"og:image:type\" content=\"image\/jpeg\" \/>\n<meta name=\"author\" content=\"redazione\" \/>\n<meta name=\"twitter:card\" content=\"summary_large_image\" \/>\n<meta name=\"twitter:creator\" content=\"@bellunopress\" \/>\n<meta name=\"twitter:site\" content=\"@bellunopress\" \/>\n<meta name=\"twitter:label1\" content=\"\u00c9crit par\" \/>\n\t<meta name=\"twitter:data1\" content=\"redazione\" \/>\n\t<meta name=\"twitter:label2\" content=\"Dur\u00e9e de lecture estim\u00e9e\" \/>\n\t<meta name=\"twitter:data2\" content=\"4 minutes\" \/>\n<script type=\"application\/ld+json\" class=\"yoast-schema-graph\">{\"@context\":\"https:\\\/\\\/schema.org\",\"@graph\":[{\"@type\":\"Article\",\"@id\":\"https:\\\/\\\/www.bellunopress.it\\\/2026\\\/05\\\/21\\\/belluno-nessuna-autorizzazione-per-il-taglio-degli-alberi-lungo-viale-fantuzzi\\\/#article\",\"isPartOf\":{\"@id\":\"https:\\\/\\\/www.bellunopress.it\\\/2026\\\/05\\\/21\\\/belluno-nessuna-autorizzazione-per-il-taglio-degli-alberi-lungo-viale-fantuzzi\\\/\"},\"author\":{\"name\":\"redazione\",\"@id\":\"https:\\\/\\\/www.bellunopress.it\\\/#\\\/schema\\\/person\\\/79bb06722b37ece1c03d3e94beb30d73\"},\"headline\":\"Belluno, nessuna autorizzazione per il taglio degli alberi lungo viale Fantuzzi\",\"datePublished\":\"2026-05-21T09:55:39+00:00\",\"dateModified\":\"2026-05-21T11:32:37+00:00\",\"mainEntityOfPage\":{\"@id\":\"https:\\\/\\\/www.bellunopress.it\\\/2026\\\/05\\\/21\\\/belluno-nessuna-autorizzazione-per-il-taglio-degli-alberi-lungo-viale-fantuzzi\\\/\"},\"wordCount\":505,\"publisher\":{\"@id\":\"https:\\\/\\\/www.bellunopress.it\\\/#organization\"},\"image\":{\"@id\":\"https:\\\/\\\/www.bellunopress.it\\\/2026\\\/05\\\/21\\\/belluno-nessuna-autorizzazione-per-il-taglio-degli-alberi-lungo-viale-fantuzzi\\\/#primaryimage\"},\"thumbnailUrl\":\"https:\\\/\\\/www.bellunopress.it\\\/wp-content\\\/uploads\\\/2026\\\/05\\\/viale-fantuzzi.jpg\",\"articleSection\":[\"Meteo, natura, ambiente, animali\",\"Societ\u00e0, Associazioni, Istituzioni\"],\"inLanguage\":\"fr-FR\"},{\"@type\":\"WebPage\",\"@id\":\"https:\\\/\\\/www.bellunopress.it\\\/2026\\\/05\\\/21\\\/belluno-nessuna-autorizzazione-per-il-taglio-degli-alberi-lungo-viale-fantuzzi\\\/\",\"url\":\"https:\\\/\\\/www.bellunopress.it\\\/2026\\\/05\\\/21\\\/belluno-nessuna-autorizzazione-per-il-taglio-degli-alberi-lungo-viale-fantuzzi\\\/\",\"name\":\"Belluno, nessuna autorizzazione per il taglio degli alberi lungo viale Fantuzzi - Bellunopress - Dolomiti\",\"isPartOf\":{\"@id\":\"https:\\\/\\\/www.bellunopress.it\\\/#website\"},\"primaryImageOfPage\":{\"@id\":\"https:\\\/\\\/www.bellunopress.it\\\/2026\\\/05\\\/21\\\/belluno-nessuna-autorizzazione-per-il-taglio-degli-alberi-lungo-viale-fantuzzi\\\/#primaryimage\"},\"image\":{\"@id\":\"https:\\\/\\\/www.bellunopress.it\\\/2026\\\/05\\\/21\\\/belluno-nessuna-autorizzazione-per-il-taglio-degli-alberi-lungo-viale-fantuzzi\\\/#primaryimage\"},\"thumbnailUrl\":\"https:\\\/\\\/www.bellunopress.it\\\/wp-content\\\/uploads\\\/2026\\\/05\\\/viale-fantuzzi.jpg\",\"datePublished\":\"2026-05-21T09:55:39+00:00\",\"dateModified\":\"2026-05-21T11:32:37+00:00\",\"breadcrumb\":{\"@id\":\"https:\\\/\\\/www.bellunopress.it\\\/2026\\\/05\\\/21\\\/belluno-nessuna-autorizzazione-per-il-taglio-degli-alberi-lungo-viale-fantuzzi\\\/#breadcrumb\"},\"inLanguage\":\"fr-FR\",\"potentialAction\":[{\"@type\":\"ReadAction\",\"target\":[\"https:\\\/\\\/www.bellunopress.it\\\/2026\\\/05\\\/21\\\/belluno-nessuna-autorizzazione-per-il-taglio-degli-alberi-lungo-viale-fantuzzi\\\/\"]}]},{\"@type\":\"ImageObject\",\"inLanguage\":\"fr-FR\",\"@id\":\"https:\\\/\\\/www.bellunopress.it\\\/2026\\\/05\\\/21\\\/belluno-nessuna-autorizzazione-per-il-taglio-degli-alberi-lungo-viale-fantuzzi\\\/#primaryimage\",\"url\":\"https:\\\/\\\/www.bellunopress.it\\\/wp-content\\\/uploads\\\/2026\\\/05\\\/viale-fantuzzi.jpg\",\"contentUrl\":\"https:\\\/\\\/www.bellunopress.it\\\/wp-content\\\/uploads\\\/2026\\\/05\\\/viale-fantuzzi.jpg\",\"width\":559,\"height\":601},{\"@type\":\"BreadcrumbList\",\"@id\":\"https:\\\/\\\/www.bellunopress.it\\\/2026\\\/05\\\/21\\\/belluno-nessuna-autorizzazione-per-il-taglio-degli-alberi-lungo-viale-fantuzzi\\\/#breadcrumb\",\"itemListElement\":[{\"@type\":\"ListItem\",\"position\":1,\"name\":\"Home\",\"item\":\"https:\\\/\\\/www.bellunopress.it\\\/\"},{\"@type\":\"ListItem\",\"position\":2,\"name\":\"Belluno, nessuna autorizzazione per il taglio degli alberi lungo viale Fantuzzi\"}]},{\"@type\":\"WebSite\",\"@id\":\"https:\\\/\\\/www.bellunopress.it\\\/#website\",\"url\":\"https:\\\/\\\/www.bellunopress.it\\\/\",\"name\":\"Bellunopress - Dolomiti\",\"description\":\"e-mail: redazione@bellunopress.it\",\"publisher\":{\"@id\":\"https:\\\/\\\/www.bellunopress.it\\\/#organization\"},\"potentialAction\":[{\"@type\":\"SearchAction\",\"target\":{\"@type\":\"EntryPoint\",\"urlTemplate\":\"https:\\\/\\\/www.bellunopress.it\\\/?s={search_term_string}\"},\"query-input\":{\"@type\":\"PropertyValueSpecification\",\"valueRequired\":true,\"valueName\":\"search_term_string\"}}],\"inLanguage\":\"fr-FR\"},{\"@type\":\"Organization\",\"@id\":\"https:\\\/\\\/www.bellunopress.it\\\/#organization\",\"name\":\"Bellunopress\",\"url\":\"https:\\\/\\\/www.bellunopress.it\\\/\",\"logo\":{\"@type\":\"ImageObject\",\"inLanguage\":\"fr-FR\",\"@id\":\"https:\\\/\\\/www.bellunopress.it\\\/#\\\/schema\\\/logo\\\/image\\\/\",\"url\":\"https:\\\/\\\/www.bellunopress.it\\\/wp-content\\\/uploads\\\/2011\\\/05\\\/cropped-logo-bellunopress-.jpg\",\"contentUrl\":\"https:\\\/\\\/www.bellunopress.it\\\/wp-content\\\/uploads\\\/2011\\\/05\\\/cropped-logo-bellunopress-.jpg\",\"width\":512,\"height\":512,\"caption\":\"Bellunopress\"},\"image\":{\"@id\":\"https:\\\/\\\/www.bellunopress.it\\\/#\\\/schema\\\/logo\\\/image\\\/\"},\"sameAs\":[\"https:\\\/\\\/www.facebook.com\\\/profile.php?id=100008943462799\",\"https:\\\/\\\/x.com\\\/bellunopress\",\"https:\\\/\\\/www.linkedin.com\\\/hp\\\/?dnr=JBzUWaJfMUw8vbXJJ2tVW5-I3jZKvC4wsoxE&amp;amp;amp;amp;amp;amp;trk=nav_responsive_tab_home\",\"https:\\\/\\\/www.youtube.com\\\/channel\\\/UCxL0wu1uN0_3_7hGG0306cw\"]},{\"@type\":\"Person\",\"@id\":\"https:\\\/\\\/www.bellunopress.it\\\/#\\\/schema\\\/person\\\/79bb06722b37ece1c03d3e94beb30d73\",\"name\":\"redazione\",\"image\":{\"@type\":\"ImageObject\",\"inLanguage\":\"fr-FR\",\"@id\":\"https:\\\/\\\/secure.gravatar.com\\\/avatar\\\/37d968a2e67a6fd04c169c4bdef102d0bc5d31b2546345219e348575eb80e9a0?s=96&d=mm&r=g\",\"url\":\"https:\\\/\\\/secure.gravatar.com\\\/avatar\\\/37d968a2e67a6fd04c169c4bdef102d0bc5d31b2546345219e348575eb80e9a0?s=96&d=mm&r=g\",\"contentUrl\":\"https:\\\/\\\/secure.gravatar.com\\\/avatar\\\/37d968a2e67a6fd04c169c4bdef102d0bc5d31b2546345219e348575eb80e9a0?s=96&d=mm&r=g\",\"caption\":\"redazione\"},\"sameAs\":[\"http:\\\/\\\/www.bellunopress.it\",\"https:\\\/\\\/x.com\\\/bellunopress\"],\"url\":\"https:\\\/\\\/www.bellunopress.it\\\/fr\\\/author\\\/redazione\\\/\"}]}<\/script>\n<!-- \/ Yoast SEO plugin. -->","yoast_head_json":{"title":"Belluno, nessuna autorizzazione per il taglio degli alberi lungo viale Fantuzzi - Bellunopress - Dolomiti","robots":{"index":"index","follow":"follow","max-snippet":"max-snippet:-1","max-image-preview":"max-image-preview:large","max-video-preview":"max-video-preview:-1"},"canonical":"https:\/\/www.bellunopress.it\/fr\/2026\/05\/21\/belluno-nessuna-autorizzazione-per-il-taglio-degli-alberi-lungo-viale-fantuzzi\/","og_locale":"fr_FR","og_type":"article","og_title":"Belluno, nessuna autorizzazione per il taglio degli alberi lungo viale Fantuzzi - Bellunopress - Dolomiti","og_description":"Italia Nostra \u2013 Sez. di Belluno e Gruppo d&#8217;Intervento Giuridico (GrIG) hanno segnalato al Ministero della Cultura, alla Soprintendenza per Archeologia, Belle Arti e Paesaggio di Padova, al Comune di Belluno, ai Carabinieri del Nucleo tutela patrimonio culturale, informando altres\u00ec la Procura della Repubblica presso il Tribunale di Belluno Le associazioni ambientaliste Italia Nostra \u2013 [&hellip;]","og_url":"https:\/\/www.bellunopress.it\/fr\/2026\/05\/21\/belluno-nessuna-autorizzazione-per-il-taglio-degli-alberi-lungo-viale-fantuzzi\/","og_site_name":"Bellunopress - Dolomiti","article_publisher":"https:\/\/www.facebook.com\/profile.php?id=100008943462799","article_published_time":"2026-05-21T09:55:39+00:00","article_modified_time":"2026-05-21T11:32:37+00:00","og_image":[{"width":559,"height":601,"url":"https:\/\/www.bellunopress.it\/wp-content\/uploads\/2026\/05\/viale-fantuzzi.jpg","type":"image\/jpeg"}],"author":"redazione","twitter_card":"summary_large_image","twitter_creator":"@bellunopress","twitter_site":"@bellunopress","twitter_misc":{"\u00c9crit par":"redazione","Dur\u00e9e de lecture estim\u00e9e":"4 minutes"},"schema":{"@context":"https:\/\/schema.org","@graph":[{"@type":"Article","@id":"https:\/\/www.bellunopress.it\/2026\/05\/21\/belluno-nessuna-autorizzazione-per-il-taglio-degli-alberi-lungo-viale-fantuzzi\/#article","isPartOf":{"@id":"https:\/\/www.bellunopress.it\/2026\/05\/21\/belluno-nessuna-autorizzazione-per-il-taglio-degli-alberi-lungo-viale-fantuzzi\/"},"author":{"name":"redazione","@id":"https:\/\/www.bellunopress.it\/#\/schema\/person\/79bb06722b37ece1c03d3e94beb30d73"},"headline":"Belluno, nessuna autorizzazione per il taglio degli alberi lungo viale Fantuzzi","datePublished":"2026-05-21T09:55:39+00:00","dateModified":"2026-05-21T11:32:37+00:00","mainEntityOfPage":{"@id":"https:\/\/www.bellunopress.it\/2026\/05\/21\/belluno-nessuna-autorizzazione-per-il-taglio-degli-alberi-lungo-viale-fantuzzi\/"},"wordCount":505,"publisher":{"@id":"https:\/\/www.bellunopress.it\/#organization"},"image":{"@id":"https:\/\/www.bellunopress.it\/2026\/05\/21\/belluno-nessuna-autorizzazione-per-il-taglio-degli-alberi-lungo-viale-fantuzzi\/#primaryimage"},"thumbnailUrl":"https:\/\/www.bellunopress.it\/wp-content\/uploads\/2026\/05\/viale-fantuzzi.jpg","articleSection":["Meteo, natura, ambiente, animali","Societ\u00e0, Associazioni, Istituzioni"],"inLanguage":"fr-FR"},{"@type":"WebPage","@id":"https:\/\/www.bellunopress.it\/2026\/05\/21\/belluno-nessuna-autorizzazione-per-il-taglio-degli-alberi-lungo-viale-fantuzzi\/","url":"https:\/\/www.bellunopress.it\/2026\/05\/21\/belluno-nessuna-autorizzazione-per-il-taglio-degli-alberi-lungo-viale-fantuzzi\/","name":"Belluno, nessuna autorizzazione per il taglio degli alberi lungo viale Fantuzzi - Bellunopress - Dolomiti","isPartOf":{"@id":"https:\/\/www.bellunopress.it\/#website"},"primaryImageOfPage":{"@id":"https:\/\/www.bellunopress.it\/2026\/05\/21\/belluno-nessuna-autorizzazione-per-il-taglio-degli-alberi-lungo-viale-fantuzzi\/#primaryimage"},"image":{"@id":"https:\/\/www.bellunopress.it\/2026\/05\/21\/belluno-nessuna-autorizzazione-per-il-taglio-degli-alberi-lungo-viale-fantuzzi\/#primaryimage"},"thumbnailUrl":"https:\/\/www.bellunopress.it\/wp-content\/uploads\/2026\/05\/viale-fantuzzi.jpg","datePublished":"2026-05-21T09:55:39+00:00","dateModified":"2026-05-21T11:32:37+00:00","breadcrumb":{"@id":"https:\/\/www.bellunopress.it\/2026\/05\/21\/belluno-nessuna-autorizzazione-per-il-taglio-degli-alberi-lungo-viale-fantuzzi\/#breadcrumb"},"inLanguage":"fr-FR","potentialAction":[{"@type":"ReadAction","target":["https:\/\/www.bellunopress.it\/2026\/05\/21\/belluno-nessuna-autorizzazione-per-il-taglio-degli-alberi-lungo-viale-fantuzzi\/"]}]},{"@type":"ImageObject","inLanguage":"fr-FR","@id":"https:\/\/www.bellunopress.it\/2026\/05\/21\/belluno-nessuna-autorizzazione-per-il-taglio-degli-alberi-lungo-viale-fantuzzi\/#primaryimage","url":"https:\/\/www.bellunopress.it\/wp-content\/uploads\/2026\/05\/viale-fantuzzi.jpg","contentUrl":"https:\/\/www.bellunopress.it\/wp-content\/uploads\/2026\/05\/viale-fantuzzi.jpg","width":559,"height":601},{"@type":"BreadcrumbList","@id":"https:\/\/www.bellunopress.it\/2026\/05\/21\/belluno-nessuna-autorizzazione-per-il-taglio-degli-alberi-lungo-viale-fantuzzi\/#breadcrumb","itemListElement":[{"@type":"ListItem","position":1,"name":"Home","item":"https:\/\/www.bellunopress.it\/"},{"@type":"ListItem","position":2,"name":"Belluno, nessuna autorizzazione per il taglio degli alberi lungo viale Fantuzzi"}]},{"@type":"WebSite","@id":"https:\/\/www.bellunopress.it\/#website","url":"https:\/\/www.bellunopress.it\/","name":"Bellunopress - Dolomiti","description":"e-mail: redazione@bellunopress.it","publisher":{"@id":"https:\/\/www.bellunopress.it\/#organization"},"potentialAction":[{"@type":"SearchAction","target":{"@type":"EntryPoint","urlTemplate":"https:\/\/www.bellunopress.it\/?s={search_term_string}"},"query-input":{"@type":"PropertyValueSpecification","valueRequired":true,"valueName":"search_term_string"}}],"inLanguage":"fr-FR"},{"@type":"Organization","@id":"https:\/\/www.bellunopress.it\/#organization","name":"Bellunopress","url":"https:\/\/www.bellunopress.it\/","logo":{"@type":"ImageObject","inLanguage":"fr-FR","@id":"https:\/\/www.bellunopress.it\/#\/schema\/logo\/image\/","url":"https:\/\/www.bellunopress.it\/wp-content\/uploads\/2011\/05\/cropped-logo-bellunopress-.jpg","contentUrl":"https:\/\/www.bellunopress.it\/wp-content\/uploads\/2011\/05\/cropped-logo-bellunopress-.jpg","width":512,"height":512,"caption":"Bellunopress"},"image":{"@id":"https:\/\/www.bellunopress.it\/#\/schema\/logo\/image\/"},"sameAs":["https:\/\/www.facebook.com\/profile.php?id=100008943462799","https:\/\/x.com\/bellunopress","https:\/\/www.linkedin.com\/hp\/?dnr=JBzUWaJfMUw8vbXJJ2tVW5-I3jZKvC4wsoxE&amp;amp;amp;amp;amp;amp;trk=nav_responsive_tab_home","https:\/\/www.youtube.com\/channel\/UCxL0wu1uN0_3_7hGG0306cw"]},{"@type":"Person","@id":"https:\/\/www.bellunopress.it\/#\/schema\/person\/79bb06722b37ece1c03d3e94beb30d73","name":"r\u00e9daction","image":{"@type":"ImageObject","inLanguage":"fr-FR","@id":"https:\/\/secure.gravatar.com\/avatar\/37d968a2e67a6fd04c169c4bdef102d0bc5d31b2546345219e348575eb80e9a0?s=96&d=mm&r=g","url":"https:\/\/secure.gravatar.com\/avatar\/37d968a2e67a6fd04c169c4bdef102d0bc5d31b2546345219e348575eb80e9a0?s=96&d=mm&r=g","contentUrl":"https:\/\/secure.gravatar.com\/avatar\/37d968a2e67a6fd04c169c4bdef102d0bc5d31b2546345219e348575eb80e9a0?s=96&d=mm&r=g","caption":"redazione"},"sameAs":["http:\/\/www.bellunopress.it","https:\/\/x.com\/bellunopress"],"url":"https:\/\/www.bellunopress.it\/fr\/author\/redazione\/"}]}},"_links":{"self":[{"href":"https:\/\/www.bellunopress.it\/fr\/wp-json\/wp\/v2\/posts\/170320","targetHints":{"allow":["GET"]}}],"collection":[{"href":"https:\/\/www.bellunopress.it\/fr\/wp-json\/wp\/v2\/posts"}],"about":[{"href":"https:\/\/www.bellunopress.it\/fr\/wp-json\/wp\/v2\/types\/post"}],"author":[{"embeddable":true,"href":"https:\/\/www.bellunopress.it\/fr\/wp-json\/wp\/v2\/users\/2"}],"replies":[{"embeddable":true,"href":"https:\/\/www.bellunopress.it\/fr\/wp-json\/wp\/v2\/comments?post=170320"}],"version-history":[{"count":4,"href":"https:\/\/www.bellunopress.it\/fr\/wp-json\/wp\/v2\/posts\/170320\/revisions"}],"predecessor-version":[{"id":170334,"href":"https:\/\/www.bellunopress.it\/fr\/wp-json\/wp\/v2\/posts\/170320\/revisions\/170334"}],"wp:featuredmedia":[{"embeddable":true,"href":"https:\/\/www.bellunopress.it\/fr\/wp-json\/wp\/v2\/media\/170321"}],"wp:attachment":[{"href":"https:\/\/www.bellunopress.it\/fr\/wp-json\/wp\/v2\/media?parent=170320"}],"wp:term":[{"taxonomy":"category","embeddable":true,"href":"https:\/\/www.bellunopress.it\/fr\/wp-json\/wp\/v2\/categories?post=170320"},{"taxonomy":"post_tag","embeddable":true,"href":"https:\/\/www.bellunopress.it\/fr\/wp-json\/wp\/v2\/tags?post=170320"}],"curies":[{"name":"wp","href":"https:\/\/api.w.org\/{rel}","templated":true}]}}