{"id":170315,"date":"2026-05-21T10:31:02","date_gmt":"2026-05-21T08:31:02","guid":{"rendered":"https:\/\/www.bellunopress.it\/?p=170315"},"modified":"2026-05-21T10:31:02","modified_gmt":"2026-05-21T08:31:02","slug":"alla-ceramica-dolomite-la-ceramica-di-scarto-torna-in-produzione","status":"publish","type":"post","link":"https:\/\/www.bellunopress.it\/fr\/2026\/05\/21\/alla-ceramica-dolomite-la-ceramica-di-scarto-torna-in-produzione\/","title":{"rendered":"Alla Ceramica Dolomite la ceramica di scarto torna in produzione"},"content":{"rendered":"<p><strong>L&#8217;azienda di Borgo Valbelluna, precursore nel settore, \u00e8 la prima in Veneto a ottenere il riconoscimento del sottoprodotto ceramico: il materiale recuperato vale fino a 45 mila sanitari l&#8217;anno<\/strong><\/p>\n<p>A Borgo Valbelluna l&#8217;economia circolare entra stabilmente nel ciclo industriale: con il riconoscimento della Regione Veneto, Ceramica Dolomite \u00e8 la prima azienda del settore del veneto ad aver ottenuto il riconoscimento dello scarto ceramico come sottoprodotto fin dall&#8217;origine. In concreto, i sanitari difettosi o non commercializzabili non vengono pi\u00f9 trattati come rifiuti speciali da smaltire all&#8217;esterno, ma come materiale recuperabile da reintrodurre direttamente nel ciclo produttivo. Un passaggio che ha benefici multipli: non solo riduce i costi di smaltimento ma limita il consumo di materie prime vergini e rende pi\u00f9 efficiente l&#8217;intero processo industriale.<\/p>\n<p>Questo importante cambio di paradigma riguarda i prodotti ceramici non commercializzabili rappresentati da circa il 15% della produzione annuale: sanitari con difetti strutturali o estetici \u2013 crepe, rotture o deformazioni \u2013 che non possono essere venduti normalmente sul mercato. Da un diverso punto di vista come l&#8217;ingegneria dei materiali questi prodotti non commercializzabili contengono ottime caratteristiche chimico-fisiche.<\/p>\n<p>\u00abAbbiamo aperto la strada ottenendo un decreto regionale che riconosce questo materiale non pi\u00f9 come rifiuto ma come sottoprodotto\u00bb, spiega Pablo Battistini, ceo di Ceramica Dolomite. \u00abPer noi significa ridurre drasticamente i costi di smaltimento, diminuire il consumo di materie prime vergini e migliorare ulteriormente la qualit\u00e0 del prodotto finale\u00bb. Alla base del risultato c&#8217;\u00e8 un percorso tecnico e di ricerca sviluppato anche con il supporto del Dipartimento di Scienze della Terra dell&#8217;Universit\u00e0 di Torino, che ha dimostrato la piena compatibilit\u00e0 del rottame ceramico (cos\u00ec si chiamano questi scarti) con gli impasti produttivi. In un anno circa 1500 tonnellate di scarto vengono riconvertite in sottoprodotto e reimmesse direttamente nel ciclo industriale. Tradotto in produzione, significa che ogni pezzo contiene del sottoprodotto che garantisce identici standard qualitativi e ne potenzia le caratteristiche meccaniche. In altri termini possiamo affermare che l&#8217;equivalente di circa 45 mila pezzi su 300 mila sanitari annui prodotti vengono realizzati con materiale riciclato senza usare materie prime vergini. Inoltre, il sottoprodotto generato pu\u00f2 essere anche inserito in altre filiere produttive come la produzione di piastrelle, manufatti ceramici e nella fibra ceramica. Per Ceramica Dolomite si tratta di un ulteriore tassello nel piano di rilancio industriale definito alla fine del 2025: l&#8217;azienda, fondata nel 1965 a Trichiana \u00e8 oggi guidata da una cordata di rinomati imprenditori veneti. Tra le realt\u00e0 simbolo della manifattura bellunese \u00e8 specializzata nella produzione di sanitari in ceramica per il bagno. Dopo una fase complessa, l&#8217;azienda \u00e8 stata al centro di un importante piano di sviluppo che ne ha rafforzato il posizionamento nel segmento premium del Made in Italy, puntando su innovazione, design e sostenibilit\u00e0 produttiva. In questa direzione si inserisce anche la recente partecipazione al Salone del Mobile, dove ha presentato un nuovo catalogo di oltre 400 pagine, segnando la volont\u00e0 di presidiare con maggiore forza il mercato dell&#8217;arredo bagno di fascia alta. \u00abSul fronte produttivo, la sostenibilit\u00e0 per noi \u00e8 diventata un asse strutturale: recupero delle acque di processo, cogenerazione ad alto rendimento attiva dal 2013, certificazioni ambientali e di prodotto e il recente riconoscimento come prima industria ceramica sanitaria certificata 100% Made in Italy\u00bb, conclude Battistini. \u00abNon si tratta solo di riciclare uno scarto: si tratta di cambiare mentalit\u00e0 industriale \u00bb.<\/p>","protected":false},"excerpt":{"rendered":"<p>L&#8217;azienda di Borgo Valbelluna, precursore nel settore, \u00e8 la prima in Veneto a ottenere il riconoscimento del sottoprodotto ceramico: il materiale recuperato vale fino a 45 mila sanitari l&#8217;anno A Borgo Valbelluna l&#8217;economia circolare entra stabilmente nel ciclo industriale: con il riconoscimento della Regione Veneto, Ceramica Dolomite \u00e8 la prima azienda del settore del veneto [&hellip;]<\/p>\n","protected":false},"author":2,"featured_media":170316,"comment_status":"closed","ping_status":"open","sticky":false,"template":"","format":"standard","meta":{"footnotes":""},"categories":[36,26],"tags":[],"class_list":["post-170315","post","type-post","status-publish","format-standard","has-post-thumbnail","category-lavoro-economia","category-prima-pagina"],"yoast_head":"<!-- This site is optimized with the Yoast SEO plugin v28.4 - https:\/\/yoast.com\/product\/yoast-seo-wordpress\/ -->\n<title>Alla Ceramica Dolomite la ceramica di scarto torna in produzione - Bellunopress - Dolomiti<\/title>\n<meta name=\"robots\" content=\"index, follow, max-snippet:-1, max-image-preview:large, max-video-preview:-1\" \/>\n<link rel=\"canonical\" href=\"https:\/\/www.bellunopress.it\/fr\/2026\/05\/21\/alla-ceramica-dolomite-la-ceramica-di-scarto-torna-in-produzione\/\" \/>\n<meta property=\"og:locale\" content=\"fr_FR\" \/>\n<meta property=\"og:type\" content=\"article\" \/>\n<meta property=\"og:title\" content=\"Alla Ceramica Dolomite la ceramica di scarto torna in produzione - Bellunopress - Dolomiti\" \/>\n<meta property=\"og:description\" content=\"L&#8217;azienda di Borgo Valbelluna, precursore nel settore, \u00e8 la prima in Veneto a ottenere il riconoscimento del sottoprodotto ceramico: il materiale recuperato vale fino a 45 mila sanitari l&#8217;anno A Borgo Valbelluna l&#8217;economia circolare entra stabilmente nel ciclo industriale: con il riconoscimento della Regione Veneto, Ceramica Dolomite \u00e8 la prima azienda del settore del veneto [&hellip;]\" \/>\n<meta property=\"og:url\" content=\"https:\/\/www.bellunopress.it\/fr\/2026\/05\/21\/alla-ceramica-dolomite-la-ceramica-di-scarto-torna-in-produzione\/\" \/>\n<meta property=\"og:site_name\" content=\"Bellunopress - Dolomiti\" \/>\n<meta property=\"article:publisher\" content=\"https:\/\/www.facebook.com\/profile.php?id=100008943462799\" \/>\n<meta property=\"article:published_time\" content=\"2026-05-21T08:31:02+00:00\" \/>\n<meta property=\"og:image\" content=\"https:\/\/www.bellunopress.it\/wp-content\/uploads\/2026\/05\/Pablo-Battistini-ceo-Ceramica-Dolomite.jpg\" \/>\n\t<meta property=\"og:image:width\" content=\"510\" \/>\n\t<meta property=\"og:image:height\" content=\"335\" \/>\n\t<meta property=\"og:image:type\" content=\"image\/jpeg\" \/>\n<meta name=\"author\" content=\"redazione\" \/>\n<meta name=\"twitter:card\" content=\"summary_large_image\" \/>\n<meta name=\"twitter:creator\" content=\"@bellunopress\" \/>\n<meta name=\"twitter:site\" content=\"@bellunopress\" \/>\n<meta name=\"twitter:label1\" content=\"\u00c9crit par\" \/>\n\t<meta name=\"twitter:data1\" content=\"redazione\" \/>\n\t<meta name=\"twitter:label2\" content=\"Dur\u00e9e de lecture estim\u00e9e\" \/>\n\t<meta name=\"twitter:data2\" content=\"4 minutes\" \/>\n<script type=\"application\/ld+json\" class=\"yoast-schema-graph\">{\"@context\":\"https:\\\/\\\/schema.org\",\"@graph\":[{\"@type\":\"Article\",\"@id\":\"https:\\\/\\\/www.bellunopress.it\\\/2026\\\/05\\\/21\\\/alla-ceramica-dolomite-la-ceramica-di-scarto-torna-in-produzione\\\/#article\",\"isPartOf\":{\"@id\":\"https:\\\/\\\/www.bellunopress.it\\\/2026\\\/05\\\/21\\\/alla-ceramica-dolomite-la-ceramica-di-scarto-torna-in-produzione\\\/\"},\"author\":{\"name\":\"redazione\",\"@id\":\"https:\\\/\\\/www.bellunopress.it\\\/#\\\/schema\\\/person\\\/79bb06722b37ece1c03d3e94beb30d73\"},\"headline\":\"Alla Ceramica Dolomite la ceramica di scarto torna in produzione\",\"datePublished\":\"2026-05-21T08:31:02+00:00\",\"mainEntityOfPage\":{\"@id\":\"https:\\\/\\\/www.bellunopress.it\\\/2026\\\/05\\\/21\\\/alla-ceramica-dolomite-la-ceramica-di-scarto-torna-in-produzione\\\/\"},\"wordCount\":552,\"publisher\":{\"@id\":\"https:\\\/\\\/www.bellunopress.it\\\/#organization\"},\"image\":{\"@id\":\"https:\\\/\\\/www.bellunopress.it\\\/2026\\\/05\\\/21\\\/alla-ceramica-dolomite-la-ceramica-di-scarto-torna-in-produzione\\\/#primaryimage\"},\"thumbnailUrl\":\"https:\\\/\\\/www.bellunopress.it\\\/wp-content\\\/uploads\\\/2026\\\/05\\\/Pablo-Battistini-ceo-Ceramica-Dolomite.jpg\",\"articleSection\":[\"Lavoro, Economia, Turismo\",\"Prima Pagina\"],\"inLanguage\":\"fr-FR\"},{\"@type\":\"WebPage\",\"@id\":\"https:\\\/\\\/www.bellunopress.it\\\/2026\\\/05\\\/21\\\/alla-ceramica-dolomite-la-ceramica-di-scarto-torna-in-produzione\\\/\",\"url\":\"https:\\\/\\\/www.bellunopress.it\\\/2026\\\/05\\\/21\\\/alla-ceramica-dolomite-la-ceramica-di-scarto-torna-in-produzione\\\/\",\"name\":\"Alla Ceramica Dolomite la ceramica di scarto torna in produzione - Bellunopress - Dolomiti\",\"isPartOf\":{\"@id\":\"https:\\\/\\\/www.bellunopress.it\\\/#website\"},\"primaryImageOfPage\":{\"@id\":\"https:\\\/\\\/www.bellunopress.it\\\/2026\\\/05\\\/21\\\/alla-ceramica-dolomite-la-ceramica-di-scarto-torna-in-produzione\\\/#primaryimage\"},\"image\":{\"@id\":\"https:\\\/\\\/www.bellunopress.it\\\/2026\\\/05\\\/21\\\/alla-ceramica-dolomite-la-ceramica-di-scarto-torna-in-produzione\\\/#primaryimage\"},\"thumbnailUrl\":\"https:\\\/\\\/www.bellunopress.it\\\/wp-content\\\/uploads\\\/2026\\\/05\\\/Pablo-Battistini-ceo-Ceramica-Dolomite.jpg\",\"datePublished\":\"2026-05-21T08:31:02+00:00\",\"breadcrumb\":{\"@id\":\"https:\\\/\\\/www.bellunopress.it\\\/2026\\\/05\\\/21\\\/alla-ceramica-dolomite-la-ceramica-di-scarto-torna-in-produzione\\\/#breadcrumb\"},\"inLanguage\":\"fr-FR\",\"potentialAction\":[{\"@type\":\"ReadAction\",\"target\":[\"https:\\\/\\\/www.bellunopress.it\\\/2026\\\/05\\\/21\\\/alla-ceramica-dolomite-la-ceramica-di-scarto-torna-in-produzione\\\/\"]}]},{\"@type\":\"ImageObject\",\"inLanguage\":\"fr-FR\",\"@id\":\"https:\\\/\\\/www.bellunopress.it\\\/2026\\\/05\\\/21\\\/alla-ceramica-dolomite-la-ceramica-di-scarto-torna-in-produzione\\\/#primaryimage\",\"url\":\"https:\\\/\\\/www.bellunopress.it\\\/wp-content\\\/uploads\\\/2026\\\/05\\\/Pablo-Battistini-ceo-Ceramica-Dolomite.jpg\",\"contentUrl\":\"https:\\\/\\\/www.bellunopress.it\\\/wp-content\\\/uploads\\\/2026\\\/05\\\/Pablo-Battistini-ceo-Ceramica-Dolomite.jpg\",\"width\":510,\"height\":335,\"caption\":\"Pablo Battistini ceo di Ceramica Dolomite\"},{\"@type\":\"BreadcrumbList\",\"@id\":\"https:\\\/\\\/www.bellunopress.it\\\/2026\\\/05\\\/21\\\/alla-ceramica-dolomite-la-ceramica-di-scarto-torna-in-produzione\\\/#breadcrumb\",\"itemListElement\":[{\"@type\":\"ListItem\",\"position\":1,\"name\":\"Home\",\"item\":\"https:\\\/\\\/www.bellunopress.it\\\/\"},{\"@type\":\"ListItem\",\"position\":2,\"name\":\"Alla Ceramica Dolomite la ceramica di scarto torna in produzione\"}]},{\"@type\":\"WebSite\",\"@id\":\"https:\\\/\\\/www.bellunopress.it\\\/#website\",\"url\":\"https:\\\/\\\/www.bellunopress.it\\\/\",\"name\":\"Bellunopress - Dolomiti\",\"description\":\"e-mail: redazione@bellunopress.it\",\"publisher\":{\"@id\":\"https:\\\/\\\/www.bellunopress.it\\\/#organization\"},\"potentialAction\":[{\"@type\":\"SearchAction\",\"target\":{\"@type\":\"EntryPoint\",\"urlTemplate\":\"https:\\\/\\\/www.bellunopress.it\\\/?s={search_term_string}\"},\"query-input\":{\"@type\":\"PropertyValueSpecification\",\"valueRequired\":true,\"valueName\":\"search_term_string\"}}],\"inLanguage\":\"fr-FR\"},{\"@type\":\"Organization\",\"@id\":\"https:\\\/\\\/www.bellunopress.it\\\/#organization\",\"name\":\"Bellunopress\",\"url\":\"https:\\\/\\\/www.bellunopress.it\\\/\",\"logo\":{\"@type\":\"ImageObject\",\"inLanguage\":\"fr-FR\",\"@id\":\"https:\\\/\\\/www.bellunopress.it\\\/#\\\/schema\\\/logo\\\/image\\\/\",\"url\":\"https:\\\/\\\/www.bellunopress.it\\\/wp-content\\\/uploads\\\/2011\\\/05\\\/cropped-logo-bellunopress-.jpg\",\"contentUrl\":\"https:\\\/\\\/www.bellunopress.it\\\/wp-content\\\/uploads\\\/2011\\\/05\\\/cropped-logo-bellunopress-.jpg\",\"width\":512,\"height\":512,\"caption\":\"Bellunopress\"},\"image\":{\"@id\":\"https:\\\/\\\/www.bellunopress.it\\\/#\\\/schema\\\/logo\\\/image\\\/\"},\"sameAs\":[\"https:\\\/\\\/www.facebook.com\\\/profile.php?id=100008943462799\",\"https:\\\/\\\/x.com\\\/bellunopress\",\"https:\\\/\\\/www.linkedin.com\\\/hp\\\/?dnr=JBzUWaJfMUw8vbXJJ2tVW5-I3jZKvC4wsoxE&amp;amp;amp;amp;amp;amp;trk=nav_responsive_tab_home\",\"https:\\\/\\\/www.youtube.com\\\/channel\\\/UCxL0wu1uN0_3_7hGG0306cw\"]},{\"@type\":\"Person\",\"@id\":\"https:\\\/\\\/www.bellunopress.it\\\/#\\\/schema\\\/person\\\/79bb06722b37ece1c03d3e94beb30d73\",\"name\":\"redazione\",\"image\":{\"@type\":\"ImageObject\",\"inLanguage\":\"fr-FR\",\"@id\":\"https:\\\/\\\/secure.gravatar.com\\\/avatar\\\/37d968a2e67a6fd04c169c4bdef102d0bc5d31b2546345219e348575eb80e9a0?s=96&d=mm&r=g\",\"url\":\"https:\\\/\\\/secure.gravatar.com\\\/avatar\\\/37d968a2e67a6fd04c169c4bdef102d0bc5d31b2546345219e348575eb80e9a0?s=96&d=mm&r=g\",\"contentUrl\":\"https:\\\/\\\/secure.gravatar.com\\\/avatar\\\/37d968a2e67a6fd04c169c4bdef102d0bc5d31b2546345219e348575eb80e9a0?s=96&d=mm&r=g\",\"caption\":\"redazione\"},\"sameAs\":[\"http:\\\/\\\/www.bellunopress.it\",\"https:\\\/\\\/x.com\\\/bellunopress\"],\"url\":\"https:\\\/\\\/www.bellunopress.it\\\/fr\\\/author\\\/redazione\\\/\"}]}<\/script>\n<!-- \/ Yoast SEO plugin. -->","yoast_head_json":{"title":"Alla Ceramica Dolomite la ceramica di scarto torna in produzione - Bellunopress - Dolomiti","robots":{"index":"index","follow":"follow","max-snippet":"max-snippet:-1","max-image-preview":"max-image-preview:large","max-video-preview":"max-video-preview:-1"},"canonical":"https:\/\/www.bellunopress.it\/fr\/2026\/05\/21\/alla-ceramica-dolomite-la-ceramica-di-scarto-torna-in-produzione\/","og_locale":"fr_FR","og_type":"article","og_title":"Alla Ceramica Dolomite la ceramica di scarto torna in produzione - Bellunopress - Dolomiti","og_description":"L&#8217;azienda di Borgo Valbelluna, precursore nel settore, \u00e8 la prima in Veneto a ottenere il riconoscimento del sottoprodotto ceramico: il materiale recuperato vale fino a 45 mila sanitari l&#8217;anno A Borgo Valbelluna l&#8217;economia circolare entra stabilmente nel ciclo industriale: con il riconoscimento della Regione Veneto, Ceramica Dolomite \u00e8 la prima azienda del settore del veneto [&hellip;]","og_url":"https:\/\/www.bellunopress.it\/fr\/2026\/05\/21\/alla-ceramica-dolomite-la-ceramica-di-scarto-torna-in-produzione\/","og_site_name":"Bellunopress - Dolomiti","article_publisher":"https:\/\/www.facebook.com\/profile.php?id=100008943462799","article_published_time":"2026-05-21T08:31:02+00:00","og_image":[{"width":510,"height":335,"url":"https:\/\/www.bellunopress.it\/wp-content\/uploads\/2026\/05\/Pablo-Battistini-ceo-Ceramica-Dolomite.jpg","type":"image\/jpeg"}],"author":"redazione","twitter_card":"summary_large_image","twitter_creator":"@bellunopress","twitter_site":"@bellunopress","twitter_misc":{"\u00c9crit par":"redazione","Dur\u00e9e de lecture estim\u00e9e":"4 minutes"},"schema":{"@context":"https:\/\/schema.org","@graph":[{"@type":"Article","@id":"https:\/\/www.bellunopress.it\/2026\/05\/21\/alla-ceramica-dolomite-la-ceramica-di-scarto-torna-in-produzione\/#article","isPartOf":{"@id":"https:\/\/www.bellunopress.it\/2026\/05\/21\/alla-ceramica-dolomite-la-ceramica-di-scarto-torna-in-produzione\/"},"author":{"name":"redazione","@id":"https:\/\/www.bellunopress.it\/#\/schema\/person\/79bb06722b37ece1c03d3e94beb30d73"},"headline":"Alla Ceramica Dolomite la ceramica di scarto torna in produzione","datePublished":"2026-05-21T08:31:02+00:00","mainEntityOfPage":{"@id":"https:\/\/www.bellunopress.it\/2026\/05\/21\/alla-ceramica-dolomite-la-ceramica-di-scarto-torna-in-produzione\/"},"wordCount":552,"publisher":{"@id":"https:\/\/www.bellunopress.it\/#organization"},"image":{"@id":"https:\/\/www.bellunopress.it\/2026\/05\/21\/alla-ceramica-dolomite-la-ceramica-di-scarto-torna-in-produzione\/#primaryimage"},"thumbnailUrl":"https:\/\/www.bellunopress.it\/wp-content\/uploads\/2026\/05\/Pablo-Battistini-ceo-Ceramica-Dolomite.jpg","articleSection":["Lavoro, Economia, Turismo","Prima Pagina"],"inLanguage":"fr-FR"},{"@type":"WebPage","@id":"https:\/\/www.bellunopress.it\/2026\/05\/21\/alla-ceramica-dolomite-la-ceramica-di-scarto-torna-in-produzione\/","url":"https:\/\/www.bellunopress.it\/2026\/05\/21\/alla-ceramica-dolomite-la-ceramica-di-scarto-torna-in-produzione\/","name":"Alla Ceramica Dolomite la ceramica di scarto torna in produzione - Bellunopress - Dolomiti","isPartOf":{"@id":"https:\/\/www.bellunopress.it\/#website"},"primaryImageOfPage":{"@id":"https:\/\/www.bellunopress.it\/2026\/05\/21\/alla-ceramica-dolomite-la-ceramica-di-scarto-torna-in-produzione\/#primaryimage"},"image":{"@id":"https:\/\/www.bellunopress.it\/2026\/05\/21\/alla-ceramica-dolomite-la-ceramica-di-scarto-torna-in-produzione\/#primaryimage"},"thumbnailUrl":"https:\/\/www.bellunopress.it\/wp-content\/uploads\/2026\/05\/Pablo-Battistini-ceo-Ceramica-Dolomite.jpg","datePublished":"2026-05-21T08:31:02+00:00","breadcrumb":{"@id":"https:\/\/www.bellunopress.it\/2026\/05\/21\/alla-ceramica-dolomite-la-ceramica-di-scarto-torna-in-produzione\/#breadcrumb"},"inLanguage":"fr-FR","potentialAction":[{"@type":"ReadAction","target":["https:\/\/www.bellunopress.it\/2026\/05\/21\/alla-ceramica-dolomite-la-ceramica-di-scarto-torna-in-produzione\/"]}]},{"@type":"ImageObject","inLanguage":"fr-FR","@id":"https:\/\/www.bellunopress.it\/2026\/05\/21\/alla-ceramica-dolomite-la-ceramica-di-scarto-torna-in-produzione\/#primaryimage","url":"https:\/\/www.bellunopress.it\/wp-content\/uploads\/2026\/05\/Pablo-Battistini-ceo-Ceramica-Dolomite.jpg","contentUrl":"https:\/\/www.bellunopress.it\/wp-content\/uploads\/2026\/05\/Pablo-Battistini-ceo-Ceramica-Dolomite.jpg","width":510,"height":335,"caption":"Pablo Battistini ceo di Ceramica Dolomite"},{"@type":"BreadcrumbList","@id":"https:\/\/www.bellunopress.it\/2026\/05\/21\/alla-ceramica-dolomite-la-ceramica-di-scarto-torna-in-produzione\/#breadcrumb","itemListElement":[{"@type":"ListItem","position":1,"name":"Home","item":"https:\/\/www.bellunopress.it\/"},{"@type":"ListItem","position":2,"name":"Alla Ceramica Dolomite la ceramica di scarto torna in produzione"}]},{"@type":"WebSite","@id":"https:\/\/www.bellunopress.it\/#website","url":"https:\/\/www.bellunopress.it\/","name":"Bellunopress - Dolomiti","description":"e-mail: redazione@bellunopress.it","publisher":{"@id":"https:\/\/www.bellunopress.it\/#organization"},"potentialAction":[{"@type":"SearchAction","target":{"@type":"EntryPoint","urlTemplate":"https:\/\/www.bellunopress.it\/?s={search_term_string}"},"query-input":{"@type":"PropertyValueSpecification","valueRequired":true,"valueName":"search_term_string"}}],"inLanguage":"fr-FR"},{"@type":"Organization","@id":"https:\/\/www.bellunopress.it\/#organization","name":"Bellunopress","url":"https:\/\/www.bellunopress.it\/","logo":{"@type":"ImageObject","inLanguage":"fr-FR","@id":"https:\/\/www.bellunopress.it\/#\/schema\/logo\/image\/","url":"https:\/\/www.bellunopress.it\/wp-content\/uploads\/2011\/05\/cropped-logo-bellunopress-.jpg","contentUrl":"https:\/\/www.bellunopress.it\/wp-content\/uploads\/2011\/05\/cropped-logo-bellunopress-.jpg","width":512,"height":512,"caption":"Bellunopress"},"image":{"@id":"https:\/\/www.bellunopress.it\/#\/schema\/logo\/image\/"},"sameAs":["https:\/\/www.facebook.com\/profile.php?id=100008943462799","https:\/\/x.com\/bellunopress","https:\/\/www.linkedin.com\/hp\/?dnr=JBzUWaJfMUw8vbXJJ2tVW5-I3jZKvC4wsoxE&amp;amp;amp;amp;amp;amp;trk=nav_responsive_tab_home","https:\/\/www.youtube.com\/channel\/UCxL0wu1uN0_3_7hGG0306cw"]},{"@type":"Person","@id":"https:\/\/www.bellunopress.it\/#\/schema\/person\/79bb06722b37ece1c03d3e94beb30d73","name":"r\u00e9daction","image":{"@type":"ImageObject","inLanguage":"fr-FR","@id":"https:\/\/secure.gravatar.com\/avatar\/37d968a2e67a6fd04c169c4bdef102d0bc5d31b2546345219e348575eb80e9a0?s=96&d=mm&r=g","url":"https:\/\/secure.gravatar.com\/avatar\/37d968a2e67a6fd04c169c4bdef102d0bc5d31b2546345219e348575eb80e9a0?s=96&d=mm&r=g","contentUrl":"https:\/\/secure.gravatar.com\/avatar\/37d968a2e67a6fd04c169c4bdef102d0bc5d31b2546345219e348575eb80e9a0?s=96&d=mm&r=g","caption":"redazione"},"sameAs":["http:\/\/www.bellunopress.it","https:\/\/x.com\/bellunopress"],"url":"https:\/\/www.bellunopress.it\/fr\/author\/redazione\/"}]}},"_links":{"self":[{"href":"https:\/\/www.bellunopress.it\/fr\/wp-json\/wp\/v2\/posts\/170315","targetHints":{"allow":["GET"]}}],"collection":[{"href":"https:\/\/www.bellunopress.it\/fr\/wp-json\/wp\/v2\/posts"}],"about":[{"href":"https:\/\/www.bellunopress.it\/fr\/wp-json\/wp\/v2\/types\/post"}],"author":[{"embeddable":true,"href":"https:\/\/www.bellunopress.it\/fr\/wp-json\/wp\/v2\/users\/2"}],"replies":[{"embeddable":true,"href":"https:\/\/www.bellunopress.it\/fr\/wp-json\/wp\/v2\/comments?post=170315"}],"version-history":[{"count":1,"href":"https:\/\/www.bellunopress.it\/fr\/wp-json\/wp\/v2\/posts\/170315\/revisions"}],"predecessor-version":[{"id":170317,"href":"https:\/\/www.bellunopress.it\/fr\/wp-json\/wp\/v2\/posts\/170315\/revisions\/170317"}],"wp:featuredmedia":[{"embeddable":true,"href":"https:\/\/www.bellunopress.it\/fr\/wp-json\/wp\/v2\/media\/170316"}],"wp:attachment":[{"href":"https:\/\/www.bellunopress.it\/fr\/wp-json\/wp\/v2\/media?parent=170315"}],"wp:term":[{"taxonomy":"category","embeddable":true,"href":"https:\/\/www.bellunopress.it\/fr\/wp-json\/wp\/v2\/categories?post=170315"},{"taxonomy":"post_tag","embeddable":true,"href":"https:\/\/www.bellunopress.it\/fr\/wp-json\/wp\/v2\/tags?post=170315"}],"curies":[{"name":"wp","href":"https:\/\/api.w.org\/{rel}","templated":true}]}}