{"id":170289,"date":"2026-05-20T15:53:21","date_gmt":"2026-05-20T13:53:21","guid":{"rendered":"https:\/\/www.bellunopress.it\/?p=170289"},"modified":"2026-05-20T15:53:21","modified_gmt":"2026-05-20T13:53:21","slug":"1926-2026-centanni-del-ponte-della-vittoria-sabato-le-cerimonie-per-festeggiare-lanniversario","status":"publish","type":"post","link":"https:\/\/www.bellunopress.it\/fr\/2026\/05\/20\/1926-2026-centanni-del-ponte-della-vittoria-sabato-le-cerimonie-per-festeggiare-lanniversario\/","title":{"rendered":"1926 \u2013 2026 Cent&#8217;anni del Ponte della Vittoria. Sabato le cerimonie per festeggiare l\u2019anniversario"},"content":{"rendered":"<p>Un secolo di storia, di passaggi quotidiani e di memoria cittadina. Sabato 23 maggio Belluno celebra i cent&#8217;anni del Ponte della Vittoria, uno dei monumenti pi\u00f9 rappresentativi della Citt\u00e0, con una cerimonia promossa dall&#8217;associazione Borgo Piave ETC in stretta collaborazione con il Comune di Belluno. \u201cDa cent&#8217;anni questa struttura accompagna la vita della Citt\u00e0 e custodisce una parte importante della nostra storia &#8211; le parole del sindaco Oscar De Pellegrin -. Celebrare questo anniversario significa riconoscere il valore di un monumento che i bellunesi sentono profondamente proprio, come dimostrano anche le migliaia di firme raccolte per la candidatura ai Luoghi del Cuore del FAI. \u00c8 un patrimonio che appartiene a tutti e ci racconta tanto del nostro passato\u201d.<\/p>\n<p>LA STORIA<br \/>\nL&#8217;inaugurazione avvenne il 23 maggio 1926 alla presenza del re Vittorio Emanuele III. Il ponte non era ancora completato, il collaudo infatti sarebbe arrivato soltanto nel 1928, ma la presenza del sovrano in Citt\u00e0 port\u00f2 ad anticipare la cerimonia inaugurale. Da allora il Ponte della Vittoria \u00e8 diventato parte integrante dell&#8217;identit\u00e0 cittadina, attraversato ogni giorno da migliaia di persone e riconosciuto come uno dei luoghi pi\u00f9 rappresentativi di Belluno.<br \/>\nProgettato dall&#8217;ingegnere Eugenio Miozzi, autore anche del Ponte dell&#8217;Accademia di Venezia, il manufatto venne concepito come un&#8217;opera monumentale dedicata alla memoria della Grande Guerra. A caratterizzarlo ancora oggi \u00e8 il ricco apparato decorativo ideato dall&#8217;architetto Riccardo Alfar\u00e8, figura che ha lasciato un segno importante nell&#8217;architettura cittadina con opere come il Cinema Italia e Palazzo Coletti.<br \/>\nRealizzato in cemento lavorato a martellina, capace di riprodurre l&#8217;aspetto della pietra, il ponte conserva numerosi elementi simbolici che ne rafforzano il valore storico e identitario. Nelle decorazioni trovano spazio le quattro strofe della Canzone del Piave, i leoni di San Marco e altri richiami al periodo storico nel quale l&#8217;opera venne realizzata, trasformando il ponte in un vero racconto scolpito della storia cittadina.<\/p>\n<p>BORGO PIAVE ETC<br \/>\nUn legame particolarmente forte, quello tra il ponte e la Citt\u00e0, confermato anche dalle 6.448 firme raccolte per la candidatura ai Luoghi del Cuore del FAI, una mobilitazione che ha testimoniato l&#8217;affetto e l&#8217;attenzione dei bellunesi verso questo monumento.<br \/>\n\u201cMolti attraversano il ponte ogni giorno senza soffermarsi sui dettagli che raccontano la sua storia &#8211; osserva Antonio Gheno, presidente di Borgo Piave ETC -, eppure nelle sue decorazioni si possono leggere il Piave, Venezia, la memoria della guerra. \u00c8 un monumento che parla della Citt\u00e0 e dei bellunesi. Questo centenario \u00e8 un invito a riscoprirlo e a guardarlo con occhi diversi, cogliendo tutta la ricchezza storica e culturale che custodisce, da qui il programma di eventi proposto per la giornata di sabato 23 maggio\u201d.<\/p>\n<p>IL PROGRAMMA DELLA GIORNATA<br \/>\n\u201cI monumenti non sono soltanto testimonianze del passato, ma strumenti attraverso i quali una comunit\u00e0 riconosce s\u00e9 stessa e la propria storia \u2013 commenta l&#8217;assessore alla cultura Raffaele Addamiano -. Il Ponte della Vittoria \u00e8 uno dei simboli di Belluno e racconta un secolo di trasformazioni, di memoria e di vita cittadina. Celebrare questo anniversario significa valorizzare un bene che fa parte del nostro paesaggio quotidiano e che contribuisce a definire l&#8217;identit\u00e0 culturale della Citt\u00e0. Ringrazio Borgo Piave ETC per aver saputo valorizzare questo anniversario con un programma che rende merito al valore storico e artistico di questo ponte\u201d.<\/p>\n<p>La manifestazione inizier\u00e0 alle 15 sul Ponte della Vittoria. Di seguito il programma dettagliato<br \/>\n15.15 Mont de Vie proporr\u00e0 un racconto dedicato alla storia dell&#8217;opera<br \/>\n15.30 Saluti del sindaco di Belluno Oscar De Pellegrin e dell\u2019assessore alla cultura Raffaele Addamiano<br \/>\n16.00 Passaggio dello SPAD XIII R, replica del velivolo utilizzato dal Maggiore Francesco Baracca durante la Prima guerra mondiale, grazie alla collaborazione della Fondazione Jonathan Collection di Nervesa della Battaglia.<br \/>\n16.30 Il Coro Oio eseguir\u00e0 un repertorio di canti dedicati alla Grande Guerra e alla memoria nazionale, dall&#8217;Inno d&#8217;Italia alla Canzone del Piave.<\/p>\n<p>La cittadinanza \u00e8 invitata.<\/p>\n<p>&nbsp;<\/p>\n<p>&nbsp;<\/p>","protected":false},"excerpt":{"rendered":"<p>Un secolo di storia, di passaggi quotidiani e di memoria cittadina. Sabato 23 maggio Belluno celebra i cent&#8217;anni del Ponte della Vittoria, uno dei monumenti pi\u00f9 rappresentativi della Citt\u00e0, con una cerimonia promossa dall&#8217;associazione Borgo Piave ETC in stretta collaborazione con il Comune di Belluno. \u201cDa cent&#8217;anni questa struttura accompagna la vita della Citt\u00e0 e [&hellip;]<\/p>\n","protected":false},"author":2,"featured_media":168463,"comment_status":"closed","ping_status":"open","sticky":false,"template":"","format":"standard","meta":{"footnotes":""},"categories":[26,8],"tags":[],"class_list":["post-170289","post","type-post","status-publish","format-standard","has-post-thumbnail","category-prima-pagina","category-societa-istituzioni"],"yoast_head":"<!-- This site is optimized with the Yoast SEO plugin v28.4 - https:\/\/yoast.com\/product\/yoast-seo-wordpress\/ -->\n<title>1926 \u2013 2026 Cent&#039;anni del Ponte della Vittoria. Sabato le cerimonie per festeggiare l\u2019anniversario - Bellunopress - Dolomiti<\/title>\n<meta name=\"robots\" content=\"index, follow, max-snippet:-1, max-image-preview:large, max-video-preview:-1\" \/>\n<link rel=\"canonical\" href=\"https:\/\/www.bellunopress.it\/fr\/2026\/05\/20\/1926-2026-centanni-del-ponte-della-vittoria-sabato-le-cerimonie-per-festeggiare-lanniversario\/\" \/>\n<meta property=\"og:locale\" content=\"fr_FR\" \/>\n<meta property=\"og:type\" content=\"article\" \/>\n<meta property=\"og:title\" content=\"1926 \u2013 2026 Cent&#039;anni del Ponte della Vittoria. Sabato le cerimonie per festeggiare l\u2019anniversario - Bellunopress - Dolomiti\" \/>\n<meta property=\"og:description\" content=\"Un secolo di storia, di passaggi quotidiani e di memoria cittadina. Sabato 23 maggio Belluno celebra i cent&#8217;anni del Ponte della Vittoria, uno dei monumenti pi\u00f9 rappresentativi della Citt\u00e0, con una cerimonia promossa dall&#8217;associazione Borgo Piave ETC in stretta collaborazione con il Comune di Belluno. \u201cDa cent&#8217;anni questa struttura accompagna la vita della Citt\u00e0 e [&hellip;]\" \/>\n<meta property=\"og:url\" content=\"https:\/\/www.bellunopress.it\/fr\/2026\/05\/20\/1926-2026-centanni-del-ponte-della-vittoria-sabato-le-cerimonie-per-festeggiare-lanniversario\/\" \/>\n<meta property=\"og:site_name\" content=\"Bellunopress - Dolomiti\" \/>\n<meta property=\"article:publisher\" content=\"https:\/\/www.facebook.com\/profile.php?id=100008943462799\" \/>\n<meta property=\"article:published_time\" content=\"2026-05-20T13:53:21+00:00\" \/>\n<meta property=\"og:image\" content=\"https:\/\/www.bellunopress.it\/wp-content\/uploads\/2026\/03\/Ponte-della-vittoria-Belluno.jpg\" \/>\n\t<meta property=\"og:image:width\" content=\"700\" \/>\n\t<meta property=\"og:image:height\" content=\"467\" \/>\n\t<meta property=\"og:image:type\" content=\"image\/jpeg\" \/>\n<meta name=\"author\" content=\"redazione\" \/>\n<meta name=\"twitter:card\" content=\"summary_large_image\" \/>\n<meta name=\"twitter:creator\" content=\"@bellunopress\" \/>\n<meta name=\"twitter:site\" content=\"@bellunopress\" \/>\n<meta name=\"twitter:label1\" content=\"Written by\" \/>\n\t<meta name=\"twitter:data1\" content=\"redazione\" \/>\n\t<meta name=\"twitter:label2\" content=\"Est. reading time\" \/>\n\t<meta name=\"twitter:data2\" content=\"4 minutes\" \/>\n<script type=\"application\/ld+json\" class=\"yoast-schema-graph\">{\"@context\":\"https:\\\/\\\/schema.org\",\"@graph\":[{\"@type\":\"Article\",\"@id\":\"https:\\\/\\\/www.bellunopress.it\\\/2026\\\/05\\\/20\\\/1926-2026-centanni-del-ponte-della-vittoria-sabato-le-cerimonie-per-festeggiare-lanniversario\\\/#article\",\"isPartOf\":{\"@id\":\"https:\\\/\\\/www.bellunopress.it\\\/2026\\\/05\\\/20\\\/1926-2026-centanni-del-ponte-della-vittoria-sabato-le-cerimonie-per-festeggiare-lanniversario\\\/\"},\"author\":{\"name\":\"redazione\",\"@id\":\"https:\\\/\\\/www.bellunopress.it\\\/#\\\/schema\\\/person\\\/79bb06722b37ece1c03d3e94beb30d73\"},\"headline\":\"1926 \u2013 2026 Cent&#8217;anni del Ponte della Vittoria. Sabato le cerimonie per festeggiare l\u2019anniversario\",\"datePublished\":\"2026-05-20T13:53:21+00:00\",\"mainEntityOfPage\":{\"@id\":\"https:\\\/\\\/www.bellunopress.it\\\/2026\\\/05\\\/20\\\/1926-2026-centanni-del-ponte-della-vittoria-sabato-le-cerimonie-per-festeggiare-lanniversario\\\/\"},\"wordCount\":651,\"publisher\":{\"@id\":\"https:\\\/\\\/www.bellunopress.it\\\/#organization\"},\"image\":{\"@id\":\"https:\\\/\\\/www.bellunopress.it\\\/2026\\\/05\\\/20\\\/1926-2026-centanni-del-ponte-della-vittoria-sabato-le-cerimonie-per-festeggiare-lanniversario\\\/#primaryimage\"},\"thumbnailUrl\":\"https:\\\/\\\/www.bellunopress.it\\\/wp-content\\\/uploads\\\/2026\\\/03\\\/Ponte-della-vittoria-Belluno.jpg\",\"articleSection\":[\"Prima Pagina\",\"Societ\u00e0, Associazioni, Istituzioni\"],\"inLanguage\":\"fr-FR\"},{\"@type\":\"WebPage\",\"@id\":\"https:\\\/\\\/www.bellunopress.it\\\/2026\\\/05\\\/20\\\/1926-2026-centanni-del-ponte-della-vittoria-sabato-le-cerimonie-per-festeggiare-lanniversario\\\/\",\"url\":\"https:\\\/\\\/www.bellunopress.it\\\/2026\\\/05\\\/20\\\/1926-2026-centanni-del-ponte-della-vittoria-sabato-le-cerimonie-per-festeggiare-lanniversario\\\/\",\"name\":\"1926 \u2013 2026 Cent'anni del Ponte della Vittoria. Sabato le cerimonie per festeggiare l\u2019anniversario - Bellunopress - Dolomiti\",\"isPartOf\":{\"@id\":\"https:\\\/\\\/www.bellunopress.it\\\/#website\"},\"primaryImageOfPage\":{\"@id\":\"https:\\\/\\\/www.bellunopress.it\\\/2026\\\/05\\\/20\\\/1926-2026-centanni-del-ponte-della-vittoria-sabato-le-cerimonie-per-festeggiare-lanniversario\\\/#primaryimage\"},\"image\":{\"@id\":\"https:\\\/\\\/www.bellunopress.it\\\/2026\\\/05\\\/20\\\/1926-2026-centanni-del-ponte-della-vittoria-sabato-le-cerimonie-per-festeggiare-lanniversario\\\/#primaryimage\"},\"thumbnailUrl\":\"https:\\\/\\\/www.bellunopress.it\\\/wp-content\\\/uploads\\\/2026\\\/03\\\/Ponte-della-vittoria-Belluno.jpg\",\"datePublished\":\"2026-05-20T13:53:21+00:00\",\"breadcrumb\":{\"@id\":\"https:\\\/\\\/www.bellunopress.it\\\/2026\\\/05\\\/20\\\/1926-2026-centanni-del-ponte-della-vittoria-sabato-le-cerimonie-per-festeggiare-lanniversario\\\/#breadcrumb\"},\"inLanguage\":\"fr-FR\",\"potentialAction\":[{\"@type\":\"ReadAction\",\"target\":[\"https:\\\/\\\/www.bellunopress.it\\\/2026\\\/05\\\/20\\\/1926-2026-centanni-del-ponte-della-vittoria-sabato-le-cerimonie-per-festeggiare-lanniversario\\\/\"]}]},{\"@type\":\"ImageObject\",\"inLanguage\":\"fr-FR\",\"@id\":\"https:\\\/\\\/www.bellunopress.it\\\/2026\\\/05\\\/20\\\/1926-2026-centanni-del-ponte-della-vittoria-sabato-le-cerimonie-per-festeggiare-lanniversario\\\/#primaryimage\",\"url\":\"https:\\\/\\\/www.bellunopress.it\\\/wp-content\\\/uploads\\\/2026\\\/03\\\/Ponte-della-vittoria-Belluno.jpg\",\"contentUrl\":\"https:\\\/\\\/www.bellunopress.it\\\/wp-content\\\/uploads\\\/2026\\\/03\\\/Ponte-della-vittoria-Belluno.jpg\",\"width\":700,\"height\":467},{\"@type\":\"BreadcrumbList\",\"@id\":\"https:\\\/\\\/www.bellunopress.it\\\/2026\\\/05\\\/20\\\/1926-2026-centanni-del-ponte-della-vittoria-sabato-le-cerimonie-per-festeggiare-lanniversario\\\/#breadcrumb\",\"itemListElement\":[{\"@type\":\"ListItem\",\"position\":1,\"name\":\"Home\",\"item\":\"https:\\\/\\\/www.bellunopress.it\\\/\"},{\"@type\":\"ListItem\",\"position\":2,\"name\":\"1926 \u2013 2026 Cent&#8217;anni del Ponte della Vittoria. Sabato le cerimonie per festeggiare l\u2019anniversario\"}]},{\"@type\":\"WebSite\",\"@id\":\"https:\\\/\\\/www.bellunopress.it\\\/#website\",\"url\":\"https:\\\/\\\/www.bellunopress.it\\\/\",\"name\":\"Bellunopress - Dolomiti\",\"description\":\"e-mail: redazione@bellunopress.it\",\"publisher\":{\"@id\":\"https:\\\/\\\/www.bellunopress.it\\\/#organization\"},\"potentialAction\":[{\"@type\":\"SearchAction\",\"target\":{\"@type\":\"EntryPoint\",\"urlTemplate\":\"https:\\\/\\\/www.bellunopress.it\\\/?s={search_term_string}\"},\"query-input\":{\"@type\":\"PropertyValueSpecification\",\"valueRequired\":true,\"valueName\":\"search_term_string\"}}],\"inLanguage\":\"fr-FR\"},{\"@type\":\"Organization\",\"@id\":\"https:\\\/\\\/www.bellunopress.it\\\/#organization\",\"name\":\"Bellunopress\",\"url\":\"https:\\\/\\\/www.bellunopress.it\\\/\",\"logo\":{\"@type\":\"ImageObject\",\"inLanguage\":\"fr-FR\",\"@id\":\"https:\\\/\\\/www.bellunopress.it\\\/#\\\/schema\\\/logo\\\/image\\\/\",\"url\":\"https:\\\/\\\/www.bellunopress.it\\\/wp-content\\\/uploads\\\/2011\\\/05\\\/cropped-logo-bellunopress-.jpg\",\"contentUrl\":\"https:\\\/\\\/www.bellunopress.it\\\/wp-content\\\/uploads\\\/2011\\\/05\\\/cropped-logo-bellunopress-.jpg\",\"width\":512,\"height\":512,\"caption\":\"Bellunopress\"},\"image\":{\"@id\":\"https:\\\/\\\/www.bellunopress.it\\\/#\\\/schema\\\/logo\\\/image\\\/\"},\"sameAs\":[\"https:\\\/\\\/www.facebook.com\\\/profile.php?id=100008943462799\",\"https:\\\/\\\/x.com\\\/bellunopress\",\"https:\\\/\\\/www.linkedin.com\\\/hp\\\/?dnr=JBzUWaJfMUw8vbXJJ2tVW5-I3jZKvC4wsoxE&amp;amp;amp;amp;amp;amp;trk=nav_responsive_tab_home\",\"https:\\\/\\\/www.youtube.com\\\/channel\\\/UCxL0wu1uN0_3_7hGG0306cw\"]},{\"@type\":\"Person\",\"@id\":\"https:\\\/\\\/www.bellunopress.it\\\/#\\\/schema\\\/person\\\/79bb06722b37ece1c03d3e94beb30d73\",\"name\":\"redazione\",\"image\":{\"@type\":\"ImageObject\",\"inLanguage\":\"fr-FR\",\"@id\":\"https:\\\/\\\/secure.gravatar.com\\\/avatar\\\/37d968a2e67a6fd04c169c4bdef102d0bc5d31b2546345219e348575eb80e9a0?s=96&d=mm&r=g\",\"url\":\"https:\\\/\\\/secure.gravatar.com\\\/avatar\\\/37d968a2e67a6fd04c169c4bdef102d0bc5d31b2546345219e348575eb80e9a0?s=96&d=mm&r=g\",\"contentUrl\":\"https:\\\/\\\/secure.gravatar.com\\\/avatar\\\/37d968a2e67a6fd04c169c4bdef102d0bc5d31b2546345219e348575eb80e9a0?s=96&d=mm&r=g\",\"caption\":\"redazione\"},\"sameAs\":[\"http:\\\/\\\/www.bellunopress.it\",\"https:\\\/\\\/x.com\\\/bellunopress\"],\"url\":\"https:\\\/\\\/www.bellunopress.it\\\/fr\\\/author\\\/redazione\\\/\"}]}<\/script>\n<!-- \/ Yoast SEO plugin. -->","yoast_head_json":{"title":"1926 \u2013 2026 Cent'anni del Ponte della Vittoria. Sabato le cerimonie per festeggiare l\u2019anniversario - Bellunopress - Dolomiti","robots":{"index":"index","follow":"follow","max-snippet":"max-snippet:-1","max-image-preview":"max-image-preview:large","max-video-preview":"max-video-preview:-1"},"canonical":"https:\/\/www.bellunopress.it\/fr\/2026\/05\/20\/1926-2026-centanni-del-ponte-della-vittoria-sabato-le-cerimonie-per-festeggiare-lanniversario\/","og_locale":"fr_FR","og_type":"article","og_title":"1926 \u2013 2026 Cent'anni del Ponte della Vittoria. Sabato le cerimonie per festeggiare l\u2019anniversario - Bellunopress - Dolomiti","og_description":"Un secolo di storia, di passaggi quotidiani e di memoria cittadina. Sabato 23 maggio Belluno celebra i cent&#8217;anni del Ponte della Vittoria, uno dei monumenti pi\u00f9 rappresentativi della Citt\u00e0, con una cerimonia promossa dall&#8217;associazione Borgo Piave ETC in stretta collaborazione con il Comune di Belluno. \u201cDa cent&#8217;anni questa struttura accompagna la vita della Citt\u00e0 e [&hellip;]","og_url":"https:\/\/www.bellunopress.it\/fr\/2026\/05\/20\/1926-2026-centanni-del-ponte-della-vittoria-sabato-le-cerimonie-per-festeggiare-lanniversario\/","og_site_name":"Bellunopress - Dolomiti","article_publisher":"https:\/\/www.facebook.com\/profile.php?id=100008943462799","article_published_time":"2026-05-20T13:53:21+00:00","og_image":[{"width":700,"height":467,"url":"https:\/\/www.bellunopress.it\/wp-content\/uploads\/2026\/03\/Ponte-della-vittoria-Belluno.jpg","type":"image\/jpeg"}],"author":"redazione","twitter_card":"summary_large_image","twitter_creator":"@bellunopress","twitter_site":"@bellunopress","twitter_misc":{"Written by":"redazione","Est. reading time":"4 minutes"},"schema":{"@context":"https:\/\/schema.org","@graph":[{"@type":"Article","@id":"https:\/\/www.bellunopress.it\/2026\/05\/20\/1926-2026-centanni-del-ponte-della-vittoria-sabato-le-cerimonie-per-festeggiare-lanniversario\/#article","isPartOf":{"@id":"https:\/\/www.bellunopress.it\/2026\/05\/20\/1926-2026-centanni-del-ponte-della-vittoria-sabato-le-cerimonie-per-festeggiare-lanniversario\/"},"author":{"name":"redazione","@id":"https:\/\/www.bellunopress.it\/#\/schema\/person\/79bb06722b37ece1c03d3e94beb30d73"},"headline":"1926 \u2013 2026 Cent&#8217;anni del Ponte della Vittoria. Sabato le cerimonie per festeggiare l\u2019anniversario","datePublished":"2026-05-20T13:53:21+00:00","mainEntityOfPage":{"@id":"https:\/\/www.bellunopress.it\/2026\/05\/20\/1926-2026-centanni-del-ponte-della-vittoria-sabato-le-cerimonie-per-festeggiare-lanniversario\/"},"wordCount":651,"publisher":{"@id":"https:\/\/www.bellunopress.it\/#organization"},"image":{"@id":"https:\/\/www.bellunopress.it\/2026\/05\/20\/1926-2026-centanni-del-ponte-della-vittoria-sabato-le-cerimonie-per-festeggiare-lanniversario\/#primaryimage"},"thumbnailUrl":"https:\/\/www.bellunopress.it\/wp-content\/uploads\/2026\/03\/Ponte-della-vittoria-Belluno.jpg","articleSection":["Prima Pagina","Societ\u00e0, Associazioni, Istituzioni"],"inLanguage":"fr-FR"},{"@type":"WebPage","@id":"https:\/\/www.bellunopress.it\/2026\/05\/20\/1926-2026-centanni-del-ponte-della-vittoria-sabato-le-cerimonie-per-festeggiare-lanniversario\/","url":"https:\/\/www.bellunopress.it\/2026\/05\/20\/1926-2026-centanni-del-ponte-della-vittoria-sabato-le-cerimonie-per-festeggiare-lanniversario\/","name":"1926 \u2013 2026 Cent'anni del Ponte della Vittoria. Sabato le cerimonie per festeggiare l\u2019anniversario - Bellunopress - Dolomiti","isPartOf":{"@id":"https:\/\/www.bellunopress.it\/#website"},"primaryImageOfPage":{"@id":"https:\/\/www.bellunopress.it\/2026\/05\/20\/1926-2026-centanni-del-ponte-della-vittoria-sabato-le-cerimonie-per-festeggiare-lanniversario\/#primaryimage"},"image":{"@id":"https:\/\/www.bellunopress.it\/2026\/05\/20\/1926-2026-centanni-del-ponte-della-vittoria-sabato-le-cerimonie-per-festeggiare-lanniversario\/#primaryimage"},"thumbnailUrl":"https:\/\/www.bellunopress.it\/wp-content\/uploads\/2026\/03\/Ponte-della-vittoria-Belluno.jpg","datePublished":"2026-05-20T13:53:21+00:00","breadcrumb":{"@id":"https:\/\/www.bellunopress.it\/2026\/05\/20\/1926-2026-centanni-del-ponte-della-vittoria-sabato-le-cerimonie-per-festeggiare-lanniversario\/#breadcrumb"},"inLanguage":"fr-FR","potentialAction":[{"@type":"ReadAction","target":["https:\/\/www.bellunopress.it\/2026\/05\/20\/1926-2026-centanni-del-ponte-della-vittoria-sabato-le-cerimonie-per-festeggiare-lanniversario\/"]}]},{"@type":"ImageObject","inLanguage":"fr-FR","@id":"https:\/\/www.bellunopress.it\/2026\/05\/20\/1926-2026-centanni-del-ponte-della-vittoria-sabato-le-cerimonie-per-festeggiare-lanniversario\/#primaryimage","url":"https:\/\/www.bellunopress.it\/wp-content\/uploads\/2026\/03\/Ponte-della-vittoria-Belluno.jpg","contentUrl":"https:\/\/www.bellunopress.it\/wp-content\/uploads\/2026\/03\/Ponte-della-vittoria-Belluno.jpg","width":700,"height":467},{"@type":"BreadcrumbList","@id":"https:\/\/www.bellunopress.it\/2026\/05\/20\/1926-2026-centanni-del-ponte-della-vittoria-sabato-le-cerimonie-per-festeggiare-lanniversario\/#breadcrumb","itemListElement":[{"@type":"ListItem","position":1,"name":"Home","item":"https:\/\/www.bellunopress.it\/"},{"@type":"ListItem","position":2,"name":"1926 \u2013 2026 Cent&#8217;anni del Ponte della Vittoria. Sabato le cerimonie per festeggiare l\u2019anniversario"}]},{"@type":"WebSite","@id":"https:\/\/www.bellunopress.it\/#website","url":"https:\/\/www.bellunopress.it\/","name":"Bellunopress - Dolomiti","description":"e-mail: redazione@bellunopress.it","publisher":{"@id":"https:\/\/www.bellunopress.it\/#organization"},"potentialAction":[{"@type":"SearchAction","target":{"@type":"EntryPoint","urlTemplate":"https:\/\/www.bellunopress.it\/?s={search_term_string}"},"query-input":{"@type":"PropertyValueSpecification","valueRequired":true,"valueName":"search_term_string"}}],"inLanguage":"fr-FR"},{"@type":"Organization","@id":"https:\/\/www.bellunopress.it\/#organization","name":"Bellunopress","url":"https:\/\/www.bellunopress.it\/","logo":{"@type":"ImageObject","inLanguage":"fr-FR","@id":"https:\/\/www.bellunopress.it\/#\/schema\/logo\/image\/","url":"https:\/\/www.bellunopress.it\/wp-content\/uploads\/2011\/05\/cropped-logo-bellunopress-.jpg","contentUrl":"https:\/\/www.bellunopress.it\/wp-content\/uploads\/2011\/05\/cropped-logo-bellunopress-.jpg","width":512,"height":512,"caption":"Bellunopress"},"image":{"@id":"https:\/\/www.bellunopress.it\/#\/schema\/logo\/image\/"},"sameAs":["https:\/\/www.facebook.com\/profile.php?id=100008943462799","https:\/\/x.com\/bellunopress","https:\/\/www.linkedin.com\/hp\/?dnr=JBzUWaJfMUw8vbXJJ2tVW5-I3jZKvC4wsoxE&amp;amp;amp;amp;amp;amp;trk=nav_responsive_tab_home","https:\/\/www.youtube.com\/channel\/UCxL0wu1uN0_3_7hGG0306cw"]},{"@type":"Person","@id":"https:\/\/www.bellunopress.it\/#\/schema\/person\/79bb06722b37ece1c03d3e94beb30d73","name":"r\u00e9daction","image":{"@type":"ImageObject","inLanguage":"fr-FR","@id":"https:\/\/secure.gravatar.com\/avatar\/37d968a2e67a6fd04c169c4bdef102d0bc5d31b2546345219e348575eb80e9a0?s=96&d=mm&r=g","url":"https:\/\/secure.gravatar.com\/avatar\/37d968a2e67a6fd04c169c4bdef102d0bc5d31b2546345219e348575eb80e9a0?s=96&d=mm&r=g","contentUrl":"https:\/\/secure.gravatar.com\/avatar\/37d968a2e67a6fd04c169c4bdef102d0bc5d31b2546345219e348575eb80e9a0?s=96&d=mm&r=g","caption":"redazione"},"sameAs":["http:\/\/www.bellunopress.it","https:\/\/x.com\/bellunopress"],"url":"https:\/\/www.bellunopress.it\/fr\/author\/redazione\/"}]}},"_links":{"self":[{"href":"https:\/\/www.bellunopress.it\/fr\/wp-json\/wp\/v2\/posts\/170289","targetHints":{"allow":["GET"]}}],"collection":[{"href":"https:\/\/www.bellunopress.it\/fr\/wp-json\/wp\/v2\/posts"}],"about":[{"href":"https:\/\/www.bellunopress.it\/fr\/wp-json\/wp\/v2\/types\/post"}],"author":[{"embeddable":true,"href":"https:\/\/www.bellunopress.it\/fr\/wp-json\/wp\/v2\/users\/2"}],"replies":[{"embeddable":true,"href":"https:\/\/www.bellunopress.it\/fr\/wp-json\/wp\/v2\/comments?post=170289"}],"version-history":[{"count":1,"href":"https:\/\/www.bellunopress.it\/fr\/wp-json\/wp\/v2\/posts\/170289\/revisions"}],"predecessor-version":[{"id":170290,"href":"https:\/\/www.bellunopress.it\/fr\/wp-json\/wp\/v2\/posts\/170289\/revisions\/170290"}],"wp:featuredmedia":[{"embeddable":true,"href":"https:\/\/www.bellunopress.it\/fr\/wp-json\/wp\/v2\/media\/168463"}],"wp:attachment":[{"href":"https:\/\/www.bellunopress.it\/fr\/wp-json\/wp\/v2\/media?parent=170289"}],"wp:term":[{"taxonomy":"category","embeddable":true,"href":"https:\/\/www.bellunopress.it\/fr\/wp-json\/wp\/v2\/categories?post=170289"},{"taxonomy":"post_tag","embeddable":true,"href":"https:\/\/www.bellunopress.it\/fr\/wp-json\/wp\/v2\/tags?post=170289"}],"curies":[{"name":"wp","href":"https:\/\/api.w.org\/{rel}","templated":true}]}}