{"id":170286,"date":"2026-05-20T15:16:00","date_gmt":"2026-05-20T13:16:00","guid":{"rendered":"https:\/\/www.bellunopress.it\/?p=170286"},"modified":"2026-05-20T15:16:00","modified_gmt":"2026-05-20T13:16:00","slug":"piccoli-carabinieri-per-un-giorno-le-scuole-di-san-vito-in-visita-alla-caserma","status":"publish","type":"post","link":"https:\/\/www.bellunopress.it\/fr\/2026\/05\/20\/piccoli-carabinieri-per-un-giorno-le-scuole-di-san-vito-in-visita-alla-caserma\/","title":{"rendered":"Piccoli carabinieri per un giorno: le scuole di San Vito in visita alla Caserma"},"content":{"rendered":"<p>San Vito di Cadore \u2013 Non capita tutti i giorni di poter salire su una pattuglia o di vedere da vicino dove batte il cuore della sicurezza cittadina. Venerd\u00ec 15 maggio, trentatr\u00e9 piccoli studenti delle classi prima e seconda elementare di San Vito di Cadore hanno vissuto una mattinata speciale, diventando ospiti d&#8217;onore del Comando Stazione Carabinieri locale.<\/p>\n<p>L&#8217;iniziativa, che si inserisce nel progetto nazionale dell&#8217;Arma dedicato alla &#8220;Cultura della Legalit\u00e0&#8221;, ha visto i bambini (accompagnati da cinque insegnanti) varcare la soglia della caserma per un tour guidato dai militari. L&#8217;obiettivo? Abbattere il muro di timore che a volte la divisa pu\u00f2 incutere e trasformarla, agli occhi dei cittadini di domani, in un punto di riferimento amichevole e sempre pronto all&#8217;ascolto.<\/p>\n<p>I militari della Stazione hanno aperto i garage e gli uffici, mostrando i mezzi di servizio \u2013 da sempre l&#8217;attrazione preferita dai pi\u00f9 piccoli \u2013 e spiegando come si svolge la giornata tipo di chi vigila sul territorio. Ma oltre al fascino delle &#8220;Gazzelle&#8221;, c\u2019\u00e8 stato spazio per il dialogo: con un linguaggio semplice e diretto, i Carabinieri hanno affrontato temi cruciali come:<\/p>\n<ul>\n<li>Il rispetto delle regole e l&#8217;importanza dell&#8217;amicizia;<\/li>\n<li>La prevenzione del bullismo, spiegando come riconoscere i comportamenti sbagliati;<\/li>\n<li>Il concetto di sicurezza partecipata, dove ognuno pu\u00f2 fare la propria parte.<\/li>\n<\/ul>\n<p>L&#8217;incontro si \u00e8 concluso in un clima di grande convivialit\u00e0, tra raffiche di domande curiose e risate. Pi\u00f9 che una semplice gita scolastica, la visita \u00e8 stata un momento di educazione civica sul campo.<\/p>\n<p>&#8220;Far comprendere ai piccoli cittadini di oggi quanto all&#8217;Arma stia a cuore il benessere della comunit\u00e0&#8221; \u2013 spiegano dal Comando \u2013 &#8220;\u00e8 l&#8217;obiettivo pi\u00f9 prezioso di queste giornate&#8221;.<\/p>\n<p>Un&#8217;esperienza che i 33 alunni porteranno sicuramente nel cuore e che conferma il legame profondo tra l&#8217;Arma e le istituzioni scolastiche del Cadore, in un percorso di vicinanza che prosegue ormai con successo da diversi anni.<\/p>","protected":false},"excerpt":{"rendered":"<p>San Vito di Cadore \u2013 Non capita tutti i giorni di poter salire su una pattuglia o di vedere da vicino dove batte il cuore della sicurezza cittadina. Venerd\u00ec 15 maggio, trentatr\u00e9 piccoli studenti delle classi prima e seconda elementare di San Vito di Cadore hanno vissuto una mattinata speciale, diventando ospiti d&#8217;onore del Comando [&hellip;]<\/p>\n","protected":false},"author":2,"featured_media":170287,"comment_status":"closed","ping_status":"open","sticky":false,"template":"","format":"standard","meta":{"footnotes":""},"categories":[15,8],"tags":[],"class_list":["post-170286","post","type-post","status-publish","format-standard","has-post-thumbnail","category-scuola","category-societa-istituzioni"],"yoast_head":"<!-- This site is optimized with the Yoast SEO plugin v28.4 - https:\/\/yoast.com\/product\/yoast-seo-wordpress\/ -->\n<title>Piccoli carabinieri per un giorno: le scuole di San Vito in visita alla Caserma - Bellunopress - Dolomiti<\/title>\n<meta name=\"robots\" content=\"index, follow, max-snippet:-1, max-image-preview:large, max-video-preview:-1\" \/>\n<link rel=\"canonical\" href=\"https:\/\/www.bellunopress.it\/fr\/2026\/05\/20\/piccoli-carabinieri-per-un-giorno-le-scuole-di-san-vito-in-visita-alla-caserma\/\" \/>\n<meta property=\"og:locale\" content=\"fr_FR\" \/>\n<meta property=\"og:type\" content=\"article\" \/>\n<meta property=\"og:title\" content=\"Piccoli carabinieri per un giorno: le scuole di San Vito in visita alla Caserma - Bellunopress - Dolomiti\" \/>\n<meta property=\"og:description\" content=\"San Vito di Cadore \u2013 Non capita tutti i giorni di poter salire su una pattuglia o di vedere da vicino dove batte il cuore della sicurezza cittadina. Venerd\u00ec 15 maggio, trentatr\u00e9 piccoli studenti delle classi prima e seconda elementare di San Vito di Cadore hanno vissuto una mattinata speciale, diventando ospiti d&#8217;onore del Comando [&hellip;]\" \/>\n<meta property=\"og:url\" content=\"https:\/\/www.bellunopress.it\/fr\/2026\/05\/20\/piccoli-carabinieri-per-un-giorno-le-scuole-di-san-vito-in-visita-alla-caserma\/\" \/>\n<meta property=\"og:site_name\" content=\"Bellunopress - Dolomiti\" \/>\n<meta property=\"article:publisher\" content=\"https:\/\/www.facebook.com\/profile.php?id=100008943462799\" \/>\n<meta property=\"article:published_time\" content=\"2026-05-20T13:16:00+00:00\" \/>\n<meta property=\"og:image\" content=\"https:\/\/www.bellunopress.it\/wp-content\/uploads\/2026\/05\/carabinieri-per-un-giorno-san-vito-cad.jpg\" \/>\n\t<meta property=\"og:image:width\" content=\"495\" \/>\n\t<meta property=\"og:image:height\" content=\"500\" \/>\n\t<meta property=\"og:image:type\" content=\"image\/jpeg\" \/>\n<meta name=\"author\" content=\"redazione\" \/>\n<meta name=\"twitter:card\" content=\"summary_large_image\" \/>\n<meta name=\"twitter:creator\" content=\"@bellunopress\" \/>\n<meta name=\"twitter:site\" content=\"@bellunopress\" \/>\n<meta name=\"twitter:label1\" content=\"Written by\" \/>\n\t<meta name=\"twitter:data1\" content=\"redazione\" \/>\n\t<meta name=\"twitter:label2\" content=\"Est. reading time\" \/>\n\t<meta name=\"twitter:data2\" content=\"2 minutes\" \/>\n<script type=\"application\/ld+json\" class=\"yoast-schema-graph\">{\"@context\":\"https:\\\/\\\/schema.org\",\"@graph\":[{\"@type\":\"Article\",\"@id\":\"https:\\\/\\\/www.bellunopress.it\\\/2026\\\/05\\\/20\\\/piccoli-carabinieri-per-un-giorno-le-scuole-di-san-vito-in-visita-alla-caserma\\\/#article\",\"isPartOf\":{\"@id\":\"https:\\\/\\\/www.bellunopress.it\\\/2026\\\/05\\\/20\\\/piccoli-carabinieri-per-un-giorno-le-scuole-di-san-vito-in-visita-alla-caserma\\\/\"},\"author\":{\"name\":\"redazione\",\"@id\":\"https:\\\/\\\/www.bellunopress.it\\\/#\\\/schema\\\/person\\\/79bb06722b37ece1c03d3e94beb30d73\"},\"headline\":\"Piccoli carabinieri per un giorno: le scuole di San Vito in visita alla Caserma\",\"datePublished\":\"2026-05-20T13:16:00+00:00\",\"mainEntityOfPage\":{\"@id\":\"https:\\\/\\\/www.bellunopress.it\\\/2026\\\/05\\\/20\\\/piccoli-carabinieri-per-un-giorno-le-scuole-di-san-vito-in-visita-alla-caserma\\\/\"},\"wordCount\":328,\"publisher\":{\"@id\":\"https:\\\/\\\/www.bellunopress.it\\\/#organization\"},\"image\":{\"@id\":\"https:\\\/\\\/www.bellunopress.it\\\/2026\\\/05\\\/20\\\/piccoli-carabinieri-per-un-giorno-le-scuole-di-san-vito-in-visita-alla-caserma\\\/#primaryimage\"},\"thumbnailUrl\":\"https:\\\/\\\/www.bellunopress.it\\\/wp-content\\\/uploads\\\/2026\\\/05\\\/carabinieri-per-un-giorno-san-vito-cad.jpg\",\"articleSection\":[\"Scuola\",\"Societ\u00e0, Associazioni, Istituzioni\"],\"inLanguage\":\"fr-FR\"},{\"@type\":\"WebPage\",\"@id\":\"https:\\\/\\\/www.bellunopress.it\\\/2026\\\/05\\\/20\\\/piccoli-carabinieri-per-un-giorno-le-scuole-di-san-vito-in-visita-alla-caserma\\\/\",\"url\":\"https:\\\/\\\/www.bellunopress.it\\\/2026\\\/05\\\/20\\\/piccoli-carabinieri-per-un-giorno-le-scuole-di-san-vito-in-visita-alla-caserma\\\/\",\"name\":\"Piccoli carabinieri per un giorno: le scuole di San Vito in visita alla Caserma - Bellunopress - Dolomiti\",\"isPartOf\":{\"@id\":\"https:\\\/\\\/www.bellunopress.it\\\/#website\"},\"primaryImageOfPage\":{\"@id\":\"https:\\\/\\\/www.bellunopress.it\\\/2026\\\/05\\\/20\\\/piccoli-carabinieri-per-un-giorno-le-scuole-di-san-vito-in-visita-alla-caserma\\\/#primaryimage\"},\"image\":{\"@id\":\"https:\\\/\\\/www.bellunopress.it\\\/2026\\\/05\\\/20\\\/piccoli-carabinieri-per-un-giorno-le-scuole-di-san-vito-in-visita-alla-caserma\\\/#primaryimage\"},\"thumbnailUrl\":\"https:\\\/\\\/www.bellunopress.it\\\/wp-content\\\/uploads\\\/2026\\\/05\\\/carabinieri-per-un-giorno-san-vito-cad.jpg\",\"datePublished\":\"2026-05-20T13:16:00+00:00\",\"breadcrumb\":{\"@id\":\"https:\\\/\\\/www.bellunopress.it\\\/2026\\\/05\\\/20\\\/piccoli-carabinieri-per-un-giorno-le-scuole-di-san-vito-in-visita-alla-caserma\\\/#breadcrumb\"},\"inLanguage\":\"fr-FR\",\"potentialAction\":[{\"@type\":\"ReadAction\",\"target\":[\"https:\\\/\\\/www.bellunopress.it\\\/2026\\\/05\\\/20\\\/piccoli-carabinieri-per-un-giorno-le-scuole-di-san-vito-in-visita-alla-caserma\\\/\"]}]},{\"@type\":\"ImageObject\",\"inLanguage\":\"fr-FR\",\"@id\":\"https:\\\/\\\/www.bellunopress.it\\\/2026\\\/05\\\/20\\\/piccoli-carabinieri-per-un-giorno-le-scuole-di-san-vito-in-visita-alla-caserma\\\/#primaryimage\",\"url\":\"https:\\\/\\\/www.bellunopress.it\\\/wp-content\\\/uploads\\\/2026\\\/05\\\/carabinieri-per-un-giorno-san-vito-cad.jpg\",\"contentUrl\":\"https:\\\/\\\/www.bellunopress.it\\\/wp-content\\\/uploads\\\/2026\\\/05\\\/carabinieri-per-un-giorno-san-vito-cad.jpg\",\"width\":495,\"height\":500},{\"@type\":\"BreadcrumbList\",\"@id\":\"https:\\\/\\\/www.bellunopress.it\\\/2026\\\/05\\\/20\\\/piccoli-carabinieri-per-un-giorno-le-scuole-di-san-vito-in-visita-alla-caserma\\\/#breadcrumb\",\"itemListElement\":[{\"@type\":\"ListItem\",\"position\":1,\"name\":\"Home\",\"item\":\"https:\\\/\\\/www.bellunopress.it\\\/\"},{\"@type\":\"ListItem\",\"position\":2,\"name\":\"Piccoli carabinieri per un giorno: le scuole di San Vito in visita alla Caserma\"}]},{\"@type\":\"WebSite\",\"@id\":\"https:\\\/\\\/www.bellunopress.it\\\/#website\",\"url\":\"https:\\\/\\\/www.bellunopress.it\\\/\",\"name\":\"Bellunopress - Dolomiti\",\"description\":\"e-mail: redazione@bellunopress.it\",\"publisher\":{\"@id\":\"https:\\\/\\\/www.bellunopress.it\\\/#organization\"},\"potentialAction\":[{\"@type\":\"SearchAction\",\"target\":{\"@type\":\"EntryPoint\",\"urlTemplate\":\"https:\\\/\\\/www.bellunopress.it\\\/?s={search_term_string}\"},\"query-input\":{\"@type\":\"PropertyValueSpecification\",\"valueRequired\":true,\"valueName\":\"search_term_string\"}}],\"inLanguage\":\"fr-FR\"},{\"@type\":\"Organization\",\"@id\":\"https:\\\/\\\/www.bellunopress.it\\\/#organization\",\"name\":\"Bellunopress\",\"url\":\"https:\\\/\\\/www.bellunopress.it\\\/\",\"logo\":{\"@type\":\"ImageObject\",\"inLanguage\":\"fr-FR\",\"@id\":\"https:\\\/\\\/www.bellunopress.it\\\/#\\\/schema\\\/logo\\\/image\\\/\",\"url\":\"https:\\\/\\\/www.bellunopress.it\\\/wp-content\\\/uploads\\\/2011\\\/05\\\/cropped-logo-bellunopress-.jpg\",\"contentUrl\":\"https:\\\/\\\/www.bellunopress.it\\\/wp-content\\\/uploads\\\/2011\\\/05\\\/cropped-logo-bellunopress-.jpg\",\"width\":512,\"height\":512,\"caption\":\"Bellunopress\"},\"image\":{\"@id\":\"https:\\\/\\\/www.bellunopress.it\\\/#\\\/schema\\\/logo\\\/image\\\/\"},\"sameAs\":[\"https:\\\/\\\/www.facebook.com\\\/profile.php?id=100008943462799\",\"https:\\\/\\\/x.com\\\/bellunopress\",\"https:\\\/\\\/www.linkedin.com\\\/hp\\\/?dnr=JBzUWaJfMUw8vbXJJ2tVW5-I3jZKvC4wsoxE&amp;amp;amp;amp;amp;amp;trk=nav_responsive_tab_home\",\"https:\\\/\\\/www.youtube.com\\\/channel\\\/UCxL0wu1uN0_3_7hGG0306cw\"]},{\"@type\":\"Person\",\"@id\":\"https:\\\/\\\/www.bellunopress.it\\\/#\\\/schema\\\/person\\\/79bb06722b37ece1c03d3e94beb30d73\",\"name\":\"redazione\",\"image\":{\"@type\":\"ImageObject\",\"inLanguage\":\"fr-FR\",\"@id\":\"https:\\\/\\\/secure.gravatar.com\\\/avatar\\\/37d968a2e67a6fd04c169c4bdef102d0bc5d31b2546345219e348575eb80e9a0?s=96&d=mm&r=g\",\"url\":\"https:\\\/\\\/secure.gravatar.com\\\/avatar\\\/37d968a2e67a6fd04c169c4bdef102d0bc5d31b2546345219e348575eb80e9a0?s=96&d=mm&r=g\",\"contentUrl\":\"https:\\\/\\\/secure.gravatar.com\\\/avatar\\\/37d968a2e67a6fd04c169c4bdef102d0bc5d31b2546345219e348575eb80e9a0?s=96&d=mm&r=g\",\"caption\":\"redazione\"},\"sameAs\":[\"http:\\\/\\\/www.bellunopress.it\",\"https:\\\/\\\/x.com\\\/bellunopress\"],\"url\":\"https:\\\/\\\/www.bellunopress.it\\\/fr\\\/author\\\/redazione\\\/\"}]}<\/script>\n<!-- \/ Yoast SEO plugin. -->","yoast_head_json":{"title":"Piccoli carabinieri per un giorno: le scuole di San Vito in visita alla Caserma - Bellunopress - Dolomiti","robots":{"index":"index","follow":"follow","max-snippet":"max-snippet:-1","max-image-preview":"max-image-preview:large","max-video-preview":"max-video-preview:-1"},"canonical":"https:\/\/www.bellunopress.it\/fr\/2026\/05\/20\/piccoli-carabinieri-per-un-giorno-le-scuole-di-san-vito-in-visita-alla-caserma\/","og_locale":"fr_FR","og_type":"article","og_title":"Piccoli carabinieri per un giorno: le scuole di San Vito in visita alla Caserma - Bellunopress - Dolomiti","og_description":"San Vito di Cadore \u2013 Non capita tutti i giorni di poter salire su una pattuglia o di vedere da vicino dove batte il cuore della sicurezza cittadina. Venerd\u00ec 15 maggio, trentatr\u00e9 piccoli studenti delle classi prima e seconda elementare di San Vito di Cadore hanno vissuto una mattinata speciale, diventando ospiti d&#8217;onore del Comando [&hellip;]","og_url":"https:\/\/www.bellunopress.it\/fr\/2026\/05\/20\/piccoli-carabinieri-per-un-giorno-le-scuole-di-san-vito-in-visita-alla-caserma\/","og_site_name":"Bellunopress - Dolomiti","article_publisher":"https:\/\/www.facebook.com\/profile.php?id=100008943462799","article_published_time":"2026-05-20T13:16:00+00:00","og_image":[{"width":495,"height":500,"url":"https:\/\/www.bellunopress.it\/wp-content\/uploads\/2026\/05\/carabinieri-per-un-giorno-san-vito-cad.jpg","type":"image\/jpeg"}],"author":"redazione","twitter_card":"summary_large_image","twitter_creator":"@bellunopress","twitter_site":"@bellunopress","twitter_misc":{"Written by":"redazione","Est. reading time":"2 minutes"},"schema":{"@context":"https:\/\/schema.org","@graph":[{"@type":"Article","@id":"https:\/\/www.bellunopress.it\/2026\/05\/20\/piccoli-carabinieri-per-un-giorno-le-scuole-di-san-vito-in-visita-alla-caserma\/#article","isPartOf":{"@id":"https:\/\/www.bellunopress.it\/2026\/05\/20\/piccoli-carabinieri-per-un-giorno-le-scuole-di-san-vito-in-visita-alla-caserma\/"},"author":{"name":"redazione","@id":"https:\/\/www.bellunopress.it\/#\/schema\/person\/79bb06722b37ece1c03d3e94beb30d73"},"headline":"Piccoli carabinieri per un giorno: le scuole di San Vito in visita alla Caserma","datePublished":"2026-05-20T13:16:00+00:00","mainEntityOfPage":{"@id":"https:\/\/www.bellunopress.it\/2026\/05\/20\/piccoli-carabinieri-per-un-giorno-le-scuole-di-san-vito-in-visita-alla-caserma\/"},"wordCount":328,"publisher":{"@id":"https:\/\/www.bellunopress.it\/#organization"},"image":{"@id":"https:\/\/www.bellunopress.it\/2026\/05\/20\/piccoli-carabinieri-per-un-giorno-le-scuole-di-san-vito-in-visita-alla-caserma\/#primaryimage"},"thumbnailUrl":"https:\/\/www.bellunopress.it\/wp-content\/uploads\/2026\/05\/carabinieri-per-un-giorno-san-vito-cad.jpg","articleSection":["Scuola","Societ\u00e0, Associazioni, Istituzioni"],"inLanguage":"fr-FR"},{"@type":"WebPage","@id":"https:\/\/www.bellunopress.it\/2026\/05\/20\/piccoli-carabinieri-per-un-giorno-le-scuole-di-san-vito-in-visita-alla-caserma\/","url":"https:\/\/www.bellunopress.it\/2026\/05\/20\/piccoli-carabinieri-per-un-giorno-le-scuole-di-san-vito-in-visita-alla-caserma\/","name":"Piccoli carabinieri per un giorno: le scuole di San Vito in visita alla Caserma - Bellunopress - Dolomiti","isPartOf":{"@id":"https:\/\/www.bellunopress.it\/#website"},"primaryImageOfPage":{"@id":"https:\/\/www.bellunopress.it\/2026\/05\/20\/piccoli-carabinieri-per-un-giorno-le-scuole-di-san-vito-in-visita-alla-caserma\/#primaryimage"},"image":{"@id":"https:\/\/www.bellunopress.it\/2026\/05\/20\/piccoli-carabinieri-per-un-giorno-le-scuole-di-san-vito-in-visita-alla-caserma\/#primaryimage"},"thumbnailUrl":"https:\/\/www.bellunopress.it\/wp-content\/uploads\/2026\/05\/carabinieri-per-un-giorno-san-vito-cad.jpg","datePublished":"2026-05-20T13:16:00+00:00","breadcrumb":{"@id":"https:\/\/www.bellunopress.it\/2026\/05\/20\/piccoli-carabinieri-per-un-giorno-le-scuole-di-san-vito-in-visita-alla-caserma\/#breadcrumb"},"inLanguage":"fr-FR","potentialAction":[{"@type":"ReadAction","target":["https:\/\/www.bellunopress.it\/2026\/05\/20\/piccoli-carabinieri-per-un-giorno-le-scuole-di-san-vito-in-visita-alla-caserma\/"]}]},{"@type":"ImageObject","inLanguage":"fr-FR","@id":"https:\/\/www.bellunopress.it\/2026\/05\/20\/piccoli-carabinieri-per-un-giorno-le-scuole-di-san-vito-in-visita-alla-caserma\/#primaryimage","url":"https:\/\/www.bellunopress.it\/wp-content\/uploads\/2026\/05\/carabinieri-per-un-giorno-san-vito-cad.jpg","contentUrl":"https:\/\/www.bellunopress.it\/wp-content\/uploads\/2026\/05\/carabinieri-per-un-giorno-san-vito-cad.jpg","width":495,"height":500},{"@type":"BreadcrumbList","@id":"https:\/\/www.bellunopress.it\/2026\/05\/20\/piccoli-carabinieri-per-un-giorno-le-scuole-di-san-vito-in-visita-alla-caserma\/#breadcrumb","itemListElement":[{"@type":"ListItem","position":1,"name":"Home","item":"https:\/\/www.bellunopress.it\/"},{"@type":"ListItem","position":2,"name":"Piccoli carabinieri per un giorno: le scuole di San Vito in visita alla Caserma"}]},{"@type":"WebSite","@id":"https:\/\/www.bellunopress.it\/#website","url":"https:\/\/www.bellunopress.it\/","name":"Bellunopress - Dolomiti","description":"e-mail: redazione@bellunopress.it","publisher":{"@id":"https:\/\/www.bellunopress.it\/#organization"},"potentialAction":[{"@type":"SearchAction","target":{"@type":"EntryPoint","urlTemplate":"https:\/\/www.bellunopress.it\/?s={search_term_string}"},"query-input":{"@type":"PropertyValueSpecification","valueRequired":true,"valueName":"search_term_string"}}],"inLanguage":"fr-FR"},{"@type":"Organization","@id":"https:\/\/www.bellunopress.it\/#organization","name":"Bellunopress","url":"https:\/\/www.bellunopress.it\/","logo":{"@type":"ImageObject","inLanguage":"fr-FR","@id":"https:\/\/www.bellunopress.it\/#\/schema\/logo\/image\/","url":"https:\/\/www.bellunopress.it\/wp-content\/uploads\/2011\/05\/cropped-logo-bellunopress-.jpg","contentUrl":"https:\/\/www.bellunopress.it\/wp-content\/uploads\/2011\/05\/cropped-logo-bellunopress-.jpg","width":512,"height":512,"caption":"Bellunopress"},"image":{"@id":"https:\/\/www.bellunopress.it\/#\/schema\/logo\/image\/"},"sameAs":["https:\/\/www.facebook.com\/profile.php?id=100008943462799","https:\/\/x.com\/bellunopress","https:\/\/www.linkedin.com\/hp\/?dnr=JBzUWaJfMUw8vbXJJ2tVW5-I3jZKvC4wsoxE&amp;amp;amp;amp;amp;amp;trk=nav_responsive_tab_home","https:\/\/www.youtube.com\/channel\/UCxL0wu1uN0_3_7hGG0306cw"]},{"@type":"Person","@id":"https:\/\/www.bellunopress.it\/#\/schema\/person\/79bb06722b37ece1c03d3e94beb30d73","name":"r\u00e9daction","image":{"@type":"ImageObject","inLanguage":"fr-FR","@id":"https:\/\/secure.gravatar.com\/avatar\/37d968a2e67a6fd04c169c4bdef102d0bc5d31b2546345219e348575eb80e9a0?s=96&d=mm&r=g","url":"https:\/\/secure.gravatar.com\/avatar\/37d968a2e67a6fd04c169c4bdef102d0bc5d31b2546345219e348575eb80e9a0?s=96&d=mm&r=g","contentUrl":"https:\/\/secure.gravatar.com\/avatar\/37d968a2e67a6fd04c169c4bdef102d0bc5d31b2546345219e348575eb80e9a0?s=96&d=mm&r=g","caption":"redazione"},"sameAs":["http:\/\/www.bellunopress.it","https:\/\/x.com\/bellunopress"],"url":"https:\/\/www.bellunopress.it\/fr\/author\/redazione\/"}]}},"_links":{"self":[{"href":"https:\/\/www.bellunopress.it\/fr\/wp-json\/wp\/v2\/posts\/170286","targetHints":{"allow":["GET"]}}],"collection":[{"href":"https:\/\/www.bellunopress.it\/fr\/wp-json\/wp\/v2\/posts"}],"about":[{"href":"https:\/\/www.bellunopress.it\/fr\/wp-json\/wp\/v2\/types\/post"}],"author":[{"embeddable":true,"href":"https:\/\/www.bellunopress.it\/fr\/wp-json\/wp\/v2\/users\/2"}],"replies":[{"embeddable":true,"href":"https:\/\/www.bellunopress.it\/fr\/wp-json\/wp\/v2\/comments?post=170286"}],"version-history":[{"count":1,"href":"https:\/\/www.bellunopress.it\/fr\/wp-json\/wp\/v2\/posts\/170286\/revisions"}],"predecessor-version":[{"id":170288,"href":"https:\/\/www.bellunopress.it\/fr\/wp-json\/wp\/v2\/posts\/170286\/revisions\/170288"}],"wp:featuredmedia":[{"embeddable":true,"href":"https:\/\/www.bellunopress.it\/fr\/wp-json\/wp\/v2\/media\/170287"}],"wp:attachment":[{"href":"https:\/\/www.bellunopress.it\/fr\/wp-json\/wp\/v2\/media?parent=170286"}],"wp:term":[{"taxonomy":"category","embeddable":true,"href":"https:\/\/www.bellunopress.it\/fr\/wp-json\/wp\/v2\/categories?post=170286"},{"taxonomy":"post_tag","embeddable":true,"href":"https:\/\/www.bellunopress.it\/fr\/wp-json\/wp\/v2\/tags?post=170286"}],"curies":[{"name":"wp","href":"https:\/\/api.w.org\/{rel}","templated":true}]}}