{"id":170283,"date":"2026-05-20T10:52:10","date_gmt":"2026-05-20T08:52:10","guid":{"rendered":"https:\/\/www.bellunopress.it\/?p=170283"},"modified":"2026-05-20T10:52:10","modified_gmt":"2026-05-20T08:52:10","slug":"cortina-non-si-ferma-dopo-le-olimpiadi-la-regina-delle-dolomiti-ora-punta-sulle-due-ruote","status":"publish","type":"post","link":"https:\/\/www.bellunopress.it\/fr\/2026\/05\/20\/cortina-non-si-ferma-dopo-le-olimpiadi-la-regina-delle-dolomiti-ora-punta-sulle-due-ruote\/","title":{"rendered":"Cortina non si ferma dopo le Olimpiadi: la Regina delle Dolomiti ora punta sulle due ruote"},"content":{"rendered":"<h3 data-path-to-node=\"8\">Ampliamento del bike park a 40 km, nuovi trail sulle Tofane e la formula &#8220;Ski Safari&#8221; applicata all&#8217;e-bike: cos\u00ec Cortina Skiworld ridisegna l&#8217;estate 2026.<\/h3>\n<p data-path-to-node=\"9\">Cortina d&#8217;Ampezzo, 20\/05\/2026 \u2013 Archiviata la storica pagina dei Giochi Olimpici e Paralimpici Invernali di Milano Cortina 2026, la Regina delle Dolomiti non rallenta il passo, ma cambia pelle. Cortina Skiworld lancia una imponente offensiva strategica per la stagione estiva, confermando una metamorfosi ormai strutturale: la montagna ampezzana non \u00e8 pi\u00f9 solo la culla degli sport invernali, ma punta a diventare la capitale nazionale del cicloturismo e dell&#8217;adrenalina su due ruote.<\/p>\n<p data-path-to-node=\"10\">In vista della Giornata Mondiale della Bicicletta del prossimo 30 maggio, la destinazione bellunese ha svelato un piano di investimenti e novit\u00e0 che ridisegna l&#8217;esperienza alpina. L&#8217;obiettivo \u00e8 chiaro: intercettare un pubblico trasversale, capace di unire i cultori del downhill e del freeride pi\u00f9 estremo ai neofiti della pedalata assistita e agli amanti del turismo &#8220;slow&#8221; e sostenibile. Un&#8217;operazione che risponde a un trend macroeconomico inarrestabile, certificato dagli ultimi dati Isnart e Legambiente, che vede il cicloturismo italiano generare decine di milioni di presenze e fatturati miliardari.<\/p>\n<p data-path-to-node=\"12\">Il cuore pulsante della rivoluzione gravity si concentra nel Cortina Bike Park Dolomiti. Grazie ai recenti e massicci interventi di restyling e tracciamento, la rete sentieristica dedicata al freeride passer\u00e0 dagli attuali 33 chilometri a circa 40 chilometri complessivi entro la fine dell&#8217;estate. Numeri che proiettano Cortina nel ristretto gotha dei bike park pi\u00f9 estesi e strutturati d&#8217;Italia.<\/p>\n<p data-path-to-node=\"13\">Le novit\u00e0 principali toccano l&#8217;area delle Tofane. Sotto l&#8217;egida di <i data-path-to-node=\"13\" data-index-in-node=\"67\">Tofana Freccia nel Cielo<\/i>, tre storici tracciati sono stati completamente rinnovati per la stagione 2026: si tratta del Ra Stries, del Tofana Super Trail (entrambi con partenza dal nodo panoramico di Col Drusci\u00e9) e della celebre Cortina Line. Quest&#8217;ultima rappresenta un&#8217;infrastruttura chiave per il territorio, configurandosi come l&#8217;unica pista in grado di collegare direttamente i percorsi immersi nei fitti boschi ampezzani con il centro nevralgico del paese, terminando la sua corsa proprio alla stazione intermedia della funivia Freccia nel Cielo.<\/p>\n<blockquote data-path-to-node=\"14\">\n<h6 style=\"text-align: left;\" data-path-to-node=\"14,0\">Il calendario delle aperture L&#8217;offerta del Cortina Bike Park Dolomiti si muove attraverso la cooperazione sinergica di due grandi poli impiantistici. L&#8217;area di Tofana \u2013 Freccia nel Cielo e Col Drusci\u00e9 inaugurer\u00e0 ufficialmente la stagione il 13 giugno. Una settimana pi\u00f9 tardi, il 20 giugno, sar\u00e0 la volta del comparto di Socrepes e Duca d&#8217;Aosta, gestito dalle societ\u00e0 ISTA. Le due realt\u00e0, pur mantenendo anime distinte, offriranno un&#8217;esperienza utente integrata sul piano di segnaletica, tariffe e info-mobilit\u00e0.<\/h6>\n<\/blockquote>\n<p data-path-to-node=\"16\">La vera scommessa sul fronte del turismo d&#8217;eccellenza e a basso impatto ambientale si chiama per\u00f2 RODA. Si tratta di un format inedito sviluppato in stretta collaborazione tra Fun Active e Dolomiti Superski, pensato specificamente per mountain bike ed e-bike. L&#8217;idea di fondo \u00e8 mutuata direttamente dal successo planetario dello &#8220;Ski Safari&#8221; invernale: permettere ai cicloturisti di viaggiare di valle in valle e di hotel in hotel senza alcuna preoccupazione logistica.<\/p>\n<p data-path-to-node=\"17\">I pacchetti \u2013 che variano da un minimo di due fino a un massimo di sette giorni \u2013 offrono un&#8217;esperienza &#8220;zero pensieri&#8221;: l&#8217;organizzazione si fa carico del trasferimento dei bagagli tra le strutture ricettive, fornendo ai ciclisti tracce GPS dettagliate, assistenza tecnica continua e supporto logistico sul percorso. Un modo democratico e progressivo di vivere le Dolomiti in sella, aprendo i passi alpini anche a chi non possiede una preparazione atletica da professionista, ma non vuole rinunciare allo spettacolo dei panorami ampezzani.<\/p>\n<p data-path-to-node=\"19\">Non solo infrastrutture, ma anche spettacolo. Il weekend del 5 e 6 luglio Cortina diventer\u00e0 il palcoscenico di un evento di grande richiamo dedicato agli amanti del gravity. Presso la localit\u00e0 Colfiere, nei pressi della stazione intermedia della Freccia nel Cielo, verr\u00e0 allestito un imponente Big Air.<\/p>\n<p data-path-to-node=\"20\">La struttura, una maxirampa progettata per permettere ad atleti di livello mondiale di proiettarsi in aria eseguendo salti e acrobazie spettacolari in totale sicurezza, promette di catalizzare l&#8217;attenzione di migliaia di appassionati. Le evoluzioni dei rider saranno accompagnate da un villaggio eventi con stand di settore, musica dal vivo e intrattenimento, trasformando la localit\u00e0 in un&#8217;arena a cielo aperto.<\/p>\n<p data-path-to-node=\"22\">A sostenere questo ecosistema \u00e8 la rete degli impianti di risalita, accessibile tramite formule tariffarie integrate e flessibili, acquistabili sia alle casse che online sulla piattaforma digitale di Skipass Cortina:<\/p>\n<ul data-path-to-node=\"23\">\n<li>\n<p data-path-to-node=\"23,0,0\"><b data-path-to-node=\"23,0,0\" data-index-in-node=\"0\">Cortina Bike Pass:<\/b> Disponibile in tagli da 1 o 3 giorni, \u00e8 il pass specifico per chi viaggia con la bicicletta al seguito. Consente l&#8217;accesso a una vasta selezione di impianti (tra cui la Seggiovia 5 Torri, la Funivia Faloria, le seggiovie Rio Gere-Son Forca, Socrepes, Pi\u00e8 Tofana-Duca d&#8217;Aosta, Tofana Express e la Taiarezze-Malon ad Auronzo). <i data-path-to-node=\"23,0,0\" data-index-in-node=\"344\">Nota tecnica: il pass esclude per motivi di sicurezza i passaggi su Lagazuoi, Col Drusci\u00e9-Ra Valles e Ra Valles-Cima Tofana, dove il trasporto bici non \u00e8 consentito.<\/i><\/p>\n<\/li>\n<li>\n<p data-path-to-node=\"23,1,0\"><b data-path-to-node=\"23,1,0\" data-index-in-node=\"0\">Cortina Vertical Pass:<\/b> Ideato per chi ama la multidisciplinariet\u00e0 (trekking, trail running, vie ferrate) e desidera alternare le due ruote ad altre attivit\u00e0. \u00c8 modulato su formule da 1, 3, 5 o 7 giorni (fruibili anche non consecutivamente) oltre alla versione stagionale.<\/p>\n<\/li>\n<\/ul>\n<p data-path-to-node=\"24\">La strategia estiva 2026 dimostra la maturit\u00e0 di una destinazione che ha saputo capitalizzare la visibilit\u00e0 e l&#8217;ammodernamento infrastrutturale dei recenti giochi olimpici. Cortina d&#8217;Ampezzo rilancia la sfida globale, dimostrando come la sostenibilit\u00e0, l&#8217;attivit\u00e0 all&#8217;aria aperta e la diversificazione dell&#8217;offerta siano le uniche chiavi possibili per governare in modo virtuoso il futuro del turismo montano.<\/p>","protected":false},"excerpt":{"rendered":"<p>Ampliamento del bike park a 40 km, nuovi trail sulle Tofane e la formula &#8220;Ski Safari&#8221; applicata all&#8217;e-bike: cos\u00ec Cortina Skiworld ridisegna l&#8217;estate 2026. Cortina d&#8217;Ampezzo, 20\/05\/2026 \u2013 Archiviata la storica pagina dei Giochi Olimpici e Paralimpici Invernali di Milano Cortina 2026, la Regina delle Dolomiti non rallenta il passo, ma cambia pelle. Cortina Skiworld [&hellip;]<\/p>\n","protected":false},"author":2,"featured_media":170284,"comment_status":"closed","ping_status":"open","sticky":false,"template":"","format":"standard","meta":{"footnotes":""},"categories":[25,4],"tags":[],"class_list":["post-170283","post","type-post","status-publish","format-standard","has-post-thumbnail","category-pausa-caffe","category-sport"],"yoast_head":"<!-- This site is optimized with the Yoast SEO plugin v28.4 - https:\/\/yoast.com\/product\/yoast-seo-wordpress\/ -->\n<title>Cortina non si ferma dopo le Olimpiadi: la Regina delle Dolomiti ora punta sulle due ruote - Bellunopress - Dolomiti<\/title>\n<meta name=\"robots\" content=\"index, follow, max-snippet:-1, max-image-preview:large, max-video-preview:-1\" \/>\n<link rel=\"canonical\" href=\"https:\/\/www.bellunopress.it\/fr\/2026\/05\/20\/cortina-non-si-ferma-dopo-le-olimpiadi-la-regina-delle-dolomiti-ora-punta-sulle-due-ruote\/\" \/>\n<meta property=\"og:locale\" content=\"fr_FR\" \/>\n<meta property=\"og:type\" content=\"article\" \/>\n<meta property=\"og:title\" content=\"Cortina non si ferma dopo le Olimpiadi: la Regina delle Dolomiti ora punta sulle due ruote - Bellunopress - Dolomiti\" \/>\n<meta property=\"og:description\" content=\"Ampliamento del bike park a 40 km, nuovi trail sulle Tofane e la formula &#8220;Ski Safari&#8221; applicata all&#8217;e-bike: cos\u00ec Cortina Skiworld ridisegna l&#8217;estate 2026. Cortina d&#8217;Ampezzo, 20\/05\/2026 \u2013 Archiviata la storica pagina dei Giochi Olimpici e Paralimpici Invernali di Milano Cortina 2026, la Regina delle Dolomiti non rallenta il passo, ma cambia pelle. Cortina Skiworld [&hellip;]\" \/>\n<meta property=\"og:url\" content=\"https:\/\/www.bellunopress.it\/fr\/2026\/05\/20\/cortina-non-si-ferma-dopo-le-olimpiadi-la-regina-delle-dolomiti-ora-punta-sulle-due-ruote\/\" \/>\n<meta property=\"og:site_name\" content=\"Bellunopress - Dolomiti\" \/>\n<meta property=\"article:publisher\" content=\"https:\/\/www.facebook.com\/profile.php?id=100008943462799\" \/>\n<meta property=\"article:published_time\" content=\"2026-05-20T08:52:10+00:00\" \/>\n<meta property=\"og:image\" content=\"https:\/\/www.bellunopress.it\/wp-content\/uploads\/2026\/05\/Cortina-Skiworld.jpg\" \/>\n\t<meta property=\"og:image:width\" content=\"446\" \/>\n\t<meta property=\"og:image:height\" content=\"377\" \/>\n\t<meta property=\"og:image:type\" content=\"image\/jpeg\" \/>\n<meta name=\"author\" content=\"redazione\" \/>\n<meta name=\"twitter:card\" content=\"summary_large_image\" \/>\n<meta name=\"twitter:creator\" content=\"@bellunopress\" \/>\n<meta name=\"twitter:site\" content=\"@bellunopress\" \/>\n<meta name=\"twitter:label1\" content=\"Written by\" \/>\n\t<meta name=\"twitter:data1\" content=\"redazione\" \/>\n\t<meta name=\"twitter:label2\" content=\"Est. reading time\" \/>\n\t<meta name=\"twitter:data2\" content=\"5 minutes\" \/>\n<script type=\"application\/ld+json\" class=\"yoast-schema-graph\">{\"@context\":\"https:\\\/\\\/schema.org\",\"@graph\":[{\"@type\":\"Article\",\"@id\":\"https:\\\/\\\/www.bellunopress.it\\\/2026\\\/05\\\/20\\\/cortina-non-si-ferma-dopo-le-olimpiadi-la-regina-delle-dolomiti-ora-punta-sulle-due-ruote\\\/#article\",\"isPartOf\":{\"@id\":\"https:\\\/\\\/www.bellunopress.it\\\/2026\\\/05\\\/20\\\/cortina-non-si-ferma-dopo-le-olimpiadi-la-regina-delle-dolomiti-ora-punta-sulle-due-ruote\\\/\"},\"author\":{\"name\":\"redazione\",\"@id\":\"https:\\\/\\\/www.bellunopress.it\\\/#\\\/schema\\\/person\\\/79bb06722b37ece1c03d3e94beb30d73\"},\"headline\":\"Cortina non si ferma dopo le Olimpiadi: la Regina delle Dolomiti ora punta sulle due ruote\",\"datePublished\":\"2026-05-20T08:52:10+00:00\",\"mainEntityOfPage\":{\"@id\":\"https:\\\/\\\/www.bellunopress.it\\\/2026\\\/05\\\/20\\\/cortina-non-si-ferma-dopo-le-olimpiadi-la-regina-delle-dolomiti-ora-punta-sulle-due-ruote\\\/\"},\"wordCount\":893,\"publisher\":{\"@id\":\"https:\\\/\\\/www.bellunopress.it\\\/#organization\"},\"image\":{\"@id\":\"https:\\\/\\\/www.bellunopress.it\\\/2026\\\/05\\\/20\\\/cortina-non-si-ferma-dopo-le-olimpiadi-la-regina-delle-dolomiti-ora-punta-sulle-due-ruote\\\/#primaryimage\"},\"thumbnailUrl\":\"https:\\\/\\\/www.bellunopress.it\\\/wp-content\\\/uploads\\\/2026\\\/05\\\/Cortina-Skiworld.jpg\",\"articleSection\":[\"Pausa Caff\u00e8\",\"Sport, tempo libero\"],\"inLanguage\":\"fr-FR\"},{\"@type\":\"WebPage\",\"@id\":\"https:\\\/\\\/www.bellunopress.it\\\/2026\\\/05\\\/20\\\/cortina-non-si-ferma-dopo-le-olimpiadi-la-regina-delle-dolomiti-ora-punta-sulle-due-ruote\\\/\",\"url\":\"https:\\\/\\\/www.bellunopress.it\\\/2026\\\/05\\\/20\\\/cortina-non-si-ferma-dopo-le-olimpiadi-la-regina-delle-dolomiti-ora-punta-sulle-due-ruote\\\/\",\"name\":\"Cortina non si ferma dopo le Olimpiadi: la Regina delle Dolomiti ora punta sulle due ruote - Bellunopress - Dolomiti\",\"isPartOf\":{\"@id\":\"https:\\\/\\\/www.bellunopress.it\\\/#website\"},\"primaryImageOfPage\":{\"@id\":\"https:\\\/\\\/www.bellunopress.it\\\/2026\\\/05\\\/20\\\/cortina-non-si-ferma-dopo-le-olimpiadi-la-regina-delle-dolomiti-ora-punta-sulle-due-ruote\\\/#primaryimage\"},\"image\":{\"@id\":\"https:\\\/\\\/www.bellunopress.it\\\/2026\\\/05\\\/20\\\/cortina-non-si-ferma-dopo-le-olimpiadi-la-regina-delle-dolomiti-ora-punta-sulle-due-ruote\\\/#primaryimage\"},\"thumbnailUrl\":\"https:\\\/\\\/www.bellunopress.it\\\/wp-content\\\/uploads\\\/2026\\\/05\\\/Cortina-Skiworld.jpg\",\"datePublished\":\"2026-05-20T08:52:10+00:00\",\"breadcrumb\":{\"@id\":\"https:\\\/\\\/www.bellunopress.it\\\/2026\\\/05\\\/20\\\/cortina-non-si-ferma-dopo-le-olimpiadi-la-regina-delle-dolomiti-ora-punta-sulle-due-ruote\\\/#breadcrumb\"},\"inLanguage\":\"fr-FR\",\"potentialAction\":[{\"@type\":\"ReadAction\",\"target\":[\"https:\\\/\\\/www.bellunopress.it\\\/2026\\\/05\\\/20\\\/cortina-non-si-ferma-dopo-le-olimpiadi-la-regina-delle-dolomiti-ora-punta-sulle-due-ruote\\\/\"]}]},{\"@type\":\"ImageObject\",\"inLanguage\":\"fr-FR\",\"@id\":\"https:\\\/\\\/www.bellunopress.it\\\/2026\\\/05\\\/20\\\/cortina-non-si-ferma-dopo-le-olimpiadi-la-regina-delle-dolomiti-ora-punta-sulle-due-ruote\\\/#primaryimage\",\"url\":\"https:\\\/\\\/www.bellunopress.it\\\/wp-content\\\/uploads\\\/2026\\\/05\\\/Cortina-Skiworld.jpg\",\"contentUrl\":\"https:\\\/\\\/www.bellunopress.it\\\/wp-content\\\/uploads\\\/2026\\\/05\\\/Cortina-Skiworld.jpg\",\"width\":446,\"height\":377},{\"@type\":\"BreadcrumbList\",\"@id\":\"https:\\\/\\\/www.bellunopress.it\\\/2026\\\/05\\\/20\\\/cortina-non-si-ferma-dopo-le-olimpiadi-la-regina-delle-dolomiti-ora-punta-sulle-due-ruote\\\/#breadcrumb\",\"itemListElement\":[{\"@type\":\"ListItem\",\"position\":1,\"name\":\"Home\",\"item\":\"https:\\\/\\\/www.bellunopress.it\\\/\"},{\"@type\":\"ListItem\",\"position\":2,\"name\":\"Cortina non si ferma dopo le Olimpiadi: la Regina delle Dolomiti ora punta sulle due ruote\"}]},{\"@type\":\"WebSite\",\"@id\":\"https:\\\/\\\/www.bellunopress.it\\\/#website\",\"url\":\"https:\\\/\\\/www.bellunopress.it\\\/\",\"name\":\"Bellunopress - Dolomiti\",\"description\":\"e-mail: redazione@bellunopress.it\",\"publisher\":{\"@id\":\"https:\\\/\\\/www.bellunopress.it\\\/#organization\"},\"potentialAction\":[{\"@type\":\"SearchAction\",\"target\":{\"@type\":\"EntryPoint\",\"urlTemplate\":\"https:\\\/\\\/www.bellunopress.it\\\/?s={search_term_string}\"},\"query-input\":{\"@type\":\"PropertyValueSpecification\",\"valueRequired\":true,\"valueName\":\"search_term_string\"}}],\"inLanguage\":\"fr-FR\"},{\"@type\":\"Organization\",\"@id\":\"https:\\\/\\\/www.bellunopress.it\\\/#organization\",\"name\":\"Bellunopress\",\"url\":\"https:\\\/\\\/www.bellunopress.it\\\/\",\"logo\":{\"@type\":\"ImageObject\",\"inLanguage\":\"fr-FR\",\"@id\":\"https:\\\/\\\/www.bellunopress.it\\\/#\\\/schema\\\/logo\\\/image\\\/\",\"url\":\"https:\\\/\\\/www.bellunopress.it\\\/wp-content\\\/uploads\\\/2011\\\/05\\\/cropped-logo-bellunopress-.jpg\",\"contentUrl\":\"https:\\\/\\\/www.bellunopress.it\\\/wp-content\\\/uploads\\\/2011\\\/05\\\/cropped-logo-bellunopress-.jpg\",\"width\":512,\"height\":512,\"caption\":\"Bellunopress\"},\"image\":{\"@id\":\"https:\\\/\\\/www.bellunopress.it\\\/#\\\/schema\\\/logo\\\/image\\\/\"},\"sameAs\":[\"https:\\\/\\\/www.facebook.com\\\/profile.php?id=100008943462799\",\"https:\\\/\\\/x.com\\\/bellunopress\",\"https:\\\/\\\/www.linkedin.com\\\/hp\\\/?dnr=JBzUWaJfMUw8vbXJJ2tVW5-I3jZKvC4wsoxE&amp;amp;amp;amp;amp;amp;trk=nav_responsive_tab_home\",\"https:\\\/\\\/www.youtube.com\\\/channel\\\/UCxL0wu1uN0_3_7hGG0306cw\"]},{\"@type\":\"Person\",\"@id\":\"https:\\\/\\\/www.bellunopress.it\\\/#\\\/schema\\\/person\\\/79bb06722b37ece1c03d3e94beb30d73\",\"name\":\"redazione\",\"image\":{\"@type\":\"ImageObject\",\"inLanguage\":\"fr-FR\",\"@id\":\"https:\\\/\\\/secure.gravatar.com\\\/avatar\\\/37d968a2e67a6fd04c169c4bdef102d0bc5d31b2546345219e348575eb80e9a0?s=96&d=mm&r=g\",\"url\":\"https:\\\/\\\/secure.gravatar.com\\\/avatar\\\/37d968a2e67a6fd04c169c4bdef102d0bc5d31b2546345219e348575eb80e9a0?s=96&d=mm&r=g\",\"contentUrl\":\"https:\\\/\\\/secure.gravatar.com\\\/avatar\\\/37d968a2e67a6fd04c169c4bdef102d0bc5d31b2546345219e348575eb80e9a0?s=96&d=mm&r=g\",\"caption\":\"redazione\"},\"sameAs\":[\"http:\\\/\\\/www.bellunopress.it\",\"https:\\\/\\\/x.com\\\/bellunopress\"],\"url\":\"https:\\\/\\\/www.bellunopress.it\\\/fr\\\/author\\\/redazione\\\/\"}]}<\/script>\n<!-- \/ Yoast SEO plugin. -->","yoast_head_json":{"title":"Cortina non si ferma dopo le Olimpiadi: la Regina delle Dolomiti ora punta sulle due ruote - Bellunopress - Dolomiti","robots":{"index":"index","follow":"follow","max-snippet":"max-snippet:-1","max-image-preview":"max-image-preview:large","max-video-preview":"max-video-preview:-1"},"canonical":"https:\/\/www.bellunopress.it\/fr\/2026\/05\/20\/cortina-non-si-ferma-dopo-le-olimpiadi-la-regina-delle-dolomiti-ora-punta-sulle-due-ruote\/","og_locale":"fr_FR","og_type":"article","og_title":"Cortina non si ferma dopo le Olimpiadi: la Regina delle Dolomiti ora punta sulle due ruote - Bellunopress - Dolomiti","og_description":"Ampliamento del bike park a 40 km, nuovi trail sulle Tofane e la formula &#8220;Ski Safari&#8221; applicata all&#8217;e-bike: cos\u00ec Cortina Skiworld ridisegna l&#8217;estate 2026. Cortina d&#8217;Ampezzo, 20\/05\/2026 \u2013 Archiviata la storica pagina dei Giochi Olimpici e Paralimpici Invernali di Milano Cortina 2026, la Regina delle Dolomiti non rallenta il passo, ma cambia pelle. Cortina Skiworld [&hellip;]","og_url":"https:\/\/www.bellunopress.it\/fr\/2026\/05\/20\/cortina-non-si-ferma-dopo-le-olimpiadi-la-regina-delle-dolomiti-ora-punta-sulle-due-ruote\/","og_site_name":"Bellunopress - Dolomiti","article_publisher":"https:\/\/www.facebook.com\/profile.php?id=100008943462799","article_published_time":"2026-05-20T08:52:10+00:00","og_image":[{"width":446,"height":377,"url":"https:\/\/www.bellunopress.it\/wp-content\/uploads\/2026\/05\/Cortina-Skiworld.jpg","type":"image\/jpeg"}],"author":"redazione","twitter_card":"summary_large_image","twitter_creator":"@bellunopress","twitter_site":"@bellunopress","twitter_misc":{"Written by":"redazione","Est. reading time":"5 minutes"},"schema":{"@context":"https:\/\/schema.org","@graph":[{"@type":"Article","@id":"https:\/\/www.bellunopress.it\/2026\/05\/20\/cortina-non-si-ferma-dopo-le-olimpiadi-la-regina-delle-dolomiti-ora-punta-sulle-due-ruote\/#article","isPartOf":{"@id":"https:\/\/www.bellunopress.it\/2026\/05\/20\/cortina-non-si-ferma-dopo-le-olimpiadi-la-regina-delle-dolomiti-ora-punta-sulle-due-ruote\/"},"author":{"name":"redazione","@id":"https:\/\/www.bellunopress.it\/#\/schema\/person\/79bb06722b37ece1c03d3e94beb30d73"},"headline":"Cortina non si ferma dopo le Olimpiadi: la Regina delle Dolomiti ora punta sulle due ruote","datePublished":"2026-05-20T08:52:10+00:00","mainEntityOfPage":{"@id":"https:\/\/www.bellunopress.it\/2026\/05\/20\/cortina-non-si-ferma-dopo-le-olimpiadi-la-regina-delle-dolomiti-ora-punta-sulle-due-ruote\/"},"wordCount":893,"publisher":{"@id":"https:\/\/www.bellunopress.it\/#organization"},"image":{"@id":"https:\/\/www.bellunopress.it\/2026\/05\/20\/cortina-non-si-ferma-dopo-le-olimpiadi-la-regina-delle-dolomiti-ora-punta-sulle-due-ruote\/#primaryimage"},"thumbnailUrl":"https:\/\/www.bellunopress.it\/wp-content\/uploads\/2026\/05\/Cortina-Skiworld.jpg","articleSection":["Pausa Caff\u00e8","Sport, tempo libero"],"inLanguage":"fr-FR"},{"@type":"WebPage","@id":"https:\/\/www.bellunopress.it\/2026\/05\/20\/cortina-non-si-ferma-dopo-le-olimpiadi-la-regina-delle-dolomiti-ora-punta-sulle-due-ruote\/","url":"https:\/\/www.bellunopress.it\/2026\/05\/20\/cortina-non-si-ferma-dopo-le-olimpiadi-la-regina-delle-dolomiti-ora-punta-sulle-due-ruote\/","name":"Cortina non si ferma dopo le Olimpiadi: la Regina delle Dolomiti ora punta sulle due ruote - Bellunopress - Dolomiti","isPartOf":{"@id":"https:\/\/www.bellunopress.it\/#website"},"primaryImageOfPage":{"@id":"https:\/\/www.bellunopress.it\/2026\/05\/20\/cortina-non-si-ferma-dopo-le-olimpiadi-la-regina-delle-dolomiti-ora-punta-sulle-due-ruote\/#primaryimage"},"image":{"@id":"https:\/\/www.bellunopress.it\/2026\/05\/20\/cortina-non-si-ferma-dopo-le-olimpiadi-la-regina-delle-dolomiti-ora-punta-sulle-due-ruote\/#primaryimage"},"thumbnailUrl":"https:\/\/www.bellunopress.it\/wp-content\/uploads\/2026\/05\/Cortina-Skiworld.jpg","datePublished":"2026-05-20T08:52:10+00:00","breadcrumb":{"@id":"https:\/\/www.bellunopress.it\/2026\/05\/20\/cortina-non-si-ferma-dopo-le-olimpiadi-la-regina-delle-dolomiti-ora-punta-sulle-due-ruote\/#breadcrumb"},"inLanguage":"fr-FR","potentialAction":[{"@type":"ReadAction","target":["https:\/\/www.bellunopress.it\/2026\/05\/20\/cortina-non-si-ferma-dopo-le-olimpiadi-la-regina-delle-dolomiti-ora-punta-sulle-due-ruote\/"]}]},{"@type":"ImageObject","inLanguage":"fr-FR","@id":"https:\/\/www.bellunopress.it\/2026\/05\/20\/cortina-non-si-ferma-dopo-le-olimpiadi-la-regina-delle-dolomiti-ora-punta-sulle-due-ruote\/#primaryimage","url":"https:\/\/www.bellunopress.it\/wp-content\/uploads\/2026\/05\/Cortina-Skiworld.jpg","contentUrl":"https:\/\/www.bellunopress.it\/wp-content\/uploads\/2026\/05\/Cortina-Skiworld.jpg","width":446,"height":377},{"@type":"BreadcrumbList","@id":"https:\/\/www.bellunopress.it\/2026\/05\/20\/cortina-non-si-ferma-dopo-le-olimpiadi-la-regina-delle-dolomiti-ora-punta-sulle-due-ruote\/#breadcrumb","itemListElement":[{"@type":"ListItem","position":1,"name":"Home","item":"https:\/\/www.bellunopress.it\/"},{"@type":"ListItem","position":2,"name":"Cortina non si ferma dopo le Olimpiadi: la Regina delle Dolomiti ora punta sulle due ruote"}]},{"@type":"WebSite","@id":"https:\/\/www.bellunopress.it\/#website","url":"https:\/\/www.bellunopress.it\/","name":"Bellunopress - Dolomiti","description":"e-mail: redazione@bellunopress.it","publisher":{"@id":"https:\/\/www.bellunopress.it\/#organization"},"potentialAction":[{"@type":"SearchAction","target":{"@type":"EntryPoint","urlTemplate":"https:\/\/www.bellunopress.it\/?s={search_term_string}"},"query-input":{"@type":"PropertyValueSpecification","valueRequired":true,"valueName":"search_term_string"}}],"inLanguage":"fr-FR"},{"@type":"Organization","@id":"https:\/\/www.bellunopress.it\/#organization","name":"Bellunopress","url":"https:\/\/www.bellunopress.it\/","logo":{"@type":"ImageObject","inLanguage":"fr-FR","@id":"https:\/\/www.bellunopress.it\/#\/schema\/logo\/image\/","url":"https:\/\/www.bellunopress.it\/wp-content\/uploads\/2011\/05\/cropped-logo-bellunopress-.jpg","contentUrl":"https:\/\/www.bellunopress.it\/wp-content\/uploads\/2011\/05\/cropped-logo-bellunopress-.jpg","width":512,"height":512,"caption":"Bellunopress"},"image":{"@id":"https:\/\/www.bellunopress.it\/#\/schema\/logo\/image\/"},"sameAs":["https:\/\/www.facebook.com\/profile.php?id=100008943462799","https:\/\/x.com\/bellunopress","https:\/\/www.linkedin.com\/hp\/?dnr=JBzUWaJfMUw8vbXJJ2tVW5-I3jZKvC4wsoxE&amp;amp;amp;amp;amp;amp;trk=nav_responsive_tab_home","https:\/\/www.youtube.com\/channel\/UCxL0wu1uN0_3_7hGG0306cw"]},{"@type":"Person","@id":"https:\/\/www.bellunopress.it\/#\/schema\/person\/79bb06722b37ece1c03d3e94beb30d73","name":"r\u00e9daction","image":{"@type":"ImageObject","inLanguage":"fr-FR","@id":"https:\/\/secure.gravatar.com\/avatar\/37d968a2e67a6fd04c169c4bdef102d0bc5d31b2546345219e348575eb80e9a0?s=96&d=mm&r=g","url":"https:\/\/secure.gravatar.com\/avatar\/37d968a2e67a6fd04c169c4bdef102d0bc5d31b2546345219e348575eb80e9a0?s=96&d=mm&r=g","contentUrl":"https:\/\/secure.gravatar.com\/avatar\/37d968a2e67a6fd04c169c4bdef102d0bc5d31b2546345219e348575eb80e9a0?s=96&d=mm&r=g","caption":"redazione"},"sameAs":["http:\/\/www.bellunopress.it","https:\/\/x.com\/bellunopress"],"url":"https:\/\/www.bellunopress.it\/fr\/author\/redazione\/"}]}},"_links":{"self":[{"href":"https:\/\/www.bellunopress.it\/fr\/wp-json\/wp\/v2\/posts\/170283","targetHints":{"allow":["GET"]}}],"collection":[{"href":"https:\/\/www.bellunopress.it\/fr\/wp-json\/wp\/v2\/posts"}],"about":[{"href":"https:\/\/www.bellunopress.it\/fr\/wp-json\/wp\/v2\/types\/post"}],"author":[{"embeddable":true,"href":"https:\/\/www.bellunopress.it\/fr\/wp-json\/wp\/v2\/users\/2"}],"replies":[{"embeddable":true,"href":"https:\/\/www.bellunopress.it\/fr\/wp-json\/wp\/v2\/comments?post=170283"}],"version-history":[{"count":1,"href":"https:\/\/www.bellunopress.it\/fr\/wp-json\/wp\/v2\/posts\/170283\/revisions"}],"predecessor-version":[{"id":170285,"href":"https:\/\/www.bellunopress.it\/fr\/wp-json\/wp\/v2\/posts\/170283\/revisions\/170285"}],"wp:featuredmedia":[{"embeddable":true,"href":"https:\/\/www.bellunopress.it\/fr\/wp-json\/wp\/v2\/media\/170284"}],"wp:attachment":[{"href":"https:\/\/www.bellunopress.it\/fr\/wp-json\/wp\/v2\/media?parent=170283"}],"wp:term":[{"taxonomy":"category","embeddable":true,"href":"https:\/\/www.bellunopress.it\/fr\/wp-json\/wp\/v2\/categories?post=170283"},{"taxonomy":"post_tag","embeddable":true,"href":"https:\/\/www.bellunopress.it\/fr\/wp-json\/wp\/v2\/tags?post=170283"}],"curies":[{"name":"wp","href":"https:\/\/api.w.org\/{rel}","templated":true}]}}