{"id":170276,"date":"2026-05-20T08:55:53","date_gmt":"2026-05-20T06:55:53","guid":{"rendered":"https:\/\/www.bellunopress.it\/?p=170276"},"modified":"2026-05-20T08:55:53","modified_gmt":"2026-05-20T06:55:53","slug":"anche-gli-alpini-del-7-reggimento-di-belluno-in-addestramento-sulle-prealpi-bresciane","status":"publish","type":"post","link":"https:\/\/www.bellunopress.it\/fr\/2026\/05\/20\/anche-gli-alpini-del-7-reggimento-di-belluno-in-addestramento-sulle-prealpi-bresciane\/","title":{"rendered":"Anche gli Alpini del 7\u00b0 Reggimento di Belluno in addestramento sulle Prealpi Bresciane"},"content":{"rendered":"<p data-path-to-node=\"7\"><b data-path-to-node=\"7\" data-index-in-node=\"0\">Concluso a Irma il modulo di movimento in montagna della Brigata &#8220;Julia&#8221;. Gli assetti bellunesi in prima linea per perfezionare la capacit\u00e0 di proiezione operativa e le competenze alpinistiche in territori impervi.<\/b><\/p>\n<p data-path-to-node=\"8\">Belluno \/ Irma (BS) \u2013 C&#8217;\u00e8 anche l&#8217;orgoglio e la professionalit\u00e0 del 7\u00b0 Reggimento Alpini di Belluno nel successo del complesso modulo addestrativo di movimento in montagna che si \u00e8 concluso nei giorni scorsi sulle Prealpi bresciane. Gli assetti del reparto bellunese, inseriti nel dispositivo d&#8217;\u00e9lite della Brigata Alpina &#8220;Julia&#8221;, hanno operato in quota nel comune di Irma (Brescia), confermando l&#8217;elevatissimo standard operativo e la tradizionale vocazione per l&#8217;ambiente verticale che da sempre caratterizza le fiamme verdi della caserma &#8220;Salsa-D&#8217;Angelo&#8221;.<\/p>\n<p data-path-to-node=\"9\">L&#8217;importante attivit\u00e0 addestrativa, coordinata e diretta dal 3\u00b0 Reggimento Artiglieria Terrestre (da montagna) di Udine, ha visto convergere nel bresciano diverse aliquote della &#8220;Julia&#8221;. Accanto ai bellunesi del 7\u00b0, hanno preso parte alle manovre anche il Reggimento &#8220;Piemonte Cavalleria&#8221; (2\u00b0) di Villa Opicina (TS) e il Reggimento Logistico &#8220;Julia&#8221; di Merano (BZ), quest&#8217;ultimo incaricato di garantire il fondamentale supporto logistico. L&#8217;intero modulo ha avuto come base operativa la &#8220;Casa dell&#8217;Alpino&#8221; a Irma, messa a disposizione grazie alla stretta e proficua collaborazione con la Sezione di Brescia dell&#8217;Associazione Nazionale Alpini (ANA).<\/p>\n<p data-path-to-node=\"11\">Per il personale del 7\u00b0 Reggimento Alpini, la partecipazione a questa esercitazione congiunta ha rappresentato una preziosa opportunit\u00e0 per consolidare il cosiddetto &#8220;approccio integrato&#8221;. Nel moderno scenario d&#8217;impiego dell&#8217;Esercito Italiano, la capacit\u00e0 di cooperare tra reparti di diversa specializzazione \u2014 fanteria alpina, artiglieria e cavalleria \u2014 \u00e8 un requisito operativo imprescindibile. L&#8217;integrazione sul campo ha permesso di ottimizzare le risorse e di uniformare le procedure tecnico-tattiche secondo i pi\u00f9 alti standard della Forza Armata.<\/p>\n<h6 style=\"text-align: left;\" data-path-to-node=\"12\">Il programma sul terreno \u00e8 stato particolarmente selettivo e intenso. Gli Alpini di Belluno si sono misurati con il movimento in quota lungo le principali vette del comprensorio bresciano. Le attivit\u00e0 hanno compreso marce tattiche a pieno carico, progressione su vie ferrate, arrampicata in falesia ed esercitazioni pratiche e teorie di topografia applicata. Si tratta di discipline fondamentali per affinare l&#8217;attitudine al combattimento e al movimento in ambienti montani impervi, aree d&#8217;elezione e specifico dominio d&#8217;impiego delle Truppe Alpine.<\/h6>\n<blockquote data-path-to-node=\"13\">\n<h6 style=\"text-align: left;\" data-path-to-node=\"13,0\">La presenza del 7\u00b0 Reggimento Alpini a Irma sottolinea il ruolo centrale del reparto bellunese nelle dinamiche della Brigata &#8220;Julia&#8221;. Gli alpini della &#8220;Salsa-D&#8217;Angelo&#8221;, forti di un legame indissolubile con il territorio delle Dolomiti, portano all&#8217;interno delle esercitazioni di brigata un bagaglio unico di esperienza nell&#8217;alpinismo militare e nella gestione delle criticit\u00e0 ambientali d&#8217;alta quota.<\/h6>\n<\/blockquote>\n<p data-path-to-node=\"15\">Sotto il profilo strettamente logistico, la manovra ha costituito un severo banco di prova per testare le capacit\u00e0 di proiezione dei reparti lontano dalle rispettive sedi stanziali. Spostare e mantenere un contingente di oltre cento militari, garantendo piena autonomia, sussistenza e supporto tecnico in un contesto isolato, ha richiesto una pianificazione millimetrica. In questo ambito, l&#8217;interazione tra i fanti del 7\u00b0 e gli specialisti del Reggimento Logistico &#8220;Julia&#8221; ha funzionato perfettamente, confermando la prontezza della Brigata a operare anche in condizioni di isolamento o emergenza.<\/p>\n<p data-path-to-node=\"17\">Oltre al cruciale addestramento tecnico e operativo, il modulo ha dedicato una parte significativa alla formazione etica, allo spirito di corpo e al culto della memoria storica, elementi cardine per i militari di recente assegnazione. In collaborazione con gli storici dell&#8217;Associazione Nazionale Alpini, i giovani soldati hanno partecipato a lezioni incentrate sulla storia del Corpo e a specifici approfondimenti sulla &#8220;Guerra Bianca&#8221; in Adamello, l&#8217;epopea che vide gli Alpini combattere in condizioni estreme tra i ghiacci durante il primo conflitto mondiale.<\/p>\n<p data-path-to-node=\"18\">Il percorso formativo si \u00e8 concluso con una serie di visite guidate sui luoghi teatro della Grande Guerra nelle Prealpi bresciane. Un momento di profonda riflessione che ha permesso agli Alpini del 7\u00b0 Reggimento e ai loro colleghi della &#8220;Julia&#8221; di toccare con mano le trincee e le postazioni dei propri predecessori, saldando i doveri operativi del presente con il patrimonio valoriale del passato.<\/p>","protected":false},"excerpt":{"rendered":"<p>Concluso a Irma il modulo di movimento in montagna della Brigata &#8220;Julia&#8221;. Gli assetti bellunesi in prima linea per perfezionare la capacit\u00e0 di proiezione operativa e le competenze alpinistiche in territori impervi. Belluno \/ Irma (BS) \u2013 C&#8217;\u00e8 anche l&#8217;orgoglio e la professionalit\u00e0 del 7\u00b0 Reggimento Alpini di Belluno nel successo del complesso modulo addestrativo [&hellip;]<\/p>\n","protected":false},"author":2,"featured_media":170277,"comment_status":"closed","ping_status":"open","sticky":false,"template":"","format":"standard","meta":{"footnotes":""},"categories":[26,8],"tags":[],"class_list":["post-170276","post","type-post","status-publish","format-standard","has-post-thumbnail","category-prima-pagina","category-societa-istituzioni"],"yoast_head":"<!-- This site is optimized with the Yoast SEO plugin v28.4 - https:\/\/yoast.com\/product\/yoast-seo-wordpress\/ -->\n<title>Anche gli Alpini del 7\u00b0 Reggimento di Belluno in addestramento sulle Prealpi Bresciane - Bellunopress - Dolomiti<\/title>\n<meta name=\"robots\" content=\"index, follow, max-snippet:-1, max-image-preview:large, max-video-preview:-1\" \/>\n<link rel=\"canonical\" href=\"https:\/\/www.bellunopress.it\/fr\/2026\/05\/20\/anche-gli-alpini-del-7-reggimento-di-belluno-in-addestramento-sulle-prealpi-bresciane\/\" \/>\n<meta property=\"og:locale\" content=\"fr_FR\" \/>\n<meta property=\"og:type\" content=\"article\" \/>\n<meta property=\"og:title\" content=\"Anche gli Alpini del 7\u00b0 Reggimento di Belluno in addestramento sulle Prealpi Bresciane - Bellunopress - Dolomiti\" \/>\n<meta property=\"og:description\" content=\"Concluso a Irma il modulo di movimento in montagna della Brigata &#8220;Julia&#8221;. Gli assetti bellunesi in prima linea per perfezionare la capacit\u00e0 di proiezione operativa e le competenze alpinistiche in territori impervi. Belluno \/ Irma (BS) \u2013 C&#8217;\u00e8 anche l&#8217;orgoglio e la professionalit\u00e0 del 7\u00b0 Reggimento Alpini di Belluno nel successo del complesso modulo addestrativo [&hellip;]\" \/>\n<meta property=\"og:url\" content=\"https:\/\/www.bellunopress.it\/fr\/2026\/05\/20\/anche-gli-alpini-del-7-reggimento-di-belluno-in-addestramento-sulle-prealpi-bresciane\/\" \/>\n<meta property=\"og:site_name\" content=\"Bellunopress - Dolomiti\" \/>\n<meta property=\"article:publisher\" content=\"https:\/\/www.facebook.com\/profile.php?id=100008943462799\" \/>\n<meta property=\"article:published_time\" content=\"2026-05-20T06:55:53+00:00\" \/>\n<meta property=\"og:image\" content=\"https:\/\/www.bellunopress.it\/wp-content\/uploads\/2026\/05\/addestramento-alpini-7mo-battaglione.jpg\" \/>\n\t<meta property=\"og:image:width\" content=\"500\" \/>\n\t<meta property=\"og:image:height\" content=\"362\" \/>\n\t<meta property=\"og:image:type\" content=\"image\/jpeg\" \/>\n<meta name=\"author\" content=\"redazione\" \/>\n<meta name=\"twitter:card\" content=\"summary_large_image\" \/>\n<meta name=\"twitter:creator\" content=\"@bellunopress\" \/>\n<meta name=\"twitter:site\" content=\"@bellunopress\" \/>\n<meta name=\"twitter:label1\" content=\"\u00c9crit par\" \/>\n\t<meta name=\"twitter:data1\" content=\"redazione\" \/>\n\t<meta name=\"twitter:label2\" content=\"Dur\u00e9e de lecture estim\u00e9e\" \/>\n\t<meta name=\"twitter:data2\" content=\"4 minutes\" \/>\n<script type=\"application\/ld+json\" class=\"yoast-schema-graph\">{\"@context\":\"https:\\\/\\\/schema.org\",\"@graph\":[{\"@type\":\"Article\",\"@id\":\"https:\\\/\\\/www.bellunopress.it\\\/2026\\\/05\\\/20\\\/anche-gli-alpini-del-7-reggimento-di-belluno-in-addestramento-sulle-prealpi-bresciane\\\/#article\",\"isPartOf\":{\"@id\":\"https:\\\/\\\/www.bellunopress.it\\\/2026\\\/05\\\/20\\\/anche-gli-alpini-del-7-reggimento-di-belluno-in-addestramento-sulle-prealpi-bresciane\\\/\"},\"author\":{\"name\":\"redazione\",\"@id\":\"https:\\\/\\\/www.bellunopress.it\\\/#\\\/schema\\\/person\\\/79bb06722b37ece1c03d3e94beb30d73\"},\"headline\":\"Anche gli Alpini del 7\u00b0 Reggimento di Belluno in addestramento sulle Prealpi Bresciane\",\"datePublished\":\"2026-05-20T06:55:53+00:00\",\"mainEntityOfPage\":{\"@id\":\"https:\\\/\\\/www.bellunopress.it\\\/2026\\\/05\\\/20\\\/anche-gli-alpini-del-7-reggimento-di-belluno-in-addestramento-sulle-prealpi-bresciane\\\/\"},\"wordCount\":659,\"publisher\":{\"@id\":\"https:\\\/\\\/www.bellunopress.it\\\/#organization\"},\"image\":{\"@id\":\"https:\\\/\\\/www.bellunopress.it\\\/2026\\\/05\\\/20\\\/anche-gli-alpini-del-7-reggimento-di-belluno-in-addestramento-sulle-prealpi-bresciane\\\/#primaryimage\"},\"thumbnailUrl\":\"https:\\\/\\\/www.bellunopress.it\\\/wp-content\\\/uploads\\\/2026\\\/05\\\/addestramento-alpini-7mo-battaglione.jpg\",\"articleSection\":[\"Prima Pagina\",\"Societ\u00e0, Associazioni, Istituzioni\"],\"inLanguage\":\"fr-FR\"},{\"@type\":\"WebPage\",\"@id\":\"https:\\\/\\\/www.bellunopress.it\\\/2026\\\/05\\\/20\\\/anche-gli-alpini-del-7-reggimento-di-belluno-in-addestramento-sulle-prealpi-bresciane\\\/\",\"url\":\"https:\\\/\\\/www.bellunopress.it\\\/2026\\\/05\\\/20\\\/anche-gli-alpini-del-7-reggimento-di-belluno-in-addestramento-sulle-prealpi-bresciane\\\/\",\"name\":\"Anche gli Alpini del 7\u00b0 Reggimento di Belluno in addestramento sulle Prealpi Bresciane - Bellunopress - Dolomiti\",\"isPartOf\":{\"@id\":\"https:\\\/\\\/www.bellunopress.it\\\/#website\"},\"primaryImageOfPage\":{\"@id\":\"https:\\\/\\\/www.bellunopress.it\\\/2026\\\/05\\\/20\\\/anche-gli-alpini-del-7-reggimento-di-belluno-in-addestramento-sulle-prealpi-bresciane\\\/#primaryimage\"},\"image\":{\"@id\":\"https:\\\/\\\/www.bellunopress.it\\\/2026\\\/05\\\/20\\\/anche-gli-alpini-del-7-reggimento-di-belluno-in-addestramento-sulle-prealpi-bresciane\\\/#primaryimage\"},\"thumbnailUrl\":\"https:\\\/\\\/www.bellunopress.it\\\/wp-content\\\/uploads\\\/2026\\\/05\\\/addestramento-alpini-7mo-battaglione.jpg\",\"datePublished\":\"2026-05-20T06:55:53+00:00\",\"breadcrumb\":{\"@id\":\"https:\\\/\\\/www.bellunopress.it\\\/2026\\\/05\\\/20\\\/anche-gli-alpini-del-7-reggimento-di-belluno-in-addestramento-sulle-prealpi-bresciane\\\/#breadcrumb\"},\"inLanguage\":\"fr-FR\",\"potentialAction\":[{\"@type\":\"ReadAction\",\"target\":[\"https:\\\/\\\/www.bellunopress.it\\\/2026\\\/05\\\/20\\\/anche-gli-alpini-del-7-reggimento-di-belluno-in-addestramento-sulle-prealpi-bresciane\\\/\"]}]},{\"@type\":\"ImageObject\",\"inLanguage\":\"fr-FR\",\"@id\":\"https:\\\/\\\/www.bellunopress.it\\\/2026\\\/05\\\/20\\\/anche-gli-alpini-del-7-reggimento-di-belluno-in-addestramento-sulle-prealpi-bresciane\\\/#primaryimage\",\"url\":\"https:\\\/\\\/www.bellunopress.it\\\/wp-content\\\/uploads\\\/2026\\\/05\\\/addestramento-alpini-7mo-battaglione.jpg\",\"contentUrl\":\"https:\\\/\\\/www.bellunopress.it\\\/wp-content\\\/uploads\\\/2026\\\/05\\\/addestramento-alpini-7mo-battaglione.jpg\",\"width\":500,\"height\":362},{\"@type\":\"BreadcrumbList\",\"@id\":\"https:\\\/\\\/www.bellunopress.it\\\/2026\\\/05\\\/20\\\/anche-gli-alpini-del-7-reggimento-di-belluno-in-addestramento-sulle-prealpi-bresciane\\\/#breadcrumb\",\"itemListElement\":[{\"@type\":\"ListItem\",\"position\":1,\"name\":\"Home\",\"item\":\"https:\\\/\\\/www.bellunopress.it\\\/\"},{\"@type\":\"ListItem\",\"position\":2,\"name\":\"Anche gli Alpini del 7\u00b0 Reggimento di Belluno in addestramento sulle Prealpi Bresciane\"}]},{\"@type\":\"WebSite\",\"@id\":\"https:\\\/\\\/www.bellunopress.it\\\/#website\",\"url\":\"https:\\\/\\\/www.bellunopress.it\\\/\",\"name\":\"Bellunopress - Dolomiti\",\"description\":\"e-mail: redazione@bellunopress.it\",\"publisher\":{\"@id\":\"https:\\\/\\\/www.bellunopress.it\\\/#organization\"},\"potentialAction\":[{\"@type\":\"SearchAction\",\"target\":{\"@type\":\"EntryPoint\",\"urlTemplate\":\"https:\\\/\\\/www.bellunopress.it\\\/?s={search_term_string}\"},\"query-input\":{\"@type\":\"PropertyValueSpecification\",\"valueRequired\":true,\"valueName\":\"search_term_string\"}}],\"inLanguage\":\"fr-FR\"},{\"@type\":\"Organization\",\"@id\":\"https:\\\/\\\/www.bellunopress.it\\\/#organization\",\"name\":\"Bellunopress\",\"url\":\"https:\\\/\\\/www.bellunopress.it\\\/\",\"logo\":{\"@type\":\"ImageObject\",\"inLanguage\":\"fr-FR\",\"@id\":\"https:\\\/\\\/www.bellunopress.it\\\/#\\\/schema\\\/logo\\\/image\\\/\",\"url\":\"https:\\\/\\\/www.bellunopress.it\\\/wp-content\\\/uploads\\\/2011\\\/05\\\/cropped-logo-bellunopress-.jpg\",\"contentUrl\":\"https:\\\/\\\/www.bellunopress.it\\\/wp-content\\\/uploads\\\/2011\\\/05\\\/cropped-logo-bellunopress-.jpg\",\"width\":512,\"height\":512,\"caption\":\"Bellunopress\"},\"image\":{\"@id\":\"https:\\\/\\\/www.bellunopress.it\\\/#\\\/schema\\\/logo\\\/image\\\/\"},\"sameAs\":[\"https:\\\/\\\/www.facebook.com\\\/profile.php?id=100008943462799\",\"https:\\\/\\\/x.com\\\/bellunopress\",\"https:\\\/\\\/www.linkedin.com\\\/hp\\\/?dnr=JBzUWaJfMUw8vbXJJ2tVW5-I3jZKvC4wsoxE&amp;amp;amp;amp;amp;amp;trk=nav_responsive_tab_home\",\"https:\\\/\\\/www.youtube.com\\\/channel\\\/UCxL0wu1uN0_3_7hGG0306cw\"]},{\"@type\":\"Person\",\"@id\":\"https:\\\/\\\/www.bellunopress.it\\\/#\\\/schema\\\/person\\\/79bb06722b37ece1c03d3e94beb30d73\",\"name\":\"redazione\",\"image\":{\"@type\":\"ImageObject\",\"inLanguage\":\"fr-FR\",\"@id\":\"https:\\\/\\\/secure.gravatar.com\\\/avatar\\\/37d968a2e67a6fd04c169c4bdef102d0bc5d31b2546345219e348575eb80e9a0?s=96&d=mm&r=g\",\"url\":\"https:\\\/\\\/secure.gravatar.com\\\/avatar\\\/37d968a2e67a6fd04c169c4bdef102d0bc5d31b2546345219e348575eb80e9a0?s=96&d=mm&r=g\",\"contentUrl\":\"https:\\\/\\\/secure.gravatar.com\\\/avatar\\\/37d968a2e67a6fd04c169c4bdef102d0bc5d31b2546345219e348575eb80e9a0?s=96&d=mm&r=g\",\"caption\":\"redazione\"},\"sameAs\":[\"http:\\\/\\\/www.bellunopress.it\",\"https:\\\/\\\/x.com\\\/bellunopress\"],\"url\":\"https:\\\/\\\/www.bellunopress.it\\\/fr\\\/author\\\/redazione\\\/\"}]}<\/script>\n<!-- \/ Yoast SEO plugin. -->","yoast_head_json":{"title":"Anche gli Alpini del 7\u00b0 Reggimento di Belluno in addestramento sulle Prealpi Bresciane - Bellunopress - Dolomiti","robots":{"index":"index","follow":"follow","max-snippet":"max-snippet:-1","max-image-preview":"max-image-preview:large","max-video-preview":"max-video-preview:-1"},"canonical":"https:\/\/www.bellunopress.it\/fr\/2026\/05\/20\/anche-gli-alpini-del-7-reggimento-di-belluno-in-addestramento-sulle-prealpi-bresciane\/","og_locale":"fr_FR","og_type":"article","og_title":"Anche gli Alpini del 7\u00b0 Reggimento di Belluno in addestramento sulle Prealpi Bresciane - Bellunopress - Dolomiti","og_description":"Concluso a Irma il modulo di movimento in montagna della Brigata &#8220;Julia&#8221;. Gli assetti bellunesi in prima linea per perfezionare la capacit\u00e0 di proiezione operativa e le competenze alpinistiche in territori impervi. Belluno \/ Irma (BS) \u2013 C&#8217;\u00e8 anche l&#8217;orgoglio e la professionalit\u00e0 del 7\u00b0 Reggimento Alpini di Belluno nel successo del complesso modulo addestrativo [&hellip;]","og_url":"https:\/\/www.bellunopress.it\/fr\/2026\/05\/20\/anche-gli-alpini-del-7-reggimento-di-belluno-in-addestramento-sulle-prealpi-bresciane\/","og_site_name":"Bellunopress - Dolomiti","article_publisher":"https:\/\/www.facebook.com\/profile.php?id=100008943462799","article_published_time":"2026-05-20T06:55:53+00:00","og_image":[{"width":500,"height":362,"url":"https:\/\/www.bellunopress.it\/wp-content\/uploads\/2026\/05\/addestramento-alpini-7mo-battaglione.jpg","type":"image\/jpeg"}],"author":"redazione","twitter_card":"summary_large_image","twitter_creator":"@bellunopress","twitter_site":"@bellunopress","twitter_misc":{"\u00c9crit par":"redazione","Dur\u00e9e de lecture estim\u00e9e":"4 minutes"},"schema":{"@context":"https:\/\/schema.org","@graph":[{"@type":"Article","@id":"https:\/\/www.bellunopress.it\/2026\/05\/20\/anche-gli-alpini-del-7-reggimento-di-belluno-in-addestramento-sulle-prealpi-bresciane\/#article","isPartOf":{"@id":"https:\/\/www.bellunopress.it\/2026\/05\/20\/anche-gli-alpini-del-7-reggimento-di-belluno-in-addestramento-sulle-prealpi-bresciane\/"},"author":{"name":"redazione","@id":"https:\/\/www.bellunopress.it\/#\/schema\/person\/79bb06722b37ece1c03d3e94beb30d73"},"headline":"Anche gli Alpini del 7\u00b0 Reggimento di Belluno in addestramento sulle Prealpi Bresciane","datePublished":"2026-05-20T06:55:53+00:00","mainEntityOfPage":{"@id":"https:\/\/www.bellunopress.it\/2026\/05\/20\/anche-gli-alpini-del-7-reggimento-di-belluno-in-addestramento-sulle-prealpi-bresciane\/"},"wordCount":659,"publisher":{"@id":"https:\/\/www.bellunopress.it\/#organization"},"image":{"@id":"https:\/\/www.bellunopress.it\/2026\/05\/20\/anche-gli-alpini-del-7-reggimento-di-belluno-in-addestramento-sulle-prealpi-bresciane\/#primaryimage"},"thumbnailUrl":"https:\/\/www.bellunopress.it\/wp-content\/uploads\/2026\/05\/addestramento-alpini-7mo-battaglione.jpg","articleSection":["Prima Pagina","Societ\u00e0, Associazioni, Istituzioni"],"inLanguage":"fr-FR"},{"@type":"WebPage","@id":"https:\/\/www.bellunopress.it\/2026\/05\/20\/anche-gli-alpini-del-7-reggimento-di-belluno-in-addestramento-sulle-prealpi-bresciane\/","url":"https:\/\/www.bellunopress.it\/2026\/05\/20\/anche-gli-alpini-del-7-reggimento-di-belluno-in-addestramento-sulle-prealpi-bresciane\/","name":"Anche gli Alpini del 7\u00b0 Reggimento di Belluno in addestramento sulle Prealpi Bresciane - Bellunopress - Dolomiti","isPartOf":{"@id":"https:\/\/www.bellunopress.it\/#website"},"primaryImageOfPage":{"@id":"https:\/\/www.bellunopress.it\/2026\/05\/20\/anche-gli-alpini-del-7-reggimento-di-belluno-in-addestramento-sulle-prealpi-bresciane\/#primaryimage"},"image":{"@id":"https:\/\/www.bellunopress.it\/2026\/05\/20\/anche-gli-alpini-del-7-reggimento-di-belluno-in-addestramento-sulle-prealpi-bresciane\/#primaryimage"},"thumbnailUrl":"https:\/\/www.bellunopress.it\/wp-content\/uploads\/2026\/05\/addestramento-alpini-7mo-battaglione.jpg","datePublished":"2026-05-20T06:55:53+00:00","breadcrumb":{"@id":"https:\/\/www.bellunopress.it\/2026\/05\/20\/anche-gli-alpini-del-7-reggimento-di-belluno-in-addestramento-sulle-prealpi-bresciane\/#breadcrumb"},"inLanguage":"fr-FR","potentialAction":[{"@type":"ReadAction","target":["https:\/\/www.bellunopress.it\/2026\/05\/20\/anche-gli-alpini-del-7-reggimento-di-belluno-in-addestramento-sulle-prealpi-bresciane\/"]}]},{"@type":"ImageObject","inLanguage":"fr-FR","@id":"https:\/\/www.bellunopress.it\/2026\/05\/20\/anche-gli-alpini-del-7-reggimento-di-belluno-in-addestramento-sulle-prealpi-bresciane\/#primaryimage","url":"https:\/\/www.bellunopress.it\/wp-content\/uploads\/2026\/05\/addestramento-alpini-7mo-battaglione.jpg","contentUrl":"https:\/\/www.bellunopress.it\/wp-content\/uploads\/2026\/05\/addestramento-alpini-7mo-battaglione.jpg","width":500,"height":362},{"@type":"BreadcrumbList","@id":"https:\/\/www.bellunopress.it\/2026\/05\/20\/anche-gli-alpini-del-7-reggimento-di-belluno-in-addestramento-sulle-prealpi-bresciane\/#breadcrumb","itemListElement":[{"@type":"ListItem","position":1,"name":"Home","item":"https:\/\/www.bellunopress.it\/"},{"@type":"ListItem","position":2,"name":"Anche gli Alpini del 7\u00b0 Reggimento di Belluno in addestramento sulle Prealpi Bresciane"}]},{"@type":"WebSite","@id":"https:\/\/www.bellunopress.it\/#website","url":"https:\/\/www.bellunopress.it\/","name":"Bellunopress - Dolomiti","description":"e-mail: redazione@bellunopress.it","publisher":{"@id":"https:\/\/www.bellunopress.it\/#organization"},"potentialAction":[{"@type":"SearchAction","target":{"@type":"EntryPoint","urlTemplate":"https:\/\/www.bellunopress.it\/?s={search_term_string}"},"query-input":{"@type":"PropertyValueSpecification","valueRequired":true,"valueName":"search_term_string"}}],"inLanguage":"fr-FR"},{"@type":"Organization","@id":"https:\/\/www.bellunopress.it\/#organization","name":"Bellunopress","url":"https:\/\/www.bellunopress.it\/","logo":{"@type":"ImageObject","inLanguage":"fr-FR","@id":"https:\/\/www.bellunopress.it\/#\/schema\/logo\/image\/","url":"https:\/\/www.bellunopress.it\/wp-content\/uploads\/2011\/05\/cropped-logo-bellunopress-.jpg","contentUrl":"https:\/\/www.bellunopress.it\/wp-content\/uploads\/2011\/05\/cropped-logo-bellunopress-.jpg","width":512,"height":512,"caption":"Bellunopress"},"image":{"@id":"https:\/\/www.bellunopress.it\/#\/schema\/logo\/image\/"},"sameAs":["https:\/\/www.facebook.com\/profile.php?id=100008943462799","https:\/\/x.com\/bellunopress","https:\/\/www.linkedin.com\/hp\/?dnr=JBzUWaJfMUw8vbXJJ2tVW5-I3jZKvC4wsoxE&amp;amp;amp;amp;amp;amp;trk=nav_responsive_tab_home","https:\/\/www.youtube.com\/channel\/UCxL0wu1uN0_3_7hGG0306cw"]},{"@type":"Person","@id":"https:\/\/www.bellunopress.it\/#\/schema\/person\/79bb06722b37ece1c03d3e94beb30d73","name":"r\u00e9daction","image":{"@type":"ImageObject","inLanguage":"fr-FR","@id":"https:\/\/secure.gravatar.com\/avatar\/37d968a2e67a6fd04c169c4bdef102d0bc5d31b2546345219e348575eb80e9a0?s=96&d=mm&r=g","url":"https:\/\/secure.gravatar.com\/avatar\/37d968a2e67a6fd04c169c4bdef102d0bc5d31b2546345219e348575eb80e9a0?s=96&d=mm&r=g","contentUrl":"https:\/\/secure.gravatar.com\/avatar\/37d968a2e67a6fd04c169c4bdef102d0bc5d31b2546345219e348575eb80e9a0?s=96&d=mm&r=g","caption":"redazione"},"sameAs":["http:\/\/www.bellunopress.it","https:\/\/x.com\/bellunopress"],"url":"https:\/\/www.bellunopress.it\/fr\/author\/redazione\/"}]}},"_links":{"self":[{"href":"https:\/\/www.bellunopress.it\/fr\/wp-json\/wp\/v2\/posts\/170276","targetHints":{"allow":["GET"]}}],"collection":[{"href":"https:\/\/www.bellunopress.it\/fr\/wp-json\/wp\/v2\/posts"}],"about":[{"href":"https:\/\/www.bellunopress.it\/fr\/wp-json\/wp\/v2\/types\/post"}],"author":[{"embeddable":true,"href":"https:\/\/www.bellunopress.it\/fr\/wp-json\/wp\/v2\/users\/2"}],"replies":[{"embeddable":true,"href":"https:\/\/www.bellunopress.it\/fr\/wp-json\/wp\/v2\/comments?post=170276"}],"version-history":[{"count":1,"href":"https:\/\/www.bellunopress.it\/fr\/wp-json\/wp\/v2\/posts\/170276\/revisions"}],"predecessor-version":[{"id":170278,"href":"https:\/\/www.bellunopress.it\/fr\/wp-json\/wp\/v2\/posts\/170276\/revisions\/170278"}],"wp:featuredmedia":[{"embeddable":true,"href":"https:\/\/www.bellunopress.it\/fr\/wp-json\/wp\/v2\/media\/170277"}],"wp:attachment":[{"href":"https:\/\/www.bellunopress.it\/fr\/wp-json\/wp\/v2\/media?parent=170276"}],"wp:term":[{"taxonomy":"category","embeddable":true,"href":"https:\/\/www.bellunopress.it\/fr\/wp-json\/wp\/v2\/categories?post=170276"},{"taxonomy":"post_tag","embeddable":true,"href":"https:\/\/www.bellunopress.it\/fr\/wp-json\/wp\/v2\/tags?post=170276"}],"curies":[{"name":"wp","href":"https:\/\/api.w.org\/{rel}","templated":true}]}}