{"id":170271,"date":"2026-05-20T08:00:36","date_gmt":"2026-05-20T06:00:36","guid":{"rendered":"https:\/\/www.bellunopress.it\/?p=170271"},"modified":"2026-05-20T08:03:37","modified_gmt":"2026-05-20T06:03:37","slug":"di-fronte-al-nemico-giovedi-a-belluno-la-presentazione-del-libro-di-adriana-lotto-e-toni-sirena","status":"publish","type":"post","link":"https:\/\/www.bellunopress.it\/fr\/2026\/05\/20\/di-fronte-al-nemico-giovedi-a-belluno-la-presentazione-del-libro-di-adriana-lotto-e-toni-sirena\/","title":{"rendered":"Di fronte al nemico. Gioved\u00ec a Belluno la presentazione del libro di Adriana Lotto e Toni Sirena"},"content":{"rendered":"<p>Si terr\u00e0 a Belluno gioved\u00ec 21 maggio alle ore 18.30 al Bar Insolita Storia, la\u00a0presentazione del libro dal titolo &#8220;Di fronte al nemico. Donne e uomini nella Resistenza della Sinistra Piave&#8221; curato da Adriana Lotto e Toni Sirena (Isbrec-Ass. culturale Tina Merlin, 2025).<\/p>\n<p>Saranno presenti Adriana Lotto, Toni Sirena e Enrico Bacchetti<\/p>\n<p>Il volume ricostruisce la storia del movimento di resistenza che oper\u00f2 a scavalco delle province di Belluno e Treviso attingendo a fonti quasi esclusivamente archivistiche, dall\u2019Archivio di Stato di Belluno a quello Centrale dello Stato di Roma (Fondo Ricompart) agli Archivi degli Istituti storici della Resistenza di Belluno e di Vittorio Veneto a quello del Centro di Ateneo per la storia della Resistenza e dell\u2019et\u00e0 contemporanea di Padova.<\/p>\n<p>Sono altres\u00ec utilizzate le testimonianze edite e registrate in audiocassette dei protagonisti e la specifica letteratura. In particolare, la prima parte si sofferma sulla nascita delle cinque formazioni operanti sul territorio della Sinistra Piave dal Cansiglio al Monte Grappa, sulle loro azioni, sul loro rapporto politico e militare, su quello con le missioni alleate e sulla giustizia partigiana. La seconda parte \u00e8 costituita da circa 1500 profili di partigiani, patrioti, collaboratori e benemeriti. Nella terza parte sono raccolti in larga messe significativi documenti prodotti dalle formazioni nei venti mesi di lotta.<\/p>\n<p>&nbsp;<\/p>\n<p>&nbsp;<\/p>","protected":false},"excerpt":{"rendered":"<p>Si terr\u00e0 a Belluno gioved\u00ec 21 maggio alle ore 18.30 al Bar Insolita Storia, la\u00a0presentazione del libro dal titolo &#8220;Di fronte al nemico. Donne e uomini nella Resistenza della Sinistra Piave&#8221; curato da Adriana Lotto e Toni Sirena (Isbrec-Ass. culturale Tina Merlin, 2025). Saranno presenti Adriana Lotto, Toni Sirena e Enrico Bacchetti Il volume ricostruisce [&hellip;]<\/p>\n","protected":false},"author":2,"featured_media":170272,"comment_status":"closed","ping_status":"open","sticky":false,"template":"","format":"standard","meta":{"footnotes":""},"categories":[27,25],"tags":[],"class_list":["post-170271","post","type-post","status-publish","format-standard","has-post-thumbnail","category-appuntamenti","category-pausa-caffe"],"yoast_head":"<!-- This site is optimized with the Yoast SEO plugin v28.4 - https:\/\/yoast.com\/product\/yoast-seo-wordpress\/ -->\n<title>Di fronte al nemico. Gioved\u00ec a Belluno la presentazione del libro di Adriana Lotto e Toni Sirena - Bellunopress - Dolomiti<\/title>\n<meta name=\"robots\" content=\"index, follow, max-snippet:-1, max-image-preview:large, max-video-preview:-1\" \/>\n<link rel=\"canonical\" href=\"https:\/\/www.bellunopress.it\/fr\/2026\/05\/20\/di-fronte-al-nemico-giovedi-a-belluno-la-presentazione-del-libro-di-adriana-lotto-e-toni-sirena\/\" \/>\n<meta property=\"og:locale\" content=\"fr_FR\" \/>\n<meta property=\"og:type\" content=\"article\" \/>\n<meta property=\"og:title\" content=\"Di fronte al nemico. Gioved\u00ec a Belluno la presentazione del libro di Adriana Lotto e Toni Sirena - Bellunopress - Dolomiti\" \/>\n<meta property=\"og:description\" content=\"Si terr\u00e0 a Belluno gioved\u00ec 21 maggio alle ore 18.30 al Bar Insolita Storia, la\u00a0presentazione del libro dal titolo &#8220;Di fronte al nemico. Donne e uomini nella Resistenza della Sinistra Piave&#8221; curato da Adriana Lotto e Toni Sirena (Isbrec-Ass. culturale Tina Merlin, 2025). Saranno presenti Adriana Lotto, Toni Sirena e Enrico Bacchetti Il volume ricostruisce [&hellip;]\" \/>\n<meta property=\"og:url\" content=\"https:\/\/www.bellunopress.it\/fr\/2026\/05\/20\/di-fronte-al-nemico-giovedi-a-belluno-la-presentazione-del-libro-di-adriana-lotto-e-toni-sirena\/\" \/>\n<meta property=\"og:site_name\" content=\"Bellunopress - Dolomiti\" \/>\n<meta property=\"article:publisher\" content=\"https:\/\/www.facebook.com\/profile.php?id=100008943462799\" \/>\n<meta property=\"article:published_time\" content=\"2026-05-20T06:00:36+00:00\" \/>\n<meta property=\"article:modified_time\" content=\"2026-05-20T06:03:37+00:00\" \/>\n<meta property=\"og:image\" content=\"https:\/\/www.bellunopress.it\/wp-content\/uploads\/2026\/05\/Di-fronte-al-nemico.-Adriana-Lotto-Toni-Sirena.jpg\" \/>\n\t<meta property=\"og:image:width\" content=\"353\" \/>\n\t<meta property=\"og:image:height\" content=\"500\" \/>\n\t<meta property=\"og:image:type\" content=\"image\/jpeg\" \/>\n<meta name=\"author\" content=\"redazione\" \/>\n<meta name=\"twitter:card\" content=\"summary_large_image\" \/>\n<meta name=\"twitter:creator\" content=\"@bellunopress\" \/>\n<meta name=\"twitter:site\" content=\"@bellunopress\" \/>\n<meta name=\"twitter:label1\" content=\"\u00c9crit par\" \/>\n\t<meta name=\"twitter:data1\" content=\"redazione\" \/>\n\t<meta name=\"twitter:label2\" content=\"Dur\u00e9e de lecture estim\u00e9e\" \/>\n\t<meta name=\"twitter:data2\" content=\"2 minutes\" \/>\n<script type=\"application\/ld+json\" class=\"yoast-schema-graph\">{\"@context\":\"https:\\\/\\\/schema.org\",\"@graph\":[{\"@type\":\"Article\",\"@id\":\"https:\\\/\\\/www.bellunopress.it\\\/2026\\\/05\\\/20\\\/di-fronte-al-nemico-giovedi-a-belluno-la-presentazione-del-libro-di-adriana-lotto-e-toni-sirena\\\/#article\",\"isPartOf\":{\"@id\":\"https:\\\/\\\/www.bellunopress.it\\\/2026\\\/05\\\/20\\\/di-fronte-al-nemico-giovedi-a-belluno-la-presentazione-del-libro-di-adriana-lotto-e-toni-sirena\\\/\"},\"author\":{\"name\":\"redazione\",\"@id\":\"https:\\\/\\\/www.bellunopress.it\\\/#\\\/schema\\\/person\\\/79bb06722b37ece1c03d3e94beb30d73\"},\"headline\":\"Di fronte al nemico. Gioved\u00ec a Belluno la presentazione del libro di Adriana Lotto e Toni Sirena\",\"datePublished\":\"2026-05-20T06:00:36+00:00\",\"dateModified\":\"2026-05-20T06:03:37+00:00\",\"mainEntityOfPage\":{\"@id\":\"https:\\\/\\\/www.bellunopress.it\\\/2026\\\/05\\\/20\\\/di-fronte-al-nemico-giovedi-a-belluno-la-presentazione-del-libro-di-adriana-lotto-e-toni-sirena\\\/\"},\"wordCount\":228,\"publisher\":{\"@id\":\"https:\\\/\\\/www.bellunopress.it\\\/#organization\"},\"image\":{\"@id\":\"https:\\\/\\\/www.bellunopress.it\\\/2026\\\/05\\\/20\\\/di-fronte-al-nemico-giovedi-a-belluno-la-presentazione-del-libro-di-adriana-lotto-e-toni-sirena\\\/#primaryimage\"},\"thumbnailUrl\":\"https:\\\/\\\/www.bellunopress.it\\\/wp-content\\\/uploads\\\/2026\\\/05\\\/Di-fronte-al-nemico.-Adriana-Lotto-Toni-Sirena.jpg\",\"articleSection\":[\"Appuntamenti, Eventi\",\"Pausa Caff\u00e8\"],\"inLanguage\":\"fr-FR\"},{\"@type\":\"WebPage\",\"@id\":\"https:\\\/\\\/www.bellunopress.it\\\/2026\\\/05\\\/20\\\/di-fronte-al-nemico-giovedi-a-belluno-la-presentazione-del-libro-di-adriana-lotto-e-toni-sirena\\\/\",\"url\":\"https:\\\/\\\/www.bellunopress.it\\\/2026\\\/05\\\/20\\\/di-fronte-al-nemico-giovedi-a-belluno-la-presentazione-del-libro-di-adriana-lotto-e-toni-sirena\\\/\",\"name\":\"Di fronte al nemico. Gioved\u00ec a Belluno la presentazione del libro di Adriana Lotto e Toni Sirena - Bellunopress - Dolomiti\",\"isPartOf\":{\"@id\":\"https:\\\/\\\/www.bellunopress.it\\\/#website\"},\"primaryImageOfPage\":{\"@id\":\"https:\\\/\\\/www.bellunopress.it\\\/2026\\\/05\\\/20\\\/di-fronte-al-nemico-giovedi-a-belluno-la-presentazione-del-libro-di-adriana-lotto-e-toni-sirena\\\/#primaryimage\"},\"image\":{\"@id\":\"https:\\\/\\\/www.bellunopress.it\\\/2026\\\/05\\\/20\\\/di-fronte-al-nemico-giovedi-a-belluno-la-presentazione-del-libro-di-adriana-lotto-e-toni-sirena\\\/#primaryimage\"},\"thumbnailUrl\":\"https:\\\/\\\/www.bellunopress.it\\\/wp-content\\\/uploads\\\/2026\\\/05\\\/Di-fronte-al-nemico.-Adriana-Lotto-Toni-Sirena.jpg\",\"datePublished\":\"2026-05-20T06:00:36+00:00\",\"dateModified\":\"2026-05-20T06:03:37+00:00\",\"breadcrumb\":{\"@id\":\"https:\\\/\\\/www.bellunopress.it\\\/2026\\\/05\\\/20\\\/di-fronte-al-nemico-giovedi-a-belluno-la-presentazione-del-libro-di-adriana-lotto-e-toni-sirena\\\/#breadcrumb\"},\"inLanguage\":\"fr-FR\",\"potentialAction\":[{\"@type\":\"ReadAction\",\"target\":[\"https:\\\/\\\/www.bellunopress.it\\\/2026\\\/05\\\/20\\\/di-fronte-al-nemico-giovedi-a-belluno-la-presentazione-del-libro-di-adriana-lotto-e-toni-sirena\\\/\"]}]},{\"@type\":\"ImageObject\",\"inLanguage\":\"fr-FR\",\"@id\":\"https:\\\/\\\/www.bellunopress.it\\\/2026\\\/05\\\/20\\\/di-fronte-al-nemico-giovedi-a-belluno-la-presentazione-del-libro-di-adriana-lotto-e-toni-sirena\\\/#primaryimage\",\"url\":\"https:\\\/\\\/www.bellunopress.it\\\/wp-content\\\/uploads\\\/2026\\\/05\\\/Di-fronte-al-nemico.-Adriana-Lotto-Toni-Sirena.jpg\",\"contentUrl\":\"https:\\\/\\\/www.bellunopress.it\\\/wp-content\\\/uploads\\\/2026\\\/05\\\/Di-fronte-al-nemico.-Adriana-Lotto-Toni-Sirena.jpg\",\"width\":353,\"height\":500,\"caption\":\"Blu, Giallo e Rosso Tecnologia Volantino - Belluno\"},{\"@type\":\"BreadcrumbList\",\"@id\":\"https:\\\/\\\/www.bellunopress.it\\\/2026\\\/05\\\/20\\\/di-fronte-al-nemico-giovedi-a-belluno-la-presentazione-del-libro-di-adriana-lotto-e-toni-sirena\\\/#breadcrumb\",\"itemListElement\":[{\"@type\":\"ListItem\",\"position\":1,\"name\":\"Home\",\"item\":\"https:\\\/\\\/www.bellunopress.it\\\/\"},{\"@type\":\"ListItem\",\"position\":2,\"name\":\"Di fronte al nemico. Gioved\u00ec a Belluno la presentazione del libro di Adriana Lotto e Toni Sirena\"}]},{\"@type\":\"WebSite\",\"@id\":\"https:\\\/\\\/www.bellunopress.it\\\/#website\",\"url\":\"https:\\\/\\\/www.bellunopress.it\\\/\",\"name\":\"Bellunopress - Dolomiti\",\"description\":\"e-mail: redazione@bellunopress.it\",\"publisher\":{\"@id\":\"https:\\\/\\\/www.bellunopress.it\\\/#organization\"},\"potentialAction\":[{\"@type\":\"SearchAction\",\"target\":{\"@type\":\"EntryPoint\",\"urlTemplate\":\"https:\\\/\\\/www.bellunopress.it\\\/?s={search_term_string}\"},\"query-input\":{\"@type\":\"PropertyValueSpecification\",\"valueRequired\":true,\"valueName\":\"search_term_string\"}}],\"inLanguage\":\"fr-FR\"},{\"@type\":\"Organization\",\"@id\":\"https:\\\/\\\/www.bellunopress.it\\\/#organization\",\"name\":\"Bellunopress\",\"url\":\"https:\\\/\\\/www.bellunopress.it\\\/\",\"logo\":{\"@type\":\"ImageObject\",\"inLanguage\":\"fr-FR\",\"@id\":\"https:\\\/\\\/www.bellunopress.it\\\/#\\\/schema\\\/logo\\\/image\\\/\",\"url\":\"https:\\\/\\\/www.bellunopress.it\\\/wp-content\\\/uploads\\\/2011\\\/05\\\/cropped-logo-bellunopress-.jpg\",\"contentUrl\":\"https:\\\/\\\/www.bellunopress.it\\\/wp-content\\\/uploads\\\/2011\\\/05\\\/cropped-logo-bellunopress-.jpg\",\"width\":512,\"height\":512,\"caption\":\"Bellunopress\"},\"image\":{\"@id\":\"https:\\\/\\\/www.bellunopress.it\\\/#\\\/schema\\\/logo\\\/image\\\/\"},\"sameAs\":[\"https:\\\/\\\/www.facebook.com\\\/profile.php?id=100008943462799\",\"https:\\\/\\\/x.com\\\/bellunopress\",\"https:\\\/\\\/www.linkedin.com\\\/hp\\\/?dnr=JBzUWaJfMUw8vbXJJ2tVW5-I3jZKvC4wsoxE&amp;amp;amp;amp;amp;amp;trk=nav_responsive_tab_home\",\"https:\\\/\\\/www.youtube.com\\\/channel\\\/UCxL0wu1uN0_3_7hGG0306cw\"]},{\"@type\":\"Person\",\"@id\":\"https:\\\/\\\/www.bellunopress.it\\\/#\\\/schema\\\/person\\\/79bb06722b37ece1c03d3e94beb30d73\",\"name\":\"redazione\",\"image\":{\"@type\":\"ImageObject\",\"inLanguage\":\"fr-FR\",\"@id\":\"https:\\\/\\\/secure.gravatar.com\\\/avatar\\\/37d968a2e67a6fd04c169c4bdef102d0bc5d31b2546345219e348575eb80e9a0?s=96&d=mm&r=g\",\"url\":\"https:\\\/\\\/secure.gravatar.com\\\/avatar\\\/37d968a2e67a6fd04c169c4bdef102d0bc5d31b2546345219e348575eb80e9a0?s=96&d=mm&r=g\",\"contentUrl\":\"https:\\\/\\\/secure.gravatar.com\\\/avatar\\\/37d968a2e67a6fd04c169c4bdef102d0bc5d31b2546345219e348575eb80e9a0?s=96&d=mm&r=g\",\"caption\":\"redazione\"},\"sameAs\":[\"http:\\\/\\\/www.bellunopress.it\",\"https:\\\/\\\/x.com\\\/bellunopress\"],\"url\":\"https:\\\/\\\/www.bellunopress.it\\\/fr\\\/author\\\/redazione\\\/\"}]}<\/script>\n<!-- \/ Yoast SEO plugin. -->","yoast_head_json":{"title":"Di fronte al nemico. Gioved\u00ec a Belluno la presentazione del libro di Adriana Lotto e Toni Sirena - Bellunopress - Dolomiti","robots":{"index":"index","follow":"follow","max-snippet":"max-snippet:-1","max-image-preview":"max-image-preview:large","max-video-preview":"max-video-preview:-1"},"canonical":"https:\/\/www.bellunopress.it\/fr\/2026\/05\/20\/di-fronte-al-nemico-giovedi-a-belluno-la-presentazione-del-libro-di-adriana-lotto-e-toni-sirena\/","og_locale":"fr_FR","og_type":"article","og_title":"Di fronte al nemico. Gioved\u00ec a Belluno la presentazione del libro di Adriana Lotto e Toni Sirena - Bellunopress - Dolomiti","og_description":"Si terr\u00e0 a Belluno gioved\u00ec 21 maggio alle ore 18.30 al Bar Insolita Storia, la\u00a0presentazione del libro dal titolo &#8220;Di fronte al nemico. Donne e uomini nella Resistenza della Sinistra Piave&#8221; curato da Adriana Lotto e Toni Sirena (Isbrec-Ass. culturale Tina Merlin, 2025). Saranno presenti Adriana Lotto, Toni Sirena e Enrico Bacchetti Il volume ricostruisce [&hellip;]","og_url":"https:\/\/www.bellunopress.it\/fr\/2026\/05\/20\/di-fronte-al-nemico-giovedi-a-belluno-la-presentazione-del-libro-di-adriana-lotto-e-toni-sirena\/","og_site_name":"Bellunopress - Dolomiti","article_publisher":"https:\/\/www.facebook.com\/profile.php?id=100008943462799","article_published_time":"2026-05-20T06:00:36+00:00","article_modified_time":"2026-05-20T06:03:37+00:00","og_image":[{"width":353,"height":500,"url":"https:\/\/www.bellunopress.it\/wp-content\/uploads\/2026\/05\/Di-fronte-al-nemico.-Adriana-Lotto-Toni-Sirena.jpg","type":"image\/jpeg"}],"author":"redazione","twitter_card":"summary_large_image","twitter_creator":"@bellunopress","twitter_site":"@bellunopress","twitter_misc":{"\u00c9crit par":"redazione","Dur\u00e9e de lecture estim\u00e9e":"2 minutes"},"schema":{"@context":"https:\/\/schema.org","@graph":[{"@type":"Article","@id":"https:\/\/www.bellunopress.it\/2026\/05\/20\/di-fronte-al-nemico-giovedi-a-belluno-la-presentazione-del-libro-di-adriana-lotto-e-toni-sirena\/#article","isPartOf":{"@id":"https:\/\/www.bellunopress.it\/2026\/05\/20\/di-fronte-al-nemico-giovedi-a-belluno-la-presentazione-del-libro-di-adriana-lotto-e-toni-sirena\/"},"author":{"name":"redazione","@id":"https:\/\/www.bellunopress.it\/#\/schema\/person\/79bb06722b37ece1c03d3e94beb30d73"},"headline":"Di fronte al nemico. Gioved\u00ec a Belluno la presentazione del libro di Adriana Lotto e Toni Sirena","datePublished":"2026-05-20T06:00:36+00:00","dateModified":"2026-05-20T06:03:37+00:00","mainEntityOfPage":{"@id":"https:\/\/www.bellunopress.it\/2026\/05\/20\/di-fronte-al-nemico-giovedi-a-belluno-la-presentazione-del-libro-di-adriana-lotto-e-toni-sirena\/"},"wordCount":228,"publisher":{"@id":"https:\/\/www.bellunopress.it\/#organization"},"image":{"@id":"https:\/\/www.bellunopress.it\/2026\/05\/20\/di-fronte-al-nemico-giovedi-a-belluno-la-presentazione-del-libro-di-adriana-lotto-e-toni-sirena\/#primaryimage"},"thumbnailUrl":"https:\/\/www.bellunopress.it\/wp-content\/uploads\/2026\/05\/Di-fronte-al-nemico.-Adriana-Lotto-Toni-Sirena.jpg","articleSection":["Appuntamenti, Eventi","Pausa Caff\u00e8"],"inLanguage":"fr-FR"},{"@type":"WebPage","@id":"https:\/\/www.bellunopress.it\/2026\/05\/20\/di-fronte-al-nemico-giovedi-a-belluno-la-presentazione-del-libro-di-adriana-lotto-e-toni-sirena\/","url":"https:\/\/www.bellunopress.it\/2026\/05\/20\/di-fronte-al-nemico-giovedi-a-belluno-la-presentazione-del-libro-di-adriana-lotto-e-toni-sirena\/","name":"Di fronte al nemico. Gioved\u00ec a Belluno la presentazione del libro di Adriana Lotto e Toni Sirena - Bellunopress - Dolomiti","isPartOf":{"@id":"https:\/\/www.bellunopress.it\/#website"},"primaryImageOfPage":{"@id":"https:\/\/www.bellunopress.it\/2026\/05\/20\/di-fronte-al-nemico-giovedi-a-belluno-la-presentazione-del-libro-di-adriana-lotto-e-toni-sirena\/#primaryimage"},"image":{"@id":"https:\/\/www.bellunopress.it\/2026\/05\/20\/di-fronte-al-nemico-giovedi-a-belluno-la-presentazione-del-libro-di-adriana-lotto-e-toni-sirena\/#primaryimage"},"thumbnailUrl":"https:\/\/www.bellunopress.it\/wp-content\/uploads\/2026\/05\/Di-fronte-al-nemico.-Adriana-Lotto-Toni-Sirena.jpg","datePublished":"2026-05-20T06:00:36+00:00","dateModified":"2026-05-20T06:03:37+00:00","breadcrumb":{"@id":"https:\/\/www.bellunopress.it\/2026\/05\/20\/di-fronte-al-nemico-giovedi-a-belluno-la-presentazione-del-libro-di-adriana-lotto-e-toni-sirena\/#breadcrumb"},"inLanguage":"fr-FR","potentialAction":[{"@type":"ReadAction","target":["https:\/\/www.bellunopress.it\/2026\/05\/20\/di-fronte-al-nemico-giovedi-a-belluno-la-presentazione-del-libro-di-adriana-lotto-e-toni-sirena\/"]}]},{"@type":"ImageObject","inLanguage":"fr-FR","@id":"https:\/\/www.bellunopress.it\/2026\/05\/20\/di-fronte-al-nemico-giovedi-a-belluno-la-presentazione-del-libro-di-adriana-lotto-e-toni-sirena\/#primaryimage","url":"https:\/\/www.bellunopress.it\/wp-content\/uploads\/2026\/05\/Di-fronte-al-nemico.-Adriana-Lotto-Toni-Sirena.jpg","contentUrl":"https:\/\/www.bellunopress.it\/wp-content\/uploads\/2026\/05\/Di-fronte-al-nemico.-Adriana-Lotto-Toni-Sirena.jpg","width":353,"height":500,"caption":"Blu, Giallo e Rosso Tecnologia Volantino - Belluno"},{"@type":"BreadcrumbList","@id":"https:\/\/www.bellunopress.it\/2026\/05\/20\/di-fronte-al-nemico-giovedi-a-belluno-la-presentazione-del-libro-di-adriana-lotto-e-toni-sirena\/#breadcrumb","itemListElement":[{"@type":"ListItem","position":1,"name":"Home","item":"https:\/\/www.bellunopress.it\/"},{"@type":"ListItem","position":2,"name":"Di fronte al nemico. Gioved\u00ec a Belluno la presentazione del libro di Adriana Lotto e Toni Sirena"}]},{"@type":"WebSite","@id":"https:\/\/www.bellunopress.it\/#website","url":"https:\/\/www.bellunopress.it\/","name":"Bellunopress - Dolomiti","description":"e-mail: redazione@bellunopress.it","publisher":{"@id":"https:\/\/www.bellunopress.it\/#organization"},"potentialAction":[{"@type":"SearchAction","target":{"@type":"EntryPoint","urlTemplate":"https:\/\/www.bellunopress.it\/?s={search_term_string}"},"query-input":{"@type":"PropertyValueSpecification","valueRequired":true,"valueName":"search_term_string"}}],"inLanguage":"fr-FR"},{"@type":"Organization","@id":"https:\/\/www.bellunopress.it\/#organization","name":"Bellunopress","url":"https:\/\/www.bellunopress.it\/","logo":{"@type":"ImageObject","inLanguage":"fr-FR","@id":"https:\/\/www.bellunopress.it\/#\/schema\/logo\/image\/","url":"https:\/\/www.bellunopress.it\/wp-content\/uploads\/2011\/05\/cropped-logo-bellunopress-.jpg","contentUrl":"https:\/\/www.bellunopress.it\/wp-content\/uploads\/2011\/05\/cropped-logo-bellunopress-.jpg","width":512,"height":512,"caption":"Bellunopress"},"image":{"@id":"https:\/\/www.bellunopress.it\/#\/schema\/logo\/image\/"},"sameAs":["https:\/\/www.facebook.com\/profile.php?id=100008943462799","https:\/\/x.com\/bellunopress","https:\/\/www.linkedin.com\/hp\/?dnr=JBzUWaJfMUw8vbXJJ2tVW5-I3jZKvC4wsoxE&amp;amp;amp;amp;amp;amp;trk=nav_responsive_tab_home","https:\/\/www.youtube.com\/channel\/UCxL0wu1uN0_3_7hGG0306cw"]},{"@type":"Person","@id":"https:\/\/www.bellunopress.it\/#\/schema\/person\/79bb06722b37ece1c03d3e94beb30d73","name":"r\u00e9daction","image":{"@type":"ImageObject","inLanguage":"fr-FR","@id":"https:\/\/secure.gravatar.com\/avatar\/37d968a2e67a6fd04c169c4bdef102d0bc5d31b2546345219e348575eb80e9a0?s=96&d=mm&r=g","url":"https:\/\/secure.gravatar.com\/avatar\/37d968a2e67a6fd04c169c4bdef102d0bc5d31b2546345219e348575eb80e9a0?s=96&d=mm&r=g","contentUrl":"https:\/\/secure.gravatar.com\/avatar\/37d968a2e67a6fd04c169c4bdef102d0bc5d31b2546345219e348575eb80e9a0?s=96&d=mm&r=g","caption":"redazione"},"sameAs":["http:\/\/www.bellunopress.it","https:\/\/x.com\/bellunopress"],"url":"https:\/\/www.bellunopress.it\/fr\/author\/redazione\/"}]}},"_links":{"self":[{"href":"https:\/\/www.bellunopress.it\/fr\/wp-json\/wp\/v2\/posts\/170271","targetHints":{"allow":["GET"]}}],"collection":[{"href":"https:\/\/www.bellunopress.it\/fr\/wp-json\/wp\/v2\/posts"}],"about":[{"href":"https:\/\/www.bellunopress.it\/fr\/wp-json\/wp\/v2\/types\/post"}],"author":[{"embeddable":true,"href":"https:\/\/www.bellunopress.it\/fr\/wp-json\/wp\/v2\/users\/2"}],"replies":[{"embeddable":true,"href":"https:\/\/www.bellunopress.it\/fr\/wp-json\/wp\/v2\/comments?post=170271"}],"version-history":[{"count":1,"href":"https:\/\/www.bellunopress.it\/fr\/wp-json\/wp\/v2\/posts\/170271\/revisions"}],"predecessor-version":[{"id":170273,"href":"https:\/\/www.bellunopress.it\/fr\/wp-json\/wp\/v2\/posts\/170271\/revisions\/170273"}],"wp:featuredmedia":[{"embeddable":true,"href":"https:\/\/www.bellunopress.it\/fr\/wp-json\/wp\/v2\/media\/170272"}],"wp:attachment":[{"href":"https:\/\/www.bellunopress.it\/fr\/wp-json\/wp\/v2\/media?parent=170271"}],"wp:term":[{"taxonomy":"category","embeddable":true,"href":"https:\/\/www.bellunopress.it\/fr\/wp-json\/wp\/v2\/categories?post=170271"},{"taxonomy":"post_tag","embeddable":true,"href":"https:\/\/www.bellunopress.it\/fr\/wp-json\/wp\/v2\/tags?post=170271"}],"curies":[{"name":"wp","href":"https:\/\/api.w.org\/{rel}","templated":true}]}}