{"id":170261,"date":"2026-05-19T12:00:34","date_gmt":"2026-05-19T10:00:34","guid":{"rendered":"https:\/\/www.bellunopress.it\/?p=170261"},"modified":"2026-05-19T15:37:56","modified_gmt":"2026-05-19T13:37:56","slug":"beni-collettivi-che-cosa-sono","status":"publish","type":"post","link":"https:\/\/www.bellunopress.it\/fr\/2026\/05\/19\/beni-collettivi-che-cosa-sono\/","title":{"rendered":"Beni collettivi: che cosa sono?"},"content":{"rendered":"<p>Nella questione degli alberi di via Feltre i tanti discorsi che si sono fatti tra i due diversi &#8220;partiti&#8221; potrebbero trovare una soluzione concorde se tenessimo conto dei Beni Collettivi, altrimenti detti Beni Comuni.<\/p>\n<p>Senza tema di essere smentiti potremmo dire che gli elementi naturali nel contesto delle citt\u00e0 costituiscono un Bene Collettivo, esattamente come i tigli di via Feltre. Cio\u00e8 non sono di nessuno perch\u00e9 rappresentano un bene di tutti e come tali devono essere gestiti.<\/p>\n<p>Il concetto di Bene Collettivo nel nostro piccolo pianeta, unico e finora irripetibile, \u00e8 stato bellamente ignorato da sempre: quando eravamo in pochi e non riuscivamo a fare troppi danni non se ne accorgeva nessuno.<\/p>\n<p>In questi ultimi 150 anni, con l&#8217;esplosione della economia industriale basata sulle fonti energetiche fossili e la conseguente esplosione demografica, tale concetto \u00e8 stato non tanto ignorato quanto volontariamente disprezzato e deriso, nel nostro Occidente, dal mondo dei mercati e dello sviluppo ad ogni costo.<\/p>\n<p>Proprio perch\u00e9 tutto ci\u00f2 che costituisce un Bene Collettivo deve essere sfruttato fino in fondo o deve essere distrutto se pu\u00f2 servire agli interessi del mercato, del commercio o di alcuni dei 9 miliardi di sapiens che calpestano questo suolo.<\/p>\n<p>Nel caso di via Feltre la rabberciata pavimentazione stradale doveva sicuramente essere sistemata a vantaggio di pedoni e biciclette e della circolazione motorizzata, ma dovevano primariamente essere salvaguardati i tigli a scapito del parcheggio delle auto. Invece si \u00e8 fatto esattamente il contrario e si sono sacrificati i tigli per mantenere la circolazione automobilistica a doppio senso e il parcheggio delle auto.<\/p>\n<p>Con una giustificazione demenziale \u00e8 stato detto che non si possono ascoltare i pareri di tutti per poter fare una qualunque cosa, ma il Comune di Belluno dovrebbe avere chiaro il concetto di Bene Collettivo per escludere i discorsi da osteria e quelli di parte.<\/p>\n<p>Via Feltre \u00e8 un piccolo esempio in una piccola citt\u00e0, ma anche per altre situazioni e altri luoghi il Comune ha fatto scelte che rispettano interessi di parte e non gli interessi della Comunit\u00e0.<\/p>\n<p>Vale la pena di riparlarne in una prospettiva ad ampio spettro.<\/p>\n<p>dr Filiberto Dal Molin<\/p>","protected":false},"excerpt":{"rendered":"<p>Nella questione degli alberi di via Feltre i tanti discorsi che si sono fatti tra i due diversi &#8220;partiti&#8221; potrebbero trovare una soluzione concorde se tenessimo conto dei Beni Collettivi, altrimenti detti Beni Comuni. Senza tema di essere smentiti potremmo dire che gli elementi naturali nel contesto delle citt\u00e0 costituiscono un Bene Collettivo, esattamente come [&hellip;]<\/p>\n","protected":false},"author":2,"featured_media":169015,"comment_status":"closed","ping_status":"open","sticky":false,"template":"","format":"standard","meta":{"footnotes":""},"categories":[3614],"tags":[],"class_list":["post-170261","post","type-post","status-publish","format-standard","has-post-thumbnail","category-controcorrente"],"yoast_head":"<!-- This site is optimized with the Yoast SEO plugin v28.4 - https:\/\/yoast.com\/product\/yoast-seo-wordpress\/ -->\n<title>Beni collettivi: che cosa sono? - Bellunopress - Dolomiti<\/title>\n<meta name=\"robots\" content=\"index, follow, max-snippet:-1, max-image-preview:large, max-video-preview:-1\" \/>\n<link rel=\"canonical\" href=\"https:\/\/www.bellunopress.it\/fr\/2026\/05\/19\/beni-collettivi-che-cosa-sono\/\" \/>\n<meta property=\"og:locale\" content=\"fr_FR\" \/>\n<meta property=\"og:type\" content=\"article\" \/>\n<meta property=\"og:title\" content=\"Beni collettivi: che cosa sono? - Bellunopress - Dolomiti\" \/>\n<meta property=\"og:description\" content=\"Nella questione degli alberi di via Feltre i tanti discorsi che si sono fatti tra i due diversi &#8220;partiti&#8221; potrebbero trovare una soluzione concorde se tenessimo conto dei Beni Collettivi, altrimenti detti Beni Comuni. Senza tema di essere smentiti potremmo dire che gli elementi naturali nel contesto delle citt\u00e0 costituiscono un Bene Collettivo, esattamente come [&hellip;]\" \/>\n<meta property=\"og:url\" content=\"https:\/\/www.bellunopress.it\/fr\/2026\/05\/19\/beni-collettivi-che-cosa-sono\/\" \/>\n<meta property=\"og:site_name\" content=\"Bellunopress - Dolomiti\" \/>\n<meta property=\"article:publisher\" content=\"https:\/\/www.facebook.com\/profile.php?id=100008943462799\" \/>\n<meta property=\"article:published_time\" content=\"2026-05-19T10:00:34+00:00\" \/>\n<meta property=\"article:modified_time\" content=\"2026-05-19T13:37:56+00:00\" \/>\n<meta property=\"og:image\" content=\"https:\/\/www.bellunopress.it\/wp-content\/uploads\/2026\/04\/alberi-via-feltre-belluno.jpg\" \/>\n\t<meta property=\"og:image:width\" content=\"700\" \/>\n\t<meta property=\"og:image:height\" content=\"483\" \/>\n\t<meta property=\"og:image:type\" content=\"image\/jpeg\" \/>\n<meta name=\"author\" content=\"redazione\" \/>\n<meta name=\"twitter:card\" content=\"summary_large_image\" \/>\n<meta name=\"twitter:creator\" content=\"@bellunopress\" \/>\n<meta name=\"twitter:site\" content=\"@bellunopress\" \/>\n<meta name=\"twitter:label1\" content=\"Written by\" \/>\n\t<meta name=\"twitter:data1\" content=\"redazione\" \/>\n\t<meta name=\"twitter:label2\" content=\"Est. reading time\" \/>\n\t<meta name=\"twitter:data2\" content=\"3 minutes\" \/>\n<script type=\"application\/ld+json\" class=\"yoast-schema-graph\">{\"@context\":\"https:\\\/\\\/schema.org\",\"@graph\":[{\"@type\":\"Article\",\"@id\":\"https:\\\/\\\/www.bellunopress.it\\\/2026\\\/05\\\/19\\\/beni-collettivi-che-cosa-sono\\\/#article\",\"isPartOf\":{\"@id\":\"https:\\\/\\\/www.bellunopress.it\\\/2026\\\/05\\\/19\\\/beni-collettivi-che-cosa-sono\\\/\"},\"author\":{\"name\":\"redazione\",\"@id\":\"https:\\\/\\\/www.bellunopress.it\\\/#\\\/schema\\\/person\\\/79bb06722b37ece1c03d3e94beb30d73\"},\"headline\":\"Beni collettivi: che cosa sono?\",\"datePublished\":\"2026-05-19T10:00:34+00:00\",\"dateModified\":\"2026-05-19T13:37:56+00:00\",\"mainEntityOfPage\":{\"@id\":\"https:\\\/\\\/www.bellunopress.it\\\/2026\\\/05\\\/19\\\/beni-collettivi-che-cosa-sono\\\/\"},\"wordCount\":352,\"publisher\":{\"@id\":\"https:\\\/\\\/www.bellunopress.it\\\/#organization\"},\"image\":{\"@id\":\"https:\\\/\\\/www.bellunopress.it\\\/2026\\\/05\\\/19\\\/beni-collettivi-che-cosa-sono\\\/#primaryimage\"},\"thumbnailUrl\":\"https:\\\/\\\/www.bellunopress.it\\\/wp-content\\\/uploads\\\/2026\\\/04\\\/alberi-via-feltre-belluno.jpg\",\"articleSection\":[\"Controcorrente Dr Filiberto Dal Molin\"],\"inLanguage\":\"fr-FR\"},{\"@type\":\"WebPage\",\"@id\":\"https:\\\/\\\/www.bellunopress.it\\\/2026\\\/05\\\/19\\\/beni-collettivi-che-cosa-sono\\\/\",\"url\":\"https:\\\/\\\/www.bellunopress.it\\\/2026\\\/05\\\/19\\\/beni-collettivi-che-cosa-sono\\\/\",\"name\":\"Beni collettivi: che cosa sono? - Bellunopress - Dolomiti\",\"isPartOf\":{\"@id\":\"https:\\\/\\\/www.bellunopress.it\\\/#website\"},\"primaryImageOfPage\":{\"@id\":\"https:\\\/\\\/www.bellunopress.it\\\/2026\\\/05\\\/19\\\/beni-collettivi-che-cosa-sono\\\/#primaryimage\"},\"image\":{\"@id\":\"https:\\\/\\\/www.bellunopress.it\\\/2026\\\/05\\\/19\\\/beni-collettivi-che-cosa-sono\\\/#primaryimage\"},\"thumbnailUrl\":\"https:\\\/\\\/www.bellunopress.it\\\/wp-content\\\/uploads\\\/2026\\\/04\\\/alberi-via-feltre-belluno.jpg\",\"datePublished\":\"2026-05-19T10:00:34+00:00\",\"dateModified\":\"2026-05-19T13:37:56+00:00\",\"breadcrumb\":{\"@id\":\"https:\\\/\\\/www.bellunopress.it\\\/2026\\\/05\\\/19\\\/beni-collettivi-che-cosa-sono\\\/#breadcrumb\"},\"inLanguage\":\"fr-FR\",\"potentialAction\":[{\"@type\":\"ReadAction\",\"target\":[\"https:\\\/\\\/www.bellunopress.it\\\/2026\\\/05\\\/19\\\/beni-collettivi-che-cosa-sono\\\/\"]}]},{\"@type\":\"ImageObject\",\"inLanguage\":\"fr-FR\",\"@id\":\"https:\\\/\\\/www.bellunopress.it\\\/2026\\\/05\\\/19\\\/beni-collettivi-che-cosa-sono\\\/#primaryimage\",\"url\":\"https:\\\/\\\/www.bellunopress.it\\\/wp-content\\\/uploads\\\/2026\\\/04\\\/alberi-via-feltre-belluno.jpg\",\"contentUrl\":\"https:\\\/\\\/www.bellunopress.it\\\/wp-content\\\/uploads\\\/2026\\\/04\\\/alberi-via-feltre-belluno.jpg\",\"width\":700,\"height\":483,\"caption\":\"Belluno, via Feltre\"},{\"@type\":\"BreadcrumbList\",\"@id\":\"https:\\\/\\\/www.bellunopress.it\\\/2026\\\/05\\\/19\\\/beni-collettivi-che-cosa-sono\\\/#breadcrumb\",\"itemListElement\":[{\"@type\":\"ListItem\",\"position\":1,\"name\":\"Home\",\"item\":\"https:\\\/\\\/www.bellunopress.it\\\/\"},{\"@type\":\"ListItem\",\"position\":2,\"name\":\"Beni collettivi: che cosa sono?\"}]},{\"@type\":\"WebSite\",\"@id\":\"https:\\\/\\\/www.bellunopress.it\\\/#website\",\"url\":\"https:\\\/\\\/www.bellunopress.it\\\/\",\"name\":\"Bellunopress - Dolomiti\",\"description\":\"e-mail: redazione@bellunopress.it\",\"publisher\":{\"@id\":\"https:\\\/\\\/www.bellunopress.it\\\/#organization\"},\"potentialAction\":[{\"@type\":\"SearchAction\",\"target\":{\"@type\":\"EntryPoint\",\"urlTemplate\":\"https:\\\/\\\/www.bellunopress.it\\\/?s={search_term_string}\"},\"query-input\":{\"@type\":\"PropertyValueSpecification\",\"valueRequired\":true,\"valueName\":\"search_term_string\"}}],\"inLanguage\":\"fr-FR\"},{\"@type\":\"Organization\",\"@id\":\"https:\\\/\\\/www.bellunopress.it\\\/#organization\",\"name\":\"Bellunopress\",\"url\":\"https:\\\/\\\/www.bellunopress.it\\\/\",\"logo\":{\"@type\":\"ImageObject\",\"inLanguage\":\"fr-FR\",\"@id\":\"https:\\\/\\\/www.bellunopress.it\\\/#\\\/schema\\\/logo\\\/image\\\/\",\"url\":\"https:\\\/\\\/www.bellunopress.it\\\/wp-content\\\/uploads\\\/2011\\\/05\\\/cropped-logo-bellunopress-.jpg\",\"contentUrl\":\"https:\\\/\\\/www.bellunopress.it\\\/wp-content\\\/uploads\\\/2011\\\/05\\\/cropped-logo-bellunopress-.jpg\",\"width\":512,\"height\":512,\"caption\":\"Bellunopress\"},\"image\":{\"@id\":\"https:\\\/\\\/www.bellunopress.it\\\/#\\\/schema\\\/logo\\\/image\\\/\"},\"sameAs\":[\"https:\\\/\\\/www.facebook.com\\\/profile.php?id=100008943462799\",\"https:\\\/\\\/x.com\\\/bellunopress\",\"https:\\\/\\\/www.linkedin.com\\\/hp\\\/?dnr=JBzUWaJfMUw8vbXJJ2tVW5-I3jZKvC4wsoxE&amp;amp;amp;amp;amp;amp;trk=nav_responsive_tab_home\",\"https:\\\/\\\/www.youtube.com\\\/channel\\\/UCxL0wu1uN0_3_7hGG0306cw\"]},{\"@type\":\"Person\",\"@id\":\"https:\\\/\\\/www.bellunopress.it\\\/#\\\/schema\\\/person\\\/79bb06722b37ece1c03d3e94beb30d73\",\"name\":\"redazione\",\"image\":{\"@type\":\"ImageObject\",\"inLanguage\":\"fr-FR\",\"@id\":\"https:\\\/\\\/secure.gravatar.com\\\/avatar\\\/37d968a2e67a6fd04c169c4bdef102d0bc5d31b2546345219e348575eb80e9a0?s=96&d=mm&r=g\",\"url\":\"https:\\\/\\\/secure.gravatar.com\\\/avatar\\\/37d968a2e67a6fd04c169c4bdef102d0bc5d31b2546345219e348575eb80e9a0?s=96&d=mm&r=g\",\"contentUrl\":\"https:\\\/\\\/secure.gravatar.com\\\/avatar\\\/37d968a2e67a6fd04c169c4bdef102d0bc5d31b2546345219e348575eb80e9a0?s=96&d=mm&r=g\",\"caption\":\"redazione\"},\"sameAs\":[\"http:\\\/\\\/www.bellunopress.it\",\"https:\\\/\\\/x.com\\\/bellunopress\"],\"url\":\"https:\\\/\\\/www.bellunopress.it\\\/fr\\\/author\\\/redazione\\\/\"}]}<\/script>\n<!-- \/ Yoast SEO plugin. -->","yoast_head_json":{"title":"Beni collettivi: che cosa sono? - Bellunopress - Dolomiti","robots":{"index":"index","follow":"follow","max-snippet":"max-snippet:-1","max-image-preview":"max-image-preview:large","max-video-preview":"max-video-preview:-1"},"canonical":"https:\/\/www.bellunopress.it\/fr\/2026\/05\/19\/beni-collettivi-che-cosa-sono\/","og_locale":"fr_FR","og_type":"article","og_title":"Beni collettivi: che cosa sono? - Bellunopress - Dolomiti","og_description":"Nella questione degli alberi di via Feltre i tanti discorsi che si sono fatti tra i due diversi &#8220;partiti&#8221; potrebbero trovare una soluzione concorde se tenessimo conto dei Beni Collettivi, altrimenti detti Beni Comuni. Senza tema di essere smentiti potremmo dire che gli elementi naturali nel contesto delle citt\u00e0 costituiscono un Bene Collettivo, esattamente come [&hellip;]","og_url":"https:\/\/www.bellunopress.it\/fr\/2026\/05\/19\/beni-collettivi-che-cosa-sono\/","og_site_name":"Bellunopress - Dolomiti","article_publisher":"https:\/\/www.facebook.com\/profile.php?id=100008943462799","article_published_time":"2026-05-19T10:00:34+00:00","article_modified_time":"2026-05-19T13:37:56+00:00","og_image":[{"width":700,"height":483,"url":"https:\/\/www.bellunopress.it\/wp-content\/uploads\/2026\/04\/alberi-via-feltre-belluno.jpg","type":"image\/jpeg"}],"author":"redazione","twitter_card":"summary_large_image","twitter_creator":"@bellunopress","twitter_site":"@bellunopress","twitter_misc":{"Written by":"redazione","Est. reading time":"3 minutes"},"schema":{"@context":"https:\/\/schema.org","@graph":[{"@type":"Article","@id":"https:\/\/www.bellunopress.it\/2026\/05\/19\/beni-collettivi-che-cosa-sono\/#article","isPartOf":{"@id":"https:\/\/www.bellunopress.it\/2026\/05\/19\/beni-collettivi-che-cosa-sono\/"},"author":{"name":"redazione","@id":"https:\/\/www.bellunopress.it\/#\/schema\/person\/79bb06722b37ece1c03d3e94beb30d73"},"headline":"Beni collettivi: che cosa sono?","datePublished":"2026-05-19T10:00:34+00:00","dateModified":"2026-05-19T13:37:56+00:00","mainEntityOfPage":{"@id":"https:\/\/www.bellunopress.it\/2026\/05\/19\/beni-collettivi-che-cosa-sono\/"},"wordCount":352,"publisher":{"@id":"https:\/\/www.bellunopress.it\/#organization"},"image":{"@id":"https:\/\/www.bellunopress.it\/2026\/05\/19\/beni-collettivi-che-cosa-sono\/#primaryimage"},"thumbnailUrl":"https:\/\/www.bellunopress.it\/wp-content\/uploads\/2026\/04\/alberi-via-feltre-belluno.jpg","articleSection":["Controcorrente Dr Filiberto Dal Molin"],"inLanguage":"fr-FR"},{"@type":"WebPage","@id":"https:\/\/www.bellunopress.it\/2026\/05\/19\/beni-collettivi-che-cosa-sono\/","url":"https:\/\/www.bellunopress.it\/2026\/05\/19\/beni-collettivi-che-cosa-sono\/","name":"Beni collettivi: che cosa sono? - Bellunopress - Dolomiti","isPartOf":{"@id":"https:\/\/www.bellunopress.it\/#website"},"primaryImageOfPage":{"@id":"https:\/\/www.bellunopress.it\/2026\/05\/19\/beni-collettivi-che-cosa-sono\/#primaryimage"},"image":{"@id":"https:\/\/www.bellunopress.it\/2026\/05\/19\/beni-collettivi-che-cosa-sono\/#primaryimage"},"thumbnailUrl":"https:\/\/www.bellunopress.it\/wp-content\/uploads\/2026\/04\/alberi-via-feltre-belluno.jpg","datePublished":"2026-05-19T10:00:34+00:00","dateModified":"2026-05-19T13:37:56+00:00","breadcrumb":{"@id":"https:\/\/www.bellunopress.it\/2026\/05\/19\/beni-collettivi-che-cosa-sono\/#breadcrumb"},"inLanguage":"fr-FR","potentialAction":[{"@type":"ReadAction","target":["https:\/\/www.bellunopress.it\/2026\/05\/19\/beni-collettivi-che-cosa-sono\/"]}]},{"@type":"ImageObject","inLanguage":"fr-FR","@id":"https:\/\/www.bellunopress.it\/2026\/05\/19\/beni-collettivi-che-cosa-sono\/#primaryimage","url":"https:\/\/www.bellunopress.it\/wp-content\/uploads\/2026\/04\/alberi-via-feltre-belluno.jpg","contentUrl":"https:\/\/www.bellunopress.it\/wp-content\/uploads\/2026\/04\/alberi-via-feltre-belluno.jpg","width":700,"height":483,"caption":"Belluno, via Feltre"},{"@type":"BreadcrumbList","@id":"https:\/\/www.bellunopress.it\/2026\/05\/19\/beni-collettivi-che-cosa-sono\/#breadcrumb","itemListElement":[{"@type":"ListItem","position":1,"name":"Home","item":"https:\/\/www.bellunopress.it\/"},{"@type":"ListItem","position":2,"name":"Beni collettivi: che cosa sono?"}]},{"@type":"WebSite","@id":"https:\/\/www.bellunopress.it\/#website","url":"https:\/\/www.bellunopress.it\/","name":"Bellunopress - Dolomiti","description":"e-mail: redazione@bellunopress.it","publisher":{"@id":"https:\/\/www.bellunopress.it\/#organization"},"potentialAction":[{"@type":"SearchAction","target":{"@type":"EntryPoint","urlTemplate":"https:\/\/www.bellunopress.it\/?s={search_term_string}"},"query-input":{"@type":"PropertyValueSpecification","valueRequired":true,"valueName":"search_term_string"}}],"inLanguage":"fr-FR"},{"@type":"Organization","@id":"https:\/\/www.bellunopress.it\/#organization","name":"Bellunopress","url":"https:\/\/www.bellunopress.it\/","logo":{"@type":"ImageObject","inLanguage":"fr-FR","@id":"https:\/\/www.bellunopress.it\/#\/schema\/logo\/image\/","url":"https:\/\/www.bellunopress.it\/wp-content\/uploads\/2011\/05\/cropped-logo-bellunopress-.jpg","contentUrl":"https:\/\/www.bellunopress.it\/wp-content\/uploads\/2011\/05\/cropped-logo-bellunopress-.jpg","width":512,"height":512,"caption":"Bellunopress"},"image":{"@id":"https:\/\/www.bellunopress.it\/#\/schema\/logo\/image\/"},"sameAs":["https:\/\/www.facebook.com\/profile.php?id=100008943462799","https:\/\/x.com\/bellunopress","https:\/\/www.linkedin.com\/hp\/?dnr=JBzUWaJfMUw8vbXJJ2tVW5-I3jZKvC4wsoxE&amp;amp;amp;amp;amp;amp;trk=nav_responsive_tab_home","https:\/\/www.youtube.com\/channel\/UCxL0wu1uN0_3_7hGG0306cw"]},{"@type":"Person","@id":"https:\/\/www.bellunopress.it\/#\/schema\/person\/79bb06722b37ece1c03d3e94beb30d73","name":"r\u00e9daction","image":{"@type":"ImageObject","inLanguage":"fr-FR","@id":"https:\/\/secure.gravatar.com\/avatar\/37d968a2e67a6fd04c169c4bdef102d0bc5d31b2546345219e348575eb80e9a0?s=96&d=mm&r=g","url":"https:\/\/secure.gravatar.com\/avatar\/37d968a2e67a6fd04c169c4bdef102d0bc5d31b2546345219e348575eb80e9a0?s=96&d=mm&r=g","contentUrl":"https:\/\/secure.gravatar.com\/avatar\/37d968a2e67a6fd04c169c4bdef102d0bc5d31b2546345219e348575eb80e9a0?s=96&d=mm&r=g","caption":"redazione"},"sameAs":["http:\/\/www.bellunopress.it","https:\/\/x.com\/bellunopress"],"url":"https:\/\/www.bellunopress.it\/fr\/author\/redazione\/"}]}},"_links":{"self":[{"href":"https:\/\/www.bellunopress.it\/fr\/wp-json\/wp\/v2\/posts\/170261","targetHints":{"allow":["GET"]}}],"collection":[{"href":"https:\/\/www.bellunopress.it\/fr\/wp-json\/wp\/v2\/posts"}],"about":[{"href":"https:\/\/www.bellunopress.it\/fr\/wp-json\/wp\/v2\/types\/post"}],"author":[{"embeddable":true,"href":"https:\/\/www.bellunopress.it\/fr\/wp-json\/wp\/v2\/users\/2"}],"replies":[{"embeddable":true,"href":"https:\/\/www.bellunopress.it\/fr\/wp-json\/wp\/v2\/comments?post=170261"}],"version-history":[{"count":1,"href":"https:\/\/www.bellunopress.it\/fr\/wp-json\/wp\/v2\/posts\/170261\/revisions"}],"predecessor-version":[{"id":170262,"href":"https:\/\/www.bellunopress.it\/fr\/wp-json\/wp\/v2\/posts\/170261\/revisions\/170262"}],"wp:featuredmedia":[{"embeddable":true,"href":"https:\/\/www.bellunopress.it\/fr\/wp-json\/wp\/v2\/media\/169015"}],"wp:attachment":[{"href":"https:\/\/www.bellunopress.it\/fr\/wp-json\/wp\/v2\/media?parent=170261"}],"wp:term":[{"taxonomy":"category","embeddable":true,"href":"https:\/\/www.bellunopress.it\/fr\/wp-json\/wp\/v2\/categories?post=170261"},{"taxonomy":"post_tag","embeddable":true,"href":"https:\/\/www.bellunopress.it\/fr\/wp-json\/wp\/v2\/tags?post=170261"}],"curies":[{"name":"wp","href":"https:\/\/api.w.org\/{rel}","templated":true}]}}