{"id":170257,"date":"2026-05-19T15:26:03","date_gmt":"2026-05-19T13:26:03","guid":{"rendered":"https:\/\/www.bellunopress.it\/?p=170257"},"modified":"2026-05-19T15:26:03","modified_gmt":"2026-05-19T13:26:03","slug":"mariska-il-nuovo-film-di-luca-caserta-nella-selezione-ufficiale-del-carmarthen-bay-film-festival-nel-regno-unito","status":"publish","type":"post","link":"https:\/\/www.bellunopress.it\/fr\/2026\/05\/19\/mariska-il-nuovo-film-di-luca-caserta-nella-selezione-ufficiale-del-carmarthen-bay-film-festival-nel-regno-unito\/","title":{"rendered":"Mariska: il nuovo film di Luca Caserta nella Selezione Ufficiale del Carmarthen Bay Film Festival nel Regno Unito"},"content":{"rendered":"<div>\n<div><strong><em>Il documentario del pluripremiato regista veronese sulla partigiana veneta Leda Azzalini nome di battaglia &#8220;Mariska sar\u00e0 presentato in anteprima domani mercoled\u00ec 20 maggio nel prestigioso festival qualificante per i BAFTA\u00a0<\/em><\/strong><\/div>\n<div><strong><em>Leda Azzalini \u00e8 una delle poche partigiane italiane combattenti, ormai centenaria, che a soli 18 anni ha combattuto contro il nazifascismo sull&#8217;Altopiano del Cansiglio\u00a0<\/em><\/strong><\/p>\n<p>Si intitola &#8220;Mariska&#8221; il nuovo film documentario del pluripremiato regista veronese Luca Caserta, con protagonista la partigiana veneta Leda Azzalini, che sar\u00e0 proiettato in anteprima nel Regno Unito domani 20 maggio nella Selezione Ufficiale della 15a Edizione del Carmarthen Bay Film Festival, prestigioso evento qualificante per i BAFTA (gli Oscar britannici).<br \/>\nIl film racconta, attraverso le parole della protagonista, l&#8217;esperienza nella Resistenza di Leda Azzalini (nome di battaglia &#8220;Mariska&#8221;), una delle poche partigiane italiane combattenti, ormai centenaria, che a soli 18 anni ha combattuto contro il nazifascismo sull&#8217;Altopiano del Cansiglio (Prealpi Bellunesi, tra Veneto e Friuli-Venezia Giulia) durante la Seconda Guerra Mondiale. Originaria dell&#8217;abitato cimbro di Vallorch, vicino a Fregona (in provincia di Treviso), al termine del conflitto \u00e8 stata insignita con la Croce al Merito di Guerra, il Certificato al Patriota Brevetto Alexander e nel 1984 il Diploma d&#8217;Onore al Combattente per la Libert\u00e0 d&#8217;Italia (a firma del Presidente della Repubblica Sandro Pertini) per il coraggio e per il suo contributo alla lotta di Liberazione.<\/p><\/div>\n<div><\/div>\n<div>&#8220;\u00c8 un progetto che mi sta molto a cuore&#8221;, racconta il regista, &#8220;a cui ho iniziato a lavorare nel 2014 e che per una serie di vicissitudini produttive si \u00e8 arenato pi\u00f9 volte, mentre portavo avanti altri film. A un certo punto le giuste circostanze si sono allineate, permettendomi finalmente di completarlo. Quando l&#8217;ho filmata, era la prima volta che Leda rilasciava un&#8217;intervista pubblica dalla fine della guerra, rompendo un silenzio durato 70 anni, fatto questo che ha reso l&#8217;esperienza ancora pi\u00f9 intensa. Si tratta di una testimonianza potente e commovente di ci\u00f2 che ha spinto una giovane ragazza a rischiare tutto per la libert\u00e0. Ho cercato di creare un racconto cinematografico intimo e sensoriale&#8221;.<\/div>\n<div><\/div>\n<div>Le parole di Leda offrono una visione lucida e profonda, che lascia una testimonianza e una riflessione importante per le generazioni future, un racconto attualissimo in tempi delicati, segnati da guerre e recrudescenze autoritarie. &#8220;La memoria deve impedire la ripetizione, oggi come domani&#8221;, aggiunge Caserta.<\/div>\n<div><\/div>\n<div>Mentre &#8220;The Reach&#8221;, il mediometraggio del regista tratto dal racconto di Stephen King con &#8220;Moonlight Motel&#8221; di Bruce Springsteen, continua a riscuotere enormi successi nei festival di tutto il mondo in attesa della richiestissima premi\u00e8re veronese, &#8220;Mariska&#8221; inizia cos\u00ec il suo percorso internazionale, che, per una singolare coincidenza, parte proprio dal medesimo Festival in cui ha avuto la sua anteprima &#8220;The Reach&#8221;.<\/div>\n<div><\/div>\n<div>Il film, interamente girato in Veneto, \u00e8 scritto e diretto da Luca Caserta, da un&#8217;idea di Giancarlo Beltrame. Fotografia, riprese e montaggio del regista, musiche originali composte da Flavio G. Cuccurullo, suono in presa diretta Tommaso Ferrari, produttrice associata Ivana Azzalini. Il documentario \u00e8 prodotto e distribuito da Nuove Officine Cinematografiche.<\/div>\n<div><\/div>\n<div><b>Mariska &#8211; Trailer Ufficiale (2026)<\/b><\/div>\n<\/div>\n<p><a href=\"https:\/\/youtu.be\/X_PStx3m1BY\" target=\"_blank\" rel=\"noopener noreferrer\">https:\/\/youtu.be\/X_PStx3m1BY<\/a><\/p>","protected":false},"excerpt":{"rendered":"<p>Il documentario del pluripremiato regista veronese sulla partigiana veneta Leda Azzalini nome di battaglia &#8220;Mariska sar\u00e0 presentato in anteprima domani mercoled\u00ec 20 maggio nel prestigioso festival qualificante per i BAFTA\u00a0 Leda Azzalini \u00e8 una delle poche partigiane italiane combattenti, ormai centenaria, che a soli 18 anni ha combattuto contro il nazifascismo sull&#8217;Altopiano del Cansiglio\u00a0 Si [&hellip;]<\/p>\n","protected":false},"author":2,"featured_media":170258,"comment_status":"closed","ping_status":"open","sticky":false,"template":"","format":"standard","meta":{"footnotes":""},"categories":[3,25],"tags":[],"class_list":["post-170257","post","type-post","status-publish","format-standard","has-post-thumbnail","category-arte-cultura-spettacoli-scienza-archivi","category-pausa-caffe"],"yoast_head":"<!-- This site is optimized with the Yoast SEO plugin v28.4 - https:\/\/yoast.com\/product\/yoast-seo-wordpress\/ -->\n<title>Mariska: il nuovo film di Luca Caserta nella Selezione Ufficiale del Carmarthen Bay Film Festival nel Regno Unito - Bellunopress - Dolomiti<\/title>\n<meta name=\"robots\" content=\"index, follow, max-snippet:-1, max-image-preview:large, max-video-preview:-1\" \/>\n<link rel=\"canonical\" href=\"https:\/\/www.bellunopress.it\/fr\/2026\/05\/19\/mariska-il-nuovo-film-di-luca-caserta-nella-selezione-ufficiale-del-carmarthen-bay-film-festival-nel-regno-unito\/\" \/>\n<meta property=\"og:locale\" content=\"fr_FR\" \/>\n<meta property=\"og:type\" content=\"article\" \/>\n<meta property=\"og:title\" content=\"Mariska: il nuovo film di Luca Caserta nella Selezione Ufficiale del Carmarthen Bay Film Festival nel Regno Unito - Bellunopress - Dolomiti\" \/>\n<meta property=\"og:description\" content=\"Il documentario del pluripremiato regista veronese sulla partigiana veneta Leda Azzalini nome di battaglia &#8220;Mariska sar\u00e0 presentato in anteprima domani mercoled\u00ec 20 maggio nel prestigioso festival qualificante per i BAFTA\u00a0 Leda Azzalini \u00e8 una delle poche partigiane italiane combattenti, ormai centenaria, che a soli 18 anni ha combattuto contro il nazifascismo sull&#8217;Altopiano del Cansiglio\u00a0 Si [&hellip;]\" \/>\n<meta property=\"og:url\" content=\"https:\/\/www.bellunopress.it\/fr\/2026\/05\/19\/mariska-il-nuovo-film-di-luca-caserta-nella-selezione-ufficiale-del-carmarthen-bay-film-festival-nel-regno-unito\/\" \/>\n<meta property=\"og:site_name\" content=\"Bellunopress - Dolomiti\" \/>\n<meta property=\"article:publisher\" content=\"https:\/\/www.facebook.com\/profile.php?id=100008943462799\" \/>\n<meta property=\"article:published_time\" content=\"2026-05-19T13:26:03+00:00\" \/>\n<meta property=\"og:image\" content=\"https:\/\/www.bellunopress.it\/wp-content\/uploads\/2026\/05\/Luca-Caserta-e-Leda-Azzalini-sul-set-di-Mariska.jpg\" \/>\n\t<meta property=\"og:image:width\" content=\"500\" \/>\n\t<meta property=\"og:image:height\" content=\"375\" \/>\n\t<meta property=\"og:image:type\" content=\"image\/jpeg\" \/>\n<meta name=\"author\" content=\"redazione\" \/>\n<meta name=\"twitter:card\" content=\"summary_large_image\" \/>\n<meta name=\"twitter:creator\" content=\"@bellunopress\" \/>\n<meta name=\"twitter:site\" content=\"@bellunopress\" \/>\n<meta name=\"twitter:label1\" content=\"\u00c9crit par\" \/>\n\t<meta name=\"twitter:data1\" content=\"redazione\" \/>\n\t<meta name=\"twitter:label2\" content=\"Dur\u00e9e de lecture estim\u00e9e\" \/>\n\t<meta name=\"twitter:data2\" content=\"3 minutes\" \/>\n<script type=\"application\/ld+json\" class=\"yoast-schema-graph\">{\"@context\":\"https:\\\/\\\/schema.org\",\"@graph\":[{\"@type\":\"Article\",\"@id\":\"https:\\\/\\\/www.bellunopress.it\\\/2026\\\/05\\\/19\\\/mariska-il-nuovo-film-di-luca-caserta-nella-selezione-ufficiale-del-carmarthen-bay-film-festival-nel-regno-unito\\\/#article\",\"isPartOf\":{\"@id\":\"https:\\\/\\\/www.bellunopress.it\\\/2026\\\/05\\\/19\\\/mariska-il-nuovo-film-di-luca-caserta-nella-selezione-ufficiale-del-carmarthen-bay-film-festival-nel-regno-unito\\\/\"},\"author\":{\"name\":\"redazione\",\"@id\":\"https:\\\/\\\/www.bellunopress.it\\\/#\\\/schema\\\/person\\\/79bb06722b37ece1c03d3e94beb30d73\"},\"headline\":\"Mariska: il nuovo film di Luca Caserta nella Selezione Ufficiale del Carmarthen Bay Film Festival nel Regno Unito\",\"datePublished\":\"2026-05-19T13:26:03+00:00\",\"mainEntityOfPage\":{\"@id\":\"https:\\\/\\\/www.bellunopress.it\\\/2026\\\/05\\\/19\\\/mariska-il-nuovo-film-di-luca-caserta-nella-selezione-ufficiale-del-carmarthen-bay-film-festival-nel-regno-unito\\\/\"},\"wordCount\":520,\"publisher\":{\"@id\":\"https:\\\/\\\/www.bellunopress.it\\\/#organization\"},\"image\":{\"@id\":\"https:\\\/\\\/www.bellunopress.it\\\/2026\\\/05\\\/19\\\/mariska-il-nuovo-film-di-luca-caserta-nella-selezione-ufficiale-del-carmarthen-bay-film-festival-nel-regno-unito\\\/#primaryimage\"},\"thumbnailUrl\":\"https:\\\/\\\/www.bellunopress.it\\\/wp-content\\\/uploads\\\/2026\\\/05\\\/Luca-Caserta-e-Leda-Azzalini-sul-set-di-Mariska.jpg\",\"articleSection\":[\"Arte, Cultura, Spettacoli, Scienza\",\"Pausa Caff\u00e8\"],\"inLanguage\":\"fr-FR\"},{\"@type\":\"WebPage\",\"@id\":\"https:\\\/\\\/www.bellunopress.it\\\/2026\\\/05\\\/19\\\/mariska-il-nuovo-film-di-luca-caserta-nella-selezione-ufficiale-del-carmarthen-bay-film-festival-nel-regno-unito\\\/\",\"url\":\"https:\\\/\\\/www.bellunopress.it\\\/2026\\\/05\\\/19\\\/mariska-il-nuovo-film-di-luca-caserta-nella-selezione-ufficiale-del-carmarthen-bay-film-festival-nel-regno-unito\\\/\",\"name\":\"Mariska: il nuovo film di Luca Caserta nella Selezione Ufficiale del Carmarthen Bay Film Festival nel Regno Unito - Bellunopress - Dolomiti\",\"isPartOf\":{\"@id\":\"https:\\\/\\\/www.bellunopress.it\\\/#website\"},\"primaryImageOfPage\":{\"@id\":\"https:\\\/\\\/www.bellunopress.it\\\/2026\\\/05\\\/19\\\/mariska-il-nuovo-film-di-luca-caserta-nella-selezione-ufficiale-del-carmarthen-bay-film-festival-nel-regno-unito\\\/#primaryimage\"},\"image\":{\"@id\":\"https:\\\/\\\/www.bellunopress.it\\\/2026\\\/05\\\/19\\\/mariska-il-nuovo-film-di-luca-caserta-nella-selezione-ufficiale-del-carmarthen-bay-film-festival-nel-regno-unito\\\/#primaryimage\"},\"thumbnailUrl\":\"https:\\\/\\\/www.bellunopress.it\\\/wp-content\\\/uploads\\\/2026\\\/05\\\/Luca-Caserta-e-Leda-Azzalini-sul-set-di-Mariska.jpg\",\"datePublished\":\"2026-05-19T13:26:03+00:00\",\"breadcrumb\":{\"@id\":\"https:\\\/\\\/www.bellunopress.it\\\/2026\\\/05\\\/19\\\/mariska-il-nuovo-film-di-luca-caserta-nella-selezione-ufficiale-del-carmarthen-bay-film-festival-nel-regno-unito\\\/#breadcrumb\"},\"inLanguage\":\"fr-FR\",\"potentialAction\":[{\"@type\":\"ReadAction\",\"target\":[\"https:\\\/\\\/www.bellunopress.it\\\/2026\\\/05\\\/19\\\/mariska-il-nuovo-film-di-luca-caserta-nella-selezione-ufficiale-del-carmarthen-bay-film-festival-nel-regno-unito\\\/\"]}]},{\"@type\":\"ImageObject\",\"inLanguage\":\"fr-FR\",\"@id\":\"https:\\\/\\\/www.bellunopress.it\\\/2026\\\/05\\\/19\\\/mariska-il-nuovo-film-di-luca-caserta-nella-selezione-ufficiale-del-carmarthen-bay-film-festival-nel-regno-unito\\\/#primaryimage\",\"url\":\"https:\\\/\\\/www.bellunopress.it\\\/wp-content\\\/uploads\\\/2026\\\/05\\\/Luca-Caserta-e-Leda-Azzalini-sul-set-di-Mariska.jpg\",\"contentUrl\":\"https:\\\/\\\/www.bellunopress.it\\\/wp-content\\\/uploads\\\/2026\\\/05\\\/Luca-Caserta-e-Leda-Azzalini-sul-set-di-Mariska.jpg\",\"width\":500,\"height\":375,\"caption\":\"Luca Caserta e Leda Azzalini sul set di Mariska\"},{\"@type\":\"BreadcrumbList\",\"@id\":\"https:\\\/\\\/www.bellunopress.it\\\/2026\\\/05\\\/19\\\/mariska-il-nuovo-film-di-luca-caserta-nella-selezione-ufficiale-del-carmarthen-bay-film-festival-nel-regno-unito\\\/#breadcrumb\",\"itemListElement\":[{\"@type\":\"ListItem\",\"position\":1,\"name\":\"Home\",\"item\":\"https:\\\/\\\/www.bellunopress.it\\\/\"},{\"@type\":\"ListItem\",\"position\":2,\"name\":\"Mariska: il nuovo film di Luca Caserta nella Selezione Ufficiale del Carmarthen Bay Film Festival nel Regno Unito\"}]},{\"@type\":\"WebSite\",\"@id\":\"https:\\\/\\\/www.bellunopress.it\\\/#website\",\"url\":\"https:\\\/\\\/www.bellunopress.it\\\/\",\"name\":\"Bellunopress - Dolomiti\",\"description\":\"e-mail: redazione@bellunopress.it\",\"publisher\":{\"@id\":\"https:\\\/\\\/www.bellunopress.it\\\/#organization\"},\"potentialAction\":[{\"@type\":\"SearchAction\",\"target\":{\"@type\":\"EntryPoint\",\"urlTemplate\":\"https:\\\/\\\/www.bellunopress.it\\\/?s={search_term_string}\"},\"query-input\":{\"@type\":\"PropertyValueSpecification\",\"valueRequired\":true,\"valueName\":\"search_term_string\"}}],\"inLanguage\":\"fr-FR\"},{\"@type\":\"Organization\",\"@id\":\"https:\\\/\\\/www.bellunopress.it\\\/#organization\",\"name\":\"Bellunopress\",\"url\":\"https:\\\/\\\/www.bellunopress.it\\\/\",\"logo\":{\"@type\":\"ImageObject\",\"inLanguage\":\"fr-FR\",\"@id\":\"https:\\\/\\\/www.bellunopress.it\\\/#\\\/schema\\\/logo\\\/image\\\/\",\"url\":\"https:\\\/\\\/www.bellunopress.it\\\/wp-content\\\/uploads\\\/2011\\\/05\\\/cropped-logo-bellunopress-.jpg\",\"contentUrl\":\"https:\\\/\\\/www.bellunopress.it\\\/wp-content\\\/uploads\\\/2011\\\/05\\\/cropped-logo-bellunopress-.jpg\",\"width\":512,\"height\":512,\"caption\":\"Bellunopress\"},\"image\":{\"@id\":\"https:\\\/\\\/www.bellunopress.it\\\/#\\\/schema\\\/logo\\\/image\\\/\"},\"sameAs\":[\"https:\\\/\\\/www.facebook.com\\\/profile.php?id=100008943462799\",\"https:\\\/\\\/x.com\\\/bellunopress\",\"https:\\\/\\\/www.linkedin.com\\\/hp\\\/?dnr=JBzUWaJfMUw8vbXJJ2tVW5-I3jZKvC4wsoxE&amp;amp;amp;amp;amp;amp;trk=nav_responsive_tab_home\",\"https:\\\/\\\/www.youtube.com\\\/channel\\\/UCxL0wu1uN0_3_7hGG0306cw\"]},{\"@type\":\"Person\",\"@id\":\"https:\\\/\\\/www.bellunopress.it\\\/#\\\/schema\\\/person\\\/79bb06722b37ece1c03d3e94beb30d73\",\"name\":\"redazione\",\"image\":{\"@type\":\"ImageObject\",\"inLanguage\":\"fr-FR\",\"@id\":\"https:\\\/\\\/secure.gravatar.com\\\/avatar\\\/37d968a2e67a6fd04c169c4bdef102d0bc5d31b2546345219e348575eb80e9a0?s=96&d=mm&r=g\",\"url\":\"https:\\\/\\\/secure.gravatar.com\\\/avatar\\\/37d968a2e67a6fd04c169c4bdef102d0bc5d31b2546345219e348575eb80e9a0?s=96&d=mm&r=g\",\"contentUrl\":\"https:\\\/\\\/secure.gravatar.com\\\/avatar\\\/37d968a2e67a6fd04c169c4bdef102d0bc5d31b2546345219e348575eb80e9a0?s=96&d=mm&r=g\",\"caption\":\"redazione\"},\"sameAs\":[\"http:\\\/\\\/www.bellunopress.it\",\"https:\\\/\\\/x.com\\\/bellunopress\"],\"url\":\"https:\\\/\\\/www.bellunopress.it\\\/fr\\\/author\\\/redazione\\\/\"}]}<\/script>\n<!-- \/ Yoast SEO plugin. -->","yoast_head_json":{"title":"Mariska: il nuovo film di Luca Caserta nella Selezione Ufficiale del Carmarthen Bay Film Festival nel Regno Unito - Bellunopress - Dolomiti","robots":{"index":"index","follow":"follow","max-snippet":"max-snippet:-1","max-image-preview":"max-image-preview:large","max-video-preview":"max-video-preview:-1"},"canonical":"https:\/\/www.bellunopress.it\/fr\/2026\/05\/19\/mariska-il-nuovo-film-di-luca-caserta-nella-selezione-ufficiale-del-carmarthen-bay-film-festival-nel-regno-unito\/","og_locale":"fr_FR","og_type":"article","og_title":"Mariska: il nuovo film di Luca Caserta nella Selezione Ufficiale del Carmarthen Bay Film Festival nel Regno Unito - Bellunopress - Dolomiti","og_description":"Il documentario del pluripremiato regista veronese sulla partigiana veneta Leda Azzalini nome di battaglia &#8220;Mariska sar\u00e0 presentato in anteprima domani mercoled\u00ec 20 maggio nel prestigioso festival qualificante per i BAFTA\u00a0 Leda Azzalini \u00e8 una delle poche partigiane italiane combattenti, ormai centenaria, che a soli 18 anni ha combattuto contro il nazifascismo sull&#8217;Altopiano del Cansiglio\u00a0 Si [&hellip;]","og_url":"https:\/\/www.bellunopress.it\/fr\/2026\/05\/19\/mariska-il-nuovo-film-di-luca-caserta-nella-selezione-ufficiale-del-carmarthen-bay-film-festival-nel-regno-unito\/","og_site_name":"Bellunopress - Dolomiti","article_publisher":"https:\/\/www.facebook.com\/profile.php?id=100008943462799","article_published_time":"2026-05-19T13:26:03+00:00","og_image":[{"width":500,"height":375,"url":"https:\/\/www.bellunopress.it\/wp-content\/uploads\/2026\/05\/Luca-Caserta-e-Leda-Azzalini-sul-set-di-Mariska.jpg","type":"image\/jpeg"}],"author":"redazione","twitter_card":"summary_large_image","twitter_creator":"@bellunopress","twitter_site":"@bellunopress","twitter_misc":{"\u00c9crit par":"redazione","Dur\u00e9e de lecture estim\u00e9e":"3 minutes"},"schema":{"@context":"https:\/\/schema.org","@graph":[{"@type":"Article","@id":"https:\/\/www.bellunopress.it\/2026\/05\/19\/mariska-il-nuovo-film-di-luca-caserta-nella-selezione-ufficiale-del-carmarthen-bay-film-festival-nel-regno-unito\/#article","isPartOf":{"@id":"https:\/\/www.bellunopress.it\/2026\/05\/19\/mariska-il-nuovo-film-di-luca-caserta-nella-selezione-ufficiale-del-carmarthen-bay-film-festival-nel-regno-unito\/"},"author":{"name":"redazione","@id":"https:\/\/www.bellunopress.it\/#\/schema\/person\/79bb06722b37ece1c03d3e94beb30d73"},"headline":"Mariska: il nuovo film di Luca Caserta nella Selezione Ufficiale del Carmarthen Bay Film Festival nel Regno Unito","datePublished":"2026-05-19T13:26:03+00:00","mainEntityOfPage":{"@id":"https:\/\/www.bellunopress.it\/2026\/05\/19\/mariska-il-nuovo-film-di-luca-caserta-nella-selezione-ufficiale-del-carmarthen-bay-film-festival-nel-regno-unito\/"},"wordCount":520,"publisher":{"@id":"https:\/\/www.bellunopress.it\/#organization"},"image":{"@id":"https:\/\/www.bellunopress.it\/2026\/05\/19\/mariska-il-nuovo-film-di-luca-caserta-nella-selezione-ufficiale-del-carmarthen-bay-film-festival-nel-regno-unito\/#primaryimage"},"thumbnailUrl":"https:\/\/www.bellunopress.it\/wp-content\/uploads\/2026\/05\/Luca-Caserta-e-Leda-Azzalini-sul-set-di-Mariska.jpg","articleSection":["Arte, Cultura, Spettacoli, Scienza","Pausa Caff\u00e8"],"inLanguage":"fr-FR"},{"@type":"WebPage","@id":"https:\/\/www.bellunopress.it\/2026\/05\/19\/mariska-il-nuovo-film-di-luca-caserta-nella-selezione-ufficiale-del-carmarthen-bay-film-festival-nel-regno-unito\/","url":"https:\/\/www.bellunopress.it\/2026\/05\/19\/mariska-il-nuovo-film-di-luca-caserta-nella-selezione-ufficiale-del-carmarthen-bay-film-festival-nel-regno-unito\/","name":"Mariska: il nuovo film di Luca Caserta nella Selezione Ufficiale del Carmarthen Bay Film Festival nel Regno Unito - Bellunopress - Dolomiti","isPartOf":{"@id":"https:\/\/www.bellunopress.it\/#website"},"primaryImageOfPage":{"@id":"https:\/\/www.bellunopress.it\/2026\/05\/19\/mariska-il-nuovo-film-di-luca-caserta-nella-selezione-ufficiale-del-carmarthen-bay-film-festival-nel-regno-unito\/#primaryimage"},"image":{"@id":"https:\/\/www.bellunopress.it\/2026\/05\/19\/mariska-il-nuovo-film-di-luca-caserta-nella-selezione-ufficiale-del-carmarthen-bay-film-festival-nel-regno-unito\/#primaryimage"},"thumbnailUrl":"https:\/\/www.bellunopress.it\/wp-content\/uploads\/2026\/05\/Luca-Caserta-e-Leda-Azzalini-sul-set-di-Mariska.jpg","datePublished":"2026-05-19T13:26:03+00:00","breadcrumb":{"@id":"https:\/\/www.bellunopress.it\/2026\/05\/19\/mariska-il-nuovo-film-di-luca-caserta-nella-selezione-ufficiale-del-carmarthen-bay-film-festival-nel-regno-unito\/#breadcrumb"},"inLanguage":"fr-FR","potentialAction":[{"@type":"ReadAction","target":["https:\/\/www.bellunopress.it\/2026\/05\/19\/mariska-il-nuovo-film-di-luca-caserta-nella-selezione-ufficiale-del-carmarthen-bay-film-festival-nel-regno-unito\/"]}]},{"@type":"ImageObject","inLanguage":"fr-FR","@id":"https:\/\/www.bellunopress.it\/2026\/05\/19\/mariska-il-nuovo-film-di-luca-caserta-nella-selezione-ufficiale-del-carmarthen-bay-film-festival-nel-regno-unito\/#primaryimage","url":"https:\/\/www.bellunopress.it\/wp-content\/uploads\/2026\/05\/Luca-Caserta-e-Leda-Azzalini-sul-set-di-Mariska.jpg","contentUrl":"https:\/\/www.bellunopress.it\/wp-content\/uploads\/2026\/05\/Luca-Caserta-e-Leda-Azzalini-sul-set-di-Mariska.jpg","width":500,"height":375,"caption":"Luca Caserta e Leda Azzalini sul set di Mariska"},{"@type":"BreadcrumbList","@id":"https:\/\/www.bellunopress.it\/2026\/05\/19\/mariska-il-nuovo-film-di-luca-caserta-nella-selezione-ufficiale-del-carmarthen-bay-film-festival-nel-regno-unito\/#breadcrumb","itemListElement":[{"@type":"ListItem","position":1,"name":"Home","item":"https:\/\/www.bellunopress.it\/"},{"@type":"ListItem","position":2,"name":"Mariska: il nuovo film di Luca Caserta nella Selezione Ufficiale del Carmarthen Bay Film Festival nel Regno Unito"}]},{"@type":"WebSite","@id":"https:\/\/www.bellunopress.it\/#website","url":"https:\/\/www.bellunopress.it\/","name":"Bellunopress - Dolomiti","description":"e-mail: redazione@bellunopress.it","publisher":{"@id":"https:\/\/www.bellunopress.it\/#organization"},"potentialAction":[{"@type":"SearchAction","target":{"@type":"EntryPoint","urlTemplate":"https:\/\/www.bellunopress.it\/?s={search_term_string}"},"query-input":{"@type":"PropertyValueSpecification","valueRequired":true,"valueName":"search_term_string"}}],"inLanguage":"fr-FR"},{"@type":"Organization","@id":"https:\/\/www.bellunopress.it\/#organization","name":"Bellunopress","url":"https:\/\/www.bellunopress.it\/","logo":{"@type":"ImageObject","inLanguage":"fr-FR","@id":"https:\/\/www.bellunopress.it\/#\/schema\/logo\/image\/","url":"https:\/\/www.bellunopress.it\/wp-content\/uploads\/2011\/05\/cropped-logo-bellunopress-.jpg","contentUrl":"https:\/\/www.bellunopress.it\/wp-content\/uploads\/2011\/05\/cropped-logo-bellunopress-.jpg","width":512,"height":512,"caption":"Bellunopress"},"image":{"@id":"https:\/\/www.bellunopress.it\/#\/schema\/logo\/image\/"},"sameAs":["https:\/\/www.facebook.com\/profile.php?id=100008943462799","https:\/\/x.com\/bellunopress","https:\/\/www.linkedin.com\/hp\/?dnr=JBzUWaJfMUw8vbXJJ2tVW5-I3jZKvC4wsoxE&amp;amp;amp;amp;amp;amp;trk=nav_responsive_tab_home","https:\/\/www.youtube.com\/channel\/UCxL0wu1uN0_3_7hGG0306cw"]},{"@type":"Person","@id":"https:\/\/www.bellunopress.it\/#\/schema\/person\/79bb06722b37ece1c03d3e94beb30d73","name":"r\u00e9daction","image":{"@type":"ImageObject","inLanguage":"fr-FR","@id":"https:\/\/secure.gravatar.com\/avatar\/37d968a2e67a6fd04c169c4bdef102d0bc5d31b2546345219e348575eb80e9a0?s=96&d=mm&r=g","url":"https:\/\/secure.gravatar.com\/avatar\/37d968a2e67a6fd04c169c4bdef102d0bc5d31b2546345219e348575eb80e9a0?s=96&d=mm&r=g","contentUrl":"https:\/\/secure.gravatar.com\/avatar\/37d968a2e67a6fd04c169c4bdef102d0bc5d31b2546345219e348575eb80e9a0?s=96&d=mm&r=g","caption":"redazione"},"sameAs":["http:\/\/www.bellunopress.it","https:\/\/x.com\/bellunopress"],"url":"https:\/\/www.bellunopress.it\/fr\/author\/redazione\/"}]}},"_links":{"self":[{"href":"https:\/\/www.bellunopress.it\/fr\/wp-json\/wp\/v2\/posts\/170257","targetHints":{"allow":["GET"]}}],"collection":[{"href":"https:\/\/www.bellunopress.it\/fr\/wp-json\/wp\/v2\/posts"}],"about":[{"href":"https:\/\/www.bellunopress.it\/fr\/wp-json\/wp\/v2\/types\/post"}],"author":[{"embeddable":true,"href":"https:\/\/www.bellunopress.it\/fr\/wp-json\/wp\/v2\/users\/2"}],"replies":[{"embeddable":true,"href":"https:\/\/www.bellunopress.it\/fr\/wp-json\/wp\/v2\/comments?post=170257"}],"version-history":[{"count":1,"href":"https:\/\/www.bellunopress.it\/fr\/wp-json\/wp\/v2\/posts\/170257\/revisions"}],"predecessor-version":[{"id":170259,"href":"https:\/\/www.bellunopress.it\/fr\/wp-json\/wp\/v2\/posts\/170257\/revisions\/170259"}],"wp:featuredmedia":[{"embeddable":true,"href":"https:\/\/www.bellunopress.it\/fr\/wp-json\/wp\/v2\/media\/170258"}],"wp:attachment":[{"href":"https:\/\/www.bellunopress.it\/fr\/wp-json\/wp\/v2\/media?parent=170257"}],"wp:term":[{"taxonomy":"category","embeddable":true,"href":"https:\/\/www.bellunopress.it\/fr\/wp-json\/wp\/v2\/categories?post=170257"},{"taxonomy":"post_tag","embeddable":true,"href":"https:\/\/www.bellunopress.it\/fr\/wp-json\/wp\/v2\/tags?post=170257"}],"curies":[{"name":"wp","href":"https:\/\/api.w.org\/{rel}","templated":true}]}}