{"id":170253,"date":"2026-05-19T15:14:10","date_gmt":"2026-05-19T13:14:10","guid":{"rendered":"https:\/\/www.bellunopress.it\/?p=170253"},"modified":"2026-05-19T15:14:10","modified_gmt":"2026-05-19T13:14:10","slug":"fifilm-production-annuncia-linizio-delle-riprese-de-il-tavolo-il-nuovo-film-di-stefano-usardi","status":"publish","type":"post","link":"https:\/\/www.bellunopress.it\/fr\/2026\/05\/19\/fifilm-production-annuncia-linizio-delle-riprese-de-il-tavolo-il-nuovo-film-di-stefano-usardi\/","title":{"rendered":"Fifilm Production annuncia l\u2019inizio delle riprese de &#8220;Il Tavolo&#8221; il nuovo film di Stefano Usardi"},"content":{"rendered":"<p><strong>Luned\u00ec 18 maggio 2026 primo ciak. Le riprese termineranno il 5 giugno 2026<\/strong><\/p>\n<p>Il protagonista \u00e8 il Tavolo. Percepita l&#8217;immagine del mare in un mobilificio, il Tavolo decide di raggiungerlo con ogni mezzo possibile. Acquistato inizialmente da Luca, che convive con la giovane Sara, si rende testimone di gravi e rocambolesce vicende famigliari che ne modificano l&#8217;intento. Bloccato dalla sua scarsa mobilit\u00e0 Il Tavolo \u00e8 aiutato da ladri, bambini, preti, musicisti e altri casuali protagonisti che ne assecondano, involontariamente, l&#8217;intento.<\/p>\n<p>Un silenzioso, insolito e solido protagonista, nato tra le Dolomiti che sogna e prova a raggiungere il mare. Rubato, maltrattato, innamorato e quasi sezionato si ritrova, suo malgrado, ad essere il legame dell&#8217;intera famiglia, di cui cela al suo interno il segreto principale, condizionandone il futuro. Essere un testimone silenzioso per il Tavolo non \u00e8 poi cos\u00ec difficile, ma per riuscire ad arrivare al mare serve ben altro. In una catastrofica serie di eventi, anche il solido protagonista non riesce a rimanere sempre tutto d&#8217;un pezzo e deve riuscire a cambiare la percezione della realt\u00e0 e di s\u00e9.<\/p>\n<p>La troupe si sposter\u00e0 tra la zona del Cadore in provincia di Belluno e le zone di Jesolo\/Cortellazzo seguendo il corso del fiume Piave e percorrendo quella che era l\u2019antica via degli zattieri, figura nata ai tempi della Serenissima, periodo in cui Venezia aveva bisogno di legname per costruire solide imbarcazioni e le fondamenta dei palazzi. Il bellunese, ricco di aree boschive, era il territorio perfetto da cui attingere. \u00c8 qui che nasce la figura dello zattiere: abile e coraggioso uomo che trasformava i tronchi in zattere e che trasportava il legname dal Cadore fino in Laguna.<\/p>\n<p>Con:<br \/>\nPiero Cardano \u2013 Luca<br \/>\nNoemi Francesca \u2013 Sara<br \/>\nLorenzo Pozzan \u2013 Michele<br \/>\nGiuseppe Nitti \u2013 Paolo<br \/>\nSofia Taglioni \u2013 Sabrina<br \/>\nLuisa Maneri &#8211; Rosalia<br \/>\nAnna Gamba \u2013 Federica<br \/>\nE con: Grazia Capraro, Matilde Vigna, Francesco Migliaccio, Maddalena Bign\u00f9, Stefano Scandaletti e la band \u201cViadellironia\u201d.<br \/>\nDirettore di fotografia Matteo Meldolesi<br \/>\nAudio in presa diretta Giampiero Sanzari<br \/>\nTrucco e acconciature Martina Robazza<br \/>\nAiuto regia Asia Marchi<\/p>\n<p>Il Tavolo \u00e8 un progetto sperimentale che si inserisce nel filone dei road movie o forse in questo caso si potrebbe definire un river movie: il punto di partenza \u00e8 la zona del Cadore in provincia di Belluno, per seguire tutto il corso del fiume Piave fino alla sua foce sul mare di Jesolo.<br \/>\nIl film nasce con il desiderio di valorizzare un oggetto in una societ\u00e0 consumistica in cui le cose hanno s\u00ec una valenza affettiva ma spesso vengono sostituite da ci\u00f2 che \u00e8 nuovo e apparentemente pi\u00f9 funzionale. Il film si contappone a questa logica consumistica: il Tavolo, infatti, assume per uno degli attori principali un valore centrale, anche se poi sar\u00e0 il Tavolo stesso ad avere una propria autonomia spostandosi di casa in casa.<br \/>\nIl progetto nasce al tavolino di un bar con la produttrice: eravamo al telefono con un attore con cui stavamo avendo qualche problema perch\u00e9 soffriva un po\u2019 di divismo, e in quel momento decisi che volevo realizzare un film che aveva come protagonista un oggetto e non un attore, e il tavolo a cui eravamo seduti fu la prima cosa che colp\u00ec la mia attenzione.<br \/>\nPur essendo un film sperimentale, ho cercato di essere molto attento al pubblico a livello drammaturgico. \u00c8 un film che si concentra sulla spazialit\u00e0 e sul suono: sto cercando con il sound designer, di cerare un mondo sonoro attorno a questo Tavolo.<br \/>\nCome in ogni mio film ci saranno alcune tematiche che costantemente ritornano come la semplicit\u00e0, la comunit\u00e0 e la casualit\u00e0 che a volte pu\u00f2 deviare la nostra vita.<\/p>\n<p>Il regista Stefano Usardi<\/p>\n<p>FiFilm Production \u00e8 una casa di produzione cinematografica con sede tra le montagne pi\u00f9 belle del mondo, le Dolomiti, nata nel 2017 dall\u2019incontro di Caterina Francavilla e Stefano Usardi. Il riscontro che circonda questa realt\u00e0, dinamica e indipendente, \u00e8 nel quotidiano la principale fonte di ispirazione nella realizzazione del suo scopo: contribuire allo sviluppo del cinema d\u2019autore a partire dall\u2019Italia, il paese che ama e che desidera raccontare in tutte le sue pi\u00f9 umane sfaccettature. FiFilm Production ha all\u2019attivo cinque produzioni cinematografiche.<\/p>\n<figure id=\"attachment_170254\" aria-describedby=\"caption-attachment-170254\" style=\"width: 500px\" class=\"wp-caption aligncenter\"><img loading=\"lazy\" decoding=\"async\" class=\"size-full wp-image-170254\" src=\"https:\/\/www.bellunopress.it\/wp-content\/uploads\/2026\/05\/Stefano-Usardi-regista.jpeg\" alt=\"\" width=\"500\" height=\"479\" srcset=\"https:\/\/www.bellunopress.it\/wp-content\/uploads\/2026\/05\/Stefano-Usardi-regista.jpeg 500w, https:\/\/www.bellunopress.it\/wp-content\/uploads\/2026\/05\/Stefano-Usardi-regista-438x420.jpeg 438w, https:\/\/www.bellunopress.it\/wp-content\/uploads\/2026\/05\/Stefano-Usardi-regista-150x144.jpeg 150w, https:\/\/www.bellunopress.it\/wp-content\/uploads\/2026\/05\/Stefano-Usardi-regista-300x287.jpeg 300w\" sizes=\"auto, (max-width: 500px) 100vw, 500px\" \/><figcaption id=\"caption-attachment-170254\" class=\"wp-caption-text\">Stefano Usardi &#8211; Regista<\/figcaption><\/figure>\n<p><strong>Stefano Usardi<\/strong> Nato a Basilea, la prima laurea la ottiene a Bologna in \u201cDiscipline del Cinema\u201d. A Roma frequenta il \u201cNUCT\u2013 Nuova Universit\u00e0 di Cinema e Televisione\u201d di Cinecitt\u00e0 e si laurea in \u201cStoria dell\u2019arte\u201d presso la Sapienza. Nel 2009 ottiene la laurea in \u201cFilosofia\u201d presso l\u2019Universit\u00e0 di Palermo e successivamente, nel 2011 scrive, dirige e produce il suo primo film \u201cVENTISETTE\u201d prodotto da Almaimage. Nel 2015 gira a Verona il suo secondo lungometraggio \u201cIL MIO GIORNO\u201d, con protagonista Sergio Fiorentini. Il film ottiene il premio come miglior film low budget presso il \u201cVideo Festival di Imperia\u201d. Nel 2017 ottiene presso l\u2019Universit\u00e0 di Almeria un dottorato di ricerca in \u201cFilosofia\u201d, con una tesi sul cinema di Michelangelo Antonioni. Nello stesso anno comincia l\u2019attivit\u00e0 con FiFilm Production, grazie all\u2019incontro con Caterina Francavilla: scrive e dirige il film \u201cLUIGO\u201d a Bologna e nel 2018 gira a Trieste \u201cAFFITTASI VITA\u201d con protagonista Massimiliano Varrese. Nel 2021 a Trento prende vita \u201cFRA DUE BATTITI\u201d, con la partecipazione di Remo Girone. Il film ha vinto il premio Tonino Guerra all\u2019International IMAGO Film Festival per la Migliore Sceneggiatura di Film Italiano e il premio di Migliore Regia al HIIFF- Heart International Italian Film Festival. \u201cSENZA ET\u00c0\u201d, un road movie drammatico girato tra Italia, Francia e Spagna nell\u2019estate 2022, vincitore del Festival del Cinema del Golfo di Napoli come Miglior Film e come Miglior Attrice a Patrizia La Fonte e del premio come Miglior Film al Cin\u00e9 Paris Film Festival. \u201cALCOOLTEST\u201d \u00e8 il suo ultimo film, uscito ad ottobre 2025 che vede come protagonista il celebre Drupi, per la prima volta sul grande schermo. Il film \u00e8 arrivato finalista al CineOff International Indipendent Cinema Festival.<br \/>\nCaterina Francavilla Da sempre interessata al mondo artistico, Caterina \u00e8 l\u2019anima e la vita di FiFilm Production. Laureata allo IULM di Feltre in \u201cLingue e letterature straniere\u201d, parallelamente alla sua attivit\u00e0 di imprenditrice si dedica all\u2019allevamento di cavalli nel suo Little Ranch. A seguito di un progetto societario con il \u201cCinema Teatro\u201d di Feltre (Belluno) concentra il proprio interesse nel campo cinematografico trovando nelle opere di Usardi un amore per la vena surrealistica delle sue sceneggiature.<br \/>\nFILMOGRAFIA: &#8220;Ventisette&#8221; &#8211; 2011, &#8220;Il mio giorno&#8221; &#8211; 2015, &#8220;Luigo&#8221; &#8211; 2017, &#8220;Affittasi vita&#8221; &#8211; 2018, &#8220;Fra due battiti&#8221; &#8211; 2021, &#8220;Senza et\u00e0&#8221; \u2013 2022 \u2013 \u201cAlcooltest\u201d \u2013 2025<\/p>","protected":false},"excerpt":{"rendered":"<p>Luned\u00ec 18 maggio 2026 primo ciak. Le riprese termineranno il 5 giugno 2026 Il protagonista \u00e8 il Tavolo. Percepita l&#8217;immagine del mare in un mobilificio, il Tavolo decide di raggiungerlo con ogni mezzo possibile. Acquistato inizialmente da Luca, che convive con la giovane Sara, si rende testimone di gravi e rocambolesce vicende famigliari che ne [&hellip;]<\/p>\n","protected":false},"author":2,"featured_media":170255,"comment_status":"closed","ping_status":"open","sticky":false,"template":"","format":"standard","meta":{"footnotes":""},"categories":[3,25],"tags":[],"class_list":["post-170253","post","type-post","status-publish","format-standard","has-post-thumbnail","category-arte-cultura-spettacoli-scienza-archivi","category-pausa-caffe"],"yoast_head":"<!-- This site is optimized with the Yoast SEO plugin v28.4 - https:\/\/yoast.com\/product\/yoast-seo-wordpress\/ -->\n<title>Fifilm Production annuncia l\u2019inizio delle riprese de &quot;Il Tavolo&quot; il nuovo film di Stefano Usardi - Bellunopress - Dolomiti<\/title>\n<meta name=\"robots\" content=\"index, follow, max-snippet:-1, max-image-preview:large, max-video-preview:-1\" \/>\n<link rel=\"canonical\" href=\"https:\/\/www.bellunopress.it\/fr\/2026\/05\/19\/fifilm-production-annuncia-linizio-delle-riprese-de-il-tavolo-il-nuovo-film-di-stefano-usardi\/\" \/>\n<meta property=\"og:locale\" content=\"fr_FR\" \/>\n<meta property=\"og:type\" content=\"article\" \/>\n<meta property=\"og:title\" content=\"Fifilm Production annuncia l\u2019inizio delle riprese de &quot;Il Tavolo&quot; il nuovo film di Stefano Usardi - Bellunopress - Dolomiti\" \/>\n<meta property=\"og:description\" content=\"Luned\u00ec 18 maggio 2026 primo ciak. Le riprese termineranno il 5 giugno 2026 Il protagonista \u00e8 il Tavolo. Percepita l&#8217;immagine del mare in un mobilificio, il Tavolo decide di raggiungerlo con ogni mezzo possibile. Acquistato inizialmente da Luca, che convive con la giovane Sara, si rende testimone di gravi e rocambolesce vicende famigliari che ne [&hellip;]\" \/>\n<meta property=\"og:url\" content=\"https:\/\/www.bellunopress.it\/fr\/2026\/05\/19\/fifilm-production-annuncia-linizio-delle-riprese-de-il-tavolo-il-nuovo-film-di-stefano-usardi\/\" \/>\n<meta property=\"og:site_name\" content=\"Bellunopress - Dolomiti\" \/>\n<meta property=\"article:publisher\" content=\"https:\/\/www.facebook.com\/profile.php?id=100008943462799\" \/>\n<meta property=\"article:published_time\" content=\"2026-05-19T13:14:10+00:00\" \/>\n<meta property=\"og:image\" content=\"https:\/\/www.bellunopress.it\/wp-content\/uploads\/2026\/05\/Il-Tavolo-film-di-Stefano-Usardi.jpg\" \/>\n\t<meta property=\"og:image:width\" content=\"500\" \/>\n\t<meta property=\"og:image:height\" content=\"424\" \/>\n\t<meta property=\"og:image:type\" content=\"image\/jpeg\" \/>\n<meta name=\"author\" content=\"redazione\" \/>\n<meta name=\"twitter:card\" content=\"summary_large_image\" \/>\n<meta name=\"twitter:creator\" content=\"@bellunopress\" \/>\n<meta name=\"twitter:site\" content=\"@bellunopress\" \/>\n<meta name=\"twitter:label1\" content=\"\u00c9crit par\" \/>\n\t<meta name=\"twitter:data1\" content=\"redazione\" \/>\n\t<meta name=\"twitter:label2\" content=\"Dur\u00e9e de lecture estim\u00e9e\" \/>\n\t<meta name=\"twitter:data2\" content=\"7 minutes\" \/>\n<script type=\"application\/ld+json\" class=\"yoast-schema-graph\">{\"@context\":\"https:\\\/\\\/schema.org\",\"@graph\":[{\"@type\":\"Article\",\"@id\":\"https:\\\/\\\/www.bellunopress.it\\\/2026\\\/05\\\/19\\\/fifilm-production-annuncia-linizio-delle-riprese-de-il-tavolo-il-nuovo-film-di-stefano-usardi\\\/#article\",\"isPartOf\":{\"@id\":\"https:\\\/\\\/www.bellunopress.it\\\/2026\\\/05\\\/19\\\/fifilm-production-annuncia-linizio-delle-riprese-de-il-tavolo-il-nuovo-film-di-stefano-usardi\\\/\"},\"author\":{\"name\":\"redazione\",\"@id\":\"https:\\\/\\\/www.bellunopress.it\\\/#\\\/schema\\\/person\\\/79bb06722b37ece1c03d3e94beb30d73\"},\"headline\":\"Fifilm Production annuncia l\u2019inizio delle riprese de &#8220;Il Tavolo&#8221; il nuovo film di Stefano Usardi\",\"datePublished\":\"2026-05-19T13:14:10+00:00\",\"mainEntityOfPage\":{\"@id\":\"https:\\\/\\\/www.bellunopress.it\\\/2026\\\/05\\\/19\\\/fifilm-production-annuncia-linizio-delle-riprese-de-il-tavolo-il-nuovo-film-di-stefano-usardi\\\/\"},\"wordCount\":1076,\"publisher\":{\"@id\":\"https:\\\/\\\/www.bellunopress.it\\\/#organization\"},\"image\":{\"@id\":\"https:\\\/\\\/www.bellunopress.it\\\/2026\\\/05\\\/19\\\/fifilm-production-annuncia-linizio-delle-riprese-de-il-tavolo-il-nuovo-film-di-stefano-usardi\\\/#primaryimage\"},\"thumbnailUrl\":\"https:\\\/\\\/www.bellunopress.it\\\/wp-content\\\/uploads\\\/2026\\\/05\\\/Il-Tavolo-film-di-Stefano-Usardi.jpg\",\"articleSection\":[\"Arte, Cultura, Spettacoli, Scienza\",\"Pausa Caff\u00e8\"],\"inLanguage\":\"fr-FR\"},{\"@type\":\"WebPage\",\"@id\":\"https:\\\/\\\/www.bellunopress.it\\\/2026\\\/05\\\/19\\\/fifilm-production-annuncia-linizio-delle-riprese-de-il-tavolo-il-nuovo-film-di-stefano-usardi\\\/\",\"url\":\"https:\\\/\\\/www.bellunopress.it\\\/2026\\\/05\\\/19\\\/fifilm-production-annuncia-linizio-delle-riprese-de-il-tavolo-il-nuovo-film-di-stefano-usardi\\\/\",\"name\":\"Fifilm Production annuncia l\u2019inizio delle riprese de \\\"Il Tavolo\\\" il nuovo film di Stefano Usardi - Bellunopress - Dolomiti\",\"isPartOf\":{\"@id\":\"https:\\\/\\\/www.bellunopress.it\\\/#website\"},\"primaryImageOfPage\":{\"@id\":\"https:\\\/\\\/www.bellunopress.it\\\/2026\\\/05\\\/19\\\/fifilm-production-annuncia-linizio-delle-riprese-de-il-tavolo-il-nuovo-film-di-stefano-usardi\\\/#primaryimage\"},\"image\":{\"@id\":\"https:\\\/\\\/www.bellunopress.it\\\/2026\\\/05\\\/19\\\/fifilm-production-annuncia-linizio-delle-riprese-de-il-tavolo-il-nuovo-film-di-stefano-usardi\\\/#primaryimage\"},\"thumbnailUrl\":\"https:\\\/\\\/www.bellunopress.it\\\/wp-content\\\/uploads\\\/2026\\\/05\\\/Il-Tavolo-film-di-Stefano-Usardi.jpg\",\"datePublished\":\"2026-05-19T13:14:10+00:00\",\"breadcrumb\":{\"@id\":\"https:\\\/\\\/www.bellunopress.it\\\/2026\\\/05\\\/19\\\/fifilm-production-annuncia-linizio-delle-riprese-de-il-tavolo-il-nuovo-film-di-stefano-usardi\\\/#breadcrumb\"},\"inLanguage\":\"fr-FR\",\"potentialAction\":[{\"@type\":\"ReadAction\",\"target\":[\"https:\\\/\\\/www.bellunopress.it\\\/2026\\\/05\\\/19\\\/fifilm-production-annuncia-linizio-delle-riprese-de-il-tavolo-il-nuovo-film-di-stefano-usardi\\\/\"]}]},{\"@type\":\"ImageObject\",\"inLanguage\":\"fr-FR\",\"@id\":\"https:\\\/\\\/www.bellunopress.it\\\/2026\\\/05\\\/19\\\/fifilm-production-annuncia-linizio-delle-riprese-de-il-tavolo-il-nuovo-film-di-stefano-usardi\\\/#primaryimage\",\"url\":\"https:\\\/\\\/www.bellunopress.it\\\/wp-content\\\/uploads\\\/2026\\\/05\\\/Il-Tavolo-film-di-Stefano-Usardi.jpg\",\"contentUrl\":\"https:\\\/\\\/www.bellunopress.it\\\/wp-content\\\/uploads\\\/2026\\\/05\\\/Il-Tavolo-film-di-Stefano-Usardi.jpg\",\"width\":500,\"height\":424,\"caption\":\"Immagine dal set del film Il Tavolo del regista Stefano Usardi\"},{\"@type\":\"BreadcrumbList\",\"@id\":\"https:\\\/\\\/www.bellunopress.it\\\/2026\\\/05\\\/19\\\/fifilm-production-annuncia-linizio-delle-riprese-de-il-tavolo-il-nuovo-film-di-stefano-usardi\\\/#breadcrumb\",\"itemListElement\":[{\"@type\":\"ListItem\",\"position\":1,\"name\":\"Home\",\"item\":\"https:\\\/\\\/www.bellunopress.it\\\/\"},{\"@type\":\"ListItem\",\"position\":2,\"name\":\"Fifilm Production annuncia l\u2019inizio delle riprese de &#8220;Il Tavolo&#8221; il nuovo film di Stefano Usardi\"}]},{\"@type\":\"WebSite\",\"@id\":\"https:\\\/\\\/www.bellunopress.it\\\/#website\",\"url\":\"https:\\\/\\\/www.bellunopress.it\\\/\",\"name\":\"Bellunopress - Dolomiti\",\"description\":\"e-mail: redazione@bellunopress.it\",\"publisher\":{\"@id\":\"https:\\\/\\\/www.bellunopress.it\\\/#organization\"},\"potentialAction\":[{\"@type\":\"SearchAction\",\"target\":{\"@type\":\"EntryPoint\",\"urlTemplate\":\"https:\\\/\\\/www.bellunopress.it\\\/?s={search_term_string}\"},\"query-input\":{\"@type\":\"PropertyValueSpecification\",\"valueRequired\":true,\"valueName\":\"search_term_string\"}}],\"inLanguage\":\"fr-FR\"},{\"@type\":\"Organization\",\"@id\":\"https:\\\/\\\/www.bellunopress.it\\\/#organization\",\"name\":\"Bellunopress\",\"url\":\"https:\\\/\\\/www.bellunopress.it\\\/\",\"logo\":{\"@type\":\"ImageObject\",\"inLanguage\":\"fr-FR\",\"@id\":\"https:\\\/\\\/www.bellunopress.it\\\/#\\\/schema\\\/logo\\\/image\\\/\",\"url\":\"https:\\\/\\\/www.bellunopress.it\\\/wp-content\\\/uploads\\\/2011\\\/05\\\/cropped-logo-bellunopress-.jpg\",\"contentUrl\":\"https:\\\/\\\/www.bellunopress.it\\\/wp-content\\\/uploads\\\/2011\\\/05\\\/cropped-logo-bellunopress-.jpg\",\"width\":512,\"height\":512,\"caption\":\"Bellunopress\"},\"image\":{\"@id\":\"https:\\\/\\\/www.bellunopress.it\\\/#\\\/schema\\\/logo\\\/image\\\/\"},\"sameAs\":[\"https:\\\/\\\/www.facebook.com\\\/profile.php?id=100008943462799\",\"https:\\\/\\\/x.com\\\/bellunopress\",\"https:\\\/\\\/www.linkedin.com\\\/hp\\\/?dnr=JBzUWaJfMUw8vbXJJ2tVW5-I3jZKvC4wsoxE&amp;amp;amp;amp;amp;amp;trk=nav_responsive_tab_home\",\"https:\\\/\\\/www.youtube.com\\\/channel\\\/UCxL0wu1uN0_3_7hGG0306cw\"]},{\"@type\":\"Person\",\"@id\":\"https:\\\/\\\/www.bellunopress.it\\\/#\\\/schema\\\/person\\\/79bb06722b37ece1c03d3e94beb30d73\",\"name\":\"redazione\",\"image\":{\"@type\":\"ImageObject\",\"inLanguage\":\"fr-FR\",\"@id\":\"https:\\\/\\\/secure.gravatar.com\\\/avatar\\\/37d968a2e67a6fd04c169c4bdef102d0bc5d31b2546345219e348575eb80e9a0?s=96&d=mm&r=g\",\"url\":\"https:\\\/\\\/secure.gravatar.com\\\/avatar\\\/37d968a2e67a6fd04c169c4bdef102d0bc5d31b2546345219e348575eb80e9a0?s=96&d=mm&r=g\",\"contentUrl\":\"https:\\\/\\\/secure.gravatar.com\\\/avatar\\\/37d968a2e67a6fd04c169c4bdef102d0bc5d31b2546345219e348575eb80e9a0?s=96&d=mm&r=g\",\"caption\":\"redazione\"},\"sameAs\":[\"http:\\\/\\\/www.bellunopress.it\",\"https:\\\/\\\/x.com\\\/bellunopress\"],\"url\":\"https:\\\/\\\/www.bellunopress.it\\\/fr\\\/author\\\/redazione\\\/\"}]}<\/script>\n<!-- \/ Yoast SEO plugin. -->","yoast_head_json":{"title":"Fifilm Production annuncia l\u2019inizio delle riprese de \"Il Tavolo\" il nuovo film di Stefano Usardi - Bellunopress - Dolomiti","robots":{"index":"index","follow":"follow","max-snippet":"max-snippet:-1","max-image-preview":"max-image-preview:large","max-video-preview":"max-video-preview:-1"},"canonical":"https:\/\/www.bellunopress.it\/fr\/2026\/05\/19\/fifilm-production-annuncia-linizio-delle-riprese-de-il-tavolo-il-nuovo-film-di-stefano-usardi\/","og_locale":"fr_FR","og_type":"article","og_title":"Fifilm Production annuncia l\u2019inizio delle riprese de \"Il Tavolo\" il nuovo film di Stefano Usardi - Bellunopress - Dolomiti","og_description":"Luned\u00ec 18 maggio 2026 primo ciak. Le riprese termineranno il 5 giugno 2026 Il protagonista \u00e8 il Tavolo. Percepita l&#8217;immagine del mare in un mobilificio, il Tavolo decide di raggiungerlo con ogni mezzo possibile. Acquistato inizialmente da Luca, che convive con la giovane Sara, si rende testimone di gravi e rocambolesce vicende famigliari che ne [&hellip;]","og_url":"https:\/\/www.bellunopress.it\/fr\/2026\/05\/19\/fifilm-production-annuncia-linizio-delle-riprese-de-il-tavolo-il-nuovo-film-di-stefano-usardi\/","og_site_name":"Bellunopress - Dolomiti","article_publisher":"https:\/\/www.facebook.com\/profile.php?id=100008943462799","article_published_time":"2026-05-19T13:14:10+00:00","og_image":[{"width":500,"height":424,"url":"https:\/\/www.bellunopress.it\/wp-content\/uploads\/2026\/05\/Il-Tavolo-film-di-Stefano-Usardi.jpg","type":"image\/jpeg"}],"author":"redazione","twitter_card":"summary_large_image","twitter_creator":"@bellunopress","twitter_site":"@bellunopress","twitter_misc":{"\u00c9crit par":"redazione","Dur\u00e9e de lecture estim\u00e9e":"7 minutes"},"schema":{"@context":"https:\/\/schema.org","@graph":[{"@type":"Article","@id":"https:\/\/www.bellunopress.it\/2026\/05\/19\/fifilm-production-annuncia-linizio-delle-riprese-de-il-tavolo-il-nuovo-film-di-stefano-usardi\/#article","isPartOf":{"@id":"https:\/\/www.bellunopress.it\/2026\/05\/19\/fifilm-production-annuncia-linizio-delle-riprese-de-il-tavolo-il-nuovo-film-di-stefano-usardi\/"},"author":{"name":"redazione","@id":"https:\/\/www.bellunopress.it\/#\/schema\/person\/79bb06722b37ece1c03d3e94beb30d73"},"headline":"Fifilm Production annuncia l\u2019inizio delle riprese de &#8220;Il Tavolo&#8221; il nuovo film di Stefano Usardi","datePublished":"2026-05-19T13:14:10+00:00","mainEntityOfPage":{"@id":"https:\/\/www.bellunopress.it\/2026\/05\/19\/fifilm-production-annuncia-linizio-delle-riprese-de-il-tavolo-il-nuovo-film-di-stefano-usardi\/"},"wordCount":1076,"publisher":{"@id":"https:\/\/www.bellunopress.it\/#organization"},"image":{"@id":"https:\/\/www.bellunopress.it\/2026\/05\/19\/fifilm-production-annuncia-linizio-delle-riprese-de-il-tavolo-il-nuovo-film-di-stefano-usardi\/#primaryimage"},"thumbnailUrl":"https:\/\/www.bellunopress.it\/wp-content\/uploads\/2026\/05\/Il-Tavolo-film-di-Stefano-Usardi.jpg","articleSection":["Arte, Cultura, Spettacoli, Scienza","Pausa Caff\u00e8"],"inLanguage":"fr-FR"},{"@type":"WebPage","@id":"https:\/\/www.bellunopress.it\/2026\/05\/19\/fifilm-production-annuncia-linizio-delle-riprese-de-il-tavolo-il-nuovo-film-di-stefano-usardi\/","url":"https:\/\/www.bellunopress.it\/2026\/05\/19\/fifilm-production-annuncia-linizio-delle-riprese-de-il-tavolo-il-nuovo-film-di-stefano-usardi\/","name":"Fifilm Production annuncia l\u2019inizio delle riprese de \"Il Tavolo\" il nuovo film di Stefano Usardi - Bellunopress - Dolomiti","isPartOf":{"@id":"https:\/\/www.bellunopress.it\/#website"},"primaryImageOfPage":{"@id":"https:\/\/www.bellunopress.it\/2026\/05\/19\/fifilm-production-annuncia-linizio-delle-riprese-de-il-tavolo-il-nuovo-film-di-stefano-usardi\/#primaryimage"},"image":{"@id":"https:\/\/www.bellunopress.it\/2026\/05\/19\/fifilm-production-annuncia-linizio-delle-riprese-de-il-tavolo-il-nuovo-film-di-stefano-usardi\/#primaryimage"},"thumbnailUrl":"https:\/\/www.bellunopress.it\/wp-content\/uploads\/2026\/05\/Il-Tavolo-film-di-Stefano-Usardi.jpg","datePublished":"2026-05-19T13:14:10+00:00","breadcrumb":{"@id":"https:\/\/www.bellunopress.it\/2026\/05\/19\/fifilm-production-annuncia-linizio-delle-riprese-de-il-tavolo-il-nuovo-film-di-stefano-usardi\/#breadcrumb"},"inLanguage":"fr-FR","potentialAction":[{"@type":"ReadAction","target":["https:\/\/www.bellunopress.it\/2026\/05\/19\/fifilm-production-annuncia-linizio-delle-riprese-de-il-tavolo-il-nuovo-film-di-stefano-usardi\/"]}]},{"@type":"ImageObject","inLanguage":"fr-FR","@id":"https:\/\/www.bellunopress.it\/2026\/05\/19\/fifilm-production-annuncia-linizio-delle-riprese-de-il-tavolo-il-nuovo-film-di-stefano-usardi\/#primaryimage","url":"https:\/\/www.bellunopress.it\/wp-content\/uploads\/2026\/05\/Il-Tavolo-film-di-Stefano-Usardi.jpg","contentUrl":"https:\/\/www.bellunopress.it\/wp-content\/uploads\/2026\/05\/Il-Tavolo-film-di-Stefano-Usardi.jpg","width":500,"height":424,"caption":"Immagine dal set del film Il Tavolo del regista Stefano Usardi"},{"@type":"BreadcrumbList","@id":"https:\/\/www.bellunopress.it\/2026\/05\/19\/fifilm-production-annuncia-linizio-delle-riprese-de-il-tavolo-il-nuovo-film-di-stefano-usardi\/#breadcrumb","itemListElement":[{"@type":"ListItem","position":1,"name":"Home","item":"https:\/\/www.bellunopress.it\/"},{"@type":"ListItem","position":2,"name":"Fifilm Production annuncia l\u2019inizio delle riprese de &#8220;Il Tavolo&#8221; il nuovo film di Stefano Usardi"}]},{"@type":"WebSite","@id":"https:\/\/www.bellunopress.it\/#website","url":"https:\/\/www.bellunopress.it\/","name":"Bellunopress - Dolomiti","description":"e-mail: redazione@bellunopress.it","publisher":{"@id":"https:\/\/www.bellunopress.it\/#organization"},"potentialAction":[{"@type":"SearchAction","target":{"@type":"EntryPoint","urlTemplate":"https:\/\/www.bellunopress.it\/?s={search_term_string}"},"query-input":{"@type":"PropertyValueSpecification","valueRequired":true,"valueName":"search_term_string"}}],"inLanguage":"fr-FR"},{"@type":"Organization","@id":"https:\/\/www.bellunopress.it\/#organization","name":"Bellunopress","url":"https:\/\/www.bellunopress.it\/","logo":{"@type":"ImageObject","inLanguage":"fr-FR","@id":"https:\/\/www.bellunopress.it\/#\/schema\/logo\/image\/","url":"https:\/\/www.bellunopress.it\/wp-content\/uploads\/2011\/05\/cropped-logo-bellunopress-.jpg","contentUrl":"https:\/\/www.bellunopress.it\/wp-content\/uploads\/2011\/05\/cropped-logo-bellunopress-.jpg","width":512,"height":512,"caption":"Bellunopress"},"image":{"@id":"https:\/\/www.bellunopress.it\/#\/schema\/logo\/image\/"},"sameAs":["https:\/\/www.facebook.com\/profile.php?id=100008943462799","https:\/\/x.com\/bellunopress","https:\/\/www.linkedin.com\/hp\/?dnr=JBzUWaJfMUw8vbXJJ2tVW5-I3jZKvC4wsoxE&amp;amp;amp;amp;amp;amp;trk=nav_responsive_tab_home","https:\/\/www.youtube.com\/channel\/UCxL0wu1uN0_3_7hGG0306cw"]},{"@type":"Person","@id":"https:\/\/www.bellunopress.it\/#\/schema\/person\/79bb06722b37ece1c03d3e94beb30d73","name":"r\u00e9daction","image":{"@type":"ImageObject","inLanguage":"fr-FR","@id":"https:\/\/secure.gravatar.com\/avatar\/37d968a2e67a6fd04c169c4bdef102d0bc5d31b2546345219e348575eb80e9a0?s=96&d=mm&r=g","url":"https:\/\/secure.gravatar.com\/avatar\/37d968a2e67a6fd04c169c4bdef102d0bc5d31b2546345219e348575eb80e9a0?s=96&d=mm&r=g","contentUrl":"https:\/\/secure.gravatar.com\/avatar\/37d968a2e67a6fd04c169c4bdef102d0bc5d31b2546345219e348575eb80e9a0?s=96&d=mm&r=g","caption":"redazione"},"sameAs":["http:\/\/www.bellunopress.it","https:\/\/x.com\/bellunopress"],"url":"https:\/\/www.bellunopress.it\/fr\/author\/redazione\/"}]}},"_links":{"self":[{"href":"https:\/\/www.bellunopress.it\/fr\/wp-json\/wp\/v2\/posts\/170253","targetHints":{"allow":["GET"]}}],"collection":[{"href":"https:\/\/www.bellunopress.it\/fr\/wp-json\/wp\/v2\/posts"}],"about":[{"href":"https:\/\/www.bellunopress.it\/fr\/wp-json\/wp\/v2\/types\/post"}],"author":[{"embeddable":true,"href":"https:\/\/www.bellunopress.it\/fr\/wp-json\/wp\/v2\/users\/2"}],"replies":[{"embeddable":true,"href":"https:\/\/www.bellunopress.it\/fr\/wp-json\/wp\/v2\/comments?post=170253"}],"version-history":[{"count":1,"href":"https:\/\/www.bellunopress.it\/fr\/wp-json\/wp\/v2\/posts\/170253\/revisions"}],"predecessor-version":[{"id":170256,"href":"https:\/\/www.bellunopress.it\/fr\/wp-json\/wp\/v2\/posts\/170253\/revisions\/170256"}],"wp:featuredmedia":[{"embeddable":true,"href":"https:\/\/www.bellunopress.it\/fr\/wp-json\/wp\/v2\/media\/170255"}],"wp:attachment":[{"href":"https:\/\/www.bellunopress.it\/fr\/wp-json\/wp\/v2\/media?parent=170253"}],"wp:term":[{"taxonomy":"category","embeddable":true,"href":"https:\/\/www.bellunopress.it\/fr\/wp-json\/wp\/v2\/categories?post=170253"},{"taxonomy":"post_tag","embeddable":true,"href":"https:\/\/www.bellunopress.it\/fr\/wp-json\/wp\/v2\/tags?post=170253"}],"curies":[{"name":"wp","href":"https:\/\/api.w.org\/{rel}","templated":true}]}}