{"id":170242,"date":"2026-05-19T10:43:14","date_gmt":"2026-05-19T08:43:14","guid":{"rendered":"https:\/\/www.bellunopress.it\/?p=170242"},"modified":"2026-05-19T10:43:14","modified_gmt":"2026-05-19T08:43:14","slug":"a-belluno-la-prima-silver-moon-sindaco-de-pellegrin-valorizzare-tutti-gli-sport-anche-quelli-meno-noti","status":"publish","type":"post","link":"https:\/\/www.bellunopress.it\/fr\/2026\/05\/19\/a-belluno-la-prima-silver-moon-sindaco-de-pellegrin-valorizzare-tutti-gli-sport-anche-quelli-meno-noti\/","title":{"rendered":"A Belluno la prima Silver moon. Sindaco De Pellegrin: &#8220;Valorizzare tutti gli sport anche quelli meno noti&#8221;"},"content":{"rendered":"<p>Il Teatro Dino Buzzati diventa per un giorno un palcoscenico sospeso tra sport, arte, spettacolo e competizione. Domenica 24 maggio Belluno ospiter\u00e0 infatti la \u201cSilver Moon\u201d, competizione interregionale di acrobatica aerea artistica che porter\u00e0 in Citt\u00e0 quasi quaranta atleti provenienti da Veneto, Lombardia, Trentino e provincia di Belluno.<\/p>\n<p>L\u2019evento, organizzato dall\u2019associazione sportiva Dolomiti Super Pole, si svolger\u00e0 dalle 10.30 alle 17.30, con pausa dalle 13.30 alle 14.30. \u201cBelluno si conferma una citt\u00e0 attenta allo sport in tutte le sue forme e orgogliosa di poter ospitare manifestazioni che portano qui atleti e pubblico da diverse regioni d\u2019Italia &#8211; le parole del sindaco Oscar De Pellegrin -. Siamo particolarmente orgogliosi che una realt\u00e0 nata nel nostro territorio sia riuscita in poco tempo a costruire un appuntamento di respiro interregionale, portando a Belluno atleti e societ\u00e0 diverse parti d\u2019Italia e contribuendo a valorizzare il nostro teatro e la nostra Citt\u00e0 come luogo di incontro per i giovani\u201d.<\/p>\n<p>LA MANIFESTAZIONE<br \/>\nLa manifestazione rappresenta una tappa del circuito promosso sotto l\u2019egida di AICS e della federazione internazionale POSA \u2013 Pole Sport &amp; Arts World Federation. Pur non essendo una competizione valida per le qualificazioni, la \u201cSilver Moon\u201d costituisce un importante momento di preparazione in vista dei campionati nazionali e conferma Belluno come sede di riferimento per il Nord Italia all\u2019interno di questo movimento sportivo in crescita. \u201cQuesta iniziativa rientra pienamente negli obiettivi che come Amministrazione ci siamo dati e che sono indicati anche nel DUP: valorizzare le discipline sportive meno note e quelle nascenti, che meritano attenzione e sostegno &#8211; sottolinea l\u2019assessore allo sport Monica Mazzoccoli -. Ogni sport rappresenta un\u2019opportunit\u00e0 sana di crescita, socialit\u00e0 ed espressione personale. Far conoscere queste discipline significa aiutare ciascuno, soprattutto i pi\u00f9 giovani, a trovare l\u2019attivit\u00e0 pi\u00f9 affine alle proprie passioni e inclinazioni. Siamo orgogliosi che Belluno sia stata scelta come sede del Nord Italia per questa competizione: \u00e8 un segnale importante per il territorio e per la crescita di realt\u00e0 sportive nuove e dinamiche\u201d.<\/p>\n<p>Protagoniste della giornata saranno le discipline del cerchio aereo e dei tessuti aerei, con atleti dai 7 anni fino alla categoria over 40. A caratterizzare la competizione sar\u00e0 soprattutto la forte componente artistica e scenica delle esibizioni: la giuria valuter\u00e0 infatti non soltanto la tecnica, ma anche l\u2019interpretazione, l\u2019espressivit\u00e0 e la capacit\u00e0 di trasformare l\u2019esercizio in performance.<br \/>\nNon casuale la scelta del Teatro Buzzati come sede dell\u2019evento. Il contesto teatrale contribuir\u00e0 infatti a valorizzare la dimensione artistica dell\u2019acrobatica aerea, creando un dialogo tra sport e spettacolo capace di coinvolgere anche chi si avvicina per la prima volta a queste discipline.<\/p>\n<p>L\u2019ASSOCIAZIONE<br \/>\nDietro l\u2019organizzazione della manifestazione c\u2019\u00e8 il lavoro dell\u2019associazione Dolomiti Super Pole, realt\u00e0 nata nel 2023 e cresciuta rapidamente fino a raggiungere circa 125 iscritti tra atleti e amatori. A guidarla \u00e8 il presidente Marcello Canali insieme alla vicepresidente Maria Straticiuc e ai soci fondatori Veronica Scavezzon, Claudia Tolotti, Alessandro Portolan, Lara Campo dall\u2019Orto e Denise Cibien. \u201cOrganizzare la prima edizione della \u201cSilver Moon\u201d \u00e8 motivo di grande soddisfazione &#8211; spiegano dall\u2019associazione Dolomiti Super Pole -. Dietro questa gara ci sono mesi di lavoro condiviso da atlete, famiglie, insegnanti e volontari. In poco tempo abbiamo visto crescere tantissimo l\u2019interesse verso queste discipline, soprattutto tra i giovani. L\u2019acrobatica aerea non \u00e8 soltanto sport, ma anche espressione artistica, disciplina, fiducia in s\u00e9 stessi e lavoro di squadra. Per una realt\u00e0 nata soltanto nel 2023 vedere Belluno diventare sede di una competizione di questo livello \u00e8 un risultato che ci rende particolarmente orgogliosi. Ringraziamo il Comune di Belluno e le numerose aziende del territorio per il sostegno economico, cos\u00ec come tutti i volontari, spesso famigliari delle stesse atlete, impegnati nella gestione e nella logistica dell\u2019evento\u201d.<\/p>\n<p>Le atlete della Dolomiti Super Pole arrivano da stagioni di importanti risultati sportivi: tutte si sono qualificate per il campionato del mondo in programma ad Atene nel mese di dicembre e hanno conquistato podi in competizioni nazionali e internazionali, confermando la crescita tecnica e artistica della societ\u00e0 bellunese.<br \/>\nLa competizione bellunese dar\u00e0 diritto di accesso prioritario a Golden Moon \u2013 Campionato nazionale di aerial art. Dopo la tappa bellunese, il circuito proseguir\u00e0 infatti nel mese di ottobre con la \u201cGolden Moon\u201d, competizione nazionale in programma a Gioia del Colle, in provincia di Bari, dove i migliori classificati potranno accedere al campionato mondiale previsto a Cesenatico.<\/p>\n<p>Il pubblico potr\u00e0 assistere all\u2019intera giornata di gare con un ingresso di 15 euro. Sono previste anche due cerimonie di premiazione dedicate agli atleti partecipanti.<\/p>","protected":false},"excerpt":{"rendered":"<p>Il Teatro Dino Buzzati diventa per un giorno un palcoscenico sospeso tra sport, arte, spettacolo e competizione. Domenica 24 maggio Belluno ospiter\u00e0 infatti la \u201cSilver Moon\u201d, competizione interregionale di acrobatica aerea artistica che porter\u00e0 in Citt\u00e0 quasi quaranta atleti provenienti da Veneto, Lombardia, Trentino e provincia di Belluno. L\u2019evento, organizzato dall\u2019associazione sportiva Dolomiti Super Pole, [&hellip;]<\/p>\n","protected":false},"author":2,"featured_media":170243,"comment_status":"closed","ping_status":"open","sticky":false,"template":"","format":"standard","meta":{"footnotes":""},"categories":[27,4],"tags":[],"class_list":["post-170242","post","type-post","status-publish","format-standard","has-post-thumbnail","category-appuntamenti","category-sport"],"yoast_head":"<!-- This site is optimized with the Yoast SEO plugin v28.4 - https:\/\/yoast.com\/product\/yoast-seo-wordpress\/ -->\n<title>A Belluno la prima Silver moon. Sindaco De Pellegrin: &quot;Valorizzare tutti gli sport anche quelli meno noti&quot; - Bellunopress - Dolomiti<\/title>\n<meta name=\"robots\" content=\"index, follow, max-snippet:-1, max-image-preview:large, max-video-preview:-1\" \/>\n<link rel=\"canonical\" href=\"https:\/\/www.bellunopress.it\/fr\/2026\/05\/19\/a-belluno-la-prima-silver-moon-sindaco-de-pellegrin-valorizzare-tutti-gli-sport-anche-quelli-meno-noti\/\" \/>\n<meta property=\"og:locale\" content=\"fr_FR\" \/>\n<meta property=\"og:type\" content=\"article\" \/>\n<meta property=\"og:title\" content=\"A Belluno la prima Silver moon. Sindaco De Pellegrin: &quot;Valorizzare tutti gli sport anche quelli meno noti&quot; - Bellunopress - Dolomiti\" \/>\n<meta property=\"og:description\" content=\"Il Teatro Dino Buzzati diventa per un giorno un palcoscenico sospeso tra sport, arte, spettacolo e competizione. Domenica 24 maggio Belluno ospiter\u00e0 infatti la \u201cSilver Moon\u201d, competizione interregionale di acrobatica aerea artistica che porter\u00e0 in Citt\u00e0 quasi quaranta atleti provenienti da Veneto, Lombardia, Trentino e provincia di Belluno. L\u2019evento, organizzato dall\u2019associazione sportiva Dolomiti Super Pole, [&hellip;]\" \/>\n<meta property=\"og:url\" content=\"https:\/\/www.bellunopress.it\/fr\/2026\/05\/19\/a-belluno-la-prima-silver-moon-sindaco-de-pellegrin-valorizzare-tutti-gli-sport-anche-quelli-meno-noti\/\" \/>\n<meta property=\"og:site_name\" content=\"Bellunopress - Dolomiti\" \/>\n<meta property=\"article:publisher\" content=\"https:\/\/www.facebook.com\/profile.php?id=100008943462799\" \/>\n<meta property=\"article:published_time\" content=\"2026-05-19T08:43:14+00:00\" \/>\n<meta property=\"og:image\" content=\"https:\/\/www.bellunopress.it\/wp-content\/uploads\/2026\/05\/Silver-Moon.jpeg\" \/>\n\t<meta property=\"og:image:width\" content=\"400\" \/>\n\t<meta property=\"og:image:height\" content=\"500\" \/>\n\t<meta property=\"og:image:type\" content=\"image\/jpeg\" \/>\n<meta name=\"author\" content=\"redazione\" \/>\n<meta name=\"twitter:card\" content=\"summary_large_image\" \/>\n<meta name=\"twitter:creator\" content=\"@bellunopress\" \/>\n<meta name=\"twitter:site\" content=\"@bellunopress\" \/>\n<meta name=\"twitter:label1\" content=\"\u00c9crit par\" \/>\n\t<meta name=\"twitter:data1\" content=\"redazione\" \/>\n\t<meta name=\"twitter:label2\" content=\"Dur\u00e9e de lecture estim\u00e9e\" \/>\n\t<meta name=\"twitter:data2\" content=\"5 minutes\" \/>\n<script type=\"application\/ld+json\" class=\"yoast-schema-graph\">{\"@context\":\"https:\\\/\\\/schema.org\",\"@graph\":[{\"@type\":\"Article\",\"@id\":\"https:\\\/\\\/www.bellunopress.it\\\/2026\\\/05\\\/19\\\/a-belluno-la-prima-silver-moon-sindaco-de-pellegrin-valorizzare-tutti-gli-sport-anche-quelli-meno-noti\\\/#article\",\"isPartOf\":{\"@id\":\"https:\\\/\\\/www.bellunopress.it\\\/2026\\\/05\\\/19\\\/a-belluno-la-prima-silver-moon-sindaco-de-pellegrin-valorizzare-tutti-gli-sport-anche-quelli-meno-noti\\\/\"},\"author\":{\"name\":\"redazione\",\"@id\":\"https:\\\/\\\/www.bellunopress.it\\\/#\\\/schema\\\/person\\\/79bb06722b37ece1c03d3e94beb30d73\"},\"headline\":\"A Belluno la prima Silver moon. Sindaco De Pellegrin: &#8220;Valorizzare tutti gli sport anche quelli meno noti&#8221;\",\"datePublished\":\"2026-05-19T08:43:14+00:00\",\"mainEntityOfPage\":{\"@id\":\"https:\\\/\\\/www.bellunopress.it\\\/2026\\\/05\\\/19\\\/a-belluno-la-prima-silver-moon-sindaco-de-pellegrin-valorizzare-tutti-gli-sport-anche-quelli-meno-noti\\\/\"},\"wordCount\":760,\"publisher\":{\"@id\":\"https:\\\/\\\/www.bellunopress.it\\\/#organization\"},\"image\":{\"@id\":\"https:\\\/\\\/www.bellunopress.it\\\/2026\\\/05\\\/19\\\/a-belluno-la-prima-silver-moon-sindaco-de-pellegrin-valorizzare-tutti-gli-sport-anche-quelli-meno-noti\\\/#primaryimage\"},\"thumbnailUrl\":\"https:\\\/\\\/www.bellunopress.it\\\/wp-content\\\/uploads\\\/2026\\\/05\\\/Silver-Moon.jpeg\",\"articleSection\":[\"Appuntamenti, Eventi\",\"Sport, tempo libero\"],\"inLanguage\":\"fr-FR\"},{\"@type\":\"WebPage\",\"@id\":\"https:\\\/\\\/www.bellunopress.it\\\/2026\\\/05\\\/19\\\/a-belluno-la-prima-silver-moon-sindaco-de-pellegrin-valorizzare-tutti-gli-sport-anche-quelli-meno-noti\\\/\",\"url\":\"https:\\\/\\\/www.bellunopress.it\\\/2026\\\/05\\\/19\\\/a-belluno-la-prima-silver-moon-sindaco-de-pellegrin-valorizzare-tutti-gli-sport-anche-quelli-meno-noti\\\/\",\"name\":\"A Belluno la prima Silver moon. Sindaco De Pellegrin: \\\"Valorizzare tutti gli sport anche quelli meno noti\\\" - Bellunopress - Dolomiti\",\"isPartOf\":{\"@id\":\"https:\\\/\\\/www.bellunopress.it\\\/#website\"},\"primaryImageOfPage\":{\"@id\":\"https:\\\/\\\/www.bellunopress.it\\\/2026\\\/05\\\/19\\\/a-belluno-la-prima-silver-moon-sindaco-de-pellegrin-valorizzare-tutti-gli-sport-anche-quelli-meno-noti\\\/#primaryimage\"},\"image\":{\"@id\":\"https:\\\/\\\/www.bellunopress.it\\\/2026\\\/05\\\/19\\\/a-belluno-la-prima-silver-moon-sindaco-de-pellegrin-valorizzare-tutti-gli-sport-anche-quelli-meno-noti\\\/#primaryimage\"},\"thumbnailUrl\":\"https:\\\/\\\/www.bellunopress.it\\\/wp-content\\\/uploads\\\/2026\\\/05\\\/Silver-Moon.jpeg\",\"datePublished\":\"2026-05-19T08:43:14+00:00\",\"breadcrumb\":{\"@id\":\"https:\\\/\\\/www.bellunopress.it\\\/2026\\\/05\\\/19\\\/a-belluno-la-prima-silver-moon-sindaco-de-pellegrin-valorizzare-tutti-gli-sport-anche-quelli-meno-noti\\\/#breadcrumb\"},\"inLanguage\":\"fr-FR\",\"potentialAction\":[{\"@type\":\"ReadAction\",\"target\":[\"https:\\\/\\\/www.bellunopress.it\\\/2026\\\/05\\\/19\\\/a-belluno-la-prima-silver-moon-sindaco-de-pellegrin-valorizzare-tutti-gli-sport-anche-quelli-meno-noti\\\/\"]}]},{\"@type\":\"ImageObject\",\"inLanguage\":\"fr-FR\",\"@id\":\"https:\\\/\\\/www.bellunopress.it\\\/2026\\\/05\\\/19\\\/a-belluno-la-prima-silver-moon-sindaco-de-pellegrin-valorizzare-tutti-gli-sport-anche-quelli-meno-noti\\\/#primaryimage\",\"url\":\"https:\\\/\\\/www.bellunopress.it\\\/wp-content\\\/uploads\\\/2026\\\/05\\\/Silver-Moon.jpeg\",\"contentUrl\":\"https:\\\/\\\/www.bellunopress.it\\\/wp-content\\\/uploads\\\/2026\\\/05\\\/Silver-Moon.jpeg\",\"width\":400,\"height\":500},{\"@type\":\"BreadcrumbList\",\"@id\":\"https:\\\/\\\/www.bellunopress.it\\\/2026\\\/05\\\/19\\\/a-belluno-la-prima-silver-moon-sindaco-de-pellegrin-valorizzare-tutti-gli-sport-anche-quelli-meno-noti\\\/#breadcrumb\",\"itemListElement\":[{\"@type\":\"ListItem\",\"position\":1,\"name\":\"Home\",\"item\":\"https:\\\/\\\/www.bellunopress.it\\\/\"},{\"@type\":\"ListItem\",\"position\":2,\"name\":\"A Belluno la prima Silver moon. Sindaco De Pellegrin: &#8220;Valorizzare tutti gli sport anche quelli meno noti&#8221;\"}]},{\"@type\":\"WebSite\",\"@id\":\"https:\\\/\\\/www.bellunopress.it\\\/#website\",\"url\":\"https:\\\/\\\/www.bellunopress.it\\\/\",\"name\":\"Bellunopress - Dolomiti\",\"description\":\"e-mail: redazione@bellunopress.it\",\"publisher\":{\"@id\":\"https:\\\/\\\/www.bellunopress.it\\\/#organization\"},\"potentialAction\":[{\"@type\":\"SearchAction\",\"target\":{\"@type\":\"EntryPoint\",\"urlTemplate\":\"https:\\\/\\\/www.bellunopress.it\\\/?s={search_term_string}\"},\"query-input\":{\"@type\":\"PropertyValueSpecification\",\"valueRequired\":true,\"valueName\":\"search_term_string\"}}],\"inLanguage\":\"fr-FR\"},{\"@type\":\"Organization\",\"@id\":\"https:\\\/\\\/www.bellunopress.it\\\/#organization\",\"name\":\"Bellunopress\",\"url\":\"https:\\\/\\\/www.bellunopress.it\\\/\",\"logo\":{\"@type\":\"ImageObject\",\"inLanguage\":\"fr-FR\",\"@id\":\"https:\\\/\\\/www.bellunopress.it\\\/#\\\/schema\\\/logo\\\/image\\\/\",\"url\":\"https:\\\/\\\/www.bellunopress.it\\\/wp-content\\\/uploads\\\/2011\\\/05\\\/cropped-logo-bellunopress-.jpg\",\"contentUrl\":\"https:\\\/\\\/www.bellunopress.it\\\/wp-content\\\/uploads\\\/2011\\\/05\\\/cropped-logo-bellunopress-.jpg\",\"width\":512,\"height\":512,\"caption\":\"Bellunopress\"},\"image\":{\"@id\":\"https:\\\/\\\/www.bellunopress.it\\\/#\\\/schema\\\/logo\\\/image\\\/\"},\"sameAs\":[\"https:\\\/\\\/www.facebook.com\\\/profile.php?id=100008943462799\",\"https:\\\/\\\/x.com\\\/bellunopress\",\"https:\\\/\\\/www.linkedin.com\\\/hp\\\/?dnr=JBzUWaJfMUw8vbXJJ2tVW5-I3jZKvC4wsoxE&amp;amp;amp;amp;amp;amp;trk=nav_responsive_tab_home\",\"https:\\\/\\\/www.youtube.com\\\/channel\\\/UCxL0wu1uN0_3_7hGG0306cw\"]},{\"@type\":\"Person\",\"@id\":\"https:\\\/\\\/www.bellunopress.it\\\/#\\\/schema\\\/person\\\/79bb06722b37ece1c03d3e94beb30d73\",\"name\":\"redazione\",\"image\":{\"@type\":\"ImageObject\",\"inLanguage\":\"fr-FR\",\"@id\":\"https:\\\/\\\/secure.gravatar.com\\\/avatar\\\/37d968a2e67a6fd04c169c4bdef102d0bc5d31b2546345219e348575eb80e9a0?s=96&d=mm&r=g\",\"url\":\"https:\\\/\\\/secure.gravatar.com\\\/avatar\\\/37d968a2e67a6fd04c169c4bdef102d0bc5d31b2546345219e348575eb80e9a0?s=96&d=mm&r=g\",\"contentUrl\":\"https:\\\/\\\/secure.gravatar.com\\\/avatar\\\/37d968a2e67a6fd04c169c4bdef102d0bc5d31b2546345219e348575eb80e9a0?s=96&d=mm&r=g\",\"caption\":\"redazione\"},\"sameAs\":[\"http:\\\/\\\/www.bellunopress.it\",\"https:\\\/\\\/x.com\\\/bellunopress\"],\"url\":\"https:\\\/\\\/www.bellunopress.it\\\/fr\\\/author\\\/redazione\\\/\"}]}<\/script>\n<!-- \/ Yoast SEO plugin. -->","yoast_head_json":{"title":"A Belluno la prima Silver moon. Sindaco De Pellegrin: \"Valorizzare tutti gli sport anche quelli meno noti\" - Bellunopress - Dolomiti","robots":{"index":"index","follow":"follow","max-snippet":"max-snippet:-1","max-image-preview":"max-image-preview:large","max-video-preview":"max-video-preview:-1"},"canonical":"https:\/\/www.bellunopress.it\/fr\/2026\/05\/19\/a-belluno-la-prima-silver-moon-sindaco-de-pellegrin-valorizzare-tutti-gli-sport-anche-quelli-meno-noti\/","og_locale":"fr_FR","og_type":"article","og_title":"A Belluno la prima Silver moon. Sindaco De Pellegrin: \"Valorizzare tutti gli sport anche quelli meno noti\" - Bellunopress - Dolomiti","og_description":"Il Teatro Dino Buzzati diventa per un giorno un palcoscenico sospeso tra sport, arte, spettacolo e competizione. Domenica 24 maggio Belluno ospiter\u00e0 infatti la \u201cSilver Moon\u201d, competizione interregionale di acrobatica aerea artistica che porter\u00e0 in Citt\u00e0 quasi quaranta atleti provenienti da Veneto, Lombardia, Trentino e provincia di Belluno. L\u2019evento, organizzato dall\u2019associazione sportiva Dolomiti Super Pole, [&hellip;]","og_url":"https:\/\/www.bellunopress.it\/fr\/2026\/05\/19\/a-belluno-la-prima-silver-moon-sindaco-de-pellegrin-valorizzare-tutti-gli-sport-anche-quelli-meno-noti\/","og_site_name":"Bellunopress - Dolomiti","article_publisher":"https:\/\/www.facebook.com\/profile.php?id=100008943462799","article_published_time":"2026-05-19T08:43:14+00:00","og_image":[{"width":400,"height":500,"url":"https:\/\/www.bellunopress.it\/wp-content\/uploads\/2026\/05\/Silver-Moon.jpeg","type":"image\/jpeg"}],"author":"redazione","twitter_card":"summary_large_image","twitter_creator":"@bellunopress","twitter_site":"@bellunopress","twitter_misc":{"\u00c9crit par":"redazione","Dur\u00e9e de lecture estim\u00e9e":"5 minutes"},"schema":{"@context":"https:\/\/schema.org","@graph":[{"@type":"Article","@id":"https:\/\/www.bellunopress.it\/2026\/05\/19\/a-belluno-la-prima-silver-moon-sindaco-de-pellegrin-valorizzare-tutti-gli-sport-anche-quelli-meno-noti\/#article","isPartOf":{"@id":"https:\/\/www.bellunopress.it\/2026\/05\/19\/a-belluno-la-prima-silver-moon-sindaco-de-pellegrin-valorizzare-tutti-gli-sport-anche-quelli-meno-noti\/"},"author":{"name":"redazione","@id":"https:\/\/www.bellunopress.it\/#\/schema\/person\/79bb06722b37ece1c03d3e94beb30d73"},"headline":"A Belluno la prima Silver moon. Sindaco De Pellegrin: &#8220;Valorizzare tutti gli sport anche quelli meno noti&#8221;","datePublished":"2026-05-19T08:43:14+00:00","mainEntityOfPage":{"@id":"https:\/\/www.bellunopress.it\/2026\/05\/19\/a-belluno-la-prima-silver-moon-sindaco-de-pellegrin-valorizzare-tutti-gli-sport-anche-quelli-meno-noti\/"},"wordCount":760,"publisher":{"@id":"https:\/\/www.bellunopress.it\/#organization"},"image":{"@id":"https:\/\/www.bellunopress.it\/2026\/05\/19\/a-belluno-la-prima-silver-moon-sindaco-de-pellegrin-valorizzare-tutti-gli-sport-anche-quelli-meno-noti\/#primaryimage"},"thumbnailUrl":"https:\/\/www.bellunopress.it\/wp-content\/uploads\/2026\/05\/Silver-Moon.jpeg","articleSection":["Appuntamenti, Eventi","Sport, tempo libero"],"inLanguage":"fr-FR"},{"@type":"WebPage","@id":"https:\/\/www.bellunopress.it\/2026\/05\/19\/a-belluno-la-prima-silver-moon-sindaco-de-pellegrin-valorizzare-tutti-gli-sport-anche-quelli-meno-noti\/","url":"https:\/\/www.bellunopress.it\/2026\/05\/19\/a-belluno-la-prima-silver-moon-sindaco-de-pellegrin-valorizzare-tutti-gli-sport-anche-quelli-meno-noti\/","name":"A Belluno la prima Silver moon. Sindaco De Pellegrin: \"Valorizzare tutti gli sport anche quelli meno noti\" - Bellunopress - Dolomiti","isPartOf":{"@id":"https:\/\/www.bellunopress.it\/#website"},"primaryImageOfPage":{"@id":"https:\/\/www.bellunopress.it\/2026\/05\/19\/a-belluno-la-prima-silver-moon-sindaco-de-pellegrin-valorizzare-tutti-gli-sport-anche-quelli-meno-noti\/#primaryimage"},"image":{"@id":"https:\/\/www.bellunopress.it\/2026\/05\/19\/a-belluno-la-prima-silver-moon-sindaco-de-pellegrin-valorizzare-tutti-gli-sport-anche-quelli-meno-noti\/#primaryimage"},"thumbnailUrl":"https:\/\/www.bellunopress.it\/wp-content\/uploads\/2026\/05\/Silver-Moon.jpeg","datePublished":"2026-05-19T08:43:14+00:00","breadcrumb":{"@id":"https:\/\/www.bellunopress.it\/2026\/05\/19\/a-belluno-la-prima-silver-moon-sindaco-de-pellegrin-valorizzare-tutti-gli-sport-anche-quelli-meno-noti\/#breadcrumb"},"inLanguage":"fr-FR","potentialAction":[{"@type":"ReadAction","target":["https:\/\/www.bellunopress.it\/2026\/05\/19\/a-belluno-la-prima-silver-moon-sindaco-de-pellegrin-valorizzare-tutti-gli-sport-anche-quelli-meno-noti\/"]}]},{"@type":"ImageObject","inLanguage":"fr-FR","@id":"https:\/\/www.bellunopress.it\/2026\/05\/19\/a-belluno-la-prima-silver-moon-sindaco-de-pellegrin-valorizzare-tutti-gli-sport-anche-quelli-meno-noti\/#primaryimage","url":"https:\/\/www.bellunopress.it\/wp-content\/uploads\/2026\/05\/Silver-Moon.jpeg","contentUrl":"https:\/\/www.bellunopress.it\/wp-content\/uploads\/2026\/05\/Silver-Moon.jpeg","width":400,"height":500},{"@type":"BreadcrumbList","@id":"https:\/\/www.bellunopress.it\/2026\/05\/19\/a-belluno-la-prima-silver-moon-sindaco-de-pellegrin-valorizzare-tutti-gli-sport-anche-quelli-meno-noti\/#breadcrumb","itemListElement":[{"@type":"ListItem","position":1,"name":"Home","item":"https:\/\/www.bellunopress.it\/"},{"@type":"ListItem","position":2,"name":"A Belluno la prima Silver moon. Sindaco De Pellegrin: &#8220;Valorizzare tutti gli sport anche quelli meno noti&#8221;"}]},{"@type":"WebSite","@id":"https:\/\/www.bellunopress.it\/#website","url":"https:\/\/www.bellunopress.it\/","name":"Bellunopress - Dolomiti","description":"e-mail: redazione@bellunopress.it","publisher":{"@id":"https:\/\/www.bellunopress.it\/#organization"},"potentialAction":[{"@type":"SearchAction","target":{"@type":"EntryPoint","urlTemplate":"https:\/\/www.bellunopress.it\/?s={search_term_string}"},"query-input":{"@type":"PropertyValueSpecification","valueRequired":true,"valueName":"search_term_string"}}],"inLanguage":"fr-FR"},{"@type":"Organization","@id":"https:\/\/www.bellunopress.it\/#organization","name":"Bellunopress","url":"https:\/\/www.bellunopress.it\/","logo":{"@type":"ImageObject","inLanguage":"fr-FR","@id":"https:\/\/www.bellunopress.it\/#\/schema\/logo\/image\/","url":"https:\/\/www.bellunopress.it\/wp-content\/uploads\/2011\/05\/cropped-logo-bellunopress-.jpg","contentUrl":"https:\/\/www.bellunopress.it\/wp-content\/uploads\/2011\/05\/cropped-logo-bellunopress-.jpg","width":512,"height":512,"caption":"Bellunopress"},"image":{"@id":"https:\/\/www.bellunopress.it\/#\/schema\/logo\/image\/"},"sameAs":["https:\/\/www.facebook.com\/profile.php?id=100008943462799","https:\/\/x.com\/bellunopress","https:\/\/www.linkedin.com\/hp\/?dnr=JBzUWaJfMUw8vbXJJ2tVW5-I3jZKvC4wsoxE&amp;amp;amp;amp;amp;amp;trk=nav_responsive_tab_home","https:\/\/www.youtube.com\/channel\/UCxL0wu1uN0_3_7hGG0306cw"]},{"@type":"Person","@id":"https:\/\/www.bellunopress.it\/#\/schema\/person\/79bb06722b37ece1c03d3e94beb30d73","name":"r\u00e9daction","image":{"@type":"ImageObject","inLanguage":"fr-FR","@id":"https:\/\/secure.gravatar.com\/avatar\/37d968a2e67a6fd04c169c4bdef102d0bc5d31b2546345219e348575eb80e9a0?s=96&d=mm&r=g","url":"https:\/\/secure.gravatar.com\/avatar\/37d968a2e67a6fd04c169c4bdef102d0bc5d31b2546345219e348575eb80e9a0?s=96&d=mm&r=g","contentUrl":"https:\/\/secure.gravatar.com\/avatar\/37d968a2e67a6fd04c169c4bdef102d0bc5d31b2546345219e348575eb80e9a0?s=96&d=mm&r=g","caption":"redazione"},"sameAs":["http:\/\/www.bellunopress.it","https:\/\/x.com\/bellunopress"],"url":"https:\/\/www.bellunopress.it\/fr\/author\/redazione\/"}]}},"_links":{"self":[{"href":"https:\/\/www.bellunopress.it\/fr\/wp-json\/wp\/v2\/posts\/170242","targetHints":{"allow":["GET"]}}],"collection":[{"href":"https:\/\/www.bellunopress.it\/fr\/wp-json\/wp\/v2\/posts"}],"about":[{"href":"https:\/\/www.bellunopress.it\/fr\/wp-json\/wp\/v2\/types\/post"}],"author":[{"embeddable":true,"href":"https:\/\/www.bellunopress.it\/fr\/wp-json\/wp\/v2\/users\/2"}],"replies":[{"embeddable":true,"href":"https:\/\/www.bellunopress.it\/fr\/wp-json\/wp\/v2\/comments?post=170242"}],"version-history":[{"count":1,"href":"https:\/\/www.bellunopress.it\/fr\/wp-json\/wp\/v2\/posts\/170242\/revisions"}],"predecessor-version":[{"id":170244,"href":"https:\/\/www.bellunopress.it\/fr\/wp-json\/wp\/v2\/posts\/170242\/revisions\/170244"}],"wp:featuredmedia":[{"embeddable":true,"href":"https:\/\/www.bellunopress.it\/fr\/wp-json\/wp\/v2\/media\/170243"}],"wp:attachment":[{"href":"https:\/\/www.bellunopress.it\/fr\/wp-json\/wp\/v2\/media?parent=170242"}],"wp:term":[{"taxonomy":"category","embeddable":true,"href":"https:\/\/www.bellunopress.it\/fr\/wp-json\/wp\/v2\/categories?post=170242"},{"taxonomy":"post_tag","embeddable":true,"href":"https:\/\/www.bellunopress.it\/fr\/wp-json\/wp\/v2\/tags?post=170242"}],"curies":[{"name":"wp","href":"https:\/\/api.w.org\/{rel}","templated":true}]}}