{"id":170238,"date":"2026-05-19T07:50:28","date_gmt":"2026-05-19T05:50:28","guid":{"rendered":"https:\/\/www.bellunopress.it\/?p=170238"},"modified":"2026-05-19T07:50:28","modified_gmt":"2026-05-19T05:50:28","slug":"a-cortina-riparte-lestate","status":"publish","type":"post","link":"https:\/\/www.bellunopress.it\/fr\/2026\/05\/19\/a-cortina-riparte-lestate\/","title":{"rendered":"A Cortina riparte l&#8217;estate"},"content":{"rendered":"<p><strong>Prenotazioni in aumento grazie alla lunga scia olimpica<\/strong><\/p>\n<p>L&#8217;inverno olimpico ha regalato a Cortina momenti indimenticabili e investimentiper il futuro sviluppo economico del territorio, ma anche e soprattutto una visibilit\u00e0internazionale la cui scia inizia a essere piuttosto evidente ora che si avvicina l\u2019estate.<\/p>\n<p>La Regina delle Dolomiti si prepara dunque ad accogliere la bella stagione cavalcando l\u2019onda di questo richiamo con ottime prospettive in termini di numeri. Le stime sulle presenze turistiche nella Conca nel prossimo trimestre, elaborate da HBenchmark per la locale Associazione Albergatori su un campione selezionato di strutture, evidenziano infatti una quota occupazionale preventivata che sfiora il 60% di media, in vantaggio di oltre 9 punti percentuali sul 2025 alla stessa data di osservazione e sostanzialmente bilanciata in quanto a tipologia di sistemazione sceltatra segmento low medium (54,9%) e high luxury (59.8%).<\/p>\n<p>Giugno al momento \u00e8 il mese con il tasso di prenotazioni acquisite pi\u00f9 alto (65%), luglio e agosto stanno a loro volta guadagnando terreno (rispettivamente 59% e 52%), ma \u00e8 settembre, forte di un incremento di 12 punti percentuali rispetto all\u2019annopassato, il periodo che fa emergere il risultato migliore, a ulteriore testimonianza di un trend consolidato che ormai da qualche tempo vede una significativa parte dei flussi spostarsi nella seconda frazione dell\u2019estate, dopo Ferragosto quindi. Picchi, rispettivamente dell\u201980% e del 70% (destinati a salire), per il weekend in cui ladestinazione ospiter\u00e0 la Lavaredo UltraTrail e per i giorni in cui si terr\u00e0 il tradizionale Design Weekend di met\u00e0 luglio. I dati rilevano poi come attualmente i 2\/3 degli ospiti previsti provengano dall\u2019estero,segno che non si \u00e8 ancora spenta l\u2019eco della competizione iridata e che la destinazione, reduce dal successo di febbraio e marzo, \u00e8 pronta ad affrontare al meglio anche la sfida estiva.<\/p>\n<p>\u00ab\u00c8 sicuramente un periodo molto positivo per Cortina. &#8211; commenta Sandra Ruatti, Presidente dell\u2019Associazione degli Albergatoridi Cortina &#8211; L\u2019effetto Olimpiadi che ci ha accompagnato negli ultimi anni ha contribuito a dare ulteriore lustro al nome della nostra destinazione, gi\u00e0 nota al grande pubblico e apprezzatissima, richiamando un numero sempre crescente di turisti, soprattutto dall\u2019estero. In questo percorso \u00e8 stato fondamentale il lavoro condiviso portato avanti gli altri operatori del settore, con l\u2019amministrazione comunale e con tutte le realt\u00e0 territoriali, con le quali ci siamo impegnati a dialogare costruttivamente fin da subito al fine di arrivare preparatiall\u2019appuntamento con il 2026 e presentarci ai mercati con una visione sempre pi\u00f9 coordinata e qualificata della destinazione. Risultato che mi sento di poter dire che abbiamo centrato e sul quale stiamo continuando a lavorare. Possiamo infatti tranquillamente affermare che, nonostante le criticit\u00e0 sussistenti sullo scacchiere geopolitico internazionale, la maggior parte dei nostri utenti sono comunque stranieri. Non solo. Stiamo notando come, proprio l\u2019incertezza legata ai numerosi scenari di guerra in corso, stia paradossalmente spingendo in maniera importante anche il turismo interno con i viaggiatori italiani che, in mancanza di certezze, tendono apreferire comunque la sicurezza di una meta di prossimit\u00e0. Se poi questa meta ha dalla sua la garanzia di un nome consolidato e rilanciato di recente grazie ad unevento di portata mondiale, ancora meglio. La sfida ora sar\u00e0 continuare a collaborare stabilmente per trasformare questo momento favorevole in un\u2019opportunit\u00e0 di crescitastabile e duratura, una legacy in grado di mantenere alta la qualit\u00e0 dell\u2019accoglienza,ma soprattutto dell\u2019esperienza proposta agli ospiti.\u00bb.<\/p>\n<p>\u00abUn altro dato significativo &#8211; aggiunge Carla Medri, Vice Presidente Associazione Albergatori di Cortina &#8211; riguarda il fatto che rispetto all\u2019estate 2025, nel 2026 abbiamo registrato un aumento delle strutture ricettive aperte, segnale sicuramente positivoche rafforza la capacit\u00e0 di accoglienza della destinazione e che attiva, gi\u00e0 con 6-12mesi di anticipo, importanti investimenti in attivit\u00e0 di sales &amp; marketing da parte degli operatori. La comunicazione legata alle nuove aperture, che inevitabilmente porta aparlare anche della destinazione nel suo complesso, si affianca al lavoro di promozione svolto da Cortina Marketing e agli investimenti autonomi che le strutture alberghiere gi\u00e0 presenti realizzano ogni anno attraverso fiere, eventi e attivit\u00e0 dedicate alla promozione. Un insieme di azioni coordinate che contribuisce ad aumentare lavisibilit\u00e0 di Cortina, ampliandone l\u2019eco comunicativa e favorendo l\u2019attrazione di nuovi mercati, consolidando il posizionamento della localit\u00e0 a livello nazionale einternazionale\u00bb.<\/p>\n<p>Secondo Joseph Ejarque, Destination Manager Cortina Marketing, \u00abI buoni risultatituristici di Cortina non sono casuali: sono il frutto di una strategia costruita con largo anticipo, gi\u00e0 a partire dal 2024. Abbiamo lavorato con una visione chiara: evitare che Milano-Cortina 2026 fosse un \u201cone shot\u201d, cio\u00e8 un picco momentaneo senza continuit\u00e0, perch\u00e9 eravamo consapevoli che le Olimpiadi non portano automaticamente turismo: il vero successo si misura nel \u201cdopo\u201d, nella capacit\u00e0 di lasciare una legacy duratura. Abbiamo costruito una narrazione contemporanea della destinazione, valorizzando autenticit\u00e0, paesaggio, tradizione ed eccellenza italiana. Sono stati attivati nuovimercati strategici come Stati Uniti, Regno Unito, Australia, Giappone e Medio Oriente. Il risultato \u00e8 che oggi Cortina viene percepita non solo come meta sciistica, ma come\u201cdestinazione lifestyle internazionale all season\u00bb.<\/p>\n<p>Roberta Alver\u00e0, Vice Sindaco di Cortina D\u2019Ampezzo conclude dicendo: \u00abApprendiamo con soddisfazione che le prospettive per la prossima stagione estiva sono molto incoraggianti e rappresentano il risultato concreto del lavoro svolto in questi anni sul fronte dell\u2019accoglienza, della qualit\u00e0 dell\u2019offerta e della promozione del territorio.<br \/>\nL\u2019appuntamento olimpico \u00e8 il frutto di un percorso di preparazione costruito insieme a Cortina Marketing e agli operatori turistici, che hanno fatto sistema e che oggi ci permette di presentarci ai mercati nazionali e internazionali con un\u2019identit\u00e0 ancora pi\u00f9forte e competitiva. Stiamo raccogliendo segnali molto positivi sul piano delle prenotazioni, che consolidano il posizionamento della localit\u00e0 come meta attrattiva, dinamica e capace di offrire esperienze di qualit\u00e0. L\u2019obiettivo resta quello di trasformare le opportunit\u00e0 legate ai grandi eventi in una crescita duratura e sostenibile, valorizzando la nostra identit\u00e0 e le nostre tradizioni, le proposte culturali e sportive e garantendo un\u2019accoglienza sempre pi\u00f9 professionale e moderna. La stagione estiva che ci attende sar\u00e0 quindi non solo un importante banco di prova, ma anche la conferma di un iter di sviluppo turistico fondato su programmazione, collaborazione e visione strategica del territorio\u00bb.<\/p>","protected":false},"excerpt":{"rendered":"<p>Prenotazioni in aumento grazie alla lunga scia olimpica L&#8217;inverno olimpico ha regalato a Cortina momenti indimenticabili e investimentiper il futuro sviluppo economico del territorio, ma anche e soprattutto una visibilit\u00e0internazionale la cui scia inizia a essere piuttosto evidente ora che si avvicina l\u2019estate. La Regina delle Dolomiti si prepara dunque ad accogliere la bella stagione [&hellip;]<\/p>\n","protected":false},"author":2,"featured_media":143516,"comment_status":"closed","ping_status":"open","sticky":false,"template":"","format":"standard","meta":{"footnotes":""},"categories":[36,26],"tags":[],"class_list":["post-170238","post","type-post","status-publish","format-standard","has-post-thumbnail","category-lavoro-economia","category-prima-pagina"],"yoast_head":"<!-- This site is optimized with the Yoast SEO plugin v28.4 - https:\/\/yoast.com\/product\/yoast-seo-wordpress\/ -->\n<title>A Cortina riparte l&#039;estate - Bellunopress - Dolomiti<\/title>\n<meta name=\"robots\" content=\"index, follow, max-snippet:-1, max-image-preview:large, max-video-preview:-1\" \/>\n<link rel=\"canonical\" href=\"https:\/\/www.bellunopress.it\/fr\/2026\/05\/19\/a-cortina-riparte-lestate\/\" \/>\n<meta property=\"og:locale\" content=\"fr_FR\" \/>\n<meta property=\"og:type\" content=\"article\" \/>\n<meta property=\"og:title\" content=\"A Cortina riparte l&#039;estate - Bellunopress - Dolomiti\" \/>\n<meta property=\"og:description\" content=\"Prenotazioni in aumento grazie alla lunga scia olimpica L&#8217;inverno olimpico ha regalato a Cortina momenti indimenticabili e investimentiper il futuro sviluppo economico del territorio, ma anche e soprattutto una visibilit\u00e0internazionale la cui scia inizia a essere piuttosto evidente ora che si avvicina l\u2019estate. La Regina delle Dolomiti si prepara dunque ad accogliere la bella stagione [&hellip;]\" \/>\n<meta property=\"og:url\" content=\"https:\/\/www.bellunopress.it\/fr\/2026\/05\/19\/a-cortina-riparte-lestate\/\" \/>\n<meta property=\"og:site_name\" content=\"Bellunopress - Dolomiti\" \/>\n<meta property=\"article:publisher\" content=\"https:\/\/www.facebook.com\/profile.php?id=100008943462799\" \/>\n<meta property=\"article:published_time\" content=\"2026-05-19T05:50:28+00:00\" \/>\n<meta property=\"og:image\" content=\"https:\/\/www.bellunopress.it\/wp-content\/uploads\/2023\/08\/cortina-centro_edited.jpg\" \/>\n\t<meta property=\"og:image:width\" content=\"1000\" \/>\n\t<meta property=\"og:image:height\" content=\"988\" \/>\n\t<meta property=\"og:image:type\" content=\"image\/jpeg\" \/>\n<meta name=\"author\" content=\"redazione\" \/>\n<meta name=\"twitter:card\" content=\"summary_large_image\" \/>\n<meta name=\"twitter:creator\" content=\"@bellunopress\" \/>\n<meta name=\"twitter:site\" content=\"@bellunopress\" \/>\n<meta name=\"twitter:label1\" content=\"Written by\" \/>\n\t<meta name=\"twitter:data1\" content=\"redazione\" \/>\n\t<meta name=\"twitter:label2\" content=\"Est. reading time\" \/>\n\t<meta name=\"twitter:data2\" content=\"6 minutes\" \/>\n<script type=\"application\/ld+json\" class=\"yoast-schema-graph\">{\"@context\":\"https:\\\/\\\/schema.org\",\"@graph\":[{\"@type\":\"Article\",\"@id\":\"https:\\\/\\\/www.bellunopress.it\\\/2026\\\/05\\\/19\\\/a-cortina-riparte-lestate\\\/#article\",\"isPartOf\":{\"@id\":\"https:\\\/\\\/www.bellunopress.it\\\/2026\\\/05\\\/19\\\/a-cortina-riparte-lestate\\\/\"},\"author\":{\"name\":\"redazione\",\"@id\":\"https:\\\/\\\/www.bellunopress.it\\\/#\\\/schema\\\/person\\\/79bb06722b37ece1c03d3e94beb30d73\"},\"headline\":\"A Cortina riparte l&#8217;estate\",\"datePublished\":\"2026-05-19T05:50:28+00:00\",\"mainEntityOfPage\":{\"@id\":\"https:\\\/\\\/www.bellunopress.it\\\/2026\\\/05\\\/19\\\/a-cortina-riparte-lestate\\\/\"},\"wordCount\":1001,\"publisher\":{\"@id\":\"https:\\\/\\\/www.bellunopress.it\\\/#organization\"},\"image\":{\"@id\":\"https:\\\/\\\/www.bellunopress.it\\\/2026\\\/05\\\/19\\\/a-cortina-riparte-lestate\\\/#primaryimage\"},\"thumbnailUrl\":\"https:\\\/\\\/www.bellunopress.it\\\/wp-content\\\/uploads\\\/2023\\\/08\\\/cortina-centro_edited.jpg\",\"articleSection\":[\"Lavoro, Economia, Turismo\",\"Prima Pagina\"],\"inLanguage\":\"fr-FR\"},{\"@type\":\"WebPage\",\"@id\":\"https:\\\/\\\/www.bellunopress.it\\\/2026\\\/05\\\/19\\\/a-cortina-riparte-lestate\\\/\",\"url\":\"https:\\\/\\\/www.bellunopress.it\\\/2026\\\/05\\\/19\\\/a-cortina-riparte-lestate\\\/\",\"name\":\"A Cortina riparte l'estate - Bellunopress - Dolomiti\",\"isPartOf\":{\"@id\":\"https:\\\/\\\/www.bellunopress.it\\\/#website\"},\"primaryImageOfPage\":{\"@id\":\"https:\\\/\\\/www.bellunopress.it\\\/2026\\\/05\\\/19\\\/a-cortina-riparte-lestate\\\/#primaryimage\"},\"image\":{\"@id\":\"https:\\\/\\\/www.bellunopress.it\\\/2026\\\/05\\\/19\\\/a-cortina-riparte-lestate\\\/#primaryimage\"},\"thumbnailUrl\":\"https:\\\/\\\/www.bellunopress.it\\\/wp-content\\\/uploads\\\/2023\\\/08\\\/cortina-centro_edited.jpg\",\"datePublished\":\"2026-05-19T05:50:28+00:00\",\"breadcrumb\":{\"@id\":\"https:\\\/\\\/www.bellunopress.it\\\/2026\\\/05\\\/19\\\/a-cortina-riparte-lestate\\\/#breadcrumb\"},\"inLanguage\":\"fr-FR\",\"potentialAction\":[{\"@type\":\"ReadAction\",\"target\":[\"https:\\\/\\\/www.bellunopress.it\\\/2026\\\/05\\\/19\\\/a-cortina-riparte-lestate\\\/\"]}]},{\"@type\":\"ImageObject\",\"inLanguage\":\"fr-FR\",\"@id\":\"https:\\\/\\\/www.bellunopress.it\\\/2026\\\/05\\\/19\\\/a-cortina-riparte-lestate\\\/#primaryimage\",\"url\":\"https:\\\/\\\/www.bellunopress.it\\\/wp-content\\\/uploads\\\/2023\\\/08\\\/cortina-centro_edited.jpg\",\"contentUrl\":\"https:\\\/\\\/www.bellunopress.it\\\/wp-content\\\/uploads\\\/2023\\\/08\\\/cortina-centro_edited.jpg\",\"width\":1000,\"height\":988},{\"@type\":\"BreadcrumbList\",\"@id\":\"https:\\\/\\\/www.bellunopress.it\\\/2026\\\/05\\\/19\\\/a-cortina-riparte-lestate\\\/#breadcrumb\",\"itemListElement\":[{\"@type\":\"ListItem\",\"position\":1,\"name\":\"Home\",\"item\":\"https:\\\/\\\/www.bellunopress.it\\\/\"},{\"@type\":\"ListItem\",\"position\":2,\"name\":\"A Cortina riparte l&#8217;estate\"}]},{\"@type\":\"WebSite\",\"@id\":\"https:\\\/\\\/www.bellunopress.it\\\/#website\",\"url\":\"https:\\\/\\\/www.bellunopress.it\\\/\",\"name\":\"Bellunopress - Dolomiti\",\"description\":\"e-mail: redazione@bellunopress.it\",\"publisher\":{\"@id\":\"https:\\\/\\\/www.bellunopress.it\\\/#organization\"},\"potentialAction\":[{\"@type\":\"SearchAction\",\"target\":{\"@type\":\"EntryPoint\",\"urlTemplate\":\"https:\\\/\\\/www.bellunopress.it\\\/?s={search_term_string}\"},\"query-input\":{\"@type\":\"PropertyValueSpecification\",\"valueRequired\":true,\"valueName\":\"search_term_string\"}}],\"inLanguage\":\"fr-FR\"},{\"@type\":\"Organization\",\"@id\":\"https:\\\/\\\/www.bellunopress.it\\\/#organization\",\"name\":\"Bellunopress\",\"url\":\"https:\\\/\\\/www.bellunopress.it\\\/\",\"logo\":{\"@type\":\"ImageObject\",\"inLanguage\":\"fr-FR\",\"@id\":\"https:\\\/\\\/www.bellunopress.it\\\/#\\\/schema\\\/logo\\\/image\\\/\",\"url\":\"https:\\\/\\\/www.bellunopress.it\\\/wp-content\\\/uploads\\\/2011\\\/05\\\/cropped-logo-bellunopress-.jpg\",\"contentUrl\":\"https:\\\/\\\/www.bellunopress.it\\\/wp-content\\\/uploads\\\/2011\\\/05\\\/cropped-logo-bellunopress-.jpg\",\"width\":512,\"height\":512,\"caption\":\"Bellunopress\"},\"image\":{\"@id\":\"https:\\\/\\\/www.bellunopress.it\\\/#\\\/schema\\\/logo\\\/image\\\/\"},\"sameAs\":[\"https:\\\/\\\/www.facebook.com\\\/profile.php?id=100008943462799\",\"https:\\\/\\\/x.com\\\/bellunopress\",\"https:\\\/\\\/www.linkedin.com\\\/hp\\\/?dnr=JBzUWaJfMUw8vbXJJ2tVW5-I3jZKvC4wsoxE&amp;amp;amp;amp;amp;amp;trk=nav_responsive_tab_home\",\"https:\\\/\\\/www.youtube.com\\\/channel\\\/UCxL0wu1uN0_3_7hGG0306cw\"]},{\"@type\":\"Person\",\"@id\":\"https:\\\/\\\/www.bellunopress.it\\\/#\\\/schema\\\/person\\\/79bb06722b37ece1c03d3e94beb30d73\",\"name\":\"redazione\",\"image\":{\"@type\":\"ImageObject\",\"inLanguage\":\"fr-FR\",\"@id\":\"https:\\\/\\\/secure.gravatar.com\\\/avatar\\\/37d968a2e67a6fd04c169c4bdef102d0bc5d31b2546345219e348575eb80e9a0?s=96&d=mm&r=g\",\"url\":\"https:\\\/\\\/secure.gravatar.com\\\/avatar\\\/37d968a2e67a6fd04c169c4bdef102d0bc5d31b2546345219e348575eb80e9a0?s=96&d=mm&r=g\",\"contentUrl\":\"https:\\\/\\\/secure.gravatar.com\\\/avatar\\\/37d968a2e67a6fd04c169c4bdef102d0bc5d31b2546345219e348575eb80e9a0?s=96&d=mm&r=g\",\"caption\":\"redazione\"},\"sameAs\":[\"http:\\\/\\\/www.bellunopress.it\",\"https:\\\/\\\/x.com\\\/bellunopress\"],\"url\":\"https:\\\/\\\/www.bellunopress.it\\\/fr\\\/author\\\/redazione\\\/\"}]}<\/script>\n<!-- \/ Yoast SEO plugin. -->","yoast_head_json":{"title":"A Cortina riparte l'estate - Bellunopress - Dolomiti","robots":{"index":"index","follow":"follow","max-snippet":"max-snippet:-1","max-image-preview":"max-image-preview:large","max-video-preview":"max-video-preview:-1"},"canonical":"https:\/\/www.bellunopress.it\/fr\/2026\/05\/19\/a-cortina-riparte-lestate\/","og_locale":"fr_FR","og_type":"article","og_title":"A Cortina riparte l'estate - Bellunopress - Dolomiti","og_description":"Prenotazioni in aumento grazie alla lunga scia olimpica L&#8217;inverno olimpico ha regalato a Cortina momenti indimenticabili e investimentiper il futuro sviluppo economico del territorio, ma anche e soprattutto una visibilit\u00e0internazionale la cui scia inizia a essere piuttosto evidente ora che si avvicina l\u2019estate. La Regina delle Dolomiti si prepara dunque ad accogliere la bella stagione [&hellip;]","og_url":"https:\/\/www.bellunopress.it\/fr\/2026\/05\/19\/a-cortina-riparte-lestate\/","og_site_name":"Bellunopress - Dolomiti","article_publisher":"https:\/\/www.facebook.com\/profile.php?id=100008943462799","article_published_time":"2026-05-19T05:50:28+00:00","og_image":[{"width":1000,"height":988,"url":"https:\/\/www.bellunopress.it\/wp-content\/uploads\/2023\/08\/cortina-centro_edited.jpg","type":"image\/jpeg"}],"author":"redazione","twitter_card":"summary_large_image","twitter_creator":"@bellunopress","twitter_site":"@bellunopress","twitter_misc":{"Written by":"redazione","Est. reading time":"6 minutes"},"schema":{"@context":"https:\/\/schema.org","@graph":[{"@type":"Article","@id":"https:\/\/www.bellunopress.it\/2026\/05\/19\/a-cortina-riparte-lestate\/#article","isPartOf":{"@id":"https:\/\/www.bellunopress.it\/2026\/05\/19\/a-cortina-riparte-lestate\/"},"author":{"name":"redazione","@id":"https:\/\/www.bellunopress.it\/#\/schema\/person\/79bb06722b37ece1c03d3e94beb30d73"},"headline":"A Cortina riparte l&#8217;estate","datePublished":"2026-05-19T05:50:28+00:00","mainEntityOfPage":{"@id":"https:\/\/www.bellunopress.it\/2026\/05\/19\/a-cortina-riparte-lestate\/"},"wordCount":1001,"publisher":{"@id":"https:\/\/www.bellunopress.it\/#organization"},"image":{"@id":"https:\/\/www.bellunopress.it\/2026\/05\/19\/a-cortina-riparte-lestate\/#primaryimage"},"thumbnailUrl":"https:\/\/www.bellunopress.it\/wp-content\/uploads\/2023\/08\/cortina-centro_edited.jpg","articleSection":["Lavoro, Economia, Turismo","Prima Pagina"],"inLanguage":"fr-FR"},{"@type":"WebPage","@id":"https:\/\/www.bellunopress.it\/2026\/05\/19\/a-cortina-riparte-lestate\/","url":"https:\/\/www.bellunopress.it\/2026\/05\/19\/a-cortina-riparte-lestate\/","name":"A Cortina riparte l'estate - Bellunopress - Dolomiti","isPartOf":{"@id":"https:\/\/www.bellunopress.it\/#website"},"primaryImageOfPage":{"@id":"https:\/\/www.bellunopress.it\/2026\/05\/19\/a-cortina-riparte-lestate\/#primaryimage"},"image":{"@id":"https:\/\/www.bellunopress.it\/2026\/05\/19\/a-cortina-riparte-lestate\/#primaryimage"},"thumbnailUrl":"https:\/\/www.bellunopress.it\/wp-content\/uploads\/2023\/08\/cortina-centro_edited.jpg","datePublished":"2026-05-19T05:50:28+00:00","breadcrumb":{"@id":"https:\/\/www.bellunopress.it\/2026\/05\/19\/a-cortina-riparte-lestate\/#breadcrumb"},"inLanguage":"fr-FR","potentialAction":[{"@type":"ReadAction","target":["https:\/\/www.bellunopress.it\/2026\/05\/19\/a-cortina-riparte-lestate\/"]}]},{"@type":"ImageObject","inLanguage":"fr-FR","@id":"https:\/\/www.bellunopress.it\/2026\/05\/19\/a-cortina-riparte-lestate\/#primaryimage","url":"https:\/\/www.bellunopress.it\/wp-content\/uploads\/2023\/08\/cortina-centro_edited.jpg","contentUrl":"https:\/\/www.bellunopress.it\/wp-content\/uploads\/2023\/08\/cortina-centro_edited.jpg","width":1000,"height":988},{"@type":"BreadcrumbList","@id":"https:\/\/www.bellunopress.it\/2026\/05\/19\/a-cortina-riparte-lestate\/#breadcrumb","itemListElement":[{"@type":"ListItem","position":1,"name":"Home","item":"https:\/\/www.bellunopress.it\/"},{"@type":"ListItem","position":2,"name":"A Cortina riparte l&#8217;estate"}]},{"@type":"WebSite","@id":"https:\/\/www.bellunopress.it\/#website","url":"https:\/\/www.bellunopress.it\/","name":"Bellunopress - Dolomiti","description":"e-mail: redazione@bellunopress.it","publisher":{"@id":"https:\/\/www.bellunopress.it\/#organization"},"potentialAction":[{"@type":"SearchAction","target":{"@type":"EntryPoint","urlTemplate":"https:\/\/www.bellunopress.it\/?s={search_term_string}"},"query-input":{"@type":"PropertyValueSpecification","valueRequired":true,"valueName":"search_term_string"}}],"inLanguage":"fr-FR"},{"@type":"Organization","@id":"https:\/\/www.bellunopress.it\/#organization","name":"Bellunopress","url":"https:\/\/www.bellunopress.it\/","logo":{"@type":"ImageObject","inLanguage":"fr-FR","@id":"https:\/\/www.bellunopress.it\/#\/schema\/logo\/image\/","url":"https:\/\/www.bellunopress.it\/wp-content\/uploads\/2011\/05\/cropped-logo-bellunopress-.jpg","contentUrl":"https:\/\/www.bellunopress.it\/wp-content\/uploads\/2011\/05\/cropped-logo-bellunopress-.jpg","width":512,"height":512,"caption":"Bellunopress"},"image":{"@id":"https:\/\/www.bellunopress.it\/#\/schema\/logo\/image\/"},"sameAs":["https:\/\/www.facebook.com\/profile.php?id=100008943462799","https:\/\/x.com\/bellunopress","https:\/\/www.linkedin.com\/hp\/?dnr=JBzUWaJfMUw8vbXJJ2tVW5-I3jZKvC4wsoxE&amp;amp;amp;amp;amp;amp;trk=nav_responsive_tab_home","https:\/\/www.youtube.com\/channel\/UCxL0wu1uN0_3_7hGG0306cw"]},{"@type":"Person","@id":"https:\/\/www.bellunopress.it\/#\/schema\/person\/79bb06722b37ece1c03d3e94beb30d73","name":"r\u00e9daction","image":{"@type":"ImageObject","inLanguage":"fr-FR","@id":"https:\/\/secure.gravatar.com\/avatar\/37d968a2e67a6fd04c169c4bdef102d0bc5d31b2546345219e348575eb80e9a0?s=96&d=mm&r=g","url":"https:\/\/secure.gravatar.com\/avatar\/37d968a2e67a6fd04c169c4bdef102d0bc5d31b2546345219e348575eb80e9a0?s=96&d=mm&r=g","contentUrl":"https:\/\/secure.gravatar.com\/avatar\/37d968a2e67a6fd04c169c4bdef102d0bc5d31b2546345219e348575eb80e9a0?s=96&d=mm&r=g","caption":"redazione"},"sameAs":["http:\/\/www.bellunopress.it","https:\/\/x.com\/bellunopress"],"url":"https:\/\/www.bellunopress.it\/fr\/author\/redazione\/"}]}},"_links":{"self":[{"href":"https:\/\/www.bellunopress.it\/fr\/wp-json\/wp\/v2\/posts\/170238","targetHints":{"allow":["GET"]}}],"collection":[{"href":"https:\/\/www.bellunopress.it\/fr\/wp-json\/wp\/v2\/posts"}],"about":[{"href":"https:\/\/www.bellunopress.it\/fr\/wp-json\/wp\/v2\/types\/post"}],"author":[{"embeddable":true,"href":"https:\/\/www.bellunopress.it\/fr\/wp-json\/wp\/v2\/users\/2"}],"replies":[{"embeddable":true,"href":"https:\/\/www.bellunopress.it\/fr\/wp-json\/wp\/v2\/comments?post=170238"}],"version-history":[{"count":1,"href":"https:\/\/www.bellunopress.it\/fr\/wp-json\/wp\/v2\/posts\/170238\/revisions"}],"predecessor-version":[{"id":170239,"href":"https:\/\/www.bellunopress.it\/fr\/wp-json\/wp\/v2\/posts\/170238\/revisions\/170239"}],"wp:featuredmedia":[{"embeddable":true,"href":"https:\/\/www.bellunopress.it\/fr\/wp-json\/wp\/v2\/media\/143516"}],"wp:attachment":[{"href":"https:\/\/www.bellunopress.it\/fr\/wp-json\/wp\/v2\/media?parent=170238"}],"wp:term":[{"taxonomy":"category","embeddable":true,"href":"https:\/\/www.bellunopress.it\/fr\/wp-json\/wp\/v2\/categories?post=170238"},{"taxonomy":"post_tag","embeddable":true,"href":"https:\/\/www.bellunopress.it\/fr\/wp-json\/wp\/v2\/tags?post=170238"}],"curies":[{"name":"wp","href":"https:\/\/api.w.org\/{rel}","templated":true}]}}