{"id":170217,"date":"2026-05-18T17:12:55","date_gmt":"2026-05-18T15:12:55","guid":{"rendered":"https:\/\/www.bellunopress.it\/?p=170217"},"modified":"2026-05-20T10:28:47","modified_gmt":"2026-05-20T08:28:47","slug":"il-cordoglio-per-la-morte-di-gianclaudio-bressa-gia-parlamentare-sottosegretario-e-sindaco-di-belluno","status":"publish","type":"post","link":"https:\/\/www.bellunopress.it\/fr\/2026\/05\/18\/il-cordoglio-per-la-morte-di-gianclaudio-bressa-gia-parlamentare-sottosegretario-e-sindaco-di-belluno\/","title":{"rendered":"Il cordoglio per la morte di Gianclaudio Bressa, gi\u00e0 parlamentare, sottosegretario e sindaco di Belluno"},"content":{"rendered":"<p>Belluno, 18 maggio 2026 &#8211; \u201cHa sempre portato avanti le ragioni della montagna e delle terre alte con pragmatismo e autorevolezza. Oggi perdiamo un amministratore e politico di rara preparazione&#8221;.<br \/>\nCon queste parole, Lorraine Berton, presidente di Confindustria Belluno Dolomiti, esprime il proprio cordoglio, quello del Consiglio di Presidenza e dell&#8217;intera Associazione, per la scomparsa di Gianclaudio Bressa, 70 anni, gi\u00e0 sindaco di Belluno, pi\u00f9 volte parlamentare e sottosegretario di Stato.<br \/>\n&#8220;Bressa amava sempre richiamare l&#8217;articolo 44 della Costituzione, quello sulla valorizzazione delle zone montane del Paese. Della montagna \u00e8 stato un profondo conoscitore e difensore. Ci stringiamo attorno a familiari, collaboratori e colleghi di partito&#8221;.<\/p>\n<p>Venezia, 18 maggio 2026\u00a0 &#8211; &#8220;Con la scomparsa di Gianclaudio Bressa viene meno una figura che ha saputo interpretare con intelligenza il ruolo delle autonomie locali e delle comunit\u00e0 di montagna. Nella sua carriera politica ed amministrativa, ha rappresentato un punto di raccordo autentico tra territori accomunati dalle stesse esigenze e dalla stessa identit\u00e0 alpina. In particolare, nel corso della sua lunga esperienza parlamentare e di governo ha lavorato sui temi del regionalismo, delle autonomie speciali e della valorizzazione delle realt\u00e0 montane, contribuendo a rafforzare il dialogo istituzionale tra lo Stato e i territori. Il suo impegno per un modello di autonomia responsabile e vicina alle comunit\u00e0 resta un riferimento importante anche nel dibattito sul regionalismo differenziato e delle specialit\u00e0 territoriali, temi che ci hanno visto dialogare pi\u00f9 volte. Alla famiglia e a tutti coloro che gli sono stati vicini rivolgo il pi\u00f9 sincero cordoglio&#8221;.\u00a0Cos\u00ec l&#8217;assessore regionale alla montagna Dario Bond ricorda Gianclaudio Bressa, scomparso oggi improvvisamente all&#8217;et\u00e0 di 70 anni.<\/p>\n<p>\u201cCon Gianclaudio Bressa Belluno perde un uomo che ha vissuto la politica come servizio e responsabilit\u00e0 verso la comunit\u00e0, dedicando gran parte della propria vita alle istituzioni. Lo dimostrano i numerosi incarichi amministrativi, parlamentari e di governo ricoperti nel corso della sua lunga esperienza pubblica\u201d. Cos\u00ec il sindaco di Belluno, Oscar De Pellegrin, nella nota di cordoglio per la scomparsa improvvisa del noto politico.\u00a0\u201cIl suo legame con la citt\u00e0 e con l\u2019intero territorio bellunese \u00e8 sempre rimasto forte e autentico, a partire dall\u2019esperienza come sindaco di Belluno dal 1990 al 1993. Anche negli anni dell\u2019impegno a Roma ha continuato a mantenere alta l\u2019attenzione verso la nostra provincia, facendosi interprete delle esigenze delle comunit\u00e0 di montagna; tra le sue battaglie, ricordo quella per la tutela delle minoranze linguistiche.\u00a0Alla sua famiglia, ai suoi cari e a quanti hanno condiviso con lui un percorso umano e istituzionale rivolgo, a nome dell\u2019amministrazione comunale e dell\u2019intera citt\u00e0 di Belluno, il pi\u00f9 sincero pensiero di vicinanza\u201d.<\/p>\n<p>&#8220;La citt\u00e0 di Belluno perde una figura che per tanti anni si \u00e8 distinta per l&#8217;impegno amministrativo e politico, come Sindaco, Parlamentare e membro di pi\u00f9 Governi. La seriet\u00e0 personale e intellettuale con cui ha ricoperto i suoi incarichi rimarr\u00e0 nella memoria. Ai famigliari e a chi gli ha voluto bene rivolgo le mie condoglianze&#8221;.\u00a0Cos\u00ec il Presidente della Regione Veneto, Alberto Stefani, esprime il suo cordoglio per la scomparsa dell&#8217;ex Parlamentare e Sindaco di Belluno Gianclaudio Bressa.\u00a0&#8220;Eletto nella circoscrizione Alto Adige \u2013 ricorda Stefani \u2013 Bressa ebbe un ruolo attivo nel dibattito sulle questioni dell&#8217;autonomia. Pur rappresentando gli elettori altoatesini, egli non dimentic\u00f2 comunque quelle che erano le sacrosante aspirazioni dei veneti&#8221;<\/p>\n<p>\u201cNon sono tante le persone in grado di lasciare un segno profondo nel panorama politico locale e nazionale. Gianclaudio Bressa era tra questi\u201c. Cos\u00ec il sindaco di Longarone Roberto Padrin in una nota di cordoglio per la scomparsa del noto politico, gi\u00e0 sottosegretario agli affari regionali. \u201c ricordo la sua scrivania piena di fascicoli e faldoni nel periodo in cui, da presidente della provincia, discutevamo con lui sugli esiti del referendum autonomista bellunese. Ricordo anche il suo impegno per trovare una soluzione nell\u2019anno complicato in cui la provincia non aveva le risorse per onorare la convenzione con Veneto Strade. Se ne va un uomo che da Sindaco di Belluno ha amato la sua citt\u00e0, da sottosegretario ha avuto un occhio di riguardo per il suo territorio. Un politico di altissima caratura, preparato e competente, di quella vecchia scuola che oggi un po\u2019 ci manca\u201d.<\/p>\n<p>\u00abCon la scomparsa di Gianclaudio Bressa perdiamo una figura di grande spessore. Da uomo delle istituzioni, gi\u00e0 sindaco di Belluno, promotore de L&#8217;Ulivo e dirigente del Pd, \u00e8 stato protagonista di un pezzo importante della storia politica del nostro Paese\u00bb.\u00a0Cos\u00ec i consiglieri regionali del Pd esprimono il loro \u00abprofondo cordoglio\u00bb per la scomparsa di Gianclaudio Bressa.\u00a0\u00abIl suo lavoro e il suo contributo sul fronte del regionalismo e delle autonomie locali \u00e8 stato condotto con competenza e costanza. Padre dell&#8217;autonomia differenziata, ha partecipato da protagonista alla riforma del titolo V della Costituzione e alla promozione della prima legge sulle aree di confine\u00bb.\u00a0I consiglieri dem ricordano ancora Bressa come \u00abpersona di grande intelligenza, generosit\u00e0 e solarit\u00e0. Un uomo che ha portato avanti con tenacia e determinazione il proprio lavoro, sempre nell&#8217;interesse dell&#8217;Italia e con particolare attenzione nei confronti dei territori di Belluno e della provincia di Bolzano, in cui ha vissuto ed \u00e8 stato a lungo un punto di riferimento\u00bb.<\/p>\n<p>Con la scomparsa di Gian Claudio Bressa se ne va un politico e amministratore competente, preparato, fortemente convinto della necessit\u00e0 di dare maggiore responsabilit\u00e0 e capacit\u00e0 di decisione ai territori, il Comune di Belluno dove \u00e8 stato Sindaco e poi al Veneto in qualit\u00e0 di Sottosegretario di Stato. La societ\u00e0 regionale perde non solo un uomo delle istituzioni, ma per me un amico fraterno, con cui ho condiviso militanza, studio e passione politica sin dagli inizi degli anni Settanta del secolo scorso nel Movimento Giovanile della Democrazia Cristiana. Nel 1976, insieme ad altri organizzammo un convegno dal titolo: \u201cPerch\u00e9 S\u00cc alla citt\u00e0 metropolitana composta da Padova\u2013Treviso\u2013Venezia\u201d. Un progetto allora accantonato perch\u00e9 \u201cprima bisognava fare le Regioni\u201d. Ebbene, cinquanta anni dopo, non abbiamo n\u00e9 la Patreve n\u00e9 una Regione forte e autonoma. Un paradosso che pesa come un macigno sulla storia politica veneta. In questo scenario vuoto e asfittico, il momento pi\u00f9 alto e concreto fu proprio quello colto dal Sottosegretario Gianclaudio Bressa, quando a fine febbraio 2018 firm\u00f2 \u2014 con il Presidente Luca Zaia \u2014 la pre intesa per l\u2019Autonomia Differenziata. Un accordo serio, completo, tecnicamente solido: il massimo che si potesse ottenere in quel contesto politico-istituzionale. Poi, per\u00f2, tutto si \u00e8 dissolto. Non per ostacoli insormontabili, ma per inerzia politica, per mancanza di volont\u00e0, per la scelta \u2014 consapevole \u2014 di non portare a compimento ci\u00f2 che era stato conquistato. E quando (forse) arriver\u00e0 in porto l\u2019accordo Calderoli\u2013Zaia del novembre scorso, vi invito a fare come nelle vignette della Settimana Enigmistica: trovate le differenze. Perch\u00e9 differenze ce ne sono, e non a vantaggio del Veneto. Nei messaggi di cordoglio e stima rivolti in queste ore a Gianclaudio Bressa, quell\u2019accordo \u2014 non attuato \u2014 non compare tra i meriti riconosciuti. Ma questo silenzio non sorprende: \u00e8 il riflesso della sciatteria politica che da anni accompagna il tema dell\u2019autonomia in Veneto. Una tristezza quotidiana che non rende onore n\u00e9 alla verit\u00e0 dei fatti n\u00e9 alla memoria di chi, come Gianclaudio, ha fatto la propria parte fino in fondo e da Sindaco di Belluno e da Sottosegnarlo di Stato.<br \/>\n19 maggio 2026 Enzo De Biasi<\/p>\n<p>Il Presidente del Lions Club Belluno, Alessandro Toscano, assieme a tutti i soci ricorda con commosso affetto la figura di Gianclaudio Bressa, che nella sua straordinaria carriera politica, ha servito Belluno come consigliere, assessore e sindaco, per divenire poi Onorevole per cinque legislature, quindi Senatore e per quattro volte sottosegretario.<br \/>\nEppure, nella sua vocazione al servizio, ha trovato il tempo per essere anche socio del nostro Lions Club per quasi una decina di anni, tra la fine degli anni Ottanta e il 1996, quando i nuovi impegni romani gli impedirono di continuare a garantire la sua partecipazione.<br \/>\nUn amico generoso e competente, ironico e costruttivo, che ha dato molto al Lionismo, alla sua Citt\u00e0 e al suo Paese.<br \/>\nUn esempio per tutti noi.<\/p>\n<p>&nbsp;<\/p>\n<p>&nbsp;<\/p>\n<p>&nbsp;<\/p>\n<p>&nbsp;<\/p>","protected":false},"excerpt":{"rendered":"<p>Belluno, 18 maggio 2026 &#8211; \u201cHa sempre portato avanti le ragioni della montagna e delle terre alte con pragmatismo e autorevolezza. Oggi perdiamo un amministratore e politico di rara preparazione&#8221;. Con queste parole, Lorraine Berton, presidente di Confindustria Belluno Dolomiti, esprime il proprio cordoglio, quello del Consiglio di Presidenza e dell&#8217;intera Associazione, per la scomparsa [&hellip;]<\/p>\n","protected":false},"author":2,"featured_media":119261,"comment_status":"closed","ping_status":"open","sticky":false,"template":"","format":"standard","meta":{"footnotes":""},"categories":[5,26],"tags":[],"class_list":["post-170217","post","type-post","status-publish","format-standard","has-post-thumbnail","category-cronaca","category-prima-pagina"],"yoast_head":"<!-- This site is optimized with the Yoast SEO plugin v28.4 - https:\/\/yoast.com\/product\/yoast-seo-wordpress\/ -->\n<title>Il cordoglio per la morte di Gianclaudio Bressa, gi\u00e0 parlamentare, sottosegretario e sindaco di Belluno - Bellunopress - Dolomiti<\/title>\n<meta name=\"robots\" content=\"index, follow, max-snippet:-1, max-image-preview:large, max-video-preview:-1\" \/>\n<link rel=\"canonical\" href=\"https:\/\/www.bellunopress.it\/fr\/2026\/05\/18\/il-cordoglio-per-la-morte-di-gianclaudio-bressa-gia-parlamentare-sottosegretario-e-sindaco-di-belluno\/\" \/>\n<meta property=\"og:locale\" content=\"fr_FR\" \/>\n<meta property=\"og:type\" content=\"article\" \/>\n<meta property=\"og:title\" content=\"Il cordoglio per la morte di Gianclaudio Bressa, gi\u00e0 parlamentare, sottosegretario e sindaco di Belluno - Bellunopress - Dolomiti\" \/>\n<meta property=\"og:description\" content=\"Belluno, 18 maggio 2026 &#8211; \u201cHa sempre portato avanti le ragioni della montagna e delle terre alte con pragmatismo e autorevolezza. Oggi perdiamo un amministratore e politico di rara preparazione&#8221;. Con queste parole, Lorraine Berton, presidente di Confindustria Belluno Dolomiti, esprime il proprio cordoglio, quello del Consiglio di Presidenza e dell&#8217;intera Associazione, per la scomparsa [&hellip;]\" \/>\n<meta property=\"og:url\" content=\"https:\/\/www.bellunopress.it\/fr\/2026\/05\/18\/il-cordoglio-per-la-morte-di-gianclaudio-bressa-gia-parlamentare-sottosegretario-e-sindaco-di-belluno\/\" \/>\n<meta property=\"og:site_name\" content=\"Bellunopress - Dolomiti\" \/>\n<meta property=\"article:publisher\" content=\"https:\/\/www.facebook.com\/profile.php?id=100008943462799\" \/>\n<meta property=\"article:published_time\" content=\"2026-05-18T15:12:55+00:00\" \/>\n<meta property=\"article:modified_time\" content=\"2026-05-20T08:28:47+00:00\" \/>\n<meta property=\"og:image\" content=\"https:\/\/www.bellunopress.it\/wp-content\/uploads\/2020\/11\/lutto_edited.jpg\" \/>\n\t<meta property=\"og:image:width\" content=\"800\" \/>\n\t<meta property=\"og:image:height\" content=\"445\" \/>\n\t<meta property=\"og:image:type\" content=\"image\/jpeg\" \/>\n<meta name=\"author\" content=\"redazione\" \/>\n<meta name=\"twitter:card\" content=\"summary_large_image\" \/>\n<meta name=\"twitter:creator\" content=\"@bellunopress\" \/>\n<meta name=\"twitter:site\" content=\"@bellunopress\" \/>\n<meta name=\"twitter:label1\" content=\"Written by\" \/>\n\t<meta name=\"twitter:data1\" content=\"redazione\" \/>\n\t<meta name=\"twitter:label2\" content=\"Est. reading time\" \/>\n\t<meta name=\"twitter:data2\" content=\"8 minutes\" \/>\n<script type=\"application\/ld+json\" class=\"yoast-schema-graph\">{\"@context\":\"https:\\\/\\\/schema.org\",\"@graph\":[{\"@type\":\"Article\",\"@id\":\"https:\\\/\\\/www.bellunopress.it\\\/2026\\\/05\\\/18\\\/il-cordoglio-per-la-morte-di-gianclaudio-bressa-gia-parlamentare-sottosegretario-e-sindaco-di-belluno\\\/#article\",\"isPartOf\":{\"@id\":\"https:\\\/\\\/www.bellunopress.it\\\/2026\\\/05\\\/18\\\/il-cordoglio-per-la-morte-di-gianclaudio-bressa-gia-parlamentare-sottosegretario-e-sindaco-di-belluno\\\/\"},\"author\":{\"name\":\"redazione\",\"@id\":\"https:\\\/\\\/www.bellunopress.it\\\/#\\\/schema\\\/person\\\/79bb06722b37ece1c03d3e94beb30d73\"},\"headline\":\"Il cordoglio per la morte di Gianclaudio Bressa, gi\u00e0 parlamentare, sottosegretario e sindaco di Belluno\",\"datePublished\":\"2026-05-18T15:12:55+00:00\",\"dateModified\":\"2026-05-20T08:28:47+00:00\",\"mainEntityOfPage\":{\"@id\":\"https:\\\/\\\/www.bellunopress.it\\\/2026\\\/05\\\/18\\\/il-cordoglio-per-la-morte-di-gianclaudio-bressa-gia-parlamentare-sottosegretario-e-sindaco-di-belluno\\\/\"},\"wordCount\":1337,\"publisher\":{\"@id\":\"https:\\\/\\\/www.bellunopress.it\\\/#organization\"},\"image\":{\"@id\":\"https:\\\/\\\/www.bellunopress.it\\\/2026\\\/05\\\/18\\\/il-cordoglio-per-la-morte-di-gianclaudio-bressa-gia-parlamentare-sottosegretario-e-sindaco-di-belluno\\\/#primaryimage\"},\"thumbnailUrl\":\"https:\\\/\\\/www.bellunopress.it\\\/wp-content\\\/uploads\\\/2020\\\/11\\\/lutto_edited.jpg\",\"articleSection\":[\"Cronaca\\\/Politica\",\"Prima Pagina\"],\"inLanguage\":\"fr-FR\"},{\"@type\":\"WebPage\",\"@id\":\"https:\\\/\\\/www.bellunopress.it\\\/2026\\\/05\\\/18\\\/il-cordoglio-per-la-morte-di-gianclaudio-bressa-gia-parlamentare-sottosegretario-e-sindaco-di-belluno\\\/\",\"url\":\"https:\\\/\\\/www.bellunopress.it\\\/2026\\\/05\\\/18\\\/il-cordoglio-per-la-morte-di-gianclaudio-bressa-gia-parlamentare-sottosegretario-e-sindaco-di-belluno\\\/\",\"name\":\"Il cordoglio per la morte di Gianclaudio Bressa, gi\u00e0 parlamentare, sottosegretario e sindaco di Belluno - Bellunopress - Dolomiti\",\"isPartOf\":{\"@id\":\"https:\\\/\\\/www.bellunopress.it\\\/#website\"},\"primaryImageOfPage\":{\"@id\":\"https:\\\/\\\/www.bellunopress.it\\\/2026\\\/05\\\/18\\\/il-cordoglio-per-la-morte-di-gianclaudio-bressa-gia-parlamentare-sottosegretario-e-sindaco-di-belluno\\\/#primaryimage\"},\"image\":{\"@id\":\"https:\\\/\\\/www.bellunopress.it\\\/2026\\\/05\\\/18\\\/il-cordoglio-per-la-morte-di-gianclaudio-bressa-gia-parlamentare-sottosegretario-e-sindaco-di-belluno\\\/#primaryimage\"},\"thumbnailUrl\":\"https:\\\/\\\/www.bellunopress.it\\\/wp-content\\\/uploads\\\/2020\\\/11\\\/lutto_edited.jpg\",\"datePublished\":\"2026-05-18T15:12:55+00:00\",\"dateModified\":\"2026-05-20T08:28:47+00:00\",\"breadcrumb\":{\"@id\":\"https:\\\/\\\/www.bellunopress.it\\\/2026\\\/05\\\/18\\\/il-cordoglio-per-la-morte-di-gianclaudio-bressa-gia-parlamentare-sottosegretario-e-sindaco-di-belluno\\\/#breadcrumb\"},\"inLanguage\":\"fr-FR\",\"potentialAction\":[{\"@type\":\"ReadAction\",\"target\":[\"https:\\\/\\\/www.bellunopress.it\\\/2026\\\/05\\\/18\\\/il-cordoglio-per-la-morte-di-gianclaudio-bressa-gia-parlamentare-sottosegretario-e-sindaco-di-belluno\\\/\"]}]},{\"@type\":\"ImageObject\",\"inLanguage\":\"fr-FR\",\"@id\":\"https:\\\/\\\/www.bellunopress.it\\\/2026\\\/05\\\/18\\\/il-cordoglio-per-la-morte-di-gianclaudio-bressa-gia-parlamentare-sottosegretario-e-sindaco-di-belluno\\\/#primaryimage\",\"url\":\"https:\\\/\\\/www.bellunopress.it\\\/wp-content\\\/uploads\\\/2020\\\/11\\\/lutto_edited.jpg\",\"contentUrl\":\"https:\\\/\\\/www.bellunopress.it\\\/wp-content\\\/uploads\\\/2020\\\/11\\\/lutto_edited.jpg\",\"width\":800,\"height\":445},{\"@type\":\"BreadcrumbList\",\"@id\":\"https:\\\/\\\/www.bellunopress.it\\\/2026\\\/05\\\/18\\\/il-cordoglio-per-la-morte-di-gianclaudio-bressa-gia-parlamentare-sottosegretario-e-sindaco-di-belluno\\\/#breadcrumb\",\"itemListElement\":[{\"@type\":\"ListItem\",\"position\":1,\"name\":\"Home\",\"item\":\"https:\\\/\\\/www.bellunopress.it\\\/\"},{\"@type\":\"ListItem\",\"position\":2,\"name\":\"Il cordoglio per la morte di Gianclaudio Bressa, gi\u00e0 parlamentare, sottosegretario e sindaco di Belluno\"}]},{\"@type\":\"WebSite\",\"@id\":\"https:\\\/\\\/www.bellunopress.it\\\/#website\",\"url\":\"https:\\\/\\\/www.bellunopress.it\\\/\",\"name\":\"Bellunopress - Dolomiti\",\"description\":\"e-mail: redazione@bellunopress.it\",\"publisher\":{\"@id\":\"https:\\\/\\\/www.bellunopress.it\\\/#organization\"},\"potentialAction\":[{\"@type\":\"SearchAction\",\"target\":{\"@type\":\"EntryPoint\",\"urlTemplate\":\"https:\\\/\\\/www.bellunopress.it\\\/?s={search_term_string}\"},\"query-input\":{\"@type\":\"PropertyValueSpecification\",\"valueRequired\":true,\"valueName\":\"search_term_string\"}}],\"inLanguage\":\"fr-FR\"},{\"@type\":\"Organization\",\"@id\":\"https:\\\/\\\/www.bellunopress.it\\\/#organization\",\"name\":\"Bellunopress\",\"url\":\"https:\\\/\\\/www.bellunopress.it\\\/\",\"logo\":{\"@type\":\"ImageObject\",\"inLanguage\":\"fr-FR\",\"@id\":\"https:\\\/\\\/www.bellunopress.it\\\/#\\\/schema\\\/logo\\\/image\\\/\",\"url\":\"https:\\\/\\\/www.bellunopress.it\\\/wp-content\\\/uploads\\\/2011\\\/05\\\/cropped-logo-bellunopress-.jpg\",\"contentUrl\":\"https:\\\/\\\/www.bellunopress.it\\\/wp-content\\\/uploads\\\/2011\\\/05\\\/cropped-logo-bellunopress-.jpg\",\"width\":512,\"height\":512,\"caption\":\"Bellunopress\"},\"image\":{\"@id\":\"https:\\\/\\\/www.bellunopress.it\\\/#\\\/schema\\\/logo\\\/image\\\/\"},\"sameAs\":[\"https:\\\/\\\/www.facebook.com\\\/profile.php?id=100008943462799\",\"https:\\\/\\\/x.com\\\/bellunopress\",\"https:\\\/\\\/www.linkedin.com\\\/hp\\\/?dnr=JBzUWaJfMUw8vbXJJ2tVW5-I3jZKvC4wsoxE&amp;amp;amp;amp;amp;amp;trk=nav_responsive_tab_home\",\"https:\\\/\\\/www.youtube.com\\\/channel\\\/UCxL0wu1uN0_3_7hGG0306cw\"]},{\"@type\":\"Person\",\"@id\":\"https:\\\/\\\/www.bellunopress.it\\\/#\\\/schema\\\/person\\\/79bb06722b37ece1c03d3e94beb30d73\",\"name\":\"redazione\",\"image\":{\"@type\":\"ImageObject\",\"inLanguage\":\"fr-FR\",\"@id\":\"https:\\\/\\\/secure.gravatar.com\\\/avatar\\\/37d968a2e67a6fd04c169c4bdef102d0bc5d31b2546345219e348575eb80e9a0?s=96&d=mm&r=g\",\"url\":\"https:\\\/\\\/secure.gravatar.com\\\/avatar\\\/37d968a2e67a6fd04c169c4bdef102d0bc5d31b2546345219e348575eb80e9a0?s=96&d=mm&r=g\",\"contentUrl\":\"https:\\\/\\\/secure.gravatar.com\\\/avatar\\\/37d968a2e67a6fd04c169c4bdef102d0bc5d31b2546345219e348575eb80e9a0?s=96&d=mm&r=g\",\"caption\":\"redazione\"},\"sameAs\":[\"http:\\\/\\\/www.bellunopress.it\",\"https:\\\/\\\/x.com\\\/bellunopress\"],\"url\":\"https:\\\/\\\/www.bellunopress.it\\\/fr\\\/author\\\/redazione\\\/\"}]}<\/script>\n<!-- \/ Yoast SEO plugin. -->","yoast_head_json":{"title":"Il cordoglio per la morte di Gianclaudio Bressa, gi\u00e0 parlamentare, sottosegretario e sindaco di Belluno - Bellunopress - Dolomiti","robots":{"index":"index","follow":"follow","max-snippet":"max-snippet:-1","max-image-preview":"max-image-preview:large","max-video-preview":"max-video-preview:-1"},"canonical":"https:\/\/www.bellunopress.it\/fr\/2026\/05\/18\/il-cordoglio-per-la-morte-di-gianclaudio-bressa-gia-parlamentare-sottosegretario-e-sindaco-di-belluno\/","og_locale":"fr_FR","og_type":"article","og_title":"Il cordoglio per la morte di Gianclaudio Bressa, gi\u00e0 parlamentare, sottosegretario e sindaco di Belluno - Bellunopress - Dolomiti","og_description":"Belluno, 18 maggio 2026 &#8211; \u201cHa sempre portato avanti le ragioni della montagna e delle terre alte con pragmatismo e autorevolezza. Oggi perdiamo un amministratore e politico di rara preparazione&#8221;. Con queste parole, Lorraine Berton, presidente di Confindustria Belluno Dolomiti, esprime il proprio cordoglio, quello del Consiglio di Presidenza e dell&#8217;intera Associazione, per la scomparsa [&hellip;]","og_url":"https:\/\/www.bellunopress.it\/fr\/2026\/05\/18\/il-cordoglio-per-la-morte-di-gianclaudio-bressa-gia-parlamentare-sottosegretario-e-sindaco-di-belluno\/","og_site_name":"Bellunopress - Dolomiti","article_publisher":"https:\/\/www.facebook.com\/profile.php?id=100008943462799","article_published_time":"2026-05-18T15:12:55+00:00","article_modified_time":"2026-05-20T08:28:47+00:00","og_image":[{"width":800,"height":445,"url":"https:\/\/www.bellunopress.it\/wp-content\/uploads\/2020\/11\/lutto_edited.jpg","type":"image\/jpeg"}],"author":"redazione","twitter_card":"summary_large_image","twitter_creator":"@bellunopress","twitter_site":"@bellunopress","twitter_misc":{"Written by":"redazione","Est. reading time":"8 minutes"},"schema":{"@context":"https:\/\/schema.org","@graph":[{"@type":"Article","@id":"https:\/\/www.bellunopress.it\/2026\/05\/18\/il-cordoglio-per-la-morte-di-gianclaudio-bressa-gia-parlamentare-sottosegretario-e-sindaco-di-belluno\/#article","isPartOf":{"@id":"https:\/\/www.bellunopress.it\/2026\/05\/18\/il-cordoglio-per-la-morte-di-gianclaudio-bressa-gia-parlamentare-sottosegretario-e-sindaco-di-belluno\/"},"author":{"name":"redazione","@id":"https:\/\/www.bellunopress.it\/#\/schema\/person\/79bb06722b37ece1c03d3e94beb30d73"},"headline":"Il cordoglio per la morte di Gianclaudio Bressa, gi\u00e0 parlamentare, sottosegretario e sindaco di Belluno","datePublished":"2026-05-18T15:12:55+00:00","dateModified":"2026-05-20T08:28:47+00:00","mainEntityOfPage":{"@id":"https:\/\/www.bellunopress.it\/2026\/05\/18\/il-cordoglio-per-la-morte-di-gianclaudio-bressa-gia-parlamentare-sottosegretario-e-sindaco-di-belluno\/"},"wordCount":1337,"publisher":{"@id":"https:\/\/www.bellunopress.it\/#organization"},"image":{"@id":"https:\/\/www.bellunopress.it\/2026\/05\/18\/il-cordoglio-per-la-morte-di-gianclaudio-bressa-gia-parlamentare-sottosegretario-e-sindaco-di-belluno\/#primaryimage"},"thumbnailUrl":"https:\/\/www.bellunopress.it\/wp-content\/uploads\/2020\/11\/lutto_edited.jpg","articleSection":["Cronaca\/Politica","Prima Pagina"],"inLanguage":"fr-FR"},{"@type":"WebPage","@id":"https:\/\/www.bellunopress.it\/2026\/05\/18\/il-cordoglio-per-la-morte-di-gianclaudio-bressa-gia-parlamentare-sottosegretario-e-sindaco-di-belluno\/","url":"https:\/\/www.bellunopress.it\/2026\/05\/18\/il-cordoglio-per-la-morte-di-gianclaudio-bressa-gia-parlamentare-sottosegretario-e-sindaco-di-belluno\/","name":"Il cordoglio per la morte di Gianclaudio Bressa, gi\u00e0 parlamentare, sottosegretario e sindaco di Belluno - Bellunopress - Dolomiti","isPartOf":{"@id":"https:\/\/www.bellunopress.it\/#website"},"primaryImageOfPage":{"@id":"https:\/\/www.bellunopress.it\/2026\/05\/18\/il-cordoglio-per-la-morte-di-gianclaudio-bressa-gia-parlamentare-sottosegretario-e-sindaco-di-belluno\/#primaryimage"},"image":{"@id":"https:\/\/www.bellunopress.it\/2026\/05\/18\/il-cordoglio-per-la-morte-di-gianclaudio-bressa-gia-parlamentare-sottosegretario-e-sindaco-di-belluno\/#primaryimage"},"thumbnailUrl":"https:\/\/www.bellunopress.it\/wp-content\/uploads\/2020\/11\/lutto_edited.jpg","datePublished":"2026-05-18T15:12:55+00:00","dateModified":"2026-05-20T08:28:47+00:00","breadcrumb":{"@id":"https:\/\/www.bellunopress.it\/2026\/05\/18\/il-cordoglio-per-la-morte-di-gianclaudio-bressa-gia-parlamentare-sottosegretario-e-sindaco-di-belluno\/#breadcrumb"},"inLanguage":"fr-FR","potentialAction":[{"@type":"ReadAction","target":["https:\/\/www.bellunopress.it\/2026\/05\/18\/il-cordoglio-per-la-morte-di-gianclaudio-bressa-gia-parlamentare-sottosegretario-e-sindaco-di-belluno\/"]}]},{"@type":"ImageObject","inLanguage":"fr-FR","@id":"https:\/\/www.bellunopress.it\/2026\/05\/18\/il-cordoglio-per-la-morte-di-gianclaudio-bressa-gia-parlamentare-sottosegretario-e-sindaco-di-belluno\/#primaryimage","url":"https:\/\/www.bellunopress.it\/wp-content\/uploads\/2020\/11\/lutto_edited.jpg","contentUrl":"https:\/\/www.bellunopress.it\/wp-content\/uploads\/2020\/11\/lutto_edited.jpg","width":800,"height":445},{"@type":"BreadcrumbList","@id":"https:\/\/www.bellunopress.it\/2026\/05\/18\/il-cordoglio-per-la-morte-di-gianclaudio-bressa-gia-parlamentare-sottosegretario-e-sindaco-di-belluno\/#breadcrumb","itemListElement":[{"@type":"ListItem","position":1,"name":"Home","item":"https:\/\/www.bellunopress.it\/"},{"@type":"ListItem","position":2,"name":"Il cordoglio per la morte di Gianclaudio Bressa, gi\u00e0 parlamentare, sottosegretario e sindaco di Belluno"}]},{"@type":"WebSite","@id":"https:\/\/www.bellunopress.it\/#website","url":"https:\/\/www.bellunopress.it\/","name":"Bellunopress - Dolomiti","description":"e-mail: redazione@bellunopress.it","publisher":{"@id":"https:\/\/www.bellunopress.it\/#organization"},"potentialAction":[{"@type":"SearchAction","target":{"@type":"EntryPoint","urlTemplate":"https:\/\/www.bellunopress.it\/?s={search_term_string}"},"query-input":{"@type":"PropertyValueSpecification","valueRequired":true,"valueName":"search_term_string"}}],"inLanguage":"fr-FR"},{"@type":"Organization","@id":"https:\/\/www.bellunopress.it\/#organization","name":"Bellunopress","url":"https:\/\/www.bellunopress.it\/","logo":{"@type":"ImageObject","inLanguage":"fr-FR","@id":"https:\/\/www.bellunopress.it\/#\/schema\/logo\/image\/","url":"https:\/\/www.bellunopress.it\/wp-content\/uploads\/2011\/05\/cropped-logo-bellunopress-.jpg","contentUrl":"https:\/\/www.bellunopress.it\/wp-content\/uploads\/2011\/05\/cropped-logo-bellunopress-.jpg","width":512,"height":512,"caption":"Bellunopress"},"image":{"@id":"https:\/\/www.bellunopress.it\/#\/schema\/logo\/image\/"},"sameAs":["https:\/\/www.facebook.com\/profile.php?id=100008943462799","https:\/\/x.com\/bellunopress","https:\/\/www.linkedin.com\/hp\/?dnr=JBzUWaJfMUw8vbXJJ2tVW5-I3jZKvC4wsoxE&amp;amp;amp;amp;amp;amp;trk=nav_responsive_tab_home","https:\/\/www.youtube.com\/channel\/UCxL0wu1uN0_3_7hGG0306cw"]},{"@type":"Person","@id":"https:\/\/www.bellunopress.it\/#\/schema\/person\/79bb06722b37ece1c03d3e94beb30d73","name":"r\u00e9daction","image":{"@type":"ImageObject","inLanguage":"fr-FR","@id":"https:\/\/secure.gravatar.com\/avatar\/37d968a2e67a6fd04c169c4bdef102d0bc5d31b2546345219e348575eb80e9a0?s=96&d=mm&r=g","url":"https:\/\/secure.gravatar.com\/avatar\/37d968a2e67a6fd04c169c4bdef102d0bc5d31b2546345219e348575eb80e9a0?s=96&d=mm&r=g","contentUrl":"https:\/\/secure.gravatar.com\/avatar\/37d968a2e67a6fd04c169c4bdef102d0bc5d31b2546345219e348575eb80e9a0?s=96&d=mm&r=g","caption":"redazione"},"sameAs":["http:\/\/www.bellunopress.it","https:\/\/x.com\/bellunopress"],"url":"https:\/\/www.bellunopress.it\/fr\/author\/redazione\/"}]}},"_links":{"self":[{"href":"https:\/\/www.bellunopress.it\/fr\/wp-json\/wp\/v2\/posts\/170217","targetHints":{"allow":["GET"]}}],"collection":[{"href":"https:\/\/www.bellunopress.it\/fr\/wp-json\/wp\/v2\/posts"}],"about":[{"href":"https:\/\/www.bellunopress.it\/fr\/wp-json\/wp\/v2\/types\/post"}],"author":[{"embeddable":true,"href":"https:\/\/www.bellunopress.it\/fr\/wp-json\/wp\/v2\/users\/2"}],"replies":[{"embeddable":true,"href":"https:\/\/www.bellunopress.it\/fr\/wp-json\/wp\/v2\/comments?post=170217"}],"version-history":[{"count":9,"href":"https:\/\/www.bellunopress.it\/fr\/wp-json\/wp\/v2\/posts\/170217\/revisions"}],"predecessor-version":[{"id":170282,"href":"https:\/\/www.bellunopress.it\/fr\/wp-json\/wp\/v2\/posts\/170217\/revisions\/170282"}],"wp:featuredmedia":[{"embeddable":true,"href":"https:\/\/www.bellunopress.it\/fr\/wp-json\/wp\/v2\/media\/119261"}],"wp:attachment":[{"href":"https:\/\/www.bellunopress.it\/fr\/wp-json\/wp\/v2\/media?parent=170217"}],"wp:term":[{"taxonomy":"category","embeddable":true,"href":"https:\/\/www.bellunopress.it\/fr\/wp-json\/wp\/v2\/categories?post=170217"},{"taxonomy":"post_tag","embeddable":true,"href":"https:\/\/www.bellunopress.it\/fr\/wp-json\/wp\/v2\/tags?post=170217"}],"curies":[{"name":"wp","href":"https:\/\/api.w.org\/{rel}","templated":true}]}}