{"id":170204,"date":"2026-05-18T06:40:56","date_gmt":"2026-05-18T04:40:56","guid":{"rendered":"https:\/\/www.bellunopress.it\/?p=170204"},"modified":"2026-05-18T07:15:41","modified_gmt":"2026-05-18T05:15:41","slug":"approvato-il-bilancio-sociale-del-csv-belluno-treviso","status":"publish","type":"post","link":"https:\/\/www.bellunopress.it\/fr\/2026\/05\/18\/approvato-il-bilancio-sociale-del-csv-belluno-treviso\/","title":{"rendered":"Approvato il bilancio sociale del Csv Belluno Treviso"},"content":{"rendered":"<p><strong>Oltre 2800 studenti coinvolti nelle scuole, pi\u00f9 di 660 consulenze agli enti e oltre 121mila euro raccolti per il Terzo settore<\/strong><br \/>\n<strong>Approvato il bilancio sociale la scorsa settimana nel corso dell&#8217;assemblea tenutasi a Vittorio Veneto<\/strong><\/p>\n<p>Oltre 3.500 giovani coinvolti nel volontariato, centinaia di associazioni supportate, migliaia di ore dedicate alla formazione, alla consulenza e alla promozione della cittadinanza attiva. Sono alcuni dei numeri che raccontano il 2025 del Csv Belluno Treviso, il cui bilancio sociale \u00e8 stato approvato dall\u2019assemblea dei soci riunita a Vittorio Veneto.<\/p>\n<p>\u201cConnettiamo energie. Pi\u00f9 competenze, pi\u00f9 rete, pi\u00f9 futuro per il volontariato\u201d \u00e8 il titolo della sintesi del bilancio sociale dello scorso anno presentata per l\u2019occasione: una panoramica delle principali attivit\u00e0 dell\u2019anno tra promozione del volontariato, formazione, consulenza, comunicazione, ricerca e servizi agli enti. Dietro i numeri emerge per\u00f2 soprattutto una rete fatta di relazioni, competenze e lavoro quotidiano a supporto dello sviluppo del Terzo Settore.<\/p>\n<p>\u00abIl bilancio sociale approvato non racconta soltanto dei numeri, ma la crescita di una comunit\u00e0 solidale che continua a mettersi in rete per rispondere ai bisogni del territorio\u00bb, spiega il presidente del Csv Belluno Treviso Giancarlo Cavallin. \u00abNel 2025 abbiamo rafforzato il sostegno agli enti del Terzo Settore, investito sui giovani, sulla formazione e sull\u2019innovazione, accompagnando centinaia di associazioni nel loro lavoro quotidiano. Il dato pi\u00f9 importante \u00e8 vedere sempre pi\u00f9 persone, studenti, volontari e organizzazioni scegliere di agire in sinergia, con il nostro supporto, massimizzando i risultati verso obiettivi comuni\u00bb.<\/p>\n<p>Sul fronte della promozione del volontariato, il Csv ha coinvolto l\u2019anno scorso oltre 2.800 studenti nelle scuole e pi\u00f9 di 3.700 in iniziative dedicate all\u2019incontro degli stessi alunni con il volontariato. Sono state coinvolte 119 classi in 31 istituti scolastici e 83 enti del Terzo Settore nelle attivit\u00e0 rivolte ai giovani. Nel corso dell\u2019anno sono stati inoltre avviati percorsi inclusivi dedicati alla legalit\u00e0, alla cittadinanza attiva e alle esperienze con il carcere minorile, portando il volontariato sempre pi\u00f9 vicino alla quotidianit\u00e0 delle nuove generazioni.<\/p>\n<p>Importante anche il lavoro dedicato alla formazione, con 166 ore erogate, 1.953 presenze registrate e 475 volontari coinvolti attraverso il progetto di Universit\u00e0 del Volontariato in collaborazione con Universit\u00e0 Ca\u2019 Foscari Venezia. Accanto a questo, sono stati organizzati corsi tematici su gestione associativa, sicurezza e digitalizzazione, coinvolgendo 187 volontari e 110 associazioni.<\/p>\n<p>Nel settore della consulenza, il Csv ha registrato oltre 660 consulenze su temi legati a Runts, bilanci, statuti e gestione degli enti. A queste si aggiungono 102 consulenze nell\u2019ambito della progettazione sociale, che hanno coinvolto 255 enti del Terzo Settore e oltre 300 volontari. Particolarmente significativo anche il supporto alla raccolta fondi: otto enti sono stati accompagnati in campagne dedicate che hanno permesso di raccogliere complessivamente, grazie alla formula della coprogettazione, oltre 121 mila euro.<\/p>\n<p>Cresce inoltre l\u2019attenzione alla comunicazione, con una presenza rafforzata su social network, newsletter e stampa locale. Nel 2025 il Csv ha raggiunto circa 7.900 utenti sui social, 1.600 in newsletter e pubblicato 240 contenuti sul sito, supportando direttamente gli enti anche attraverso 80 consulenze dedicate.<\/p>\n<p>Focus poi su ricerca e documentazione: oltre 2.000 schede aggiornate nella banca dati, pi\u00f9 di 50 prestiti librari e una ricerca inedita dedicata al rapporto tra giovani e volontariato, presentata durante la Giornata Internazionale del Volontariato.<br \/>\nAnche i servizi logistici confermano il ruolo operativo del Centro sul territorio: oltre 130 associazioni hanno usufruito delle dotazioni messe a disposizione, con 70 prestiti di gazebo, 180 prenotazioni sale e numerose richieste di attrezzature e materiali informativi.<\/p>\n<p>Tra le attivit\u00e0 pi\u00f9 innovative, spicca il lavoro sul volontariato d\u2019impresa, con progetti che hanno coinvolto 120 dipendenti aziendali, 160 volontari e 21 enti del Terzo Settore. Di particolare rilievo il progetto in sinergia con Epta, dove i dipendenti della realt\u00e0 aziendale hanno avuto l\u2019opportunit\u00e0 di cimentarsi in attivit\u00e0 di volontariato grazie alla guida del Csv.<br \/>\nIl bilancio sociale in pillole e la versione integrale dello stesso sono ora disponibili su www.csvbltv.it.<\/p>\n<p>&nbsp;<\/p>\n<p>&nbsp;<\/p>","protected":false},"excerpt":{"rendered":"<p>Oltre 2800 studenti coinvolti nelle scuole, pi\u00f9 di 660 consulenze agli enti e oltre 121mila euro raccolti per il Terzo settore Approvato il bilancio sociale la scorsa settimana nel corso dell&#8217;assemblea tenutasi a Vittorio Veneto Oltre 3.500 giovani coinvolti nel volontariato, centinaia di associazioni supportate, migliaia di ore dedicate alla formazione, alla consulenza e alla [&hellip;]<\/p>\n","protected":false},"author":2,"featured_media":161861,"comment_status":"closed","ping_status":"open","sticky":false,"template":"","format":"standard","meta":{"footnotes":""},"categories":[8],"tags":[],"class_list":["post-170204","post","type-post","status-publish","format-standard","has-post-thumbnail","category-societa-istituzioni"],"yoast_head":"<!-- This site is optimized with the Yoast SEO plugin v28.4 - https:\/\/yoast.com\/product\/yoast-seo-wordpress\/ -->\n<title>Approvato il bilancio sociale del Csv Belluno Treviso - Bellunopress - Dolomiti<\/title>\n<meta name=\"robots\" content=\"index, follow, max-snippet:-1, max-image-preview:large, max-video-preview:-1\" \/>\n<link rel=\"canonical\" href=\"https:\/\/www.bellunopress.it\/fr\/2026\/05\/18\/approvato-il-bilancio-sociale-del-csv-belluno-treviso\/\" \/>\n<meta property=\"og:locale\" content=\"fr_FR\" \/>\n<meta property=\"og:type\" content=\"article\" \/>\n<meta property=\"og:title\" content=\"Approvato il bilancio sociale del Csv Belluno Treviso - Bellunopress - Dolomiti\" \/>\n<meta property=\"og:description\" content=\"Oltre 2800 studenti coinvolti nelle scuole, pi\u00f9 di 660 consulenze agli enti e oltre 121mila euro raccolti per il Terzo settore Approvato il bilancio sociale la scorsa settimana nel corso dell&#8217;assemblea tenutasi a Vittorio Veneto Oltre 3.500 giovani coinvolti nel volontariato, centinaia di associazioni supportate, migliaia di ore dedicate alla formazione, alla consulenza e alla [&hellip;]\" \/>\n<meta property=\"og:url\" content=\"https:\/\/www.bellunopress.it\/fr\/2026\/05\/18\/approvato-il-bilancio-sociale-del-csv-belluno-treviso\/\" \/>\n<meta property=\"og:site_name\" content=\"Bellunopress - Dolomiti\" \/>\n<meta property=\"article:publisher\" content=\"https:\/\/www.facebook.com\/profile.php?id=100008943462799\" \/>\n<meta property=\"article:published_time\" content=\"2026-05-18T04:40:56+00:00\" \/>\n<meta property=\"article:modified_time\" content=\"2026-05-18T05:15:41+00:00\" \/>\n<meta property=\"og:image\" content=\"https:\/\/www.bellunopress.it\/wp-content\/uploads\/2025\/07\/Giancarlo-Cavallin-presidente-Csv-Belluno-Treviso-.jpg\" \/>\n\t<meta property=\"og:image:width\" content=\"800\" \/>\n\t<meta property=\"og:image:height\" content=\"533\" \/>\n\t<meta property=\"og:image:type\" content=\"image\/jpeg\" \/>\n<meta name=\"author\" content=\"redazione\" \/>\n<meta name=\"twitter:card\" content=\"summary_large_image\" \/>\n<meta name=\"twitter:creator\" content=\"@bellunopress\" \/>\n<meta name=\"twitter:site\" content=\"@bellunopress\" \/>\n<meta name=\"twitter:label1\" content=\"\u00c9crit par\" \/>\n\t<meta name=\"twitter:data1\" content=\"redazione\" \/>\n\t<meta name=\"twitter:label2\" content=\"Dur\u00e9e de lecture estim\u00e9e\" \/>\n\t<meta name=\"twitter:data2\" content=\"4 minutes\" \/>\n<script type=\"application\/ld+json\" class=\"yoast-schema-graph\">{\"@context\":\"https:\\\/\\\/schema.org\",\"@graph\":[{\"@type\":\"Article\",\"@id\":\"https:\\\/\\\/www.bellunopress.it\\\/2026\\\/05\\\/18\\\/approvato-il-bilancio-sociale-del-csv-belluno-treviso\\\/#article\",\"isPartOf\":{\"@id\":\"https:\\\/\\\/www.bellunopress.it\\\/2026\\\/05\\\/18\\\/approvato-il-bilancio-sociale-del-csv-belluno-treviso\\\/\"},\"author\":{\"name\":\"redazione\",\"@id\":\"https:\\\/\\\/www.bellunopress.it\\\/#\\\/schema\\\/person\\\/79bb06722b37ece1c03d3e94beb30d73\"},\"headline\":\"Approvato il bilancio sociale del Csv Belluno Treviso\",\"datePublished\":\"2026-05-18T04:40:56+00:00\",\"dateModified\":\"2026-05-18T05:15:41+00:00\",\"mainEntityOfPage\":{\"@id\":\"https:\\\/\\\/www.bellunopress.it\\\/2026\\\/05\\\/18\\\/approvato-il-bilancio-sociale-del-csv-belluno-treviso\\\/\"},\"wordCount\":631,\"publisher\":{\"@id\":\"https:\\\/\\\/www.bellunopress.it\\\/#organization\"},\"image\":{\"@id\":\"https:\\\/\\\/www.bellunopress.it\\\/2026\\\/05\\\/18\\\/approvato-il-bilancio-sociale-del-csv-belluno-treviso\\\/#primaryimage\"},\"thumbnailUrl\":\"https:\\\/\\\/www.bellunopress.it\\\/wp-content\\\/uploads\\\/2025\\\/07\\\/Giancarlo-Cavallin-presidente-Csv-Belluno-Treviso-.jpg\",\"articleSection\":[\"Societ\u00e0, Associazioni, Istituzioni\"],\"inLanguage\":\"fr-FR\"},{\"@type\":\"WebPage\",\"@id\":\"https:\\\/\\\/www.bellunopress.it\\\/2026\\\/05\\\/18\\\/approvato-il-bilancio-sociale-del-csv-belluno-treviso\\\/\",\"url\":\"https:\\\/\\\/www.bellunopress.it\\\/2026\\\/05\\\/18\\\/approvato-il-bilancio-sociale-del-csv-belluno-treviso\\\/\",\"name\":\"Approvato il bilancio sociale del Csv Belluno Treviso - Bellunopress - Dolomiti\",\"isPartOf\":{\"@id\":\"https:\\\/\\\/www.bellunopress.it\\\/#website\"},\"primaryImageOfPage\":{\"@id\":\"https:\\\/\\\/www.bellunopress.it\\\/2026\\\/05\\\/18\\\/approvato-il-bilancio-sociale-del-csv-belluno-treviso\\\/#primaryimage\"},\"image\":{\"@id\":\"https:\\\/\\\/www.bellunopress.it\\\/2026\\\/05\\\/18\\\/approvato-il-bilancio-sociale-del-csv-belluno-treviso\\\/#primaryimage\"},\"thumbnailUrl\":\"https:\\\/\\\/www.bellunopress.it\\\/wp-content\\\/uploads\\\/2025\\\/07\\\/Giancarlo-Cavallin-presidente-Csv-Belluno-Treviso-.jpg\",\"datePublished\":\"2026-05-18T04:40:56+00:00\",\"dateModified\":\"2026-05-18T05:15:41+00:00\",\"breadcrumb\":{\"@id\":\"https:\\\/\\\/www.bellunopress.it\\\/2026\\\/05\\\/18\\\/approvato-il-bilancio-sociale-del-csv-belluno-treviso\\\/#breadcrumb\"},\"inLanguage\":\"fr-FR\",\"potentialAction\":[{\"@type\":\"ReadAction\",\"target\":[\"https:\\\/\\\/www.bellunopress.it\\\/2026\\\/05\\\/18\\\/approvato-il-bilancio-sociale-del-csv-belluno-treviso\\\/\"]}]},{\"@type\":\"ImageObject\",\"inLanguage\":\"fr-FR\",\"@id\":\"https:\\\/\\\/www.bellunopress.it\\\/2026\\\/05\\\/18\\\/approvato-il-bilancio-sociale-del-csv-belluno-treviso\\\/#primaryimage\",\"url\":\"https:\\\/\\\/www.bellunopress.it\\\/wp-content\\\/uploads\\\/2025\\\/07\\\/Giancarlo-Cavallin-presidente-Csv-Belluno-Treviso-.jpg\",\"contentUrl\":\"https:\\\/\\\/www.bellunopress.it\\\/wp-content\\\/uploads\\\/2025\\\/07\\\/Giancarlo-Cavallin-presidente-Csv-Belluno-Treviso-.jpg\",\"width\":800,\"height\":533,\"caption\":\"Giancarlo Cavallin, presidente Csv Belluno Treviso\"},{\"@type\":\"BreadcrumbList\",\"@id\":\"https:\\\/\\\/www.bellunopress.it\\\/2026\\\/05\\\/18\\\/approvato-il-bilancio-sociale-del-csv-belluno-treviso\\\/#breadcrumb\",\"itemListElement\":[{\"@type\":\"ListItem\",\"position\":1,\"name\":\"Home\",\"item\":\"https:\\\/\\\/www.bellunopress.it\\\/\"},{\"@type\":\"ListItem\",\"position\":2,\"name\":\"Approvato il bilancio sociale del Csv Belluno Treviso\"}]},{\"@type\":\"WebSite\",\"@id\":\"https:\\\/\\\/www.bellunopress.it\\\/#website\",\"url\":\"https:\\\/\\\/www.bellunopress.it\\\/\",\"name\":\"Bellunopress - Dolomiti\",\"description\":\"e-mail: redazione@bellunopress.it\",\"publisher\":{\"@id\":\"https:\\\/\\\/www.bellunopress.it\\\/#organization\"},\"potentialAction\":[{\"@type\":\"SearchAction\",\"target\":{\"@type\":\"EntryPoint\",\"urlTemplate\":\"https:\\\/\\\/www.bellunopress.it\\\/?s={search_term_string}\"},\"query-input\":{\"@type\":\"PropertyValueSpecification\",\"valueRequired\":true,\"valueName\":\"search_term_string\"}}],\"inLanguage\":\"fr-FR\"},{\"@type\":\"Organization\",\"@id\":\"https:\\\/\\\/www.bellunopress.it\\\/#organization\",\"name\":\"Bellunopress\",\"url\":\"https:\\\/\\\/www.bellunopress.it\\\/\",\"logo\":{\"@type\":\"ImageObject\",\"inLanguage\":\"fr-FR\",\"@id\":\"https:\\\/\\\/www.bellunopress.it\\\/#\\\/schema\\\/logo\\\/image\\\/\",\"url\":\"https:\\\/\\\/www.bellunopress.it\\\/wp-content\\\/uploads\\\/2011\\\/05\\\/cropped-logo-bellunopress-.jpg\",\"contentUrl\":\"https:\\\/\\\/www.bellunopress.it\\\/wp-content\\\/uploads\\\/2011\\\/05\\\/cropped-logo-bellunopress-.jpg\",\"width\":512,\"height\":512,\"caption\":\"Bellunopress\"},\"image\":{\"@id\":\"https:\\\/\\\/www.bellunopress.it\\\/#\\\/schema\\\/logo\\\/image\\\/\"},\"sameAs\":[\"https:\\\/\\\/www.facebook.com\\\/profile.php?id=100008943462799\",\"https:\\\/\\\/x.com\\\/bellunopress\",\"https:\\\/\\\/www.linkedin.com\\\/hp\\\/?dnr=JBzUWaJfMUw8vbXJJ2tVW5-I3jZKvC4wsoxE&amp;amp;amp;amp;amp;amp;trk=nav_responsive_tab_home\",\"https:\\\/\\\/www.youtube.com\\\/channel\\\/UCxL0wu1uN0_3_7hGG0306cw\"]},{\"@type\":\"Person\",\"@id\":\"https:\\\/\\\/www.bellunopress.it\\\/#\\\/schema\\\/person\\\/79bb06722b37ece1c03d3e94beb30d73\",\"name\":\"redazione\",\"image\":{\"@type\":\"ImageObject\",\"inLanguage\":\"fr-FR\",\"@id\":\"https:\\\/\\\/secure.gravatar.com\\\/avatar\\\/37d968a2e67a6fd04c169c4bdef102d0bc5d31b2546345219e348575eb80e9a0?s=96&d=mm&r=g\",\"url\":\"https:\\\/\\\/secure.gravatar.com\\\/avatar\\\/37d968a2e67a6fd04c169c4bdef102d0bc5d31b2546345219e348575eb80e9a0?s=96&d=mm&r=g\",\"contentUrl\":\"https:\\\/\\\/secure.gravatar.com\\\/avatar\\\/37d968a2e67a6fd04c169c4bdef102d0bc5d31b2546345219e348575eb80e9a0?s=96&d=mm&r=g\",\"caption\":\"redazione\"},\"sameAs\":[\"http:\\\/\\\/www.bellunopress.it\",\"https:\\\/\\\/x.com\\\/bellunopress\"],\"url\":\"https:\\\/\\\/www.bellunopress.it\\\/fr\\\/author\\\/redazione\\\/\"}]}<\/script>\n<!-- \/ Yoast SEO plugin. -->","yoast_head_json":{"title":"Approvato il bilancio sociale del Csv Belluno Treviso - Bellunopress - Dolomiti","robots":{"index":"index","follow":"follow","max-snippet":"max-snippet:-1","max-image-preview":"max-image-preview:large","max-video-preview":"max-video-preview:-1"},"canonical":"https:\/\/www.bellunopress.it\/fr\/2026\/05\/18\/approvato-il-bilancio-sociale-del-csv-belluno-treviso\/","og_locale":"fr_FR","og_type":"article","og_title":"Approvato il bilancio sociale del Csv Belluno Treviso - Bellunopress - Dolomiti","og_description":"Oltre 2800 studenti coinvolti nelle scuole, pi\u00f9 di 660 consulenze agli enti e oltre 121mila euro raccolti per il Terzo settore Approvato il bilancio sociale la scorsa settimana nel corso dell&#8217;assemblea tenutasi a Vittorio Veneto Oltre 3.500 giovani coinvolti nel volontariato, centinaia di associazioni supportate, migliaia di ore dedicate alla formazione, alla consulenza e alla [&hellip;]","og_url":"https:\/\/www.bellunopress.it\/fr\/2026\/05\/18\/approvato-il-bilancio-sociale-del-csv-belluno-treviso\/","og_site_name":"Bellunopress - Dolomiti","article_publisher":"https:\/\/www.facebook.com\/profile.php?id=100008943462799","article_published_time":"2026-05-18T04:40:56+00:00","article_modified_time":"2026-05-18T05:15:41+00:00","og_image":[{"width":800,"height":533,"url":"https:\/\/www.bellunopress.it\/wp-content\/uploads\/2025\/07\/Giancarlo-Cavallin-presidente-Csv-Belluno-Treviso-.jpg","type":"image\/jpeg"}],"author":"redazione","twitter_card":"summary_large_image","twitter_creator":"@bellunopress","twitter_site":"@bellunopress","twitter_misc":{"\u00c9crit par":"redazione","Dur\u00e9e de lecture estim\u00e9e":"4 minutes"},"schema":{"@context":"https:\/\/schema.org","@graph":[{"@type":"Article","@id":"https:\/\/www.bellunopress.it\/2026\/05\/18\/approvato-il-bilancio-sociale-del-csv-belluno-treviso\/#article","isPartOf":{"@id":"https:\/\/www.bellunopress.it\/2026\/05\/18\/approvato-il-bilancio-sociale-del-csv-belluno-treviso\/"},"author":{"name":"redazione","@id":"https:\/\/www.bellunopress.it\/#\/schema\/person\/79bb06722b37ece1c03d3e94beb30d73"},"headline":"Approvato il bilancio sociale del Csv Belluno Treviso","datePublished":"2026-05-18T04:40:56+00:00","dateModified":"2026-05-18T05:15:41+00:00","mainEntityOfPage":{"@id":"https:\/\/www.bellunopress.it\/2026\/05\/18\/approvato-il-bilancio-sociale-del-csv-belluno-treviso\/"},"wordCount":631,"publisher":{"@id":"https:\/\/www.bellunopress.it\/#organization"},"image":{"@id":"https:\/\/www.bellunopress.it\/2026\/05\/18\/approvato-il-bilancio-sociale-del-csv-belluno-treviso\/#primaryimage"},"thumbnailUrl":"https:\/\/www.bellunopress.it\/wp-content\/uploads\/2025\/07\/Giancarlo-Cavallin-presidente-Csv-Belluno-Treviso-.jpg","articleSection":["Societ\u00e0, Associazioni, Istituzioni"],"inLanguage":"fr-FR"},{"@type":"WebPage","@id":"https:\/\/www.bellunopress.it\/2026\/05\/18\/approvato-il-bilancio-sociale-del-csv-belluno-treviso\/","url":"https:\/\/www.bellunopress.it\/2026\/05\/18\/approvato-il-bilancio-sociale-del-csv-belluno-treviso\/","name":"Approvato il bilancio sociale del Csv Belluno Treviso - Bellunopress - Dolomiti","isPartOf":{"@id":"https:\/\/www.bellunopress.it\/#website"},"primaryImageOfPage":{"@id":"https:\/\/www.bellunopress.it\/2026\/05\/18\/approvato-il-bilancio-sociale-del-csv-belluno-treviso\/#primaryimage"},"image":{"@id":"https:\/\/www.bellunopress.it\/2026\/05\/18\/approvato-il-bilancio-sociale-del-csv-belluno-treviso\/#primaryimage"},"thumbnailUrl":"https:\/\/www.bellunopress.it\/wp-content\/uploads\/2025\/07\/Giancarlo-Cavallin-presidente-Csv-Belluno-Treviso-.jpg","datePublished":"2026-05-18T04:40:56+00:00","dateModified":"2026-05-18T05:15:41+00:00","breadcrumb":{"@id":"https:\/\/www.bellunopress.it\/2026\/05\/18\/approvato-il-bilancio-sociale-del-csv-belluno-treviso\/#breadcrumb"},"inLanguage":"fr-FR","potentialAction":[{"@type":"ReadAction","target":["https:\/\/www.bellunopress.it\/2026\/05\/18\/approvato-il-bilancio-sociale-del-csv-belluno-treviso\/"]}]},{"@type":"ImageObject","inLanguage":"fr-FR","@id":"https:\/\/www.bellunopress.it\/2026\/05\/18\/approvato-il-bilancio-sociale-del-csv-belluno-treviso\/#primaryimage","url":"https:\/\/www.bellunopress.it\/wp-content\/uploads\/2025\/07\/Giancarlo-Cavallin-presidente-Csv-Belluno-Treviso-.jpg","contentUrl":"https:\/\/www.bellunopress.it\/wp-content\/uploads\/2025\/07\/Giancarlo-Cavallin-presidente-Csv-Belluno-Treviso-.jpg","width":800,"height":533,"caption":"Giancarlo Cavallin, presidente Csv Belluno Treviso"},{"@type":"BreadcrumbList","@id":"https:\/\/www.bellunopress.it\/2026\/05\/18\/approvato-il-bilancio-sociale-del-csv-belluno-treviso\/#breadcrumb","itemListElement":[{"@type":"ListItem","position":1,"name":"Home","item":"https:\/\/www.bellunopress.it\/"},{"@type":"ListItem","position":2,"name":"Approvato il bilancio sociale del Csv Belluno Treviso"}]},{"@type":"WebSite","@id":"https:\/\/www.bellunopress.it\/#website","url":"https:\/\/www.bellunopress.it\/","name":"Bellunopress - Dolomiti","description":"e-mail: redazione@bellunopress.it","publisher":{"@id":"https:\/\/www.bellunopress.it\/#organization"},"potentialAction":[{"@type":"SearchAction","target":{"@type":"EntryPoint","urlTemplate":"https:\/\/www.bellunopress.it\/?s={search_term_string}"},"query-input":{"@type":"PropertyValueSpecification","valueRequired":true,"valueName":"search_term_string"}}],"inLanguage":"fr-FR"},{"@type":"Organization","@id":"https:\/\/www.bellunopress.it\/#organization","name":"Bellunopress","url":"https:\/\/www.bellunopress.it\/","logo":{"@type":"ImageObject","inLanguage":"fr-FR","@id":"https:\/\/www.bellunopress.it\/#\/schema\/logo\/image\/","url":"https:\/\/www.bellunopress.it\/wp-content\/uploads\/2011\/05\/cropped-logo-bellunopress-.jpg","contentUrl":"https:\/\/www.bellunopress.it\/wp-content\/uploads\/2011\/05\/cropped-logo-bellunopress-.jpg","width":512,"height":512,"caption":"Bellunopress"},"image":{"@id":"https:\/\/www.bellunopress.it\/#\/schema\/logo\/image\/"},"sameAs":["https:\/\/www.facebook.com\/profile.php?id=100008943462799","https:\/\/x.com\/bellunopress","https:\/\/www.linkedin.com\/hp\/?dnr=JBzUWaJfMUw8vbXJJ2tVW5-I3jZKvC4wsoxE&amp;amp;amp;amp;amp;amp;trk=nav_responsive_tab_home","https:\/\/www.youtube.com\/channel\/UCxL0wu1uN0_3_7hGG0306cw"]},{"@type":"Person","@id":"https:\/\/www.bellunopress.it\/#\/schema\/person\/79bb06722b37ece1c03d3e94beb30d73","name":"r\u00e9daction","image":{"@type":"ImageObject","inLanguage":"fr-FR","@id":"https:\/\/secure.gravatar.com\/avatar\/37d968a2e67a6fd04c169c4bdef102d0bc5d31b2546345219e348575eb80e9a0?s=96&d=mm&r=g","url":"https:\/\/secure.gravatar.com\/avatar\/37d968a2e67a6fd04c169c4bdef102d0bc5d31b2546345219e348575eb80e9a0?s=96&d=mm&r=g","contentUrl":"https:\/\/secure.gravatar.com\/avatar\/37d968a2e67a6fd04c169c4bdef102d0bc5d31b2546345219e348575eb80e9a0?s=96&d=mm&r=g","caption":"redazione"},"sameAs":["http:\/\/www.bellunopress.it","https:\/\/x.com\/bellunopress"],"url":"https:\/\/www.bellunopress.it\/fr\/author\/redazione\/"}]}},"_links":{"self":[{"href":"https:\/\/www.bellunopress.it\/fr\/wp-json\/wp\/v2\/posts\/170204","targetHints":{"allow":["GET"]}}],"collection":[{"href":"https:\/\/www.bellunopress.it\/fr\/wp-json\/wp\/v2\/posts"}],"about":[{"href":"https:\/\/www.bellunopress.it\/fr\/wp-json\/wp\/v2\/types\/post"}],"author":[{"embeddable":true,"href":"https:\/\/www.bellunopress.it\/fr\/wp-json\/wp\/v2\/users\/2"}],"replies":[{"embeddable":true,"href":"https:\/\/www.bellunopress.it\/fr\/wp-json\/wp\/v2\/comments?post=170204"}],"version-history":[{"count":1,"href":"https:\/\/www.bellunopress.it\/fr\/wp-json\/wp\/v2\/posts\/170204\/revisions"}],"predecessor-version":[{"id":170205,"href":"https:\/\/www.bellunopress.it\/fr\/wp-json\/wp\/v2\/posts\/170204\/revisions\/170205"}],"wp:featuredmedia":[{"embeddable":true,"href":"https:\/\/www.bellunopress.it\/fr\/wp-json\/wp\/v2\/media\/161861"}],"wp:attachment":[{"href":"https:\/\/www.bellunopress.it\/fr\/wp-json\/wp\/v2\/media?parent=170204"}],"wp:term":[{"taxonomy":"category","embeddable":true,"href":"https:\/\/www.bellunopress.it\/fr\/wp-json\/wp\/v2\/categories?post=170204"},{"taxonomy":"post_tag","embeddable":true,"href":"https:\/\/www.bellunopress.it\/fr\/wp-json\/wp\/v2\/tags?post=170204"}],"curies":[{"name":"wp","href":"https:\/\/api.w.org\/{rel}","templated":true}]}}