{"id":170199,"date":"2026-05-17T18:11:19","date_gmt":"2026-05-17T16:11:19","guid":{"rendered":"https:\/\/www.bellunopress.it\/?p=170199"},"modified":"2026-05-17T18:11:19","modified_gmt":"2026-05-17T16:11:19","slug":"40mo-biker-fest-international-lignano-invasa-da-decine-di-migliaia-di-appassionati","status":"publish","type":"post","link":"https:\/\/www.bellunopress.it\/fr\/2026\/05\/17\/40mo-biker-fest-international-lignano-invasa-da-decine-di-migliaia-di-appassionati\/","title":{"rendered":"40mo Biker Fest International. Lignano invasa da decine di migliaia di appassionati"},"content":{"rendered":"<p data-path-to-node=\"8\"><b data-path-to-node=\"8\" data-index-in-node=\"0\">Si chiude l&#8217;edizione storica del raduno custom pi\u00f9 grande d&#8217;Europa. Sfilate da record, eccellenze artigianali e un appello alle istituzioni: \u00abGenerato un ritorno finanziario da 60 milioni,\u00a0 trenta volte superiore alla Barcolana\u00bb.<\/b><\/p>\n<p data-path-to-node=\"9\">Lignano Sabbiadoro, 17\/05\/2026. Decine di migliaia di appassionati, viali gremiti di folla e il rombo dei motori a fare da colonna sonora sotto un sole scintillante. Si \u00e8 chiusa cos\u00ec, con il tradizionale e spettacolare gran finale della domenica, la 40\u00aa edizione della Biker Fest International (BFI) di Lignano Sabbiadoro. La manifestazione motoradunistica pi\u00f9 storica e imponente d&#8217;Europa non ha soltanto confermato il proprio ruolo di riferimento assoluto per la scena custom internazionale, ma si \u00e8 riaffermata come un formidabile e imprescindibile volano economico e turistico per l&#8217;intero Friuli Venezia Giulia.<\/p>\n<p data-path-to-node=\"10\">Un successo trainato da un afflusso costante e globale. Quest&#8217;anno la presenza dal quadrante mitteleuropeo ha registrato picchi significativi: oltre ai tradizionali flussi dai Paesi confinanti e dalla Germania, Lignano ha accolto custom builder e motociclisti giunti da Albania, Bielorussia, Polonia, Repubblica Ceca e Ungheria, a testimonianza di un respiro internazionale sempre pi\u00f9 consolidato.<\/p>\n<h4 data-path-to-node=\"11\">Dalle Muscle Car americane alla sfilata dell&#8217;eleganza<\/h4>\n<p data-path-to-node=\"12\">La domenica ha regalato colpi d&#8217;occhio straordinari. Uno dei momenti pi\u00f9 suggestivi \u00e8 stato la parata della <i data-path-to-node=\"12\" data-index-in-node=\"108\">US Car Reunion<\/i>, il principale raduno italiano dedicato ai motori a stelle e strisce, organizzato dalla rivista specializzata <i data-path-to-node=\"12\" data-index-in-node=\"233\">Cruisin\u2019 Life<\/i> e dall\u2019Old School Garage Club di Pordenone. Oltre cinquecento vetture tra muscle car, imponenti truck, auto classiche e custom americane hanno sfilato tra due ali di folla festante. Ad arricchire il programma, la prima edizione del <i data-path-to-node=\"12\" data-index-in-node=\"479\">RAM National Rally<\/i>, il meeting tricolore che ha visto radunarsi pi\u00f9 di 100 esemplari dell\u2019iconico pick-up Dodge.<\/p>\n<p data-path-to-node=\"13\">Ma la Biker Fest \u00e8 anche solidariet\u00e0 e stile: in contemporanea si \u00e8 svolto il <i data-path-to-node=\"13\" data-index-in-node=\"78\">Distinguished Gentleman\u2019s Ride<\/i>, il celebre charity ride internazionale che vede i motociclisti sfilare in abito elegante per raccogliere fondi a favore della salute maschile. Spazio anche all&#8217;adrenalina pura nella <i data-path-to-node=\"13\" data-index-in-node=\"292\">Off Road Area<\/i>, dove le esibizioni dei fuoristrada 4&#215;4 e delle spettacolari Ape Cross hanno letteralmente conquistato il pubblico.<\/p>\n<h4 data-path-to-node=\"14\">I campioni del Custom Bike Show<\/h4>\n<p data-path-to-node=\"15\">Il momento clou per i puristi delle due ruote \u00e8 stato la premiazione del Custom Bike Show, il pi\u00f9 longevo d&#8217;Europa e unica tappa italiana dell\u2019<i data-path-to-node=\"15\" data-index-in-node=\"143\">AMD World Championship of Custom Bike Building<\/i>. Sul Main Stage del Villaggio \u00e8 andata in scena la celebrazione della pura maestria artigianale. Il prestigioso titolo di <i data-path-to-node=\"15\" data-index-in-node=\"312\">Best in Show<\/i> dell\u2019Italian Motorcycle Championship (IMC) \u00e8 andato al friulano Renato Peres, autore di un eccezionale chopper BSA 650 dedicato alla memoria dell\u2019amico Paruck.<\/p>\n<p data-path-to-node=\"16\">La giuria internazionale AMD ha inoltre assegnato i propri riconoscimenti a tre opere d&#8217;arte su due ruote, profondamente diverse per approccio filosofico ma unite da un livello di esecuzione eccelso: la visionaria BSA 650 \u201cLulu\u201d dell\u2019officina varesina Mannaia (gi\u00e0 trionfatrice del Best in Show nel 2025); la raffinata ed elegante Harley-Davidson Road Glide \u201cLa Primera\u201d in stile <i data-path-to-node=\"16\" data-index-in-node=\"380\">chicano<\/i> realizzata da Bad Boys Garage; e la postmoderna Harley-Davidson Model B \u201cNike\u201d, frutto della collaborazione tra Gallery Motorcycles e Damiano Roncaglioni. Ad accompagnare le premiazioni, le note live rock di Tiger Blues, Silence Destroyers e Maz &amp; Sabina Rock, intervallate dalle attese selezioni regionali di Miss Italia 2026.<\/p>\n<h4 data-path-to-node=\"17\">Numeri da record: l&#8217;appello alla politica regionale<\/h4>\n<p data-path-to-node=\"18\">A margine dei festeggiamenti, gli Organizzatori hanno voluto lanciare un messaggio chiaro e forte ai rappresentanti della politica locale e regionale, mettendo sul tavolo cifre macroeconomiche di assoluto rilievo. La Biker Fest International vanta infatti un indice di ritorno finanziario straordinario, pari a 1:521, un valore circa trenta volte superiore a quello registrato da un altro colosso degli eventi regionali, la Barcolana di Trieste.<\/p>\n<p data-path-to-node=\"19\">Con un indotto complessivo che orbita attorno ai 60 milioni di euro, i vertici della manifestazione hanno sollecitato un sostegno istituzionale pi\u00f9 energico e strutturato. Numeri cos\u00ec imponenti e in costante crescita, \u00e8 stato sottolineato, necessitano di una sponda pubblica concreta per poter essere replicati e potenziati in futuro.<\/p>\n<p data-path-to-node=\"20\">Mentre cala il sipario sul quarantennale, la macchina organizzativa non si ferma: i motori si stanno gi\u00e0 scaldando per la <i data-path-to-node=\"20\" data-index-in-node=\"122\">Italian Bike Week<\/i>, il prossimo grande appuntamento fissato dal 17 al 20 settembre, sempre nella splendida cornice di Lignano Sabbiadoro.<\/p>","protected":false},"excerpt":{"rendered":"<p>Si chiude l&#8217;edizione storica del raduno custom pi\u00f9 grande d&#8217;Europa. Sfilate da record, eccellenze artigianali e un appello alle istituzioni: \u00abGenerato un ritorno finanziario da 60 milioni,\u00a0 trenta volte superiore alla Barcolana\u00bb. Lignano Sabbiadoro, 17\/05\/2026. Decine di migliaia di appassionati, viali gremiti di folla e il rombo dei motori a fare da colonna sonora sotto [&hellip;]<\/p>\n","protected":false},"author":2,"featured_media":133117,"comment_status":"closed","ping_status":"open","sticky":false,"template":"","format":"standard","meta":{"footnotes":""},"categories":[3394,25],"tags":[],"class_list":["post-170199","post","type-post","status-publish","format-standard","has-post-thumbnail","category-cultura-e-spettacoli-fuori-provincia","category-pausa-caffe"],"yoast_head":"<!-- This site is optimized with the Yoast SEO plugin v28.4 - https:\/\/yoast.com\/product\/yoast-seo-wordpress\/ -->\n<title>40mo Biker Fest International. Lignano invasa da decine di migliaia di appassionati - Bellunopress - Dolomiti<\/title>\n<meta name=\"robots\" content=\"index, follow, max-snippet:-1, max-image-preview:large, max-video-preview:-1\" \/>\n<link rel=\"canonical\" href=\"https:\/\/www.bellunopress.it\/fr\/2026\/05\/17\/40mo-biker-fest-international-lignano-invasa-da-decine-di-migliaia-di-appassionati\/\" \/>\n<meta property=\"og:locale\" content=\"fr_FR\" \/>\n<meta property=\"og:type\" content=\"article\" \/>\n<meta property=\"og:title\" content=\"40mo Biker Fest International. Lignano invasa da decine di migliaia di appassionati - Bellunopress - Dolomiti\" \/>\n<meta property=\"og:description\" content=\"Si chiude l&#8217;edizione storica del raduno custom pi\u00f9 grande d&#8217;Europa. Sfilate da record, eccellenze artigianali e un appello alle istituzioni: \u00abGenerato un ritorno finanziario da 60 milioni,\u00a0 trenta volte superiore alla Barcolana\u00bb. Lignano Sabbiadoro, 17\/05\/2026. Decine di migliaia di appassionati, viali gremiti di folla e il rombo dei motori a fare da colonna sonora sotto [&hellip;]\" \/>\n<meta property=\"og:url\" content=\"https:\/\/www.bellunopress.it\/fr\/2026\/05\/17\/40mo-biker-fest-international-lignano-invasa-da-decine-di-migliaia-di-appassionati\/\" \/>\n<meta property=\"og:site_name\" content=\"Bellunopress - Dolomiti\" \/>\n<meta property=\"article:publisher\" content=\"https:\/\/www.facebook.com\/profile.php?id=100008943462799\" \/>\n<meta property=\"article:published_time\" content=\"2026-05-17T16:11:19+00:00\" \/>\n<meta property=\"og:image\" content=\"https:\/\/www.bellunopress.it\/wp-content\/uploads\/2022\/04\/Biker-Fest-International-Lignano-Sabbiadoro.jpg\" \/>\n\t<meta property=\"og:image:width\" content=\"1000\" \/>\n\t<meta property=\"og:image:height\" content=\"668\" \/>\n\t<meta property=\"og:image:type\" content=\"image\/jpeg\" \/>\n<meta name=\"author\" content=\"redazione\" \/>\n<meta name=\"twitter:card\" content=\"summary_large_image\" \/>\n<meta name=\"twitter:creator\" content=\"@bellunopress\" \/>\n<meta name=\"twitter:site\" content=\"@bellunopress\" \/>\n<meta name=\"twitter:label1\" content=\"\u00c9crit par\" \/>\n\t<meta name=\"twitter:data1\" content=\"redazione\" \/>\n\t<meta name=\"twitter:label2\" content=\"Dur\u00e9e de lecture estim\u00e9e\" \/>\n\t<meta name=\"twitter:data2\" content=\"4 minutes\" \/>\n<script type=\"application\/ld+json\" class=\"yoast-schema-graph\">{\"@context\":\"https:\\\/\\\/schema.org\",\"@graph\":[{\"@type\":\"Article\",\"@id\":\"https:\\\/\\\/www.bellunopress.it\\\/2026\\\/05\\\/17\\\/40mo-biker-fest-international-lignano-invasa-da-decine-di-migliaia-di-appassionati\\\/#article\",\"isPartOf\":{\"@id\":\"https:\\\/\\\/www.bellunopress.it\\\/2026\\\/05\\\/17\\\/40mo-biker-fest-international-lignano-invasa-da-decine-di-migliaia-di-appassionati\\\/\"},\"author\":{\"name\":\"redazione\",\"@id\":\"https:\\\/\\\/www.bellunopress.it\\\/#\\\/schema\\\/person\\\/79bb06722b37ece1c03d3e94beb30d73\"},\"headline\":\"40mo Biker Fest International. Lignano invasa da decine di migliaia di appassionati\",\"datePublished\":\"2026-05-17T16:11:19+00:00\",\"mainEntityOfPage\":{\"@id\":\"https:\\\/\\\/www.bellunopress.it\\\/2026\\\/05\\\/17\\\/40mo-biker-fest-international-lignano-invasa-da-decine-di-migliaia-di-appassionati\\\/\"},\"wordCount\":694,\"publisher\":{\"@id\":\"https:\\\/\\\/www.bellunopress.it\\\/#organization\"},\"image\":{\"@id\":\"https:\\\/\\\/www.bellunopress.it\\\/2026\\\/05\\\/17\\\/40mo-biker-fest-international-lignano-invasa-da-decine-di-migliaia-di-appassionati\\\/#primaryimage\"},\"thumbnailUrl\":\"https:\\\/\\\/www.bellunopress.it\\\/wp-content\\\/uploads\\\/2022\\\/04\\\/Biker-Fest-International-Lignano-Sabbiadoro.jpg\",\"articleSection\":[\"Cultura e spettacoli, tempo libero, benessere, fuori provincia\",\"Pausa Caff\u00e8\"],\"inLanguage\":\"fr-FR\"},{\"@type\":\"WebPage\",\"@id\":\"https:\\\/\\\/www.bellunopress.it\\\/2026\\\/05\\\/17\\\/40mo-biker-fest-international-lignano-invasa-da-decine-di-migliaia-di-appassionati\\\/\",\"url\":\"https:\\\/\\\/www.bellunopress.it\\\/2026\\\/05\\\/17\\\/40mo-biker-fest-international-lignano-invasa-da-decine-di-migliaia-di-appassionati\\\/\",\"name\":\"40mo Biker Fest International. Lignano invasa da decine di migliaia di appassionati - Bellunopress - Dolomiti\",\"isPartOf\":{\"@id\":\"https:\\\/\\\/www.bellunopress.it\\\/#website\"},\"primaryImageOfPage\":{\"@id\":\"https:\\\/\\\/www.bellunopress.it\\\/2026\\\/05\\\/17\\\/40mo-biker-fest-international-lignano-invasa-da-decine-di-migliaia-di-appassionati\\\/#primaryimage\"},\"image\":{\"@id\":\"https:\\\/\\\/www.bellunopress.it\\\/2026\\\/05\\\/17\\\/40mo-biker-fest-international-lignano-invasa-da-decine-di-migliaia-di-appassionati\\\/#primaryimage\"},\"thumbnailUrl\":\"https:\\\/\\\/www.bellunopress.it\\\/wp-content\\\/uploads\\\/2022\\\/04\\\/Biker-Fest-International-Lignano-Sabbiadoro.jpg\",\"datePublished\":\"2026-05-17T16:11:19+00:00\",\"breadcrumb\":{\"@id\":\"https:\\\/\\\/www.bellunopress.it\\\/2026\\\/05\\\/17\\\/40mo-biker-fest-international-lignano-invasa-da-decine-di-migliaia-di-appassionati\\\/#breadcrumb\"},\"inLanguage\":\"fr-FR\",\"potentialAction\":[{\"@type\":\"ReadAction\",\"target\":[\"https:\\\/\\\/www.bellunopress.it\\\/2026\\\/05\\\/17\\\/40mo-biker-fest-international-lignano-invasa-da-decine-di-migliaia-di-appassionati\\\/\"]}]},{\"@type\":\"ImageObject\",\"inLanguage\":\"fr-FR\",\"@id\":\"https:\\\/\\\/www.bellunopress.it\\\/2026\\\/05\\\/17\\\/40mo-biker-fest-international-lignano-invasa-da-decine-di-migliaia-di-appassionati\\\/#primaryimage\",\"url\":\"https:\\\/\\\/www.bellunopress.it\\\/wp-content\\\/uploads\\\/2022\\\/04\\\/Biker-Fest-International-Lignano-Sabbiadoro.jpg\",\"contentUrl\":\"https:\\\/\\\/www.bellunopress.it\\\/wp-content\\\/uploads\\\/2022\\\/04\\\/Biker-Fest-International-Lignano-Sabbiadoro.jpg\",\"width\":1000,\"height\":668},{\"@type\":\"BreadcrumbList\",\"@id\":\"https:\\\/\\\/www.bellunopress.it\\\/2026\\\/05\\\/17\\\/40mo-biker-fest-international-lignano-invasa-da-decine-di-migliaia-di-appassionati\\\/#breadcrumb\",\"itemListElement\":[{\"@type\":\"ListItem\",\"position\":1,\"name\":\"Home\",\"item\":\"https:\\\/\\\/www.bellunopress.it\\\/\"},{\"@type\":\"ListItem\",\"position\":2,\"name\":\"40mo Biker Fest International. Lignano invasa da decine di migliaia di appassionati\"}]},{\"@type\":\"WebSite\",\"@id\":\"https:\\\/\\\/www.bellunopress.it\\\/#website\",\"url\":\"https:\\\/\\\/www.bellunopress.it\\\/\",\"name\":\"Bellunopress - Dolomiti\",\"description\":\"e-mail: redazione@bellunopress.it\",\"publisher\":{\"@id\":\"https:\\\/\\\/www.bellunopress.it\\\/#organization\"},\"potentialAction\":[{\"@type\":\"SearchAction\",\"target\":{\"@type\":\"EntryPoint\",\"urlTemplate\":\"https:\\\/\\\/www.bellunopress.it\\\/?s={search_term_string}\"},\"query-input\":{\"@type\":\"PropertyValueSpecification\",\"valueRequired\":true,\"valueName\":\"search_term_string\"}}],\"inLanguage\":\"fr-FR\"},{\"@type\":\"Organization\",\"@id\":\"https:\\\/\\\/www.bellunopress.it\\\/#organization\",\"name\":\"Bellunopress\",\"url\":\"https:\\\/\\\/www.bellunopress.it\\\/\",\"logo\":{\"@type\":\"ImageObject\",\"inLanguage\":\"fr-FR\",\"@id\":\"https:\\\/\\\/www.bellunopress.it\\\/#\\\/schema\\\/logo\\\/image\\\/\",\"url\":\"https:\\\/\\\/www.bellunopress.it\\\/wp-content\\\/uploads\\\/2011\\\/05\\\/cropped-logo-bellunopress-.jpg\",\"contentUrl\":\"https:\\\/\\\/www.bellunopress.it\\\/wp-content\\\/uploads\\\/2011\\\/05\\\/cropped-logo-bellunopress-.jpg\",\"width\":512,\"height\":512,\"caption\":\"Bellunopress\"},\"image\":{\"@id\":\"https:\\\/\\\/www.bellunopress.it\\\/#\\\/schema\\\/logo\\\/image\\\/\"},\"sameAs\":[\"https:\\\/\\\/www.facebook.com\\\/profile.php?id=100008943462799\",\"https:\\\/\\\/x.com\\\/bellunopress\",\"https:\\\/\\\/www.linkedin.com\\\/hp\\\/?dnr=JBzUWaJfMUw8vbXJJ2tVW5-I3jZKvC4wsoxE&amp;amp;amp;amp;amp;amp;trk=nav_responsive_tab_home\",\"https:\\\/\\\/www.youtube.com\\\/channel\\\/UCxL0wu1uN0_3_7hGG0306cw\"]},{\"@type\":\"Person\",\"@id\":\"https:\\\/\\\/www.bellunopress.it\\\/#\\\/schema\\\/person\\\/79bb06722b37ece1c03d3e94beb30d73\",\"name\":\"redazione\",\"image\":{\"@type\":\"ImageObject\",\"inLanguage\":\"fr-FR\",\"@id\":\"https:\\\/\\\/secure.gravatar.com\\\/avatar\\\/37d968a2e67a6fd04c169c4bdef102d0bc5d31b2546345219e348575eb80e9a0?s=96&d=mm&r=g\",\"url\":\"https:\\\/\\\/secure.gravatar.com\\\/avatar\\\/37d968a2e67a6fd04c169c4bdef102d0bc5d31b2546345219e348575eb80e9a0?s=96&d=mm&r=g\",\"contentUrl\":\"https:\\\/\\\/secure.gravatar.com\\\/avatar\\\/37d968a2e67a6fd04c169c4bdef102d0bc5d31b2546345219e348575eb80e9a0?s=96&d=mm&r=g\",\"caption\":\"redazione\"},\"sameAs\":[\"http:\\\/\\\/www.bellunopress.it\",\"https:\\\/\\\/x.com\\\/bellunopress\"],\"url\":\"https:\\\/\\\/www.bellunopress.it\\\/fr\\\/author\\\/redazione\\\/\"}]}<\/script>\n<!-- \/ Yoast SEO plugin. -->","yoast_head_json":{"title":"40mo Biker Fest International. Lignano invasa da decine di migliaia di appassionati - Bellunopress - Dolomiti","robots":{"index":"index","follow":"follow","max-snippet":"max-snippet:-1","max-image-preview":"max-image-preview:large","max-video-preview":"max-video-preview:-1"},"canonical":"https:\/\/www.bellunopress.it\/fr\/2026\/05\/17\/40mo-biker-fest-international-lignano-invasa-da-decine-di-migliaia-di-appassionati\/","og_locale":"fr_FR","og_type":"article","og_title":"40mo Biker Fest International. Lignano invasa da decine di migliaia di appassionati - Bellunopress - Dolomiti","og_description":"Si chiude l&#8217;edizione storica del raduno custom pi\u00f9 grande d&#8217;Europa. Sfilate da record, eccellenze artigianali e un appello alle istituzioni: \u00abGenerato un ritorno finanziario da 60 milioni,\u00a0 trenta volte superiore alla Barcolana\u00bb. Lignano Sabbiadoro, 17\/05\/2026. Decine di migliaia di appassionati, viali gremiti di folla e il rombo dei motori a fare da colonna sonora sotto [&hellip;]","og_url":"https:\/\/www.bellunopress.it\/fr\/2026\/05\/17\/40mo-biker-fest-international-lignano-invasa-da-decine-di-migliaia-di-appassionati\/","og_site_name":"Bellunopress - Dolomiti","article_publisher":"https:\/\/www.facebook.com\/profile.php?id=100008943462799","article_published_time":"2026-05-17T16:11:19+00:00","og_image":[{"width":1000,"height":668,"url":"https:\/\/www.bellunopress.it\/wp-content\/uploads\/2022\/04\/Biker-Fest-International-Lignano-Sabbiadoro.jpg","type":"image\/jpeg"}],"author":"redazione","twitter_card":"summary_large_image","twitter_creator":"@bellunopress","twitter_site":"@bellunopress","twitter_misc":{"\u00c9crit par":"redazione","Dur\u00e9e de lecture estim\u00e9e":"4 minutes"},"schema":{"@context":"https:\/\/schema.org","@graph":[{"@type":"Article","@id":"https:\/\/www.bellunopress.it\/2026\/05\/17\/40mo-biker-fest-international-lignano-invasa-da-decine-di-migliaia-di-appassionati\/#article","isPartOf":{"@id":"https:\/\/www.bellunopress.it\/2026\/05\/17\/40mo-biker-fest-international-lignano-invasa-da-decine-di-migliaia-di-appassionati\/"},"author":{"name":"redazione","@id":"https:\/\/www.bellunopress.it\/#\/schema\/person\/79bb06722b37ece1c03d3e94beb30d73"},"headline":"40mo Biker Fest International. Lignano invasa da decine di migliaia di appassionati","datePublished":"2026-05-17T16:11:19+00:00","mainEntityOfPage":{"@id":"https:\/\/www.bellunopress.it\/2026\/05\/17\/40mo-biker-fest-international-lignano-invasa-da-decine-di-migliaia-di-appassionati\/"},"wordCount":694,"publisher":{"@id":"https:\/\/www.bellunopress.it\/#organization"},"image":{"@id":"https:\/\/www.bellunopress.it\/2026\/05\/17\/40mo-biker-fest-international-lignano-invasa-da-decine-di-migliaia-di-appassionati\/#primaryimage"},"thumbnailUrl":"https:\/\/www.bellunopress.it\/wp-content\/uploads\/2022\/04\/Biker-Fest-International-Lignano-Sabbiadoro.jpg","articleSection":["Cultura e spettacoli, tempo libero, benessere, fuori provincia","Pausa Caff\u00e8"],"inLanguage":"fr-FR"},{"@type":"WebPage","@id":"https:\/\/www.bellunopress.it\/2026\/05\/17\/40mo-biker-fest-international-lignano-invasa-da-decine-di-migliaia-di-appassionati\/","url":"https:\/\/www.bellunopress.it\/2026\/05\/17\/40mo-biker-fest-international-lignano-invasa-da-decine-di-migliaia-di-appassionati\/","name":"40mo Biker Fest International. Lignano invasa da decine di migliaia di appassionati - Bellunopress - Dolomiti","isPartOf":{"@id":"https:\/\/www.bellunopress.it\/#website"},"primaryImageOfPage":{"@id":"https:\/\/www.bellunopress.it\/2026\/05\/17\/40mo-biker-fest-international-lignano-invasa-da-decine-di-migliaia-di-appassionati\/#primaryimage"},"image":{"@id":"https:\/\/www.bellunopress.it\/2026\/05\/17\/40mo-biker-fest-international-lignano-invasa-da-decine-di-migliaia-di-appassionati\/#primaryimage"},"thumbnailUrl":"https:\/\/www.bellunopress.it\/wp-content\/uploads\/2022\/04\/Biker-Fest-International-Lignano-Sabbiadoro.jpg","datePublished":"2026-05-17T16:11:19+00:00","breadcrumb":{"@id":"https:\/\/www.bellunopress.it\/2026\/05\/17\/40mo-biker-fest-international-lignano-invasa-da-decine-di-migliaia-di-appassionati\/#breadcrumb"},"inLanguage":"fr-FR","potentialAction":[{"@type":"ReadAction","target":["https:\/\/www.bellunopress.it\/2026\/05\/17\/40mo-biker-fest-international-lignano-invasa-da-decine-di-migliaia-di-appassionati\/"]}]},{"@type":"ImageObject","inLanguage":"fr-FR","@id":"https:\/\/www.bellunopress.it\/2026\/05\/17\/40mo-biker-fest-international-lignano-invasa-da-decine-di-migliaia-di-appassionati\/#primaryimage","url":"https:\/\/www.bellunopress.it\/wp-content\/uploads\/2022\/04\/Biker-Fest-International-Lignano-Sabbiadoro.jpg","contentUrl":"https:\/\/www.bellunopress.it\/wp-content\/uploads\/2022\/04\/Biker-Fest-International-Lignano-Sabbiadoro.jpg","width":1000,"height":668},{"@type":"BreadcrumbList","@id":"https:\/\/www.bellunopress.it\/2026\/05\/17\/40mo-biker-fest-international-lignano-invasa-da-decine-di-migliaia-di-appassionati\/#breadcrumb","itemListElement":[{"@type":"ListItem","position":1,"name":"Home","item":"https:\/\/www.bellunopress.it\/"},{"@type":"ListItem","position":2,"name":"40mo Biker Fest International. Lignano invasa da decine di migliaia di appassionati"}]},{"@type":"WebSite","@id":"https:\/\/www.bellunopress.it\/#website","url":"https:\/\/www.bellunopress.it\/","name":"Bellunopress - Dolomiti","description":"e-mail: redazione@bellunopress.it","publisher":{"@id":"https:\/\/www.bellunopress.it\/#organization"},"potentialAction":[{"@type":"SearchAction","target":{"@type":"EntryPoint","urlTemplate":"https:\/\/www.bellunopress.it\/?s={search_term_string}"},"query-input":{"@type":"PropertyValueSpecification","valueRequired":true,"valueName":"search_term_string"}}],"inLanguage":"fr-FR"},{"@type":"Organization","@id":"https:\/\/www.bellunopress.it\/#organization","name":"Bellunopress","url":"https:\/\/www.bellunopress.it\/","logo":{"@type":"ImageObject","inLanguage":"fr-FR","@id":"https:\/\/www.bellunopress.it\/#\/schema\/logo\/image\/","url":"https:\/\/www.bellunopress.it\/wp-content\/uploads\/2011\/05\/cropped-logo-bellunopress-.jpg","contentUrl":"https:\/\/www.bellunopress.it\/wp-content\/uploads\/2011\/05\/cropped-logo-bellunopress-.jpg","width":512,"height":512,"caption":"Bellunopress"},"image":{"@id":"https:\/\/www.bellunopress.it\/#\/schema\/logo\/image\/"},"sameAs":["https:\/\/www.facebook.com\/profile.php?id=100008943462799","https:\/\/x.com\/bellunopress","https:\/\/www.linkedin.com\/hp\/?dnr=JBzUWaJfMUw8vbXJJ2tVW5-I3jZKvC4wsoxE&amp;amp;amp;amp;amp;amp;trk=nav_responsive_tab_home","https:\/\/www.youtube.com\/channel\/UCxL0wu1uN0_3_7hGG0306cw"]},{"@type":"Person","@id":"https:\/\/www.bellunopress.it\/#\/schema\/person\/79bb06722b37ece1c03d3e94beb30d73","name":"r\u00e9daction","image":{"@type":"ImageObject","inLanguage":"fr-FR","@id":"https:\/\/secure.gravatar.com\/avatar\/37d968a2e67a6fd04c169c4bdef102d0bc5d31b2546345219e348575eb80e9a0?s=96&d=mm&r=g","url":"https:\/\/secure.gravatar.com\/avatar\/37d968a2e67a6fd04c169c4bdef102d0bc5d31b2546345219e348575eb80e9a0?s=96&d=mm&r=g","contentUrl":"https:\/\/secure.gravatar.com\/avatar\/37d968a2e67a6fd04c169c4bdef102d0bc5d31b2546345219e348575eb80e9a0?s=96&d=mm&r=g","caption":"redazione"},"sameAs":["http:\/\/www.bellunopress.it","https:\/\/x.com\/bellunopress"],"url":"https:\/\/www.bellunopress.it\/fr\/author\/redazione\/"}]}},"_links":{"self":[{"href":"https:\/\/www.bellunopress.it\/fr\/wp-json\/wp\/v2\/posts\/170199","targetHints":{"allow":["GET"]}}],"collection":[{"href":"https:\/\/www.bellunopress.it\/fr\/wp-json\/wp\/v2\/posts"}],"about":[{"href":"https:\/\/www.bellunopress.it\/fr\/wp-json\/wp\/v2\/types\/post"}],"author":[{"embeddable":true,"href":"https:\/\/www.bellunopress.it\/fr\/wp-json\/wp\/v2\/users\/2"}],"replies":[{"embeddable":true,"href":"https:\/\/www.bellunopress.it\/fr\/wp-json\/wp\/v2\/comments?post=170199"}],"version-history":[{"count":1,"href":"https:\/\/www.bellunopress.it\/fr\/wp-json\/wp\/v2\/posts\/170199\/revisions"}],"predecessor-version":[{"id":170200,"href":"https:\/\/www.bellunopress.it\/fr\/wp-json\/wp\/v2\/posts\/170199\/revisions\/170200"}],"wp:featuredmedia":[{"embeddable":true,"href":"https:\/\/www.bellunopress.it\/fr\/wp-json\/wp\/v2\/media\/133117"}],"wp:attachment":[{"href":"https:\/\/www.bellunopress.it\/fr\/wp-json\/wp\/v2\/media?parent=170199"}],"wp:term":[{"taxonomy":"category","embeddable":true,"href":"https:\/\/www.bellunopress.it\/fr\/wp-json\/wp\/v2\/categories?post=170199"},{"taxonomy":"post_tag","embeddable":true,"href":"https:\/\/www.bellunopress.it\/fr\/wp-json\/wp\/v2\/tags?post=170199"}],"curies":[{"name":"wp","href":"https:\/\/api.w.org\/{rel}","templated":true}]}}