{"id":170197,"date":"2026-05-17T16:41:43","date_gmt":"2026-05-17T14:41:43","guid":{"rendered":"https:\/\/www.bellunopress.it\/?p=170197"},"modified":"2026-05-17T16:41:43","modified_gmt":"2026-05-17T14:41:43","slug":"vertenza-hydro-feltre-stefano-bona-fiom-al-ministero-il-19-maggio-aspettiamo-le-dovute-concrete-risposte-per-i-lavoratori-e-le-lavoratrici","status":"publish","type":"post","link":"https:\/\/www.bellunopress.it\/fr\/2026\/05\/17\/vertenza-hydro-feltre-stefano-bona-fiom-al-ministero-il-19-maggio-aspettiamo-le-dovute-concrete-risposte-per-i-lavoratori-e-le-lavoratrici\/","title":{"rendered":"Vertenza Hydro Feltre. Stefano Bona (Fiom): al Ministero il 19 maggio aspettiamo le dovute concrete risposte per i lavoratori e le lavoratrici"},"content":{"rendered":"<p>Marted\u00ec 19 maggio \u00e8 convocato al Ministero delle Imprese e del Made in Italy il tavolo sulla vertenza Hydro. Le lavoratrici e i lavoratori dello stabilimento feltrino, da mesi lasciati nell&#8217;incertezza e ancora in cassa integrazione a zero ore, meritano finalmente risposte chiare, concrete e definitive.<\/p>\n<p>&#8220;Come Fiom Cgil ci attendiamo che Hydro e l&#8217;advisor BDO, incaricato della ricerca di possibili acquirenti, arrivino al tavolo con elementi precisi e verificabili rispetto alle trattative in corso.&#8221; sottolinea con veemenza il segretario generale della Fiom di Belluno Stefano Bona.<\/p>\n<p>&#8220;Sappiamo delle numerose visite effettuate nello stabilimento da parte di soggetti potenzialmente interessati &#8211; prosegue Bona &#8211; quindi, ora, non sono pi\u00f9 accettabili genericit\u00e0, rinvii o operazioni di pura gestione del tempo. Hydro ha la responsabilit\u00e0 di quanto sta accadendo e ne deve rispondere: la scelta di chiudere il sito feltrino ha prodotto pesanti conseguenze sociali e occupazionali sul territorio e sulle famiglie coinvolte. Per questo pretendiamo massima trasparenza sul lavoro svolto in questi mesi, sui soggetti realmente interessati e sulle prospettive industriali concrete. Ribadiamo, inoltre, che per la FIOM qualsiasi ipotesi di cessione dovr\u00e0 riguardare l&#8217;intero perimetro aziendale. Non accetteremo operazioni parziali, spezzatini o soluzioni che scarichino ulteriormente sui lavoratori il costo delle scelte industriali compiute da Hydro. L&#8217;unica prospettiva credibile resta una cessione che garantisca continuit\u00e0 produttiva, un serio piano di rilancio industriale e la piena salvaguardia occupazionale. Dal Ministero e dalle istituzioni ci aspettiamo un ruolo attivo e determinato: non \u00e8 pi\u00f9 il tempo delle attese. Serve un&#8217;assunzione di responsabilit\u00e0 chiara da parte di tutti i soggetti coinvolti, a partire dai vertici di Hydro, che al tavolo dovranno dimostrare con i fatti \u2014 e non con dichiarazioni di circostanza \u2014 la volont\u00e0 di collaborare a una soluzione positiva della vertenza.&#8221;<\/p>\n<p>&#8212;<\/p>","protected":false},"excerpt":{"rendered":"<p>Marted\u00ec 19 maggio \u00e8 convocato al Ministero delle Imprese e del Made in Italy il tavolo sulla vertenza Hydro. Le lavoratrici e i lavoratori dello stabilimento feltrino, da mesi lasciati nell&#8217;incertezza e ancora in cassa integrazione a zero ore, meritano finalmente risposte chiare, concrete e definitive. &#8220;Come Fiom Cgil ci attendiamo che Hydro e l&#8217;advisor [&hellip;]<\/p>\n","protected":false},"author":2,"featured_media":158927,"comment_status":"closed","ping_status":"open","sticky":false,"template":"","format":"standard","meta":{"footnotes":""},"categories":[36,26],"tags":[],"class_list":["post-170197","post","type-post","status-publish","format-standard","has-post-thumbnail","category-lavoro-economia","category-prima-pagina"],"yoast_head":"<!-- This site is optimized with the Yoast SEO plugin v28.4 - https:\/\/yoast.com\/product\/yoast-seo-wordpress\/ -->\n<title>Vertenza Hydro Feltre. Stefano Bona (Fiom): al Ministero il 19 maggio aspettiamo le dovute concrete risposte per i lavoratori e le lavoratrici - Bellunopress - Dolomiti<\/title>\n<meta name=\"robots\" content=\"index, follow, max-snippet:-1, max-image-preview:large, max-video-preview:-1\" \/>\n<link rel=\"canonical\" href=\"https:\/\/www.bellunopress.it\/fr\/2026\/05\/17\/vertenza-hydro-feltre-stefano-bona-fiom-al-ministero-il-19-maggio-aspettiamo-le-dovute-concrete-risposte-per-i-lavoratori-e-le-lavoratrici\/\" \/>\n<meta property=\"og:locale\" content=\"fr_FR\" \/>\n<meta property=\"og:type\" content=\"article\" \/>\n<meta property=\"og:title\" content=\"Vertenza Hydro Feltre. Stefano Bona (Fiom): al Ministero il 19 maggio aspettiamo le dovute concrete risposte per i lavoratori e le lavoratrici - Bellunopress - Dolomiti\" \/>\n<meta property=\"og:description\" content=\"Marted\u00ec 19 maggio \u00e8 convocato al Ministero delle Imprese e del Made in Italy il tavolo sulla vertenza Hydro. Le lavoratrici e i lavoratori dello stabilimento feltrino, da mesi lasciati nell&#8217;incertezza e ancora in cassa integrazione a zero ore, meritano finalmente risposte chiare, concrete e definitive. &#8220;Come Fiom Cgil ci attendiamo che Hydro e l&#8217;advisor [&hellip;]\" \/>\n<meta property=\"og:url\" content=\"https:\/\/www.bellunopress.it\/fr\/2026\/05\/17\/vertenza-hydro-feltre-stefano-bona-fiom-al-ministero-il-19-maggio-aspettiamo-le-dovute-concrete-risposte-per-i-lavoratori-e-le-lavoratrici\/\" \/>\n<meta property=\"og:site_name\" content=\"Bellunopress - Dolomiti\" \/>\n<meta property=\"article:publisher\" content=\"https:\/\/www.facebook.com\/profile.php?id=100008943462799\" \/>\n<meta property=\"article:published_time\" content=\"2026-05-17T14:41:43+00:00\" \/>\n<meta property=\"og:image\" content=\"https:\/\/www.bellunopress.it\/wp-content\/uploads\/2025\/03\/Stefano-Bona-Fiom.jpg\" \/>\n\t<meta property=\"og:image:width\" content=\"1000\" \/>\n\t<meta property=\"og:image:height\" content=\"750\" \/>\n\t<meta property=\"og:image:type\" content=\"image\/jpeg\" \/>\n<meta name=\"author\" content=\"redazione\" \/>\n<meta name=\"twitter:card\" content=\"summary_large_image\" \/>\n<meta name=\"twitter:creator\" content=\"@bellunopress\" \/>\n<meta name=\"twitter:site\" content=\"@bellunopress\" \/>\n<meta name=\"twitter:label1\" content=\"\u00c9crit par\" \/>\n\t<meta name=\"twitter:data1\" content=\"redazione\" \/>\n\t<meta name=\"twitter:label2\" content=\"Dur\u00e9e de lecture estim\u00e9e\" \/>\n\t<meta name=\"twitter:data2\" content=\"2 minutes\" \/>\n<script type=\"application\/ld+json\" class=\"yoast-schema-graph\">{\"@context\":\"https:\\\/\\\/schema.org\",\"@graph\":[{\"@type\":\"Article\",\"@id\":\"https:\\\/\\\/www.bellunopress.it\\\/2026\\\/05\\\/17\\\/vertenza-hydro-feltre-stefano-bona-fiom-al-ministero-il-19-maggio-aspettiamo-le-dovute-concrete-risposte-per-i-lavoratori-e-le-lavoratrici\\\/#article\",\"isPartOf\":{\"@id\":\"https:\\\/\\\/www.bellunopress.it\\\/2026\\\/05\\\/17\\\/vertenza-hydro-feltre-stefano-bona-fiom-al-ministero-il-19-maggio-aspettiamo-le-dovute-concrete-risposte-per-i-lavoratori-e-le-lavoratrici\\\/\"},\"author\":{\"name\":\"redazione\",\"@id\":\"https:\\\/\\\/www.bellunopress.it\\\/#\\\/schema\\\/person\\\/79bb06722b37ece1c03d3e94beb30d73\"},\"headline\":\"Vertenza Hydro Feltre. Stefano Bona (Fiom): al Ministero il 19 maggio aspettiamo le dovute concrete risposte per i lavoratori e le lavoratrici\",\"datePublished\":\"2026-05-17T14:41:43+00:00\",\"mainEntityOfPage\":{\"@id\":\"https:\\\/\\\/www.bellunopress.it\\\/2026\\\/05\\\/17\\\/vertenza-hydro-feltre-stefano-bona-fiom-al-ministero-il-19-maggio-aspettiamo-le-dovute-concrete-risposte-per-i-lavoratori-e-le-lavoratrici\\\/\"},\"wordCount\":312,\"publisher\":{\"@id\":\"https:\\\/\\\/www.bellunopress.it\\\/#organization\"},\"image\":{\"@id\":\"https:\\\/\\\/www.bellunopress.it\\\/2026\\\/05\\\/17\\\/vertenza-hydro-feltre-stefano-bona-fiom-al-ministero-il-19-maggio-aspettiamo-le-dovute-concrete-risposte-per-i-lavoratori-e-le-lavoratrici\\\/#primaryimage\"},\"thumbnailUrl\":\"https:\\\/\\\/www.bellunopress.it\\\/wp-content\\\/uploads\\\/2025\\\/03\\\/Stefano-Bona-Fiom.jpg\",\"articleSection\":[\"Lavoro, Economia, Turismo\",\"Prima Pagina\"],\"inLanguage\":\"fr-FR\"},{\"@type\":\"WebPage\",\"@id\":\"https:\\\/\\\/www.bellunopress.it\\\/2026\\\/05\\\/17\\\/vertenza-hydro-feltre-stefano-bona-fiom-al-ministero-il-19-maggio-aspettiamo-le-dovute-concrete-risposte-per-i-lavoratori-e-le-lavoratrici\\\/\",\"url\":\"https:\\\/\\\/www.bellunopress.it\\\/2026\\\/05\\\/17\\\/vertenza-hydro-feltre-stefano-bona-fiom-al-ministero-il-19-maggio-aspettiamo-le-dovute-concrete-risposte-per-i-lavoratori-e-le-lavoratrici\\\/\",\"name\":\"Vertenza Hydro Feltre. Stefano Bona (Fiom): al Ministero il 19 maggio aspettiamo le dovute concrete risposte per i lavoratori e le lavoratrici - Bellunopress - Dolomiti\",\"isPartOf\":{\"@id\":\"https:\\\/\\\/www.bellunopress.it\\\/#website\"},\"primaryImageOfPage\":{\"@id\":\"https:\\\/\\\/www.bellunopress.it\\\/2026\\\/05\\\/17\\\/vertenza-hydro-feltre-stefano-bona-fiom-al-ministero-il-19-maggio-aspettiamo-le-dovute-concrete-risposte-per-i-lavoratori-e-le-lavoratrici\\\/#primaryimage\"},\"image\":{\"@id\":\"https:\\\/\\\/www.bellunopress.it\\\/2026\\\/05\\\/17\\\/vertenza-hydro-feltre-stefano-bona-fiom-al-ministero-il-19-maggio-aspettiamo-le-dovute-concrete-risposte-per-i-lavoratori-e-le-lavoratrici\\\/#primaryimage\"},\"thumbnailUrl\":\"https:\\\/\\\/www.bellunopress.it\\\/wp-content\\\/uploads\\\/2025\\\/03\\\/Stefano-Bona-Fiom.jpg\",\"datePublished\":\"2026-05-17T14:41:43+00:00\",\"breadcrumb\":{\"@id\":\"https:\\\/\\\/www.bellunopress.it\\\/2026\\\/05\\\/17\\\/vertenza-hydro-feltre-stefano-bona-fiom-al-ministero-il-19-maggio-aspettiamo-le-dovute-concrete-risposte-per-i-lavoratori-e-le-lavoratrici\\\/#breadcrumb\"},\"inLanguage\":\"fr-FR\",\"potentialAction\":[{\"@type\":\"ReadAction\",\"target\":[\"https:\\\/\\\/www.bellunopress.it\\\/2026\\\/05\\\/17\\\/vertenza-hydro-feltre-stefano-bona-fiom-al-ministero-il-19-maggio-aspettiamo-le-dovute-concrete-risposte-per-i-lavoratori-e-le-lavoratrici\\\/\"]}]},{\"@type\":\"ImageObject\",\"inLanguage\":\"fr-FR\",\"@id\":\"https:\\\/\\\/www.bellunopress.it\\\/2026\\\/05\\\/17\\\/vertenza-hydro-feltre-stefano-bona-fiom-al-ministero-il-19-maggio-aspettiamo-le-dovute-concrete-risposte-per-i-lavoratori-e-le-lavoratrici\\\/#primaryimage\",\"url\":\"https:\\\/\\\/www.bellunopress.it\\\/wp-content\\\/uploads\\\/2025\\\/03\\\/Stefano-Bona-Fiom.jpg\",\"contentUrl\":\"https:\\\/\\\/www.bellunopress.it\\\/wp-content\\\/uploads\\\/2025\\\/03\\\/Stefano-Bona-Fiom.jpg\",\"width\":1000,\"height\":750,\"caption\":\"Stefano Bona, segretario generale della FIOM di Belluno\"},{\"@type\":\"BreadcrumbList\",\"@id\":\"https:\\\/\\\/www.bellunopress.it\\\/2026\\\/05\\\/17\\\/vertenza-hydro-feltre-stefano-bona-fiom-al-ministero-il-19-maggio-aspettiamo-le-dovute-concrete-risposte-per-i-lavoratori-e-le-lavoratrici\\\/#breadcrumb\",\"itemListElement\":[{\"@type\":\"ListItem\",\"position\":1,\"name\":\"Home\",\"item\":\"https:\\\/\\\/www.bellunopress.it\\\/\"},{\"@type\":\"ListItem\",\"position\":2,\"name\":\"Vertenza Hydro Feltre. Stefano Bona (Fiom): al Ministero il 19 maggio aspettiamo le dovute concrete risposte per i lavoratori e le lavoratrici\"}]},{\"@type\":\"WebSite\",\"@id\":\"https:\\\/\\\/www.bellunopress.it\\\/#website\",\"url\":\"https:\\\/\\\/www.bellunopress.it\\\/\",\"name\":\"Bellunopress - Dolomiti\",\"description\":\"e-mail: redazione@bellunopress.it\",\"publisher\":{\"@id\":\"https:\\\/\\\/www.bellunopress.it\\\/#organization\"},\"potentialAction\":[{\"@type\":\"SearchAction\",\"target\":{\"@type\":\"EntryPoint\",\"urlTemplate\":\"https:\\\/\\\/www.bellunopress.it\\\/?s={search_term_string}\"},\"query-input\":{\"@type\":\"PropertyValueSpecification\",\"valueRequired\":true,\"valueName\":\"search_term_string\"}}],\"inLanguage\":\"fr-FR\"},{\"@type\":\"Organization\",\"@id\":\"https:\\\/\\\/www.bellunopress.it\\\/#organization\",\"name\":\"Bellunopress\",\"url\":\"https:\\\/\\\/www.bellunopress.it\\\/\",\"logo\":{\"@type\":\"ImageObject\",\"inLanguage\":\"fr-FR\",\"@id\":\"https:\\\/\\\/www.bellunopress.it\\\/#\\\/schema\\\/logo\\\/image\\\/\",\"url\":\"https:\\\/\\\/www.bellunopress.it\\\/wp-content\\\/uploads\\\/2011\\\/05\\\/cropped-logo-bellunopress-.jpg\",\"contentUrl\":\"https:\\\/\\\/www.bellunopress.it\\\/wp-content\\\/uploads\\\/2011\\\/05\\\/cropped-logo-bellunopress-.jpg\",\"width\":512,\"height\":512,\"caption\":\"Bellunopress\"},\"image\":{\"@id\":\"https:\\\/\\\/www.bellunopress.it\\\/#\\\/schema\\\/logo\\\/image\\\/\"},\"sameAs\":[\"https:\\\/\\\/www.facebook.com\\\/profile.php?id=100008943462799\",\"https:\\\/\\\/x.com\\\/bellunopress\",\"https:\\\/\\\/www.linkedin.com\\\/hp\\\/?dnr=JBzUWaJfMUw8vbXJJ2tVW5-I3jZKvC4wsoxE&amp;amp;amp;amp;amp;amp;trk=nav_responsive_tab_home\",\"https:\\\/\\\/www.youtube.com\\\/channel\\\/UCxL0wu1uN0_3_7hGG0306cw\"]},{\"@type\":\"Person\",\"@id\":\"https:\\\/\\\/www.bellunopress.it\\\/#\\\/schema\\\/person\\\/79bb06722b37ece1c03d3e94beb30d73\",\"name\":\"redazione\",\"image\":{\"@type\":\"ImageObject\",\"inLanguage\":\"fr-FR\",\"@id\":\"https:\\\/\\\/secure.gravatar.com\\\/avatar\\\/37d968a2e67a6fd04c169c4bdef102d0bc5d31b2546345219e348575eb80e9a0?s=96&d=mm&r=g\",\"url\":\"https:\\\/\\\/secure.gravatar.com\\\/avatar\\\/37d968a2e67a6fd04c169c4bdef102d0bc5d31b2546345219e348575eb80e9a0?s=96&d=mm&r=g\",\"contentUrl\":\"https:\\\/\\\/secure.gravatar.com\\\/avatar\\\/37d968a2e67a6fd04c169c4bdef102d0bc5d31b2546345219e348575eb80e9a0?s=96&d=mm&r=g\",\"caption\":\"redazione\"},\"sameAs\":[\"http:\\\/\\\/www.bellunopress.it\",\"https:\\\/\\\/x.com\\\/bellunopress\"],\"url\":\"https:\\\/\\\/www.bellunopress.it\\\/fr\\\/author\\\/redazione\\\/\"}]}<\/script>\n<!-- \/ Yoast SEO plugin. -->","yoast_head_json":{"title":"Vertenza Hydro Feltre. Stefano Bona (Fiom): al Ministero il 19 maggio aspettiamo le dovute concrete risposte per i lavoratori e le lavoratrici - Bellunopress - Dolomiti","robots":{"index":"index","follow":"follow","max-snippet":"max-snippet:-1","max-image-preview":"max-image-preview:large","max-video-preview":"max-video-preview:-1"},"canonical":"https:\/\/www.bellunopress.it\/fr\/2026\/05\/17\/vertenza-hydro-feltre-stefano-bona-fiom-al-ministero-il-19-maggio-aspettiamo-le-dovute-concrete-risposte-per-i-lavoratori-e-le-lavoratrici\/","og_locale":"fr_FR","og_type":"article","og_title":"Vertenza Hydro Feltre. Stefano Bona (Fiom): al Ministero il 19 maggio aspettiamo le dovute concrete risposte per i lavoratori e le lavoratrici - Bellunopress - Dolomiti","og_description":"Marted\u00ec 19 maggio \u00e8 convocato al Ministero delle Imprese e del Made in Italy il tavolo sulla vertenza Hydro. Le lavoratrici e i lavoratori dello stabilimento feltrino, da mesi lasciati nell&#8217;incertezza e ancora in cassa integrazione a zero ore, meritano finalmente risposte chiare, concrete e definitive. &#8220;Come Fiom Cgil ci attendiamo che Hydro e l&#8217;advisor [&hellip;]","og_url":"https:\/\/www.bellunopress.it\/fr\/2026\/05\/17\/vertenza-hydro-feltre-stefano-bona-fiom-al-ministero-il-19-maggio-aspettiamo-le-dovute-concrete-risposte-per-i-lavoratori-e-le-lavoratrici\/","og_site_name":"Bellunopress - Dolomiti","article_publisher":"https:\/\/www.facebook.com\/profile.php?id=100008943462799","article_published_time":"2026-05-17T14:41:43+00:00","og_image":[{"width":1000,"height":750,"url":"https:\/\/www.bellunopress.it\/wp-content\/uploads\/2025\/03\/Stefano-Bona-Fiom.jpg","type":"image\/jpeg"}],"author":"redazione","twitter_card":"summary_large_image","twitter_creator":"@bellunopress","twitter_site":"@bellunopress","twitter_misc":{"\u00c9crit par":"redazione","Dur\u00e9e de lecture estim\u00e9e":"2 minutes"},"schema":{"@context":"https:\/\/schema.org","@graph":[{"@type":"Article","@id":"https:\/\/www.bellunopress.it\/2026\/05\/17\/vertenza-hydro-feltre-stefano-bona-fiom-al-ministero-il-19-maggio-aspettiamo-le-dovute-concrete-risposte-per-i-lavoratori-e-le-lavoratrici\/#article","isPartOf":{"@id":"https:\/\/www.bellunopress.it\/2026\/05\/17\/vertenza-hydro-feltre-stefano-bona-fiom-al-ministero-il-19-maggio-aspettiamo-le-dovute-concrete-risposte-per-i-lavoratori-e-le-lavoratrici\/"},"author":{"name":"redazione","@id":"https:\/\/www.bellunopress.it\/#\/schema\/person\/79bb06722b37ece1c03d3e94beb30d73"},"headline":"Vertenza Hydro Feltre. Stefano Bona (Fiom): al Ministero il 19 maggio aspettiamo le dovute concrete risposte per i lavoratori e le lavoratrici","datePublished":"2026-05-17T14:41:43+00:00","mainEntityOfPage":{"@id":"https:\/\/www.bellunopress.it\/2026\/05\/17\/vertenza-hydro-feltre-stefano-bona-fiom-al-ministero-il-19-maggio-aspettiamo-le-dovute-concrete-risposte-per-i-lavoratori-e-le-lavoratrici\/"},"wordCount":312,"publisher":{"@id":"https:\/\/www.bellunopress.it\/#organization"},"image":{"@id":"https:\/\/www.bellunopress.it\/2026\/05\/17\/vertenza-hydro-feltre-stefano-bona-fiom-al-ministero-il-19-maggio-aspettiamo-le-dovute-concrete-risposte-per-i-lavoratori-e-le-lavoratrici\/#primaryimage"},"thumbnailUrl":"https:\/\/www.bellunopress.it\/wp-content\/uploads\/2025\/03\/Stefano-Bona-Fiom.jpg","articleSection":["Lavoro, Economia, Turismo","Prima Pagina"],"inLanguage":"fr-FR"},{"@type":"WebPage","@id":"https:\/\/www.bellunopress.it\/2026\/05\/17\/vertenza-hydro-feltre-stefano-bona-fiom-al-ministero-il-19-maggio-aspettiamo-le-dovute-concrete-risposte-per-i-lavoratori-e-le-lavoratrici\/","url":"https:\/\/www.bellunopress.it\/2026\/05\/17\/vertenza-hydro-feltre-stefano-bona-fiom-al-ministero-il-19-maggio-aspettiamo-le-dovute-concrete-risposte-per-i-lavoratori-e-le-lavoratrici\/","name":"Vertenza Hydro Feltre. Stefano Bona (Fiom): al Ministero il 19 maggio aspettiamo le dovute concrete risposte per i lavoratori e le lavoratrici - Bellunopress - Dolomiti","isPartOf":{"@id":"https:\/\/www.bellunopress.it\/#website"},"primaryImageOfPage":{"@id":"https:\/\/www.bellunopress.it\/2026\/05\/17\/vertenza-hydro-feltre-stefano-bona-fiom-al-ministero-il-19-maggio-aspettiamo-le-dovute-concrete-risposte-per-i-lavoratori-e-le-lavoratrici\/#primaryimage"},"image":{"@id":"https:\/\/www.bellunopress.it\/2026\/05\/17\/vertenza-hydro-feltre-stefano-bona-fiom-al-ministero-il-19-maggio-aspettiamo-le-dovute-concrete-risposte-per-i-lavoratori-e-le-lavoratrici\/#primaryimage"},"thumbnailUrl":"https:\/\/www.bellunopress.it\/wp-content\/uploads\/2025\/03\/Stefano-Bona-Fiom.jpg","datePublished":"2026-05-17T14:41:43+00:00","breadcrumb":{"@id":"https:\/\/www.bellunopress.it\/2026\/05\/17\/vertenza-hydro-feltre-stefano-bona-fiom-al-ministero-il-19-maggio-aspettiamo-le-dovute-concrete-risposte-per-i-lavoratori-e-le-lavoratrici\/#breadcrumb"},"inLanguage":"fr-FR","potentialAction":[{"@type":"ReadAction","target":["https:\/\/www.bellunopress.it\/2026\/05\/17\/vertenza-hydro-feltre-stefano-bona-fiom-al-ministero-il-19-maggio-aspettiamo-le-dovute-concrete-risposte-per-i-lavoratori-e-le-lavoratrici\/"]}]},{"@type":"ImageObject","inLanguage":"fr-FR","@id":"https:\/\/www.bellunopress.it\/2026\/05\/17\/vertenza-hydro-feltre-stefano-bona-fiom-al-ministero-il-19-maggio-aspettiamo-le-dovute-concrete-risposte-per-i-lavoratori-e-le-lavoratrici\/#primaryimage","url":"https:\/\/www.bellunopress.it\/wp-content\/uploads\/2025\/03\/Stefano-Bona-Fiom.jpg","contentUrl":"https:\/\/www.bellunopress.it\/wp-content\/uploads\/2025\/03\/Stefano-Bona-Fiom.jpg","width":1000,"height":750,"caption":"Stefano Bona, segretario generale della FIOM di Belluno"},{"@type":"BreadcrumbList","@id":"https:\/\/www.bellunopress.it\/2026\/05\/17\/vertenza-hydro-feltre-stefano-bona-fiom-al-ministero-il-19-maggio-aspettiamo-le-dovute-concrete-risposte-per-i-lavoratori-e-le-lavoratrici\/#breadcrumb","itemListElement":[{"@type":"ListItem","position":1,"name":"Home","item":"https:\/\/www.bellunopress.it\/"},{"@type":"ListItem","position":2,"name":"Vertenza Hydro Feltre. Stefano Bona (Fiom): al Ministero il 19 maggio aspettiamo le dovute concrete risposte per i lavoratori e le lavoratrici"}]},{"@type":"WebSite","@id":"https:\/\/www.bellunopress.it\/#website","url":"https:\/\/www.bellunopress.it\/","name":"Bellunopress - Dolomiti","description":"e-mail: redazione@bellunopress.it","publisher":{"@id":"https:\/\/www.bellunopress.it\/#organization"},"potentialAction":[{"@type":"SearchAction","target":{"@type":"EntryPoint","urlTemplate":"https:\/\/www.bellunopress.it\/?s={search_term_string}"},"query-input":{"@type":"PropertyValueSpecification","valueRequired":true,"valueName":"search_term_string"}}],"inLanguage":"fr-FR"},{"@type":"Organization","@id":"https:\/\/www.bellunopress.it\/#organization","name":"Bellunopress","url":"https:\/\/www.bellunopress.it\/","logo":{"@type":"ImageObject","inLanguage":"fr-FR","@id":"https:\/\/www.bellunopress.it\/#\/schema\/logo\/image\/","url":"https:\/\/www.bellunopress.it\/wp-content\/uploads\/2011\/05\/cropped-logo-bellunopress-.jpg","contentUrl":"https:\/\/www.bellunopress.it\/wp-content\/uploads\/2011\/05\/cropped-logo-bellunopress-.jpg","width":512,"height":512,"caption":"Bellunopress"},"image":{"@id":"https:\/\/www.bellunopress.it\/#\/schema\/logo\/image\/"},"sameAs":["https:\/\/www.facebook.com\/profile.php?id=100008943462799","https:\/\/x.com\/bellunopress","https:\/\/www.linkedin.com\/hp\/?dnr=JBzUWaJfMUw8vbXJJ2tVW5-I3jZKvC4wsoxE&amp;amp;amp;amp;amp;amp;trk=nav_responsive_tab_home","https:\/\/www.youtube.com\/channel\/UCxL0wu1uN0_3_7hGG0306cw"]},{"@type":"Person","@id":"https:\/\/www.bellunopress.it\/#\/schema\/person\/79bb06722b37ece1c03d3e94beb30d73","name":"r\u00e9daction","image":{"@type":"ImageObject","inLanguage":"fr-FR","@id":"https:\/\/secure.gravatar.com\/avatar\/37d968a2e67a6fd04c169c4bdef102d0bc5d31b2546345219e348575eb80e9a0?s=96&d=mm&r=g","url":"https:\/\/secure.gravatar.com\/avatar\/37d968a2e67a6fd04c169c4bdef102d0bc5d31b2546345219e348575eb80e9a0?s=96&d=mm&r=g","contentUrl":"https:\/\/secure.gravatar.com\/avatar\/37d968a2e67a6fd04c169c4bdef102d0bc5d31b2546345219e348575eb80e9a0?s=96&d=mm&r=g","caption":"redazione"},"sameAs":["http:\/\/www.bellunopress.it","https:\/\/x.com\/bellunopress"],"url":"https:\/\/www.bellunopress.it\/fr\/author\/redazione\/"}]}},"_links":{"self":[{"href":"https:\/\/www.bellunopress.it\/fr\/wp-json\/wp\/v2\/posts\/170197","targetHints":{"allow":["GET"]}}],"collection":[{"href":"https:\/\/www.bellunopress.it\/fr\/wp-json\/wp\/v2\/posts"}],"about":[{"href":"https:\/\/www.bellunopress.it\/fr\/wp-json\/wp\/v2\/types\/post"}],"author":[{"embeddable":true,"href":"https:\/\/www.bellunopress.it\/fr\/wp-json\/wp\/v2\/users\/2"}],"replies":[{"embeddable":true,"href":"https:\/\/www.bellunopress.it\/fr\/wp-json\/wp\/v2\/comments?post=170197"}],"version-history":[{"count":1,"href":"https:\/\/www.bellunopress.it\/fr\/wp-json\/wp\/v2\/posts\/170197\/revisions"}],"predecessor-version":[{"id":170198,"href":"https:\/\/www.bellunopress.it\/fr\/wp-json\/wp\/v2\/posts\/170197\/revisions\/170198"}],"wp:featuredmedia":[{"embeddable":true,"href":"https:\/\/www.bellunopress.it\/fr\/wp-json\/wp\/v2\/media\/158927"}],"wp:attachment":[{"href":"https:\/\/www.bellunopress.it\/fr\/wp-json\/wp\/v2\/media?parent=170197"}],"wp:term":[{"taxonomy":"category","embeddable":true,"href":"https:\/\/www.bellunopress.it\/fr\/wp-json\/wp\/v2\/categories?post=170197"},{"taxonomy":"post_tag","embeddable":true,"href":"https:\/\/www.bellunopress.it\/fr\/wp-json\/wp\/v2\/tags?post=170197"}],"curies":[{"name":"wp","href":"https:\/\/api.w.org\/{rel}","templated":true}]}}