{"id":170193,"date":"2026-05-17T15:29:34","date_gmt":"2026-05-17T13:29:34","guid":{"rendered":"https:\/\/www.bellunopress.it\/?p=170193"},"modified":"2026-05-17T15:29:34","modified_gmt":"2026-05-17T13:29:34","slug":"feltre-rotatorie-ai-privati-assegnate-le-prime-aree","status":"publish","type":"post","link":"https:\/\/www.bellunopress.it\/fr\/2026\/05\/17\/feltre-rotatorie-ai-privati-assegnate-le-prime-aree\/","title":{"rendered":"Feltre, rotatorie ai privati: assegnate le prime aree"},"content":{"rendered":"<p><strong>A breve un nuovo bando<\/strong><\/p>\n<p>A Feltre le rotatorie diventano spazi da curare e valorizzare attraverso la collaborazione tra Comune, cittadini, associazioni e aziende del territorio. Dopo il bando promosso nei mesi scorsi dall\u2019Amministrazione Fusaro per affidare ai privati la manutenzione e la sistemazione delle aree verdi stradali, la Giunta ha approvato nei giorni scorsi l\u2019assegnazione delle prime rotatorie a chi ne aveva fatto richiesta.<\/p>\n<p>\u201c\u00c8 un progetto in cui crediamo molto perch\u00e9 mette insieme attenzione per la Citt\u00e0, partecipazione e collaborazione concreta tra pubblico e privato \u2013 commenta il sindaco Viviana Fusaro \u2013. La cura degli spazi pubblici pu\u00f2 diventare un impegno condiviso e questa iniziativa dimostra come il territorio sia pronto a rispondere in maniera positiva quando viene coinvolto direttamente. Da una parte la comunit\u00e0 beneficia di aree pi\u00f9 curate e ordinate, dall\u2019altra aziende, associazioni e cittadini hanno la possibilit\u00e0 di contribuire in modo visibile alla valorizzazione di Feltre, legando il proprio nome a un intervento utile per tutti. \u00c8 anche un modo per rafforzare il senso di appartenenza e l\u2019attenzione verso gli spazi comuni\u201d.<\/p>\n<p>L\u2019INIZIATIVA<br \/>\nL\u2019iniziativa nasce nell\u2019ambito del regolamento \u201cFeltre per la Democrazia dei Beni Comuni\u201d e punta a rafforzare il senso civico e la partecipazione attiva della comunit\u00e0 nella cura degli spazi pubblici. I soggetti aderenti si occuperanno infatti, a proprie cure e spese, della manutenzione ordinaria delle rotatorie, del taglio dell\u2019erba e della loro valorizzazione, con la possibilit\u00e0 di inserire anche elementi ornamentali, floreali o decorativi legati alla propria attivit\u00e0 o identit\u00e0, ottenendo in cambio una forma di visibilit\u00e0.<br \/>\nCon il primo bando sono state assegnate le rotatorie \u201cVigili del Fuoco\u201d, \u201cVia Vignigole\u201d, \u201cCellarda\u201d, \u201cOspedale\u201d e \u201cFoen\u201d, che nei prossimi mesi saranno interessate dagli interventi previsti dai soggetti che ne hanno ottenuto la gestione.<br \/>\nL\u2019Amministrazione \u00e8 gi\u00e0 al lavoro anche su un secondo avviso pubblico che riguarder\u00e0 le aree ancora disponibili: \u201cFusinetta\u201d, \u201cIndustrie\u201d, \u201cTonin\u201d, \u201cPasquer\u201d, \u201cAltanon Nord\u201d, \u201cStazione\u201d, \u201cAltanon\u201d, \u201cStadio nord\u201d e \u201cPonte Tomo\u201d.<br \/>\nRispetto al primo bando, il nuovo avviso avr\u00e0 tempistiche pi\u00f9 ampie, con una scadenza indicativamente prevista entro la fine dell\u2019estate, cos\u00ec da consentire ai partecipanti di elaborare eventuali progetti di arredo e sistemazione.<\/p>\n<p>\u201cLa risposta ricevuta \u00e8 stata molto positiva e desidero ringraziare tutte le realt\u00e0 che hanno scelto di aderire \u2013 sottolinea il consigliere comunale Sebastiano Slongo, che ha seguito operativamente il progetto \u2013. Le rotatorie sono uno dei<br \/>\nprimi elementi che si incontrano entrando in Citt\u00e0 e contribuiscono a dare un\u2019immagine immediata di Feltre. L\u2019idea \u00e8 quella di trasformarle in spazi ancora pi\u00f9 curati, riconoscibili e capaci di valorizzare il territorio, non semplicemente in aree verdi da mantenere. Con il secondo bando vogliamo dare ancora pi\u00f9 possibilit\u00e0 a cittadini, associazioni e aziende di partecipare, prendendosi il tempo necessario per sviluppare proposte di qualit\u00e0 al fine di gestire la parte verde e, allo stesso tempo, di mettere in evidenza la propria attivit\u00e0 economica o associativa\u201d.<\/p>","protected":false},"excerpt":{"rendered":"<p>A breve un nuovo bando A Feltre le rotatorie diventano spazi da curare e valorizzare attraverso la collaborazione tra Comune, cittadini, associazioni e aziende del territorio. Dopo il bando promosso nei mesi scorsi dall\u2019Amministrazione Fusaro per affidare ai privati la manutenzione e la sistemazione delle aree verdi stradali, la Giunta ha approvato nei giorni scorsi [&hellip;]<\/p>\n","protected":false},"author":2,"featured_media":156504,"comment_status":"closed","ping_status":"open","sticky":false,"template":"","format":"standard","meta":{"footnotes":""},"categories":[26,8],"tags":[],"class_list":["post-170193","post","type-post","status-publish","format-standard","has-post-thumbnail","category-prima-pagina","category-societa-istituzioni"],"yoast_head":"<!-- This site is optimized with the Yoast SEO plugin v28.4 - https:\/\/yoast.com\/product\/yoast-seo-wordpress\/ -->\n<title>Feltre, rotatorie ai privati: assegnate le prime aree - Bellunopress - Dolomiti<\/title>\n<meta name=\"robots\" content=\"index, follow, max-snippet:-1, max-image-preview:large, max-video-preview:-1\" \/>\n<link rel=\"canonical\" href=\"https:\/\/www.bellunopress.it\/fr\/2026\/05\/17\/feltre-rotatorie-ai-privati-assegnate-le-prime-aree\/\" \/>\n<meta property=\"og:locale\" content=\"fr_FR\" \/>\n<meta property=\"og:type\" content=\"article\" \/>\n<meta property=\"og:title\" content=\"Feltre, rotatorie ai privati: assegnate le prime aree - Bellunopress - Dolomiti\" \/>\n<meta property=\"og:description\" content=\"A breve un nuovo bando A Feltre le rotatorie diventano spazi da curare e valorizzare attraverso la collaborazione tra Comune, cittadini, associazioni e aziende del territorio. Dopo il bando promosso nei mesi scorsi dall\u2019Amministrazione Fusaro per affidare ai privati la manutenzione e la sistemazione delle aree verdi stradali, la Giunta ha approvato nei giorni scorsi [&hellip;]\" \/>\n<meta property=\"og:url\" content=\"https:\/\/www.bellunopress.it\/fr\/2026\/05\/17\/feltre-rotatorie-ai-privati-assegnate-le-prime-aree\/\" \/>\n<meta property=\"og:site_name\" content=\"Bellunopress - Dolomiti\" \/>\n<meta property=\"article:publisher\" content=\"https:\/\/www.facebook.com\/profile.php?id=100008943462799\" \/>\n<meta property=\"article:published_time\" content=\"2026-05-17T13:29:34+00:00\" \/>\n<meta property=\"og:image\" content=\"https:\/\/www.bellunopress.it\/wp-content\/uploads\/2024\/12\/Viviana-Fusaro-sindco-di-Feltre-in-Piazza-Maggiore_edited.jpg\" \/>\n\t<meta property=\"og:image:width\" content=\"1000\" \/>\n\t<meta property=\"og:image:height\" content=\"750\" \/>\n\t<meta property=\"og:image:type\" content=\"image\/jpeg\" \/>\n<meta name=\"author\" content=\"redazione\" \/>\n<meta name=\"twitter:card\" content=\"summary_large_image\" \/>\n<meta name=\"twitter:creator\" content=\"@bellunopress\" \/>\n<meta name=\"twitter:site\" content=\"@bellunopress\" \/>\n<meta name=\"twitter:label1\" content=\"\u00c9crit par\" \/>\n\t<meta name=\"twitter:data1\" content=\"redazione\" \/>\n\t<meta name=\"twitter:label2\" content=\"Dur\u00e9e de lecture estim\u00e9e\" \/>\n\t<meta name=\"twitter:data2\" content=\"3 minutes\" \/>\n<script type=\"application\/ld+json\" class=\"yoast-schema-graph\">{\"@context\":\"https:\\\/\\\/schema.org\",\"@graph\":[{\"@type\":\"Article\",\"@id\":\"https:\\\/\\\/www.bellunopress.it\\\/2026\\\/05\\\/17\\\/feltre-rotatorie-ai-privati-assegnate-le-prime-aree\\\/#article\",\"isPartOf\":{\"@id\":\"https:\\\/\\\/www.bellunopress.it\\\/2026\\\/05\\\/17\\\/feltre-rotatorie-ai-privati-assegnate-le-prime-aree\\\/\"},\"author\":{\"name\":\"redazione\",\"@id\":\"https:\\\/\\\/www.bellunopress.it\\\/#\\\/schema\\\/person\\\/79bb06722b37ece1c03d3e94beb30d73\"},\"headline\":\"Feltre, rotatorie ai privati: assegnate le prime aree\",\"datePublished\":\"2026-05-17T13:29:34+00:00\",\"mainEntityOfPage\":{\"@id\":\"https:\\\/\\\/www.bellunopress.it\\\/2026\\\/05\\\/17\\\/feltre-rotatorie-ai-privati-assegnate-le-prime-aree\\\/\"},\"wordCount\":487,\"publisher\":{\"@id\":\"https:\\\/\\\/www.bellunopress.it\\\/#organization\"},\"image\":{\"@id\":\"https:\\\/\\\/www.bellunopress.it\\\/2026\\\/05\\\/17\\\/feltre-rotatorie-ai-privati-assegnate-le-prime-aree\\\/#primaryimage\"},\"thumbnailUrl\":\"https:\\\/\\\/www.bellunopress.it\\\/wp-content\\\/uploads\\\/2024\\\/12\\\/Viviana-Fusaro-sindco-di-Feltre-in-Piazza-Maggiore_edited.jpg\",\"articleSection\":[\"Prima Pagina\",\"Societ\u00e0, Associazioni, Istituzioni\"],\"inLanguage\":\"fr-FR\"},{\"@type\":\"WebPage\",\"@id\":\"https:\\\/\\\/www.bellunopress.it\\\/2026\\\/05\\\/17\\\/feltre-rotatorie-ai-privati-assegnate-le-prime-aree\\\/\",\"url\":\"https:\\\/\\\/www.bellunopress.it\\\/2026\\\/05\\\/17\\\/feltre-rotatorie-ai-privati-assegnate-le-prime-aree\\\/\",\"name\":\"Feltre, rotatorie ai privati: assegnate le prime aree - Bellunopress - Dolomiti\",\"isPartOf\":{\"@id\":\"https:\\\/\\\/www.bellunopress.it\\\/#website\"},\"primaryImageOfPage\":{\"@id\":\"https:\\\/\\\/www.bellunopress.it\\\/2026\\\/05\\\/17\\\/feltre-rotatorie-ai-privati-assegnate-le-prime-aree\\\/#primaryimage\"},\"image\":{\"@id\":\"https:\\\/\\\/www.bellunopress.it\\\/2026\\\/05\\\/17\\\/feltre-rotatorie-ai-privati-assegnate-le-prime-aree\\\/#primaryimage\"},\"thumbnailUrl\":\"https:\\\/\\\/www.bellunopress.it\\\/wp-content\\\/uploads\\\/2024\\\/12\\\/Viviana-Fusaro-sindco-di-Feltre-in-Piazza-Maggiore_edited.jpg\",\"datePublished\":\"2026-05-17T13:29:34+00:00\",\"breadcrumb\":{\"@id\":\"https:\\\/\\\/www.bellunopress.it\\\/2026\\\/05\\\/17\\\/feltre-rotatorie-ai-privati-assegnate-le-prime-aree\\\/#breadcrumb\"},\"inLanguage\":\"fr-FR\",\"potentialAction\":[{\"@type\":\"ReadAction\",\"target\":[\"https:\\\/\\\/www.bellunopress.it\\\/2026\\\/05\\\/17\\\/feltre-rotatorie-ai-privati-assegnate-le-prime-aree\\\/\"]}]},{\"@type\":\"ImageObject\",\"inLanguage\":\"fr-FR\",\"@id\":\"https:\\\/\\\/www.bellunopress.it\\\/2026\\\/05\\\/17\\\/feltre-rotatorie-ai-privati-assegnate-le-prime-aree\\\/#primaryimage\",\"url\":\"https:\\\/\\\/www.bellunopress.it\\\/wp-content\\\/uploads\\\/2024\\\/12\\\/Viviana-Fusaro-sindco-di-Feltre-in-Piazza-Maggiore_edited.jpg\",\"contentUrl\":\"https:\\\/\\\/www.bellunopress.it\\\/wp-content\\\/uploads\\\/2024\\\/12\\\/Viviana-Fusaro-sindco-di-Feltre-in-Piazza-Maggiore_edited.jpg\",\"width\":1000,\"height\":750,\"caption\":\"Viviana Fusaro, sindaco di Feltre - Piazza Maggiore, Feltre\"},{\"@type\":\"BreadcrumbList\",\"@id\":\"https:\\\/\\\/www.bellunopress.it\\\/2026\\\/05\\\/17\\\/feltre-rotatorie-ai-privati-assegnate-le-prime-aree\\\/#breadcrumb\",\"itemListElement\":[{\"@type\":\"ListItem\",\"position\":1,\"name\":\"Home\",\"item\":\"https:\\\/\\\/www.bellunopress.it\\\/\"},{\"@type\":\"ListItem\",\"position\":2,\"name\":\"Feltre, rotatorie ai privati: assegnate le prime aree\"}]},{\"@type\":\"WebSite\",\"@id\":\"https:\\\/\\\/www.bellunopress.it\\\/#website\",\"url\":\"https:\\\/\\\/www.bellunopress.it\\\/\",\"name\":\"Bellunopress - Dolomiti\",\"description\":\"e-mail: redazione@bellunopress.it\",\"publisher\":{\"@id\":\"https:\\\/\\\/www.bellunopress.it\\\/#organization\"},\"potentialAction\":[{\"@type\":\"SearchAction\",\"target\":{\"@type\":\"EntryPoint\",\"urlTemplate\":\"https:\\\/\\\/www.bellunopress.it\\\/?s={search_term_string}\"},\"query-input\":{\"@type\":\"PropertyValueSpecification\",\"valueRequired\":true,\"valueName\":\"search_term_string\"}}],\"inLanguage\":\"fr-FR\"},{\"@type\":\"Organization\",\"@id\":\"https:\\\/\\\/www.bellunopress.it\\\/#organization\",\"name\":\"Bellunopress\",\"url\":\"https:\\\/\\\/www.bellunopress.it\\\/\",\"logo\":{\"@type\":\"ImageObject\",\"inLanguage\":\"fr-FR\",\"@id\":\"https:\\\/\\\/www.bellunopress.it\\\/#\\\/schema\\\/logo\\\/image\\\/\",\"url\":\"https:\\\/\\\/www.bellunopress.it\\\/wp-content\\\/uploads\\\/2011\\\/05\\\/cropped-logo-bellunopress-.jpg\",\"contentUrl\":\"https:\\\/\\\/www.bellunopress.it\\\/wp-content\\\/uploads\\\/2011\\\/05\\\/cropped-logo-bellunopress-.jpg\",\"width\":512,\"height\":512,\"caption\":\"Bellunopress\"},\"image\":{\"@id\":\"https:\\\/\\\/www.bellunopress.it\\\/#\\\/schema\\\/logo\\\/image\\\/\"},\"sameAs\":[\"https:\\\/\\\/www.facebook.com\\\/profile.php?id=100008943462799\",\"https:\\\/\\\/x.com\\\/bellunopress\",\"https:\\\/\\\/www.linkedin.com\\\/hp\\\/?dnr=JBzUWaJfMUw8vbXJJ2tVW5-I3jZKvC4wsoxE&amp;amp;amp;amp;amp;amp;trk=nav_responsive_tab_home\",\"https:\\\/\\\/www.youtube.com\\\/channel\\\/UCxL0wu1uN0_3_7hGG0306cw\"]},{\"@type\":\"Person\",\"@id\":\"https:\\\/\\\/www.bellunopress.it\\\/#\\\/schema\\\/person\\\/79bb06722b37ece1c03d3e94beb30d73\",\"name\":\"redazione\",\"image\":{\"@type\":\"ImageObject\",\"inLanguage\":\"fr-FR\",\"@id\":\"https:\\\/\\\/secure.gravatar.com\\\/avatar\\\/37d968a2e67a6fd04c169c4bdef102d0bc5d31b2546345219e348575eb80e9a0?s=96&d=mm&r=g\",\"url\":\"https:\\\/\\\/secure.gravatar.com\\\/avatar\\\/37d968a2e67a6fd04c169c4bdef102d0bc5d31b2546345219e348575eb80e9a0?s=96&d=mm&r=g\",\"contentUrl\":\"https:\\\/\\\/secure.gravatar.com\\\/avatar\\\/37d968a2e67a6fd04c169c4bdef102d0bc5d31b2546345219e348575eb80e9a0?s=96&d=mm&r=g\",\"caption\":\"redazione\"},\"sameAs\":[\"http:\\\/\\\/www.bellunopress.it\",\"https:\\\/\\\/x.com\\\/bellunopress\"],\"url\":\"https:\\\/\\\/www.bellunopress.it\\\/fr\\\/author\\\/redazione\\\/\"}]}<\/script>\n<!-- \/ Yoast SEO plugin. -->","yoast_head_json":{"title":"Feltre, rotatorie ai privati: assegnate le prime aree - Bellunopress - Dolomiti","robots":{"index":"index","follow":"follow","max-snippet":"max-snippet:-1","max-image-preview":"max-image-preview:large","max-video-preview":"max-video-preview:-1"},"canonical":"https:\/\/www.bellunopress.it\/fr\/2026\/05\/17\/feltre-rotatorie-ai-privati-assegnate-le-prime-aree\/","og_locale":"fr_FR","og_type":"article","og_title":"Feltre, rotatorie ai privati: assegnate le prime aree - Bellunopress - Dolomiti","og_description":"A breve un nuovo bando A Feltre le rotatorie diventano spazi da curare e valorizzare attraverso la collaborazione tra Comune, cittadini, associazioni e aziende del territorio. Dopo il bando promosso nei mesi scorsi dall\u2019Amministrazione Fusaro per affidare ai privati la manutenzione e la sistemazione delle aree verdi stradali, la Giunta ha approvato nei giorni scorsi [&hellip;]","og_url":"https:\/\/www.bellunopress.it\/fr\/2026\/05\/17\/feltre-rotatorie-ai-privati-assegnate-le-prime-aree\/","og_site_name":"Bellunopress - Dolomiti","article_publisher":"https:\/\/www.facebook.com\/profile.php?id=100008943462799","article_published_time":"2026-05-17T13:29:34+00:00","og_image":[{"width":1000,"height":750,"url":"https:\/\/www.bellunopress.it\/wp-content\/uploads\/2024\/12\/Viviana-Fusaro-sindco-di-Feltre-in-Piazza-Maggiore_edited.jpg","type":"image\/jpeg"}],"author":"redazione","twitter_card":"summary_large_image","twitter_creator":"@bellunopress","twitter_site":"@bellunopress","twitter_misc":{"\u00c9crit par":"redazione","Dur\u00e9e de lecture estim\u00e9e":"3 minutes"},"schema":{"@context":"https:\/\/schema.org","@graph":[{"@type":"Article","@id":"https:\/\/www.bellunopress.it\/2026\/05\/17\/feltre-rotatorie-ai-privati-assegnate-le-prime-aree\/#article","isPartOf":{"@id":"https:\/\/www.bellunopress.it\/2026\/05\/17\/feltre-rotatorie-ai-privati-assegnate-le-prime-aree\/"},"author":{"name":"redazione","@id":"https:\/\/www.bellunopress.it\/#\/schema\/person\/79bb06722b37ece1c03d3e94beb30d73"},"headline":"Feltre, rotatorie ai privati: assegnate le prime aree","datePublished":"2026-05-17T13:29:34+00:00","mainEntityOfPage":{"@id":"https:\/\/www.bellunopress.it\/2026\/05\/17\/feltre-rotatorie-ai-privati-assegnate-le-prime-aree\/"},"wordCount":487,"publisher":{"@id":"https:\/\/www.bellunopress.it\/#organization"},"image":{"@id":"https:\/\/www.bellunopress.it\/2026\/05\/17\/feltre-rotatorie-ai-privati-assegnate-le-prime-aree\/#primaryimage"},"thumbnailUrl":"https:\/\/www.bellunopress.it\/wp-content\/uploads\/2024\/12\/Viviana-Fusaro-sindco-di-Feltre-in-Piazza-Maggiore_edited.jpg","articleSection":["Prima Pagina","Societ\u00e0, Associazioni, Istituzioni"],"inLanguage":"fr-FR"},{"@type":"WebPage","@id":"https:\/\/www.bellunopress.it\/2026\/05\/17\/feltre-rotatorie-ai-privati-assegnate-le-prime-aree\/","url":"https:\/\/www.bellunopress.it\/2026\/05\/17\/feltre-rotatorie-ai-privati-assegnate-le-prime-aree\/","name":"Feltre, rotatorie ai privati: assegnate le prime aree - Bellunopress - Dolomiti","isPartOf":{"@id":"https:\/\/www.bellunopress.it\/#website"},"primaryImageOfPage":{"@id":"https:\/\/www.bellunopress.it\/2026\/05\/17\/feltre-rotatorie-ai-privati-assegnate-le-prime-aree\/#primaryimage"},"image":{"@id":"https:\/\/www.bellunopress.it\/2026\/05\/17\/feltre-rotatorie-ai-privati-assegnate-le-prime-aree\/#primaryimage"},"thumbnailUrl":"https:\/\/www.bellunopress.it\/wp-content\/uploads\/2024\/12\/Viviana-Fusaro-sindco-di-Feltre-in-Piazza-Maggiore_edited.jpg","datePublished":"2026-05-17T13:29:34+00:00","breadcrumb":{"@id":"https:\/\/www.bellunopress.it\/2026\/05\/17\/feltre-rotatorie-ai-privati-assegnate-le-prime-aree\/#breadcrumb"},"inLanguage":"fr-FR","potentialAction":[{"@type":"ReadAction","target":["https:\/\/www.bellunopress.it\/2026\/05\/17\/feltre-rotatorie-ai-privati-assegnate-le-prime-aree\/"]}]},{"@type":"ImageObject","inLanguage":"fr-FR","@id":"https:\/\/www.bellunopress.it\/2026\/05\/17\/feltre-rotatorie-ai-privati-assegnate-le-prime-aree\/#primaryimage","url":"https:\/\/www.bellunopress.it\/wp-content\/uploads\/2024\/12\/Viviana-Fusaro-sindco-di-Feltre-in-Piazza-Maggiore_edited.jpg","contentUrl":"https:\/\/www.bellunopress.it\/wp-content\/uploads\/2024\/12\/Viviana-Fusaro-sindco-di-Feltre-in-Piazza-Maggiore_edited.jpg","width":1000,"height":750,"caption":"Viviana Fusaro, sindaco di Feltre - Piazza Maggiore, Feltre"},{"@type":"BreadcrumbList","@id":"https:\/\/www.bellunopress.it\/2026\/05\/17\/feltre-rotatorie-ai-privati-assegnate-le-prime-aree\/#breadcrumb","itemListElement":[{"@type":"ListItem","position":1,"name":"Home","item":"https:\/\/www.bellunopress.it\/"},{"@type":"ListItem","position":2,"name":"Feltre, rotatorie ai privati: assegnate le prime aree"}]},{"@type":"WebSite","@id":"https:\/\/www.bellunopress.it\/#website","url":"https:\/\/www.bellunopress.it\/","name":"Bellunopress - Dolomiti","description":"e-mail: redazione@bellunopress.it","publisher":{"@id":"https:\/\/www.bellunopress.it\/#organization"},"potentialAction":[{"@type":"SearchAction","target":{"@type":"EntryPoint","urlTemplate":"https:\/\/www.bellunopress.it\/?s={search_term_string}"},"query-input":{"@type":"PropertyValueSpecification","valueRequired":true,"valueName":"search_term_string"}}],"inLanguage":"fr-FR"},{"@type":"Organization","@id":"https:\/\/www.bellunopress.it\/#organization","name":"Bellunopress","url":"https:\/\/www.bellunopress.it\/","logo":{"@type":"ImageObject","inLanguage":"fr-FR","@id":"https:\/\/www.bellunopress.it\/#\/schema\/logo\/image\/","url":"https:\/\/www.bellunopress.it\/wp-content\/uploads\/2011\/05\/cropped-logo-bellunopress-.jpg","contentUrl":"https:\/\/www.bellunopress.it\/wp-content\/uploads\/2011\/05\/cropped-logo-bellunopress-.jpg","width":512,"height":512,"caption":"Bellunopress"},"image":{"@id":"https:\/\/www.bellunopress.it\/#\/schema\/logo\/image\/"},"sameAs":["https:\/\/www.facebook.com\/profile.php?id=100008943462799","https:\/\/x.com\/bellunopress","https:\/\/www.linkedin.com\/hp\/?dnr=JBzUWaJfMUw8vbXJJ2tVW5-I3jZKvC4wsoxE&amp;amp;amp;amp;amp;amp;trk=nav_responsive_tab_home","https:\/\/www.youtube.com\/channel\/UCxL0wu1uN0_3_7hGG0306cw"]},{"@type":"Person","@id":"https:\/\/www.bellunopress.it\/#\/schema\/person\/79bb06722b37ece1c03d3e94beb30d73","name":"r\u00e9daction","image":{"@type":"ImageObject","inLanguage":"fr-FR","@id":"https:\/\/secure.gravatar.com\/avatar\/37d968a2e67a6fd04c169c4bdef102d0bc5d31b2546345219e348575eb80e9a0?s=96&d=mm&r=g","url":"https:\/\/secure.gravatar.com\/avatar\/37d968a2e67a6fd04c169c4bdef102d0bc5d31b2546345219e348575eb80e9a0?s=96&d=mm&r=g","contentUrl":"https:\/\/secure.gravatar.com\/avatar\/37d968a2e67a6fd04c169c4bdef102d0bc5d31b2546345219e348575eb80e9a0?s=96&d=mm&r=g","caption":"redazione"},"sameAs":["http:\/\/www.bellunopress.it","https:\/\/x.com\/bellunopress"],"url":"https:\/\/www.bellunopress.it\/fr\/author\/redazione\/"}]}},"_links":{"self":[{"href":"https:\/\/www.bellunopress.it\/fr\/wp-json\/wp\/v2\/posts\/170193","targetHints":{"allow":["GET"]}}],"collection":[{"href":"https:\/\/www.bellunopress.it\/fr\/wp-json\/wp\/v2\/posts"}],"about":[{"href":"https:\/\/www.bellunopress.it\/fr\/wp-json\/wp\/v2\/types\/post"}],"author":[{"embeddable":true,"href":"https:\/\/www.bellunopress.it\/fr\/wp-json\/wp\/v2\/users\/2"}],"replies":[{"embeddable":true,"href":"https:\/\/www.bellunopress.it\/fr\/wp-json\/wp\/v2\/comments?post=170193"}],"version-history":[{"count":1,"href":"https:\/\/www.bellunopress.it\/fr\/wp-json\/wp\/v2\/posts\/170193\/revisions"}],"predecessor-version":[{"id":170194,"href":"https:\/\/www.bellunopress.it\/fr\/wp-json\/wp\/v2\/posts\/170193\/revisions\/170194"}],"wp:featuredmedia":[{"embeddable":true,"href":"https:\/\/www.bellunopress.it\/fr\/wp-json\/wp\/v2\/media\/156504"}],"wp:attachment":[{"href":"https:\/\/www.bellunopress.it\/fr\/wp-json\/wp\/v2\/media?parent=170193"}],"wp:term":[{"taxonomy":"category","embeddable":true,"href":"https:\/\/www.bellunopress.it\/fr\/wp-json\/wp\/v2\/categories?post=170193"},{"taxonomy":"post_tag","embeddable":true,"href":"https:\/\/www.bellunopress.it\/fr\/wp-json\/wp\/v2\/tags?post=170193"}],"curies":[{"name":"wp","href":"https:\/\/api.w.org\/{rel}","templated":true}]}}