{"id":170190,"date":"2026-05-17T13:28:34","date_gmt":"2026-05-17T11:28:34","guid":{"rendered":"https:\/\/www.bellunopress.it\/?p=170190"},"modified":"2026-05-17T13:28:34","modified_gmt":"2026-05-17T11:28:34","slug":"borgo-valbelluna-si-colora-di-gioia-con-giochiamo-2026-emozioniamoci","status":"publish","type":"post","link":"https:\/\/www.bellunopress.it\/fr\/2026\/05\/17\/borgo-valbelluna-si-colora-di-gioia-con-giochiamo-2026-emozioniamoci\/","title":{"rendered":"Borgo Valbelluna si colora di gioia con Giochiamo 2026, Emozioniamoci"},"content":{"rendered":"<h1 data-path-to-node=\"2\">Successo per l&#8217;iniziativa dedicata alla fascia 0-6 anni tra biodanza, laboratori creativi e tecnologie interattive nel cuore del Municipio<\/h1>\n<p data-path-to-node=\"3\">Borgo Valbelluna\u00a0\u2013 Le sale storiche del Palazzo Municipale hanno cambiato volto ieri mattina, sabato 16 maggio, trasformandosi in un vivace laboratorio a cielo aperto per i cittadini pi\u00f9 piccoli del comune. L\u2019iniziativa &#8220;Giochiamo 2026 \u2013 Emozioniamoci&#8221;, dedicata alla fascia d\u2019et\u00e0 0-6 anni, ha registrato un\u2019affluenza entusiasta, confermando l&#8217;importanza di spazi di condivisione tra istituzioni, famiglie e territorio.<\/p>\n<p data-path-to-node=\"4\">L\u2019evento, orchestrato dal Comune di Borgo Valbelluna in stretta sinergia con la cooperativa Portaperta, gli istituti scolastici, le associazioni e i professionisti locali, ha offerto un percorso immersivo volto a stimolare la creativit\u00e0 e la sfera emotiva dei bambini attraverso il gioco.<\/p>\n<p data-path-to-node=\"6\">Le attivit\u00e0 proposte hanno spaziato dalla motricit\u00e0 all&#8217;arte manuale, coinvolgendo attivamente le scuole dell\u2019infanzia locali:<\/p>\n<ul data-path-to-node=\"7\">\n<li>\n<p data-path-to-node=\"7,0,0\">Scuola di Carve: Ha incantato i piccoli con un laboratorio di biodanza, seguito dalla creazione artigianale di burattini realizzati con semplici calzini. Non sono mancate le postazioni di manipolazione, dove pasta morbida e farina sono diventate strumenti di scoperta sensoriale.<\/p>\n<\/li>\n<li>\n<p data-path-to-node=\"7,1,0\">Scuola di Villa di Villa: Ha saputo coniugare tradizione e innovazione, presentando cartelloni interattivi arricchiti da QR code, permettendo un\u2019esperienza multimediale a misura di bambino.<\/p>\n<\/li>\n<\/ul>\n<p data-path-to-node=\"9\">L\u2019organizzazione ha trasformato l\u2019evento in una vera &#8220;missione&#8221; ludica: all\u2019ingresso, ogni partecipante ha ricevuto una tessera speciale. Per ogni tre laboratori completati, i bambini hanno potuto guadagnare uno sticker, collezionando successi tra sorrisi e girandole colorate distribuite a tutti i presenti.<\/p>\n<blockquote data-path-to-node=\"10\">\n<h6 style=\"text-align: left;\" data-path-to-node=\"10,0\">&#8220;La grande partecipazione di genitori e bambini \u00e8 il segnale di quanto ci sia bisogno di occasioni di qualit\u00e0 per stare insieme,&#8221; commentano gli organizzatori.<\/h6>\n<\/blockquote>\n<p data-path-to-node=\"11\">L\u2019iniziativa si \u00e8 conclusa in un clima di grande allegria, lasciando ai piccoli abitanti di Borgo Valbelluna il ricordo di una mattinata in cui il Palazzo di citt\u00e0 \u00e8 diventato, per un giorno, la casa della fantasia e delle emozioni.<\/p>","protected":false},"excerpt":{"rendered":"<p>Successo per l&#8217;iniziativa dedicata alla fascia 0-6 anni tra biodanza, laboratori creativi e tecnologie interattive nel cuore del Municipio Borgo Valbelluna\u00a0\u2013 Le sale storiche del Palazzo Municipale hanno cambiato volto ieri mattina, sabato 16 maggio, trasformandosi in un vivace laboratorio a cielo aperto per i cittadini pi\u00f9 piccoli del comune. L\u2019iniziativa &#8220;Giochiamo 2026 \u2013 Emozioniamoci&#8221;, [&hellip;]<\/p>\n","protected":false},"author":2,"featured_media":170191,"comment_status":"closed","ping_status":"open","sticky":false,"template":"","format":"standard","meta":{"footnotes":""},"categories":[25,15],"tags":[],"class_list":["post-170190","post","type-post","status-publish","format-standard","has-post-thumbnail","category-pausa-caffe","category-scuola"],"yoast_head":"<!-- This site is optimized with the Yoast SEO plugin v28.4 - https:\/\/yoast.com\/product\/yoast-seo-wordpress\/ -->\n<title>Borgo Valbelluna si colora di gioia con Giochiamo 2026, Emozioniamoci - Bellunopress - Dolomiti<\/title>\n<meta name=\"robots\" content=\"index, follow, max-snippet:-1, max-image-preview:large, max-video-preview:-1\" \/>\n<link rel=\"canonical\" href=\"https:\/\/www.bellunopress.it\/fr\/2026\/05\/17\/borgo-valbelluna-si-colora-di-gioia-con-giochiamo-2026-emozioniamoci\/\" \/>\n<meta property=\"og:locale\" content=\"fr_FR\" \/>\n<meta property=\"og:type\" content=\"article\" \/>\n<meta property=\"og:title\" content=\"Borgo Valbelluna si colora di gioia con Giochiamo 2026, Emozioniamoci - Bellunopress - Dolomiti\" \/>\n<meta property=\"og:description\" content=\"Successo per l&#8217;iniziativa dedicata alla fascia 0-6 anni tra biodanza, laboratori creativi e tecnologie interattive nel cuore del Municipio Borgo Valbelluna\u00a0\u2013 Le sale storiche del Palazzo Municipale hanno cambiato volto ieri mattina, sabato 16 maggio, trasformandosi in un vivace laboratorio a cielo aperto per i cittadini pi\u00f9 piccoli del comune. L\u2019iniziativa &#8220;Giochiamo 2026 \u2013 Emozioniamoci&#8221;, [&hellip;]\" \/>\n<meta property=\"og:url\" content=\"https:\/\/www.bellunopress.it\/fr\/2026\/05\/17\/borgo-valbelluna-si-colora-di-gioia-con-giochiamo-2026-emozioniamoci\/\" \/>\n<meta property=\"og:site_name\" content=\"Bellunopress - Dolomiti\" \/>\n<meta property=\"article:publisher\" content=\"https:\/\/www.facebook.com\/profile.php?id=100008943462799\" \/>\n<meta property=\"article:published_time\" content=\"2026-05-17T11:28:34+00:00\" \/>\n<meta property=\"og:image\" content=\"https:\/\/www.bellunopress.it\/wp-content\/uploads\/2026\/05\/biodanza-Giochiamo-2026-Borgo-Valbelluna.jpeg\" \/>\n\t<meta property=\"og:image:width\" content=\"536\" \/>\n\t<meta property=\"og:image:height\" content=\"377\" \/>\n\t<meta property=\"og:image:type\" content=\"image\/jpeg\" \/>\n<meta name=\"author\" content=\"redazione\" \/>\n<meta name=\"twitter:card\" content=\"summary_large_image\" \/>\n<meta name=\"twitter:creator\" content=\"@bellunopress\" \/>\n<meta name=\"twitter:site\" content=\"@bellunopress\" \/>\n<meta name=\"twitter:label1\" content=\"\u00c9crit par\" \/>\n\t<meta name=\"twitter:data1\" content=\"redazione\" \/>\n\t<meta name=\"twitter:label2\" content=\"Dur\u00e9e de lecture estim\u00e9e\" \/>\n\t<meta name=\"twitter:data2\" content=\"2 minutes\" \/>\n<script type=\"application\/ld+json\" class=\"yoast-schema-graph\">{\"@context\":\"https:\\\/\\\/schema.org\",\"@graph\":[{\"@type\":\"Article\",\"@id\":\"https:\\\/\\\/www.bellunopress.it\\\/2026\\\/05\\\/17\\\/borgo-valbelluna-si-colora-di-gioia-con-giochiamo-2026-emozioniamoci\\\/#article\",\"isPartOf\":{\"@id\":\"https:\\\/\\\/www.bellunopress.it\\\/2026\\\/05\\\/17\\\/borgo-valbelluna-si-colora-di-gioia-con-giochiamo-2026-emozioniamoci\\\/\"},\"author\":{\"name\":\"redazione\",\"@id\":\"https:\\\/\\\/www.bellunopress.it\\\/#\\\/schema\\\/person\\\/79bb06722b37ece1c03d3e94beb30d73\"},\"headline\":\"Borgo Valbelluna si colora di gioia con Giochiamo 2026, Emozioniamoci\",\"datePublished\":\"2026-05-17T11:28:34+00:00\",\"mainEntityOfPage\":{\"@id\":\"https:\\\/\\\/www.bellunopress.it\\\/2026\\\/05\\\/17\\\/borgo-valbelluna-si-colora-di-gioia-con-giochiamo-2026-emozioniamoci\\\/\"},\"wordCount\":320,\"publisher\":{\"@id\":\"https:\\\/\\\/www.bellunopress.it\\\/#organization\"},\"image\":{\"@id\":\"https:\\\/\\\/www.bellunopress.it\\\/2026\\\/05\\\/17\\\/borgo-valbelluna-si-colora-di-gioia-con-giochiamo-2026-emozioniamoci\\\/#primaryimage\"},\"thumbnailUrl\":\"https:\\\/\\\/www.bellunopress.it\\\/wp-content\\\/uploads\\\/2026\\\/05\\\/biodanza-Giochiamo-2026-Borgo-Valbelluna.jpeg\",\"articleSection\":[\"Pausa Caff\u00e8\",\"Scuola\"],\"inLanguage\":\"fr-FR\"},{\"@type\":\"WebPage\",\"@id\":\"https:\\\/\\\/www.bellunopress.it\\\/2026\\\/05\\\/17\\\/borgo-valbelluna-si-colora-di-gioia-con-giochiamo-2026-emozioniamoci\\\/\",\"url\":\"https:\\\/\\\/www.bellunopress.it\\\/2026\\\/05\\\/17\\\/borgo-valbelluna-si-colora-di-gioia-con-giochiamo-2026-emozioniamoci\\\/\",\"name\":\"Borgo Valbelluna si colora di gioia con Giochiamo 2026, Emozioniamoci - Bellunopress - Dolomiti\",\"isPartOf\":{\"@id\":\"https:\\\/\\\/www.bellunopress.it\\\/#website\"},\"primaryImageOfPage\":{\"@id\":\"https:\\\/\\\/www.bellunopress.it\\\/2026\\\/05\\\/17\\\/borgo-valbelluna-si-colora-di-gioia-con-giochiamo-2026-emozioniamoci\\\/#primaryimage\"},\"image\":{\"@id\":\"https:\\\/\\\/www.bellunopress.it\\\/2026\\\/05\\\/17\\\/borgo-valbelluna-si-colora-di-gioia-con-giochiamo-2026-emozioniamoci\\\/#primaryimage\"},\"thumbnailUrl\":\"https:\\\/\\\/www.bellunopress.it\\\/wp-content\\\/uploads\\\/2026\\\/05\\\/biodanza-Giochiamo-2026-Borgo-Valbelluna.jpeg\",\"datePublished\":\"2026-05-17T11:28:34+00:00\",\"breadcrumb\":{\"@id\":\"https:\\\/\\\/www.bellunopress.it\\\/2026\\\/05\\\/17\\\/borgo-valbelluna-si-colora-di-gioia-con-giochiamo-2026-emozioniamoci\\\/#breadcrumb\"},\"inLanguage\":\"fr-FR\",\"potentialAction\":[{\"@type\":\"ReadAction\",\"target\":[\"https:\\\/\\\/www.bellunopress.it\\\/2026\\\/05\\\/17\\\/borgo-valbelluna-si-colora-di-gioia-con-giochiamo-2026-emozioniamoci\\\/\"]}]},{\"@type\":\"ImageObject\",\"inLanguage\":\"fr-FR\",\"@id\":\"https:\\\/\\\/www.bellunopress.it\\\/2026\\\/05\\\/17\\\/borgo-valbelluna-si-colora-di-gioia-con-giochiamo-2026-emozioniamoci\\\/#primaryimage\",\"url\":\"https:\\\/\\\/www.bellunopress.it\\\/wp-content\\\/uploads\\\/2026\\\/05\\\/biodanza-Giochiamo-2026-Borgo-Valbelluna.jpeg\",\"contentUrl\":\"https:\\\/\\\/www.bellunopress.it\\\/wp-content\\\/uploads\\\/2026\\\/05\\\/biodanza-Giochiamo-2026-Borgo-Valbelluna.jpeg\",\"width\":536,\"height\":377,\"caption\":\"Biodanza - Giochiamo 2026 - Borgo Valbelluna\"},{\"@type\":\"BreadcrumbList\",\"@id\":\"https:\\\/\\\/www.bellunopress.it\\\/2026\\\/05\\\/17\\\/borgo-valbelluna-si-colora-di-gioia-con-giochiamo-2026-emozioniamoci\\\/#breadcrumb\",\"itemListElement\":[{\"@type\":\"ListItem\",\"position\":1,\"name\":\"Home\",\"item\":\"https:\\\/\\\/www.bellunopress.it\\\/\"},{\"@type\":\"ListItem\",\"position\":2,\"name\":\"Borgo Valbelluna si colora di gioia con Giochiamo 2026, Emozioniamoci\"}]},{\"@type\":\"WebSite\",\"@id\":\"https:\\\/\\\/www.bellunopress.it\\\/#website\",\"url\":\"https:\\\/\\\/www.bellunopress.it\\\/\",\"name\":\"Bellunopress - Dolomiti\",\"description\":\"e-mail: redazione@bellunopress.it\",\"publisher\":{\"@id\":\"https:\\\/\\\/www.bellunopress.it\\\/#organization\"},\"potentialAction\":[{\"@type\":\"SearchAction\",\"target\":{\"@type\":\"EntryPoint\",\"urlTemplate\":\"https:\\\/\\\/www.bellunopress.it\\\/?s={search_term_string}\"},\"query-input\":{\"@type\":\"PropertyValueSpecification\",\"valueRequired\":true,\"valueName\":\"search_term_string\"}}],\"inLanguage\":\"fr-FR\"},{\"@type\":\"Organization\",\"@id\":\"https:\\\/\\\/www.bellunopress.it\\\/#organization\",\"name\":\"Bellunopress\",\"url\":\"https:\\\/\\\/www.bellunopress.it\\\/\",\"logo\":{\"@type\":\"ImageObject\",\"inLanguage\":\"fr-FR\",\"@id\":\"https:\\\/\\\/www.bellunopress.it\\\/#\\\/schema\\\/logo\\\/image\\\/\",\"url\":\"https:\\\/\\\/www.bellunopress.it\\\/wp-content\\\/uploads\\\/2011\\\/05\\\/cropped-logo-bellunopress-.jpg\",\"contentUrl\":\"https:\\\/\\\/www.bellunopress.it\\\/wp-content\\\/uploads\\\/2011\\\/05\\\/cropped-logo-bellunopress-.jpg\",\"width\":512,\"height\":512,\"caption\":\"Bellunopress\"},\"image\":{\"@id\":\"https:\\\/\\\/www.bellunopress.it\\\/#\\\/schema\\\/logo\\\/image\\\/\"},\"sameAs\":[\"https:\\\/\\\/www.facebook.com\\\/profile.php?id=100008943462799\",\"https:\\\/\\\/x.com\\\/bellunopress\",\"https:\\\/\\\/www.linkedin.com\\\/hp\\\/?dnr=JBzUWaJfMUw8vbXJJ2tVW5-I3jZKvC4wsoxE&amp;amp;amp;amp;amp;amp;trk=nav_responsive_tab_home\",\"https:\\\/\\\/www.youtube.com\\\/channel\\\/UCxL0wu1uN0_3_7hGG0306cw\"]},{\"@type\":\"Person\",\"@id\":\"https:\\\/\\\/www.bellunopress.it\\\/#\\\/schema\\\/person\\\/79bb06722b37ece1c03d3e94beb30d73\",\"name\":\"redazione\",\"image\":{\"@type\":\"ImageObject\",\"inLanguage\":\"fr-FR\",\"@id\":\"https:\\\/\\\/secure.gravatar.com\\\/avatar\\\/37d968a2e67a6fd04c169c4bdef102d0bc5d31b2546345219e348575eb80e9a0?s=96&d=mm&r=g\",\"url\":\"https:\\\/\\\/secure.gravatar.com\\\/avatar\\\/37d968a2e67a6fd04c169c4bdef102d0bc5d31b2546345219e348575eb80e9a0?s=96&d=mm&r=g\",\"contentUrl\":\"https:\\\/\\\/secure.gravatar.com\\\/avatar\\\/37d968a2e67a6fd04c169c4bdef102d0bc5d31b2546345219e348575eb80e9a0?s=96&d=mm&r=g\",\"caption\":\"redazione\"},\"sameAs\":[\"http:\\\/\\\/www.bellunopress.it\",\"https:\\\/\\\/x.com\\\/bellunopress\"],\"url\":\"https:\\\/\\\/www.bellunopress.it\\\/fr\\\/author\\\/redazione\\\/\"}]}<\/script>\n<!-- \/ Yoast SEO plugin. -->","yoast_head_json":{"title":"Borgo Valbelluna si colora di gioia con Giochiamo 2026, Emozioniamoci - Bellunopress - Dolomiti","robots":{"index":"index","follow":"follow","max-snippet":"max-snippet:-1","max-image-preview":"max-image-preview:large","max-video-preview":"max-video-preview:-1"},"canonical":"https:\/\/www.bellunopress.it\/fr\/2026\/05\/17\/borgo-valbelluna-si-colora-di-gioia-con-giochiamo-2026-emozioniamoci\/","og_locale":"fr_FR","og_type":"article","og_title":"Borgo Valbelluna si colora di gioia con Giochiamo 2026, Emozioniamoci - Bellunopress - Dolomiti","og_description":"Successo per l&#8217;iniziativa dedicata alla fascia 0-6 anni tra biodanza, laboratori creativi e tecnologie interattive nel cuore del Municipio Borgo Valbelluna\u00a0\u2013 Le sale storiche del Palazzo Municipale hanno cambiato volto ieri mattina, sabato 16 maggio, trasformandosi in un vivace laboratorio a cielo aperto per i cittadini pi\u00f9 piccoli del comune. L\u2019iniziativa &#8220;Giochiamo 2026 \u2013 Emozioniamoci&#8221;, [&hellip;]","og_url":"https:\/\/www.bellunopress.it\/fr\/2026\/05\/17\/borgo-valbelluna-si-colora-di-gioia-con-giochiamo-2026-emozioniamoci\/","og_site_name":"Bellunopress - Dolomiti","article_publisher":"https:\/\/www.facebook.com\/profile.php?id=100008943462799","article_published_time":"2026-05-17T11:28:34+00:00","og_image":[{"width":536,"height":377,"url":"https:\/\/www.bellunopress.it\/wp-content\/uploads\/2026\/05\/biodanza-Giochiamo-2026-Borgo-Valbelluna.jpeg","type":"image\/jpeg"}],"author":"redazione","twitter_card":"summary_large_image","twitter_creator":"@bellunopress","twitter_site":"@bellunopress","twitter_misc":{"\u00c9crit par":"redazione","Dur\u00e9e de lecture estim\u00e9e":"2 minutes"},"schema":{"@context":"https:\/\/schema.org","@graph":[{"@type":"Article","@id":"https:\/\/www.bellunopress.it\/2026\/05\/17\/borgo-valbelluna-si-colora-di-gioia-con-giochiamo-2026-emozioniamoci\/#article","isPartOf":{"@id":"https:\/\/www.bellunopress.it\/2026\/05\/17\/borgo-valbelluna-si-colora-di-gioia-con-giochiamo-2026-emozioniamoci\/"},"author":{"name":"redazione","@id":"https:\/\/www.bellunopress.it\/#\/schema\/person\/79bb06722b37ece1c03d3e94beb30d73"},"headline":"Borgo Valbelluna si colora di gioia con Giochiamo 2026, Emozioniamoci","datePublished":"2026-05-17T11:28:34+00:00","mainEntityOfPage":{"@id":"https:\/\/www.bellunopress.it\/2026\/05\/17\/borgo-valbelluna-si-colora-di-gioia-con-giochiamo-2026-emozioniamoci\/"},"wordCount":320,"publisher":{"@id":"https:\/\/www.bellunopress.it\/#organization"},"image":{"@id":"https:\/\/www.bellunopress.it\/2026\/05\/17\/borgo-valbelluna-si-colora-di-gioia-con-giochiamo-2026-emozioniamoci\/#primaryimage"},"thumbnailUrl":"https:\/\/www.bellunopress.it\/wp-content\/uploads\/2026\/05\/biodanza-Giochiamo-2026-Borgo-Valbelluna.jpeg","articleSection":["Pausa Caff\u00e8","Scuola"],"inLanguage":"fr-FR"},{"@type":"WebPage","@id":"https:\/\/www.bellunopress.it\/2026\/05\/17\/borgo-valbelluna-si-colora-di-gioia-con-giochiamo-2026-emozioniamoci\/","url":"https:\/\/www.bellunopress.it\/2026\/05\/17\/borgo-valbelluna-si-colora-di-gioia-con-giochiamo-2026-emozioniamoci\/","name":"Borgo Valbelluna si colora di gioia con Giochiamo 2026, Emozioniamoci - Bellunopress - Dolomiti","isPartOf":{"@id":"https:\/\/www.bellunopress.it\/#website"},"primaryImageOfPage":{"@id":"https:\/\/www.bellunopress.it\/2026\/05\/17\/borgo-valbelluna-si-colora-di-gioia-con-giochiamo-2026-emozioniamoci\/#primaryimage"},"image":{"@id":"https:\/\/www.bellunopress.it\/2026\/05\/17\/borgo-valbelluna-si-colora-di-gioia-con-giochiamo-2026-emozioniamoci\/#primaryimage"},"thumbnailUrl":"https:\/\/www.bellunopress.it\/wp-content\/uploads\/2026\/05\/biodanza-Giochiamo-2026-Borgo-Valbelluna.jpeg","datePublished":"2026-05-17T11:28:34+00:00","breadcrumb":{"@id":"https:\/\/www.bellunopress.it\/2026\/05\/17\/borgo-valbelluna-si-colora-di-gioia-con-giochiamo-2026-emozioniamoci\/#breadcrumb"},"inLanguage":"fr-FR","potentialAction":[{"@type":"ReadAction","target":["https:\/\/www.bellunopress.it\/2026\/05\/17\/borgo-valbelluna-si-colora-di-gioia-con-giochiamo-2026-emozioniamoci\/"]}]},{"@type":"ImageObject","inLanguage":"fr-FR","@id":"https:\/\/www.bellunopress.it\/2026\/05\/17\/borgo-valbelluna-si-colora-di-gioia-con-giochiamo-2026-emozioniamoci\/#primaryimage","url":"https:\/\/www.bellunopress.it\/wp-content\/uploads\/2026\/05\/biodanza-Giochiamo-2026-Borgo-Valbelluna.jpeg","contentUrl":"https:\/\/www.bellunopress.it\/wp-content\/uploads\/2026\/05\/biodanza-Giochiamo-2026-Borgo-Valbelluna.jpeg","width":536,"height":377,"caption":"Biodanza - Giochiamo 2026 - Borgo Valbelluna"},{"@type":"BreadcrumbList","@id":"https:\/\/www.bellunopress.it\/2026\/05\/17\/borgo-valbelluna-si-colora-di-gioia-con-giochiamo-2026-emozioniamoci\/#breadcrumb","itemListElement":[{"@type":"ListItem","position":1,"name":"Home","item":"https:\/\/www.bellunopress.it\/"},{"@type":"ListItem","position":2,"name":"Borgo Valbelluna si colora di gioia con Giochiamo 2026, Emozioniamoci"}]},{"@type":"WebSite","@id":"https:\/\/www.bellunopress.it\/#website","url":"https:\/\/www.bellunopress.it\/","name":"Bellunopress - Dolomiti","description":"e-mail: redazione@bellunopress.it","publisher":{"@id":"https:\/\/www.bellunopress.it\/#organization"},"potentialAction":[{"@type":"SearchAction","target":{"@type":"EntryPoint","urlTemplate":"https:\/\/www.bellunopress.it\/?s={search_term_string}"},"query-input":{"@type":"PropertyValueSpecification","valueRequired":true,"valueName":"search_term_string"}}],"inLanguage":"fr-FR"},{"@type":"Organization","@id":"https:\/\/www.bellunopress.it\/#organization","name":"Bellunopress","url":"https:\/\/www.bellunopress.it\/","logo":{"@type":"ImageObject","inLanguage":"fr-FR","@id":"https:\/\/www.bellunopress.it\/#\/schema\/logo\/image\/","url":"https:\/\/www.bellunopress.it\/wp-content\/uploads\/2011\/05\/cropped-logo-bellunopress-.jpg","contentUrl":"https:\/\/www.bellunopress.it\/wp-content\/uploads\/2011\/05\/cropped-logo-bellunopress-.jpg","width":512,"height":512,"caption":"Bellunopress"},"image":{"@id":"https:\/\/www.bellunopress.it\/#\/schema\/logo\/image\/"},"sameAs":["https:\/\/www.facebook.com\/profile.php?id=100008943462799","https:\/\/x.com\/bellunopress","https:\/\/www.linkedin.com\/hp\/?dnr=JBzUWaJfMUw8vbXJJ2tVW5-I3jZKvC4wsoxE&amp;amp;amp;amp;amp;amp;trk=nav_responsive_tab_home","https:\/\/www.youtube.com\/channel\/UCxL0wu1uN0_3_7hGG0306cw"]},{"@type":"Person","@id":"https:\/\/www.bellunopress.it\/#\/schema\/person\/79bb06722b37ece1c03d3e94beb30d73","name":"r\u00e9daction","image":{"@type":"ImageObject","inLanguage":"fr-FR","@id":"https:\/\/secure.gravatar.com\/avatar\/37d968a2e67a6fd04c169c4bdef102d0bc5d31b2546345219e348575eb80e9a0?s=96&d=mm&r=g","url":"https:\/\/secure.gravatar.com\/avatar\/37d968a2e67a6fd04c169c4bdef102d0bc5d31b2546345219e348575eb80e9a0?s=96&d=mm&r=g","contentUrl":"https:\/\/secure.gravatar.com\/avatar\/37d968a2e67a6fd04c169c4bdef102d0bc5d31b2546345219e348575eb80e9a0?s=96&d=mm&r=g","caption":"redazione"},"sameAs":["http:\/\/www.bellunopress.it","https:\/\/x.com\/bellunopress"],"url":"https:\/\/www.bellunopress.it\/fr\/author\/redazione\/"}]}},"_links":{"self":[{"href":"https:\/\/www.bellunopress.it\/fr\/wp-json\/wp\/v2\/posts\/170190","targetHints":{"allow":["GET"]}}],"collection":[{"href":"https:\/\/www.bellunopress.it\/fr\/wp-json\/wp\/v2\/posts"}],"about":[{"href":"https:\/\/www.bellunopress.it\/fr\/wp-json\/wp\/v2\/types\/post"}],"author":[{"embeddable":true,"href":"https:\/\/www.bellunopress.it\/fr\/wp-json\/wp\/v2\/users\/2"}],"replies":[{"embeddable":true,"href":"https:\/\/www.bellunopress.it\/fr\/wp-json\/wp\/v2\/comments?post=170190"}],"version-history":[{"count":1,"href":"https:\/\/www.bellunopress.it\/fr\/wp-json\/wp\/v2\/posts\/170190\/revisions"}],"predecessor-version":[{"id":170192,"href":"https:\/\/www.bellunopress.it\/fr\/wp-json\/wp\/v2\/posts\/170190\/revisions\/170192"}],"wp:featuredmedia":[{"embeddable":true,"href":"https:\/\/www.bellunopress.it\/fr\/wp-json\/wp\/v2\/media\/170191"}],"wp:attachment":[{"href":"https:\/\/www.bellunopress.it\/fr\/wp-json\/wp\/v2\/media?parent=170190"}],"wp:term":[{"taxonomy":"category","embeddable":true,"href":"https:\/\/www.bellunopress.it\/fr\/wp-json\/wp\/v2\/categories?post=170190"},{"taxonomy":"post_tag","embeddable":true,"href":"https:\/\/www.bellunopress.it\/fr\/wp-json\/wp\/v2\/tags?post=170190"}],"curies":[{"name":"wp","href":"https:\/\/api.w.org\/{rel}","templated":true}]}}